{"id":74357,"date":"2024-01-25T07:32:34","date_gmt":"2024-01-25T06:32:34","guid":{"rendered":"https:\/\/swissbaker.ch\/?p=74357"},"modified":"2024-01-25T07:50:29","modified_gmt":"2024-01-25T06:50:29","slug":"le-savoir-cest-le-pouvoir","status":"publish","type":"post","link":"https:\/\/swissbaker.ch\/fr\/panissimo-news\/le-savoir-cest-le-pouvoir\/","title":{"rendered":"Le savoir, c\u2019est le pouvoir"},"content":{"rendered":"\n<p><strong>La nouvelle ann\u00e9e est encore jeune, les r\u00e9solutions prises de bonne foi sont encore relativement concr\u00e8tes. Dans quelle mesure ces derni\u00e8res seront-elles toujours d\u2019actualit\u00e9 dans deux ou trois mois\u2009? Serons-nous revenus au \u00ab\u2009train-train\u2009\u00bb normal ou aurons-nous tout de m\u00eame mis en \u0153uvre quelque chose\u2009?<\/strong><\/p>\n\n\n\n<p>Une chose est s\u00fbre, les formulations telles que \u00ab\u2009il faudrait\u2009\u00bb, \u00ab\u2009je devrais\u2009\u00bb ou \u00ab\u2009je pourrais\u2009\u00bb ne marchent pas. Personnellement, je n\u2019utilise jamais cette forme verbale conditionnelle, car elle n\u2019est pas contraignante. Seules les formulations concr\u00e8tes comme maintenant, d\u2019ici jeudi prochain, dans une semaine, ou autres sont envisageables.<\/p>\n\n\n\n<p>Il en va de m\u00eame pour la formation professionnelle et continue\u2009: savoir c\u2019est pouvoir, ou peu importe de ne pas savoir\u2009? En tant qu\u2019employeur, il est dans notre int\u00e9r\u00eat que nos collaborateurs et collaboratrices se perfectionnent. Certes, cela implique leur absence pour un temps limit\u00e9, mais leur retour est une r\u00e9elle valeur ajout\u00e9e pour l\u2019entreprise. Pour notre part, nous proc\u00e9dons ainsi\u2009: nos collaborateurs et collaboratrices qui suivent des cours sp\u00e9cialis\u00e9s doivent r\u00e9aliser un produit dans l\u2019entreprise en l\u2019espace de cinq jours. Ce mandat am\u00e8ne les participants et participantes \u00e0 suivre le cours dans une optique totalement diff\u00e9rente, car ils doivent r\u00e9fl\u00e9chir \u00e0 ce qui convient ou pas dans notre entreprise. Et donc poser les bonnes questions.<\/p>\n\n\n\n<blockquote class=\"wp-block-quote has-text-align-center has-text-color has-link-color wp-elements-c446225dd882e0be1fb2356b436b20c9\" style=\"color:#cc9933;font-size:22px;font-style:normal;font-weight:700\">\n<p class=\"has-medium-font-size\">\u00ab\u2009Celui qui cesse d\u2019apprendre est vieux, \u00e0 vingt ans comme \u00e0 quatre-vingts.\u2009\u00bb  <\/p>\n<cite>Henry Ford<\/cite><\/blockquote>\n\n\n\n<p>Les collaborateurs et collaboratrices qui suivent des cours qui n\u2019ont rien \u00e0 voir avec le m\u00e9tier (pompiers, J+S, etc.) aimant faire usage de leurs nouvelles comp\u00e9tences, en mati\u00e8re d\u2019organisation ou de gestion de groupe notamment, profitez de leur potentiel. Car comme on le sait\u2009: \u00ab\u2009Celui qui cesse d\u2019apprendre est vieux, \u00e0 vingt ans comme \u00e0 quatre-vingts.\u2009\u00bb<\/p>\n\n\n\n<p>Je vous souhaite une ann\u00e9e 2024 riche en enseignements.<\/p>\n\n\n\n<p class=\"has-text-align-right\"><em>Peter Signer, Chef de la formation de la BCS<\/em><\/p>\n","protected":false},"excerpt":{"rendered":"<p>La nouvelle ann\u00e9e est encore jeune, les r\u00e9solutions prises de bonne foi sont encore relativement concr\u00e8tes. Dans quelle mesure ces derni\u00e8res seront-elles toujours d\u2019actualit\u00e9 dans deux ou trois mois\u2009? Serons-nous revenus au \u00ab\u2009train-train\u2009\u00bb normal ou aurons-nous tout de m\u00eame mis en \u0153uvre quelque chose\u2009?<\/p>\n","protected":false},"author":5,"featured_media":63627,"comment_status":"closed","ping_status":"closed","sticky":true,"template":"","format":"standard","meta":{"_acf_changed":false,"footnotes":""},"categories":[41,47],"tags":[],"class_list":["post-74357","post","type-post","status-publish","format-standard","has-post-thumbnail","hentry","category-association","category-formation-releve"],"acf":[],"yoast_head":"<!-- This site is optimized with the Yoast SEO Premium plugin v26.8 (Yoast SEO v26.8) - https:\/\/yoast.com\/product\/yoast-seo-premium-wordpress\/ -->\n<title>Le savoir, c\u2019est le pouvoir | SBC<\/title>\n<meta name=\"description\" content=\"Serons-nous revenus au \u00ab\u2009train-train\u2009\u00bb normal ou aurons-nous tout de m\u00eame mis en \u0153uvre quelque chose\u2009?\" \/>\n<meta name=\"robots\" content=\"index, follow, max-snippet:-1, max-image-preview:large, max-video-preview:-1\" \/>\n<link rel=\"canonical\" href=\"https:\/\/swissbaker.ch\/fr\/panissimo-news\/le-savoir-cest-le-pouvoir\/\" \/>\n<meta property=\"og:locale\" content=\"fr_FR\" \/>\n<meta property=\"og:type\" content=\"article\" \/>\n<meta property=\"og:title\" content=\"Le savoir, c\u2019est le pouvoir\" \/>\n<meta property=\"og:description\" content=\"Serons-nous revenus au \u00ab\u2009train-train\u2009\u00bb normal ou aurons-nous tout de m\u00eame mis en \u0153uvre quelque chose\u2009?\" \/>\n<meta property=\"og:url\" content=\"https:\/\/swissbaker.ch\/fr\/panissimo-news\/le-savoir-cest-le-pouvoir\/\" \/>\n<meta property=\"og:site_name\" content=\"SBC\" \/>\n<meta property=\"article:publisher\" content=\"https:\/\/www.facebook.com\/swissbaker.ch\" \/>\n<meta property=\"article:published_time\" content=\"2024-01-25T06:32:34+00:00\" \/>\n<meta property=\"article:modified_time\" content=\"2024-01-25T06:50:29+00:00\" \/>\n<meta property=\"og:image\" content=\"https:\/\/swissbaker.ch\/wp-content\/uploads\/2023\/06\/peter-signer-zv-2023.jpg\" \/>\n\t<meta property=\"og:image:width\" content=\"1200\" \/>\n\t<meta property=\"og:image:height\" content=\"712\" \/>\n\t<meta property=\"og:image:type\" content=\"image\/jpeg\" \/>\n<meta name=\"author\" content=\"Simon Nussbaum\" \/>\n<meta name=\"twitter:card\" content=\"summary_large_image\" \/>\n<meta name=\"twitter:creator\" content=\"@ch_swissbaker\" \/>\n<meta name=\"twitter:site\" content=\"@ch_swissbaker\" \/>\n<meta name=\"twitter:label1\" content=\"Written by\" \/>\n\t<meta name=\"twitter:data1\" content=\"Simon Nussbaum\" \/>\n\t<meta name=\"twitter:label2\" content=\"Est. reading time\" \/>\n\t<meta name=\"twitter:data2\" content=\"2 minutes\" \/>\n<script type=\"application\/ld+json\" class=\"yoast-schema-graph\">{\"@context\":\"https:\/\/schema.org\",\"@graph\":[{\"@type\":\"Article\",\"@id\":\"https:\/\/swissbaker.ch\/fr\/panissimo-news\/le-savoir-cest-le-pouvoir\/#article\",\"isPartOf\":{\"@id\":\"https:\/\/swissbaker.ch\/fr\/panissimo-news\/le-savoir-cest-le-pouvoir\/\"},\"author\":{\"name\":\"Simon Nussbaum\",\"@id\":\"https:\/\/swissbaker.ch\/fr\/#\/schema\/person\/74bd327b08c18ca6042c02ff6f0ed5e2\"},\"headline\":\"Le savoir, c\u2019est le pouvoir\",\"datePublished\":\"2024-01-25T06:32:34+00:00\",\"dateModified\":\"2024-01-25T06:50:29+00:00\",\"mainEntityOfPage\":{\"@id\":\"https:\/\/swissbaker.ch\/fr\/panissimo-news\/le-savoir-cest-le-pouvoir\/\"},\"wordCount\":331,\"publisher\":{\"@id\":\"https:\/\/swissbaker.ch\/fr\/#organization\"},\"image\":{\"@id\":\"https:\/\/swissbaker.ch\/fr\/panissimo-news\/le-savoir-cest-le-pouvoir\/#primaryimage\"},\"thumbnailUrl\":\"https:\/\/swissbaker.ch\/wp-content\/uploads\/2023\/06\/peter-signer-zv-2023.jpg\",\"articleSection\":[\"Association\",\"Formation\/Rel\u00e8ve\"],\"inLanguage\":\"fr-FR\"},{\"@type\":\"WebPage\",\"@id\":\"https:\/\/swissbaker.ch\/fr\/panissimo-news\/le-savoir-cest-le-pouvoir\/\",\"url\":\"https:\/\/swissbaker.ch\/fr\/panissimo-news\/le-savoir-cest-le-pouvoir\/\",\"name\":\"Le savoir, c\u2019est le pouvoir | SBC\",\"isPartOf\":{\"@id\":\"https:\/\/swissbaker.ch\/fr\/#website\"},\"primaryImageOfPage\":{\"@id\":\"https:\/\/swissbaker.ch\/fr\/panissimo-news\/le-savoir-cest-le-pouvoir\/#primaryimage\"},\"image\":{\"@id\":\"https:\/\/swissbaker.ch\/fr\/panissimo-news\/le-savoir-cest-le-pouvoir\/#primaryimage\"},\"thumbnailUrl\":\"https:\/\/swissbaker.ch\/wp-content\/uploads\/2023\/06\/peter-signer-zv-2023.jpg\",\"datePublished\":\"2024-01-25T06:32:34+00:00\",\"dateModified\":\"2024-01-25T06:50:29+00:00\",\"description\":\"Serons-nous revenus au \u00ab\u2009train-train\u2009\u00bb normal ou aurons-nous tout de m\u00eame mis en \u0153uvre quelque chose\u2009?\",\"breadcrumb\":{\"@id\":\"https:\/\/swissbaker.ch\/fr\/panissimo-news\/le-savoir-cest-le-pouvoir\/#breadcrumb\"},\"inLanguage\":\"fr-FR\",\"potentialAction\":[{\"@type\":\"ReadAction\",\"target\":[\"https:\/\/swissbaker.ch\/fr\/panissimo-news\/le-savoir-cest-le-pouvoir\/\"]}]},{\"@type\":\"ImageObject\",\"inLanguage\":\"fr-FR\",\"@id\":\"https:\/\/swissbaker.ch\/fr\/panissimo-news\/le-savoir-cest-le-pouvoir\/#primaryimage\",\"url\":\"https:\/\/swissbaker.ch\/wp-content\/uploads\/2023\/06\/peter-signer-zv-2023.jpg\",\"contentUrl\":\"https:\/\/swissbaker.ch\/wp-content\/uploads\/2023\/06\/peter-signer-zv-2023.jpg\",\"width\":1200,\"height\":712},{\"@type\":\"BreadcrumbList\",\"@id\":\"https:\/\/swissbaker.ch\/fr\/panissimo-news\/le-savoir-cest-le-pouvoir\/#breadcrumb\",\"itemListElement\":[{\"@type\":\"ListItem\",\"position\":1,\"name\":\"\",\"item\":\"https:\/\/swissbaker.ch\/fr\/\"},{\"@type\":\"ListItem\",\"position\":2,\"name\":\"Association\",\"item\":\"https:\/\/swissbaker.ch\/fr\/panissimo-news\/category\/association\/\"},{\"@type\":\"ListItem\",\"position\":3,\"name\":\"Le savoir, c\u2019est le pouvoir\"}]},{\"@type\":\"WebSite\",\"@id\":\"https:\/\/swissbaker.ch\/fr\/#website\",\"url\":\"https:\/\/swissbaker.ch\/fr\/\",\"name\":\"SBC\",\"description\":\"\",\"publisher\":{\"@id\":\"https:\/\/swissbaker.ch\/fr\/#organization\"},\"potentialAction\":[{\"@type\":\"SearchAction\",\"target\":{\"@type\":\"EntryPoint\",\"urlTemplate\":\"https:\/\/swissbaker.ch\/fr\/?s={search_term_string}\"},\"query-input\":{\"@type\":\"PropertyValueSpecification\",\"valueRequired\":true,\"valueName\":\"search_term_string\"}}],\"inLanguage\":\"fr-FR\"},{\"@type\":\"Organization\",\"@id\":\"https:\/\/swissbaker.ch\/fr\/#organization\",\"name\":\"Schweizerischer B\u00e4cker-Confiseurmeister-Verband\",\"url\":\"https:\/\/swissbaker.ch\/fr\/\",\"logo\":{\"@type\":\"ImageObject\",\"inLanguage\":\"fr-FR\",\"@id\":\"https:\/\/swissbaker.ch\/fr\/#\/schema\/logo\/image\/\",\"url\":\"https:\/\/swissbaker.ch\/wp-content\/uploads\/2022\/04\/sbc-logo-yoast.jpg\",\"contentUrl\":\"https:\/\/swissbaker.ch\/wp-content\/uploads\/2022\/04\/sbc-logo-yoast.jpg\",\"width\":512,\"height\":512,\"caption\":\"Schweizerischer B\u00e4cker-Confiseurmeister-Verband\"},\"image\":{\"@id\":\"https:\/\/swissbaker.ch\/fr\/#\/schema\/logo\/image\/\"},\"sameAs\":[\"https:\/\/www.facebook.com\/swissbaker.ch\",\"https:\/\/x.com\/ch_swissbaker\"]},{\"@type\":\"Person\",\"@id\":\"https:\/\/swissbaker.ch\/fr\/#\/schema\/person\/74bd327b08c18ca6042c02ff6f0ed5e2\",\"name\":\"Simon Nussbaum\",\"image\":{\"@type\":\"ImageObject\",\"inLanguage\":\"fr-FR\",\"@id\":\"https:\/\/swissbaker.ch\/fr\/#\/schema\/person\/image\/\",\"url\":\"https:\/\/secure.gravatar.com\/avatar\/df0eced3bb556c806cb760cf503ade1ed1df25b4104d80d6fd28d93a9509aa12?s=96&d=mm&r=g\",\"contentUrl\":\"https:\/\/secure.gravatar.com\/avatar\/df0eced3bb556c806cb760cf503ade1ed1df25b4104d80d6fd28d93a9509aa12?s=96&d=mm&r=g\",\"caption\":\"Simon Nussbaum\"},\"url\":\"https:\/\/swissbaker.ch\/fr\/panissimo-news\/author\/simon-nussbaum\/\"}]}<\/script>\n<!-- \/ Yoast SEO Premium plugin. -->","yoast_head_json":{"title":"Le savoir, c\u2019est le pouvoir | SBC","description":"Serons-nous revenus au \u00ab\u2009train-train\u2009\u00bb normal ou aurons-nous tout de m\u00eame mis en \u0153uvre quelque chose\u2009?","robots":{"index":"index","follow":"follow","max-snippet":"max-snippet:-1","max-image-preview":"max-image-preview:large","max-video-preview":"max-video-preview:-1"},"canonical":"https:\/\/swissbaker.ch\/fr\/panissimo-news\/le-savoir-cest-le-pouvoir\/","og_locale":"fr_FR","og_type":"article","og_title":"Le savoir, c\u2019est le pouvoir","og_description":"Serons-nous revenus au \u00ab\u2009train-train\u2009\u00bb normal ou aurons-nous tout de m\u00eame mis en \u0153uvre quelque chose\u2009?","og_url":"https:\/\/swissbaker.ch\/fr\/panissimo-news\/le-savoir-cest-le-pouvoir\/","og_site_name":"SBC","article_publisher":"https:\/\/www.facebook.com\/swissbaker.ch","article_published_time":"2024-01-25T06:32:34+00:00","article_modified_time":"2024-01-25T06:50:29+00:00","og_image":[{"width":1200,"height":712,"url":"https:\/\/swissbaker.ch\/wp-content\/uploads\/2023\/06\/peter-signer-zv-2023.jpg","type":"image\/jpeg"}],"author":"Simon Nussbaum","twitter_card":"summary_large_image","twitter_creator":"@ch_swissbaker","twitter_site":"@ch_swissbaker","twitter_misc":{"Written by":"Simon Nussbaum","Est. reading time":"2 minutes"},"schema":{"@context":"https:\/\/schema.org","@graph":[{"@type":"Article","@id":"https:\/\/swissbaker.ch\/fr\/panissimo-news\/le-savoir-cest-le-pouvoir\/#article","isPartOf":{"@id":"https:\/\/swissbaker.ch\/fr\/panissimo-news\/le-savoir-cest-le-pouvoir\/"},"author":{"name":"Simon Nussbaum","@id":"https:\/\/swissbaker.ch\/fr\/#\/schema\/person\/74bd327b08c18ca6042c02ff6f0ed5e2"},"headline":"Le savoir, c\u2019est le pouvoir","datePublished":"2024-01-25T06:32:34+00:00","dateModified":"2024-01-25T06:50:29+00:00","mainEntityOfPage":{"@id":"https:\/\/swissbaker.ch\/fr\/panissimo-news\/le-savoir-cest-le-pouvoir\/"},"wordCount":331,"publisher":{"@id":"https:\/\/swissbaker.ch\/fr\/#organization"},"image":{"@id":"https:\/\/swissbaker.ch\/fr\/panissimo-news\/le-savoir-cest-le-pouvoir\/#primaryimage"},"thumbnailUrl":"https:\/\/swissbaker.ch\/wp-content\/uploads\/2023\/06\/peter-signer-zv-2023.jpg","articleSection":["Association","Formation\/Rel\u00e8ve"],"inLanguage":"fr-FR"},{"@type":"WebPage","@id":"https:\/\/swissbaker.ch\/fr\/panissimo-news\/le-savoir-cest-le-pouvoir\/","url":"https:\/\/swissbaker.ch\/fr\/panissimo-news\/le-savoir-cest-le-pouvoir\/","name":"Le savoir, c\u2019est le pouvoir | SBC","isPartOf":{"@id":"https:\/\/swissbaker.ch\/fr\/#website"},"primaryImageOfPage":{"@id":"https:\/\/swissbaker.ch\/fr\/panissimo-news\/le-savoir-cest-le-pouvoir\/#primaryimage"},"image":{"@id":"https:\/\/swissbaker.ch\/fr\/panissimo-news\/le-savoir-cest-le-pouvoir\/#primaryimage"},"thumbnailUrl":"https:\/\/swissbaker.ch\/wp-content\/uploads\/2023\/06\/peter-signer-zv-2023.jpg","datePublished":"2024-01-25T06:32:34+00:00","dateModified":"2024-01-25T06:50:29+00:00","description":"Serons-nous revenus au \u00ab\u2009train-train\u2009\u00bb normal ou aurons-nous tout de m\u00eame mis en \u0153uvre quelque chose\u2009?","breadcrumb":{"@id":"https:\/\/swissbaker.ch\/fr\/panissimo-news\/le-savoir-cest-le-pouvoir\/#breadcrumb"},"inLanguage":"fr-FR","potentialAction":[{"@type":"ReadAction","target":["https:\/\/swissbaker.ch\/fr\/panissimo-news\/le-savoir-cest-le-pouvoir\/"]}]},{"@type":"ImageObject","inLanguage":"fr-FR","@id":"https:\/\/swissbaker.ch\/fr\/panissimo-news\/le-savoir-cest-le-pouvoir\/#primaryimage","url":"https:\/\/swissbaker.ch\/wp-content\/uploads\/2023\/06\/peter-signer-zv-2023.jpg","contentUrl":"https:\/\/swissbaker.ch\/wp-content\/uploads\/2023\/06\/peter-signer-zv-2023.jpg","width":1200,"height":712},{"@type":"BreadcrumbList","@id":"https:\/\/swissbaker.ch\/fr\/panissimo-news\/le-savoir-cest-le-pouvoir\/#breadcrumb","itemListElement":[{"@type":"ListItem","position":1,"name":"","item":"https:\/\/swissbaker.ch\/fr\/"},{"@type":"ListItem","position":2,"name":"Association","item":"https:\/\/swissbaker.ch\/fr\/panissimo-news\/category\/association\/"},{"@type":"ListItem","position":3,"name":"Le savoir, c\u2019est le pouvoir"}]},{"@type":"WebSite","@id":"https:\/\/swissbaker.ch\/fr\/#website","url":"https:\/\/swissbaker.ch\/fr\/","name":"SBC","description":"","publisher":{"@id":"https:\/\/swissbaker.ch\/fr\/#organization"},"potentialAction":[{"@type":"SearchAction","target":{"@type":"EntryPoint","urlTemplate":"https:\/\/swissbaker.ch\/fr\/?s={search_term_string}"},"query-input":{"@type":"PropertyValueSpecification","valueRequired":true,"valueName":"search_term_string"}}],"inLanguage":"fr-FR"},{"@type":"Organization","@id":"https:\/\/swissbaker.ch\/fr\/#organization","name":"Schweizerischer B\u00e4cker-Confiseurmeister-Verband","url":"https:\/\/swissbaker.ch\/fr\/","logo":{"@type":"ImageObject","inLanguage":"fr-FR","@id":"https:\/\/swissbaker.ch\/fr\/#\/schema\/logo\/image\/","url":"https:\/\/swissbaker.ch\/wp-content\/uploads\/2022\/04\/sbc-logo-yoast.jpg","contentUrl":"https:\/\/swissbaker.ch\/wp-content\/uploads\/2022\/04\/sbc-logo-yoast.jpg","width":512,"height":512,"caption":"Schweizerischer B\u00e4cker-Confiseurmeister-Verband"},"image":{"@id":"https:\/\/swissbaker.ch\/fr\/#\/schema\/logo\/image\/"},"sameAs":["https:\/\/www.facebook.com\/swissbaker.ch","https:\/\/x.com\/ch_swissbaker"]},{"@type":"Person","@id":"https:\/\/swissbaker.ch\/fr\/#\/schema\/person\/74bd327b08c18ca6042c02ff6f0ed5e2","name":"Simon Nussbaum","image":{"@type":"ImageObject","inLanguage":"fr-FR","@id":"https:\/\/swissbaker.ch\/fr\/#\/schema\/person\/image\/","url":"https:\/\/secure.gravatar.com\/avatar\/df0eced3bb556c806cb760cf503ade1ed1df25b4104d80d6fd28d93a9509aa12?s=96&d=mm&r=g","contentUrl":"https:\/\/secure.gravatar.com\/avatar\/df0eced3bb556c806cb760cf503ade1ed1df25b4104d80d6fd28d93a9509aa12?s=96&d=mm&r=g","caption":"Simon Nussbaum"},"url":"https:\/\/swissbaker.ch\/fr\/panissimo-news\/author\/simon-nussbaum\/"}]}},"_links":{"self":[{"href":"https:\/\/swissbaker.ch\/fr\/wp-json\/wp\/v2\/posts\/74357","targetHints":{"allow":["GET"]}}],"collection":[{"href":"https:\/\/swissbaker.ch\/fr\/wp-json\/wp\/v2\/posts"}],"about":[{"href":"https:\/\/swissbaker.ch\/fr\/wp-json\/wp\/v2\/types\/post"}],"author":[{"embeddable":true,"href":"https:\/\/swissbaker.ch\/fr\/wp-json\/wp\/v2\/users\/5"}],"replies":[{"embeddable":true,"href":"https:\/\/swissbaker.ch\/fr\/wp-json\/wp\/v2\/comments?post=74357"}],"version-history":[{"count":0,"href":"https:\/\/swissbaker.ch\/fr\/wp-json\/wp\/v2\/posts\/74357\/revisions"}],"wp:featuredmedia":[{"embeddable":true,"href":"https:\/\/swissbaker.ch\/fr\/wp-json\/wp\/v2\/media\/63627"}],"wp:attachment":[{"href":"https:\/\/swissbaker.ch\/fr\/wp-json\/wp\/v2\/media?parent=74357"}],"wp:term":[{"taxonomy":"category","embeddable":true,"href":"https:\/\/swissbaker.ch\/fr\/wp-json\/wp\/v2\/categories?post=74357"},{"taxonomy":"post_tag","embeddable":true,"href":"https:\/\/swissbaker.ch\/fr\/wp-json\/wp\/v2\/tags?post=74357"}],"curies":[{"name":"wp","href":"https:\/\/api.w.org\/{rel}","templated":true}]}}