{"id":7435,"date":"2022-02-03T11:28:00","date_gmt":"2022-02-03T10:28:00","guid":{"rendered":"https:\/\/swissbaker.ch\/?p=7435"},"modified":"2022-04-29T13:09:29","modified_gmt":"2022-04-29T11:09:29","slug":"indemnite-en-cas-de-reduction-de-lhoraire-de-travail","status":"publish","type":"post","link":"https:\/\/swissbaker.ch\/fr\/panissimo-news\/indemnite-en-cas-de-reduction-de-lhoraire-de-travail\/","title":{"rendered":"Indemnit\u00e9 en cas de r\u00e9duction de l&#8217;horaire de travail"},"content":{"rendered":"\n<p><strong>Dans son arr\u00eat du 17 novembre 2021, le Tribunal f\u00e9d\u00e9ral a \u00e9tabli que lors du calcul de l&#8217;indemnit\u00e9 en cas de r\u00e9duction de l&#8217;horaire de travail pour les collaborateurs percevant un salaire mensuel, il fallait \u00e9galement prendre en compte une part de vacances et de jours f\u00e9ri\u00e9s. D\u00e8s janvier 2022, il sera tenu compte de cet \u00e9tat de fait avec de nouveaux formulaires de d\u00e9compte.<\/strong><\/p>\n\n\n\n<p>Dans son arr\u00eat du 17 novembre 2021, le Tribunal f\u00e9d\u00e9ral a \u00e9tabli que lors du calcul de l&#8217;indemnit\u00e9 en cas de r\u00e9duction de l&#8217;horaire de travail pour les collaborateurs percevant un salaire mensuel, il fallait \u00e9galement prendre en compte une part de vacances et de jours f\u00e9ri\u00e9s. D\u00e8s janvier 2022, il sera tenu compte de cet \u00e9tat de fait avec de nouveaux formulaires de d\u00e9compte.<\/p>\n\n\n\n<p><strong>Pour le d\u00e9compte des mois \u00e0 partir de janvier 2022, il convient donc d&#8217;utiliser les <a href=\"https:\/\/www.arbeit.swiss\/secoalv\/fr\/home\/service\/formulare\/fuer-arbeitgeber\/kae-covid-19.html.html\">nouveaux formulaires<\/a>.<\/strong><\/p>\n\n\n\n<p>La question de savoir comment seront trait\u00e9es les r\u00e9ductions injustifi\u00e9es du pass\u00e9 dans les p\u00e9riodes de d\u00e9compte des ann\u00e9es 2020 et 2021 reste ouverte. Comme un paiement d&#8217;office non sollicit\u00e9 reste incertain, l\u2019Association suisse des patrons boulangers-confiseurs (BCS) recommande aux \u00e9tablissements de d\u00e9poser une demande de r\u00e9vision\/reconsid\u00e9ration \u00e0 titre pr\u00e9ventif. Le BCS met des mod\u00e8les \u00e0 la disposition de ses membres sur l&#8217;Intranet. Pour toute autre question, les membres peuvent s&#8217;adresser au service juridique de l\u2019association.<\/p>\n\n\n\n<p>BCS<\/p>\n","protected":false},"excerpt":{"rendered":"<p>Dans son arr\u00eat du 17 novembre 2021, le Tribunal f\u00e9d\u00e9ral a \u00e9tabli que lors du calcul de l&#8217;indemnit\u00e9 en cas de r\u00e9duction de l&#8217;horaire de travail pour les collaborateurs percevant un salaire mensuel, il fallait \u00e9galement prendre en compte une part de vacances et de jours f\u00e9ri\u00e9s. D\u00e8s janvier 2022, il sera tenu compte de cet \u00e9tat de fait avec [&hellip;]<\/p>\n","protected":false},"author":1,"featured_media":5079,"comment_status":"open","ping_status":"closed","sticky":false,"template":"","format":"standard","meta":{"_acf_changed":false,"footnotes":""},"categories":[44],"tags":[],"class_list":["post-7435","post","type-post","status-publish","format-standard","has-post-thumbnail","hentry","category-droit-politique"],"acf":[],"yoast_head":"<!-- This site is optimized with the Yoast SEO Premium plugin v26.8 (Yoast SEO v26.8) - https:\/\/yoast.com\/product\/yoast-seo-premium-wordpress\/ -->\n<title>Indemnit\u00e9 en cas de r\u00e9duction de l&#039;horaire de travail | SBC<\/title>\n<meta name=\"robots\" content=\"index, follow, max-snippet:-1, max-image-preview:large, max-video-preview:-1\" \/>\n<link rel=\"canonical\" href=\"https:\/\/swissbaker.ch\/fr\/panissimo-news\/indemnite-en-cas-de-reduction-de-lhoraire-de-travail\/\" \/>\n<meta property=\"og:locale\" content=\"fr_FR\" \/>\n<meta property=\"og:type\" content=\"article\" \/>\n<meta property=\"og:title\" content=\"Indemnit\u00e9 en cas de r\u00e9duction de l&#039;horaire de travail\" \/>\n<meta property=\"og:description\" content=\"Dans son arr\u00eat du 17 novembre 2021, le Tribunal f\u00e9d\u00e9ral a \u00e9tabli que lors du calcul de l&#8217;indemnit\u00e9 en cas de r\u00e9duction de l&#8217;horaire de travail pour les collaborateurs percevant un salaire mensuel, il fallait \u00e9galement prendre en compte une part de vacances et de jours f\u00e9ri\u00e9s. D\u00e8s janvier 2022, il sera tenu compte de cet \u00e9tat de fait avec [&hellip;]\" \/>\n<meta property=\"og:url\" content=\"https:\/\/swissbaker.ch\/fr\/panissimo-news\/indemnite-en-cas-de-reduction-de-lhoraire-de-travail\/\" \/>\n<meta property=\"og:site_name\" content=\"SBC\" \/>\n<meta property=\"article:publisher\" content=\"https:\/\/www.facebook.com\/swissbaker.ch\" \/>\n<meta property=\"article:published_time\" content=\"2022-02-03T10:28:00+00:00\" \/>\n<meta property=\"article:modified_time\" content=\"2022-04-29T11:09:29+00:00\" \/>\n<meta property=\"og:image\" content=\"https:\/\/swissbaker.ch\/wp-content\/uploads\/2022\/03\/6_2_kurzarbeit.jpeg\" \/>\n\t<meta property=\"og:image:width\" content=\"800\" \/>\n\t<meta property=\"og:image:height\" content=\"474\" \/>\n\t<meta property=\"og:image:type\" content=\"image\/jpeg\" \/>\n<meta name=\"author\" content=\"azureart\" \/>\n<meta name=\"twitter:card\" content=\"summary_large_image\" \/>\n<meta name=\"twitter:creator\" content=\"@ch_swissbaker\" \/>\n<meta name=\"twitter:site\" content=\"@ch_swissbaker\" \/>\n<meta name=\"twitter:label1\" content=\"Written by\" \/>\n\t<meta name=\"twitter:data1\" content=\"azureart\" \/>\n\t<meta name=\"twitter:label2\" content=\"Est. reading time\" \/>\n\t<meta name=\"twitter:data2\" content=\"2 minutes\" \/>\n<script type=\"application\/ld+json\" class=\"yoast-schema-graph\">{\"@context\":\"https:\/\/schema.org\",\"@graph\":[{\"@type\":\"Article\",\"@id\":\"https:\/\/swissbaker.ch\/fr\/panissimo-news\/indemnite-en-cas-de-reduction-de-lhoraire-de-travail\/#article\",\"isPartOf\":{\"@id\":\"https:\/\/swissbaker.ch\/fr\/panissimo-news\/indemnite-en-cas-de-reduction-de-lhoraire-de-travail\/\"},\"author\":{\"name\":\"azureart\",\"@id\":\"https:\/\/swissbaker.ch\/fr\/#\/schema\/person\/058ac47619f7da53df62aba60f939b78\"},\"headline\":\"Indemnit\u00e9 en cas de r\u00e9duction de l&#8217;horaire de travail\",\"datePublished\":\"2022-02-03T10:28:00+00:00\",\"dateModified\":\"2022-04-29T11:09:29+00:00\",\"mainEntityOfPage\":{\"@id\":\"https:\/\/swissbaker.ch\/fr\/panissimo-news\/indemnite-en-cas-de-reduction-de-lhoraire-de-travail\/\"},\"wordCount\":262,\"commentCount\":0,\"publisher\":{\"@id\":\"https:\/\/swissbaker.ch\/fr\/#organization\"},\"image\":{\"@id\":\"https:\/\/swissbaker.ch\/fr\/panissimo-news\/indemnite-en-cas-de-reduction-de-lhoraire-de-travail\/#primaryimage\"},\"thumbnailUrl\":\"https:\/\/swissbaker.ch\/wp-content\/uploads\/2022\/03\/6_2_kurzarbeit.jpeg\",\"articleSection\":[\"Droit &amp; politique\"],\"inLanguage\":\"fr-FR\",\"potentialAction\":[{\"@type\":\"CommentAction\",\"name\":\"Comment\",\"target\":[\"https:\/\/swissbaker.ch\/fr\/panissimo-news\/indemnite-en-cas-de-reduction-de-lhoraire-de-travail\/#respond\"]}]},{\"@type\":\"WebPage\",\"@id\":\"https:\/\/swissbaker.ch\/fr\/panissimo-news\/indemnite-en-cas-de-reduction-de-lhoraire-de-travail\/\",\"url\":\"https:\/\/swissbaker.ch\/fr\/panissimo-news\/indemnite-en-cas-de-reduction-de-lhoraire-de-travail\/\",\"name\":\"Indemnit\u00e9 en cas de r\u00e9duction de l'horaire de travail | SBC\",\"isPartOf\":{\"@id\":\"https:\/\/swissbaker.ch\/fr\/#website\"},\"primaryImageOfPage\":{\"@id\":\"https:\/\/swissbaker.ch\/fr\/panissimo-news\/indemnite-en-cas-de-reduction-de-lhoraire-de-travail\/#primaryimage\"},\"image\":{\"@id\":\"https:\/\/swissbaker.ch\/fr\/panissimo-news\/indemnite-en-cas-de-reduction-de-lhoraire-de-travail\/#primaryimage\"},\"thumbnailUrl\":\"https:\/\/swissbaker.ch\/wp-content\/uploads\/2022\/03\/6_2_kurzarbeit.jpeg\",\"datePublished\":\"2022-02-03T10:28:00+00:00\",\"dateModified\":\"2022-04-29T11:09:29+00:00\",\"breadcrumb\":{\"@id\":\"https:\/\/swissbaker.ch\/fr\/panissimo-news\/indemnite-en-cas-de-reduction-de-lhoraire-de-travail\/#breadcrumb\"},\"inLanguage\":\"fr-FR\",\"potentialAction\":[{\"@type\":\"ReadAction\",\"target\":[\"https:\/\/swissbaker.ch\/fr\/panissimo-news\/indemnite-en-cas-de-reduction-de-lhoraire-de-travail\/\"]}]},{\"@type\":\"ImageObject\",\"inLanguage\":\"fr-FR\",\"@id\":\"https:\/\/swissbaker.ch\/fr\/panissimo-news\/indemnite-en-cas-de-reduction-de-lhoraire-de-travail\/#primaryimage\",\"url\":\"https:\/\/swissbaker.ch\/wp-content\/uploads\/2022\/03\/6_2_kurzarbeit.jpeg\",\"contentUrl\":\"https:\/\/swissbaker.ch\/wp-content\/uploads\/2022\/03\/6_2_kurzarbeit.jpeg\",\"width\":800,\"height\":474,\"caption\":\"Indemnit\u00e9 en cas de r\u00e9duction de l'horaire de travail\"},{\"@type\":\"BreadcrumbList\",\"@id\":\"https:\/\/swissbaker.ch\/fr\/panissimo-news\/indemnite-en-cas-de-reduction-de-lhoraire-de-travail\/#breadcrumb\",\"itemListElement\":[{\"@type\":\"ListItem\",\"position\":1,\"name\":\"\",\"item\":\"https:\/\/swissbaker.ch\/fr\/\"},{\"@type\":\"ListItem\",\"position\":2,\"name\":\"Droit &amp; politique\",\"item\":\"https:\/\/swissbaker.ch\/fr\/panissimo-news\/category\/droit-politique\/\"},{\"@type\":\"ListItem\",\"position\":3,\"name\":\"Indemnit\u00e9 en cas de r\u00e9duction de l&rsquo;horaire de travail\"}]},{\"@type\":\"WebSite\",\"@id\":\"https:\/\/swissbaker.ch\/fr\/#website\",\"url\":\"https:\/\/swissbaker.ch\/fr\/\",\"name\":\"SBC\",\"description\":\"\",\"publisher\":{\"@id\":\"https:\/\/swissbaker.ch\/fr\/#organization\"},\"potentialAction\":[{\"@type\":\"SearchAction\",\"target\":{\"@type\":\"EntryPoint\",\"urlTemplate\":\"https:\/\/swissbaker.ch\/fr\/?s={search_term_string}\"},\"query-input\":{\"@type\":\"PropertyValueSpecification\",\"valueRequired\":true,\"valueName\":\"search_term_string\"}}],\"inLanguage\":\"fr-FR\"},{\"@type\":\"Organization\",\"@id\":\"https:\/\/swissbaker.ch\/fr\/#organization\",\"name\":\"Schweizerischer B\u00e4cker-Confiseurmeister-Verband\",\"url\":\"https:\/\/swissbaker.ch\/fr\/\",\"logo\":{\"@type\":\"ImageObject\",\"inLanguage\":\"fr-FR\",\"@id\":\"https:\/\/swissbaker.ch\/fr\/#\/schema\/logo\/image\/\",\"url\":\"https:\/\/swissbaker.ch\/wp-content\/uploads\/2022\/04\/sbc-logo-yoast.jpg\",\"contentUrl\":\"https:\/\/swissbaker.ch\/wp-content\/uploads\/2022\/04\/sbc-logo-yoast.jpg\",\"width\":512,\"height\":512,\"caption\":\"Schweizerischer B\u00e4cker-Confiseurmeister-Verband\"},\"image\":{\"@id\":\"https:\/\/swissbaker.ch\/fr\/#\/schema\/logo\/image\/\"},\"sameAs\":[\"https:\/\/www.facebook.com\/swissbaker.ch\",\"https:\/\/x.com\/ch_swissbaker\"]},{\"@type\":\"Person\",\"@id\":\"https:\/\/swissbaker.ch\/fr\/#\/schema\/person\/058ac47619f7da53df62aba60f939b78\",\"name\":\"azureart\",\"image\":{\"@type\":\"ImageObject\",\"inLanguage\":\"fr-FR\",\"@id\":\"https:\/\/swissbaker.ch\/fr\/#\/schema\/person\/image\/\",\"url\":\"https:\/\/secure.gravatar.com\/avatar\/be04dd3098fd612c83067af4f7a295384c93cb6a9112f51beb9d2f477d25da61?s=96&d=mm&r=g\",\"contentUrl\":\"https:\/\/secure.gravatar.com\/avatar\/be04dd3098fd612c83067af4f7a295384c93cb6a9112f51beb9d2f477d25da61?s=96&d=mm&r=g\",\"caption\":\"azureart\"},\"sameAs\":[\"https:\/\/swissbaker.ch\"],\"url\":\"https:\/\/swissbaker.ch\/fr\/panissimo-news\/author\/pixel-ahoi\/\"}]}<\/script>\n<!-- \/ Yoast SEO Premium plugin. -->","yoast_head_json":{"title":"Indemnit\u00e9 en cas de r\u00e9duction de l'horaire de travail | SBC","robots":{"index":"index","follow":"follow","max-snippet":"max-snippet:-1","max-image-preview":"max-image-preview:large","max-video-preview":"max-video-preview:-1"},"canonical":"https:\/\/swissbaker.ch\/fr\/panissimo-news\/indemnite-en-cas-de-reduction-de-lhoraire-de-travail\/","og_locale":"fr_FR","og_type":"article","og_title":"Indemnit\u00e9 en cas de r\u00e9duction de l'horaire de travail","og_description":"Dans son arr\u00eat du 17 novembre 2021, le Tribunal f\u00e9d\u00e9ral a \u00e9tabli que lors du calcul de l&#8217;indemnit\u00e9 en cas de r\u00e9duction de l&#8217;horaire de travail pour les collaborateurs percevant un salaire mensuel, il fallait \u00e9galement prendre en compte une part de vacances et de jours f\u00e9ri\u00e9s. D\u00e8s janvier 2022, il sera tenu compte de cet \u00e9tat de fait avec [&hellip;]","og_url":"https:\/\/swissbaker.ch\/fr\/panissimo-news\/indemnite-en-cas-de-reduction-de-lhoraire-de-travail\/","og_site_name":"SBC","article_publisher":"https:\/\/www.facebook.com\/swissbaker.ch","article_published_time":"2022-02-03T10:28:00+00:00","article_modified_time":"2022-04-29T11:09:29+00:00","og_image":[{"width":800,"height":474,"url":"https:\/\/swissbaker.ch\/wp-content\/uploads\/2022\/03\/6_2_kurzarbeit.jpeg","type":"image\/jpeg"}],"author":"azureart","twitter_card":"summary_large_image","twitter_creator":"@ch_swissbaker","twitter_site":"@ch_swissbaker","twitter_misc":{"Written by":"azureart","Est. reading time":"2 minutes"},"schema":{"@context":"https:\/\/schema.org","@graph":[{"@type":"Article","@id":"https:\/\/swissbaker.ch\/fr\/panissimo-news\/indemnite-en-cas-de-reduction-de-lhoraire-de-travail\/#article","isPartOf":{"@id":"https:\/\/swissbaker.ch\/fr\/panissimo-news\/indemnite-en-cas-de-reduction-de-lhoraire-de-travail\/"},"author":{"name":"azureart","@id":"https:\/\/swissbaker.ch\/fr\/#\/schema\/person\/058ac47619f7da53df62aba60f939b78"},"headline":"Indemnit\u00e9 en cas de r\u00e9duction de l&#8217;horaire de travail","datePublished":"2022-02-03T10:28:00+00:00","dateModified":"2022-04-29T11:09:29+00:00","mainEntityOfPage":{"@id":"https:\/\/swissbaker.ch\/fr\/panissimo-news\/indemnite-en-cas-de-reduction-de-lhoraire-de-travail\/"},"wordCount":262,"commentCount":0,"publisher":{"@id":"https:\/\/swissbaker.ch\/fr\/#organization"},"image":{"@id":"https:\/\/swissbaker.ch\/fr\/panissimo-news\/indemnite-en-cas-de-reduction-de-lhoraire-de-travail\/#primaryimage"},"thumbnailUrl":"https:\/\/swissbaker.ch\/wp-content\/uploads\/2022\/03\/6_2_kurzarbeit.jpeg","articleSection":["Droit &amp; politique"],"inLanguage":"fr-FR","potentialAction":[{"@type":"CommentAction","name":"Comment","target":["https:\/\/swissbaker.ch\/fr\/panissimo-news\/indemnite-en-cas-de-reduction-de-lhoraire-de-travail\/#respond"]}]},{"@type":"WebPage","@id":"https:\/\/swissbaker.ch\/fr\/panissimo-news\/indemnite-en-cas-de-reduction-de-lhoraire-de-travail\/","url":"https:\/\/swissbaker.ch\/fr\/panissimo-news\/indemnite-en-cas-de-reduction-de-lhoraire-de-travail\/","name":"Indemnit\u00e9 en cas de r\u00e9duction de l'horaire de travail | SBC","isPartOf":{"@id":"https:\/\/swissbaker.ch\/fr\/#website"},"primaryImageOfPage":{"@id":"https:\/\/swissbaker.ch\/fr\/panissimo-news\/indemnite-en-cas-de-reduction-de-lhoraire-de-travail\/#primaryimage"},"image":{"@id":"https:\/\/swissbaker.ch\/fr\/panissimo-news\/indemnite-en-cas-de-reduction-de-lhoraire-de-travail\/#primaryimage"},"thumbnailUrl":"https:\/\/swissbaker.ch\/wp-content\/uploads\/2022\/03\/6_2_kurzarbeit.jpeg","datePublished":"2022-02-03T10:28:00+00:00","dateModified":"2022-04-29T11:09:29+00:00","breadcrumb":{"@id":"https:\/\/swissbaker.ch\/fr\/panissimo-news\/indemnite-en-cas-de-reduction-de-lhoraire-de-travail\/#breadcrumb"},"inLanguage":"fr-FR","potentialAction":[{"@type":"ReadAction","target":["https:\/\/swissbaker.ch\/fr\/panissimo-news\/indemnite-en-cas-de-reduction-de-lhoraire-de-travail\/"]}]},{"@type":"ImageObject","inLanguage":"fr-FR","@id":"https:\/\/swissbaker.ch\/fr\/panissimo-news\/indemnite-en-cas-de-reduction-de-lhoraire-de-travail\/#primaryimage","url":"https:\/\/swissbaker.ch\/wp-content\/uploads\/2022\/03\/6_2_kurzarbeit.jpeg","contentUrl":"https:\/\/swissbaker.ch\/wp-content\/uploads\/2022\/03\/6_2_kurzarbeit.jpeg","width":800,"height":474,"caption":"Indemnit\u00e9 en cas de r\u00e9duction de l'horaire de travail"},{"@type":"BreadcrumbList","@id":"https:\/\/swissbaker.ch\/fr\/panissimo-news\/indemnite-en-cas-de-reduction-de-lhoraire-de-travail\/#breadcrumb","itemListElement":[{"@type":"ListItem","position":1,"name":"","item":"https:\/\/swissbaker.ch\/fr\/"},{"@type":"ListItem","position":2,"name":"Droit &amp; politique","item":"https:\/\/swissbaker.ch\/fr\/panissimo-news\/category\/droit-politique\/"},{"@type":"ListItem","position":3,"name":"Indemnit\u00e9 en cas de r\u00e9duction de l&rsquo;horaire de travail"}]},{"@type":"WebSite","@id":"https:\/\/swissbaker.ch\/fr\/#website","url":"https:\/\/swissbaker.ch\/fr\/","name":"SBC","description":"","publisher":{"@id":"https:\/\/swissbaker.ch\/fr\/#organization"},"potentialAction":[{"@type":"SearchAction","target":{"@type":"EntryPoint","urlTemplate":"https:\/\/swissbaker.ch\/fr\/?s={search_term_string}"},"query-input":{"@type":"PropertyValueSpecification","valueRequired":true,"valueName":"search_term_string"}}],"inLanguage":"fr-FR"},{"@type":"Organization","@id":"https:\/\/swissbaker.ch\/fr\/#organization","name":"Schweizerischer B\u00e4cker-Confiseurmeister-Verband","url":"https:\/\/swissbaker.ch\/fr\/","logo":{"@type":"ImageObject","inLanguage":"fr-FR","@id":"https:\/\/swissbaker.ch\/fr\/#\/schema\/logo\/image\/","url":"https:\/\/swissbaker.ch\/wp-content\/uploads\/2022\/04\/sbc-logo-yoast.jpg","contentUrl":"https:\/\/swissbaker.ch\/wp-content\/uploads\/2022\/04\/sbc-logo-yoast.jpg","width":512,"height":512,"caption":"Schweizerischer B\u00e4cker-Confiseurmeister-Verband"},"image":{"@id":"https:\/\/swissbaker.ch\/fr\/#\/schema\/logo\/image\/"},"sameAs":["https:\/\/www.facebook.com\/swissbaker.ch","https:\/\/x.com\/ch_swissbaker"]},{"@type":"Person","@id":"https:\/\/swissbaker.ch\/fr\/#\/schema\/person\/058ac47619f7da53df62aba60f939b78","name":"azureart","image":{"@type":"ImageObject","inLanguage":"fr-FR","@id":"https:\/\/swissbaker.ch\/fr\/#\/schema\/person\/image\/","url":"https:\/\/secure.gravatar.com\/avatar\/be04dd3098fd612c83067af4f7a295384c93cb6a9112f51beb9d2f477d25da61?s=96&d=mm&r=g","contentUrl":"https:\/\/secure.gravatar.com\/avatar\/be04dd3098fd612c83067af4f7a295384c93cb6a9112f51beb9d2f477d25da61?s=96&d=mm&r=g","caption":"azureart"},"sameAs":["https:\/\/swissbaker.ch"],"url":"https:\/\/swissbaker.ch\/fr\/panissimo-news\/author\/pixel-ahoi\/"}]}},"_links":{"self":[{"href":"https:\/\/swissbaker.ch\/fr\/wp-json\/wp\/v2\/posts\/7435","targetHints":{"allow":["GET"]}}],"collection":[{"href":"https:\/\/swissbaker.ch\/fr\/wp-json\/wp\/v2\/posts"}],"about":[{"href":"https:\/\/swissbaker.ch\/fr\/wp-json\/wp\/v2\/types\/post"}],"author":[{"embeddable":true,"href":"https:\/\/swissbaker.ch\/fr\/wp-json\/wp\/v2\/users\/1"}],"replies":[{"embeddable":true,"href":"https:\/\/swissbaker.ch\/fr\/wp-json\/wp\/v2\/comments?post=7435"}],"version-history":[{"count":0,"href":"https:\/\/swissbaker.ch\/fr\/wp-json\/wp\/v2\/posts\/7435\/revisions"}],"wp:featuredmedia":[{"embeddable":true,"href":"https:\/\/swissbaker.ch\/fr\/wp-json\/wp\/v2\/media\/5079"}],"wp:attachment":[{"href":"https:\/\/swissbaker.ch\/fr\/wp-json\/wp\/v2\/media?parent=7435"}],"wp:term":[{"taxonomy":"category","embeddable":true,"href":"https:\/\/swissbaker.ch\/fr\/wp-json\/wp\/v2\/categories?post=7435"},{"taxonomy":"post_tag","embeddable":true,"href":"https:\/\/swissbaker.ch\/fr\/wp-json\/wp\/v2\/tags?post=7435"}],"curies":[{"name":"wp","href":"https:\/\/api.w.org\/{rel}","templated":true}]}}