{"id":74164,"date":"2024-01-17T07:49:56","date_gmt":"2024-01-17T06:49:56","guid":{"rendered":"https:\/\/swissbaker.ch\/?p=74164"},"modified":"2024-01-18T14:37:47","modified_gmt":"2024-01-18T13:37:47","slug":"pour-que-le-reve-ne-devienne-pas-un-traumatisme","status":"publish","type":"post","link":"https:\/\/swissbaker.ch\/fr\/panissimo-news\/pour-que-le-reve-ne-devienne-pas-un-traumatisme\/","title":{"rendered":"Pour que le r\u00eave ne devienne pas un traumatisme"},"content":{"rendered":"\n<p><strong>Que faut-il pour bien d\u00e9marrer son entreprise et p\u00e9renniser son succ\u00e8s\u2009? Neuf femmes et deux hommes ont voulu le savoir en participant au s\u00e9minaire Start-up de Proback AG \u00e0 Rothenburg.<\/strong><\/p>\n\n\n\n<p>\u2009Le r\u00eave et le traumatisme sont souvent tr\u00e8s proches l\u2019un de l\u2019autre\u2009\u00bb, a d\u00e9clar\u00e9 Stefan Cremonini, directeur adjoint de Proback SA, en guise d\u2019introduction \u00e0 l\u2019apr\u00e8s-midi d\u2019information. Avec Sara Schumacher, conseill\u00e8re Proback, il a \u00e9num\u00e9r\u00e9 les principales choses \u00e0 faire, mis en garde contre d\u2019\u00e9ventuels \u00e9cueils et donn\u00e9 des astuces permettant de franchir le pas de l\u2019ind\u00e9pendance avec succ\u00e8s et sans mauvaises surprises.<\/p>\n\n\n\n<h3 class=\"wp-block-heading\" id=\"h-pas-un-job-de-9-a-5\">Pas un job de 9 \u00e0 5<\/h3>\n\n\n\n<p>Pour qu\u2019un r\u00e8glement de succession ou une start-up fonctionne, il faut que de nombreux \u00e9l\u00e9ments soient r\u00e9unis, a expliqu\u00e9 le sp\u00e9cialiste exp\u00e9riment\u00e9 du secteur au d\u00e9but de l\u2019\u00e9v\u00e9nement, tant la situation personnelle que diff\u00e9rents crit\u00e8res professionnels et techniques entrant en ligne de compte. Des questions comme\u2009:<\/p>\n\n\n\n<ul class=\"wp-block-list\">\n<li>Ai-je les comp\u00e9tences n\u00e9cessaires\u2009?<\/li>\n\n\n\n<li>Ai-je une id\u00e9e claire\u2009?<\/li>\n\n\n\n<li>Quelle forme d\u2019exploitation est envisageable\u2009?<\/li>\n\n\n\n<li>Quelle est la situation financi\u00e8re\u2009?<\/li>\n\n\n\n<li>Quelles assurances sont obligatoires ou facultatives\u2009?<\/li>\n<\/ul>\n\n\n\n<p>sont autant de questions que doivent se poser toutes celles et ceux qui souhaitent g\u00e9rer leur propre entreprise. La liste est longue. A cela s\u2019ajoutent les composantes \u00e9motionnelles telles que la passion, le soutien de l\u2019environnement familial et du cercle d\u2019amis, ainsi que la volont\u00e9 de travailler plus qu\u2019avec un job de 9 \u00e0 5 normal. Le futur propri\u00e9taire d\u2019un commerce doit par ailleurs r\u00e9fl\u00e9chir au mod\u00e8le commercial. Quelle est la client\u00e8le\u2009? Quels services ou produits faut-il proposer et \u00e0 quel prix\u2009?<\/p>\n\n\n<div class=\"wp-block-image\">\n<figure class=\"aligncenter size-large is-resized\"><img decoding=\"async\" width=\"1024\" height=\"608\" src=\"https:\/\/swissbaker.ch\/wp-content\/uploads\/2024\/01\/1_2_proback_seminar-3-1024x608.jpg\" alt=\"\" class=\"wp-image-74174\" style=\"width:430px;height:auto\" srcset=\"https:\/\/swissbaker.ch\/wp-content\/uploads\/2024\/01\/1_2_proback_seminar-3-1024x608.jpg 1024w, https:\/\/swissbaker.ch\/wp-content\/uploads\/2024\/01\/1_2_proback_seminar-3-768x456.jpg 768w, https:\/\/swissbaker.ch\/wp-content\/uploads\/2024\/01\/1_2_proback_seminar-3.jpg 1200w\" sizes=\"(max-width: 1024px) 100vw, 1024px\" \/><figcaption class=\"wp-element-caption\"><em>Sara Schumacher, Junior Consultant et Stefan Cremonini, directeur adjoint Proback SA<\/em><\/figcaption><\/figure>\n<\/div>\n\n\n<h3 class=\"wp-block-heading\" id=\"h-elaborer-un-modele-economique\">\u00c9laborer un mod\u00e8le \u00e9conomique<\/h3>\n\n\n\n<p>Sara Schumacher a recommand\u00e9 aux participants d\u2019\u00e9laborer un mod\u00e8le \u00e9conomique. \u00ab\u2009Ouvrez les yeux et les oreilles\u2009! D\u00e9couvrez des niches de march\u00e9\u2009! Observez l\u2019environnement et copiez, car c\u2019est l\u00e9gitime\u2009!\u2009\u00bb Les d\u00e9cisions politiques et les obligations l\u00e9gales doivent \u00e9galement \u00eatre prises en compte suffisamment t\u00f4t dans la planification.<\/p>\n\n\n\n<h3 class=\"wp-block-heading\" id=\"h-reprise-d-une-entreprise-existante\">Reprise d\u2019une entreprise existante<\/h3>\n\n\n\n<p>Une reprise d\u2019une entreprise implique de reprendre toutes les obligations, a expliqu\u00e9 Stefan Cremonini, il faut le savoir. L\u2019entreprise en question doit \u00eatre examin\u00e9e sous toutes les coutures, les rapports de r\u00e9vision des trois derni\u00e8res ann\u00e9es, les engagements contractuels tels que les abonnements, les contrats de service, les contrats de travail, les obligations, les concepts d\u2019hygi\u00e8ne, l\u2019\u00e9tat de la technique, les processus d\u2019exploitation et la situation de concurrence devant notamment \u00eatre pass\u00e9s en revue. \u00ab\u2009Vous devez vous pr\u00e9munir par \u00e9crit contre les \u00ab\u2009charges h\u00e9rit\u00e9es du pass\u00e9\u2009\u00bb , a recommand\u00e9 Cremonini, citant comme exemples les arri\u00e9r\u00e9s d\u2019imp\u00f4ts, les cas juridiques en suspens et les cr\u00e9ances salariales des collaborateurs.<\/p>\n\n\n\n<h3 class=\"wp-block-heading\" id=\"h-les-criteres-qui-tuent\">Les \u00ab\u2009crit\u00e8res qui tuent\u2009\u00bb<\/h3>\n\n\n\n<p>En cas de reprise, il a \u00e9galement mis en garde contre les \u00ab\u2009crit\u00e8res qui tuent\u2009\u00bb, dont les \u00e9ventuelles modifications du plan directeur des transports, les nouveaux concurrents sur le site ou dans la r\u00e9gion, et l\u2019\u00e9tat des contr\u00f4les alimentaires dans l\u2019entreprise existante. De plus, il faut absolument \u00e9tablir un inventaire pour estimer la valeur v\u00e9nale et v\u00e9rifier l\u2019obligation d\u2019obtenir une autorisation ou une patente.<br>Stefan Cremonini a soulign\u00e9 \u00e0 plusieurs reprises que les jeunes entrepreneurs et entrepreneuses devraient faire appel \u00e0 un conseiller suffisamment t\u00f4t afin d\u2019\u00e9viter les d\u00e9ceptions et les cons\u00e9quences financi\u00e8res ult\u00e9rieures. \u00ab\u2009Il est possible de couvrir \u00e0 l\u2019avance les dangers et les risques.\u2009\u00bb <\/p>\n\n\n\n<p class=\"has-text-align-right\"><br><em>Claudia Vernocchi<\/em><\/p>\n\n\n\n<hr class=\"wp-block-separator has-alpha-channel-opacity\"\/>\n\n\n\n<p>Le prochain \u00e9v\u00e9nement d\u2019information Start-up de Proback aura lieu le 31\u202fjanvier \u00e0 Rothenburg (LU). Infos et inscription\u2009: <a href=\"http:\/\/proback.ch\/fr\/news\/\" target=\"_blank\" rel=\"noreferrer noopener\">proback.ch\/fr\/news\/<\/a><\/p>\n","protected":false},"excerpt":{"rendered":"<p>Que faut-il pour bien d\u00e9marrer son entreprise et p\u00e9renniser son succ\u00e8s\u2009? Neuf femmes et deux hommes ont voulu le savoir en participant au s\u00e9minaire Start-up de Proback AG \u00e0 Rothenburg.<\/p>\n","protected":false},"author":5,"featured_media":74172,"comment_status":"closed","ping_status":"closed","sticky":true,"template":"","format":"standard","meta":{"_acf_changed":false,"footnotes":""},"categories":[54,57],"tags":[],"class_list":["post-74164","post","type-post","status-publish","format-standard","has-post-thumbnail","hentry","category-conseils","category-start-up-fr"],"acf":[],"yoast_head":"<!-- This site is optimized with the Yoast SEO Premium plugin v26.8 (Yoast SEO v26.8) - https:\/\/yoast.com\/product\/yoast-seo-premium-wordpress\/ -->\n<title>Pour que le r\u00eave ne devienne pas un traumatisme | SBC<\/title>\n<meta name=\"robots\" content=\"index, follow, max-snippet:-1, max-image-preview:large, max-video-preview:-1\" \/>\n<link rel=\"canonical\" href=\"https:\/\/swissbaker.ch\/fr\/panissimo-news\/pour-que-le-reve-ne-devienne-pas-un-traumatisme\/\" \/>\n<meta property=\"og:locale\" content=\"fr_FR\" \/>\n<meta property=\"og:type\" content=\"article\" \/>\n<meta property=\"og:title\" content=\"Pour que le r\u00eave ne devienne pas un traumatisme\" \/>\n<meta property=\"og:description\" content=\"Que faut-il pour bien d\u00e9marrer son entreprise et p\u00e9renniser son succ\u00e8s\u2009? Neuf femmes et deux hommes ont voulu le savoir en participant au s\u00e9minaire Start-up de Proback AG \u00e0 Rothenburg.\" \/>\n<meta property=\"og:url\" content=\"https:\/\/swissbaker.ch\/fr\/panissimo-news\/pour-que-le-reve-ne-devienne-pas-un-traumatisme\/\" \/>\n<meta property=\"og:site_name\" content=\"SBC\" \/>\n<meta property=\"article:publisher\" content=\"https:\/\/www.facebook.com\/swissbaker.ch\" \/>\n<meta property=\"article:published_time\" content=\"2024-01-17T06:49:56+00:00\" \/>\n<meta property=\"article:modified_time\" content=\"2024-01-18T13:37:47+00:00\" \/>\n<meta property=\"og:image\" content=\"https:\/\/swissbaker.ch\/wp-content\/uploads\/2024\/01\/1_2_proback_seminar-2.jpg\" \/>\n\t<meta property=\"og:image:width\" content=\"1200\" \/>\n\t<meta property=\"og:image:height\" content=\"712\" \/>\n\t<meta property=\"og:image:type\" content=\"image\/jpeg\" \/>\n<meta name=\"author\" content=\"Simon Nussbaum\" \/>\n<meta name=\"twitter:card\" content=\"summary_large_image\" \/>\n<meta name=\"twitter:creator\" content=\"@ch_swissbaker\" \/>\n<meta name=\"twitter:site\" content=\"@ch_swissbaker\" \/>\n<meta name=\"twitter:label1\" content=\"Written by\" \/>\n\t<meta name=\"twitter:data1\" content=\"Simon Nussbaum\" \/>\n\t<meta name=\"twitter:label2\" content=\"Est. reading time\" \/>\n\t<meta name=\"twitter:data2\" content=\"3 minutes\" \/>\n<script type=\"application\/ld+json\" class=\"yoast-schema-graph\">{\"@context\":\"https:\/\/schema.org\",\"@graph\":[{\"@type\":\"Article\",\"@id\":\"https:\/\/swissbaker.ch\/fr\/panissimo-news\/pour-que-le-reve-ne-devienne-pas-un-traumatisme\/#article\",\"isPartOf\":{\"@id\":\"https:\/\/swissbaker.ch\/fr\/panissimo-news\/pour-que-le-reve-ne-devienne-pas-un-traumatisme\/\"},\"author\":{\"name\":\"Simon Nussbaum\",\"@id\":\"https:\/\/swissbaker.ch\/fr\/#\/schema\/person\/74bd327b08c18ca6042c02ff6f0ed5e2\"},\"headline\":\"Pour que le r\u00eave ne devienne pas un traumatisme\",\"datePublished\":\"2024-01-17T06:49:56+00:00\",\"dateModified\":\"2024-01-18T13:37:47+00:00\",\"mainEntityOfPage\":{\"@id\":\"https:\/\/swissbaker.ch\/fr\/panissimo-news\/pour-que-le-reve-ne-devienne-pas-un-traumatisme\/\"},\"wordCount\":647,\"publisher\":{\"@id\":\"https:\/\/swissbaker.ch\/fr\/#organization\"},\"image\":{\"@id\":\"https:\/\/swissbaker.ch\/fr\/panissimo-news\/pour-que-le-reve-ne-devienne-pas-un-traumatisme\/#primaryimage\"},\"thumbnailUrl\":\"https:\/\/swissbaker.ch\/wp-content\/uploads\/2024\/01\/1_2_proback_seminar-2.jpg\",\"articleSection\":[\"Conseils\",\"Start-up\"],\"inLanguage\":\"fr-FR\"},{\"@type\":\"WebPage\",\"@id\":\"https:\/\/swissbaker.ch\/fr\/panissimo-news\/pour-que-le-reve-ne-devienne-pas-un-traumatisme\/\",\"url\":\"https:\/\/swissbaker.ch\/fr\/panissimo-news\/pour-que-le-reve-ne-devienne-pas-un-traumatisme\/\",\"name\":\"Pour que le r\u00eave ne devienne pas un traumatisme | SBC\",\"isPartOf\":{\"@id\":\"https:\/\/swissbaker.ch\/fr\/#website\"},\"primaryImageOfPage\":{\"@id\":\"https:\/\/swissbaker.ch\/fr\/panissimo-news\/pour-que-le-reve-ne-devienne-pas-un-traumatisme\/#primaryimage\"},\"image\":{\"@id\":\"https:\/\/swissbaker.ch\/fr\/panissimo-news\/pour-que-le-reve-ne-devienne-pas-un-traumatisme\/#primaryimage\"},\"thumbnailUrl\":\"https:\/\/swissbaker.ch\/wp-content\/uploads\/2024\/01\/1_2_proback_seminar-2.jpg\",\"datePublished\":\"2024-01-17T06:49:56+00:00\",\"dateModified\":\"2024-01-18T13:37:47+00:00\",\"breadcrumb\":{\"@id\":\"https:\/\/swissbaker.ch\/fr\/panissimo-news\/pour-que-le-reve-ne-devienne-pas-un-traumatisme\/#breadcrumb\"},\"inLanguage\":\"fr-FR\",\"potentialAction\":[{\"@type\":\"ReadAction\",\"target\":[\"https:\/\/swissbaker.ch\/fr\/panissimo-news\/pour-que-le-reve-ne-devienne-pas-un-traumatisme\/\"]}]},{\"@type\":\"ImageObject\",\"inLanguage\":\"fr-FR\",\"@id\":\"https:\/\/swissbaker.ch\/fr\/panissimo-news\/pour-que-le-reve-ne-devienne-pas-un-traumatisme\/#primaryimage\",\"url\":\"https:\/\/swissbaker.ch\/wp-content\/uploads\/2024\/01\/1_2_proback_seminar-2.jpg\",\"contentUrl\":\"https:\/\/swissbaker.ch\/wp-content\/uploads\/2024\/01\/1_2_proback_seminar-2.jpg\",\"width\":1200,\"height\":712},{\"@type\":\"BreadcrumbList\",\"@id\":\"https:\/\/swissbaker.ch\/fr\/panissimo-news\/pour-que-le-reve-ne-devienne-pas-un-traumatisme\/#breadcrumb\",\"itemListElement\":[{\"@type\":\"ListItem\",\"position\":1,\"name\":\"\",\"item\":\"https:\/\/swissbaker.ch\/fr\/\"},{\"@type\":\"ListItem\",\"position\":2,\"name\":\"Conseils\",\"item\":\"https:\/\/swissbaker.ch\/fr\/panissimo-news\/category\/conseils\/\"},{\"@type\":\"ListItem\",\"position\":3,\"name\":\"Pour que le r\u00eave ne devienne pas un traumatisme\"}]},{\"@type\":\"WebSite\",\"@id\":\"https:\/\/swissbaker.ch\/fr\/#website\",\"url\":\"https:\/\/swissbaker.ch\/fr\/\",\"name\":\"SBC\",\"description\":\"\",\"publisher\":{\"@id\":\"https:\/\/swissbaker.ch\/fr\/#organization\"},\"potentialAction\":[{\"@type\":\"SearchAction\",\"target\":{\"@type\":\"EntryPoint\",\"urlTemplate\":\"https:\/\/swissbaker.ch\/fr\/?s={search_term_string}\"},\"query-input\":{\"@type\":\"PropertyValueSpecification\",\"valueRequired\":true,\"valueName\":\"search_term_string\"}}],\"inLanguage\":\"fr-FR\"},{\"@type\":\"Organization\",\"@id\":\"https:\/\/swissbaker.ch\/fr\/#organization\",\"name\":\"Schweizerischer B\u00e4cker-Confiseurmeister-Verband\",\"url\":\"https:\/\/swissbaker.ch\/fr\/\",\"logo\":{\"@type\":\"ImageObject\",\"inLanguage\":\"fr-FR\",\"@id\":\"https:\/\/swissbaker.ch\/fr\/#\/schema\/logo\/image\/\",\"url\":\"https:\/\/swissbaker.ch\/wp-content\/uploads\/2022\/04\/sbc-logo-yoast.jpg\",\"contentUrl\":\"https:\/\/swissbaker.ch\/wp-content\/uploads\/2022\/04\/sbc-logo-yoast.jpg\",\"width\":512,\"height\":512,\"caption\":\"Schweizerischer B\u00e4cker-Confiseurmeister-Verband\"},\"image\":{\"@id\":\"https:\/\/swissbaker.ch\/fr\/#\/schema\/logo\/image\/\"},\"sameAs\":[\"https:\/\/www.facebook.com\/swissbaker.ch\",\"https:\/\/x.com\/ch_swissbaker\"]},{\"@type\":\"Person\",\"@id\":\"https:\/\/swissbaker.ch\/fr\/#\/schema\/person\/74bd327b08c18ca6042c02ff6f0ed5e2\",\"name\":\"Simon Nussbaum\",\"image\":{\"@type\":\"ImageObject\",\"inLanguage\":\"fr-FR\",\"@id\":\"https:\/\/swissbaker.ch\/fr\/#\/schema\/person\/image\/\",\"url\":\"https:\/\/secure.gravatar.com\/avatar\/df0eced3bb556c806cb760cf503ade1ed1df25b4104d80d6fd28d93a9509aa12?s=96&d=mm&r=g\",\"contentUrl\":\"https:\/\/secure.gravatar.com\/avatar\/df0eced3bb556c806cb760cf503ade1ed1df25b4104d80d6fd28d93a9509aa12?s=96&d=mm&r=g\",\"caption\":\"Simon Nussbaum\"},\"url\":\"https:\/\/swissbaker.ch\/fr\/panissimo-news\/author\/simon-nussbaum\/\"}]}<\/script>\n<!-- \/ Yoast SEO Premium plugin. -->","yoast_head_json":{"title":"Pour que le r\u00eave ne devienne pas un traumatisme | SBC","robots":{"index":"index","follow":"follow","max-snippet":"max-snippet:-1","max-image-preview":"max-image-preview:large","max-video-preview":"max-video-preview:-1"},"canonical":"https:\/\/swissbaker.ch\/fr\/panissimo-news\/pour-que-le-reve-ne-devienne-pas-un-traumatisme\/","og_locale":"fr_FR","og_type":"article","og_title":"Pour que le r\u00eave ne devienne pas un traumatisme","og_description":"Que faut-il pour bien d\u00e9marrer son entreprise et p\u00e9renniser son succ\u00e8s\u2009? Neuf femmes et deux hommes ont voulu le savoir en participant au s\u00e9minaire Start-up de Proback AG \u00e0 Rothenburg.","og_url":"https:\/\/swissbaker.ch\/fr\/panissimo-news\/pour-que-le-reve-ne-devienne-pas-un-traumatisme\/","og_site_name":"SBC","article_publisher":"https:\/\/www.facebook.com\/swissbaker.ch","article_published_time":"2024-01-17T06:49:56+00:00","article_modified_time":"2024-01-18T13:37:47+00:00","og_image":[{"width":1200,"height":712,"url":"https:\/\/swissbaker.ch\/wp-content\/uploads\/2024\/01\/1_2_proback_seminar-2.jpg","type":"image\/jpeg"}],"author":"Simon Nussbaum","twitter_card":"summary_large_image","twitter_creator":"@ch_swissbaker","twitter_site":"@ch_swissbaker","twitter_misc":{"Written by":"Simon Nussbaum","Est. reading time":"3 minutes"},"schema":{"@context":"https:\/\/schema.org","@graph":[{"@type":"Article","@id":"https:\/\/swissbaker.ch\/fr\/panissimo-news\/pour-que-le-reve-ne-devienne-pas-un-traumatisme\/#article","isPartOf":{"@id":"https:\/\/swissbaker.ch\/fr\/panissimo-news\/pour-que-le-reve-ne-devienne-pas-un-traumatisme\/"},"author":{"name":"Simon Nussbaum","@id":"https:\/\/swissbaker.ch\/fr\/#\/schema\/person\/74bd327b08c18ca6042c02ff6f0ed5e2"},"headline":"Pour que le r\u00eave ne devienne pas un traumatisme","datePublished":"2024-01-17T06:49:56+00:00","dateModified":"2024-01-18T13:37:47+00:00","mainEntityOfPage":{"@id":"https:\/\/swissbaker.ch\/fr\/panissimo-news\/pour-que-le-reve-ne-devienne-pas-un-traumatisme\/"},"wordCount":647,"publisher":{"@id":"https:\/\/swissbaker.ch\/fr\/#organization"},"image":{"@id":"https:\/\/swissbaker.ch\/fr\/panissimo-news\/pour-que-le-reve-ne-devienne-pas-un-traumatisme\/#primaryimage"},"thumbnailUrl":"https:\/\/swissbaker.ch\/wp-content\/uploads\/2024\/01\/1_2_proback_seminar-2.jpg","articleSection":["Conseils","Start-up"],"inLanguage":"fr-FR"},{"@type":"WebPage","@id":"https:\/\/swissbaker.ch\/fr\/panissimo-news\/pour-que-le-reve-ne-devienne-pas-un-traumatisme\/","url":"https:\/\/swissbaker.ch\/fr\/panissimo-news\/pour-que-le-reve-ne-devienne-pas-un-traumatisme\/","name":"Pour que le r\u00eave ne devienne pas un traumatisme | SBC","isPartOf":{"@id":"https:\/\/swissbaker.ch\/fr\/#website"},"primaryImageOfPage":{"@id":"https:\/\/swissbaker.ch\/fr\/panissimo-news\/pour-que-le-reve-ne-devienne-pas-un-traumatisme\/#primaryimage"},"image":{"@id":"https:\/\/swissbaker.ch\/fr\/panissimo-news\/pour-que-le-reve-ne-devienne-pas-un-traumatisme\/#primaryimage"},"thumbnailUrl":"https:\/\/swissbaker.ch\/wp-content\/uploads\/2024\/01\/1_2_proback_seminar-2.jpg","datePublished":"2024-01-17T06:49:56+00:00","dateModified":"2024-01-18T13:37:47+00:00","breadcrumb":{"@id":"https:\/\/swissbaker.ch\/fr\/panissimo-news\/pour-que-le-reve-ne-devienne-pas-un-traumatisme\/#breadcrumb"},"inLanguage":"fr-FR","potentialAction":[{"@type":"ReadAction","target":["https:\/\/swissbaker.ch\/fr\/panissimo-news\/pour-que-le-reve-ne-devienne-pas-un-traumatisme\/"]}]},{"@type":"ImageObject","inLanguage":"fr-FR","@id":"https:\/\/swissbaker.ch\/fr\/panissimo-news\/pour-que-le-reve-ne-devienne-pas-un-traumatisme\/#primaryimage","url":"https:\/\/swissbaker.ch\/wp-content\/uploads\/2024\/01\/1_2_proback_seminar-2.jpg","contentUrl":"https:\/\/swissbaker.ch\/wp-content\/uploads\/2024\/01\/1_2_proback_seminar-2.jpg","width":1200,"height":712},{"@type":"BreadcrumbList","@id":"https:\/\/swissbaker.ch\/fr\/panissimo-news\/pour-que-le-reve-ne-devienne-pas-un-traumatisme\/#breadcrumb","itemListElement":[{"@type":"ListItem","position":1,"name":"","item":"https:\/\/swissbaker.ch\/fr\/"},{"@type":"ListItem","position":2,"name":"Conseils","item":"https:\/\/swissbaker.ch\/fr\/panissimo-news\/category\/conseils\/"},{"@type":"ListItem","position":3,"name":"Pour que le r\u00eave ne devienne pas un traumatisme"}]},{"@type":"WebSite","@id":"https:\/\/swissbaker.ch\/fr\/#website","url":"https:\/\/swissbaker.ch\/fr\/","name":"SBC","description":"","publisher":{"@id":"https:\/\/swissbaker.ch\/fr\/#organization"},"potentialAction":[{"@type":"SearchAction","target":{"@type":"EntryPoint","urlTemplate":"https:\/\/swissbaker.ch\/fr\/?s={search_term_string}"},"query-input":{"@type":"PropertyValueSpecification","valueRequired":true,"valueName":"search_term_string"}}],"inLanguage":"fr-FR"},{"@type":"Organization","@id":"https:\/\/swissbaker.ch\/fr\/#organization","name":"Schweizerischer B\u00e4cker-Confiseurmeister-Verband","url":"https:\/\/swissbaker.ch\/fr\/","logo":{"@type":"ImageObject","inLanguage":"fr-FR","@id":"https:\/\/swissbaker.ch\/fr\/#\/schema\/logo\/image\/","url":"https:\/\/swissbaker.ch\/wp-content\/uploads\/2022\/04\/sbc-logo-yoast.jpg","contentUrl":"https:\/\/swissbaker.ch\/wp-content\/uploads\/2022\/04\/sbc-logo-yoast.jpg","width":512,"height":512,"caption":"Schweizerischer B\u00e4cker-Confiseurmeister-Verband"},"image":{"@id":"https:\/\/swissbaker.ch\/fr\/#\/schema\/logo\/image\/"},"sameAs":["https:\/\/www.facebook.com\/swissbaker.ch","https:\/\/x.com\/ch_swissbaker"]},{"@type":"Person","@id":"https:\/\/swissbaker.ch\/fr\/#\/schema\/person\/74bd327b08c18ca6042c02ff6f0ed5e2","name":"Simon Nussbaum","image":{"@type":"ImageObject","inLanguage":"fr-FR","@id":"https:\/\/swissbaker.ch\/fr\/#\/schema\/person\/image\/","url":"https:\/\/secure.gravatar.com\/avatar\/df0eced3bb556c806cb760cf503ade1ed1df25b4104d80d6fd28d93a9509aa12?s=96&d=mm&r=g","contentUrl":"https:\/\/secure.gravatar.com\/avatar\/df0eced3bb556c806cb760cf503ade1ed1df25b4104d80d6fd28d93a9509aa12?s=96&d=mm&r=g","caption":"Simon Nussbaum"},"url":"https:\/\/swissbaker.ch\/fr\/panissimo-news\/author\/simon-nussbaum\/"}]}},"_links":{"self":[{"href":"https:\/\/swissbaker.ch\/fr\/wp-json\/wp\/v2\/posts\/74164","targetHints":{"allow":["GET"]}}],"collection":[{"href":"https:\/\/swissbaker.ch\/fr\/wp-json\/wp\/v2\/posts"}],"about":[{"href":"https:\/\/swissbaker.ch\/fr\/wp-json\/wp\/v2\/types\/post"}],"author":[{"embeddable":true,"href":"https:\/\/swissbaker.ch\/fr\/wp-json\/wp\/v2\/users\/5"}],"replies":[{"embeddable":true,"href":"https:\/\/swissbaker.ch\/fr\/wp-json\/wp\/v2\/comments?post=74164"}],"version-history":[{"count":0,"href":"https:\/\/swissbaker.ch\/fr\/wp-json\/wp\/v2\/posts\/74164\/revisions"}],"wp:featuredmedia":[{"embeddable":true,"href":"https:\/\/swissbaker.ch\/fr\/wp-json\/wp\/v2\/media\/74172"}],"wp:attachment":[{"href":"https:\/\/swissbaker.ch\/fr\/wp-json\/wp\/v2\/media?parent=74164"}],"wp:term":[{"taxonomy":"category","embeddable":true,"href":"https:\/\/swissbaker.ch\/fr\/wp-json\/wp\/v2\/categories?post=74164"},{"taxonomy":"post_tag","embeddable":true,"href":"https:\/\/swissbaker.ch\/fr\/wp-json\/wp\/v2\/tags?post=74164"}],"curies":[{"name":"wp","href":"https:\/\/api.w.org\/{rel}","templated":true}]}}