{"id":7398,"date":"2016-09-30T13:39:00","date_gmt":"2016-09-30T11:39:00","guid":{"rendered":"https:\/\/swissbaker.ch\/?p=7398"},"modified":"2022-04-29T11:36:23","modified_gmt":"2022-04-29T09:36:23","slug":"jai-entendu-que-vous-recherchiez-des-apprentis","status":"publish","type":"post","link":"https:\/\/swissbaker.ch\/fr\/panissimo-news\/jai-entendu-que-vous-recherchiez-des-apprentis\/","title":{"rendered":"\u00ab\u2009J\u2019ai entendu que vous recherchiez des apprentis\u2026\u2009\u00bb"},"content":{"rendered":"\n<p><strong>D\u00e8s aujourd\u2019hui, le journal d\u2019Antonia Eichenberger para\u00eetra une fois par mois. Il concernera son quotidien d\u2019apprentie, d\u2019\u00e9l\u00e8ve, de jeune fille.<\/strong><\/p>\n\n\n\n<p>\u00ab\u2009J\u2019ai entendu que vous recherchiez des apprentis pour r\u00e9diger des articles dans \u00ab\u2009panissimo\u2009\u00bb. Que dois-je faire\u2009? Mon nom est Antonia Eichenberger et je suis en 2e ann\u00e9e d\u2019apprentissage de gestionnaire de commerce de d\u00e9tail.\u2009\u00bb Fin ao\u00fbt, la r\u00e9daction de \u2039\u2009panissimo\u2009\u203a re\u00e7oit ce courriel. Nous prenons imm\u00e9diatement contact avec Mlle\u202fEichenberger. En effet, l\u2019enqu\u00eate aupr\u00e8s des lecteurs ainsi que des annonceurs l\u2019a clairement d\u00e9montr\u00e9\u2009: on souhaite lire davantage de th\u00e8mes de et concernant les jeunes professionnels.<\/p>\n\n\n\n<p>L\u2019entretien se d\u00e9roule \u00e0 la Maison des boulangers, dans les locaux de \u00ab\u2009panissimo\u2009\u00bb\u2009; en compagnie d\u2019une jeune et p\u00e9tillante professionnelle.<\/p>\n\n\n\n<p>Ag\u00e9e de 21 ans, elle raconte son quotidien dans l\u2019entreprise Muralt \u00e0 Ostermundigen (BE), avec engagement et enthousiasme.<\/p>\n\n\n\n<p>Elle voulait travailler ailleurs que dans la branche. Ses parents dirigent avec succ\u00e8s la boulangerie Eichenberger \u00e0 Langnau. D\u00e8s son jeune \u00e2ge, elle aide \u00e0 vendre des boules de Berlin sur le march\u00e9 de la ville. C\u2019est le contact avec les gens qui lui pla\u00eet avant tout. Durant son gymnase, elle travaille au caf\u00e9 Pralin\u00e9 \u00e0 Konolfingen (BE). \u00ab\u2009J\u2019ai eu du plaisir surtout lors des discussions avec les clients\u2009\u00bb, se souvient la jeune professionnelle.<\/p>\n\n\n\n<p>Toutefois, lire, apprendre et \u00e9crire tout le temps, cela la contente peu. Elle interrompt ses \u00e9tudes, et prend une ann\u00e9e sabbatique, elle fait une saison en tant que monitrice de ski \u00e0 Marbachegg, aide trois mois au caf\u00e9 Pralin\u00e9 et \u00e9tudie l\u2019anglais trois mois \u00e0 Brighton, avant de commencer son apprentissage de gestionnaire de commerce de d\u00e9tail dans la boulangerie Muralt \u00e0 Ostermundigen.<\/p>\n\n\n\n<p>\u00ab\u2009Je ne regrette pas ce changement\u2009\u00bb,<\/p>\n\n\n\n<p>lance Antonia Eichenberger, convaincue. Servir, conseiller et s\u2019\u00e9panouir au milieu des d\u00e9cors de vitrines et des emballages\u2026 Oui, ce travail lui pla\u00eet.<\/p>\n\n\n\n<p>A la fin de son apprentissage, elle aimerait bien travailler en Romandie, et de pr\u00e9f\u00e9rence dans une confiserie au bord du lac L\u00e9man. \u00ab\u2009La langue et la mentalit\u00e9 me plaisent.\u2009\u00bb<\/p>\n\n\n\n<p>La r\u00e9daction de \u00ab\u2009panissimo\u2009\u00bb se r\u00e9jouit de cette collaboration.<\/p>\n","protected":false},"excerpt":{"rendered":"<p>D\u00e8s aujourd\u2019hui, le journal d\u2019Antonia Eichenberger para\u00eetra une fois par mois. Il concernera son quotidien d\u2019apprentie, d\u2019\u00e9l\u00e8ve, de jeune fille. \u00ab\u2009J\u2019ai entendu que vous recherchiez des apprentis pour r\u00e9diger des articles dans \u00ab\u2009panissimo\u2009\u00bb. Que dois-je faire\u2009? Mon nom est Antonia Eichenberger et je suis en 2e ann\u00e9e d\u2019apprentissage de gestionnaire de commerce de d\u00e9tail.\u2009\u00bb Fin ao\u00fbt, la r\u00e9daction de \u2039\u2009panissimo\u2009\u203a [&hellip;]<\/p>\n","protected":false},"author":1,"featured_media":5419,"comment_status":"open","ping_status":"closed","sticky":false,"template":"","format":"standard","meta":{"_acf_changed":false,"footnotes":""},"categories":[47],"tags":[],"class_list":["post-7398","post","type-post","status-publish","format-standard","has-post-thumbnail","hentry","category-formation-releve"],"acf":[],"yoast_head":"<!-- This site is optimized with the Yoast SEO Premium plugin v26.8 (Yoast SEO v26.8) - https:\/\/yoast.com\/product\/yoast-seo-premium-wordpress\/ -->\n<title>\u00ab\u2009J\u2019ai entendu que vous recherchiez des apprentis\u2026\u2009\u00bb | SBC<\/title>\n<meta name=\"robots\" content=\"index, follow, max-snippet:-1, max-image-preview:large, max-video-preview:-1\" \/>\n<link rel=\"canonical\" href=\"https:\/\/swissbaker.ch\/fr\/panissimo-news\/jai-entendu-que-vous-recherchiez-des-apprentis\/\" \/>\n<meta property=\"og:locale\" content=\"fr_FR\" \/>\n<meta property=\"og:type\" content=\"article\" \/>\n<meta property=\"og:title\" content=\"\u00ab\u2009J\u2019ai entendu que vous recherchiez des apprentis\u2026\u2009\u00bb\" \/>\n<meta property=\"og:description\" content=\"D\u00e8s aujourd\u2019hui, le journal d\u2019Antonia Eichenberger para\u00eetra une fois par mois. Il concernera son quotidien d\u2019apprentie, d\u2019\u00e9l\u00e8ve, de jeune fille. \u00ab\u2009J\u2019ai entendu que vous recherchiez des apprentis pour r\u00e9diger des articles dans \u00ab\u2009panissimo\u2009\u00bb. Que dois-je faire\u2009? Mon nom est Antonia Eichenberger et je suis en 2e ann\u00e9e d\u2019apprentissage de gestionnaire de commerce de d\u00e9tail.\u2009\u00bb Fin ao\u00fbt, la r\u00e9daction de \u2039\u2009panissimo\u2009\u203a [&hellip;]\" \/>\n<meta property=\"og:url\" content=\"https:\/\/swissbaker.ch\/fr\/panissimo-news\/jai-entendu-que-vous-recherchiez-des-apprentis\/\" \/>\n<meta property=\"og:site_name\" content=\"SBC\" \/>\n<meta property=\"article:publisher\" content=\"https:\/\/www.facebook.com\/swissbaker.ch\" \/>\n<meta property=\"article:published_time\" content=\"2016-09-30T11:39:00+00:00\" \/>\n<meta property=\"article:modified_time\" content=\"2022-04-29T09:36:23+00:00\" \/>\n<meta property=\"og:image\" content=\"https:\/\/swissbaker.ch\/wp-content\/uploads\/2022\/03\/antonia_eichenberger_02.jpg\" \/>\n\t<meta property=\"og:image:width\" content=\"600\" \/>\n\t<meta property=\"og:image:height\" content=\"600\" \/>\n\t<meta property=\"og:image:type\" content=\"image\/jpeg\" \/>\n<meta name=\"author\" content=\"azureart\" \/>\n<meta name=\"twitter:card\" content=\"summary_large_image\" \/>\n<meta name=\"twitter:creator\" content=\"@ch_swissbaker\" \/>\n<meta name=\"twitter:site\" content=\"@ch_swissbaker\" \/>\n<meta name=\"twitter:label1\" content=\"Written by\" \/>\n\t<meta name=\"twitter:data1\" content=\"azureart\" \/>\n\t<meta name=\"twitter:label2\" content=\"Est. reading time\" \/>\n\t<meta name=\"twitter:data2\" content=\"2 minutes\" \/>\n<script type=\"application\/ld+json\" class=\"yoast-schema-graph\">{\"@context\":\"https:\/\/schema.org\",\"@graph\":[{\"@type\":\"Article\",\"@id\":\"https:\/\/swissbaker.ch\/fr\/panissimo-news\/jai-entendu-que-vous-recherchiez-des-apprentis\/#article\",\"isPartOf\":{\"@id\":\"https:\/\/swissbaker.ch\/fr\/panissimo-news\/jai-entendu-que-vous-recherchiez-des-apprentis\/\"},\"author\":{\"name\":\"azureart\",\"@id\":\"https:\/\/swissbaker.ch\/fr\/#\/schema\/person\/058ac47619f7da53df62aba60f939b78\"},\"headline\":\"\u00ab\u2009J\u2019ai entendu que vous recherchiez des apprentis\u2026\u2009\u00bb\",\"datePublished\":\"2016-09-30T11:39:00+00:00\",\"dateModified\":\"2022-04-29T09:36:23+00:00\",\"mainEntityOfPage\":{\"@id\":\"https:\/\/swissbaker.ch\/fr\/panissimo-news\/jai-entendu-que-vous-recherchiez-des-apprentis\/\"},\"wordCount\":380,\"commentCount\":0,\"publisher\":{\"@id\":\"https:\/\/swissbaker.ch\/fr\/#organization\"},\"image\":{\"@id\":\"https:\/\/swissbaker.ch\/fr\/panissimo-news\/jai-entendu-que-vous-recherchiez-des-apprentis\/#primaryimage\"},\"thumbnailUrl\":\"https:\/\/swissbaker.ch\/wp-content\/uploads\/2022\/03\/antonia_eichenberger_02.jpg\",\"articleSection\":[\"Formation\/Rel\u00e8ve\"],\"inLanguage\":\"fr-FR\",\"potentialAction\":[{\"@type\":\"CommentAction\",\"name\":\"Comment\",\"target\":[\"https:\/\/swissbaker.ch\/fr\/panissimo-news\/jai-entendu-que-vous-recherchiez-des-apprentis\/#respond\"]}]},{\"@type\":\"WebPage\",\"@id\":\"https:\/\/swissbaker.ch\/fr\/panissimo-news\/jai-entendu-que-vous-recherchiez-des-apprentis\/\",\"url\":\"https:\/\/swissbaker.ch\/fr\/panissimo-news\/jai-entendu-que-vous-recherchiez-des-apprentis\/\",\"name\":\"\u00ab\u2009J\u2019ai entendu que vous recherchiez des apprentis\u2026\u2009\u00bb | SBC\",\"isPartOf\":{\"@id\":\"https:\/\/swissbaker.ch\/fr\/#website\"},\"primaryImageOfPage\":{\"@id\":\"https:\/\/swissbaker.ch\/fr\/panissimo-news\/jai-entendu-que-vous-recherchiez-des-apprentis\/#primaryimage\"},\"image\":{\"@id\":\"https:\/\/swissbaker.ch\/fr\/panissimo-news\/jai-entendu-que-vous-recherchiez-des-apprentis\/#primaryimage\"},\"thumbnailUrl\":\"https:\/\/swissbaker.ch\/wp-content\/uploads\/2022\/03\/antonia_eichenberger_02.jpg\",\"datePublished\":\"2016-09-30T11:39:00+00:00\",\"dateModified\":\"2022-04-29T09:36:23+00:00\",\"breadcrumb\":{\"@id\":\"https:\/\/swissbaker.ch\/fr\/panissimo-news\/jai-entendu-que-vous-recherchiez-des-apprentis\/#breadcrumb\"},\"inLanguage\":\"fr-FR\",\"potentialAction\":[{\"@type\":\"ReadAction\",\"target\":[\"https:\/\/swissbaker.ch\/fr\/panissimo-news\/jai-entendu-que-vous-recherchiez-des-apprentis\/\"]}]},{\"@type\":\"ImageObject\",\"inLanguage\":\"fr-FR\",\"@id\":\"https:\/\/swissbaker.ch\/fr\/panissimo-news\/jai-entendu-que-vous-recherchiez-des-apprentis\/#primaryimage\",\"url\":\"https:\/\/swissbaker.ch\/wp-content\/uploads\/2022\/03\/antonia_eichenberger_02.jpg\",\"contentUrl\":\"https:\/\/swissbaker.ch\/wp-content\/uploads\/2022\/03\/antonia_eichenberger_02.jpg\",\"width\":600,\"height\":600,\"caption\":\"\u00abIch habe geh\u00f6rt, Sie suchen Lernende\u200a...\u00bb\"},{\"@type\":\"BreadcrumbList\",\"@id\":\"https:\/\/swissbaker.ch\/fr\/panissimo-news\/jai-entendu-que-vous-recherchiez-des-apprentis\/#breadcrumb\",\"itemListElement\":[{\"@type\":\"ListItem\",\"position\":1,\"name\":\"\",\"item\":\"https:\/\/swissbaker.ch\/fr\/\"},{\"@type\":\"ListItem\",\"position\":2,\"name\":\"Formation\/Rel\u00e8ve\",\"item\":\"https:\/\/swissbaker.ch\/fr\/panissimo-news\/category\/formation-releve\/\"},{\"@type\":\"ListItem\",\"position\":3,\"name\":\"\u00ab\u2009J\u2019ai entendu que vous recherchiez des apprentis\u2026\u2009\u00bb\"}]},{\"@type\":\"WebSite\",\"@id\":\"https:\/\/swissbaker.ch\/fr\/#website\",\"url\":\"https:\/\/swissbaker.ch\/fr\/\",\"name\":\"SBC\",\"description\":\"\",\"publisher\":{\"@id\":\"https:\/\/swissbaker.ch\/fr\/#organization\"},\"potentialAction\":[{\"@type\":\"SearchAction\",\"target\":{\"@type\":\"EntryPoint\",\"urlTemplate\":\"https:\/\/swissbaker.ch\/fr\/?s={search_term_string}\"},\"query-input\":{\"@type\":\"PropertyValueSpecification\",\"valueRequired\":true,\"valueName\":\"search_term_string\"}}],\"inLanguage\":\"fr-FR\"},{\"@type\":\"Organization\",\"@id\":\"https:\/\/swissbaker.ch\/fr\/#organization\",\"name\":\"Schweizerischer B\u00e4cker-Confiseurmeister-Verband\",\"url\":\"https:\/\/swissbaker.ch\/fr\/\",\"logo\":{\"@type\":\"ImageObject\",\"inLanguage\":\"fr-FR\",\"@id\":\"https:\/\/swissbaker.ch\/fr\/#\/schema\/logo\/image\/\",\"url\":\"https:\/\/swissbaker.ch\/wp-content\/uploads\/2022\/04\/sbc-logo-yoast.jpg\",\"contentUrl\":\"https:\/\/swissbaker.ch\/wp-content\/uploads\/2022\/04\/sbc-logo-yoast.jpg\",\"width\":512,\"height\":512,\"caption\":\"Schweizerischer B\u00e4cker-Confiseurmeister-Verband\"},\"image\":{\"@id\":\"https:\/\/swissbaker.ch\/fr\/#\/schema\/logo\/image\/\"},\"sameAs\":[\"https:\/\/www.facebook.com\/swissbaker.ch\",\"https:\/\/x.com\/ch_swissbaker\"]},{\"@type\":\"Person\",\"@id\":\"https:\/\/swissbaker.ch\/fr\/#\/schema\/person\/058ac47619f7da53df62aba60f939b78\",\"name\":\"azureart\",\"image\":{\"@type\":\"ImageObject\",\"inLanguage\":\"fr-FR\",\"@id\":\"https:\/\/swissbaker.ch\/fr\/#\/schema\/person\/image\/\",\"url\":\"https:\/\/secure.gravatar.com\/avatar\/be04dd3098fd612c83067af4f7a295384c93cb6a9112f51beb9d2f477d25da61?s=96&d=mm&r=g\",\"contentUrl\":\"https:\/\/secure.gravatar.com\/avatar\/be04dd3098fd612c83067af4f7a295384c93cb6a9112f51beb9d2f477d25da61?s=96&d=mm&r=g\",\"caption\":\"azureart\"},\"sameAs\":[\"https:\/\/swissbaker.ch\"],\"url\":\"https:\/\/swissbaker.ch\/fr\/panissimo-news\/author\/pixel-ahoi\/\"}]}<\/script>\n<!-- \/ Yoast SEO Premium plugin. -->","yoast_head_json":{"title":"\u00ab\u2009J\u2019ai entendu que vous recherchiez des apprentis\u2026\u2009\u00bb | SBC","robots":{"index":"index","follow":"follow","max-snippet":"max-snippet:-1","max-image-preview":"max-image-preview:large","max-video-preview":"max-video-preview:-1"},"canonical":"https:\/\/swissbaker.ch\/fr\/panissimo-news\/jai-entendu-que-vous-recherchiez-des-apprentis\/","og_locale":"fr_FR","og_type":"article","og_title":"\u00ab\u2009J\u2019ai entendu que vous recherchiez des apprentis\u2026\u2009\u00bb","og_description":"D\u00e8s aujourd\u2019hui, le journal d\u2019Antonia Eichenberger para\u00eetra une fois par mois. Il concernera son quotidien d\u2019apprentie, d\u2019\u00e9l\u00e8ve, de jeune fille. \u00ab\u2009J\u2019ai entendu que vous recherchiez des apprentis pour r\u00e9diger des articles dans \u00ab\u2009panissimo\u2009\u00bb. Que dois-je faire\u2009? Mon nom est Antonia Eichenberger et je suis en 2e ann\u00e9e d\u2019apprentissage de gestionnaire de commerce de d\u00e9tail.\u2009\u00bb Fin ao\u00fbt, la r\u00e9daction de \u2039\u2009panissimo\u2009\u203a [&hellip;]","og_url":"https:\/\/swissbaker.ch\/fr\/panissimo-news\/jai-entendu-que-vous-recherchiez-des-apprentis\/","og_site_name":"SBC","article_publisher":"https:\/\/www.facebook.com\/swissbaker.ch","article_published_time":"2016-09-30T11:39:00+00:00","article_modified_time":"2022-04-29T09:36:23+00:00","og_image":[{"width":600,"height":600,"url":"https:\/\/swissbaker.ch\/wp-content\/uploads\/2022\/03\/antonia_eichenberger_02.jpg","type":"image\/jpeg"}],"author":"azureart","twitter_card":"summary_large_image","twitter_creator":"@ch_swissbaker","twitter_site":"@ch_swissbaker","twitter_misc":{"Written by":"azureart","Est. reading time":"2 minutes"},"schema":{"@context":"https:\/\/schema.org","@graph":[{"@type":"Article","@id":"https:\/\/swissbaker.ch\/fr\/panissimo-news\/jai-entendu-que-vous-recherchiez-des-apprentis\/#article","isPartOf":{"@id":"https:\/\/swissbaker.ch\/fr\/panissimo-news\/jai-entendu-que-vous-recherchiez-des-apprentis\/"},"author":{"name":"azureart","@id":"https:\/\/swissbaker.ch\/fr\/#\/schema\/person\/058ac47619f7da53df62aba60f939b78"},"headline":"\u00ab\u2009J\u2019ai entendu que vous recherchiez des apprentis\u2026\u2009\u00bb","datePublished":"2016-09-30T11:39:00+00:00","dateModified":"2022-04-29T09:36:23+00:00","mainEntityOfPage":{"@id":"https:\/\/swissbaker.ch\/fr\/panissimo-news\/jai-entendu-que-vous-recherchiez-des-apprentis\/"},"wordCount":380,"commentCount":0,"publisher":{"@id":"https:\/\/swissbaker.ch\/fr\/#organization"},"image":{"@id":"https:\/\/swissbaker.ch\/fr\/panissimo-news\/jai-entendu-que-vous-recherchiez-des-apprentis\/#primaryimage"},"thumbnailUrl":"https:\/\/swissbaker.ch\/wp-content\/uploads\/2022\/03\/antonia_eichenberger_02.jpg","articleSection":["Formation\/Rel\u00e8ve"],"inLanguage":"fr-FR","potentialAction":[{"@type":"CommentAction","name":"Comment","target":["https:\/\/swissbaker.ch\/fr\/panissimo-news\/jai-entendu-que-vous-recherchiez-des-apprentis\/#respond"]}]},{"@type":"WebPage","@id":"https:\/\/swissbaker.ch\/fr\/panissimo-news\/jai-entendu-que-vous-recherchiez-des-apprentis\/","url":"https:\/\/swissbaker.ch\/fr\/panissimo-news\/jai-entendu-que-vous-recherchiez-des-apprentis\/","name":"\u00ab\u2009J\u2019ai entendu que vous recherchiez des apprentis\u2026\u2009\u00bb | SBC","isPartOf":{"@id":"https:\/\/swissbaker.ch\/fr\/#website"},"primaryImageOfPage":{"@id":"https:\/\/swissbaker.ch\/fr\/panissimo-news\/jai-entendu-que-vous-recherchiez-des-apprentis\/#primaryimage"},"image":{"@id":"https:\/\/swissbaker.ch\/fr\/panissimo-news\/jai-entendu-que-vous-recherchiez-des-apprentis\/#primaryimage"},"thumbnailUrl":"https:\/\/swissbaker.ch\/wp-content\/uploads\/2022\/03\/antonia_eichenberger_02.jpg","datePublished":"2016-09-30T11:39:00+00:00","dateModified":"2022-04-29T09:36:23+00:00","breadcrumb":{"@id":"https:\/\/swissbaker.ch\/fr\/panissimo-news\/jai-entendu-que-vous-recherchiez-des-apprentis\/#breadcrumb"},"inLanguage":"fr-FR","potentialAction":[{"@type":"ReadAction","target":["https:\/\/swissbaker.ch\/fr\/panissimo-news\/jai-entendu-que-vous-recherchiez-des-apprentis\/"]}]},{"@type":"ImageObject","inLanguage":"fr-FR","@id":"https:\/\/swissbaker.ch\/fr\/panissimo-news\/jai-entendu-que-vous-recherchiez-des-apprentis\/#primaryimage","url":"https:\/\/swissbaker.ch\/wp-content\/uploads\/2022\/03\/antonia_eichenberger_02.jpg","contentUrl":"https:\/\/swissbaker.ch\/wp-content\/uploads\/2022\/03\/antonia_eichenberger_02.jpg","width":600,"height":600,"caption":"\u00abIch habe geh\u00f6rt, Sie suchen Lernende\u200a...\u00bb"},{"@type":"BreadcrumbList","@id":"https:\/\/swissbaker.ch\/fr\/panissimo-news\/jai-entendu-que-vous-recherchiez-des-apprentis\/#breadcrumb","itemListElement":[{"@type":"ListItem","position":1,"name":"","item":"https:\/\/swissbaker.ch\/fr\/"},{"@type":"ListItem","position":2,"name":"Formation\/Rel\u00e8ve","item":"https:\/\/swissbaker.ch\/fr\/panissimo-news\/category\/formation-releve\/"},{"@type":"ListItem","position":3,"name":"\u00ab\u2009J\u2019ai entendu que vous recherchiez des apprentis\u2026\u2009\u00bb"}]},{"@type":"WebSite","@id":"https:\/\/swissbaker.ch\/fr\/#website","url":"https:\/\/swissbaker.ch\/fr\/","name":"SBC","description":"","publisher":{"@id":"https:\/\/swissbaker.ch\/fr\/#organization"},"potentialAction":[{"@type":"SearchAction","target":{"@type":"EntryPoint","urlTemplate":"https:\/\/swissbaker.ch\/fr\/?s={search_term_string}"},"query-input":{"@type":"PropertyValueSpecification","valueRequired":true,"valueName":"search_term_string"}}],"inLanguage":"fr-FR"},{"@type":"Organization","@id":"https:\/\/swissbaker.ch\/fr\/#organization","name":"Schweizerischer B\u00e4cker-Confiseurmeister-Verband","url":"https:\/\/swissbaker.ch\/fr\/","logo":{"@type":"ImageObject","inLanguage":"fr-FR","@id":"https:\/\/swissbaker.ch\/fr\/#\/schema\/logo\/image\/","url":"https:\/\/swissbaker.ch\/wp-content\/uploads\/2022\/04\/sbc-logo-yoast.jpg","contentUrl":"https:\/\/swissbaker.ch\/wp-content\/uploads\/2022\/04\/sbc-logo-yoast.jpg","width":512,"height":512,"caption":"Schweizerischer B\u00e4cker-Confiseurmeister-Verband"},"image":{"@id":"https:\/\/swissbaker.ch\/fr\/#\/schema\/logo\/image\/"},"sameAs":["https:\/\/www.facebook.com\/swissbaker.ch","https:\/\/x.com\/ch_swissbaker"]},{"@type":"Person","@id":"https:\/\/swissbaker.ch\/fr\/#\/schema\/person\/058ac47619f7da53df62aba60f939b78","name":"azureart","image":{"@type":"ImageObject","inLanguage":"fr-FR","@id":"https:\/\/swissbaker.ch\/fr\/#\/schema\/person\/image\/","url":"https:\/\/secure.gravatar.com\/avatar\/be04dd3098fd612c83067af4f7a295384c93cb6a9112f51beb9d2f477d25da61?s=96&d=mm&r=g","contentUrl":"https:\/\/secure.gravatar.com\/avatar\/be04dd3098fd612c83067af4f7a295384c93cb6a9112f51beb9d2f477d25da61?s=96&d=mm&r=g","caption":"azureart"},"sameAs":["https:\/\/swissbaker.ch"],"url":"https:\/\/swissbaker.ch\/fr\/panissimo-news\/author\/pixel-ahoi\/"}]}},"_links":{"self":[{"href":"https:\/\/swissbaker.ch\/fr\/wp-json\/wp\/v2\/posts\/7398","targetHints":{"allow":["GET"]}}],"collection":[{"href":"https:\/\/swissbaker.ch\/fr\/wp-json\/wp\/v2\/posts"}],"about":[{"href":"https:\/\/swissbaker.ch\/fr\/wp-json\/wp\/v2\/types\/post"}],"author":[{"embeddable":true,"href":"https:\/\/swissbaker.ch\/fr\/wp-json\/wp\/v2\/users\/1"}],"replies":[{"embeddable":true,"href":"https:\/\/swissbaker.ch\/fr\/wp-json\/wp\/v2\/comments?post=7398"}],"version-history":[{"count":0,"href":"https:\/\/swissbaker.ch\/fr\/wp-json\/wp\/v2\/posts\/7398\/revisions"}],"wp:featuredmedia":[{"embeddable":true,"href":"https:\/\/swissbaker.ch\/fr\/wp-json\/wp\/v2\/media\/5419"}],"wp:attachment":[{"href":"https:\/\/swissbaker.ch\/fr\/wp-json\/wp\/v2\/media?parent=7398"}],"wp:term":[{"taxonomy":"category","embeddable":true,"href":"https:\/\/swissbaker.ch\/fr\/wp-json\/wp\/v2\/categories?post=7398"},{"taxonomy":"post_tag","embeddable":true,"href":"https:\/\/swissbaker.ch\/fr\/wp-json\/wp\/v2\/tags?post=7398"}],"curies":[{"name":"wp","href":"https:\/\/api.w.org\/{rel}","templated":true}]}}