{"id":73929,"date":"2024-01-11T08:24:10","date_gmt":"2024-01-11T07:24:10","guid":{"rendered":"https:\/\/swissbaker.ch\/?p=73929"},"modified":"2024-01-11T08:24:11","modified_gmt":"2024-01-11T07:24:11","slug":"les-voeux-du-president-romand-2","status":"publish","type":"post","link":"https:\/\/swissbaker.ch\/fr\/panissimo-news\/les-voeux-du-president-romand-2\/","title":{"rendered":"Les v\u0153ux du pr\u00e9sident romand"},"content":{"rendered":"\n<p>Chers membres de l\u2019Association romande des artisans boulangers-p\u00e2tissiers-confiseurs,<\/p>\n\n\n\n<p>En tant que pr\u00e9sident sortant, je tiens \u00e0 vous adresser mes v\u0153ux les plus chaleureux pour cette nouvelle ann\u00e9e. Permettez-moi de vous offrir un mot empreint de respect et d\u2019admiration envers vous et nos a\u00een\u00e9s qui consacrent et qui ont consacr\u00e9 leur vie \u00e0 notre noble m\u00e9tier de boulanger-p\u00e2tissier-confiseur.<\/p>\n\n\n\n<p>Chers anciens, votre exp\u00e9rience et votre savoir-faire ont fa\u00e7onn\u00e9 notre artisanat et ont inspir\u00e9 les g\u00e9n\u00e9rations futures. Votre d\u00e9vouement, votre passion et votre travail acharn\u00e9 ont contribu\u00e9 \u00e0 la renomm\u00e9e de la boulangerie artisanale en Romandie.<\/p>\n\n\n\n<p>En cette p\u00e9riode de transition vers une nouvelle ann\u00e9e, je souhaite exprimer ma gratitude pour votre contribution inestimable. Votre h\u00e9ritage est un pilier solide sur lequel nous nous appuyons pour continuer \u00e0 faire prosp\u00e9rer notre m\u00e9tier. Vos valeurs, votre sens de la tradition et votre amour pour la qualit\u00e9 et le travail bien fait sont des exemples que nous nous effor\u00e7ons de suivre chaque jour.<\/p>\n\n\n\n<p>Que cette nouvelle ann\u00e9e vous apporte sant\u00e9, bonheur et s\u00e9r\u00e9nit\u00e9. Puissiez-vous continuer \u00e0 inspirer et \u00e0 guider les boulangers de demain, en partageant votre sagesse et votre expertise. En ces temps toujours plus durs pour nos artisans dus \u00e0 l\u2019augmentation des frais, du manque de personnel, de la client\u00e8le toujours plus exigeante et de la concurrence toujours plus rude des grands magasins, je tiens \u00e0 vous f\u00e9liciter pour le travail que vous effectuez sans rel\u00e2che tous les jours.<\/p>\n\n\n\n<p>Un nouvel \u00e9lan sera donn\u00e9 cette ann\u00e9e \u00e0 notre association et on ne peut que se r\u00e9jouir du renouveau qui sera apport\u00e9 \u00e0 notre association par le nouveau pr\u00e9sident et les membres du comit\u00e9 actuel, n\u2019ayons pas peur du changement et gardons les bases saines que nos anciens nous ont inculqu\u00e9es.<\/p>\n\n\n\n<p>Je vous souhaite \u00e0 vous et votre famille, la sant\u00e9, le succ\u00e8s et le bonheur ainsi qu\u2019une belle ann\u00e9e 2024.<\/p>\n\n\n\n<p class=\"has-text-align-right\"><em>Ecoffey Didier, pr\u00e9sident de l\u2019Assocation romande <br>des artisans boulangers-p\u00e2tissiers-confiseurs<\/em><\/p>\n","protected":false},"excerpt":{"rendered":"<p>Chers membres de l\u2019Association romande des artisans boulangers-p\u00e2tissiers-confiseurs, En tant que pr\u00e9sident sortant, je tiens \u00e0 vous adresser mes v\u0153ux les plus chaleureux pour cette nouvelle ann\u00e9e. Permettez-moi de vous offrir un mot empreint de respect et d\u2019admiration envers vous et nos a\u00een\u00e9s qui consacrent et qui ont consacr\u00e9 leur vie \u00e0 notre noble m\u00e9tier de boulanger-p\u00e2tissier-confiseur. Chers anciens, votre [&hellip;]<\/p>\n","protected":false},"author":4,"featured_media":55207,"comment_status":"closed","ping_status":"closed","sticky":false,"template":"","format":"standard","meta":{"_acf_changed":false,"footnotes":""},"categories":[40],"tags":[],"class_list":["post-73929","post","type-post","status-publish","format-standard","has-post-thumbnail","hentry","category-des-cantons"],"acf":[],"yoast_head":"<!-- This site is optimized with the Yoast SEO Premium plugin v26.8 (Yoast SEO v26.8) - https:\/\/yoast.com\/product\/yoast-seo-premium-wordpress\/ -->\n<title>Les v\u0153ux du pr\u00e9sident romand | SBC<\/title>\n<meta name=\"description\" content=\"Le pr\u00e9sident de la Romandie s&#039;adresse aux membres en ce d\u00e9but d&#039;ann\u00e9e.\" \/>\n<meta name=\"robots\" content=\"index, follow, max-snippet:-1, max-image-preview:large, max-video-preview:-1\" \/>\n<link rel=\"canonical\" href=\"https:\/\/swissbaker.ch\/fr\/panissimo-news\/les-voeux-du-president-romand-2\/\" \/>\n<meta property=\"og:locale\" content=\"fr_FR\" \/>\n<meta property=\"og:type\" content=\"article\" \/>\n<meta property=\"og:title\" content=\"Les v\u0153ux du pr\u00e9sident romand\" \/>\n<meta property=\"og:description\" content=\"Le pr\u00e9sident de la Romandie s&#039;adresse aux membres en ce d\u00e9but d&#039;ann\u00e9e.\" \/>\n<meta property=\"og:url\" content=\"https:\/\/swissbaker.ch\/fr\/panissimo-news\/les-voeux-du-president-romand-2\/\" \/>\n<meta property=\"og:site_name\" content=\"SBC\" \/>\n<meta property=\"article:publisher\" content=\"https:\/\/www.facebook.com\/swissbaker.ch\" \/>\n<meta property=\"article:published_time\" content=\"2024-01-11T07:24:10+00:00\" \/>\n<meta property=\"article:modified_time\" content=\"2024-01-11T07:24:11+00:00\" \/>\n<meta property=\"og:image\" content=\"https:\/\/swissbaker.ch\/wp-content\/uploads\/2023\/01\/1_1_didier_ecoffey.jpg\" \/>\n\t<meta property=\"og:image:width\" content=\"1200\" \/>\n\t<meta property=\"og:image:height\" content=\"712\" \/>\n\t<meta property=\"og:image:type\" content=\"image\/jpeg\" \/>\n<meta name=\"author\" content=\"Elina Laich\" \/>\n<meta name=\"twitter:card\" content=\"summary_large_image\" \/>\n<meta name=\"twitter:creator\" content=\"@ch_swissbaker\" \/>\n<meta name=\"twitter:site\" content=\"@ch_swissbaker\" \/>\n<meta name=\"twitter:label1\" content=\"Written by\" \/>\n\t<meta name=\"twitter:data1\" content=\"Elina Laich\" \/>\n\t<meta name=\"twitter:label2\" content=\"Est. reading time\" \/>\n\t<meta name=\"twitter:data2\" content=\"2 minutes\" \/>\n<script type=\"application\/ld+json\" class=\"yoast-schema-graph\">{\"@context\":\"https:\/\/schema.org\",\"@graph\":[{\"@type\":\"Article\",\"@id\":\"https:\/\/swissbaker.ch\/fr\/panissimo-news\/les-voeux-du-president-romand-2\/#article\",\"isPartOf\":{\"@id\":\"https:\/\/swissbaker.ch\/fr\/panissimo-news\/les-voeux-du-president-romand-2\/\"},\"author\":{\"name\":\"Elina Laich\",\"@id\":\"https:\/\/swissbaker.ch\/fr\/#\/schema\/person\/0c7464407782a0917d6e91a74206a176\"},\"headline\":\"Les v\u0153ux du pr\u00e9sident romand\",\"datePublished\":\"2024-01-11T07:24:10+00:00\",\"dateModified\":\"2024-01-11T07:24:11+00:00\",\"mainEntityOfPage\":{\"@id\":\"https:\/\/swissbaker.ch\/fr\/panissimo-news\/les-voeux-du-president-romand-2\/\"},\"wordCount\":351,\"publisher\":{\"@id\":\"https:\/\/swissbaker.ch\/fr\/#organization\"},\"image\":{\"@id\":\"https:\/\/swissbaker.ch\/fr\/panissimo-news\/les-voeux-du-president-romand-2\/#primaryimage\"},\"thumbnailUrl\":\"https:\/\/swissbaker.ch\/wp-content\/uploads\/2023\/01\/1_1_didier_ecoffey.jpg\",\"articleSection\":[\"Des cantons\"],\"inLanguage\":\"fr-FR\"},{\"@type\":\"WebPage\",\"@id\":\"https:\/\/swissbaker.ch\/fr\/panissimo-news\/les-voeux-du-president-romand-2\/\",\"url\":\"https:\/\/swissbaker.ch\/fr\/panissimo-news\/les-voeux-du-president-romand-2\/\",\"name\":\"Les v\u0153ux du pr\u00e9sident romand | SBC\",\"isPartOf\":{\"@id\":\"https:\/\/swissbaker.ch\/fr\/#website\"},\"primaryImageOfPage\":{\"@id\":\"https:\/\/swissbaker.ch\/fr\/panissimo-news\/les-voeux-du-president-romand-2\/#primaryimage\"},\"image\":{\"@id\":\"https:\/\/swissbaker.ch\/fr\/panissimo-news\/les-voeux-du-president-romand-2\/#primaryimage\"},\"thumbnailUrl\":\"https:\/\/swissbaker.ch\/wp-content\/uploads\/2023\/01\/1_1_didier_ecoffey.jpg\",\"datePublished\":\"2024-01-11T07:24:10+00:00\",\"dateModified\":\"2024-01-11T07:24:11+00:00\",\"description\":\"Le pr\u00e9sident de la Romandie s'adresse aux membres en ce d\u00e9but d'ann\u00e9e.\",\"breadcrumb\":{\"@id\":\"https:\/\/swissbaker.ch\/fr\/panissimo-news\/les-voeux-du-president-romand-2\/#breadcrumb\"},\"inLanguage\":\"fr-FR\",\"potentialAction\":[{\"@type\":\"ReadAction\",\"target\":[\"https:\/\/swissbaker.ch\/fr\/panissimo-news\/les-voeux-du-president-romand-2\/\"]}]},{\"@type\":\"ImageObject\",\"inLanguage\":\"fr-FR\",\"@id\":\"https:\/\/swissbaker.ch\/fr\/panissimo-news\/les-voeux-du-president-romand-2\/#primaryimage\",\"url\":\"https:\/\/swissbaker.ch\/wp-content\/uploads\/2023\/01\/1_1_didier_ecoffey.jpg\",\"contentUrl\":\"https:\/\/swissbaker.ch\/wp-content\/uploads\/2023\/01\/1_1_didier_ecoffey.jpg\",\"width\":1200,\"height\":712},{\"@type\":\"BreadcrumbList\",\"@id\":\"https:\/\/swissbaker.ch\/fr\/panissimo-news\/les-voeux-du-president-romand-2\/#breadcrumb\",\"itemListElement\":[{\"@type\":\"ListItem\",\"position\":1,\"name\":\"\",\"item\":\"https:\/\/swissbaker.ch\/fr\/\"},{\"@type\":\"ListItem\",\"position\":2,\"name\":\"Des cantons\",\"item\":\"https:\/\/swissbaker.ch\/fr\/panissimo-news\/category\/des-cantons\/\"},{\"@type\":\"ListItem\",\"position\":3,\"name\":\"Les v\u0153ux du pr\u00e9sident romand\"}]},{\"@type\":\"WebSite\",\"@id\":\"https:\/\/swissbaker.ch\/fr\/#website\",\"url\":\"https:\/\/swissbaker.ch\/fr\/\",\"name\":\"SBC\",\"description\":\"\",\"publisher\":{\"@id\":\"https:\/\/swissbaker.ch\/fr\/#organization\"},\"potentialAction\":[{\"@type\":\"SearchAction\",\"target\":{\"@type\":\"EntryPoint\",\"urlTemplate\":\"https:\/\/swissbaker.ch\/fr\/?s={search_term_string}\"},\"query-input\":{\"@type\":\"PropertyValueSpecification\",\"valueRequired\":true,\"valueName\":\"search_term_string\"}}],\"inLanguage\":\"fr-FR\"},{\"@type\":\"Organization\",\"@id\":\"https:\/\/swissbaker.ch\/fr\/#organization\",\"name\":\"Schweizerischer B\u00e4cker-Confiseurmeister-Verband\",\"url\":\"https:\/\/swissbaker.ch\/fr\/\",\"logo\":{\"@type\":\"ImageObject\",\"inLanguage\":\"fr-FR\",\"@id\":\"https:\/\/swissbaker.ch\/fr\/#\/schema\/logo\/image\/\",\"url\":\"https:\/\/swissbaker.ch\/wp-content\/uploads\/2022\/04\/sbc-logo-yoast.jpg\",\"contentUrl\":\"https:\/\/swissbaker.ch\/wp-content\/uploads\/2022\/04\/sbc-logo-yoast.jpg\",\"width\":512,\"height\":512,\"caption\":\"Schweizerischer B\u00e4cker-Confiseurmeister-Verband\"},\"image\":{\"@id\":\"https:\/\/swissbaker.ch\/fr\/#\/schema\/logo\/image\/\"},\"sameAs\":[\"https:\/\/www.facebook.com\/swissbaker.ch\",\"https:\/\/x.com\/ch_swissbaker\"]},{\"@type\":\"Person\",\"@id\":\"https:\/\/swissbaker.ch\/fr\/#\/schema\/person\/0c7464407782a0917d6e91a74206a176\",\"name\":\"Elina Laich\",\"image\":{\"@type\":\"ImageObject\",\"inLanguage\":\"fr-FR\",\"@id\":\"https:\/\/swissbaker.ch\/fr\/#\/schema\/person\/image\/\",\"url\":\"https:\/\/secure.gravatar.com\/avatar\/f942ca5f8668781d3ded9592a21de46001e053aff264ff1c6deb97b59d3604b2?s=96&d=mm&r=g\",\"contentUrl\":\"https:\/\/secure.gravatar.com\/avatar\/f942ca5f8668781d3ded9592a21de46001e053aff264ff1c6deb97b59d3604b2?s=96&d=mm&r=g\",\"caption\":\"Elina Laich\"},\"url\":\"https:\/\/swissbaker.ch\/fr\/panissimo-news\/author\/elina-laich\/\"}]}<\/script>\n<!-- \/ Yoast SEO Premium plugin. -->","yoast_head_json":{"title":"Les v\u0153ux du pr\u00e9sident romand | SBC","description":"Le pr\u00e9sident de la Romandie s'adresse aux membres en ce d\u00e9but d'ann\u00e9e.","robots":{"index":"index","follow":"follow","max-snippet":"max-snippet:-1","max-image-preview":"max-image-preview:large","max-video-preview":"max-video-preview:-1"},"canonical":"https:\/\/swissbaker.ch\/fr\/panissimo-news\/les-voeux-du-president-romand-2\/","og_locale":"fr_FR","og_type":"article","og_title":"Les v\u0153ux du pr\u00e9sident romand","og_description":"Le pr\u00e9sident de la Romandie s'adresse aux membres en ce d\u00e9but d'ann\u00e9e.","og_url":"https:\/\/swissbaker.ch\/fr\/panissimo-news\/les-voeux-du-president-romand-2\/","og_site_name":"SBC","article_publisher":"https:\/\/www.facebook.com\/swissbaker.ch","article_published_time":"2024-01-11T07:24:10+00:00","article_modified_time":"2024-01-11T07:24:11+00:00","og_image":[{"width":1200,"height":712,"url":"https:\/\/swissbaker.ch\/wp-content\/uploads\/2023\/01\/1_1_didier_ecoffey.jpg","type":"image\/jpeg"}],"author":"Elina Laich","twitter_card":"summary_large_image","twitter_creator":"@ch_swissbaker","twitter_site":"@ch_swissbaker","twitter_misc":{"Written by":"Elina Laich","Est. reading time":"2 minutes"},"schema":{"@context":"https:\/\/schema.org","@graph":[{"@type":"Article","@id":"https:\/\/swissbaker.ch\/fr\/panissimo-news\/les-voeux-du-president-romand-2\/#article","isPartOf":{"@id":"https:\/\/swissbaker.ch\/fr\/panissimo-news\/les-voeux-du-president-romand-2\/"},"author":{"name":"Elina Laich","@id":"https:\/\/swissbaker.ch\/fr\/#\/schema\/person\/0c7464407782a0917d6e91a74206a176"},"headline":"Les v\u0153ux du pr\u00e9sident romand","datePublished":"2024-01-11T07:24:10+00:00","dateModified":"2024-01-11T07:24:11+00:00","mainEntityOfPage":{"@id":"https:\/\/swissbaker.ch\/fr\/panissimo-news\/les-voeux-du-president-romand-2\/"},"wordCount":351,"publisher":{"@id":"https:\/\/swissbaker.ch\/fr\/#organization"},"image":{"@id":"https:\/\/swissbaker.ch\/fr\/panissimo-news\/les-voeux-du-president-romand-2\/#primaryimage"},"thumbnailUrl":"https:\/\/swissbaker.ch\/wp-content\/uploads\/2023\/01\/1_1_didier_ecoffey.jpg","articleSection":["Des cantons"],"inLanguage":"fr-FR"},{"@type":"WebPage","@id":"https:\/\/swissbaker.ch\/fr\/panissimo-news\/les-voeux-du-president-romand-2\/","url":"https:\/\/swissbaker.ch\/fr\/panissimo-news\/les-voeux-du-president-romand-2\/","name":"Les v\u0153ux du pr\u00e9sident romand | SBC","isPartOf":{"@id":"https:\/\/swissbaker.ch\/fr\/#website"},"primaryImageOfPage":{"@id":"https:\/\/swissbaker.ch\/fr\/panissimo-news\/les-voeux-du-president-romand-2\/#primaryimage"},"image":{"@id":"https:\/\/swissbaker.ch\/fr\/panissimo-news\/les-voeux-du-president-romand-2\/#primaryimage"},"thumbnailUrl":"https:\/\/swissbaker.ch\/wp-content\/uploads\/2023\/01\/1_1_didier_ecoffey.jpg","datePublished":"2024-01-11T07:24:10+00:00","dateModified":"2024-01-11T07:24:11+00:00","description":"Le pr\u00e9sident de la Romandie s'adresse aux membres en ce d\u00e9but d'ann\u00e9e.","breadcrumb":{"@id":"https:\/\/swissbaker.ch\/fr\/panissimo-news\/les-voeux-du-president-romand-2\/#breadcrumb"},"inLanguage":"fr-FR","potentialAction":[{"@type":"ReadAction","target":["https:\/\/swissbaker.ch\/fr\/panissimo-news\/les-voeux-du-president-romand-2\/"]}]},{"@type":"ImageObject","inLanguage":"fr-FR","@id":"https:\/\/swissbaker.ch\/fr\/panissimo-news\/les-voeux-du-president-romand-2\/#primaryimage","url":"https:\/\/swissbaker.ch\/wp-content\/uploads\/2023\/01\/1_1_didier_ecoffey.jpg","contentUrl":"https:\/\/swissbaker.ch\/wp-content\/uploads\/2023\/01\/1_1_didier_ecoffey.jpg","width":1200,"height":712},{"@type":"BreadcrumbList","@id":"https:\/\/swissbaker.ch\/fr\/panissimo-news\/les-voeux-du-president-romand-2\/#breadcrumb","itemListElement":[{"@type":"ListItem","position":1,"name":"","item":"https:\/\/swissbaker.ch\/fr\/"},{"@type":"ListItem","position":2,"name":"Des cantons","item":"https:\/\/swissbaker.ch\/fr\/panissimo-news\/category\/des-cantons\/"},{"@type":"ListItem","position":3,"name":"Les v\u0153ux du pr\u00e9sident romand"}]},{"@type":"WebSite","@id":"https:\/\/swissbaker.ch\/fr\/#website","url":"https:\/\/swissbaker.ch\/fr\/","name":"SBC","description":"","publisher":{"@id":"https:\/\/swissbaker.ch\/fr\/#organization"},"potentialAction":[{"@type":"SearchAction","target":{"@type":"EntryPoint","urlTemplate":"https:\/\/swissbaker.ch\/fr\/?s={search_term_string}"},"query-input":{"@type":"PropertyValueSpecification","valueRequired":true,"valueName":"search_term_string"}}],"inLanguage":"fr-FR"},{"@type":"Organization","@id":"https:\/\/swissbaker.ch\/fr\/#organization","name":"Schweizerischer B\u00e4cker-Confiseurmeister-Verband","url":"https:\/\/swissbaker.ch\/fr\/","logo":{"@type":"ImageObject","inLanguage":"fr-FR","@id":"https:\/\/swissbaker.ch\/fr\/#\/schema\/logo\/image\/","url":"https:\/\/swissbaker.ch\/wp-content\/uploads\/2022\/04\/sbc-logo-yoast.jpg","contentUrl":"https:\/\/swissbaker.ch\/wp-content\/uploads\/2022\/04\/sbc-logo-yoast.jpg","width":512,"height":512,"caption":"Schweizerischer B\u00e4cker-Confiseurmeister-Verband"},"image":{"@id":"https:\/\/swissbaker.ch\/fr\/#\/schema\/logo\/image\/"},"sameAs":["https:\/\/www.facebook.com\/swissbaker.ch","https:\/\/x.com\/ch_swissbaker"]},{"@type":"Person","@id":"https:\/\/swissbaker.ch\/fr\/#\/schema\/person\/0c7464407782a0917d6e91a74206a176","name":"Elina Laich","image":{"@type":"ImageObject","inLanguage":"fr-FR","@id":"https:\/\/swissbaker.ch\/fr\/#\/schema\/person\/image\/","url":"https:\/\/secure.gravatar.com\/avatar\/f942ca5f8668781d3ded9592a21de46001e053aff264ff1c6deb97b59d3604b2?s=96&d=mm&r=g","contentUrl":"https:\/\/secure.gravatar.com\/avatar\/f942ca5f8668781d3ded9592a21de46001e053aff264ff1c6deb97b59d3604b2?s=96&d=mm&r=g","caption":"Elina Laich"},"url":"https:\/\/swissbaker.ch\/fr\/panissimo-news\/author\/elina-laich\/"}]}},"_links":{"self":[{"href":"https:\/\/swissbaker.ch\/fr\/wp-json\/wp\/v2\/posts\/73929","targetHints":{"allow":["GET"]}}],"collection":[{"href":"https:\/\/swissbaker.ch\/fr\/wp-json\/wp\/v2\/posts"}],"about":[{"href":"https:\/\/swissbaker.ch\/fr\/wp-json\/wp\/v2\/types\/post"}],"author":[{"embeddable":true,"href":"https:\/\/swissbaker.ch\/fr\/wp-json\/wp\/v2\/users\/4"}],"replies":[{"embeddable":true,"href":"https:\/\/swissbaker.ch\/fr\/wp-json\/wp\/v2\/comments?post=73929"}],"version-history":[{"count":0,"href":"https:\/\/swissbaker.ch\/fr\/wp-json\/wp\/v2\/posts\/73929\/revisions"}],"wp:featuredmedia":[{"embeddable":true,"href":"https:\/\/swissbaker.ch\/fr\/wp-json\/wp\/v2\/media\/55207"}],"wp:attachment":[{"href":"https:\/\/swissbaker.ch\/fr\/wp-json\/wp\/v2\/media?parent=73929"}],"wp:term":[{"taxonomy":"category","embeddable":true,"href":"https:\/\/swissbaker.ch\/fr\/wp-json\/wp\/v2\/categories?post=73929"},{"taxonomy":"post_tag","embeddable":true,"href":"https:\/\/swissbaker.ch\/fr\/wp-json\/wp\/v2\/tags?post=73929"}],"curies":[{"name":"wp","href":"https:\/\/api.w.org\/{rel}","templated":true}]}}