{"id":7389,"date":"2022-02-17T10:35:00","date_gmt":"2022-02-17T09:35:00","guid":{"rendered":"https:\/\/swissbaker.ch\/?p=7389"},"modified":"2022-04-29T11:29:53","modified_gmt":"2022-04-29T09:29:53","slug":"boulangeries-confiseries-cafes-plus-de-masque-ni-de-certificat","status":"publish","type":"post","link":"https:\/\/swissbaker.ch\/fr\/panissimo-news\/boulangeries-confiseries-cafes-plus-de-masque-ni-de-certificat\/","title":{"rendered":"Boulangeries-confiseries-caf\u00e9s : plus de masque ni de certificat"},"content":{"rendered":"\n<p><strong>D\u00e8s aujourd&#8217;hui 17 f\u00e9vrier, l\u2019acc\u00e8s aux magasins, aux caf\u00e9s-restaurants et aux manifestations est \u00e0 nouveau possible sans masque ni certificat. La recommandation de t\u00e9l\u00e9travail est \u00e9galement abrog\u00e9e. Le Conseil f\u00e9d\u00e9ral ne maintient que l\u2019isolement des personnes d\u00e9pist\u00e9es positives ainsi que le port du masque obligatoire dans les transports publics et dans les \u00e9tablissements de sant\u00e9. Ces mesures resteront applicables jusqu\u2019\u00e0 la fin mars 2022; la situation devrait ensuite revenir \u00e0 la normale, a annonc\u00e9 le Conseil f\u00e9d\u00e9ral lors de sa conf\u00e9rence de presse du 16 f\u00e9vrier. \u00abLa lumi\u00e8re est bel et bien l\u00e0 \u00e0 l\u2019horizon\u00bb, a constat\u00e9 le pr\u00e9sident de la Conf\u00e9d\u00e9ration Ignazio Cassis.<\/strong><\/p>\n\n\n\n<p>Apr\u00e8s consultation des cantons, des partenaires sociaux, des commissions parlementaires et des associations concern\u00e9es, le Conseil f\u00e9d\u00e9ral l\u00e8ve les mesures de protection suivantes jeudi 17 f\u00e9vrier:<\/p>\n\n\n\n<ul class=\"wp-block-list\"><li><strong>le port du masque obligatoire dans les magasins, les salles des restaurants et dans les installations, \u00e9tablissements et manifestations accessibles au public;<\/strong><br>&nbsp;<\/li><li><strong>le port du masque obligatoire au travail;<\/strong><br>&nbsp;<\/li><li><strong>les restrictions d\u2019acc\u00e8s par le biais du certificat COVID (r\u00e8gles dites des 3G, 2G et 2G+) dans des \u00e9tablissements tels que cin\u00e9mas, th\u00e9\u00e2tres, salles des restaurants et manifestations;<\/strong><br>&nbsp;<\/li><li><strong>l\u2019obligation d\u2019obtenir une autorisation pour les grandes manifestations;<\/strong><br>&nbsp;<\/li><li><strong>les restrictions relatives aux rencontres priv\u00e9es.<\/strong><\/li><\/ul>\n\n\n\n<p>Les restrictions de capacit\u00e9 dans les commerces de d\u00e9tail et les remont\u00e9es m\u00e9caniques sont \u00e9galement supprim\u00e9es en accord avec le Conseil f\u00e9d\u00e9ral.<br><br><strong>L\u2019employeur reste tenu de prot\u00e9ger ses employ\u00e9s<\/strong><br>La recommandation de t\u00e9l\u00e9travail de l\u2019Office f\u00e9d\u00e9ral de la sant\u00e9 publique (OFSP) est \u00e9galement abrog\u00e9e. Il appartient donc aux employeurs de d\u00e9cider de la n\u00e9cessit\u00e9 du t\u00e9l\u00e9travail et de l\u2019obligation de porter le masque. Conform\u00e9ment \u00e0 la loi sur le travail, ils sont tenus de prendre toutes les dispositions n\u00e9cessaires pour assurer la protection de la sant\u00e9 leurs employ\u00e9s. Les entreprises membres de la BCS doivent d\u00e9cider elles-m\u00eames de la mani\u00e8re dont elles g\u00e8rent le port du masque. Les r\u00e8gles visant \u00e0 prot\u00e9ger les personnes vuln\u00e9rables sont quant \u00e0 elles maintenues jusqu\u2019\u00e0 fin mars.<br><br><strong>Plans de protection<\/strong><br>L\u2019obligation d\u2019\u00e9laborer des plans de protection sp\u00e9cifiques tombe. Le devoir d\u2019assistance normal de l\u2019employeur (CO) reste quant \u00e0 lui applicable. Ledit devoir est mis en \u0153uvre dans les dispositions.<br><br><strong>Jusqu\u2019au 31 mars: isolement et port du masque obligatoire dans certains endroits<\/strong><br>La circulation du virus restant tr\u00e8s \u00e9lev\u00e9e et celui-ci pouvant entra\u00eener de graves complications, le Conseil f\u00e9d\u00e9ral maintient deux mesures de protection inscrites dans l\u2019ordonnance COVID-19 situation particuli\u00e8re jusqu\u2019\u00e0 fin mars. Si la circulation du virus le permet, lesdites mesures seront supprim\u00e9es plus t\u00f4t, a fait savoir le Conseil f\u00e9d\u00e9ral lors de la conf\u00e9rence de presse de ce jour.<br>Premi\u00e8rement, l\u2019isolement de cinq jours au moins continue \u00e0 s\u2019appliquer aux personnes d\u00e9pist\u00e9es positives, afin d\u2019\u00e9viter que des personnes potentiellement fortement contagieuses en contaminent d\u2019autres. Deuxi\u00e8mement, il faudra continuer \u00e0 porter le masque dans les transports publics et dans les \u00e9tablissements de soins. Les r\u00e9sidents des EMS ne sont pas concern\u00e9s. \u00c0 noter que les cantons sont libres de renforcer les mesures de protection, mais aussi d\u2019exempter certains endroits de l\u2019obligation de porter le masque. Certains \u00e9tablissements comme des cabinets m\u00e9dicaux ou des salons de coiffure peuvent \u00e9galement exiger des visiteurs qu\u2019ils portent un masque.<br><br><strong>1<sup>er<\/sup>&nbsp;avril: fin de la situation particuli\u00e8re<\/strong><br>L\u2019ordonnance COVID-19 situation particuli\u00e8re r\u00e8gle encore l\u2019isolement et le port du masque obligatoire dans les transports publics et les \u00e9tablissements de sant\u00e9 jusqu\u2019\u00e0 la fin mars. Si la situation \u00e9pid\u00e9miologique \u00e9volue comme pr\u00e9vu, l\u2019ordonnance sera abrog\u00e9e au 1<sup>er<\/sup>&nbsp;avril 2022, ce qui signifiera le retour \u00e0 la situation normale.<br><br>Les dispositions qui rel\u00e8vent des comp\u00e9tences f\u00e9d\u00e9rales inscrites dans la loi sur les \u00e9pid\u00e9mies restent en vigueur (par exemple pour ce qui concerne le trafic international de voyageurs et pour la prise en charge des m\u00e9dicaments). Les r\u00e9glementations fond\u00e9es sur la loi COVID-19 relatives au certificat COVID ou \u00e0 la prise en charge des tests restent \u00e9galement valides.<br><br><strong>Maintien de la perte de gain<\/strong><br>La lev\u00e9e des mesures signifie aussi que la plupart des mesures de soutien \u00e9conomique ne sont plus n\u00e9cessaires. \u00c0 partir du 17 f\u00e9vrier, il n\u2019est donc plus possible de faire valoir un droit \u00e0 une indemnit\u00e9 perte de gain en raison de la fermeture d\u2019un \u00e9tablissement, de l\u2019interdiction d\u2019une manifestation, d\u2019une activit\u00e9 lucrative restreinte ou parce que la prise en charge des enfants n\u2019est pas assur\u00e9e.<br>Font exception jusqu\u2019au 30 juin 2022 les personnes qui travaillent dans le secteur des manifestations et dont l\u2019activit\u00e9 lucrative est consid\u00e9rablement restreinte en raison de mesures de lutte contre la pand\u00e9mie de COVID-19. Il en va de m\u00eame jusqu\u2019\u00e0 fin mars pour les personnes vuln\u00e9rables qui doivent interrompre leurs activit\u00e9s pour se prot\u00e9ger. La suppression rapide des mesures devrait permettre d\u2019\u00e9conomiser plusieurs centaines de millions de francs sur les montants pr\u00e9vus.<br><br><strong>La Suisse continue d\u2019\u00e9tablir des certificats COVID eurocompatibles<\/strong><br>La fin de l\u2019obligation de pr\u00e9senter un certificat signifie aussi la fin des \u00e9missions de certificats uniquement valables en Suisse. Ces derniers avaient \u00e9t\u00e9 introduits en automne 2021 afin de permettre \u00e0 un cercle \u00e9largi de personnes d\u2019acc\u00e9der aux institutions, \u00e9tablissements et manifestations soumis \u00e0 l\u2019obligation de pr\u00e9senter un certificat en Suisse.<br>La Suisse continuera cependant d\u2019\u00e9tablir des certificats COVID reconnus par l\u2019Union europ\u00e9enne. Selon le Conseil f\u00e9d\u00e9ral, on peut en effet supposer que certains pays continueront d\u2019exiger un certificat COVID pour entrer sur leur territoire ou acc\u00e9der \u00e0 certains sites. Conform\u00e9ment \u00e0 leur souhait, les cantons conservent la possibilit\u00e9 de prescrire une obligation de certificat.<br><br><strong>Adaptations en mati\u00e8re de d\u00e9pistage<\/strong><br>La recommandation g\u00e9n\u00e9rale relative aux tests r\u00e9p\u00e9t\u00e9s dans les entreprises est supprim\u00e9e, de m\u00eame que leur financement. La Conf\u00e9d\u00e9ration ne financera plus que les tests r\u00e9p\u00e9t\u00e9s dans certains domaines bien d\u00e9limit\u00e9s, comme les \u00e9tablissements de sant\u00e9 et les EMS, ainsi que dans les entreprises d\u00e9sign\u00e9es par les cantons parce qu\u2019elles contribuent au maintien des infrastructures critiques.<br><br><strong>Adaptation des dispositions d\u2019entr\u00e9e sur le territoire<\/strong><br>Les mesures sanitaires appliqu\u00e9es aux fronti\u00e8res \u00e0 l\u2019entr\u00e9e en Suisse sont lev\u00e9es. Il n\u2019est donc plus n\u00e9cessaire de pr\u00e9senter ni certificat de vaccination, ni certificat de gu\u00e9rison, ni d\u00e9pistage n\u00e9gatif, ni formulaire d\u2019entr\u00e9e.<br><br><strong>Adaptation de la prise en charge des m\u00e9dicaments destin\u00e9s au traitement ambulatoire<\/strong><br>La Conf\u00e9d\u00e9ration va prendre en charge temporairement le financement de nouveaux m\u00e9dicaments utilis\u00e9s pour les patients COVID-19 qui pr\u00e9sentent un risque de complications graves. Ces m\u00e9dicaments sont list\u00e9s en annexe de l\u2019ordonnance sur les \u00e9pid\u00e9mies.<br><br><strong>Evolution positive de la situation \u00e9pid\u00e9miologique<\/strong><br>La situation \u00e9pid\u00e9miologique continue d\u2019\u00e9voluer de mani\u00e8re positive; gr\u00e2ce \u00e0 l\u2019immunit\u00e9 \u00e9lev\u00e9e de la population, une surcharge du syst\u00e8me de sant\u00e9 est improbable, et ce malgr\u00e9 une circulation toujours importante du virus. Pour le Conseil f\u00e9d\u00e9ral, les conditions d\u2019une normalisation rapide de la vie sociale et \u00e9conomique sont donc remplies. Apr\u00e8s consultation des cantons, des partenaires sociaux, des commissions parlementaires et des associations concern\u00e9es, il l\u00e8ve donc la plupart des mesures de lutte contre la pand\u00e9mie. Depuis mai 2021, celles-ci sont d\u00e9termin\u00e9es par les capacit\u00e9s du syst\u00e8me de sant\u00e9.<br><br><strong>Lev\u00e9e des mesures soutenue lors de la consultation<\/strong><br>Le 2 f\u00e9vrier 2022, le Conseil f\u00e9d\u00e9ral a envoy\u00e9 en consultation deux variantes pour la lev\u00e9e des mesures. Une nette majorit\u00e9 des participants s\u2019est exprim\u00e9e en faveur d\u2019une lev\u00e9e imm\u00e9diate de la plupart des mesures encore en vigueur, tout en indiquant \u00eatre favorable au maintien de l\u2019obligation de porter le masque dans les \u00e9tablissements de sant\u00e9 et dans les transports publics tant que les chiffres relatifs aux contaminations restent \u00e9lev\u00e9s.<br><br><strong>Fin du mandat de conseil de la task force scientifique au 31 mars 2022<\/strong><br>\u00c0 la demande de la task force scientifique, le mandat de conseil de cette derni\u00e8re est interrompu de mani\u00e8re anticip\u00e9e \u00e0 la fin mars. Il courait a priori jusqu\u2019\u00e0 fin mai 2022, mais les besoins ont chang\u00e9 en raison de l\u2019\u00e9volution positive de la pand\u00e9mie. Certains membres de la task force scientifique resteront \u00e0 disposition pour conseiller le Conseil f\u00e9d\u00e9ral et l\u2019administration f\u00e9d\u00e9rale.<br><br>La task force scientifique assure gratuitement une expertise scientifique ind\u00e9pendante depuis le printemps 2020. Le Conseil f\u00e9d\u00e9ral tient \u00e0 remercier ses membres de leur tr\u00e8s grand engagement. Les \u00e9changes avec la task force se sont en effet av\u00e9r\u00e9s capitaux dans la lutte contre la pand\u00e9mie.<\/p>\n","protected":false},"excerpt":{"rendered":"<p>D\u00e8s aujourd&#8217;hui 17 f\u00e9vrier, l\u2019acc\u00e8s aux magasins, aux caf\u00e9s-restaurants et aux manifestations est \u00e0 nouveau possible sans masque ni certificat. La recommandation de t\u00e9l\u00e9travail est \u00e9galement abrog\u00e9e. Le Conseil f\u00e9d\u00e9ral ne maintient que l\u2019isolement des personnes d\u00e9pist\u00e9es positives ainsi que le port du masque obligatoire dans les transports publics et dans les \u00e9tablissements de sant\u00e9. Ces mesures resteront applicables jusqu\u2019\u00e0 [&hellip;]<\/p>\n","protected":false},"author":1,"featured_media":5061,"comment_status":"open","ping_status":"closed","sticky":false,"template":"","format":"standard","meta":{"_acf_changed":false,"footnotes":""},"categories":[49],"tags":[],"class_list":["post-7389","post","type-post","status-publish","format-standard","has-post-thumbnail","hentry","category-sante-securite"],"acf":[],"yoast_head":"<!-- This site is optimized with the Yoast SEO Premium plugin v26.8 (Yoast SEO v26.8) - https:\/\/yoast.com\/product\/yoast-seo-premium-wordpress\/ -->\n<title>Boulangeries-confiseries-caf\u00e9s : plus de masque ni de certificat | SBC<\/title>\n<meta name=\"robots\" content=\"index, follow, max-snippet:-1, max-image-preview:large, max-video-preview:-1\" \/>\n<link rel=\"canonical\" href=\"https:\/\/swissbaker.ch\/fr\/panissimo-news\/boulangeries-confiseries-cafes-plus-de-masque-ni-de-certificat\/\" \/>\n<meta property=\"og:locale\" content=\"fr_FR\" \/>\n<meta property=\"og:type\" content=\"article\" \/>\n<meta property=\"og:title\" content=\"Boulangeries-confiseries-caf\u00e9s : plus de masque ni de certificat\" \/>\n<meta property=\"og:description\" content=\"D\u00e8s aujourd&#8217;hui 17 f\u00e9vrier, l\u2019acc\u00e8s aux magasins, aux caf\u00e9s-restaurants et aux manifestations est \u00e0 nouveau possible sans masque ni certificat. La recommandation de t\u00e9l\u00e9travail est \u00e9galement abrog\u00e9e. Le Conseil f\u00e9d\u00e9ral ne maintient que l\u2019isolement des personnes d\u00e9pist\u00e9es positives ainsi que le port du masque obligatoire dans les transports publics et dans les \u00e9tablissements de sant\u00e9. Ces mesures resteront applicables jusqu\u2019\u00e0 [&hellip;]\" \/>\n<meta property=\"og:url\" content=\"https:\/\/swissbaker.ch\/fr\/panissimo-news\/boulangeries-confiseries-cafes-plus-de-masque-ni-de-certificat\/\" \/>\n<meta property=\"og:site_name\" content=\"SBC\" \/>\n<meta property=\"article:publisher\" content=\"https:\/\/www.facebook.com\/swissbaker.ch\" \/>\n<meta property=\"article:published_time\" content=\"2022-02-17T09:35:00+00:00\" \/>\n<meta property=\"article:modified_time\" content=\"2022-04-29T09:29:53+00:00\" \/>\n<meta property=\"og:image\" content=\"https:\/\/swissbaker.ch\/wp-content\/uploads\/2022\/03\/2_2_berset.jpeg\" \/>\n\t<meta property=\"og:image:width\" content=\"800\" \/>\n\t<meta property=\"og:image:height\" content=\"474\" \/>\n\t<meta property=\"og:image:type\" content=\"image\/jpeg\" \/>\n<meta name=\"author\" content=\"azureart\" \/>\n<meta name=\"twitter:card\" content=\"summary_large_image\" \/>\n<meta name=\"twitter:creator\" content=\"@ch_swissbaker\" \/>\n<meta name=\"twitter:site\" content=\"@ch_swissbaker\" \/>\n<meta name=\"twitter:label1\" content=\"Written by\" \/>\n\t<meta name=\"twitter:data1\" content=\"azureart\" \/>\n\t<meta name=\"twitter:label2\" content=\"Est. reading time\" \/>\n\t<meta name=\"twitter:data2\" content=\"8 minutes\" \/>\n<script type=\"application\/ld+json\" class=\"yoast-schema-graph\">{\"@context\":\"https:\/\/schema.org\",\"@graph\":[{\"@type\":\"Article\",\"@id\":\"https:\/\/swissbaker.ch\/fr\/panissimo-news\/boulangeries-confiseries-cafes-plus-de-masque-ni-de-certificat\/#article\",\"isPartOf\":{\"@id\":\"https:\/\/swissbaker.ch\/fr\/panissimo-news\/boulangeries-confiseries-cafes-plus-de-masque-ni-de-certificat\/\"},\"author\":{\"name\":\"azureart\",\"@id\":\"https:\/\/swissbaker.ch\/fr\/#\/schema\/person\/058ac47619f7da53df62aba60f939b78\"},\"headline\":\"Boulangeries-confiseries-caf\u00e9s : plus de masque ni de certificat\",\"datePublished\":\"2022-02-17T09:35:00+00:00\",\"dateModified\":\"2022-04-29T09:29:53+00:00\",\"mainEntityOfPage\":{\"@id\":\"https:\/\/swissbaker.ch\/fr\/panissimo-news\/boulangeries-confiseries-cafes-plus-de-masque-ni-de-certificat\/\"},\"wordCount\":1553,\"commentCount\":0,\"publisher\":{\"@id\":\"https:\/\/swissbaker.ch\/fr\/#organization\"},\"image\":{\"@id\":\"https:\/\/swissbaker.ch\/fr\/panissimo-news\/boulangeries-confiseries-cafes-plus-de-masque-ni-de-certificat\/#primaryimage\"},\"thumbnailUrl\":\"https:\/\/swissbaker.ch\/wp-content\/uploads\/2022\/03\/2_2_berset.jpeg\",\"articleSection\":[\"Sant\u00e9\/S\u00e9curit\u00e9\"],\"inLanguage\":\"fr-FR\",\"potentialAction\":[{\"@type\":\"CommentAction\",\"name\":\"Comment\",\"target\":[\"https:\/\/swissbaker.ch\/fr\/panissimo-news\/boulangeries-confiseries-cafes-plus-de-masque-ni-de-certificat\/#respond\"]}]},{\"@type\":\"WebPage\",\"@id\":\"https:\/\/swissbaker.ch\/fr\/panissimo-news\/boulangeries-confiseries-cafes-plus-de-masque-ni-de-certificat\/\",\"url\":\"https:\/\/swissbaker.ch\/fr\/panissimo-news\/boulangeries-confiseries-cafes-plus-de-masque-ni-de-certificat\/\",\"name\":\"Boulangeries-confiseries-caf\u00e9s : plus de masque ni de certificat | SBC\",\"isPartOf\":{\"@id\":\"https:\/\/swissbaker.ch\/fr\/#website\"},\"primaryImageOfPage\":{\"@id\":\"https:\/\/swissbaker.ch\/fr\/panissimo-news\/boulangeries-confiseries-cafes-plus-de-masque-ni-de-certificat\/#primaryimage\"},\"image\":{\"@id\":\"https:\/\/swissbaker.ch\/fr\/panissimo-news\/boulangeries-confiseries-cafes-plus-de-masque-ni-de-certificat\/#primaryimage\"},\"thumbnailUrl\":\"https:\/\/swissbaker.ch\/wp-content\/uploads\/2022\/03\/2_2_berset.jpeg\",\"datePublished\":\"2022-02-17T09:35:00+00:00\",\"dateModified\":\"2022-04-29T09:29:53+00:00\",\"breadcrumb\":{\"@id\":\"https:\/\/swissbaker.ch\/fr\/panissimo-news\/boulangeries-confiseries-cafes-plus-de-masque-ni-de-certificat\/#breadcrumb\"},\"inLanguage\":\"fr-FR\",\"potentialAction\":[{\"@type\":\"ReadAction\",\"target\":[\"https:\/\/swissbaker.ch\/fr\/panissimo-news\/boulangeries-confiseries-cafes-plus-de-masque-ni-de-certificat\/\"]}]},{\"@type\":\"ImageObject\",\"inLanguage\":\"fr-FR\",\"@id\":\"https:\/\/swissbaker.ch\/fr\/panissimo-news\/boulangeries-confiseries-cafes-plus-de-masque-ni-de-certificat\/#primaryimage\",\"url\":\"https:\/\/swissbaker.ch\/wp-content\/uploads\/2022\/03\/2_2_berset.jpeg\",\"contentUrl\":\"https:\/\/swissbaker.ch\/wp-content\/uploads\/2022\/03\/2_2_berset.jpeg\",\"width\":800,\"height\":474,\"caption\":\"Boulangeries-confiseries-caf\u00e9s : plus de masque ni de certificat\"},{\"@type\":\"BreadcrumbList\",\"@id\":\"https:\/\/swissbaker.ch\/fr\/panissimo-news\/boulangeries-confiseries-cafes-plus-de-masque-ni-de-certificat\/#breadcrumb\",\"itemListElement\":[{\"@type\":\"ListItem\",\"position\":1,\"name\":\"\",\"item\":\"https:\/\/swissbaker.ch\/fr\/\"},{\"@type\":\"ListItem\",\"position\":2,\"name\":\"Sant\u00e9\/S\u00e9curit\u00e9\",\"item\":\"https:\/\/swissbaker.ch\/fr\/panissimo-news\/category\/sante-securite\/\"},{\"@type\":\"ListItem\",\"position\":3,\"name\":\"Boulangeries-confiseries-caf\u00e9s : plus de masque ni de certificat\"}]},{\"@type\":\"WebSite\",\"@id\":\"https:\/\/swissbaker.ch\/fr\/#website\",\"url\":\"https:\/\/swissbaker.ch\/fr\/\",\"name\":\"SBC\",\"description\":\"\",\"publisher\":{\"@id\":\"https:\/\/swissbaker.ch\/fr\/#organization\"},\"potentialAction\":[{\"@type\":\"SearchAction\",\"target\":{\"@type\":\"EntryPoint\",\"urlTemplate\":\"https:\/\/swissbaker.ch\/fr\/?s={search_term_string}\"},\"query-input\":{\"@type\":\"PropertyValueSpecification\",\"valueRequired\":true,\"valueName\":\"search_term_string\"}}],\"inLanguage\":\"fr-FR\"},{\"@type\":\"Organization\",\"@id\":\"https:\/\/swissbaker.ch\/fr\/#organization\",\"name\":\"Schweizerischer B\u00e4cker-Confiseurmeister-Verband\",\"url\":\"https:\/\/swissbaker.ch\/fr\/\",\"logo\":{\"@type\":\"ImageObject\",\"inLanguage\":\"fr-FR\",\"@id\":\"https:\/\/swissbaker.ch\/fr\/#\/schema\/logo\/image\/\",\"url\":\"https:\/\/swissbaker.ch\/wp-content\/uploads\/2022\/04\/sbc-logo-yoast.jpg\",\"contentUrl\":\"https:\/\/swissbaker.ch\/wp-content\/uploads\/2022\/04\/sbc-logo-yoast.jpg\",\"width\":512,\"height\":512,\"caption\":\"Schweizerischer B\u00e4cker-Confiseurmeister-Verband\"},\"image\":{\"@id\":\"https:\/\/swissbaker.ch\/fr\/#\/schema\/logo\/image\/\"},\"sameAs\":[\"https:\/\/www.facebook.com\/swissbaker.ch\",\"https:\/\/x.com\/ch_swissbaker\"]},{\"@type\":\"Person\",\"@id\":\"https:\/\/swissbaker.ch\/fr\/#\/schema\/person\/058ac47619f7da53df62aba60f939b78\",\"name\":\"azureart\",\"image\":{\"@type\":\"ImageObject\",\"inLanguage\":\"fr-FR\",\"@id\":\"https:\/\/swissbaker.ch\/fr\/#\/schema\/person\/image\/\",\"url\":\"https:\/\/secure.gravatar.com\/avatar\/be04dd3098fd612c83067af4f7a295384c93cb6a9112f51beb9d2f477d25da61?s=96&d=mm&r=g\",\"contentUrl\":\"https:\/\/secure.gravatar.com\/avatar\/be04dd3098fd612c83067af4f7a295384c93cb6a9112f51beb9d2f477d25da61?s=96&d=mm&r=g\",\"caption\":\"azureart\"},\"sameAs\":[\"https:\/\/swissbaker.ch\"],\"url\":\"https:\/\/swissbaker.ch\/fr\/panissimo-news\/author\/pixel-ahoi\/\"}]}<\/script>\n<!-- \/ Yoast SEO Premium plugin. -->","yoast_head_json":{"title":"Boulangeries-confiseries-caf\u00e9s : plus de masque ni de certificat | SBC","robots":{"index":"index","follow":"follow","max-snippet":"max-snippet:-1","max-image-preview":"max-image-preview:large","max-video-preview":"max-video-preview:-1"},"canonical":"https:\/\/swissbaker.ch\/fr\/panissimo-news\/boulangeries-confiseries-cafes-plus-de-masque-ni-de-certificat\/","og_locale":"fr_FR","og_type":"article","og_title":"Boulangeries-confiseries-caf\u00e9s : plus de masque ni de certificat","og_description":"D\u00e8s aujourd&#8217;hui 17 f\u00e9vrier, l\u2019acc\u00e8s aux magasins, aux caf\u00e9s-restaurants et aux manifestations est \u00e0 nouveau possible sans masque ni certificat. La recommandation de t\u00e9l\u00e9travail est \u00e9galement abrog\u00e9e. Le Conseil f\u00e9d\u00e9ral ne maintient que l\u2019isolement des personnes d\u00e9pist\u00e9es positives ainsi que le port du masque obligatoire dans les transports publics et dans les \u00e9tablissements de sant\u00e9. Ces mesures resteront applicables jusqu\u2019\u00e0 [&hellip;]","og_url":"https:\/\/swissbaker.ch\/fr\/panissimo-news\/boulangeries-confiseries-cafes-plus-de-masque-ni-de-certificat\/","og_site_name":"SBC","article_publisher":"https:\/\/www.facebook.com\/swissbaker.ch","article_published_time":"2022-02-17T09:35:00+00:00","article_modified_time":"2022-04-29T09:29:53+00:00","og_image":[{"width":800,"height":474,"url":"https:\/\/swissbaker.ch\/wp-content\/uploads\/2022\/03\/2_2_berset.jpeg","type":"image\/jpeg"}],"author":"azureart","twitter_card":"summary_large_image","twitter_creator":"@ch_swissbaker","twitter_site":"@ch_swissbaker","twitter_misc":{"Written by":"azureart","Est. reading time":"8 minutes"},"schema":{"@context":"https:\/\/schema.org","@graph":[{"@type":"Article","@id":"https:\/\/swissbaker.ch\/fr\/panissimo-news\/boulangeries-confiseries-cafes-plus-de-masque-ni-de-certificat\/#article","isPartOf":{"@id":"https:\/\/swissbaker.ch\/fr\/panissimo-news\/boulangeries-confiseries-cafes-plus-de-masque-ni-de-certificat\/"},"author":{"name":"azureart","@id":"https:\/\/swissbaker.ch\/fr\/#\/schema\/person\/058ac47619f7da53df62aba60f939b78"},"headline":"Boulangeries-confiseries-caf\u00e9s : plus de masque ni de certificat","datePublished":"2022-02-17T09:35:00+00:00","dateModified":"2022-04-29T09:29:53+00:00","mainEntityOfPage":{"@id":"https:\/\/swissbaker.ch\/fr\/panissimo-news\/boulangeries-confiseries-cafes-plus-de-masque-ni-de-certificat\/"},"wordCount":1553,"commentCount":0,"publisher":{"@id":"https:\/\/swissbaker.ch\/fr\/#organization"},"image":{"@id":"https:\/\/swissbaker.ch\/fr\/panissimo-news\/boulangeries-confiseries-cafes-plus-de-masque-ni-de-certificat\/#primaryimage"},"thumbnailUrl":"https:\/\/swissbaker.ch\/wp-content\/uploads\/2022\/03\/2_2_berset.jpeg","articleSection":["Sant\u00e9\/S\u00e9curit\u00e9"],"inLanguage":"fr-FR","potentialAction":[{"@type":"CommentAction","name":"Comment","target":["https:\/\/swissbaker.ch\/fr\/panissimo-news\/boulangeries-confiseries-cafes-plus-de-masque-ni-de-certificat\/#respond"]}]},{"@type":"WebPage","@id":"https:\/\/swissbaker.ch\/fr\/panissimo-news\/boulangeries-confiseries-cafes-plus-de-masque-ni-de-certificat\/","url":"https:\/\/swissbaker.ch\/fr\/panissimo-news\/boulangeries-confiseries-cafes-plus-de-masque-ni-de-certificat\/","name":"Boulangeries-confiseries-caf\u00e9s : plus de masque ni de certificat | SBC","isPartOf":{"@id":"https:\/\/swissbaker.ch\/fr\/#website"},"primaryImageOfPage":{"@id":"https:\/\/swissbaker.ch\/fr\/panissimo-news\/boulangeries-confiseries-cafes-plus-de-masque-ni-de-certificat\/#primaryimage"},"image":{"@id":"https:\/\/swissbaker.ch\/fr\/panissimo-news\/boulangeries-confiseries-cafes-plus-de-masque-ni-de-certificat\/#primaryimage"},"thumbnailUrl":"https:\/\/swissbaker.ch\/wp-content\/uploads\/2022\/03\/2_2_berset.jpeg","datePublished":"2022-02-17T09:35:00+00:00","dateModified":"2022-04-29T09:29:53+00:00","breadcrumb":{"@id":"https:\/\/swissbaker.ch\/fr\/panissimo-news\/boulangeries-confiseries-cafes-plus-de-masque-ni-de-certificat\/#breadcrumb"},"inLanguage":"fr-FR","potentialAction":[{"@type":"ReadAction","target":["https:\/\/swissbaker.ch\/fr\/panissimo-news\/boulangeries-confiseries-cafes-plus-de-masque-ni-de-certificat\/"]}]},{"@type":"ImageObject","inLanguage":"fr-FR","@id":"https:\/\/swissbaker.ch\/fr\/panissimo-news\/boulangeries-confiseries-cafes-plus-de-masque-ni-de-certificat\/#primaryimage","url":"https:\/\/swissbaker.ch\/wp-content\/uploads\/2022\/03\/2_2_berset.jpeg","contentUrl":"https:\/\/swissbaker.ch\/wp-content\/uploads\/2022\/03\/2_2_berset.jpeg","width":800,"height":474,"caption":"Boulangeries-confiseries-caf\u00e9s : plus de masque ni de certificat"},{"@type":"BreadcrumbList","@id":"https:\/\/swissbaker.ch\/fr\/panissimo-news\/boulangeries-confiseries-cafes-plus-de-masque-ni-de-certificat\/#breadcrumb","itemListElement":[{"@type":"ListItem","position":1,"name":"","item":"https:\/\/swissbaker.ch\/fr\/"},{"@type":"ListItem","position":2,"name":"Sant\u00e9\/S\u00e9curit\u00e9","item":"https:\/\/swissbaker.ch\/fr\/panissimo-news\/category\/sante-securite\/"},{"@type":"ListItem","position":3,"name":"Boulangeries-confiseries-caf\u00e9s : plus de masque ni de certificat"}]},{"@type":"WebSite","@id":"https:\/\/swissbaker.ch\/fr\/#website","url":"https:\/\/swissbaker.ch\/fr\/","name":"SBC","description":"","publisher":{"@id":"https:\/\/swissbaker.ch\/fr\/#organization"},"potentialAction":[{"@type":"SearchAction","target":{"@type":"EntryPoint","urlTemplate":"https:\/\/swissbaker.ch\/fr\/?s={search_term_string}"},"query-input":{"@type":"PropertyValueSpecification","valueRequired":true,"valueName":"search_term_string"}}],"inLanguage":"fr-FR"},{"@type":"Organization","@id":"https:\/\/swissbaker.ch\/fr\/#organization","name":"Schweizerischer B\u00e4cker-Confiseurmeister-Verband","url":"https:\/\/swissbaker.ch\/fr\/","logo":{"@type":"ImageObject","inLanguage":"fr-FR","@id":"https:\/\/swissbaker.ch\/fr\/#\/schema\/logo\/image\/","url":"https:\/\/swissbaker.ch\/wp-content\/uploads\/2022\/04\/sbc-logo-yoast.jpg","contentUrl":"https:\/\/swissbaker.ch\/wp-content\/uploads\/2022\/04\/sbc-logo-yoast.jpg","width":512,"height":512,"caption":"Schweizerischer B\u00e4cker-Confiseurmeister-Verband"},"image":{"@id":"https:\/\/swissbaker.ch\/fr\/#\/schema\/logo\/image\/"},"sameAs":["https:\/\/www.facebook.com\/swissbaker.ch","https:\/\/x.com\/ch_swissbaker"]},{"@type":"Person","@id":"https:\/\/swissbaker.ch\/fr\/#\/schema\/person\/058ac47619f7da53df62aba60f939b78","name":"azureart","image":{"@type":"ImageObject","inLanguage":"fr-FR","@id":"https:\/\/swissbaker.ch\/fr\/#\/schema\/person\/image\/","url":"https:\/\/secure.gravatar.com\/avatar\/be04dd3098fd612c83067af4f7a295384c93cb6a9112f51beb9d2f477d25da61?s=96&d=mm&r=g","contentUrl":"https:\/\/secure.gravatar.com\/avatar\/be04dd3098fd612c83067af4f7a295384c93cb6a9112f51beb9d2f477d25da61?s=96&d=mm&r=g","caption":"azureart"},"sameAs":["https:\/\/swissbaker.ch"],"url":"https:\/\/swissbaker.ch\/fr\/panissimo-news\/author\/pixel-ahoi\/"}]}},"_links":{"self":[{"href":"https:\/\/swissbaker.ch\/fr\/wp-json\/wp\/v2\/posts\/7389","targetHints":{"allow":["GET"]}}],"collection":[{"href":"https:\/\/swissbaker.ch\/fr\/wp-json\/wp\/v2\/posts"}],"about":[{"href":"https:\/\/swissbaker.ch\/fr\/wp-json\/wp\/v2\/types\/post"}],"author":[{"embeddable":true,"href":"https:\/\/swissbaker.ch\/fr\/wp-json\/wp\/v2\/users\/1"}],"replies":[{"embeddable":true,"href":"https:\/\/swissbaker.ch\/fr\/wp-json\/wp\/v2\/comments?post=7389"}],"version-history":[{"count":0,"href":"https:\/\/swissbaker.ch\/fr\/wp-json\/wp\/v2\/posts\/7389\/revisions"}],"wp:featuredmedia":[{"embeddable":true,"href":"https:\/\/swissbaker.ch\/fr\/wp-json\/wp\/v2\/media\/5061"}],"wp:attachment":[{"href":"https:\/\/swissbaker.ch\/fr\/wp-json\/wp\/v2\/media?parent=7389"}],"wp:term":[{"taxonomy":"category","embeddable":true,"href":"https:\/\/swissbaker.ch\/fr\/wp-json\/wp\/v2\/categories?post=7389"},{"taxonomy":"post_tag","embeddable":true,"href":"https:\/\/swissbaker.ch\/fr\/wp-json\/wp\/v2\/tags?post=7389"}],"curies":[{"name":"wp","href":"https:\/\/api.w.org\/{rel}","templated":true}]}}