{"id":73871,"date":"2024-01-11T08:14:56","date_gmt":"2024-01-11T07:14:56","guid":{"rendered":"https:\/\/swissbaker.ch\/?p=73871"},"modified":"2024-01-12T06:14:49","modified_gmt":"2024-01-12T05:14:49","slug":"tout-change-a-grande-vitesse","status":"publish","type":"post","link":"https:\/\/swissbaker.ch\/fr\/panissimo-news\/tout-change-a-grande-vitesse\/","title":{"rendered":"Tout change &#8230; \u00e0 grande vitesse !"},"content":{"rendered":"\n<p>Je sors \u00e0 l\u2019instant de quarantaine\u2026 Et oui, comme vous tous qui du 1er\u202fd\u00e9cembre au 10\u202fjanvier, ne sortez presque plus de vos commerces, submerg\u00e9s par le travail et surtout par l\u2019envie de faire plaisir \u00e0 vos nombreux clients avec vos d\u00e9licatesses. Quel autre m\u00e9tier peut se vanter d\u2019un tel exploit\u2009?<\/p>\n\n\n\n<p>Ces quarante jours sont pass\u00e9s extr\u00eamement vite et il nous faut d\u00e9j\u00e0 penser \u00e0 cette nouvelle ann\u00e9e qui commence sur les chapeaux de roues\u2009! Une ann\u00e9e qui sera riche<br>en \u00e9v\u00e8nements avec une nouvelle \u00e9dition extraordinaire de notre highlight national\u2009: le SBT \u00e0 Bulle (FR), les WorldSkills \u00e0 Lyon (F), des concours r\u00e9gionaux et cantonaux pour nos apprentis, les salons de la formation professionnelle o\u00f9 nous sommes toujours pr\u00e9sents, sans oublier les nombreux comit\u00e9s de nos diverses institutions.<\/p>\n\n\n\n<p>Une fois de plus, durant cette ann\u00e9e, je ne pourrai pas \u00e9viter certaines collisions de d\u00e9lais et pourtant j\u2019essayerai au maximum de les \u00e9viter\u2009!<\/p>\n\n\n\n<p>Le feu vert a \u00e9t\u00e9 donn\u00e9 pour lancer une nouvelle r\u00e9forme compl\u00e8te de notre m\u00e9tier\u2026 et oui tout bouge, et tr\u00e8s vite\u2009! L\u2019arriv\u00e9e de l\u2019intelligence artificielle, les nouvelles habitudes de consommation, les changements de g\u00e9n\u00e9ration et les nouvelles technologies en sont les principales raisons.<\/p>\n\n\n\n<p>Pour assumer toutes ces t\u00e2ches, nous avons un comit\u00e9 central tr\u00e8s actif et motiv\u00e9 pour prendre ses responsabilit\u00e9s. N\u2019\u00e9tant plus que deux repr\u00e9sentants romands, il est tr\u00e8s important d\u2019avoir un taux de pr\u00e9sence maximum pour pouvoir d\u00e9fendre au mieux nos int\u00e9r\u00eats. Bient\u00f4t, du sang neuf devra prendre la rel\u00e8ve et nous recherchons d\u00e9j\u00e0 des candidats motiv\u00e9s, pr\u00eats \u00e0 s\u2019investir dans cette mission et d\u00e9tail tr\u00e8s important\u2026 \u00e0 l\u2019aise avec la langue de Goethe.<\/p>\n\n\n\n<p>Vu que ce texte sera traduit en allemand, je conseille \u00e0 toutes ces dames de lire l\u2019article <a href=\"https:\/\/swissbaker.ch\/fr\/panissimo-news\/femmes-je-vous-aime-et-nous-vous-aimons\/\">\u00ab\u2009La pique du chevalier\u2009\u00bb<\/a> de mon ami Bernard Pignat, dans le Panissimo 23\u2009\/\u20092023<br>\u00e0 la page\u202f41, ainsi vous saurez ce que je pense de vous\u2009!<\/p>\n\n\n\n<p>A mon tour, je vous souhaite une tr\u00e8s belle ann\u00e9e 2024, prenez soin de vous\u2009!<\/p>\n\n\n\n<p class=\"has-text-align-right\"><em>Jean-Fran\u00e7ois Leuenberger, <\/em><br><em>vice-pr\u00e9sident de la BCS<\/em><\/p>\n","protected":false},"excerpt":{"rendered":"<p>Jean-Fran\u00e7ois Leuenberger, vice-pr\u00e9sident de la BCS, \u00e9voque le d\u00e9marrage en trombe de 2024, ann\u00e9e de la r\u00e9vision totale des m\u00e9tiers de la branche.<\/p>\n","protected":false},"author":4,"featured_media":63615,"comment_status":"closed","ping_status":"closed","sticky":true,"template":"","format":"standard","meta":{"_acf_changed":false,"footnotes":""},"categories":[41],"tags":[],"class_list":["post-73871","post","type-post","status-publish","format-standard","has-post-thumbnail","hentry","category-association"],"acf":[],"yoast_head":"<!-- This site is optimized with the Yoast SEO Premium plugin v26.8 (Yoast SEO v26.8) - https:\/\/yoast.com\/product\/yoast-seo-premium-wordpress\/ -->\n<title>Tout change ... \u00e0 grande vitesse ! | SBC<\/title>\n<meta name=\"description\" content=\"Jean-Fran\u00e7ois Leuenberger, vice-pr\u00e9sident de la BCS, \u00e9voque le d\u00e9marrage en trombe de 2024, ann\u00e9e de la r\u00e9vision totale des m\u00e9tiers de la branche.\" \/>\n<meta name=\"robots\" content=\"index, follow, max-snippet:-1, max-image-preview:large, max-video-preview:-1\" \/>\n<link rel=\"canonical\" href=\"https:\/\/swissbaker.ch\/fr\/panissimo-news\/tout-change-a-grande-vitesse\/\" \/>\n<meta property=\"og:locale\" content=\"fr_FR\" \/>\n<meta property=\"og:type\" content=\"article\" \/>\n<meta property=\"og:title\" content=\"Tout change ... \u00e0 grande vitesse !\" \/>\n<meta property=\"og:description\" content=\"Jean-Fran\u00e7ois Leuenberger, vice-pr\u00e9sident de la BCS, \u00e9voque le d\u00e9marrage en trombe de 2024, ann\u00e9e de la r\u00e9vision totale des m\u00e9tiers de la branche.\" \/>\n<meta property=\"og:url\" content=\"https:\/\/swissbaker.ch\/fr\/panissimo-news\/tout-change-a-grande-vitesse\/\" \/>\n<meta property=\"og:site_name\" content=\"SBC\" \/>\n<meta property=\"article:publisher\" content=\"https:\/\/www.facebook.com\/swissbaker.ch\" \/>\n<meta property=\"article:published_time\" content=\"2024-01-11T07:14:56+00:00\" \/>\n<meta property=\"article:modified_time\" content=\"2024-01-12T05:14:49+00:00\" \/>\n<meta property=\"og:image\" content=\"https:\/\/swissbaker.ch\/wp-content\/uploads\/2023\/06\/jean-francoise-leuenberger-zv-2023.jpg\" \/>\n\t<meta property=\"og:image:width\" content=\"1200\" \/>\n\t<meta property=\"og:image:height\" content=\"712\" \/>\n\t<meta property=\"og:image:type\" content=\"image\/jpeg\" \/>\n<meta name=\"author\" content=\"Elina Laich\" \/>\n<meta name=\"twitter:card\" content=\"summary_large_image\" \/>\n<meta name=\"twitter:creator\" content=\"@ch_swissbaker\" \/>\n<meta name=\"twitter:site\" content=\"@ch_swissbaker\" \/>\n<meta name=\"twitter:label1\" content=\"Written by\" \/>\n\t<meta name=\"twitter:data1\" content=\"Elina Laich\" \/>\n\t<meta name=\"twitter:label2\" content=\"Est. reading time\" \/>\n\t<meta name=\"twitter:data2\" content=\"2 minutes\" \/>\n<script type=\"application\/ld+json\" class=\"yoast-schema-graph\">{\"@context\":\"https:\/\/schema.org\",\"@graph\":[{\"@type\":\"Article\",\"@id\":\"https:\/\/swissbaker.ch\/fr\/panissimo-news\/tout-change-a-grande-vitesse\/#article\",\"isPartOf\":{\"@id\":\"https:\/\/swissbaker.ch\/fr\/panissimo-news\/tout-change-a-grande-vitesse\/\"},\"author\":{\"name\":\"Elina Laich\",\"@id\":\"https:\/\/swissbaker.ch\/fr\/#\/schema\/person\/0c7464407782a0917d6e91a74206a176\"},\"headline\":\"Tout change &#8230; \u00e0 grande vitesse !\",\"datePublished\":\"2024-01-11T07:14:56+00:00\",\"dateModified\":\"2024-01-12T05:14:49+00:00\",\"mainEntityOfPage\":{\"@id\":\"https:\/\/swissbaker.ch\/fr\/panissimo-news\/tout-change-a-grande-vitesse\/\"},\"wordCount\":378,\"publisher\":{\"@id\":\"https:\/\/swissbaker.ch\/fr\/#organization\"},\"image\":{\"@id\":\"https:\/\/swissbaker.ch\/fr\/panissimo-news\/tout-change-a-grande-vitesse\/#primaryimage\"},\"thumbnailUrl\":\"https:\/\/swissbaker.ch\/wp-content\/uploads\/2023\/06\/jean-francoise-leuenberger-zv-2023.jpg\",\"articleSection\":[\"Association\"],\"inLanguage\":\"fr-FR\"},{\"@type\":\"WebPage\",\"@id\":\"https:\/\/swissbaker.ch\/fr\/panissimo-news\/tout-change-a-grande-vitesse\/\",\"url\":\"https:\/\/swissbaker.ch\/fr\/panissimo-news\/tout-change-a-grande-vitesse\/\",\"name\":\"Tout change ... \u00e0 grande vitesse ! | SBC\",\"isPartOf\":{\"@id\":\"https:\/\/swissbaker.ch\/fr\/#website\"},\"primaryImageOfPage\":{\"@id\":\"https:\/\/swissbaker.ch\/fr\/panissimo-news\/tout-change-a-grande-vitesse\/#primaryimage\"},\"image\":{\"@id\":\"https:\/\/swissbaker.ch\/fr\/panissimo-news\/tout-change-a-grande-vitesse\/#primaryimage\"},\"thumbnailUrl\":\"https:\/\/swissbaker.ch\/wp-content\/uploads\/2023\/06\/jean-francoise-leuenberger-zv-2023.jpg\",\"datePublished\":\"2024-01-11T07:14:56+00:00\",\"dateModified\":\"2024-01-12T05:14:49+00:00\",\"description\":\"Jean-Fran\u00e7ois Leuenberger, vice-pr\u00e9sident de la BCS, \u00e9voque le d\u00e9marrage en trombe de 2024, ann\u00e9e de la r\u00e9vision totale des m\u00e9tiers de la branche.\",\"breadcrumb\":{\"@id\":\"https:\/\/swissbaker.ch\/fr\/panissimo-news\/tout-change-a-grande-vitesse\/#breadcrumb\"},\"inLanguage\":\"fr-FR\",\"potentialAction\":[{\"@type\":\"ReadAction\",\"target\":[\"https:\/\/swissbaker.ch\/fr\/panissimo-news\/tout-change-a-grande-vitesse\/\"]}]},{\"@type\":\"ImageObject\",\"inLanguage\":\"fr-FR\",\"@id\":\"https:\/\/swissbaker.ch\/fr\/panissimo-news\/tout-change-a-grande-vitesse\/#primaryimage\",\"url\":\"https:\/\/swissbaker.ch\/wp-content\/uploads\/2023\/06\/jean-francoise-leuenberger-zv-2023.jpg\",\"contentUrl\":\"https:\/\/swissbaker.ch\/wp-content\/uploads\/2023\/06\/jean-francoise-leuenberger-zv-2023.jpg\",\"width\":1200,\"height\":712},{\"@type\":\"BreadcrumbList\",\"@id\":\"https:\/\/swissbaker.ch\/fr\/panissimo-news\/tout-change-a-grande-vitesse\/#breadcrumb\",\"itemListElement\":[{\"@type\":\"ListItem\",\"position\":1,\"name\":\"\",\"item\":\"https:\/\/swissbaker.ch\/fr\/\"},{\"@type\":\"ListItem\",\"position\":2,\"name\":\"Association\",\"item\":\"https:\/\/swissbaker.ch\/fr\/panissimo-news\/category\/association\/\"},{\"@type\":\"ListItem\",\"position\":3,\"name\":\"Tout change &#8230; \u00e0 grande vitesse !\"}]},{\"@type\":\"WebSite\",\"@id\":\"https:\/\/swissbaker.ch\/fr\/#website\",\"url\":\"https:\/\/swissbaker.ch\/fr\/\",\"name\":\"SBC\",\"description\":\"\",\"publisher\":{\"@id\":\"https:\/\/swissbaker.ch\/fr\/#organization\"},\"potentialAction\":[{\"@type\":\"SearchAction\",\"target\":{\"@type\":\"EntryPoint\",\"urlTemplate\":\"https:\/\/swissbaker.ch\/fr\/?s={search_term_string}\"},\"query-input\":{\"@type\":\"PropertyValueSpecification\",\"valueRequired\":true,\"valueName\":\"search_term_string\"}}],\"inLanguage\":\"fr-FR\"},{\"@type\":\"Organization\",\"@id\":\"https:\/\/swissbaker.ch\/fr\/#organization\",\"name\":\"Schweizerischer B\u00e4cker-Confiseurmeister-Verband\",\"url\":\"https:\/\/swissbaker.ch\/fr\/\",\"logo\":{\"@type\":\"ImageObject\",\"inLanguage\":\"fr-FR\",\"@id\":\"https:\/\/swissbaker.ch\/fr\/#\/schema\/logo\/image\/\",\"url\":\"https:\/\/swissbaker.ch\/wp-content\/uploads\/2022\/04\/sbc-logo-yoast.jpg\",\"contentUrl\":\"https:\/\/swissbaker.ch\/wp-content\/uploads\/2022\/04\/sbc-logo-yoast.jpg\",\"width\":512,\"height\":512,\"caption\":\"Schweizerischer B\u00e4cker-Confiseurmeister-Verband\"},\"image\":{\"@id\":\"https:\/\/swissbaker.ch\/fr\/#\/schema\/logo\/image\/\"},\"sameAs\":[\"https:\/\/www.facebook.com\/swissbaker.ch\",\"https:\/\/x.com\/ch_swissbaker\"]},{\"@type\":\"Person\",\"@id\":\"https:\/\/swissbaker.ch\/fr\/#\/schema\/person\/0c7464407782a0917d6e91a74206a176\",\"name\":\"Elina Laich\",\"image\":{\"@type\":\"ImageObject\",\"inLanguage\":\"fr-FR\",\"@id\":\"https:\/\/swissbaker.ch\/fr\/#\/schema\/person\/image\/\",\"url\":\"https:\/\/secure.gravatar.com\/avatar\/f942ca5f8668781d3ded9592a21de46001e053aff264ff1c6deb97b59d3604b2?s=96&d=mm&r=g\",\"contentUrl\":\"https:\/\/secure.gravatar.com\/avatar\/f942ca5f8668781d3ded9592a21de46001e053aff264ff1c6deb97b59d3604b2?s=96&d=mm&r=g\",\"caption\":\"Elina Laich\"},\"url\":\"https:\/\/swissbaker.ch\/fr\/panissimo-news\/author\/elina-laich\/\"}]}<\/script>\n<!-- \/ Yoast SEO Premium plugin. -->","yoast_head_json":{"title":"Tout change ... \u00e0 grande vitesse ! | SBC","description":"Jean-Fran\u00e7ois Leuenberger, vice-pr\u00e9sident de la BCS, \u00e9voque le d\u00e9marrage en trombe de 2024, ann\u00e9e de la r\u00e9vision totale des m\u00e9tiers de la branche.","robots":{"index":"index","follow":"follow","max-snippet":"max-snippet:-1","max-image-preview":"max-image-preview:large","max-video-preview":"max-video-preview:-1"},"canonical":"https:\/\/swissbaker.ch\/fr\/panissimo-news\/tout-change-a-grande-vitesse\/","og_locale":"fr_FR","og_type":"article","og_title":"Tout change ... \u00e0 grande vitesse !","og_description":"Jean-Fran\u00e7ois Leuenberger, vice-pr\u00e9sident de la BCS, \u00e9voque le d\u00e9marrage en trombe de 2024, ann\u00e9e de la r\u00e9vision totale des m\u00e9tiers de la branche.","og_url":"https:\/\/swissbaker.ch\/fr\/panissimo-news\/tout-change-a-grande-vitesse\/","og_site_name":"SBC","article_publisher":"https:\/\/www.facebook.com\/swissbaker.ch","article_published_time":"2024-01-11T07:14:56+00:00","article_modified_time":"2024-01-12T05:14:49+00:00","og_image":[{"width":1200,"height":712,"url":"https:\/\/swissbaker.ch\/wp-content\/uploads\/2023\/06\/jean-francoise-leuenberger-zv-2023.jpg","type":"image\/jpeg"}],"author":"Elina Laich","twitter_card":"summary_large_image","twitter_creator":"@ch_swissbaker","twitter_site":"@ch_swissbaker","twitter_misc":{"Written by":"Elina Laich","Est. reading time":"2 minutes"},"schema":{"@context":"https:\/\/schema.org","@graph":[{"@type":"Article","@id":"https:\/\/swissbaker.ch\/fr\/panissimo-news\/tout-change-a-grande-vitesse\/#article","isPartOf":{"@id":"https:\/\/swissbaker.ch\/fr\/panissimo-news\/tout-change-a-grande-vitesse\/"},"author":{"name":"Elina Laich","@id":"https:\/\/swissbaker.ch\/fr\/#\/schema\/person\/0c7464407782a0917d6e91a74206a176"},"headline":"Tout change &#8230; \u00e0 grande vitesse !","datePublished":"2024-01-11T07:14:56+00:00","dateModified":"2024-01-12T05:14:49+00:00","mainEntityOfPage":{"@id":"https:\/\/swissbaker.ch\/fr\/panissimo-news\/tout-change-a-grande-vitesse\/"},"wordCount":378,"publisher":{"@id":"https:\/\/swissbaker.ch\/fr\/#organization"},"image":{"@id":"https:\/\/swissbaker.ch\/fr\/panissimo-news\/tout-change-a-grande-vitesse\/#primaryimage"},"thumbnailUrl":"https:\/\/swissbaker.ch\/wp-content\/uploads\/2023\/06\/jean-francoise-leuenberger-zv-2023.jpg","articleSection":["Association"],"inLanguage":"fr-FR"},{"@type":"WebPage","@id":"https:\/\/swissbaker.ch\/fr\/panissimo-news\/tout-change-a-grande-vitesse\/","url":"https:\/\/swissbaker.ch\/fr\/panissimo-news\/tout-change-a-grande-vitesse\/","name":"Tout change ... \u00e0 grande vitesse ! | SBC","isPartOf":{"@id":"https:\/\/swissbaker.ch\/fr\/#website"},"primaryImageOfPage":{"@id":"https:\/\/swissbaker.ch\/fr\/panissimo-news\/tout-change-a-grande-vitesse\/#primaryimage"},"image":{"@id":"https:\/\/swissbaker.ch\/fr\/panissimo-news\/tout-change-a-grande-vitesse\/#primaryimage"},"thumbnailUrl":"https:\/\/swissbaker.ch\/wp-content\/uploads\/2023\/06\/jean-francoise-leuenberger-zv-2023.jpg","datePublished":"2024-01-11T07:14:56+00:00","dateModified":"2024-01-12T05:14:49+00:00","description":"Jean-Fran\u00e7ois Leuenberger, vice-pr\u00e9sident de la BCS, \u00e9voque le d\u00e9marrage en trombe de 2024, ann\u00e9e de la r\u00e9vision totale des m\u00e9tiers de la branche.","breadcrumb":{"@id":"https:\/\/swissbaker.ch\/fr\/panissimo-news\/tout-change-a-grande-vitesse\/#breadcrumb"},"inLanguage":"fr-FR","potentialAction":[{"@type":"ReadAction","target":["https:\/\/swissbaker.ch\/fr\/panissimo-news\/tout-change-a-grande-vitesse\/"]}]},{"@type":"ImageObject","inLanguage":"fr-FR","@id":"https:\/\/swissbaker.ch\/fr\/panissimo-news\/tout-change-a-grande-vitesse\/#primaryimage","url":"https:\/\/swissbaker.ch\/wp-content\/uploads\/2023\/06\/jean-francoise-leuenberger-zv-2023.jpg","contentUrl":"https:\/\/swissbaker.ch\/wp-content\/uploads\/2023\/06\/jean-francoise-leuenberger-zv-2023.jpg","width":1200,"height":712},{"@type":"BreadcrumbList","@id":"https:\/\/swissbaker.ch\/fr\/panissimo-news\/tout-change-a-grande-vitesse\/#breadcrumb","itemListElement":[{"@type":"ListItem","position":1,"name":"","item":"https:\/\/swissbaker.ch\/fr\/"},{"@type":"ListItem","position":2,"name":"Association","item":"https:\/\/swissbaker.ch\/fr\/panissimo-news\/category\/association\/"},{"@type":"ListItem","position":3,"name":"Tout change &#8230; \u00e0 grande vitesse !"}]},{"@type":"WebSite","@id":"https:\/\/swissbaker.ch\/fr\/#website","url":"https:\/\/swissbaker.ch\/fr\/","name":"SBC","description":"","publisher":{"@id":"https:\/\/swissbaker.ch\/fr\/#organization"},"potentialAction":[{"@type":"SearchAction","target":{"@type":"EntryPoint","urlTemplate":"https:\/\/swissbaker.ch\/fr\/?s={search_term_string}"},"query-input":{"@type":"PropertyValueSpecification","valueRequired":true,"valueName":"search_term_string"}}],"inLanguage":"fr-FR"},{"@type":"Organization","@id":"https:\/\/swissbaker.ch\/fr\/#organization","name":"Schweizerischer B\u00e4cker-Confiseurmeister-Verband","url":"https:\/\/swissbaker.ch\/fr\/","logo":{"@type":"ImageObject","inLanguage":"fr-FR","@id":"https:\/\/swissbaker.ch\/fr\/#\/schema\/logo\/image\/","url":"https:\/\/swissbaker.ch\/wp-content\/uploads\/2022\/04\/sbc-logo-yoast.jpg","contentUrl":"https:\/\/swissbaker.ch\/wp-content\/uploads\/2022\/04\/sbc-logo-yoast.jpg","width":512,"height":512,"caption":"Schweizerischer B\u00e4cker-Confiseurmeister-Verband"},"image":{"@id":"https:\/\/swissbaker.ch\/fr\/#\/schema\/logo\/image\/"},"sameAs":["https:\/\/www.facebook.com\/swissbaker.ch","https:\/\/x.com\/ch_swissbaker"]},{"@type":"Person","@id":"https:\/\/swissbaker.ch\/fr\/#\/schema\/person\/0c7464407782a0917d6e91a74206a176","name":"Elina Laich","image":{"@type":"ImageObject","inLanguage":"fr-FR","@id":"https:\/\/swissbaker.ch\/fr\/#\/schema\/person\/image\/","url":"https:\/\/secure.gravatar.com\/avatar\/f942ca5f8668781d3ded9592a21de46001e053aff264ff1c6deb97b59d3604b2?s=96&d=mm&r=g","contentUrl":"https:\/\/secure.gravatar.com\/avatar\/f942ca5f8668781d3ded9592a21de46001e053aff264ff1c6deb97b59d3604b2?s=96&d=mm&r=g","caption":"Elina Laich"},"url":"https:\/\/swissbaker.ch\/fr\/panissimo-news\/author\/elina-laich\/"}]}},"_links":{"self":[{"href":"https:\/\/swissbaker.ch\/fr\/wp-json\/wp\/v2\/posts\/73871","targetHints":{"allow":["GET"]}}],"collection":[{"href":"https:\/\/swissbaker.ch\/fr\/wp-json\/wp\/v2\/posts"}],"about":[{"href":"https:\/\/swissbaker.ch\/fr\/wp-json\/wp\/v2\/types\/post"}],"author":[{"embeddable":true,"href":"https:\/\/swissbaker.ch\/fr\/wp-json\/wp\/v2\/users\/4"}],"replies":[{"embeddable":true,"href":"https:\/\/swissbaker.ch\/fr\/wp-json\/wp\/v2\/comments?post=73871"}],"version-history":[{"count":0,"href":"https:\/\/swissbaker.ch\/fr\/wp-json\/wp\/v2\/posts\/73871\/revisions"}],"wp:featuredmedia":[{"embeddable":true,"href":"https:\/\/swissbaker.ch\/fr\/wp-json\/wp\/v2\/media\/63615"}],"wp:attachment":[{"href":"https:\/\/swissbaker.ch\/fr\/wp-json\/wp\/v2\/media?parent=73871"}],"wp:term":[{"taxonomy":"category","embeddable":true,"href":"https:\/\/swissbaker.ch\/fr\/wp-json\/wp\/v2\/categories?post=73871"},{"taxonomy":"post_tag","embeddable":true,"href":"https:\/\/swissbaker.ch\/fr\/wp-json\/wp\/v2\/tags?post=73871"}],"curies":[{"name":"wp","href":"https:\/\/api.w.org\/{rel}","templated":true}]}}