{"id":7381,"date":"2016-09-23T11:23:00","date_gmt":"2016-09-23T09:23:00","guid":{"rendered":"https:\/\/swissbaker.ch\/?p=7381"},"modified":"2022-04-29T11:21:43","modified_gmt":"2022-04-29T09:21:43","slug":"ne-commencez-pas-a-cesser","status":"publish","type":"post","link":"https:\/\/swissbaker.ch\/fr\/panissimo-news\/ne-commencez-pas-a-cesser\/","title":{"rendered":"Ne commencez pas \u00e0 cesser\u2026"},"content":{"rendered":"\n<p><strong>\u2026de voir ce qui est positif dans votre environnement proche. On n\u00e9glige souvent les petites choses du quotidien qui contribuent \u00e0 une saine motivation personnelle\u2026<\/strong><\/p>\n\n\n\n<p>Recommencez sciemment \u00e0 vous r\u00e9jouir de voir se lever une belle journ\u00e9e ensoleill\u00e9e, de d\u00e9crocher un sourire \u00e0 quelqu\u2019un, d\u2019admirer de belles cr\u00e9ations dans une vitrine de vente, de discerner le compliment discret d\u2019un client, de savourer une belle r\u00e9ussite ou de parvenir \u00e0 renoncer \u00e0 quelque chose dont vous n\u2019avez pas r\u00e9ellement besoin. Vous pouvez allonger la liste en tout temps comme bon vous semble, en y int\u00e9grant des \u00e9l\u00e9ments de votre vie personnelle ou professionnelle. Cherchez des choses simples et pas trop compliqu\u00e9es \u2013 car comme on le sait, le trop est l\u2019ennemi du bien\u2009!<\/p>\n\n\n\n<p>Vous allez voir que vous allez \u00e9prouver de la joie, et appr\u00e9hender votre quotidien avec moins de stress, plus de motivation et de cr\u00e9ativit\u00e9, tout en devenant plus \u00ab\u2009agr\u00e9able\u2009\u00bb pour votre entourage. Quand vous irez bien personnellement, vous arriverez en effet plus facilement \u00e0 faire le bien autour de vous. Cela ne passera pas inaper\u00e7u\u2009!<\/p>\n\n\n\n<p>Vous devriez avoir pour objectif de profiter de petits moments de satisfaction personnelle. Vous ne pouvez pas d\u00e9l\u00e9guer cette t\u00e2che, qui vous incombe \u00e0 vous\u2009!<\/p>\n\n\n\n<p>Et s\u2019il vous arrive encore une fois ou l\u2019autre d\u2019avoir la t\u00eate basse, prenez le temps de vous changer les id\u00e9es en faisant ce que vous avez longtemps remis au lendemain \u2013 en allant voir un film au cin\u00e9ma par exemple \u2013, pour pouvoir relever la t\u00eate. N\u2019oubliez n\u00e9anmoins pas ensuite qu\u2019il ne faut\u2026<\/p>\n\n\n\n<p>\u2026 jamais cesser de commencer\u2009!<\/p>\n\n\n\n<p>Anton Froschauer dirige depuis 1996 la confiserie Al Porto, qui compte actuellement 90 collaborateurs et 6 filiales \u00e0 Locarno, Ascona et Lugano.<\/p>\n","protected":false},"excerpt":{"rendered":"<p>\u2026de voir ce qui est positif dans votre environnement proche. On n\u00e9glige souvent les petites choses du quotidien qui contribuent \u00e0 une saine motivation personnelle\u2026 Recommencez sciemment \u00e0 vous r\u00e9jouir de voir se lever une belle journ\u00e9e ensoleill\u00e9e, de d\u00e9crocher un sourire \u00e0 quelqu\u2019un, d\u2019admirer de belles cr\u00e9ations dans une vitrine de vente, de discerner le compliment discret d\u2019un client, [&hellip;]<\/p>\n","protected":false},"author":1,"featured_media":5406,"comment_status":"open","ping_status":"closed","sticky":false,"template":"","format":"standard","meta":{"_acf_changed":false,"footnotes":""},"categories":[58],"tags":[],"class_list":["post-7381","post","type-post","status-publish","format-standard","has-post-thumbnail","hentry","category-swissbaker-blog-fr"],"acf":[],"yoast_head":"<!-- This site is optimized with the Yoast SEO Premium plugin v26.8 (Yoast SEO v26.8) - https:\/\/yoast.com\/product\/yoast-seo-premium-wordpress\/ -->\n<title>Ne commencez pas \u00e0 cesser\u2026 | SBC<\/title>\n<meta name=\"robots\" content=\"index, follow, max-snippet:-1, max-image-preview:large, max-video-preview:-1\" \/>\n<link rel=\"canonical\" href=\"https:\/\/swissbaker.ch\/fr\/panissimo-news\/ne-commencez-pas-a-cesser\/\" \/>\n<meta property=\"og:locale\" content=\"fr_FR\" \/>\n<meta property=\"og:type\" content=\"article\" \/>\n<meta property=\"og:title\" content=\"Ne commencez pas \u00e0 cesser\u2026\" \/>\n<meta property=\"og:description\" content=\"\u2026de voir ce qui est positif dans votre environnement proche. On n\u00e9glige souvent les petites choses du quotidien qui contribuent \u00e0 une saine motivation personnelle\u2026 Recommencez sciemment \u00e0 vous r\u00e9jouir de voir se lever une belle journ\u00e9e ensoleill\u00e9e, de d\u00e9crocher un sourire \u00e0 quelqu\u2019un, d\u2019admirer de belles cr\u00e9ations dans une vitrine de vente, de discerner le compliment discret d\u2019un client, [&hellip;]\" \/>\n<meta property=\"og:url\" content=\"https:\/\/swissbaker.ch\/fr\/panissimo-news\/ne-commencez-pas-a-cesser\/\" \/>\n<meta property=\"og:site_name\" content=\"SBC\" \/>\n<meta property=\"article:publisher\" content=\"https:\/\/www.facebook.com\/swissbaker.ch\" \/>\n<meta property=\"article:published_time\" content=\"2016-09-23T09:23:00+00:00\" \/>\n<meta property=\"article:modified_time\" content=\"2022-04-29T09:21:43+00:00\" \/>\n<meta property=\"og:image\" content=\"https:\/\/swissbaker.ch\/wp-content\/uploads\/2022\/03\/csm_anton_froschauer_caeb4fb4cb.jpg\" \/>\n\t<meta property=\"og:image:width\" content=\"494\" \/>\n\t<meta property=\"og:image:height\" content=\"600\" \/>\n\t<meta property=\"og:image:type\" content=\"image\/jpeg\" \/>\n<meta name=\"author\" content=\"azureart\" \/>\n<meta name=\"twitter:card\" content=\"summary_large_image\" \/>\n<meta name=\"twitter:creator\" content=\"@ch_swissbaker\" \/>\n<meta name=\"twitter:site\" content=\"@ch_swissbaker\" \/>\n<meta name=\"twitter:label1\" content=\"Written by\" \/>\n\t<meta name=\"twitter:data1\" content=\"azureart\" \/>\n\t<meta name=\"twitter:label2\" content=\"Est. reading time\" \/>\n\t<meta name=\"twitter:data2\" content=\"2 minutes\" \/>\n<script type=\"application\/ld+json\" class=\"yoast-schema-graph\">{\"@context\":\"https:\/\/schema.org\",\"@graph\":[{\"@type\":\"Article\",\"@id\":\"https:\/\/swissbaker.ch\/fr\/panissimo-news\/ne-commencez-pas-a-cesser\/#article\",\"isPartOf\":{\"@id\":\"https:\/\/swissbaker.ch\/fr\/panissimo-news\/ne-commencez-pas-a-cesser\/\"},\"author\":{\"name\":\"azureart\",\"@id\":\"https:\/\/swissbaker.ch\/fr\/#\/schema\/person\/058ac47619f7da53df62aba60f939b78\"},\"headline\":\"Ne commencez pas \u00e0 cesser\u2026\",\"datePublished\":\"2016-09-23T09:23:00+00:00\",\"dateModified\":\"2022-04-29T09:21:43+00:00\",\"mainEntityOfPage\":{\"@id\":\"https:\/\/swissbaker.ch\/fr\/panissimo-news\/ne-commencez-pas-a-cesser\/\"},\"wordCount\":305,\"commentCount\":0,\"publisher\":{\"@id\":\"https:\/\/swissbaker.ch\/fr\/#organization\"},\"image\":{\"@id\":\"https:\/\/swissbaker.ch\/fr\/panissimo-news\/ne-commencez-pas-a-cesser\/#primaryimage\"},\"thumbnailUrl\":\"https:\/\/swissbaker.ch\/wp-content\/uploads\/2022\/03\/csm_anton_froschauer_caeb4fb4cb.jpg\",\"articleSection\":[\"swissbaker-blog\"],\"inLanguage\":\"fr-FR\",\"potentialAction\":[{\"@type\":\"CommentAction\",\"name\":\"Comment\",\"target\":[\"https:\/\/swissbaker.ch\/fr\/panissimo-news\/ne-commencez-pas-a-cesser\/#respond\"]}]},{\"@type\":\"WebPage\",\"@id\":\"https:\/\/swissbaker.ch\/fr\/panissimo-news\/ne-commencez-pas-a-cesser\/\",\"url\":\"https:\/\/swissbaker.ch\/fr\/panissimo-news\/ne-commencez-pas-a-cesser\/\",\"name\":\"Ne commencez pas \u00e0 cesser\u2026 | SBC\",\"isPartOf\":{\"@id\":\"https:\/\/swissbaker.ch\/fr\/#website\"},\"primaryImageOfPage\":{\"@id\":\"https:\/\/swissbaker.ch\/fr\/panissimo-news\/ne-commencez-pas-a-cesser\/#primaryimage\"},\"image\":{\"@id\":\"https:\/\/swissbaker.ch\/fr\/panissimo-news\/ne-commencez-pas-a-cesser\/#primaryimage\"},\"thumbnailUrl\":\"https:\/\/swissbaker.ch\/wp-content\/uploads\/2022\/03\/csm_anton_froschauer_caeb4fb4cb.jpg\",\"datePublished\":\"2016-09-23T09:23:00+00:00\",\"dateModified\":\"2022-04-29T09:21:43+00:00\",\"breadcrumb\":{\"@id\":\"https:\/\/swissbaker.ch\/fr\/panissimo-news\/ne-commencez-pas-a-cesser\/#breadcrumb\"},\"inLanguage\":\"fr-FR\",\"potentialAction\":[{\"@type\":\"ReadAction\",\"target\":[\"https:\/\/swissbaker.ch\/fr\/panissimo-news\/ne-commencez-pas-a-cesser\/\"]}]},{\"@type\":\"ImageObject\",\"inLanguage\":\"fr-FR\",\"@id\":\"https:\/\/swissbaker.ch\/fr\/panissimo-news\/ne-commencez-pas-a-cesser\/#primaryimage\",\"url\":\"https:\/\/swissbaker.ch\/wp-content\/uploads\/2022\/03\/csm_anton_froschauer_caeb4fb4cb.jpg\",\"contentUrl\":\"https:\/\/swissbaker.ch\/wp-content\/uploads\/2022\/03\/csm_anton_froschauer_caeb4fb4cb.jpg\",\"width\":494,\"height\":600,\"caption\":\"Ne commencez pas \u00e0 cesser\u2026\"},{\"@type\":\"BreadcrumbList\",\"@id\":\"https:\/\/swissbaker.ch\/fr\/panissimo-news\/ne-commencez-pas-a-cesser\/#breadcrumb\",\"itemListElement\":[{\"@type\":\"ListItem\",\"position\":1,\"name\":\"\",\"item\":\"https:\/\/swissbaker.ch\/fr\/\"},{\"@type\":\"ListItem\",\"position\":2,\"name\":\"swissbaker-blog\",\"item\":\"https:\/\/swissbaker.ch\/fr\/panissimo-news\/category\/swissbaker-blog-fr\/\"},{\"@type\":\"ListItem\",\"position\":3,\"name\":\"Ne commencez pas \u00e0 cesser\u2026\"}]},{\"@type\":\"WebSite\",\"@id\":\"https:\/\/swissbaker.ch\/fr\/#website\",\"url\":\"https:\/\/swissbaker.ch\/fr\/\",\"name\":\"SBC\",\"description\":\"\",\"publisher\":{\"@id\":\"https:\/\/swissbaker.ch\/fr\/#organization\"},\"potentialAction\":[{\"@type\":\"SearchAction\",\"target\":{\"@type\":\"EntryPoint\",\"urlTemplate\":\"https:\/\/swissbaker.ch\/fr\/?s={search_term_string}\"},\"query-input\":{\"@type\":\"PropertyValueSpecification\",\"valueRequired\":true,\"valueName\":\"search_term_string\"}}],\"inLanguage\":\"fr-FR\"},{\"@type\":\"Organization\",\"@id\":\"https:\/\/swissbaker.ch\/fr\/#organization\",\"name\":\"Schweizerischer B\u00e4cker-Confiseurmeister-Verband\",\"url\":\"https:\/\/swissbaker.ch\/fr\/\",\"logo\":{\"@type\":\"ImageObject\",\"inLanguage\":\"fr-FR\",\"@id\":\"https:\/\/swissbaker.ch\/fr\/#\/schema\/logo\/image\/\",\"url\":\"https:\/\/swissbaker.ch\/wp-content\/uploads\/2022\/04\/sbc-logo-yoast.jpg\",\"contentUrl\":\"https:\/\/swissbaker.ch\/wp-content\/uploads\/2022\/04\/sbc-logo-yoast.jpg\",\"width\":512,\"height\":512,\"caption\":\"Schweizerischer B\u00e4cker-Confiseurmeister-Verband\"},\"image\":{\"@id\":\"https:\/\/swissbaker.ch\/fr\/#\/schema\/logo\/image\/\"},\"sameAs\":[\"https:\/\/www.facebook.com\/swissbaker.ch\",\"https:\/\/x.com\/ch_swissbaker\"]},{\"@type\":\"Person\",\"@id\":\"https:\/\/swissbaker.ch\/fr\/#\/schema\/person\/058ac47619f7da53df62aba60f939b78\",\"name\":\"azureart\",\"image\":{\"@type\":\"ImageObject\",\"inLanguage\":\"fr-FR\",\"@id\":\"https:\/\/swissbaker.ch\/fr\/#\/schema\/person\/image\/\",\"url\":\"https:\/\/secure.gravatar.com\/avatar\/be04dd3098fd612c83067af4f7a295384c93cb6a9112f51beb9d2f477d25da61?s=96&d=mm&r=g\",\"contentUrl\":\"https:\/\/secure.gravatar.com\/avatar\/be04dd3098fd612c83067af4f7a295384c93cb6a9112f51beb9d2f477d25da61?s=96&d=mm&r=g\",\"caption\":\"azureart\"},\"sameAs\":[\"https:\/\/swissbaker.ch\"],\"url\":\"https:\/\/swissbaker.ch\/fr\/panissimo-news\/author\/pixel-ahoi\/\"}]}<\/script>\n<!-- \/ Yoast SEO Premium plugin. -->","yoast_head_json":{"title":"Ne commencez pas \u00e0 cesser\u2026 | SBC","robots":{"index":"index","follow":"follow","max-snippet":"max-snippet:-1","max-image-preview":"max-image-preview:large","max-video-preview":"max-video-preview:-1"},"canonical":"https:\/\/swissbaker.ch\/fr\/panissimo-news\/ne-commencez-pas-a-cesser\/","og_locale":"fr_FR","og_type":"article","og_title":"Ne commencez pas \u00e0 cesser\u2026","og_description":"\u2026de voir ce qui est positif dans votre environnement proche. On n\u00e9glige souvent les petites choses du quotidien qui contribuent \u00e0 une saine motivation personnelle\u2026 Recommencez sciemment \u00e0 vous r\u00e9jouir de voir se lever une belle journ\u00e9e ensoleill\u00e9e, de d\u00e9crocher un sourire \u00e0 quelqu\u2019un, d\u2019admirer de belles cr\u00e9ations dans une vitrine de vente, de discerner le compliment discret d\u2019un client, [&hellip;]","og_url":"https:\/\/swissbaker.ch\/fr\/panissimo-news\/ne-commencez-pas-a-cesser\/","og_site_name":"SBC","article_publisher":"https:\/\/www.facebook.com\/swissbaker.ch","article_published_time":"2016-09-23T09:23:00+00:00","article_modified_time":"2022-04-29T09:21:43+00:00","og_image":[{"width":494,"height":600,"url":"https:\/\/swissbaker.ch\/wp-content\/uploads\/2022\/03\/csm_anton_froschauer_caeb4fb4cb.jpg","type":"image\/jpeg"}],"author":"azureart","twitter_card":"summary_large_image","twitter_creator":"@ch_swissbaker","twitter_site":"@ch_swissbaker","twitter_misc":{"Written by":"azureart","Est. reading time":"2 minutes"},"schema":{"@context":"https:\/\/schema.org","@graph":[{"@type":"Article","@id":"https:\/\/swissbaker.ch\/fr\/panissimo-news\/ne-commencez-pas-a-cesser\/#article","isPartOf":{"@id":"https:\/\/swissbaker.ch\/fr\/panissimo-news\/ne-commencez-pas-a-cesser\/"},"author":{"name":"azureart","@id":"https:\/\/swissbaker.ch\/fr\/#\/schema\/person\/058ac47619f7da53df62aba60f939b78"},"headline":"Ne commencez pas \u00e0 cesser\u2026","datePublished":"2016-09-23T09:23:00+00:00","dateModified":"2022-04-29T09:21:43+00:00","mainEntityOfPage":{"@id":"https:\/\/swissbaker.ch\/fr\/panissimo-news\/ne-commencez-pas-a-cesser\/"},"wordCount":305,"commentCount":0,"publisher":{"@id":"https:\/\/swissbaker.ch\/fr\/#organization"},"image":{"@id":"https:\/\/swissbaker.ch\/fr\/panissimo-news\/ne-commencez-pas-a-cesser\/#primaryimage"},"thumbnailUrl":"https:\/\/swissbaker.ch\/wp-content\/uploads\/2022\/03\/csm_anton_froschauer_caeb4fb4cb.jpg","articleSection":["swissbaker-blog"],"inLanguage":"fr-FR","potentialAction":[{"@type":"CommentAction","name":"Comment","target":["https:\/\/swissbaker.ch\/fr\/panissimo-news\/ne-commencez-pas-a-cesser\/#respond"]}]},{"@type":"WebPage","@id":"https:\/\/swissbaker.ch\/fr\/panissimo-news\/ne-commencez-pas-a-cesser\/","url":"https:\/\/swissbaker.ch\/fr\/panissimo-news\/ne-commencez-pas-a-cesser\/","name":"Ne commencez pas \u00e0 cesser\u2026 | SBC","isPartOf":{"@id":"https:\/\/swissbaker.ch\/fr\/#website"},"primaryImageOfPage":{"@id":"https:\/\/swissbaker.ch\/fr\/panissimo-news\/ne-commencez-pas-a-cesser\/#primaryimage"},"image":{"@id":"https:\/\/swissbaker.ch\/fr\/panissimo-news\/ne-commencez-pas-a-cesser\/#primaryimage"},"thumbnailUrl":"https:\/\/swissbaker.ch\/wp-content\/uploads\/2022\/03\/csm_anton_froschauer_caeb4fb4cb.jpg","datePublished":"2016-09-23T09:23:00+00:00","dateModified":"2022-04-29T09:21:43+00:00","breadcrumb":{"@id":"https:\/\/swissbaker.ch\/fr\/panissimo-news\/ne-commencez-pas-a-cesser\/#breadcrumb"},"inLanguage":"fr-FR","potentialAction":[{"@type":"ReadAction","target":["https:\/\/swissbaker.ch\/fr\/panissimo-news\/ne-commencez-pas-a-cesser\/"]}]},{"@type":"ImageObject","inLanguage":"fr-FR","@id":"https:\/\/swissbaker.ch\/fr\/panissimo-news\/ne-commencez-pas-a-cesser\/#primaryimage","url":"https:\/\/swissbaker.ch\/wp-content\/uploads\/2022\/03\/csm_anton_froschauer_caeb4fb4cb.jpg","contentUrl":"https:\/\/swissbaker.ch\/wp-content\/uploads\/2022\/03\/csm_anton_froschauer_caeb4fb4cb.jpg","width":494,"height":600,"caption":"Ne commencez pas \u00e0 cesser\u2026"},{"@type":"BreadcrumbList","@id":"https:\/\/swissbaker.ch\/fr\/panissimo-news\/ne-commencez-pas-a-cesser\/#breadcrumb","itemListElement":[{"@type":"ListItem","position":1,"name":"","item":"https:\/\/swissbaker.ch\/fr\/"},{"@type":"ListItem","position":2,"name":"swissbaker-blog","item":"https:\/\/swissbaker.ch\/fr\/panissimo-news\/category\/swissbaker-blog-fr\/"},{"@type":"ListItem","position":3,"name":"Ne commencez pas \u00e0 cesser\u2026"}]},{"@type":"WebSite","@id":"https:\/\/swissbaker.ch\/fr\/#website","url":"https:\/\/swissbaker.ch\/fr\/","name":"SBC","description":"","publisher":{"@id":"https:\/\/swissbaker.ch\/fr\/#organization"},"potentialAction":[{"@type":"SearchAction","target":{"@type":"EntryPoint","urlTemplate":"https:\/\/swissbaker.ch\/fr\/?s={search_term_string}"},"query-input":{"@type":"PropertyValueSpecification","valueRequired":true,"valueName":"search_term_string"}}],"inLanguage":"fr-FR"},{"@type":"Organization","@id":"https:\/\/swissbaker.ch\/fr\/#organization","name":"Schweizerischer B\u00e4cker-Confiseurmeister-Verband","url":"https:\/\/swissbaker.ch\/fr\/","logo":{"@type":"ImageObject","inLanguage":"fr-FR","@id":"https:\/\/swissbaker.ch\/fr\/#\/schema\/logo\/image\/","url":"https:\/\/swissbaker.ch\/wp-content\/uploads\/2022\/04\/sbc-logo-yoast.jpg","contentUrl":"https:\/\/swissbaker.ch\/wp-content\/uploads\/2022\/04\/sbc-logo-yoast.jpg","width":512,"height":512,"caption":"Schweizerischer B\u00e4cker-Confiseurmeister-Verband"},"image":{"@id":"https:\/\/swissbaker.ch\/fr\/#\/schema\/logo\/image\/"},"sameAs":["https:\/\/www.facebook.com\/swissbaker.ch","https:\/\/x.com\/ch_swissbaker"]},{"@type":"Person","@id":"https:\/\/swissbaker.ch\/fr\/#\/schema\/person\/058ac47619f7da53df62aba60f939b78","name":"azureart","image":{"@type":"ImageObject","inLanguage":"fr-FR","@id":"https:\/\/swissbaker.ch\/fr\/#\/schema\/person\/image\/","url":"https:\/\/secure.gravatar.com\/avatar\/be04dd3098fd612c83067af4f7a295384c93cb6a9112f51beb9d2f477d25da61?s=96&d=mm&r=g","contentUrl":"https:\/\/secure.gravatar.com\/avatar\/be04dd3098fd612c83067af4f7a295384c93cb6a9112f51beb9d2f477d25da61?s=96&d=mm&r=g","caption":"azureart"},"sameAs":["https:\/\/swissbaker.ch"],"url":"https:\/\/swissbaker.ch\/fr\/panissimo-news\/author\/pixel-ahoi\/"}]}},"_links":{"self":[{"href":"https:\/\/swissbaker.ch\/fr\/wp-json\/wp\/v2\/posts\/7381","targetHints":{"allow":["GET"]}}],"collection":[{"href":"https:\/\/swissbaker.ch\/fr\/wp-json\/wp\/v2\/posts"}],"about":[{"href":"https:\/\/swissbaker.ch\/fr\/wp-json\/wp\/v2\/types\/post"}],"author":[{"embeddable":true,"href":"https:\/\/swissbaker.ch\/fr\/wp-json\/wp\/v2\/users\/1"}],"replies":[{"embeddable":true,"href":"https:\/\/swissbaker.ch\/fr\/wp-json\/wp\/v2\/comments?post=7381"}],"version-history":[{"count":0,"href":"https:\/\/swissbaker.ch\/fr\/wp-json\/wp\/v2\/posts\/7381\/revisions"}],"wp:featuredmedia":[{"embeddable":true,"href":"https:\/\/swissbaker.ch\/fr\/wp-json\/wp\/v2\/media\/5406"}],"wp:attachment":[{"href":"https:\/\/swissbaker.ch\/fr\/wp-json\/wp\/v2\/media?parent=7381"}],"wp:term":[{"taxonomy":"category","embeddable":true,"href":"https:\/\/swissbaker.ch\/fr\/wp-json\/wp\/v2\/categories?post=7381"},{"taxonomy":"post_tag","embeddable":true,"href":"https:\/\/swissbaker.ch\/fr\/wp-json\/wp\/v2\/tags?post=7381"}],"curies":[{"name":"wp","href":"https:\/\/api.w.org\/{rel}","templated":true}]}}