{"id":7366,"date":"2022-02-24T10:01:00","date_gmt":"2022-02-24T09:01:00","guid":{"rendered":"https:\/\/swissbaker.ch\/?p=7366"},"modified":"2022-04-29T11:13:40","modified_gmt":"2022-04-29T09:13:40","slug":"declaration-des-contributions-aux-frais-dexecution-2021","status":"publish","type":"post","link":"https:\/\/swissbaker.ch\/fr\/panissimo-news\/declaration-des-contributions-aux-frais-dexecution-2021\/","title":{"rendered":"D\u00e9claration des contributions aux frais d\u2019ex\u00e9cution 2021"},"content":{"rendered":"\n<p><strong>Outre l\u2019ex\u00e9cution et l\u2019interpr\u00e9tation de la convention collective de travail (CCT), l\u2019encaissement des contributions aux frais d\u2019ex\u00e9cution (art. 40 CCT) incombe \u00e0 la commission paritaire des boulangers-confiseurs suisses (cpbc). Il a donc \u00e9t\u00e9 demand\u00e9 aux entreprises du secteur de la boulangerie-confiserie de proc\u00e9der \u00e0 la d\u00e9claration et au paiement des contributions aux frais d\u2019ex\u00e9cution de 2021. Il ressort de la derni\u00e8re s\u00e9ance de la cpbc que le retour est positif. Nombre de d\u00e9clarations sont toutefois en attente.<\/strong><\/p>\n\n\n\n<p><strong>La proc\u00e9dure de rappel avec injonction de payer des frais de retard est initialis\u00e9e \u00e0 partir de mars 2022. <\/strong>La BCS recommande \u00e0 ses membres de satisfaire imm\u00e9diatement \u00e0 l\u2019obligation de d\u00e9claration et de virement des contributions aux frais d\u2019ex\u00e9cution afin d\u2019\u00e9viter des d\u00e9sagr\u00e9ments et des co\u00fbts suppl\u00e9mentaires, ainsi qu\u2019une fixation des contributions selon estimation (art. 41b bis CCT).<\/p>\n\n\n\n<h2 class=\"wp-block-heading\" id=\"h-exceptions-concernant-la-contribution-des-travailleurs\">Exceptions concernant la contribution des travailleurs<\/h2>\n\n\n\n<p>En principe, tous les travailleurs soumis \u00e0 la CCT (c&#8217;est-\u00e0-dire entrant dans le champ d&#8217;application personnel) sont redevables de la contribution des travailleurs. Cette derni\u00e8re n&#8217;est pas due, \u00e0 titre d&#8217;exception, par les travailleurs qui n&#8217;atteignent pas le revenu minime au sens de l&#8217;AVS, actuellement de 2300 francs par an, ou qui ont atteint l&#8217;\u00e2ge ordinaire de la retraite. En outre, \u00e0 partir de 2021, les mineurs ne doivent pas non plus payer de contributions aux frais d&#8217;ex\u00e9cution<\/p>\n\n\n\n<p>Concernant les exceptions au champ d\u2019application personnel, il est fait r\u00e9f\u00e9rence \u00e0 la CCT, respectivement \u00e0 l\u2019arr\u00eat\u00e9 du Conseil f\u00e9d\u00e9ral du 6 novembre 2018 relatif \u00e0 l&#8217;extension du champ d&#8217;application, et aux autres informations de la cpbc sur <a href=\"https:\/\/pkbc.ch\/fr\">www.pkbc.ch.<\/a><\/p>\n\n\n\n<p>Le service juridique se tient \u00e0 disposition en cas de questions.<\/p>\n","protected":false},"excerpt":{"rendered":"<p>Outre l\u2019ex\u00e9cution et l\u2019interpr\u00e9tation de la convention collective de travail (CCT), l\u2019encaissement des contributions aux frais d\u2019ex\u00e9cution (art. 40 CCT) incombe \u00e0 la commission paritaire des boulangers-confiseurs suisses (cpbc). Il a donc \u00e9t\u00e9 demand\u00e9 aux entreprises du secteur de la boulangerie-confiserie de proc\u00e9der \u00e0 la d\u00e9claration et au paiement des contributions aux frais d\u2019ex\u00e9cution de 2021. Il ressort de la [&hellip;]<\/p>\n","protected":false},"author":1,"featured_media":5051,"comment_status":"open","ping_status":"closed","sticky":false,"template":"","format":"standard","meta":{"_acf_changed":false,"footnotes":""},"categories":[41],"tags":[],"class_list":["post-7366","post","type-post","status-publish","format-standard","has-post-thumbnail","hentry","category-association"],"acf":[],"yoast_head":"<!-- This site is optimized with the Yoast SEO Premium plugin v26.8 (Yoast SEO v26.8) - https:\/\/yoast.com\/product\/yoast-seo-premium-wordpress\/ -->\n<title>D\u00e9claration des contributions aux frais d\u2019ex\u00e9cution 2021 | SBC<\/title>\n<meta name=\"robots\" content=\"index, follow, max-snippet:-1, max-image-preview:large, max-video-preview:-1\" \/>\n<link rel=\"canonical\" href=\"https:\/\/swissbaker.ch\/fr\/panissimo-news\/declaration-des-contributions-aux-frais-dexecution-2021\/\" \/>\n<meta property=\"og:locale\" content=\"fr_FR\" \/>\n<meta property=\"og:type\" content=\"article\" \/>\n<meta property=\"og:title\" content=\"D\u00e9claration des contributions aux frais d\u2019ex\u00e9cution 2021\" \/>\n<meta property=\"og:description\" content=\"Outre l\u2019ex\u00e9cution et l\u2019interpr\u00e9tation de la convention collective de travail (CCT), l\u2019encaissement des contributions aux frais d\u2019ex\u00e9cution (art. 40 CCT) incombe \u00e0 la commission paritaire des boulangers-confiseurs suisses (cpbc). Il a donc \u00e9t\u00e9 demand\u00e9 aux entreprises du secteur de la boulangerie-confiserie de proc\u00e9der \u00e0 la d\u00e9claration et au paiement des contributions aux frais d\u2019ex\u00e9cution de 2021. Il ressort de la [&hellip;]\" \/>\n<meta property=\"og:url\" content=\"https:\/\/swissbaker.ch\/fr\/panissimo-news\/declaration-des-contributions-aux-frais-dexecution-2021\/\" \/>\n<meta property=\"og:site_name\" content=\"SBC\" \/>\n<meta property=\"article:publisher\" content=\"https:\/\/www.facebook.com\/swissbaker.ch\" \/>\n<meta property=\"article:published_time\" content=\"2022-02-24T09:01:00+00:00\" \/>\n<meta property=\"article:modified_time\" content=\"2022-04-29T09:13:40+00:00\" \/>\n<meta property=\"og:image\" content=\"https:\/\/swissbaker.ch\/wp-content\/uploads\/2022\/03\/4_1_vollzugskosten_pkbc.jpeg\" \/>\n\t<meta property=\"og:image:width\" content=\"800\" \/>\n\t<meta property=\"og:image:height\" content=\"474\" \/>\n\t<meta property=\"og:image:type\" content=\"image\/jpeg\" \/>\n<meta name=\"author\" content=\"azureart\" \/>\n<meta name=\"twitter:card\" content=\"summary_large_image\" \/>\n<meta name=\"twitter:creator\" content=\"@ch_swissbaker\" \/>\n<meta name=\"twitter:site\" content=\"@ch_swissbaker\" \/>\n<meta name=\"twitter:label1\" content=\"Written by\" \/>\n\t<meta name=\"twitter:data1\" content=\"azureart\" \/>\n\t<meta name=\"twitter:label2\" content=\"Est. reading time\" \/>\n\t<meta name=\"twitter:data2\" content=\"2 minutes\" \/>\n<script type=\"application\/ld+json\" class=\"yoast-schema-graph\">{\"@context\":\"https:\/\/schema.org\",\"@graph\":[{\"@type\":\"Article\",\"@id\":\"https:\/\/swissbaker.ch\/fr\/panissimo-news\/declaration-des-contributions-aux-frais-dexecution-2021\/#article\",\"isPartOf\":{\"@id\":\"https:\/\/swissbaker.ch\/fr\/panissimo-news\/declaration-des-contributions-aux-frais-dexecution-2021\/\"},\"author\":{\"name\":\"azureart\",\"@id\":\"https:\/\/swissbaker.ch\/fr\/#\/schema\/person\/058ac47619f7da53df62aba60f939b78\"},\"headline\":\"D\u00e9claration des contributions aux frais d\u2019ex\u00e9cution 2021\",\"datePublished\":\"2022-02-24T09:01:00+00:00\",\"dateModified\":\"2022-04-29T09:13:40+00:00\",\"mainEntityOfPage\":{\"@id\":\"https:\/\/swissbaker.ch\/fr\/panissimo-news\/declaration-des-contributions-aux-frais-dexecution-2021\/\"},\"wordCount\":309,\"commentCount\":0,\"publisher\":{\"@id\":\"https:\/\/swissbaker.ch\/fr\/#organization\"},\"image\":{\"@id\":\"https:\/\/swissbaker.ch\/fr\/panissimo-news\/declaration-des-contributions-aux-frais-dexecution-2021\/#primaryimage\"},\"thumbnailUrl\":\"https:\/\/swissbaker.ch\/wp-content\/uploads\/2022\/03\/4_1_vollzugskosten_pkbc.jpeg\",\"articleSection\":[\"Association\"],\"inLanguage\":\"fr-FR\",\"potentialAction\":[{\"@type\":\"CommentAction\",\"name\":\"Comment\",\"target\":[\"https:\/\/swissbaker.ch\/fr\/panissimo-news\/declaration-des-contributions-aux-frais-dexecution-2021\/#respond\"]}]},{\"@type\":\"WebPage\",\"@id\":\"https:\/\/swissbaker.ch\/fr\/panissimo-news\/declaration-des-contributions-aux-frais-dexecution-2021\/\",\"url\":\"https:\/\/swissbaker.ch\/fr\/panissimo-news\/declaration-des-contributions-aux-frais-dexecution-2021\/\",\"name\":\"D\u00e9claration des contributions aux frais d\u2019ex\u00e9cution 2021 | SBC\",\"isPartOf\":{\"@id\":\"https:\/\/swissbaker.ch\/fr\/#website\"},\"primaryImageOfPage\":{\"@id\":\"https:\/\/swissbaker.ch\/fr\/panissimo-news\/declaration-des-contributions-aux-frais-dexecution-2021\/#primaryimage\"},\"image\":{\"@id\":\"https:\/\/swissbaker.ch\/fr\/panissimo-news\/declaration-des-contributions-aux-frais-dexecution-2021\/#primaryimage\"},\"thumbnailUrl\":\"https:\/\/swissbaker.ch\/wp-content\/uploads\/2022\/03\/4_1_vollzugskosten_pkbc.jpeg\",\"datePublished\":\"2022-02-24T09:01:00+00:00\",\"dateModified\":\"2022-04-29T09:13:40+00:00\",\"breadcrumb\":{\"@id\":\"https:\/\/swissbaker.ch\/fr\/panissimo-news\/declaration-des-contributions-aux-frais-dexecution-2021\/#breadcrumb\"},\"inLanguage\":\"fr-FR\",\"potentialAction\":[{\"@type\":\"ReadAction\",\"target\":[\"https:\/\/swissbaker.ch\/fr\/panissimo-news\/declaration-des-contributions-aux-frais-dexecution-2021\/\"]}]},{\"@type\":\"ImageObject\",\"inLanguage\":\"fr-FR\",\"@id\":\"https:\/\/swissbaker.ch\/fr\/panissimo-news\/declaration-des-contributions-aux-frais-dexecution-2021\/#primaryimage\",\"url\":\"https:\/\/swissbaker.ch\/wp-content\/uploads\/2022\/03\/4_1_vollzugskosten_pkbc.jpeg\",\"contentUrl\":\"https:\/\/swissbaker.ch\/wp-content\/uploads\/2022\/03\/4_1_vollzugskosten_pkbc.jpeg\",\"width\":800,\"height\":474,\"caption\":\"D\u00e9claration des contributions aux frais d\u2019ex\u00e9cution 2021\"},{\"@type\":\"BreadcrumbList\",\"@id\":\"https:\/\/swissbaker.ch\/fr\/panissimo-news\/declaration-des-contributions-aux-frais-dexecution-2021\/#breadcrumb\",\"itemListElement\":[{\"@type\":\"ListItem\",\"position\":1,\"name\":\"\",\"item\":\"https:\/\/swissbaker.ch\/fr\/\"},{\"@type\":\"ListItem\",\"position\":2,\"name\":\"Association\",\"item\":\"https:\/\/swissbaker.ch\/fr\/panissimo-news\/category\/association\/\"},{\"@type\":\"ListItem\",\"position\":3,\"name\":\"D\u00e9claration des contributions aux frais d\u2019ex\u00e9cution 2021\"}]},{\"@type\":\"WebSite\",\"@id\":\"https:\/\/swissbaker.ch\/fr\/#website\",\"url\":\"https:\/\/swissbaker.ch\/fr\/\",\"name\":\"SBC\",\"description\":\"\",\"publisher\":{\"@id\":\"https:\/\/swissbaker.ch\/fr\/#organization\"},\"potentialAction\":[{\"@type\":\"SearchAction\",\"target\":{\"@type\":\"EntryPoint\",\"urlTemplate\":\"https:\/\/swissbaker.ch\/fr\/?s={search_term_string}\"},\"query-input\":{\"@type\":\"PropertyValueSpecification\",\"valueRequired\":true,\"valueName\":\"search_term_string\"}}],\"inLanguage\":\"fr-FR\"},{\"@type\":\"Organization\",\"@id\":\"https:\/\/swissbaker.ch\/fr\/#organization\",\"name\":\"Schweizerischer B\u00e4cker-Confiseurmeister-Verband\",\"url\":\"https:\/\/swissbaker.ch\/fr\/\",\"logo\":{\"@type\":\"ImageObject\",\"inLanguage\":\"fr-FR\",\"@id\":\"https:\/\/swissbaker.ch\/fr\/#\/schema\/logo\/image\/\",\"url\":\"https:\/\/swissbaker.ch\/wp-content\/uploads\/2022\/04\/sbc-logo-yoast.jpg\",\"contentUrl\":\"https:\/\/swissbaker.ch\/wp-content\/uploads\/2022\/04\/sbc-logo-yoast.jpg\",\"width\":512,\"height\":512,\"caption\":\"Schweizerischer B\u00e4cker-Confiseurmeister-Verband\"},\"image\":{\"@id\":\"https:\/\/swissbaker.ch\/fr\/#\/schema\/logo\/image\/\"},\"sameAs\":[\"https:\/\/www.facebook.com\/swissbaker.ch\",\"https:\/\/x.com\/ch_swissbaker\"]},{\"@type\":\"Person\",\"@id\":\"https:\/\/swissbaker.ch\/fr\/#\/schema\/person\/058ac47619f7da53df62aba60f939b78\",\"name\":\"azureart\",\"image\":{\"@type\":\"ImageObject\",\"inLanguage\":\"fr-FR\",\"@id\":\"https:\/\/swissbaker.ch\/fr\/#\/schema\/person\/image\/\",\"url\":\"https:\/\/secure.gravatar.com\/avatar\/be04dd3098fd612c83067af4f7a295384c93cb6a9112f51beb9d2f477d25da61?s=96&d=mm&r=g\",\"contentUrl\":\"https:\/\/secure.gravatar.com\/avatar\/be04dd3098fd612c83067af4f7a295384c93cb6a9112f51beb9d2f477d25da61?s=96&d=mm&r=g\",\"caption\":\"azureart\"},\"sameAs\":[\"https:\/\/swissbaker.ch\"],\"url\":\"https:\/\/swissbaker.ch\/fr\/panissimo-news\/author\/pixel-ahoi\/\"}]}<\/script>\n<!-- \/ Yoast SEO Premium plugin. -->","yoast_head_json":{"title":"D\u00e9claration des contributions aux frais d\u2019ex\u00e9cution 2021 | SBC","robots":{"index":"index","follow":"follow","max-snippet":"max-snippet:-1","max-image-preview":"max-image-preview:large","max-video-preview":"max-video-preview:-1"},"canonical":"https:\/\/swissbaker.ch\/fr\/panissimo-news\/declaration-des-contributions-aux-frais-dexecution-2021\/","og_locale":"fr_FR","og_type":"article","og_title":"D\u00e9claration des contributions aux frais d\u2019ex\u00e9cution 2021","og_description":"Outre l\u2019ex\u00e9cution et l\u2019interpr\u00e9tation de la convention collective de travail (CCT), l\u2019encaissement des contributions aux frais d\u2019ex\u00e9cution (art. 40 CCT) incombe \u00e0 la commission paritaire des boulangers-confiseurs suisses (cpbc). Il a donc \u00e9t\u00e9 demand\u00e9 aux entreprises du secteur de la boulangerie-confiserie de proc\u00e9der \u00e0 la d\u00e9claration et au paiement des contributions aux frais d\u2019ex\u00e9cution de 2021. Il ressort de la [&hellip;]","og_url":"https:\/\/swissbaker.ch\/fr\/panissimo-news\/declaration-des-contributions-aux-frais-dexecution-2021\/","og_site_name":"SBC","article_publisher":"https:\/\/www.facebook.com\/swissbaker.ch","article_published_time":"2022-02-24T09:01:00+00:00","article_modified_time":"2022-04-29T09:13:40+00:00","og_image":[{"width":800,"height":474,"url":"https:\/\/swissbaker.ch\/wp-content\/uploads\/2022\/03\/4_1_vollzugskosten_pkbc.jpeg","type":"image\/jpeg"}],"author":"azureart","twitter_card":"summary_large_image","twitter_creator":"@ch_swissbaker","twitter_site":"@ch_swissbaker","twitter_misc":{"Written by":"azureart","Est. reading time":"2 minutes"},"schema":{"@context":"https:\/\/schema.org","@graph":[{"@type":"Article","@id":"https:\/\/swissbaker.ch\/fr\/panissimo-news\/declaration-des-contributions-aux-frais-dexecution-2021\/#article","isPartOf":{"@id":"https:\/\/swissbaker.ch\/fr\/panissimo-news\/declaration-des-contributions-aux-frais-dexecution-2021\/"},"author":{"name":"azureart","@id":"https:\/\/swissbaker.ch\/fr\/#\/schema\/person\/058ac47619f7da53df62aba60f939b78"},"headline":"D\u00e9claration des contributions aux frais d\u2019ex\u00e9cution 2021","datePublished":"2022-02-24T09:01:00+00:00","dateModified":"2022-04-29T09:13:40+00:00","mainEntityOfPage":{"@id":"https:\/\/swissbaker.ch\/fr\/panissimo-news\/declaration-des-contributions-aux-frais-dexecution-2021\/"},"wordCount":309,"commentCount":0,"publisher":{"@id":"https:\/\/swissbaker.ch\/fr\/#organization"},"image":{"@id":"https:\/\/swissbaker.ch\/fr\/panissimo-news\/declaration-des-contributions-aux-frais-dexecution-2021\/#primaryimage"},"thumbnailUrl":"https:\/\/swissbaker.ch\/wp-content\/uploads\/2022\/03\/4_1_vollzugskosten_pkbc.jpeg","articleSection":["Association"],"inLanguage":"fr-FR","potentialAction":[{"@type":"CommentAction","name":"Comment","target":["https:\/\/swissbaker.ch\/fr\/panissimo-news\/declaration-des-contributions-aux-frais-dexecution-2021\/#respond"]}]},{"@type":"WebPage","@id":"https:\/\/swissbaker.ch\/fr\/panissimo-news\/declaration-des-contributions-aux-frais-dexecution-2021\/","url":"https:\/\/swissbaker.ch\/fr\/panissimo-news\/declaration-des-contributions-aux-frais-dexecution-2021\/","name":"D\u00e9claration des contributions aux frais d\u2019ex\u00e9cution 2021 | SBC","isPartOf":{"@id":"https:\/\/swissbaker.ch\/fr\/#website"},"primaryImageOfPage":{"@id":"https:\/\/swissbaker.ch\/fr\/panissimo-news\/declaration-des-contributions-aux-frais-dexecution-2021\/#primaryimage"},"image":{"@id":"https:\/\/swissbaker.ch\/fr\/panissimo-news\/declaration-des-contributions-aux-frais-dexecution-2021\/#primaryimage"},"thumbnailUrl":"https:\/\/swissbaker.ch\/wp-content\/uploads\/2022\/03\/4_1_vollzugskosten_pkbc.jpeg","datePublished":"2022-02-24T09:01:00+00:00","dateModified":"2022-04-29T09:13:40+00:00","breadcrumb":{"@id":"https:\/\/swissbaker.ch\/fr\/panissimo-news\/declaration-des-contributions-aux-frais-dexecution-2021\/#breadcrumb"},"inLanguage":"fr-FR","potentialAction":[{"@type":"ReadAction","target":["https:\/\/swissbaker.ch\/fr\/panissimo-news\/declaration-des-contributions-aux-frais-dexecution-2021\/"]}]},{"@type":"ImageObject","inLanguage":"fr-FR","@id":"https:\/\/swissbaker.ch\/fr\/panissimo-news\/declaration-des-contributions-aux-frais-dexecution-2021\/#primaryimage","url":"https:\/\/swissbaker.ch\/wp-content\/uploads\/2022\/03\/4_1_vollzugskosten_pkbc.jpeg","contentUrl":"https:\/\/swissbaker.ch\/wp-content\/uploads\/2022\/03\/4_1_vollzugskosten_pkbc.jpeg","width":800,"height":474,"caption":"D\u00e9claration des contributions aux frais d\u2019ex\u00e9cution 2021"},{"@type":"BreadcrumbList","@id":"https:\/\/swissbaker.ch\/fr\/panissimo-news\/declaration-des-contributions-aux-frais-dexecution-2021\/#breadcrumb","itemListElement":[{"@type":"ListItem","position":1,"name":"","item":"https:\/\/swissbaker.ch\/fr\/"},{"@type":"ListItem","position":2,"name":"Association","item":"https:\/\/swissbaker.ch\/fr\/panissimo-news\/category\/association\/"},{"@type":"ListItem","position":3,"name":"D\u00e9claration des contributions aux frais d\u2019ex\u00e9cution 2021"}]},{"@type":"WebSite","@id":"https:\/\/swissbaker.ch\/fr\/#website","url":"https:\/\/swissbaker.ch\/fr\/","name":"SBC","description":"","publisher":{"@id":"https:\/\/swissbaker.ch\/fr\/#organization"},"potentialAction":[{"@type":"SearchAction","target":{"@type":"EntryPoint","urlTemplate":"https:\/\/swissbaker.ch\/fr\/?s={search_term_string}"},"query-input":{"@type":"PropertyValueSpecification","valueRequired":true,"valueName":"search_term_string"}}],"inLanguage":"fr-FR"},{"@type":"Organization","@id":"https:\/\/swissbaker.ch\/fr\/#organization","name":"Schweizerischer B\u00e4cker-Confiseurmeister-Verband","url":"https:\/\/swissbaker.ch\/fr\/","logo":{"@type":"ImageObject","inLanguage":"fr-FR","@id":"https:\/\/swissbaker.ch\/fr\/#\/schema\/logo\/image\/","url":"https:\/\/swissbaker.ch\/wp-content\/uploads\/2022\/04\/sbc-logo-yoast.jpg","contentUrl":"https:\/\/swissbaker.ch\/wp-content\/uploads\/2022\/04\/sbc-logo-yoast.jpg","width":512,"height":512,"caption":"Schweizerischer B\u00e4cker-Confiseurmeister-Verband"},"image":{"@id":"https:\/\/swissbaker.ch\/fr\/#\/schema\/logo\/image\/"},"sameAs":["https:\/\/www.facebook.com\/swissbaker.ch","https:\/\/x.com\/ch_swissbaker"]},{"@type":"Person","@id":"https:\/\/swissbaker.ch\/fr\/#\/schema\/person\/058ac47619f7da53df62aba60f939b78","name":"azureart","image":{"@type":"ImageObject","inLanguage":"fr-FR","@id":"https:\/\/swissbaker.ch\/fr\/#\/schema\/person\/image\/","url":"https:\/\/secure.gravatar.com\/avatar\/be04dd3098fd612c83067af4f7a295384c93cb6a9112f51beb9d2f477d25da61?s=96&d=mm&r=g","contentUrl":"https:\/\/secure.gravatar.com\/avatar\/be04dd3098fd612c83067af4f7a295384c93cb6a9112f51beb9d2f477d25da61?s=96&d=mm&r=g","caption":"azureart"},"sameAs":["https:\/\/swissbaker.ch"],"url":"https:\/\/swissbaker.ch\/fr\/panissimo-news\/author\/pixel-ahoi\/"}]}},"_links":{"self":[{"href":"https:\/\/swissbaker.ch\/fr\/wp-json\/wp\/v2\/posts\/7366","targetHints":{"allow":["GET"]}}],"collection":[{"href":"https:\/\/swissbaker.ch\/fr\/wp-json\/wp\/v2\/posts"}],"about":[{"href":"https:\/\/swissbaker.ch\/fr\/wp-json\/wp\/v2\/types\/post"}],"author":[{"embeddable":true,"href":"https:\/\/swissbaker.ch\/fr\/wp-json\/wp\/v2\/users\/1"}],"replies":[{"embeddable":true,"href":"https:\/\/swissbaker.ch\/fr\/wp-json\/wp\/v2\/comments?post=7366"}],"version-history":[{"count":0,"href":"https:\/\/swissbaker.ch\/fr\/wp-json\/wp\/v2\/posts\/7366\/revisions"}],"wp:featuredmedia":[{"embeddable":true,"href":"https:\/\/swissbaker.ch\/fr\/wp-json\/wp\/v2\/media\/5051"}],"wp:attachment":[{"href":"https:\/\/swissbaker.ch\/fr\/wp-json\/wp\/v2\/media?parent=7366"}],"wp:term":[{"taxonomy":"category","embeddable":true,"href":"https:\/\/swissbaker.ch\/fr\/wp-json\/wp\/v2\/categories?post=7366"},{"taxonomy":"post_tag","embeddable":true,"href":"https:\/\/swissbaker.ch\/fr\/wp-json\/wp\/v2\/tags?post=7366"}],"curies":[{"name":"wp","href":"https:\/\/api.w.org\/{rel}","templated":true}]}}