{"id":73657,"date":"2023-12-21T15:18:41","date_gmt":"2023-12-21T14:18:41","guid":{"rendered":"https:\/\/swissbaker.ch\/?p=73657"},"modified":"2023-12-21T16:35:17","modified_gmt":"2023-12-21T15:35:17","slug":"le-lancement-de-journee-positif","status":"publish","type":"post","link":"https:\/\/swissbaker.ch\/fr\/panissimo-news\/le-lancement-de-journee-positif\/","title":{"rendered":"Le lancement de journ\u00e9e positif"},"content":{"rendered":"\n<p><strong>Depuis que je suis responsable de la vente, je prends conscience jour apr\u00e8s jour de l\u2019importance de l\u2019estime que l\u2019on montre \u00e0 ses employ\u00e9s. Pour moi, ils ne sont pas simplement des employ\u00e9s, mais plut\u00f4t des collaborateurs ou des membres de la famille de la Confiserie Roggwiller. <\/strong><\/p>\n\n\n\n<p>Plus je mets cela en pratique, plus l\u2019\u00e9quipe se sent \u00e0 l\u2019aise. En parall\u00e8le \u00e0 cette prise de conscience, j\u2019ai commenc\u00e9 \u00e0 instaurer des rituels suppl\u00e9mentaires le samedi. Le matin, avant de commencer \u00e0 travailler, nous nous r\u00e9unissons tous ensemble. \u00c0 cette occasion, je veux que chacun me dise quelles sont ses attentes positives pour la journ\u00e9e. Par exemple: des clients satisfaits, de bonnes ventes, des moments amusants et agr\u00e9ables au sein de l\u2019\u00e9quipe ou encore se r\u00e9jouir d\u2019un \u00e9v\u00e9nement apr\u00e8s le travail, etc. Une fois la parole lib\u00e9r\u00e9e, l\u2019\u00e9quipe est tr\u00e8s positive.<\/p>\n\n\n\n<p> Je leur offre ensuite une boisson dans une ambiance conviviale avant d\u2019attaquer la nouvelle journ\u00e9e avec beaucoup d\u2019\u00e9nergie et d\u2019\u00e9lan. Avant de quitter le travail, nous faisons encore un petit tour d\u2019horizon et je veux que chacun me raconte le moment fort de la journ\u00e9e \u00e9coul\u00e9e. Les rires sont tr\u00e8s fr\u00e9quents et l\u2019\u00e9quipe quitte l\u2019exploitation dans une bonne ambiance et avec des pens\u00e9es positives. Tout le monde se r\u00e9jouit d\u2019autant plus de la semaine suivante. <\/p>\n\n\n\n<p>Le prochain projet que je souhaite mettre en \u0153uvre pendant la p\u00e9riode de No\u00ebl est de r\u00e9duire le stress. Avant les f\u00eates, nous avons toujours beaucoup \u00e0 faire et tous les collaborateurs sont fatigu\u00e9s par les longues journ\u00e9es de travail. Le stress peut attaquer le syst\u00e8me immunitaire des \u00abmembres de la famille\u00bb. C\u2019est pourquoi il est tr\u00e8s important pour moi, apr\u00e8s avoir termin\u00e9 tous les travaux le soir, de prendre 5 \u00e0 10 minutes pour faire un exercice de relaxation avec une technique de respiration. Nous en avons discut\u00e9 en \u00e9quipe et tout le monde a \u00e9t\u00e9 tr\u00e8s enthousiaste et a trouv\u00e9 l\u2019id\u00e9e g\u00e9niale. Je suis tr\u00e8s curieuse de voir l\u2019effet que cela aura sur le travail et l\u2019esprit d\u2019\u00e9quipe.<\/p>\n\n\n\n<p>J\u2019ai \u00e9galement constat\u00e9 que le fait d\u2019\u00eatre impliqu\u00e9 dans les changements au sein de l\u2019exploitation ou dans la planification du travail est tr\u00e8s appr\u00e9ci\u00e9. Il suffit de demander si ce changement convient aux collaborateurs! L\u2019\u00e9quipe me le rend avec des remerciements et de la compr\u00e9hension. Ainsi, tout le monde prend plaisir \u00e0 travailler.<\/p>\n\n\n\n<p>Les nouveaux \u00abmembres de la famille\u00bb qui d\u00e9butent chez nous trouvent dans leur vestiaire un message de bienvenue dans l\u2019\u00e9quipe de la Confiserie Roggwiller. Ils se sentent bien accueillis d\u00e8s le premier instant. En cas de probl\u00e8me, je suis toujours \u00e0 l\u2019\u00e9coute et je me tiens \u00e0 leur disposition pour les aider ou les soutenir autant que possible. La confiance augmente ainsi de jour en jour. Il est \u00e9galement important de discuter d\u2019\u00e9gal \u00e0 \u00e9gal avec tous. Nous veillons \u00e0 ce que les personnes soient employ\u00e9es l\u00e0 o\u00f9 se trouvent leurs points forts. Cela permet d\u2019augmenter la motivation et le plaisir. <\/p>\n\n\n\n<p>Enfin, je veille \u00e0 ce qu\u2019ils soient toujours inform\u00e9s lorsqu\u2019ils ont particuli\u00e8rement bien r\u00e9ussi quelque chose. Les f\u00e9licitations sont comme de l\u2019engrais pour les fleurs, elles augmentent la joie et renforcent la confiance en soi.<\/p>\n\n\n\n<p>Quand commencez-vous votre premier lancement de journ\u00e9e positif?!<\/p>\n\n\n\n<p class=\"has-text-align-right\"><em>Bonne chance,  Manuela Schnyder<\/em><\/p>\n\n\n\n<hr class=\"wp-block-separator has-alpha-channel-opacity\"\/>\n\n\n\n<h2 class=\"wp-block-heading\" id=\"h-manuela-schnyder\">Manuela Schnyder<\/h2>\n\n\n\n<ul class=\"wp-block-list\">\n<li>Apprentissage de gestionnaire du commerce de d\u00e9tail CFC \u00e0 la Confiserie Roggwiller AG de 2013 \u00e0 2016<\/li>\n\n\n\n<li>Gestionnaire du commerce de d\u00e9tail employ\u00e9e \u00e0 la Confiserie Roggwiller AG depuis 2016<\/li>\n\n\n\n<li>Formatrice d\u2019apprenants depuis 07.2018<\/li>\n\n\n\n<li>Responsable adjointe de la vente de 07.2021 \u00e0 2022<\/li>\n\n\n\n<li>Sp\u00e9cialiste du commerce de d\u00e9tail avec brevet f\u00e9d\u00e9ral depuis 10.2022<\/li>\n\n\n\n<li>Responsable de la vente \u00e0 la <a href=\"https:\/\/www.roggwiller.ch\/\" target=\"_blank\" rel=\"noreferrer noopener\">Confiserie Roggwiller<\/a> AG depuis 10.2022<\/li>\n<\/ul>\n","protected":false},"excerpt":{"rendered":"<p>Depuis que je suis responsable de la vente, je prends conscience jour apr\u00e8s jour de l\u2019importance de l\u2019estime que l\u2019on montre \u00e0 ses employ\u00e9s. Pour moi, ils ne sont pas simplement des employ\u00e9s, mais plut\u00f4t des collaborateurs ou des membres de la famille de la Confiserie Roggwiller. <\/p>\n","protected":false},"author":5,"featured_media":73652,"comment_status":"closed","ping_status":"closed","sticky":true,"template":"","format":"standard","meta":{"_acf_changed":false,"footnotes":""},"categories":[53],"tags":[],"class_list":["post-73657","post","type-post","status-publish","format-standard","has-post-thumbnail","hentry","category-our-future-fr"],"acf":[],"yoast_head":"<!-- This site is optimized with the Yoast SEO Premium plugin v26.8 (Yoast SEO v26.8) - https:\/\/yoast.com\/product\/yoast-seo-premium-wordpress\/ -->\n<title>Le lancement de journ\u00e9e positif | SBC<\/title>\n<meta name=\"description\" content=\"Pour moi, ils ne sont pas simplement des employ\u00e9s, mais plut\u00f4t des collaborateurs ou des membres de la famille de la Confiserie Roggwiller.\" \/>\n<meta name=\"robots\" content=\"index, follow, max-snippet:-1, max-image-preview:large, max-video-preview:-1\" \/>\n<link rel=\"canonical\" href=\"https:\/\/swissbaker.ch\/fr\/panissimo-news\/le-lancement-de-journee-positif\/\" \/>\n<meta property=\"og:locale\" content=\"fr_FR\" \/>\n<meta property=\"og:type\" content=\"article\" \/>\n<meta property=\"og:title\" content=\"Le lancement de journ\u00e9e positif\" \/>\n<meta property=\"og:description\" content=\"Pour moi, ils ne sont pas simplement des employ\u00e9s, mais plut\u00f4t des collaborateurs ou des membres de la famille de la Confiserie Roggwiller.\" \/>\n<meta property=\"og:url\" content=\"https:\/\/swissbaker.ch\/fr\/panissimo-news\/le-lancement-de-journee-positif\/\" \/>\n<meta property=\"og:site_name\" content=\"SBC\" \/>\n<meta property=\"article:publisher\" content=\"https:\/\/www.facebook.com\/swissbaker.ch\" \/>\n<meta property=\"article:published_time\" content=\"2023-12-21T14:18:41+00:00\" \/>\n<meta property=\"article:modified_time\" content=\"2023-12-21T15:35:17+00:00\" \/>\n<meta property=\"og:image\" content=\"https:\/\/swissbaker.ch\/wp-content\/uploads\/2023\/12\/24_1_manuela_schnyder.jpg\" \/>\n\t<meta property=\"og:image:width\" content=\"1200\" \/>\n\t<meta property=\"og:image:height\" content=\"712\" \/>\n\t<meta property=\"og:image:type\" content=\"image\/jpeg\" \/>\n<meta name=\"author\" content=\"Simon Nussbaum\" \/>\n<meta name=\"twitter:card\" content=\"summary_large_image\" \/>\n<meta name=\"twitter:creator\" content=\"@ch_swissbaker\" \/>\n<meta name=\"twitter:site\" content=\"@ch_swissbaker\" \/>\n<meta name=\"twitter:label1\" content=\"Written by\" \/>\n\t<meta name=\"twitter:data1\" content=\"Simon Nussbaum\" \/>\n\t<meta name=\"twitter:label2\" content=\"Est. reading time\" \/>\n\t<meta name=\"twitter:data2\" content=\"3 minutes\" \/>\n<script type=\"application\/ld+json\" class=\"yoast-schema-graph\">{\"@context\":\"https:\/\/schema.org\",\"@graph\":[{\"@type\":\"Article\",\"@id\":\"https:\/\/swissbaker.ch\/fr\/panissimo-news\/le-lancement-de-journee-positif\/#article\",\"isPartOf\":{\"@id\":\"https:\/\/swissbaker.ch\/fr\/panissimo-news\/le-lancement-de-journee-positif\/\"},\"author\":{\"name\":\"Simon Nussbaum\",\"@id\":\"https:\/\/swissbaker.ch\/fr\/#\/schema\/person\/74bd327b08c18ca6042c02ff6f0ed5e2\"},\"headline\":\"Le lancement de journ\u00e9e positif\",\"datePublished\":\"2023-12-21T14:18:41+00:00\",\"dateModified\":\"2023-12-21T15:35:17+00:00\",\"mainEntityOfPage\":{\"@id\":\"https:\/\/swissbaker.ch\/fr\/panissimo-news\/le-lancement-de-journee-positif\/\"},\"wordCount\":666,\"publisher\":{\"@id\":\"https:\/\/swissbaker.ch\/fr\/#organization\"},\"image\":{\"@id\":\"https:\/\/swissbaker.ch\/fr\/panissimo-news\/le-lancement-de-journee-positif\/#primaryimage\"},\"thumbnailUrl\":\"https:\/\/swissbaker.ch\/wp-content\/uploads\/2023\/12\/24_1_manuela_schnyder.jpg\",\"articleSection\":[\"Our Future\"],\"inLanguage\":\"fr-FR\"},{\"@type\":\"WebPage\",\"@id\":\"https:\/\/swissbaker.ch\/fr\/panissimo-news\/le-lancement-de-journee-positif\/\",\"url\":\"https:\/\/swissbaker.ch\/fr\/panissimo-news\/le-lancement-de-journee-positif\/\",\"name\":\"Le lancement de journ\u00e9e positif | SBC\",\"isPartOf\":{\"@id\":\"https:\/\/swissbaker.ch\/fr\/#website\"},\"primaryImageOfPage\":{\"@id\":\"https:\/\/swissbaker.ch\/fr\/panissimo-news\/le-lancement-de-journee-positif\/#primaryimage\"},\"image\":{\"@id\":\"https:\/\/swissbaker.ch\/fr\/panissimo-news\/le-lancement-de-journee-positif\/#primaryimage\"},\"thumbnailUrl\":\"https:\/\/swissbaker.ch\/wp-content\/uploads\/2023\/12\/24_1_manuela_schnyder.jpg\",\"datePublished\":\"2023-12-21T14:18:41+00:00\",\"dateModified\":\"2023-12-21T15:35:17+00:00\",\"description\":\"Pour moi, ils ne sont pas simplement des employ\u00e9s, mais plut\u00f4t des collaborateurs ou des membres de la famille de la Confiserie Roggwiller.\",\"breadcrumb\":{\"@id\":\"https:\/\/swissbaker.ch\/fr\/panissimo-news\/le-lancement-de-journee-positif\/#breadcrumb\"},\"inLanguage\":\"fr-FR\",\"potentialAction\":[{\"@type\":\"ReadAction\",\"target\":[\"https:\/\/swissbaker.ch\/fr\/panissimo-news\/le-lancement-de-journee-positif\/\"]}]},{\"@type\":\"ImageObject\",\"inLanguage\":\"fr-FR\",\"@id\":\"https:\/\/swissbaker.ch\/fr\/panissimo-news\/le-lancement-de-journee-positif\/#primaryimage\",\"url\":\"https:\/\/swissbaker.ch\/wp-content\/uploads\/2023\/12\/24_1_manuela_schnyder.jpg\",\"contentUrl\":\"https:\/\/swissbaker.ch\/wp-content\/uploads\/2023\/12\/24_1_manuela_schnyder.jpg\",\"width\":1200,\"height\":712},{\"@type\":\"BreadcrumbList\",\"@id\":\"https:\/\/swissbaker.ch\/fr\/panissimo-news\/le-lancement-de-journee-positif\/#breadcrumb\",\"itemListElement\":[{\"@type\":\"ListItem\",\"position\":1,\"name\":\"\",\"item\":\"https:\/\/swissbaker.ch\/fr\/\"},{\"@type\":\"ListItem\",\"position\":2,\"name\":\"Our Future\",\"item\":\"https:\/\/swissbaker.ch\/fr\/panissimo-news\/category\/our-future-fr\/\"},{\"@type\":\"ListItem\",\"position\":3,\"name\":\"Le lancement de journ\u00e9e positif\"}]},{\"@type\":\"WebSite\",\"@id\":\"https:\/\/swissbaker.ch\/fr\/#website\",\"url\":\"https:\/\/swissbaker.ch\/fr\/\",\"name\":\"SBC\",\"description\":\"\",\"publisher\":{\"@id\":\"https:\/\/swissbaker.ch\/fr\/#organization\"},\"potentialAction\":[{\"@type\":\"SearchAction\",\"target\":{\"@type\":\"EntryPoint\",\"urlTemplate\":\"https:\/\/swissbaker.ch\/fr\/?s={search_term_string}\"},\"query-input\":{\"@type\":\"PropertyValueSpecification\",\"valueRequired\":true,\"valueName\":\"search_term_string\"}}],\"inLanguage\":\"fr-FR\"},{\"@type\":\"Organization\",\"@id\":\"https:\/\/swissbaker.ch\/fr\/#organization\",\"name\":\"Schweizerischer B\u00e4cker-Confiseurmeister-Verband\",\"url\":\"https:\/\/swissbaker.ch\/fr\/\",\"logo\":{\"@type\":\"ImageObject\",\"inLanguage\":\"fr-FR\",\"@id\":\"https:\/\/swissbaker.ch\/fr\/#\/schema\/logo\/image\/\",\"url\":\"https:\/\/swissbaker.ch\/wp-content\/uploads\/2022\/04\/sbc-logo-yoast.jpg\",\"contentUrl\":\"https:\/\/swissbaker.ch\/wp-content\/uploads\/2022\/04\/sbc-logo-yoast.jpg\",\"width\":512,\"height\":512,\"caption\":\"Schweizerischer B\u00e4cker-Confiseurmeister-Verband\"},\"image\":{\"@id\":\"https:\/\/swissbaker.ch\/fr\/#\/schema\/logo\/image\/\"},\"sameAs\":[\"https:\/\/www.facebook.com\/swissbaker.ch\",\"https:\/\/x.com\/ch_swissbaker\"]},{\"@type\":\"Person\",\"@id\":\"https:\/\/swissbaker.ch\/fr\/#\/schema\/person\/74bd327b08c18ca6042c02ff6f0ed5e2\",\"name\":\"Simon Nussbaum\",\"image\":{\"@type\":\"ImageObject\",\"inLanguage\":\"fr-FR\",\"@id\":\"https:\/\/swissbaker.ch\/fr\/#\/schema\/person\/image\/\",\"url\":\"https:\/\/secure.gravatar.com\/avatar\/df0eced3bb556c806cb760cf503ade1ed1df25b4104d80d6fd28d93a9509aa12?s=96&d=mm&r=g\",\"contentUrl\":\"https:\/\/secure.gravatar.com\/avatar\/df0eced3bb556c806cb760cf503ade1ed1df25b4104d80d6fd28d93a9509aa12?s=96&d=mm&r=g\",\"caption\":\"Simon Nussbaum\"},\"url\":\"https:\/\/swissbaker.ch\/fr\/panissimo-news\/author\/simon-nussbaum\/\"}]}<\/script>\n<!-- \/ Yoast SEO Premium plugin. -->","yoast_head_json":{"title":"Le lancement de journ\u00e9e positif | SBC","description":"Pour moi, ils ne sont pas simplement des employ\u00e9s, mais plut\u00f4t des collaborateurs ou des membres de la famille de la Confiserie Roggwiller.","robots":{"index":"index","follow":"follow","max-snippet":"max-snippet:-1","max-image-preview":"max-image-preview:large","max-video-preview":"max-video-preview:-1"},"canonical":"https:\/\/swissbaker.ch\/fr\/panissimo-news\/le-lancement-de-journee-positif\/","og_locale":"fr_FR","og_type":"article","og_title":"Le lancement de journ\u00e9e positif","og_description":"Pour moi, ils ne sont pas simplement des employ\u00e9s, mais plut\u00f4t des collaborateurs ou des membres de la famille de la Confiserie Roggwiller.","og_url":"https:\/\/swissbaker.ch\/fr\/panissimo-news\/le-lancement-de-journee-positif\/","og_site_name":"SBC","article_publisher":"https:\/\/www.facebook.com\/swissbaker.ch","article_published_time":"2023-12-21T14:18:41+00:00","article_modified_time":"2023-12-21T15:35:17+00:00","og_image":[{"width":1200,"height":712,"url":"https:\/\/swissbaker.ch\/wp-content\/uploads\/2023\/12\/24_1_manuela_schnyder.jpg","type":"image\/jpeg"}],"author":"Simon Nussbaum","twitter_card":"summary_large_image","twitter_creator":"@ch_swissbaker","twitter_site":"@ch_swissbaker","twitter_misc":{"Written by":"Simon Nussbaum","Est. reading time":"3 minutes"},"schema":{"@context":"https:\/\/schema.org","@graph":[{"@type":"Article","@id":"https:\/\/swissbaker.ch\/fr\/panissimo-news\/le-lancement-de-journee-positif\/#article","isPartOf":{"@id":"https:\/\/swissbaker.ch\/fr\/panissimo-news\/le-lancement-de-journee-positif\/"},"author":{"name":"Simon Nussbaum","@id":"https:\/\/swissbaker.ch\/fr\/#\/schema\/person\/74bd327b08c18ca6042c02ff6f0ed5e2"},"headline":"Le lancement de journ\u00e9e positif","datePublished":"2023-12-21T14:18:41+00:00","dateModified":"2023-12-21T15:35:17+00:00","mainEntityOfPage":{"@id":"https:\/\/swissbaker.ch\/fr\/panissimo-news\/le-lancement-de-journee-positif\/"},"wordCount":666,"publisher":{"@id":"https:\/\/swissbaker.ch\/fr\/#organization"},"image":{"@id":"https:\/\/swissbaker.ch\/fr\/panissimo-news\/le-lancement-de-journee-positif\/#primaryimage"},"thumbnailUrl":"https:\/\/swissbaker.ch\/wp-content\/uploads\/2023\/12\/24_1_manuela_schnyder.jpg","articleSection":["Our Future"],"inLanguage":"fr-FR"},{"@type":"WebPage","@id":"https:\/\/swissbaker.ch\/fr\/panissimo-news\/le-lancement-de-journee-positif\/","url":"https:\/\/swissbaker.ch\/fr\/panissimo-news\/le-lancement-de-journee-positif\/","name":"Le lancement de journ\u00e9e positif | SBC","isPartOf":{"@id":"https:\/\/swissbaker.ch\/fr\/#website"},"primaryImageOfPage":{"@id":"https:\/\/swissbaker.ch\/fr\/panissimo-news\/le-lancement-de-journee-positif\/#primaryimage"},"image":{"@id":"https:\/\/swissbaker.ch\/fr\/panissimo-news\/le-lancement-de-journee-positif\/#primaryimage"},"thumbnailUrl":"https:\/\/swissbaker.ch\/wp-content\/uploads\/2023\/12\/24_1_manuela_schnyder.jpg","datePublished":"2023-12-21T14:18:41+00:00","dateModified":"2023-12-21T15:35:17+00:00","description":"Pour moi, ils ne sont pas simplement des employ\u00e9s, mais plut\u00f4t des collaborateurs ou des membres de la famille de la Confiserie Roggwiller.","breadcrumb":{"@id":"https:\/\/swissbaker.ch\/fr\/panissimo-news\/le-lancement-de-journee-positif\/#breadcrumb"},"inLanguage":"fr-FR","potentialAction":[{"@type":"ReadAction","target":["https:\/\/swissbaker.ch\/fr\/panissimo-news\/le-lancement-de-journee-positif\/"]}]},{"@type":"ImageObject","inLanguage":"fr-FR","@id":"https:\/\/swissbaker.ch\/fr\/panissimo-news\/le-lancement-de-journee-positif\/#primaryimage","url":"https:\/\/swissbaker.ch\/wp-content\/uploads\/2023\/12\/24_1_manuela_schnyder.jpg","contentUrl":"https:\/\/swissbaker.ch\/wp-content\/uploads\/2023\/12\/24_1_manuela_schnyder.jpg","width":1200,"height":712},{"@type":"BreadcrumbList","@id":"https:\/\/swissbaker.ch\/fr\/panissimo-news\/le-lancement-de-journee-positif\/#breadcrumb","itemListElement":[{"@type":"ListItem","position":1,"name":"","item":"https:\/\/swissbaker.ch\/fr\/"},{"@type":"ListItem","position":2,"name":"Our Future","item":"https:\/\/swissbaker.ch\/fr\/panissimo-news\/category\/our-future-fr\/"},{"@type":"ListItem","position":3,"name":"Le lancement de journ\u00e9e positif"}]},{"@type":"WebSite","@id":"https:\/\/swissbaker.ch\/fr\/#website","url":"https:\/\/swissbaker.ch\/fr\/","name":"SBC","description":"","publisher":{"@id":"https:\/\/swissbaker.ch\/fr\/#organization"},"potentialAction":[{"@type":"SearchAction","target":{"@type":"EntryPoint","urlTemplate":"https:\/\/swissbaker.ch\/fr\/?s={search_term_string}"},"query-input":{"@type":"PropertyValueSpecification","valueRequired":true,"valueName":"search_term_string"}}],"inLanguage":"fr-FR"},{"@type":"Organization","@id":"https:\/\/swissbaker.ch\/fr\/#organization","name":"Schweizerischer B\u00e4cker-Confiseurmeister-Verband","url":"https:\/\/swissbaker.ch\/fr\/","logo":{"@type":"ImageObject","inLanguage":"fr-FR","@id":"https:\/\/swissbaker.ch\/fr\/#\/schema\/logo\/image\/","url":"https:\/\/swissbaker.ch\/wp-content\/uploads\/2022\/04\/sbc-logo-yoast.jpg","contentUrl":"https:\/\/swissbaker.ch\/wp-content\/uploads\/2022\/04\/sbc-logo-yoast.jpg","width":512,"height":512,"caption":"Schweizerischer B\u00e4cker-Confiseurmeister-Verband"},"image":{"@id":"https:\/\/swissbaker.ch\/fr\/#\/schema\/logo\/image\/"},"sameAs":["https:\/\/www.facebook.com\/swissbaker.ch","https:\/\/x.com\/ch_swissbaker"]},{"@type":"Person","@id":"https:\/\/swissbaker.ch\/fr\/#\/schema\/person\/74bd327b08c18ca6042c02ff6f0ed5e2","name":"Simon Nussbaum","image":{"@type":"ImageObject","inLanguage":"fr-FR","@id":"https:\/\/swissbaker.ch\/fr\/#\/schema\/person\/image\/","url":"https:\/\/secure.gravatar.com\/avatar\/df0eced3bb556c806cb760cf503ade1ed1df25b4104d80d6fd28d93a9509aa12?s=96&d=mm&r=g","contentUrl":"https:\/\/secure.gravatar.com\/avatar\/df0eced3bb556c806cb760cf503ade1ed1df25b4104d80d6fd28d93a9509aa12?s=96&d=mm&r=g","caption":"Simon Nussbaum"},"url":"https:\/\/swissbaker.ch\/fr\/panissimo-news\/author\/simon-nussbaum\/"}]}},"_links":{"self":[{"href":"https:\/\/swissbaker.ch\/fr\/wp-json\/wp\/v2\/posts\/73657","targetHints":{"allow":["GET"]}}],"collection":[{"href":"https:\/\/swissbaker.ch\/fr\/wp-json\/wp\/v2\/posts"}],"about":[{"href":"https:\/\/swissbaker.ch\/fr\/wp-json\/wp\/v2\/types\/post"}],"author":[{"embeddable":true,"href":"https:\/\/swissbaker.ch\/fr\/wp-json\/wp\/v2\/users\/5"}],"replies":[{"embeddable":true,"href":"https:\/\/swissbaker.ch\/fr\/wp-json\/wp\/v2\/comments?post=73657"}],"version-history":[{"count":0,"href":"https:\/\/swissbaker.ch\/fr\/wp-json\/wp\/v2\/posts\/73657\/revisions"}],"wp:featuredmedia":[{"embeddable":true,"href":"https:\/\/swissbaker.ch\/fr\/wp-json\/wp\/v2\/media\/73652"}],"wp:attachment":[{"href":"https:\/\/swissbaker.ch\/fr\/wp-json\/wp\/v2\/media?parent=73657"}],"wp:term":[{"taxonomy":"category","embeddable":true,"href":"https:\/\/swissbaker.ch\/fr\/wp-json\/wp\/v2\/categories?post=73657"},{"taxonomy":"post_tag","embeddable":true,"href":"https:\/\/swissbaker.ch\/fr\/wp-json\/wp\/v2\/tags?post=73657"}],"curies":[{"name":"wp","href":"https:\/\/api.w.org\/{rel}","templated":true}]}}