{"id":73562,"date":"2023-12-21T07:29:58","date_gmt":"2023-12-21T06:29:58","guid":{"rendered":"https:\/\/swissbaker.ch\/?p=73562"},"modified":"2023-12-21T16:31:25","modified_gmt":"2023-12-21T15:31:25","slug":"cest-pour-celaque-jaime-mon-travail","status":"publish","type":"post","link":"https:\/\/swissbaker.ch\/fr\/panissimo-news\/cest-pour-celaque-jaime-mon-travail\/","title":{"rendered":"\u00ab\u2009C\u2019est pour celaque j\u2019aime mon travail\u2009\u00bb"},"content":{"rendered":"\n<p><strong>Les SwissSkills Championships 2023 se sont d\u00e9roul\u00e9s avec succ\u00e8s et sans accroc. Tout cela n\u2019aurait pas \u00e9t\u00e9 possible sans l\u2019aide assidue de nombreuses personnes dans l\u2019ombre, et l\u2019engagement du principal responsable Daniel Nyfeler, pr\u00e9sident de la commission des concours de la BCS. Ce dernier est pleinement satisfait, voire enchant\u00e9\u2026<\/strong><\/p>\n\n\n\n<h3 class=\"wp-block-heading\" id=\"h-daniel-nyfeler-comment-avez-vous-vecu-les-journees-de-competition\">Daniel Nyfeler, Comment avez-vous v\u00e9cu les journ\u00e9es de comp\u00e9tition\u2009?<\/h3>\n\n\n\n<p>J\u2019ai v\u00e9cu les journ\u00e9es \u00e0 l\u2019Ecole professionnelle Richemont avec une certaine d\u00e9contraction. Tout s\u2019est super bien pass\u00e9, avec une infrastructure au top. Nous avons \u00e9t\u00e9 choy\u00e9s \u00e0 Richemont et c\u2019\u00e9tait un luxe par rapport aux SwissSkills centralis\u00e9s de l\u2019ann\u00e9e derni\u00e8re \u00e0 Berne. Ici, nous avions l\u2019avantage de conna\u00eetre les locaux et l\u2019\u00e9quipe de Richemont est bien rod\u00e9e. Cela nous a \u00e9pargn\u00e9 l\u2019incertitude et le stress de mise en place en amont.<\/p>\n\n\n\n<h3 class=\"wp-block-heading\" id=\"h-qu-est-ce-qui-vous-plait-le-plus-dans-votre-travail\">Qu\u2019est-ce qui vous pla\u00eet le plus dans votre travail\u2009?<\/h3>\n\n\n\n<p>Assister \u00e0 la naissance de magnifiques produits et admirer des pi\u00e8ces d\u2019exposition \u00e9poustouflantes. Je suis toujours impressionn\u00e9 par le bond en avant que font ces jeunes gens entre l\u2019examen de fin d\u2019apprentissage et les SwissSkills. La motivation et la concentration des candidats m\u2019en imposent \u00e0 chaque fois. C\u2019est pr\u00e9cis\u00e9ment pour cela que j\u2019aime faire mon travail.<\/p>\n\n\n\n<h3 class=\"wp-block-heading\" id=\"h-et-ce-bien-que-vous-ayez-egalement-votre-propre-entreprise-et-que-vous-soyez-en-plein-dans-les-preparatifs-de-la-periode-de-l-avent\">\u2026 et ce, bien que vous ayez \u00e9galement votre propre entreprise et que vous soyez en plein dans les pr\u00e9paratifs de la p\u00e9riode de l\u2019Avent\u2026<\/h3>\n\n\n\n<p>(sourit) Je peux compter sur de tr\u00e8s nombreuses bonnes aides qui me soutiennent. Mon \u00e9pouse et ma s\u0153ur sont dans l\u2019entreprise. Je reste n\u00e9anmoins en contact permanent. On ne peut pas d\u00e9connecter compl\u00e8tement, surtout en ces temps de p\u00e9nurie de main-d\u2019\u0153uvre qualifi\u00e9e. Mais l\u2019investissement n\u2019est pas n\u00e9gligeable.<\/p>\n\n\n\n<h3 class=\"wp-block-heading\" id=\"h-qu-est-ce-qui-vous-plait-moins\">Qu\u2019est-ce qui vous pla\u00eet moins\u2009?<\/h3>\n\n\n\n<p>(r\u00e9fl\u00e9chit) Rien ne me vient \u00e0 l\u2019esprit, m\u00eame apr\u00e8s longue r\u00e9flexion. C\u2019est merveilleux d\u2019\u00eatre l\u00e0\u2009!<br><\/p>\n\n\n\n<h3 class=\"wp-block-heading\" id=\"h-qu-est-ce-qui-vous-a-particulierement-surpris-cette-annee\">Qu\u2019est-ce qui vous a particuli\u00e8rement surpris cette ann\u00e9e\u2009?<\/h3>\n\n\n\n<p>Rien ne m\u2019a fondamentalement surpris. Mais les pi\u00e8ces d\u2019exposition m\u2019\u00e9patent quand m\u00eame \u00e0 chaque fois. Je m\u2019en r\u00e9jouis toujours, tout comme des superbes produits. Ce sont des moments forts pour moi\u2009!<\/p>\n\n\n\n<h3 class=\"wp-block-heading\" id=\"h-avez-vous-un-message-pour-le-secteur\">Avez-vous un message pour le secteur\u2009?<\/h3>\n\n\n\n<p>Soutenez imp\u00e9rativement ces concours\u2009! Ils sont une fen\u00eatre sur l\u2019ext\u00e9rieur. Ces candidats sont des sp\u00e9cialistes de haut niveau et nous pouvons compter sur ces jeunes professionnels du secteur.<br><\/p>\n\n\n\n<h3 class=\"wp-block-heading\" id=\"h-aimeriez-vous-ajouter-quelque-chose-pour-conclure\">Aimeriez-vous ajouter quelque chose pour conclure\u2009?<\/h3>\n\n\n\n<p>Je voudrais remercier nos sponsors et nos donateurs, de m\u00eame que les formateurs et employeurs actuels des candidats. Il ne serait pas possible d\u2019organiser des concours de cette qualit\u00e9 et de ce niveau sans leur soutien. <\/p>\n\n\n\n<p class=\"has-text-align-right\"><em>Interview\u2009: Claudia Vernocchi<\/em><\/p>\n","protected":false},"excerpt":{"rendered":"<p>Les SwissSkills Championships 2023 se sont d\u00e9roul\u00e9s avec succ\u00e8s et sans accroc. Tout cela n\u2019aurait pas \u00e9t\u00e9 possible sans l\u2019aide assidue de nombreuses personnes dans l\u2019ombre, et l\u2019engagement du principal responsable Daniel Nyfeler, pr\u00e9sident de la commission des concours de la BCS. Ce dernier est pleinement satisfait, voire enchant\u00e9\u2026<\/p>\n","protected":false},"author":5,"featured_media":73563,"comment_status":"closed","ping_status":"closed","sticky":true,"template":"","format":"standard","meta":{"_acf_changed":false,"footnotes":""},"categories":[41,43],"tags":[],"class_list":["post-73562","post","type-post","status-publish","format-standard","has-post-thumbnail","hentry","category-association","category-concours"],"acf":[],"yoast_head":"<!-- This site is optimized with the Yoast SEO Premium plugin v26.8 (Yoast SEO v26.8) - https:\/\/yoast.com\/product\/yoast-seo-premium-wordpress\/ -->\n<title>\u00ab\u2009C\u2019est pour celaque j\u2019aime mon travail\u2009\u00bb | SBC<\/title>\n<meta name=\"robots\" content=\"index, follow, max-snippet:-1, max-image-preview:large, max-video-preview:-1\" \/>\n<link rel=\"canonical\" href=\"https:\/\/swissbaker.ch\/fr\/panissimo-news\/cest-pour-celaque-jaime-mon-travail\/\" \/>\n<meta property=\"og:locale\" content=\"fr_FR\" \/>\n<meta property=\"og:type\" content=\"article\" \/>\n<meta property=\"og:title\" content=\"\u00ab\u2009C\u2019est pour celaque j\u2019aime mon travail\u2009\u00bb\" \/>\n<meta property=\"og:description\" content=\"Les SwissSkills Championships 2023 se sont d\u00e9roul\u00e9s avec succ\u00e8s et sans accroc. Tout cela n\u2019aurait pas \u00e9t\u00e9 possible sans l\u2019aide assidue de nombreuses personnes dans l\u2019ombre, et l\u2019engagement du principal responsable Daniel Nyfeler, pr\u00e9sident de la commission des concours de la BCS. Ce dernier est pleinement satisfait, voire enchant\u00e9\u2026\" \/>\n<meta property=\"og:url\" content=\"https:\/\/swissbaker.ch\/fr\/panissimo-news\/cest-pour-celaque-jaime-mon-travail\/\" \/>\n<meta property=\"og:site_name\" content=\"SBC\" \/>\n<meta property=\"article:publisher\" content=\"https:\/\/www.facebook.com\/swissbaker.ch\" \/>\n<meta property=\"article:published_time\" content=\"2023-12-21T06:29:58+00:00\" \/>\n<meta property=\"article:modified_time\" content=\"2023-12-21T15:31:25+00:00\" \/>\n<meta property=\"og:image\" content=\"https:\/\/swissbaker.ch\/wp-content\/uploads\/2023\/12\/24_1_daniel_nyfeler-1.jpg\" \/>\n\t<meta property=\"og:image:width\" content=\"1200\" \/>\n\t<meta property=\"og:image:height\" content=\"712\" \/>\n\t<meta property=\"og:image:type\" content=\"image\/jpeg\" \/>\n<meta name=\"author\" content=\"Simon Nussbaum\" \/>\n<meta name=\"twitter:card\" content=\"summary_large_image\" \/>\n<meta name=\"twitter:creator\" content=\"@ch_swissbaker\" \/>\n<meta name=\"twitter:site\" content=\"@ch_swissbaker\" \/>\n<meta name=\"twitter:label1\" content=\"Written by\" \/>\n\t<meta name=\"twitter:data1\" content=\"Simon Nussbaum\" \/>\n\t<meta name=\"twitter:label2\" content=\"Est. reading time\" \/>\n\t<meta name=\"twitter:data2\" content=\"2 minutes\" \/>\n<script type=\"application\/ld+json\" class=\"yoast-schema-graph\">{\"@context\":\"https:\/\/schema.org\",\"@graph\":[{\"@type\":\"Article\",\"@id\":\"https:\/\/swissbaker.ch\/fr\/panissimo-news\/cest-pour-celaque-jaime-mon-travail\/#article\",\"isPartOf\":{\"@id\":\"https:\/\/swissbaker.ch\/fr\/panissimo-news\/cest-pour-celaque-jaime-mon-travail\/\"},\"author\":{\"name\":\"Simon Nussbaum\",\"@id\":\"https:\/\/swissbaker.ch\/fr\/#\/schema\/person\/74bd327b08c18ca6042c02ff6f0ed5e2\"},\"headline\":\"\u00ab\u2009C\u2019est pour celaque j\u2019aime mon travail\u2009\u00bb\",\"datePublished\":\"2023-12-21T06:29:58+00:00\",\"dateModified\":\"2023-12-21T15:31:25+00:00\",\"mainEntityOfPage\":{\"@id\":\"https:\/\/swissbaker.ch\/fr\/panissimo-news\/cest-pour-celaque-jaime-mon-travail\/\"},\"wordCount\":484,\"publisher\":{\"@id\":\"https:\/\/swissbaker.ch\/fr\/#organization\"},\"image\":{\"@id\":\"https:\/\/swissbaker.ch\/fr\/panissimo-news\/cest-pour-celaque-jaime-mon-travail\/#primaryimage\"},\"thumbnailUrl\":\"https:\/\/swissbaker.ch\/wp-content\/uploads\/2023\/12\/24_1_daniel_nyfeler-1.jpg\",\"articleSection\":[\"Association\",\"Concours\"],\"inLanguage\":\"fr-FR\"},{\"@type\":\"WebPage\",\"@id\":\"https:\/\/swissbaker.ch\/fr\/panissimo-news\/cest-pour-celaque-jaime-mon-travail\/\",\"url\":\"https:\/\/swissbaker.ch\/fr\/panissimo-news\/cest-pour-celaque-jaime-mon-travail\/\",\"name\":\"\u00ab\u2009C\u2019est pour celaque j\u2019aime mon travail\u2009\u00bb | SBC\",\"isPartOf\":{\"@id\":\"https:\/\/swissbaker.ch\/fr\/#website\"},\"primaryImageOfPage\":{\"@id\":\"https:\/\/swissbaker.ch\/fr\/panissimo-news\/cest-pour-celaque-jaime-mon-travail\/#primaryimage\"},\"image\":{\"@id\":\"https:\/\/swissbaker.ch\/fr\/panissimo-news\/cest-pour-celaque-jaime-mon-travail\/#primaryimage\"},\"thumbnailUrl\":\"https:\/\/swissbaker.ch\/wp-content\/uploads\/2023\/12\/24_1_daniel_nyfeler-1.jpg\",\"datePublished\":\"2023-12-21T06:29:58+00:00\",\"dateModified\":\"2023-12-21T15:31:25+00:00\",\"breadcrumb\":{\"@id\":\"https:\/\/swissbaker.ch\/fr\/panissimo-news\/cest-pour-celaque-jaime-mon-travail\/#breadcrumb\"},\"inLanguage\":\"fr-FR\",\"potentialAction\":[{\"@type\":\"ReadAction\",\"target\":[\"https:\/\/swissbaker.ch\/fr\/panissimo-news\/cest-pour-celaque-jaime-mon-travail\/\"]}]},{\"@type\":\"ImageObject\",\"inLanguage\":\"fr-FR\",\"@id\":\"https:\/\/swissbaker.ch\/fr\/panissimo-news\/cest-pour-celaque-jaime-mon-travail\/#primaryimage\",\"url\":\"https:\/\/swissbaker.ch\/wp-content\/uploads\/2023\/12\/24_1_daniel_nyfeler-1.jpg\",\"contentUrl\":\"https:\/\/swissbaker.ch\/wp-content\/uploads\/2023\/12\/24_1_daniel_nyfeler-1.jpg\",\"width\":1200,\"height\":712},{\"@type\":\"BreadcrumbList\",\"@id\":\"https:\/\/swissbaker.ch\/fr\/panissimo-news\/cest-pour-celaque-jaime-mon-travail\/#breadcrumb\",\"itemListElement\":[{\"@type\":\"ListItem\",\"position\":1,\"name\":\"\",\"item\":\"https:\/\/swissbaker.ch\/fr\/\"},{\"@type\":\"ListItem\",\"position\":2,\"name\":\"Concours\",\"item\":\"https:\/\/swissbaker.ch\/fr\/panissimo-news\/category\/concours\/\"},{\"@type\":\"ListItem\",\"position\":3,\"name\":\"\u00ab\u2009C\u2019est pour celaque j\u2019aime mon travail\u2009\u00bb\"}]},{\"@type\":\"WebSite\",\"@id\":\"https:\/\/swissbaker.ch\/fr\/#website\",\"url\":\"https:\/\/swissbaker.ch\/fr\/\",\"name\":\"SBC\",\"description\":\"\",\"publisher\":{\"@id\":\"https:\/\/swissbaker.ch\/fr\/#organization\"},\"potentialAction\":[{\"@type\":\"SearchAction\",\"target\":{\"@type\":\"EntryPoint\",\"urlTemplate\":\"https:\/\/swissbaker.ch\/fr\/?s={search_term_string}\"},\"query-input\":{\"@type\":\"PropertyValueSpecification\",\"valueRequired\":true,\"valueName\":\"search_term_string\"}}],\"inLanguage\":\"fr-FR\"},{\"@type\":\"Organization\",\"@id\":\"https:\/\/swissbaker.ch\/fr\/#organization\",\"name\":\"Schweizerischer B\u00e4cker-Confiseurmeister-Verband\",\"url\":\"https:\/\/swissbaker.ch\/fr\/\",\"logo\":{\"@type\":\"ImageObject\",\"inLanguage\":\"fr-FR\",\"@id\":\"https:\/\/swissbaker.ch\/fr\/#\/schema\/logo\/image\/\",\"url\":\"https:\/\/swissbaker.ch\/wp-content\/uploads\/2022\/04\/sbc-logo-yoast.jpg\",\"contentUrl\":\"https:\/\/swissbaker.ch\/wp-content\/uploads\/2022\/04\/sbc-logo-yoast.jpg\",\"width\":512,\"height\":512,\"caption\":\"Schweizerischer B\u00e4cker-Confiseurmeister-Verband\"},\"image\":{\"@id\":\"https:\/\/swissbaker.ch\/fr\/#\/schema\/logo\/image\/\"},\"sameAs\":[\"https:\/\/www.facebook.com\/swissbaker.ch\",\"https:\/\/x.com\/ch_swissbaker\"]},{\"@type\":\"Person\",\"@id\":\"https:\/\/swissbaker.ch\/fr\/#\/schema\/person\/74bd327b08c18ca6042c02ff6f0ed5e2\",\"name\":\"Simon Nussbaum\",\"image\":{\"@type\":\"ImageObject\",\"inLanguage\":\"fr-FR\",\"@id\":\"https:\/\/swissbaker.ch\/fr\/#\/schema\/person\/image\/\",\"url\":\"https:\/\/secure.gravatar.com\/avatar\/df0eced3bb556c806cb760cf503ade1ed1df25b4104d80d6fd28d93a9509aa12?s=96&d=mm&r=g\",\"contentUrl\":\"https:\/\/secure.gravatar.com\/avatar\/df0eced3bb556c806cb760cf503ade1ed1df25b4104d80d6fd28d93a9509aa12?s=96&d=mm&r=g\",\"caption\":\"Simon Nussbaum\"},\"url\":\"https:\/\/swissbaker.ch\/fr\/panissimo-news\/author\/simon-nussbaum\/\"}]}<\/script>\n<!-- \/ Yoast SEO Premium plugin. -->","yoast_head_json":{"title":"\u00ab\u2009C\u2019est pour celaque j\u2019aime mon travail\u2009\u00bb | SBC","robots":{"index":"index","follow":"follow","max-snippet":"max-snippet:-1","max-image-preview":"max-image-preview:large","max-video-preview":"max-video-preview:-1"},"canonical":"https:\/\/swissbaker.ch\/fr\/panissimo-news\/cest-pour-celaque-jaime-mon-travail\/","og_locale":"fr_FR","og_type":"article","og_title":"\u00ab\u2009C\u2019est pour celaque j\u2019aime mon travail\u2009\u00bb","og_description":"Les SwissSkills Championships 2023 se sont d\u00e9roul\u00e9s avec succ\u00e8s et sans accroc. Tout cela n\u2019aurait pas \u00e9t\u00e9 possible sans l\u2019aide assidue de nombreuses personnes dans l\u2019ombre, et l\u2019engagement du principal responsable Daniel Nyfeler, pr\u00e9sident de la commission des concours de la BCS. Ce dernier est pleinement satisfait, voire enchant\u00e9\u2026","og_url":"https:\/\/swissbaker.ch\/fr\/panissimo-news\/cest-pour-celaque-jaime-mon-travail\/","og_site_name":"SBC","article_publisher":"https:\/\/www.facebook.com\/swissbaker.ch","article_published_time":"2023-12-21T06:29:58+00:00","article_modified_time":"2023-12-21T15:31:25+00:00","og_image":[{"width":1200,"height":712,"url":"https:\/\/swissbaker.ch\/wp-content\/uploads\/2023\/12\/24_1_daniel_nyfeler-1.jpg","type":"image\/jpeg"}],"author":"Simon Nussbaum","twitter_card":"summary_large_image","twitter_creator":"@ch_swissbaker","twitter_site":"@ch_swissbaker","twitter_misc":{"Written by":"Simon Nussbaum","Est. reading time":"2 minutes"},"schema":{"@context":"https:\/\/schema.org","@graph":[{"@type":"Article","@id":"https:\/\/swissbaker.ch\/fr\/panissimo-news\/cest-pour-celaque-jaime-mon-travail\/#article","isPartOf":{"@id":"https:\/\/swissbaker.ch\/fr\/panissimo-news\/cest-pour-celaque-jaime-mon-travail\/"},"author":{"name":"Simon Nussbaum","@id":"https:\/\/swissbaker.ch\/fr\/#\/schema\/person\/74bd327b08c18ca6042c02ff6f0ed5e2"},"headline":"\u00ab\u2009C\u2019est pour celaque j\u2019aime mon travail\u2009\u00bb","datePublished":"2023-12-21T06:29:58+00:00","dateModified":"2023-12-21T15:31:25+00:00","mainEntityOfPage":{"@id":"https:\/\/swissbaker.ch\/fr\/panissimo-news\/cest-pour-celaque-jaime-mon-travail\/"},"wordCount":484,"publisher":{"@id":"https:\/\/swissbaker.ch\/fr\/#organization"},"image":{"@id":"https:\/\/swissbaker.ch\/fr\/panissimo-news\/cest-pour-celaque-jaime-mon-travail\/#primaryimage"},"thumbnailUrl":"https:\/\/swissbaker.ch\/wp-content\/uploads\/2023\/12\/24_1_daniel_nyfeler-1.jpg","articleSection":["Association","Concours"],"inLanguage":"fr-FR"},{"@type":"WebPage","@id":"https:\/\/swissbaker.ch\/fr\/panissimo-news\/cest-pour-celaque-jaime-mon-travail\/","url":"https:\/\/swissbaker.ch\/fr\/panissimo-news\/cest-pour-celaque-jaime-mon-travail\/","name":"\u00ab\u2009C\u2019est pour celaque j\u2019aime mon travail\u2009\u00bb | SBC","isPartOf":{"@id":"https:\/\/swissbaker.ch\/fr\/#website"},"primaryImageOfPage":{"@id":"https:\/\/swissbaker.ch\/fr\/panissimo-news\/cest-pour-celaque-jaime-mon-travail\/#primaryimage"},"image":{"@id":"https:\/\/swissbaker.ch\/fr\/panissimo-news\/cest-pour-celaque-jaime-mon-travail\/#primaryimage"},"thumbnailUrl":"https:\/\/swissbaker.ch\/wp-content\/uploads\/2023\/12\/24_1_daniel_nyfeler-1.jpg","datePublished":"2023-12-21T06:29:58+00:00","dateModified":"2023-12-21T15:31:25+00:00","breadcrumb":{"@id":"https:\/\/swissbaker.ch\/fr\/panissimo-news\/cest-pour-celaque-jaime-mon-travail\/#breadcrumb"},"inLanguage":"fr-FR","potentialAction":[{"@type":"ReadAction","target":["https:\/\/swissbaker.ch\/fr\/panissimo-news\/cest-pour-celaque-jaime-mon-travail\/"]}]},{"@type":"ImageObject","inLanguage":"fr-FR","@id":"https:\/\/swissbaker.ch\/fr\/panissimo-news\/cest-pour-celaque-jaime-mon-travail\/#primaryimage","url":"https:\/\/swissbaker.ch\/wp-content\/uploads\/2023\/12\/24_1_daniel_nyfeler-1.jpg","contentUrl":"https:\/\/swissbaker.ch\/wp-content\/uploads\/2023\/12\/24_1_daniel_nyfeler-1.jpg","width":1200,"height":712},{"@type":"BreadcrumbList","@id":"https:\/\/swissbaker.ch\/fr\/panissimo-news\/cest-pour-celaque-jaime-mon-travail\/#breadcrumb","itemListElement":[{"@type":"ListItem","position":1,"name":"","item":"https:\/\/swissbaker.ch\/fr\/"},{"@type":"ListItem","position":2,"name":"Concours","item":"https:\/\/swissbaker.ch\/fr\/panissimo-news\/category\/concours\/"},{"@type":"ListItem","position":3,"name":"\u00ab\u2009C\u2019est pour celaque j\u2019aime mon travail\u2009\u00bb"}]},{"@type":"WebSite","@id":"https:\/\/swissbaker.ch\/fr\/#website","url":"https:\/\/swissbaker.ch\/fr\/","name":"SBC","description":"","publisher":{"@id":"https:\/\/swissbaker.ch\/fr\/#organization"},"potentialAction":[{"@type":"SearchAction","target":{"@type":"EntryPoint","urlTemplate":"https:\/\/swissbaker.ch\/fr\/?s={search_term_string}"},"query-input":{"@type":"PropertyValueSpecification","valueRequired":true,"valueName":"search_term_string"}}],"inLanguage":"fr-FR"},{"@type":"Organization","@id":"https:\/\/swissbaker.ch\/fr\/#organization","name":"Schweizerischer B\u00e4cker-Confiseurmeister-Verband","url":"https:\/\/swissbaker.ch\/fr\/","logo":{"@type":"ImageObject","inLanguage":"fr-FR","@id":"https:\/\/swissbaker.ch\/fr\/#\/schema\/logo\/image\/","url":"https:\/\/swissbaker.ch\/wp-content\/uploads\/2022\/04\/sbc-logo-yoast.jpg","contentUrl":"https:\/\/swissbaker.ch\/wp-content\/uploads\/2022\/04\/sbc-logo-yoast.jpg","width":512,"height":512,"caption":"Schweizerischer B\u00e4cker-Confiseurmeister-Verband"},"image":{"@id":"https:\/\/swissbaker.ch\/fr\/#\/schema\/logo\/image\/"},"sameAs":["https:\/\/www.facebook.com\/swissbaker.ch","https:\/\/x.com\/ch_swissbaker"]},{"@type":"Person","@id":"https:\/\/swissbaker.ch\/fr\/#\/schema\/person\/74bd327b08c18ca6042c02ff6f0ed5e2","name":"Simon Nussbaum","image":{"@type":"ImageObject","inLanguage":"fr-FR","@id":"https:\/\/swissbaker.ch\/fr\/#\/schema\/person\/image\/","url":"https:\/\/secure.gravatar.com\/avatar\/df0eced3bb556c806cb760cf503ade1ed1df25b4104d80d6fd28d93a9509aa12?s=96&d=mm&r=g","contentUrl":"https:\/\/secure.gravatar.com\/avatar\/df0eced3bb556c806cb760cf503ade1ed1df25b4104d80d6fd28d93a9509aa12?s=96&d=mm&r=g","caption":"Simon Nussbaum"},"url":"https:\/\/swissbaker.ch\/fr\/panissimo-news\/author\/simon-nussbaum\/"}]}},"_links":{"self":[{"href":"https:\/\/swissbaker.ch\/fr\/wp-json\/wp\/v2\/posts\/73562","targetHints":{"allow":["GET"]}}],"collection":[{"href":"https:\/\/swissbaker.ch\/fr\/wp-json\/wp\/v2\/posts"}],"about":[{"href":"https:\/\/swissbaker.ch\/fr\/wp-json\/wp\/v2\/types\/post"}],"author":[{"embeddable":true,"href":"https:\/\/swissbaker.ch\/fr\/wp-json\/wp\/v2\/users\/5"}],"replies":[{"embeddable":true,"href":"https:\/\/swissbaker.ch\/fr\/wp-json\/wp\/v2\/comments?post=73562"}],"version-history":[{"count":0,"href":"https:\/\/swissbaker.ch\/fr\/wp-json\/wp\/v2\/posts\/73562\/revisions"}],"wp:featuredmedia":[{"embeddable":true,"href":"https:\/\/swissbaker.ch\/fr\/wp-json\/wp\/v2\/media\/73563"}],"wp:attachment":[{"href":"https:\/\/swissbaker.ch\/fr\/wp-json\/wp\/v2\/media?parent=73562"}],"wp:term":[{"taxonomy":"category","embeddable":true,"href":"https:\/\/swissbaker.ch\/fr\/wp-json\/wp\/v2\/categories?post=73562"},{"taxonomy":"post_tag","embeddable":true,"href":"https:\/\/swissbaker.ch\/fr\/wp-json\/wp\/v2\/tags?post=73562"}],"curies":[{"name":"wp","href":"https:\/\/api.w.org\/{rel}","templated":true}]}}