{"id":73554,"date":"2023-12-20T15:09:58","date_gmt":"2023-12-20T14:09:58","guid":{"rendered":"https:\/\/swissbaker.ch\/?p=73554"},"modified":"2023-12-21T16:33:48","modified_gmt":"2023-12-21T15:33:48","slug":"linitiative-sante-au-sein-des-cp-panvica-et-panvica-plus","status":"publish","type":"post","link":"https:\/\/swissbaker.ch\/fr\/panissimo-news\/linitiative-sante-au-sein-des-cp-panvica-et-panvica-plus\/","title":{"rendered":"L&#8217;initiative-sant\u00e9 au sein des CP Panvica et Panvica Plus"},"content":{"rendered":"\n<p><strong>Publireportage:<\/strong> <strong>Un d\u00e9pistage et une intervention pr\u00e9coces valent la peine. Avec des mesures cibl\u00e9es jusqu\u2019au suivi externe, il est possible de r\u00e9int\u00e9grer dans le processus de travail les collaborateurs absents pendant une longue dur\u00e9e. Cela \u00e9vite une invalidit\u00e9 imminente. Une situation win-win-win pour les membres et leurs collaborateurs ainsi que les CP Panvica et Panvica plus. Cela exerce un impact positif sur les cotisations futures de caisses de pensions ainsi que les co\u00fbts de l\u2019assurance d\u2019indemnit\u00e9s journali\u00e8res. Une participation active est triplement payante\u2009!<\/strong><\/p>\n\n\n\n<p>Au printemps, Panvica a lanc\u00e9 l\u2019initiative-sant\u00e9 Gestion de la sant\u00e9 en entreprise (GSE). Les chiffres semestriels sont l\u00e0, et montrent clairement que les th\u00e8mes Promotion de la sant\u00e9 en entreprise et Case Management sont accept\u00e9s avec bienveillance par les membres. Des collaborateurs sains et motiv\u00e9s vous tiennent \u00e0 c\u0153ur.<\/p>\n\n\n\n<p>Jusqu\u2019\u00e0 fin septembre\u202f2023, quatorze assur\u00e9s ont \u00e9t\u00e9 admis au Case Management. Parmi les personnes accompagn\u00e9es, cinq ont d\u00e9j\u00e0 pu \u00eatre r\u00e9int\u00e9gr\u00e9es dans le processus de travail. Au niveau 1 (\u00e0 partir de 30 b\u00e9n\u00e9ficiaires) de la GSE, 77 absences pour cause de maladie et d\u2019accident ont d\u00e9j\u00e0 \u00e9t\u00e9 saisies, et au niveau 2 (jusqu\u2019\u00e0 29 b\u00e9n\u00e9ficiaires), 32 annonces pr\u00e9coces ont \u00e9t\u00e9 r\u00e9gl\u00e9es. Conclusion\u2009: le lancement de la GSE a r\u00e9ussi\u2009!<\/p>\n\n\n\n<h2 class=\"wp-block-heading\" id=\"h-visites-des-membres-de-la-bcs\">Visites des membres de la BCS<\/h2>\n\n\n\n<p>Aux deux niveaux de la GSE, les cas susceptibles de se prolonger, respectivement les cas \u00e0 l\u2019AI sont \u00e9valu\u00e9s avec l\u2019employeur et transmis au Case Management si n\u00e9cessaire. La gestion pr\u00e9ventive des cas est coordonn\u00e9e et pilot\u00e9e par notre partenaire active care ag.<\/p>\n\n\n\n<p>Par la suite, nous pr\u00e9voyons d\u2019abord de rendre visite aux membres importants, tout en continuant de promouvoir la sensibilisation de la GSE. Les conseillers de Panvica sont responsables des visites \u00e0 la client\u00e8le, avec le soutien d\u2019active care ag. L\u2019ensemble du concept GSE se base sur le d\u00e9pistage actif et l\u2019annonce pr\u00e9coces par les membres jusqu\u2019\u00e0 la r\u00e9int\u00e9gration rapide et cibl\u00e9e par nos partenaires.<\/p>\n\n\n\n<figure class=\"wp-block-image size-full\"><img decoding=\"async\" width=\"723\" height=\"888\" src=\"https:\/\/swissbaker.ch\/wp-content\/uploads\/2023\/12\/24_1_panvica_kundenberater_f.jpg\" alt=\"\" class=\"wp-image-73555\"\/><\/figure>\n\n\n\n<p>Plus il est possible de d\u00e9tecter \u00e0 temps les cas de longue dur\u00e9e et d\u2019assurer un suivi positif, plus l\u2019\u00e9volution des sinistres des deux caisses de pensions est bonne. La prise en charge active d\u2019absences pour cause de maladie ou d\u2019accident ou de cas de longue dur\u00e9e est une nouvelle approche d\u2019aide au collaborateur dans les p\u00e9riodes difficiles, dont le but est \u00e9galement de pr\u00e9venir l\u2019allocation de rentes ch\u00e8res. Agir ensemble renforce les liens et assure la durabilit\u00e9 des deux caisses de pensions.<\/p>\n\n\n\n<p>Les clients qui \u00e0 ce jour n\u2019ont pas encore \u00e9t\u00e9 contact\u00e9s pour la GSE et s\u2019y int\u00e9ressent s\u2019annoncent directement \u00e0 leur conseiller ou \u00e0 Dilan Baumgartner, cheffe d\u2019\u00e9quipe conseillers \u00e0 la client\u00e8le 031 388 14 56 ou <a href=\"mailto:dilan.baumgartner@panvica.ch\" target=\"_blank\" rel=\"noreferrer noopener\">dilan.baumgartner@panvica.ch<\/a>.<\/p>\n\n\n\n<p><a href=\"https:\/\/www.panvica.ch\/fr\/\">panvica.ch<\/a><\/p>\n","protected":false},"excerpt":{"rendered":"<p>Publireportage: Un d\u00e9pistage et une intervention pr\u00e9coces valent la peine. Avec des mesures cibl\u00e9es jusqu\u2019au suivi externe, il est possible de r\u00e9int\u00e9grer dans le processus de travail les collaborateurs absents pendant une longue dur\u00e9e. Cela \u00e9vite une invalidit\u00e9 imminente.<\/p>\n","protected":false},"author":5,"featured_media":73553,"comment_status":"closed","ping_status":"closed","sticky":true,"template":"","format":"standard","meta":{"_acf_changed":false,"footnotes":""},"categories":[41,54],"tags":[],"class_list":["post-73554","post","type-post","status-publish","format-standard","has-post-thumbnail","hentry","category-association","category-conseils"],"acf":[],"yoast_head":"<!-- This site is optimized with the Yoast SEO Premium plugin v26.8 (Yoast SEO v26.8) - https:\/\/yoast.com\/product\/yoast-seo-premium-wordpress\/ -->\n<title>L&#039;initiative-sant\u00e9 au sein des CP Panvica et Panvica Plus | SBC<\/title>\n<meta name=\"robots\" content=\"index, follow, max-snippet:-1, max-image-preview:large, max-video-preview:-1\" \/>\n<link rel=\"canonical\" href=\"https:\/\/swissbaker.ch\/fr\/panissimo-news\/linitiative-sante-au-sein-des-cp-panvica-et-panvica-plus\/\" \/>\n<meta property=\"og:locale\" content=\"fr_FR\" \/>\n<meta property=\"og:type\" content=\"article\" \/>\n<meta property=\"og:title\" content=\"L&#039;initiative-sant\u00e9 au sein des CP Panvica et Panvica Plus\" \/>\n<meta property=\"og:description\" content=\"Publireportage: Un d\u00e9pistage et une intervention pr\u00e9coces valent la peine. Avec des mesures cibl\u00e9es jusqu\u2019au suivi externe, il est possible de r\u00e9int\u00e9grer dans le processus de travail les collaborateurs absents pendant une longue dur\u00e9e. Cela \u00e9vite une invalidit\u00e9 imminente.\" \/>\n<meta property=\"og:url\" content=\"https:\/\/swissbaker.ch\/fr\/panissimo-news\/linitiative-sante-au-sein-des-cp-panvica-et-panvica-plus\/\" \/>\n<meta property=\"og:site_name\" content=\"SBC\" \/>\n<meta property=\"article:publisher\" content=\"https:\/\/www.facebook.com\/swissbaker.ch\" \/>\n<meta property=\"article:published_time\" content=\"2023-12-20T14:09:58+00:00\" \/>\n<meta property=\"article:modified_time\" content=\"2023-12-21T15:33:48+00:00\" \/>\n<meta property=\"og:image\" content=\"https:\/\/swissbaker.ch\/wp-content\/uploads\/2023\/12\/24_1_panvica_ohne_logo.jpg\" \/>\n\t<meta property=\"og:image:width\" content=\"1200\" \/>\n\t<meta property=\"og:image:height\" content=\"712\" \/>\n\t<meta property=\"og:image:type\" content=\"image\/jpeg\" \/>\n<meta name=\"author\" content=\"Simon Nussbaum\" \/>\n<meta name=\"twitter:card\" content=\"summary_large_image\" \/>\n<meta name=\"twitter:creator\" content=\"@ch_swissbaker\" \/>\n<meta name=\"twitter:site\" content=\"@ch_swissbaker\" \/>\n<meta name=\"twitter:label1\" content=\"Written by\" \/>\n\t<meta name=\"twitter:data1\" content=\"Simon Nussbaum\" \/>\n\t<meta name=\"twitter:label2\" content=\"Est. reading time\" \/>\n\t<meta name=\"twitter:data2\" content=\"2 minutes\" \/>\n<script type=\"application\/ld+json\" class=\"yoast-schema-graph\">{\"@context\":\"https:\/\/schema.org\",\"@graph\":[{\"@type\":\"Article\",\"@id\":\"https:\/\/swissbaker.ch\/fr\/panissimo-news\/linitiative-sante-au-sein-des-cp-panvica-et-panvica-plus\/#article\",\"isPartOf\":{\"@id\":\"https:\/\/swissbaker.ch\/fr\/panissimo-news\/linitiative-sante-au-sein-des-cp-panvica-et-panvica-plus\/\"},\"author\":{\"name\":\"Simon Nussbaum\",\"@id\":\"https:\/\/swissbaker.ch\/fr\/#\/schema\/person\/74bd327b08c18ca6042c02ff6f0ed5e2\"},\"headline\":\"L&#8217;initiative-sant\u00e9 au sein des CP Panvica et Panvica Plus\",\"datePublished\":\"2023-12-20T14:09:58+00:00\",\"dateModified\":\"2023-12-21T15:33:48+00:00\",\"mainEntityOfPage\":{\"@id\":\"https:\/\/swissbaker.ch\/fr\/panissimo-news\/linitiative-sante-au-sein-des-cp-panvica-et-panvica-plus\/\"},\"wordCount\":502,\"publisher\":{\"@id\":\"https:\/\/swissbaker.ch\/fr\/#organization\"},\"image\":{\"@id\":\"https:\/\/swissbaker.ch\/fr\/panissimo-news\/linitiative-sante-au-sein-des-cp-panvica-et-panvica-plus\/#primaryimage\"},\"thumbnailUrl\":\"https:\/\/swissbaker.ch\/wp-content\/uploads\/2023\/12\/24_1_panvica_ohne_logo.jpg\",\"articleSection\":[\"Association\",\"Conseils\"],\"inLanguage\":\"fr-FR\"},{\"@type\":\"WebPage\",\"@id\":\"https:\/\/swissbaker.ch\/fr\/panissimo-news\/linitiative-sante-au-sein-des-cp-panvica-et-panvica-plus\/\",\"url\":\"https:\/\/swissbaker.ch\/fr\/panissimo-news\/linitiative-sante-au-sein-des-cp-panvica-et-panvica-plus\/\",\"name\":\"L'initiative-sant\u00e9 au sein des CP Panvica et Panvica Plus | SBC\",\"isPartOf\":{\"@id\":\"https:\/\/swissbaker.ch\/fr\/#website\"},\"primaryImageOfPage\":{\"@id\":\"https:\/\/swissbaker.ch\/fr\/panissimo-news\/linitiative-sante-au-sein-des-cp-panvica-et-panvica-plus\/#primaryimage\"},\"image\":{\"@id\":\"https:\/\/swissbaker.ch\/fr\/panissimo-news\/linitiative-sante-au-sein-des-cp-panvica-et-panvica-plus\/#primaryimage\"},\"thumbnailUrl\":\"https:\/\/swissbaker.ch\/wp-content\/uploads\/2023\/12\/24_1_panvica_ohne_logo.jpg\",\"datePublished\":\"2023-12-20T14:09:58+00:00\",\"dateModified\":\"2023-12-21T15:33:48+00:00\",\"breadcrumb\":{\"@id\":\"https:\/\/swissbaker.ch\/fr\/panissimo-news\/linitiative-sante-au-sein-des-cp-panvica-et-panvica-plus\/#breadcrumb\"},\"inLanguage\":\"fr-FR\",\"potentialAction\":[{\"@type\":\"ReadAction\",\"target\":[\"https:\/\/swissbaker.ch\/fr\/panissimo-news\/linitiative-sante-au-sein-des-cp-panvica-et-panvica-plus\/\"]}]},{\"@type\":\"ImageObject\",\"inLanguage\":\"fr-FR\",\"@id\":\"https:\/\/swissbaker.ch\/fr\/panissimo-news\/linitiative-sante-au-sein-des-cp-panvica-et-panvica-plus\/#primaryimage\",\"url\":\"https:\/\/swissbaker.ch\/wp-content\/uploads\/2023\/12\/24_1_panvica_ohne_logo.jpg\",\"contentUrl\":\"https:\/\/swissbaker.ch\/wp-content\/uploads\/2023\/12\/24_1_panvica_ohne_logo.jpg\",\"width\":1200,\"height\":712},{\"@type\":\"BreadcrumbList\",\"@id\":\"https:\/\/swissbaker.ch\/fr\/panissimo-news\/linitiative-sante-au-sein-des-cp-panvica-et-panvica-plus\/#breadcrumb\",\"itemListElement\":[{\"@type\":\"ListItem\",\"position\":1,\"name\":\"\",\"item\":\"https:\/\/swissbaker.ch\/fr\/\"},{\"@type\":\"ListItem\",\"position\":2,\"name\":\"Association\",\"item\":\"https:\/\/swissbaker.ch\/fr\/panissimo-news\/category\/association\/\"},{\"@type\":\"ListItem\",\"position\":3,\"name\":\"L&#8217;initiative-sant\u00e9 au sein des CP Panvica et Panvica Plus\"}]},{\"@type\":\"WebSite\",\"@id\":\"https:\/\/swissbaker.ch\/fr\/#website\",\"url\":\"https:\/\/swissbaker.ch\/fr\/\",\"name\":\"SBC\",\"description\":\"\",\"publisher\":{\"@id\":\"https:\/\/swissbaker.ch\/fr\/#organization\"},\"potentialAction\":[{\"@type\":\"SearchAction\",\"target\":{\"@type\":\"EntryPoint\",\"urlTemplate\":\"https:\/\/swissbaker.ch\/fr\/?s={search_term_string}\"},\"query-input\":{\"@type\":\"PropertyValueSpecification\",\"valueRequired\":true,\"valueName\":\"search_term_string\"}}],\"inLanguage\":\"fr-FR\"},{\"@type\":\"Organization\",\"@id\":\"https:\/\/swissbaker.ch\/fr\/#organization\",\"name\":\"Schweizerischer B\u00e4cker-Confiseurmeister-Verband\",\"url\":\"https:\/\/swissbaker.ch\/fr\/\",\"logo\":{\"@type\":\"ImageObject\",\"inLanguage\":\"fr-FR\",\"@id\":\"https:\/\/swissbaker.ch\/fr\/#\/schema\/logo\/image\/\",\"url\":\"https:\/\/swissbaker.ch\/wp-content\/uploads\/2022\/04\/sbc-logo-yoast.jpg\",\"contentUrl\":\"https:\/\/swissbaker.ch\/wp-content\/uploads\/2022\/04\/sbc-logo-yoast.jpg\",\"width\":512,\"height\":512,\"caption\":\"Schweizerischer B\u00e4cker-Confiseurmeister-Verband\"},\"image\":{\"@id\":\"https:\/\/swissbaker.ch\/fr\/#\/schema\/logo\/image\/\"},\"sameAs\":[\"https:\/\/www.facebook.com\/swissbaker.ch\",\"https:\/\/x.com\/ch_swissbaker\"]},{\"@type\":\"Person\",\"@id\":\"https:\/\/swissbaker.ch\/fr\/#\/schema\/person\/74bd327b08c18ca6042c02ff6f0ed5e2\",\"name\":\"Simon Nussbaum\",\"image\":{\"@type\":\"ImageObject\",\"inLanguage\":\"fr-FR\",\"@id\":\"https:\/\/swissbaker.ch\/fr\/#\/schema\/person\/image\/\",\"url\":\"https:\/\/secure.gravatar.com\/avatar\/df0eced3bb556c806cb760cf503ade1ed1df25b4104d80d6fd28d93a9509aa12?s=96&d=mm&r=g\",\"contentUrl\":\"https:\/\/secure.gravatar.com\/avatar\/df0eced3bb556c806cb760cf503ade1ed1df25b4104d80d6fd28d93a9509aa12?s=96&d=mm&r=g\",\"caption\":\"Simon Nussbaum\"},\"url\":\"https:\/\/swissbaker.ch\/fr\/panissimo-news\/author\/simon-nussbaum\/\"}]}<\/script>\n<!-- \/ Yoast SEO Premium plugin. -->","yoast_head_json":{"title":"L'initiative-sant\u00e9 au sein des CP Panvica et Panvica Plus | SBC","robots":{"index":"index","follow":"follow","max-snippet":"max-snippet:-1","max-image-preview":"max-image-preview:large","max-video-preview":"max-video-preview:-1"},"canonical":"https:\/\/swissbaker.ch\/fr\/panissimo-news\/linitiative-sante-au-sein-des-cp-panvica-et-panvica-plus\/","og_locale":"fr_FR","og_type":"article","og_title":"L'initiative-sant\u00e9 au sein des CP Panvica et Panvica Plus","og_description":"Publireportage: Un d\u00e9pistage et une intervention pr\u00e9coces valent la peine. Avec des mesures cibl\u00e9es jusqu\u2019au suivi externe, il est possible de r\u00e9int\u00e9grer dans le processus de travail les collaborateurs absents pendant une longue dur\u00e9e. Cela \u00e9vite une invalidit\u00e9 imminente.","og_url":"https:\/\/swissbaker.ch\/fr\/panissimo-news\/linitiative-sante-au-sein-des-cp-panvica-et-panvica-plus\/","og_site_name":"SBC","article_publisher":"https:\/\/www.facebook.com\/swissbaker.ch","article_published_time":"2023-12-20T14:09:58+00:00","article_modified_time":"2023-12-21T15:33:48+00:00","og_image":[{"width":1200,"height":712,"url":"https:\/\/swissbaker.ch\/wp-content\/uploads\/2023\/12\/24_1_panvica_ohne_logo.jpg","type":"image\/jpeg"}],"author":"Simon Nussbaum","twitter_card":"summary_large_image","twitter_creator":"@ch_swissbaker","twitter_site":"@ch_swissbaker","twitter_misc":{"Written by":"Simon Nussbaum","Est. reading time":"2 minutes"},"schema":{"@context":"https:\/\/schema.org","@graph":[{"@type":"Article","@id":"https:\/\/swissbaker.ch\/fr\/panissimo-news\/linitiative-sante-au-sein-des-cp-panvica-et-panvica-plus\/#article","isPartOf":{"@id":"https:\/\/swissbaker.ch\/fr\/panissimo-news\/linitiative-sante-au-sein-des-cp-panvica-et-panvica-plus\/"},"author":{"name":"Simon Nussbaum","@id":"https:\/\/swissbaker.ch\/fr\/#\/schema\/person\/74bd327b08c18ca6042c02ff6f0ed5e2"},"headline":"L&#8217;initiative-sant\u00e9 au sein des CP Panvica et Panvica Plus","datePublished":"2023-12-20T14:09:58+00:00","dateModified":"2023-12-21T15:33:48+00:00","mainEntityOfPage":{"@id":"https:\/\/swissbaker.ch\/fr\/panissimo-news\/linitiative-sante-au-sein-des-cp-panvica-et-panvica-plus\/"},"wordCount":502,"publisher":{"@id":"https:\/\/swissbaker.ch\/fr\/#organization"},"image":{"@id":"https:\/\/swissbaker.ch\/fr\/panissimo-news\/linitiative-sante-au-sein-des-cp-panvica-et-panvica-plus\/#primaryimage"},"thumbnailUrl":"https:\/\/swissbaker.ch\/wp-content\/uploads\/2023\/12\/24_1_panvica_ohne_logo.jpg","articleSection":["Association","Conseils"],"inLanguage":"fr-FR"},{"@type":"WebPage","@id":"https:\/\/swissbaker.ch\/fr\/panissimo-news\/linitiative-sante-au-sein-des-cp-panvica-et-panvica-plus\/","url":"https:\/\/swissbaker.ch\/fr\/panissimo-news\/linitiative-sante-au-sein-des-cp-panvica-et-panvica-plus\/","name":"L'initiative-sant\u00e9 au sein des CP Panvica et Panvica Plus | SBC","isPartOf":{"@id":"https:\/\/swissbaker.ch\/fr\/#website"},"primaryImageOfPage":{"@id":"https:\/\/swissbaker.ch\/fr\/panissimo-news\/linitiative-sante-au-sein-des-cp-panvica-et-panvica-plus\/#primaryimage"},"image":{"@id":"https:\/\/swissbaker.ch\/fr\/panissimo-news\/linitiative-sante-au-sein-des-cp-panvica-et-panvica-plus\/#primaryimage"},"thumbnailUrl":"https:\/\/swissbaker.ch\/wp-content\/uploads\/2023\/12\/24_1_panvica_ohne_logo.jpg","datePublished":"2023-12-20T14:09:58+00:00","dateModified":"2023-12-21T15:33:48+00:00","breadcrumb":{"@id":"https:\/\/swissbaker.ch\/fr\/panissimo-news\/linitiative-sante-au-sein-des-cp-panvica-et-panvica-plus\/#breadcrumb"},"inLanguage":"fr-FR","potentialAction":[{"@type":"ReadAction","target":["https:\/\/swissbaker.ch\/fr\/panissimo-news\/linitiative-sante-au-sein-des-cp-panvica-et-panvica-plus\/"]}]},{"@type":"ImageObject","inLanguage":"fr-FR","@id":"https:\/\/swissbaker.ch\/fr\/panissimo-news\/linitiative-sante-au-sein-des-cp-panvica-et-panvica-plus\/#primaryimage","url":"https:\/\/swissbaker.ch\/wp-content\/uploads\/2023\/12\/24_1_panvica_ohne_logo.jpg","contentUrl":"https:\/\/swissbaker.ch\/wp-content\/uploads\/2023\/12\/24_1_panvica_ohne_logo.jpg","width":1200,"height":712},{"@type":"BreadcrumbList","@id":"https:\/\/swissbaker.ch\/fr\/panissimo-news\/linitiative-sante-au-sein-des-cp-panvica-et-panvica-plus\/#breadcrumb","itemListElement":[{"@type":"ListItem","position":1,"name":"","item":"https:\/\/swissbaker.ch\/fr\/"},{"@type":"ListItem","position":2,"name":"Association","item":"https:\/\/swissbaker.ch\/fr\/panissimo-news\/category\/association\/"},{"@type":"ListItem","position":3,"name":"L&#8217;initiative-sant\u00e9 au sein des CP Panvica et Panvica Plus"}]},{"@type":"WebSite","@id":"https:\/\/swissbaker.ch\/fr\/#website","url":"https:\/\/swissbaker.ch\/fr\/","name":"SBC","description":"","publisher":{"@id":"https:\/\/swissbaker.ch\/fr\/#organization"},"potentialAction":[{"@type":"SearchAction","target":{"@type":"EntryPoint","urlTemplate":"https:\/\/swissbaker.ch\/fr\/?s={search_term_string}"},"query-input":{"@type":"PropertyValueSpecification","valueRequired":true,"valueName":"search_term_string"}}],"inLanguage":"fr-FR"},{"@type":"Organization","@id":"https:\/\/swissbaker.ch\/fr\/#organization","name":"Schweizerischer B\u00e4cker-Confiseurmeister-Verband","url":"https:\/\/swissbaker.ch\/fr\/","logo":{"@type":"ImageObject","inLanguage":"fr-FR","@id":"https:\/\/swissbaker.ch\/fr\/#\/schema\/logo\/image\/","url":"https:\/\/swissbaker.ch\/wp-content\/uploads\/2022\/04\/sbc-logo-yoast.jpg","contentUrl":"https:\/\/swissbaker.ch\/wp-content\/uploads\/2022\/04\/sbc-logo-yoast.jpg","width":512,"height":512,"caption":"Schweizerischer B\u00e4cker-Confiseurmeister-Verband"},"image":{"@id":"https:\/\/swissbaker.ch\/fr\/#\/schema\/logo\/image\/"},"sameAs":["https:\/\/www.facebook.com\/swissbaker.ch","https:\/\/x.com\/ch_swissbaker"]},{"@type":"Person","@id":"https:\/\/swissbaker.ch\/fr\/#\/schema\/person\/74bd327b08c18ca6042c02ff6f0ed5e2","name":"Simon Nussbaum","image":{"@type":"ImageObject","inLanguage":"fr-FR","@id":"https:\/\/swissbaker.ch\/fr\/#\/schema\/person\/image\/","url":"https:\/\/secure.gravatar.com\/avatar\/df0eced3bb556c806cb760cf503ade1ed1df25b4104d80d6fd28d93a9509aa12?s=96&d=mm&r=g","contentUrl":"https:\/\/secure.gravatar.com\/avatar\/df0eced3bb556c806cb760cf503ade1ed1df25b4104d80d6fd28d93a9509aa12?s=96&d=mm&r=g","caption":"Simon Nussbaum"},"url":"https:\/\/swissbaker.ch\/fr\/panissimo-news\/author\/simon-nussbaum\/"}]}},"_links":{"self":[{"href":"https:\/\/swissbaker.ch\/fr\/wp-json\/wp\/v2\/posts\/73554","targetHints":{"allow":["GET"]}}],"collection":[{"href":"https:\/\/swissbaker.ch\/fr\/wp-json\/wp\/v2\/posts"}],"about":[{"href":"https:\/\/swissbaker.ch\/fr\/wp-json\/wp\/v2\/types\/post"}],"author":[{"embeddable":true,"href":"https:\/\/swissbaker.ch\/fr\/wp-json\/wp\/v2\/users\/5"}],"replies":[{"embeddable":true,"href":"https:\/\/swissbaker.ch\/fr\/wp-json\/wp\/v2\/comments?post=73554"}],"version-history":[{"count":0,"href":"https:\/\/swissbaker.ch\/fr\/wp-json\/wp\/v2\/posts\/73554\/revisions"}],"wp:featuredmedia":[{"embeddable":true,"href":"https:\/\/swissbaker.ch\/fr\/wp-json\/wp\/v2\/media\/73553"}],"wp:attachment":[{"href":"https:\/\/swissbaker.ch\/fr\/wp-json\/wp\/v2\/media?parent=73554"}],"wp:term":[{"taxonomy":"category","embeddable":true,"href":"https:\/\/swissbaker.ch\/fr\/wp-json\/wp\/v2\/categories?post=73554"},{"taxonomy":"post_tag","embeddable":true,"href":"https:\/\/swissbaker.ch\/fr\/wp-json\/wp\/v2\/tags?post=73554"}],"curies":[{"name":"wp","href":"https:\/\/api.w.org\/{rel}","templated":true}]}}