{"id":73430,"date":"2023-12-19T08:50:14","date_gmt":"2023-12-19T07:50:14","guid":{"rendered":"https:\/\/swissbaker.ch\/?p=73430"},"modified":"2023-12-19T09:08:02","modified_gmt":"2023-12-19T08:08:02","slug":"concours-de-ski-des-boulangers-confiseurs-a-ovronnaz","status":"publish","type":"post","link":"https:\/\/swissbaker.ch\/fr\/panissimo-news\/concours-de-ski-des-boulangers-confiseurs-a-ovronnaz\/","title":{"rendered":"Concours de Ski des boulangers-confiseurs \u00e0 Ovronnaz"},"content":{"rendered":"\n<p><strong>La station de ski valaisanne d&#8217;Ovronnaz accueillera la famille des boulangers-confiseurs et leurs amis le 29 janvier.<\/strong><\/p>\n\n\n\n<h3 class=\"wp-block-heading\" id=\"h-course\">Course <\/h3>\n\n\n\n<p>Slalom g\u00e9ant en 1 manche<\/p>\n\n\n\n<h3 class=\"wp-block-heading\" id=\"h-programme\">Programme<\/h3>\n\n\n\n<ul class=\"wp-block-list\">\n<li><strong>Dimanche 28 janvier d\u00e8s 18h30<\/strong><br> Ap\u00e9ritif + repas facultatif, \u00e0 charge de chaque participant, \u00e0 l\u2019H\u00f4tel des Bains d\u2019Ovronnaz.<br><\/li>\n\n\n\n<li><strong>Lundi 29 janvier d\u00e8s 08h00<br><\/strong>Accueil, caf\u00e9-croissants, prise des dossards au 1911 (Jackybar), Rte des Muverans, \u00e0 Ovronnaz<br><\/li>\n\n\n\n<li><strong>10h30<\/strong>: <br>D\u00e9part de la course<br><\/li>\n\n\n\n<li><strong>D\u00e8s 12h30<\/strong><br>Ap\u00e9ritif au Restaurant de Jorasse (au dessus du t\u00e9l\u00e9si\u00e8ge)<br><\/li>\n\n\n\n<li><strong>13h30<\/strong><br>Repas au Restaurant de Jorasse<\/li>\n<\/ul>\n\n\n\n<h3 class=\"wp-block-heading\" id=\"h-organisation\"><br>Organisation<\/h3>\n\n\n\n<p>Albert Michellod<\/p>\n\n\n\n<h3 class=\"wp-block-heading\" id=\"h-finances\">Finances<\/h3>\n\n\n\n<ul class=\"wp-block-list\">\n<li>Forfait comprenant la course, l\u2019abonnement de ski, l\u2019ap\u00e9ro et le repas : CHF 120.-<\/li>\n\n\n\n<li>Forfait pour les non-skieurs et skieurs en possession du Magic Pass : CHF 90.-<\/li>\n<\/ul>\n\n\n\n<h3 class=\"wp-block-heading\" id=\"h-assurance\">Assurance <\/h3>\n\n\n\n<ul class=\"wp-block-list\">\n<li>Les organisateurs d\u00e9clinent toute responsabilit\u00e9 en cas d\u2019accident, vol, etc.<\/li>\n<\/ul>\n\n\n\n<h3 class=\"wp-block-heading\" id=\"h-hebergement\">H\u00e9bergement <\/h3>\n\n\n\n<p>H\u00f4tel des Bains d\u2019Ovronnaz (<a href=\"http:\/\/www.bains-ovronnaz.ch\" target=\"_blank\" rel=\"noreferrer noopener\">www.bains-ovronnaz.ch<\/a>), r\u00e9servation par mail \u00e0 info@bains-ovronnaz.ch ou par tel. 027 305 11 11) en pr\u00e9cisant que vous participez \u00e0 la journ\u00e9e \u00ab Concours de ski des boulangers \u00bb pour obtenir un rabais de 15% sur la chambre.<\/p>\n\n\n\n<h3 class=\"wp-block-heading\" id=\"h-inscription\">Inscription<\/h3>\n\n\n\n<div class=\"wp-block-file\"><a id=\"wp-block-file--media-1c036d7a-7d72-4345-b097-ca3d930812aa\" href=\"https:\/\/swissbaker.ch\/wp-content\/uploads\/2023\/12\/talon_dinscription_concours_de_ski_2024_f.pdf\"><strong>Talon_d&#8217;inscription_concours_de_ski_2024<\/strong><\/a><a href=\"https:\/\/swissbaker.ch\/wp-content\/uploads\/2023\/12\/talon_dinscription_concours_de_ski_2024_f.pdf\" class=\"wp-block-file__button wp-element-button\" download aria-describedby=\"wp-block-file--media-1c036d7a-7d72-4345-b097-ca3d930812aa\">Herunterladen<\/a><\/div>\n","protected":false},"excerpt":{"rendered":"<p>La station de ski valaisanne d&#8217;Ovronnaz accueillera la famille des boulangers-confiseurs et leurs amis le 29 janvier.<\/p>\n","protected":false},"author":5,"featured_media":54423,"comment_status":"closed","ping_status":"closed","sticky":true,"template":"","format":"standard","meta":{"_acf_changed":false,"footnotes":""},"categories":[40,46],"tags":[],"class_list":["post-73430","post","type-post","status-publish","format-standard","has-post-thumbnail","hentry","category-des-cantons","category-evenement"],"acf":[],"yoast_head":"<!-- This site is optimized with the Yoast SEO Premium plugin v26.8 (Yoast SEO v26.8) - https:\/\/yoast.com\/product\/yoast-seo-premium-wordpress\/ -->\n<title>Concours de Ski des boulangers-confiseurs \u00e0 Ovronnaz | SBC<\/title>\n<meta name=\"robots\" content=\"index, follow, max-snippet:-1, max-image-preview:large, max-video-preview:-1\" \/>\n<link rel=\"canonical\" href=\"https:\/\/swissbaker.ch\/fr\/panissimo-news\/concours-de-ski-des-boulangers-confiseurs-a-ovronnaz\/\" \/>\n<meta property=\"og:locale\" content=\"fr_FR\" \/>\n<meta property=\"og:type\" content=\"article\" \/>\n<meta property=\"og:title\" content=\"Concours de Ski des boulangers-confiseurs \u00e0 Ovronnaz\" \/>\n<meta property=\"og:description\" content=\"La station de ski valaisanne d&#039;Ovronnaz accueillera la famille des boulangers-confiseurs et leurs amis le 29 janvier.\" \/>\n<meta property=\"og:url\" content=\"https:\/\/swissbaker.ch\/fr\/panissimo-news\/concours-de-ski-des-boulangers-confiseurs-a-ovronnaz\/\" \/>\n<meta property=\"og:site_name\" content=\"SBC\" \/>\n<meta property=\"article:publisher\" content=\"https:\/\/www.facebook.com\/swissbaker.ch\" \/>\n<meta property=\"article:published_time\" content=\"2023-12-19T07:50:14+00:00\" \/>\n<meta property=\"article:modified_time\" content=\"2023-12-19T08:08:02+00:00\" \/>\n<meta property=\"og:image\" content=\"https:\/\/swissbaker.ch\/wp-content\/uploads\/2022\/12\/24_baeckerskirennen.jpg\" \/>\n\t<meta property=\"og:image:width\" content=\"1200\" \/>\n\t<meta property=\"og:image:height\" content=\"712\" \/>\n\t<meta property=\"og:image:type\" content=\"image\/jpeg\" \/>\n<meta name=\"author\" content=\"Simon Nussbaum\" \/>\n<meta name=\"twitter:card\" content=\"summary_large_image\" \/>\n<meta name=\"twitter:creator\" content=\"@ch_swissbaker\" \/>\n<meta name=\"twitter:site\" content=\"@ch_swissbaker\" \/>\n<meta name=\"twitter:label1\" content=\"Written by\" \/>\n\t<meta name=\"twitter:data1\" content=\"Simon Nussbaum\" \/>\n\t<meta name=\"twitter:label2\" content=\"Est. reading time\" \/>\n\t<meta name=\"twitter:data2\" content=\"1 minute\" \/>\n<script type=\"application\/ld+json\" class=\"yoast-schema-graph\">{\"@context\":\"https:\/\/schema.org\",\"@graph\":[{\"@type\":\"Article\",\"@id\":\"https:\/\/swissbaker.ch\/fr\/panissimo-news\/concours-de-ski-des-boulangers-confiseurs-a-ovronnaz\/#article\",\"isPartOf\":{\"@id\":\"https:\/\/swissbaker.ch\/fr\/panissimo-news\/concours-de-ski-des-boulangers-confiseurs-a-ovronnaz\/\"},\"author\":{\"name\":\"Simon Nussbaum\",\"@id\":\"https:\/\/swissbaker.ch\/fr\/#\/schema\/person\/74bd327b08c18ca6042c02ff6f0ed5e2\"},\"headline\":\"Concours de Ski des boulangers-confiseurs \u00e0 Ovronnaz\",\"datePublished\":\"2023-12-19T07:50:14+00:00\",\"dateModified\":\"2023-12-19T08:08:02+00:00\",\"mainEntityOfPage\":{\"@id\":\"https:\/\/swissbaker.ch\/fr\/panissimo-news\/concours-de-ski-des-boulangers-confiseurs-a-ovronnaz\/\"},\"wordCount\":192,\"publisher\":{\"@id\":\"https:\/\/swissbaker.ch\/fr\/#organization\"},\"image\":{\"@id\":\"https:\/\/swissbaker.ch\/fr\/panissimo-news\/concours-de-ski-des-boulangers-confiseurs-a-ovronnaz\/#primaryimage\"},\"thumbnailUrl\":\"https:\/\/swissbaker.ch\/wp-content\/uploads\/2022\/12\/24_baeckerskirennen.jpg\",\"articleSection\":[\"Des cantons\",\"Ev\u00e9nement\"],\"inLanguage\":\"fr-FR\"},{\"@type\":\"WebPage\",\"@id\":\"https:\/\/swissbaker.ch\/fr\/panissimo-news\/concours-de-ski-des-boulangers-confiseurs-a-ovronnaz\/\",\"url\":\"https:\/\/swissbaker.ch\/fr\/panissimo-news\/concours-de-ski-des-boulangers-confiseurs-a-ovronnaz\/\",\"name\":\"Concours de Ski des boulangers-confiseurs \u00e0 Ovronnaz | SBC\",\"isPartOf\":{\"@id\":\"https:\/\/swissbaker.ch\/fr\/#website\"},\"primaryImageOfPage\":{\"@id\":\"https:\/\/swissbaker.ch\/fr\/panissimo-news\/concours-de-ski-des-boulangers-confiseurs-a-ovronnaz\/#primaryimage\"},\"image\":{\"@id\":\"https:\/\/swissbaker.ch\/fr\/panissimo-news\/concours-de-ski-des-boulangers-confiseurs-a-ovronnaz\/#primaryimage\"},\"thumbnailUrl\":\"https:\/\/swissbaker.ch\/wp-content\/uploads\/2022\/12\/24_baeckerskirennen.jpg\",\"datePublished\":\"2023-12-19T07:50:14+00:00\",\"dateModified\":\"2023-12-19T08:08:02+00:00\",\"breadcrumb\":{\"@id\":\"https:\/\/swissbaker.ch\/fr\/panissimo-news\/concours-de-ski-des-boulangers-confiseurs-a-ovronnaz\/#breadcrumb\"},\"inLanguage\":\"fr-FR\",\"potentialAction\":[{\"@type\":\"ReadAction\",\"target\":[\"https:\/\/swissbaker.ch\/fr\/panissimo-news\/concours-de-ski-des-boulangers-confiseurs-a-ovronnaz\/\"]}]},{\"@type\":\"ImageObject\",\"inLanguage\":\"fr-FR\",\"@id\":\"https:\/\/swissbaker.ch\/fr\/panissimo-news\/concours-de-ski-des-boulangers-confiseurs-a-ovronnaz\/#primaryimage\",\"url\":\"https:\/\/swissbaker.ch\/wp-content\/uploads\/2022\/12\/24_baeckerskirennen.jpg\",\"contentUrl\":\"https:\/\/swissbaker.ch\/wp-content\/uploads\/2022\/12\/24_baeckerskirennen.jpg\",\"width\":1200,\"height\":712},{\"@type\":\"BreadcrumbList\",\"@id\":\"https:\/\/swissbaker.ch\/fr\/panissimo-news\/concours-de-ski-des-boulangers-confiseurs-a-ovronnaz\/#breadcrumb\",\"itemListElement\":[{\"@type\":\"ListItem\",\"position\":1,\"name\":\"\",\"item\":\"https:\/\/swissbaker.ch\/fr\/\"},{\"@type\":\"ListItem\",\"position\":2,\"name\":\"Ev\u00e9nement\",\"item\":\"https:\/\/swissbaker.ch\/fr\/panissimo-news\/category\/evenement\/\"},{\"@type\":\"ListItem\",\"position\":3,\"name\":\"Concours de Ski des boulangers-confiseurs \u00e0 Ovronnaz\"}]},{\"@type\":\"WebSite\",\"@id\":\"https:\/\/swissbaker.ch\/fr\/#website\",\"url\":\"https:\/\/swissbaker.ch\/fr\/\",\"name\":\"SBC\",\"description\":\"\",\"publisher\":{\"@id\":\"https:\/\/swissbaker.ch\/fr\/#organization\"},\"potentialAction\":[{\"@type\":\"SearchAction\",\"target\":{\"@type\":\"EntryPoint\",\"urlTemplate\":\"https:\/\/swissbaker.ch\/fr\/?s={search_term_string}\"},\"query-input\":{\"@type\":\"PropertyValueSpecification\",\"valueRequired\":true,\"valueName\":\"search_term_string\"}}],\"inLanguage\":\"fr-FR\"},{\"@type\":\"Organization\",\"@id\":\"https:\/\/swissbaker.ch\/fr\/#organization\",\"name\":\"Schweizerischer B\u00e4cker-Confiseurmeister-Verband\",\"url\":\"https:\/\/swissbaker.ch\/fr\/\",\"logo\":{\"@type\":\"ImageObject\",\"inLanguage\":\"fr-FR\",\"@id\":\"https:\/\/swissbaker.ch\/fr\/#\/schema\/logo\/image\/\",\"url\":\"https:\/\/swissbaker.ch\/wp-content\/uploads\/2022\/04\/sbc-logo-yoast.jpg\",\"contentUrl\":\"https:\/\/swissbaker.ch\/wp-content\/uploads\/2022\/04\/sbc-logo-yoast.jpg\",\"width\":512,\"height\":512,\"caption\":\"Schweizerischer B\u00e4cker-Confiseurmeister-Verband\"},\"image\":{\"@id\":\"https:\/\/swissbaker.ch\/fr\/#\/schema\/logo\/image\/\"},\"sameAs\":[\"https:\/\/www.facebook.com\/swissbaker.ch\",\"https:\/\/x.com\/ch_swissbaker\"]},{\"@type\":\"Person\",\"@id\":\"https:\/\/swissbaker.ch\/fr\/#\/schema\/person\/74bd327b08c18ca6042c02ff6f0ed5e2\",\"name\":\"Simon Nussbaum\",\"image\":{\"@type\":\"ImageObject\",\"inLanguage\":\"fr-FR\",\"@id\":\"https:\/\/swissbaker.ch\/fr\/#\/schema\/person\/image\/\",\"url\":\"https:\/\/secure.gravatar.com\/avatar\/df0eced3bb556c806cb760cf503ade1ed1df25b4104d80d6fd28d93a9509aa12?s=96&d=mm&r=g\",\"contentUrl\":\"https:\/\/secure.gravatar.com\/avatar\/df0eced3bb556c806cb760cf503ade1ed1df25b4104d80d6fd28d93a9509aa12?s=96&d=mm&r=g\",\"caption\":\"Simon Nussbaum\"},\"url\":\"https:\/\/swissbaker.ch\/fr\/panissimo-news\/author\/simon-nussbaum\/\"}]}<\/script>\n<!-- \/ Yoast SEO Premium plugin. -->","yoast_head_json":{"title":"Concours de Ski des boulangers-confiseurs \u00e0 Ovronnaz | SBC","robots":{"index":"index","follow":"follow","max-snippet":"max-snippet:-1","max-image-preview":"max-image-preview:large","max-video-preview":"max-video-preview:-1"},"canonical":"https:\/\/swissbaker.ch\/fr\/panissimo-news\/concours-de-ski-des-boulangers-confiseurs-a-ovronnaz\/","og_locale":"fr_FR","og_type":"article","og_title":"Concours de Ski des boulangers-confiseurs \u00e0 Ovronnaz","og_description":"La station de ski valaisanne d'Ovronnaz accueillera la famille des boulangers-confiseurs et leurs amis le 29 janvier.","og_url":"https:\/\/swissbaker.ch\/fr\/panissimo-news\/concours-de-ski-des-boulangers-confiseurs-a-ovronnaz\/","og_site_name":"SBC","article_publisher":"https:\/\/www.facebook.com\/swissbaker.ch","article_published_time":"2023-12-19T07:50:14+00:00","article_modified_time":"2023-12-19T08:08:02+00:00","og_image":[{"width":1200,"height":712,"url":"https:\/\/swissbaker.ch\/wp-content\/uploads\/2022\/12\/24_baeckerskirennen.jpg","type":"image\/jpeg"}],"author":"Simon Nussbaum","twitter_card":"summary_large_image","twitter_creator":"@ch_swissbaker","twitter_site":"@ch_swissbaker","twitter_misc":{"Written by":"Simon Nussbaum","Est. reading time":"1 minute"},"schema":{"@context":"https:\/\/schema.org","@graph":[{"@type":"Article","@id":"https:\/\/swissbaker.ch\/fr\/panissimo-news\/concours-de-ski-des-boulangers-confiseurs-a-ovronnaz\/#article","isPartOf":{"@id":"https:\/\/swissbaker.ch\/fr\/panissimo-news\/concours-de-ski-des-boulangers-confiseurs-a-ovronnaz\/"},"author":{"name":"Simon Nussbaum","@id":"https:\/\/swissbaker.ch\/fr\/#\/schema\/person\/74bd327b08c18ca6042c02ff6f0ed5e2"},"headline":"Concours de Ski des boulangers-confiseurs \u00e0 Ovronnaz","datePublished":"2023-12-19T07:50:14+00:00","dateModified":"2023-12-19T08:08:02+00:00","mainEntityOfPage":{"@id":"https:\/\/swissbaker.ch\/fr\/panissimo-news\/concours-de-ski-des-boulangers-confiseurs-a-ovronnaz\/"},"wordCount":192,"publisher":{"@id":"https:\/\/swissbaker.ch\/fr\/#organization"},"image":{"@id":"https:\/\/swissbaker.ch\/fr\/panissimo-news\/concours-de-ski-des-boulangers-confiseurs-a-ovronnaz\/#primaryimage"},"thumbnailUrl":"https:\/\/swissbaker.ch\/wp-content\/uploads\/2022\/12\/24_baeckerskirennen.jpg","articleSection":["Des cantons","Ev\u00e9nement"],"inLanguage":"fr-FR"},{"@type":"WebPage","@id":"https:\/\/swissbaker.ch\/fr\/panissimo-news\/concours-de-ski-des-boulangers-confiseurs-a-ovronnaz\/","url":"https:\/\/swissbaker.ch\/fr\/panissimo-news\/concours-de-ski-des-boulangers-confiseurs-a-ovronnaz\/","name":"Concours de Ski des boulangers-confiseurs \u00e0 Ovronnaz | SBC","isPartOf":{"@id":"https:\/\/swissbaker.ch\/fr\/#website"},"primaryImageOfPage":{"@id":"https:\/\/swissbaker.ch\/fr\/panissimo-news\/concours-de-ski-des-boulangers-confiseurs-a-ovronnaz\/#primaryimage"},"image":{"@id":"https:\/\/swissbaker.ch\/fr\/panissimo-news\/concours-de-ski-des-boulangers-confiseurs-a-ovronnaz\/#primaryimage"},"thumbnailUrl":"https:\/\/swissbaker.ch\/wp-content\/uploads\/2022\/12\/24_baeckerskirennen.jpg","datePublished":"2023-12-19T07:50:14+00:00","dateModified":"2023-12-19T08:08:02+00:00","breadcrumb":{"@id":"https:\/\/swissbaker.ch\/fr\/panissimo-news\/concours-de-ski-des-boulangers-confiseurs-a-ovronnaz\/#breadcrumb"},"inLanguage":"fr-FR","potentialAction":[{"@type":"ReadAction","target":["https:\/\/swissbaker.ch\/fr\/panissimo-news\/concours-de-ski-des-boulangers-confiseurs-a-ovronnaz\/"]}]},{"@type":"ImageObject","inLanguage":"fr-FR","@id":"https:\/\/swissbaker.ch\/fr\/panissimo-news\/concours-de-ski-des-boulangers-confiseurs-a-ovronnaz\/#primaryimage","url":"https:\/\/swissbaker.ch\/wp-content\/uploads\/2022\/12\/24_baeckerskirennen.jpg","contentUrl":"https:\/\/swissbaker.ch\/wp-content\/uploads\/2022\/12\/24_baeckerskirennen.jpg","width":1200,"height":712},{"@type":"BreadcrumbList","@id":"https:\/\/swissbaker.ch\/fr\/panissimo-news\/concours-de-ski-des-boulangers-confiseurs-a-ovronnaz\/#breadcrumb","itemListElement":[{"@type":"ListItem","position":1,"name":"","item":"https:\/\/swissbaker.ch\/fr\/"},{"@type":"ListItem","position":2,"name":"Ev\u00e9nement","item":"https:\/\/swissbaker.ch\/fr\/panissimo-news\/category\/evenement\/"},{"@type":"ListItem","position":3,"name":"Concours de Ski des boulangers-confiseurs \u00e0 Ovronnaz"}]},{"@type":"WebSite","@id":"https:\/\/swissbaker.ch\/fr\/#website","url":"https:\/\/swissbaker.ch\/fr\/","name":"SBC","description":"","publisher":{"@id":"https:\/\/swissbaker.ch\/fr\/#organization"},"potentialAction":[{"@type":"SearchAction","target":{"@type":"EntryPoint","urlTemplate":"https:\/\/swissbaker.ch\/fr\/?s={search_term_string}"},"query-input":{"@type":"PropertyValueSpecification","valueRequired":true,"valueName":"search_term_string"}}],"inLanguage":"fr-FR"},{"@type":"Organization","@id":"https:\/\/swissbaker.ch\/fr\/#organization","name":"Schweizerischer B\u00e4cker-Confiseurmeister-Verband","url":"https:\/\/swissbaker.ch\/fr\/","logo":{"@type":"ImageObject","inLanguage":"fr-FR","@id":"https:\/\/swissbaker.ch\/fr\/#\/schema\/logo\/image\/","url":"https:\/\/swissbaker.ch\/wp-content\/uploads\/2022\/04\/sbc-logo-yoast.jpg","contentUrl":"https:\/\/swissbaker.ch\/wp-content\/uploads\/2022\/04\/sbc-logo-yoast.jpg","width":512,"height":512,"caption":"Schweizerischer B\u00e4cker-Confiseurmeister-Verband"},"image":{"@id":"https:\/\/swissbaker.ch\/fr\/#\/schema\/logo\/image\/"},"sameAs":["https:\/\/www.facebook.com\/swissbaker.ch","https:\/\/x.com\/ch_swissbaker"]},{"@type":"Person","@id":"https:\/\/swissbaker.ch\/fr\/#\/schema\/person\/74bd327b08c18ca6042c02ff6f0ed5e2","name":"Simon Nussbaum","image":{"@type":"ImageObject","inLanguage":"fr-FR","@id":"https:\/\/swissbaker.ch\/fr\/#\/schema\/person\/image\/","url":"https:\/\/secure.gravatar.com\/avatar\/df0eced3bb556c806cb760cf503ade1ed1df25b4104d80d6fd28d93a9509aa12?s=96&d=mm&r=g","contentUrl":"https:\/\/secure.gravatar.com\/avatar\/df0eced3bb556c806cb760cf503ade1ed1df25b4104d80d6fd28d93a9509aa12?s=96&d=mm&r=g","caption":"Simon Nussbaum"},"url":"https:\/\/swissbaker.ch\/fr\/panissimo-news\/author\/simon-nussbaum\/"}]}},"_links":{"self":[{"href":"https:\/\/swissbaker.ch\/fr\/wp-json\/wp\/v2\/posts\/73430","targetHints":{"allow":["GET"]}}],"collection":[{"href":"https:\/\/swissbaker.ch\/fr\/wp-json\/wp\/v2\/posts"}],"about":[{"href":"https:\/\/swissbaker.ch\/fr\/wp-json\/wp\/v2\/types\/post"}],"author":[{"embeddable":true,"href":"https:\/\/swissbaker.ch\/fr\/wp-json\/wp\/v2\/users\/5"}],"replies":[{"embeddable":true,"href":"https:\/\/swissbaker.ch\/fr\/wp-json\/wp\/v2\/comments?post=73430"}],"version-history":[{"count":0,"href":"https:\/\/swissbaker.ch\/fr\/wp-json\/wp\/v2\/posts\/73430\/revisions"}],"wp:featuredmedia":[{"embeddable":true,"href":"https:\/\/swissbaker.ch\/fr\/wp-json\/wp\/v2\/media\/54423"}],"wp:attachment":[{"href":"https:\/\/swissbaker.ch\/fr\/wp-json\/wp\/v2\/media?parent=73430"}],"wp:term":[{"taxonomy":"category","embeddable":true,"href":"https:\/\/swissbaker.ch\/fr\/wp-json\/wp\/v2\/categories?post=73430"},{"taxonomy":"post_tag","embeddable":true,"href":"https:\/\/swissbaker.ch\/fr\/wp-json\/wp\/v2\/tags?post=73430"}],"curies":[{"name":"wp","href":"https:\/\/api.w.org\/{rel}","templated":true}]}}