{"id":73340,"date":"2023-12-13T15:31:35","date_gmt":"2023-12-13T14:31:35","guid":{"rendered":"https:\/\/swissbaker.ch\/?p=73340"},"modified":"2023-12-13T15:33:54","modified_gmt":"2023-12-13T14:33:54","slug":"femmes-je-vous-aime-et-nous-vous-aimons","status":"publish","type":"post","link":"https:\/\/swissbaker.ch\/fr\/panissimo-news\/femmes-je-vous-aime-et-nous-vous-aimons\/","title":{"rendered":"Femmes je vous aime et nous vous aimons\u2009!"},"content":{"rendered":"\n<p><strong>Que serait ce monde sans vous\u2009? La question m\u00e9rite un d\u00e9tour, pour ne pas dire un chapitre entier \u00e0 vous consacrer. L\u2019image de la femme trop souvent \u00e9corn\u00e9e et sa vision parfois tronqu\u00e9e ne sont pas la meilleure des repr\u00e9sentations. Je vais donc vous mettre au centre, celui que vous m\u00e9ritez.<\/strong><\/p>\n\n\n\n<p>Vous \u00eates les m\u00e8res, les \u00e9pouses, les compagnes et les partenaires \u00e0 part enti\u00e8re de nos artisans et le bien le plus pr\u00e9cieux \u00e0 d\u00e9poser dans le plus bel \u00e9crin de nos vies.<\/p>\n\n\n\n<p>Dans nos commerces, vous \u00eates multir\u00f4les et \u00e0 classer comme des moteurs, des souffles d\u2019inspiration, des gardiennes des lignes qui \u00e9vitent les d\u00e9rapages. Vous \u00eates aussi les sourires et les comp\u00e9tences de la vente et de l\u2019administratif qui font que la machine tourne.<\/p>\n\n\n\n<p>Dans le cadre de la formation, vous vous engagez fortement \u00e0 travers vos comp\u00e9tences pour la r\u00e9ussite des divers apprenties et apprentis de la vente et de la fabrication. En parlant de formation, nous voyons avec bonheur et plaisir arriver des jeunes filles dans nos laboratoires pour apprendre le m\u00e9tier de boulanger-p\u00e2tissier, p\u00e2tissier confiseur et chocolatier. A travers cela le m\u00e9tier se f\u00e9minise aussi et donne des esp\u00e9rances pour r\u00e9pondre aux d\u00e9fis du futur d\u2019une rel\u00e8ve de qualit\u00e9 et pour mettre \u00e0 la cl\u00e9 sur la port\u00e9e des valeurs des personnes pour la reprise des commerces.<\/p>\n\n\n\n<p>Nous devons tous les jours vous honorer et vous porter le plus grand des respects et vous donner la place qui est la v\u00f4tre. Et qui dit place, elle n\u2019est pas que dans le travail mais dans la vie de tous les jours et osons le dire haut et fort, Femmes nous vous aimons, ceci doit \u00eatre dit.<\/p>\n\n\n\n<p class=\"has-text-align-right\"><em>Bernard Pignat, <\/em><br><em>Chevalier d\u2019honneur de la Confr\u00e9rie valaisanne des chevaliers du bon pain<\/em><\/p>\n","protected":false},"excerpt":{"rendered":"<p>Que serait ce monde sans vous\u2009? La question m\u00e9rite un d\u00e9tour, pour ne pas dire un chapitre entier \u00e0 vous consacrer. L\u2019image de la femme trop souvent \u00e9corn\u00e9e et sa vision parfois tronqu\u00e9e ne sont pas la meilleure des repr\u00e9sentations. Je vais donc vous mettre au centre, celui que vous m\u00e9ritez. Vous \u00eates les m\u00e8res, les \u00e9pouses, les compagnes et [&hellip;]<\/p>\n","protected":false},"author":5,"featured_media":7332,"comment_status":"closed","ping_status":"closed","sticky":false,"template":"","format":"standard","meta":{"_acf_changed":false,"footnotes":""},"categories":[39],"tags":[],"class_list":["post-73340","post","type-post","status-publish","format-standard","has-post-thumbnail","hentry","category-de-la-branche"],"acf":[],"yoast_head":"<!-- This site is optimized with the Yoast SEO Premium plugin v26.8 (Yoast SEO v26.8) - https:\/\/yoast.com\/product\/yoast-seo-premium-wordpress\/ -->\n<title>Femmes je vous aime et nous vous aimons\u2009! | SBC<\/title>\n<meta name=\"robots\" content=\"index, follow, max-snippet:-1, max-image-preview:large, max-video-preview:-1\" \/>\n<link rel=\"canonical\" href=\"https:\/\/swissbaker.ch\/fr\/panissimo-news\/femmes-je-vous-aime-et-nous-vous-aimons\/\" \/>\n<meta property=\"og:locale\" content=\"fr_FR\" \/>\n<meta property=\"og:type\" content=\"article\" \/>\n<meta property=\"og:title\" content=\"Femmes je vous aime et nous vous aimons\u2009!\" \/>\n<meta property=\"og:description\" content=\"Que serait ce monde sans vous\u2009? La question m\u00e9rite un d\u00e9tour, pour ne pas dire un chapitre entier \u00e0 vous consacrer. L\u2019image de la femme trop souvent \u00e9corn\u00e9e et sa vision parfois tronqu\u00e9e ne sont pas la meilleure des repr\u00e9sentations. Je vais donc vous mettre au centre, celui que vous m\u00e9ritez. Vous \u00eates les m\u00e8res, les \u00e9pouses, les compagnes et [&hellip;]\" \/>\n<meta property=\"og:url\" content=\"https:\/\/swissbaker.ch\/fr\/panissimo-news\/femmes-je-vous-aime-et-nous-vous-aimons\/\" \/>\n<meta property=\"og:site_name\" content=\"SBC\" \/>\n<meta property=\"article:publisher\" content=\"https:\/\/www.facebook.com\/swissbaker.ch\" \/>\n<meta property=\"article:published_time\" content=\"2023-12-13T14:31:35+00:00\" \/>\n<meta property=\"article:modified_time\" content=\"2023-12-13T14:33:54+00:00\" \/>\n<meta property=\"og:image\" content=\"https:\/\/swissbaker.ch\/wp-content\/uploads\/2022\/04\/le_chevalier-1.jpeg\" \/>\n\t<meta property=\"og:image:width\" content=\"800\" \/>\n\t<meta property=\"og:image:height\" content=\"474\" \/>\n\t<meta property=\"og:image:type\" content=\"image\/jpeg\" \/>\n<meta name=\"author\" content=\"Simon Nussbaum\" \/>\n<meta name=\"twitter:card\" content=\"summary_large_image\" \/>\n<meta name=\"twitter:creator\" content=\"@ch_swissbaker\" \/>\n<meta name=\"twitter:site\" content=\"@ch_swissbaker\" \/>\n<meta name=\"twitter:label1\" content=\"Written by\" \/>\n\t<meta name=\"twitter:data1\" content=\"Simon Nussbaum\" \/>\n\t<meta name=\"twitter:label2\" content=\"Est. reading time\" \/>\n\t<meta name=\"twitter:data2\" content=\"2 minutes\" \/>\n<script type=\"application\/ld+json\" class=\"yoast-schema-graph\">{\"@context\":\"https:\/\/schema.org\",\"@graph\":[{\"@type\":\"Article\",\"@id\":\"https:\/\/swissbaker.ch\/fr\/panissimo-news\/femmes-je-vous-aime-et-nous-vous-aimons\/#article\",\"isPartOf\":{\"@id\":\"https:\/\/swissbaker.ch\/fr\/panissimo-news\/femmes-je-vous-aime-et-nous-vous-aimons\/\"},\"author\":{\"name\":\"Simon Nussbaum\",\"@id\":\"https:\/\/swissbaker.ch\/fr\/#\/schema\/person\/74bd327b08c18ca6042c02ff6f0ed5e2\"},\"headline\":\"Femmes je vous aime et nous vous aimons\u2009!\",\"datePublished\":\"2023-12-13T14:31:35+00:00\",\"dateModified\":\"2023-12-13T14:33:54+00:00\",\"mainEntityOfPage\":{\"@id\":\"https:\/\/swissbaker.ch\/fr\/panissimo-news\/femmes-je-vous-aime-et-nous-vous-aimons\/\"},\"wordCount\":329,\"publisher\":{\"@id\":\"https:\/\/swissbaker.ch\/fr\/#organization\"},\"image\":{\"@id\":\"https:\/\/swissbaker.ch\/fr\/panissimo-news\/femmes-je-vous-aime-et-nous-vous-aimons\/#primaryimage\"},\"thumbnailUrl\":\"https:\/\/swissbaker.ch\/wp-content\/uploads\/2022\/04\/le_chevalier-1.jpeg\",\"articleSection\":[\"De la branche\"],\"inLanguage\":\"fr-FR\"},{\"@type\":\"WebPage\",\"@id\":\"https:\/\/swissbaker.ch\/fr\/panissimo-news\/femmes-je-vous-aime-et-nous-vous-aimons\/\",\"url\":\"https:\/\/swissbaker.ch\/fr\/panissimo-news\/femmes-je-vous-aime-et-nous-vous-aimons\/\",\"name\":\"Femmes je vous aime et nous vous aimons\u2009! | SBC\",\"isPartOf\":{\"@id\":\"https:\/\/swissbaker.ch\/fr\/#website\"},\"primaryImageOfPage\":{\"@id\":\"https:\/\/swissbaker.ch\/fr\/panissimo-news\/femmes-je-vous-aime-et-nous-vous-aimons\/#primaryimage\"},\"image\":{\"@id\":\"https:\/\/swissbaker.ch\/fr\/panissimo-news\/femmes-je-vous-aime-et-nous-vous-aimons\/#primaryimage\"},\"thumbnailUrl\":\"https:\/\/swissbaker.ch\/wp-content\/uploads\/2022\/04\/le_chevalier-1.jpeg\",\"datePublished\":\"2023-12-13T14:31:35+00:00\",\"dateModified\":\"2023-12-13T14:33:54+00:00\",\"breadcrumb\":{\"@id\":\"https:\/\/swissbaker.ch\/fr\/panissimo-news\/femmes-je-vous-aime-et-nous-vous-aimons\/#breadcrumb\"},\"inLanguage\":\"fr-FR\",\"potentialAction\":[{\"@type\":\"ReadAction\",\"target\":[\"https:\/\/swissbaker.ch\/fr\/panissimo-news\/femmes-je-vous-aime-et-nous-vous-aimons\/\"]}]},{\"@type\":\"ImageObject\",\"inLanguage\":\"fr-FR\",\"@id\":\"https:\/\/swissbaker.ch\/fr\/panissimo-news\/femmes-je-vous-aime-et-nous-vous-aimons\/#primaryimage\",\"url\":\"https:\/\/swissbaker.ch\/wp-content\/uploads\/2022\/04\/le_chevalier-1.jpeg\",\"contentUrl\":\"https:\/\/swissbaker.ch\/wp-content\/uploads\/2022\/04\/le_chevalier-1.jpeg\",\"width\":800,\"height\":474,\"caption\":\"Manipulations ou influences?\"},{\"@type\":\"BreadcrumbList\",\"@id\":\"https:\/\/swissbaker.ch\/fr\/panissimo-news\/femmes-je-vous-aime-et-nous-vous-aimons\/#breadcrumb\",\"itemListElement\":[{\"@type\":\"ListItem\",\"position\":1,\"name\":\"\",\"item\":\"https:\/\/swissbaker.ch\/fr\/\"},{\"@type\":\"ListItem\",\"position\":2,\"name\":\"De la branche\",\"item\":\"https:\/\/swissbaker.ch\/fr\/panissimo-news\/category\/de-la-branche\/\"},{\"@type\":\"ListItem\",\"position\":3,\"name\":\"Femmes je vous aime et nous vous aimons\u2009!\"}]},{\"@type\":\"WebSite\",\"@id\":\"https:\/\/swissbaker.ch\/fr\/#website\",\"url\":\"https:\/\/swissbaker.ch\/fr\/\",\"name\":\"SBC\",\"description\":\"\",\"publisher\":{\"@id\":\"https:\/\/swissbaker.ch\/fr\/#organization\"},\"potentialAction\":[{\"@type\":\"SearchAction\",\"target\":{\"@type\":\"EntryPoint\",\"urlTemplate\":\"https:\/\/swissbaker.ch\/fr\/?s={search_term_string}\"},\"query-input\":{\"@type\":\"PropertyValueSpecification\",\"valueRequired\":true,\"valueName\":\"search_term_string\"}}],\"inLanguage\":\"fr-FR\"},{\"@type\":\"Organization\",\"@id\":\"https:\/\/swissbaker.ch\/fr\/#organization\",\"name\":\"Schweizerischer B\u00e4cker-Confiseurmeister-Verband\",\"url\":\"https:\/\/swissbaker.ch\/fr\/\",\"logo\":{\"@type\":\"ImageObject\",\"inLanguage\":\"fr-FR\",\"@id\":\"https:\/\/swissbaker.ch\/fr\/#\/schema\/logo\/image\/\",\"url\":\"https:\/\/swissbaker.ch\/wp-content\/uploads\/2022\/04\/sbc-logo-yoast.jpg\",\"contentUrl\":\"https:\/\/swissbaker.ch\/wp-content\/uploads\/2022\/04\/sbc-logo-yoast.jpg\",\"width\":512,\"height\":512,\"caption\":\"Schweizerischer B\u00e4cker-Confiseurmeister-Verband\"},\"image\":{\"@id\":\"https:\/\/swissbaker.ch\/fr\/#\/schema\/logo\/image\/\"},\"sameAs\":[\"https:\/\/www.facebook.com\/swissbaker.ch\",\"https:\/\/x.com\/ch_swissbaker\"]},{\"@type\":\"Person\",\"@id\":\"https:\/\/swissbaker.ch\/fr\/#\/schema\/person\/74bd327b08c18ca6042c02ff6f0ed5e2\",\"name\":\"Simon Nussbaum\",\"image\":{\"@type\":\"ImageObject\",\"inLanguage\":\"fr-FR\",\"@id\":\"https:\/\/swissbaker.ch\/fr\/#\/schema\/person\/image\/\",\"url\":\"https:\/\/secure.gravatar.com\/avatar\/df0eced3bb556c806cb760cf503ade1ed1df25b4104d80d6fd28d93a9509aa12?s=96&d=mm&r=g\",\"contentUrl\":\"https:\/\/secure.gravatar.com\/avatar\/df0eced3bb556c806cb760cf503ade1ed1df25b4104d80d6fd28d93a9509aa12?s=96&d=mm&r=g\",\"caption\":\"Simon Nussbaum\"},\"url\":\"https:\/\/swissbaker.ch\/fr\/panissimo-news\/author\/simon-nussbaum\/\"}]}<\/script>\n<!-- \/ Yoast SEO Premium plugin. -->","yoast_head_json":{"title":"Femmes je vous aime et nous vous aimons\u2009! | SBC","robots":{"index":"index","follow":"follow","max-snippet":"max-snippet:-1","max-image-preview":"max-image-preview:large","max-video-preview":"max-video-preview:-1"},"canonical":"https:\/\/swissbaker.ch\/fr\/panissimo-news\/femmes-je-vous-aime-et-nous-vous-aimons\/","og_locale":"fr_FR","og_type":"article","og_title":"Femmes je vous aime et nous vous aimons\u2009!","og_description":"Que serait ce monde sans vous\u2009? La question m\u00e9rite un d\u00e9tour, pour ne pas dire un chapitre entier \u00e0 vous consacrer. L\u2019image de la femme trop souvent \u00e9corn\u00e9e et sa vision parfois tronqu\u00e9e ne sont pas la meilleure des repr\u00e9sentations. Je vais donc vous mettre au centre, celui que vous m\u00e9ritez. Vous \u00eates les m\u00e8res, les \u00e9pouses, les compagnes et [&hellip;]","og_url":"https:\/\/swissbaker.ch\/fr\/panissimo-news\/femmes-je-vous-aime-et-nous-vous-aimons\/","og_site_name":"SBC","article_publisher":"https:\/\/www.facebook.com\/swissbaker.ch","article_published_time":"2023-12-13T14:31:35+00:00","article_modified_time":"2023-12-13T14:33:54+00:00","og_image":[{"width":800,"height":474,"url":"https:\/\/swissbaker.ch\/wp-content\/uploads\/2022\/04\/le_chevalier-1.jpeg","type":"image\/jpeg"}],"author":"Simon Nussbaum","twitter_card":"summary_large_image","twitter_creator":"@ch_swissbaker","twitter_site":"@ch_swissbaker","twitter_misc":{"Written by":"Simon Nussbaum","Est. reading time":"2 minutes"},"schema":{"@context":"https:\/\/schema.org","@graph":[{"@type":"Article","@id":"https:\/\/swissbaker.ch\/fr\/panissimo-news\/femmes-je-vous-aime-et-nous-vous-aimons\/#article","isPartOf":{"@id":"https:\/\/swissbaker.ch\/fr\/panissimo-news\/femmes-je-vous-aime-et-nous-vous-aimons\/"},"author":{"name":"Simon Nussbaum","@id":"https:\/\/swissbaker.ch\/fr\/#\/schema\/person\/74bd327b08c18ca6042c02ff6f0ed5e2"},"headline":"Femmes je vous aime et nous vous aimons\u2009!","datePublished":"2023-12-13T14:31:35+00:00","dateModified":"2023-12-13T14:33:54+00:00","mainEntityOfPage":{"@id":"https:\/\/swissbaker.ch\/fr\/panissimo-news\/femmes-je-vous-aime-et-nous-vous-aimons\/"},"wordCount":329,"publisher":{"@id":"https:\/\/swissbaker.ch\/fr\/#organization"},"image":{"@id":"https:\/\/swissbaker.ch\/fr\/panissimo-news\/femmes-je-vous-aime-et-nous-vous-aimons\/#primaryimage"},"thumbnailUrl":"https:\/\/swissbaker.ch\/wp-content\/uploads\/2022\/04\/le_chevalier-1.jpeg","articleSection":["De la branche"],"inLanguage":"fr-FR"},{"@type":"WebPage","@id":"https:\/\/swissbaker.ch\/fr\/panissimo-news\/femmes-je-vous-aime-et-nous-vous-aimons\/","url":"https:\/\/swissbaker.ch\/fr\/panissimo-news\/femmes-je-vous-aime-et-nous-vous-aimons\/","name":"Femmes je vous aime et nous vous aimons\u2009! | SBC","isPartOf":{"@id":"https:\/\/swissbaker.ch\/fr\/#website"},"primaryImageOfPage":{"@id":"https:\/\/swissbaker.ch\/fr\/panissimo-news\/femmes-je-vous-aime-et-nous-vous-aimons\/#primaryimage"},"image":{"@id":"https:\/\/swissbaker.ch\/fr\/panissimo-news\/femmes-je-vous-aime-et-nous-vous-aimons\/#primaryimage"},"thumbnailUrl":"https:\/\/swissbaker.ch\/wp-content\/uploads\/2022\/04\/le_chevalier-1.jpeg","datePublished":"2023-12-13T14:31:35+00:00","dateModified":"2023-12-13T14:33:54+00:00","breadcrumb":{"@id":"https:\/\/swissbaker.ch\/fr\/panissimo-news\/femmes-je-vous-aime-et-nous-vous-aimons\/#breadcrumb"},"inLanguage":"fr-FR","potentialAction":[{"@type":"ReadAction","target":["https:\/\/swissbaker.ch\/fr\/panissimo-news\/femmes-je-vous-aime-et-nous-vous-aimons\/"]}]},{"@type":"ImageObject","inLanguage":"fr-FR","@id":"https:\/\/swissbaker.ch\/fr\/panissimo-news\/femmes-je-vous-aime-et-nous-vous-aimons\/#primaryimage","url":"https:\/\/swissbaker.ch\/wp-content\/uploads\/2022\/04\/le_chevalier-1.jpeg","contentUrl":"https:\/\/swissbaker.ch\/wp-content\/uploads\/2022\/04\/le_chevalier-1.jpeg","width":800,"height":474,"caption":"Manipulations ou influences?"},{"@type":"BreadcrumbList","@id":"https:\/\/swissbaker.ch\/fr\/panissimo-news\/femmes-je-vous-aime-et-nous-vous-aimons\/#breadcrumb","itemListElement":[{"@type":"ListItem","position":1,"name":"","item":"https:\/\/swissbaker.ch\/fr\/"},{"@type":"ListItem","position":2,"name":"De la branche","item":"https:\/\/swissbaker.ch\/fr\/panissimo-news\/category\/de-la-branche\/"},{"@type":"ListItem","position":3,"name":"Femmes je vous aime et nous vous aimons\u2009!"}]},{"@type":"WebSite","@id":"https:\/\/swissbaker.ch\/fr\/#website","url":"https:\/\/swissbaker.ch\/fr\/","name":"SBC","description":"","publisher":{"@id":"https:\/\/swissbaker.ch\/fr\/#organization"},"potentialAction":[{"@type":"SearchAction","target":{"@type":"EntryPoint","urlTemplate":"https:\/\/swissbaker.ch\/fr\/?s={search_term_string}"},"query-input":{"@type":"PropertyValueSpecification","valueRequired":true,"valueName":"search_term_string"}}],"inLanguage":"fr-FR"},{"@type":"Organization","@id":"https:\/\/swissbaker.ch\/fr\/#organization","name":"Schweizerischer B\u00e4cker-Confiseurmeister-Verband","url":"https:\/\/swissbaker.ch\/fr\/","logo":{"@type":"ImageObject","inLanguage":"fr-FR","@id":"https:\/\/swissbaker.ch\/fr\/#\/schema\/logo\/image\/","url":"https:\/\/swissbaker.ch\/wp-content\/uploads\/2022\/04\/sbc-logo-yoast.jpg","contentUrl":"https:\/\/swissbaker.ch\/wp-content\/uploads\/2022\/04\/sbc-logo-yoast.jpg","width":512,"height":512,"caption":"Schweizerischer B\u00e4cker-Confiseurmeister-Verband"},"image":{"@id":"https:\/\/swissbaker.ch\/fr\/#\/schema\/logo\/image\/"},"sameAs":["https:\/\/www.facebook.com\/swissbaker.ch","https:\/\/x.com\/ch_swissbaker"]},{"@type":"Person","@id":"https:\/\/swissbaker.ch\/fr\/#\/schema\/person\/74bd327b08c18ca6042c02ff6f0ed5e2","name":"Simon Nussbaum","image":{"@type":"ImageObject","inLanguage":"fr-FR","@id":"https:\/\/swissbaker.ch\/fr\/#\/schema\/person\/image\/","url":"https:\/\/secure.gravatar.com\/avatar\/df0eced3bb556c806cb760cf503ade1ed1df25b4104d80d6fd28d93a9509aa12?s=96&d=mm&r=g","contentUrl":"https:\/\/secure.gravatar.com\/avatar\/df0eced3bb556c806cb760cf503ade1ed1df25b4104d80d6fd28d93a9509aa12?s=96&d=mm&r=g","caption":"Simon Nussbaum"},"url":"https:\/\/swissbaker.ch\/fr\/panissimo-news\/author\/simon-nussbaum\/"}]}},"_links":{"self":[{"href":"https:\/\/swissbaker.ch\/fr\/wp-json\/wp\/v2\/posts\/73340","targetHints":{"allow":["GET"]}}],"collection":[{"href":"https:\/\/swissbaker.ch\/fr\/wp-json\/wp\/v2\/posts"}],"about":[{"href":"https:\/\/swissbaker.ch\/fr\/wp-json\/wp\/v2\/types\/post"}],"author":[{"embeddable":true,"href":"https:\/\/swissbaker.ch\/fr\/wp-json\/wp\/v2\/users\/5"}],"replies":[{"embeddable":true,"href":"https:\/\/swissbaker.ch\/fr\/wp-json\/wp\/v2\/comments?post=73340"}],"version-history":[{"count":0,"href":"https:\/\/swissbaker.ch\/fr\/wp-json\/wp\/v2\/posts\/73340\/revisions"}],"wp:featuredmedia":[{"embeddable":true,"href":"https:\/\/swissbaker.ch\/fr\/wp-json\/wp\/v2\/media\/7332"}],"wp:attachment":[{"href":"https:\/\/swissbaker.ch\/fr\/wp-json\/wp\/v2\/media?parent=73340"}],"wp:term":[{"taxonomy":"category","embeddable":true,"href":"https:\/\/swissbaker.ch\/fr\/wp-json\/wp\/v2\/categories?post=73340"},{"taxonomy":"post_tag","embeddable":true,"href":"https:\/\/swissbaker.ch\/fr\/wp-json\/wp\/v2\/tags?post=73340"}],"curies":[{"name":"wp","href":"https:\/\/api.w.org\/{rel}","templated":true}]}}