{"id":73206,"date":"2023-12-07T11:45:46","date_gmt":"2023-12-07T10:45:46","guid":{"rendered":"https:\/\/swissbaker.ch\/?p=73206"},"modified":"2023-12-07T13:31:11","modified_gmt":"2023-12-07T12:31:11","slug":"ils-veulent-acceder-a-la-ligue-professionnelle","status":"publish","type":"post","link":"https:\/\/swissbaker.ch\/fr\/panissimo-news\/ils-veulent-acceder-a-la-ligue-professionnelle\/","title":{"rendered":"Ils veulent acc\u00e9der \u00e0 la ligue professionnelle"},"content":{"rendered":"\n<p><strong>Le Rookie-Club, la filiale de Sutter Begg sise \u00e0 la Spalenvorstadt \u00e0 B\u00e2le, est le vivier de talents de l&#8217;entreprise. C&#8217;est la rel\u00e8ve qui dirige ici. Avec les rookies (c&#8217;est ainsi que l&#8217;on appelle les apprentis et apprenties chez Sutter Begg) dans le r\u00f4le principal, cet article de \u00abPanissimo\u00bb met \u00e9galement en lumi\u00e8re le responsable de ces derniers et les personnes formatrices dans le second r\u00f4le.<\/strong><\/p>\n\n\n\n<p>Au Rookie-Club, la filiale de Sutter Begg sise \u00e0 la Spalenvorstadt \u00e0 B\u00e2le (BS), on ne remarque pas du tout qu\u2019un quart des huit collaborateurs et collaboratrices sont entr\u00e9s dans le monde du travail il y a trois mois seulement. Un projet particulier s\u2019y d\u00e9roule pourtant: la majeure partie des activit\u00e9s quotidiennes sont assur\u00e9es exclusivement par des apprentis et apprenties du commerce de d\u00e9tail. Pour six jeunes talents, on compte deux personnes formatrices, qui remplissent uniquement une fonction de soutien. D\u00e8s le premier jour, les rookies poursuivent donc l\u2019objectif du responsable de la formation J\u00fcrgen Mielke: \u00ablearning by doing.\u00bb<\/p>\n\n\n\n<h2 class=\"wp-block-heading\" id=\"h-la-joie-d-un-nouveau-venu\"><strong>La joie d\u2019un nouveau venu<\/strong><\/h2>\n\n\n\n<p>Sacha Soland est rookie chez Sutter Begg depuis trois mois. Il explique qu&#8217;il s&#8217;est rapidement adapt\u00e9; cela lui a \u00e9t\u00e9 facile gr\u00e2ce \u00e0 la bonne ambiance qui r\u00e8gne entre les apprentis et apprenties des diff\u00e9rentes ann\u00e9es d&#8217;apprentissage. Pendant sa formation, il va \u00e9galement pouvoir d\u00e9couvrir d\u2019autres filiales de l&#8217;entreprise. Sacha Soland se r\u00e9jouit particuli\u00e8rement des conseils et astuces des collaborateurs et collaboratrices exp\u00e9riment\u00e9s, qui ont parfois d\u00fb apprendre par eux-m\u00eames. \u00abEn cas de questions, il n&#8217;y a certes pas toujours quelqu&#8217;un de disponible imm\u00e9diatement\u00bb, confie-t-il, avant d\u2019ajouter: \u00abAu Rookie-Club, on nous enseigne des processus selon des directives claires et uniformes pendant la formation.\u00bb<\/p>\n\n\n\n<figure class=\"wp-block-image size-large\"><img decoding=\"async\" width=\"1024\" height=\"608\" src=\"https:\/\/swissbaker.ch\/wp-content\/uploads\/2023\/12\/21_2_rookie_club_1-1024x608.jpg\" alt=\"\" class=\"wp-image-73199\" srcset=\"https:\/\/swissbaker.ch\/wp-content\/uploads\/2023\/12\/21_2_rookie_club_1-1024x608.jpg 1024w, https:\/\/swissbaker.ch\/wp-content\/uploads\/2023\/12\/21_2_rookie_club_1-768x456.jpg 768w, https:\/\/swissbaker.ch\/wp-content\/uploads\/2023\/12\/21_2_rookie_club_1.jpg 1200w\" sizes=\"(max-width: 1024px) 100vw, 1024px\" \/><figcaption class=\"wp-element-caption\"><em>Les visages de la r\u00e9ussite: Daniela Brack, Rahel B\u00fcltel, Artjom Aronov, J\u00fcrgen Mielke et Sacha Soland<\/em><\/figcaption><\/figure>\n\n\n\n<h2 class=\"wp-block-heading\" id=\"h-une-atmosphere-serviable\"><strong>Une atmosph\u00e8re serviable<\/strong><\/h2>\n\n\n\n<p>Au Rookie-Club, une particularit\u00e9 saute rapidement aux yeux: les personnes formatrices ou les chefs d&#8217;\u00e9quipe ne se pr\u00e9cipitent pas en cas de probl\u00e8me, les rookies de troisi\u00e8me ann\u00e9e sont l\u00e0 de mani\u00e8re proactive et savent g\u00e9n\u00e9ralement comment r\u00e9agir. Le lecteur de cartes se bloque? Rahel B\u00fcltel, en derni\u00e8re ann\u00e9e de formation, r\u00e9sout le probl\u00e8me \u00e0 la caisse sous l&#8217;\u0153il des plus jeunes. La mousse de lait en forme de c\u0153ur? C\u2019est tout naturellement que Luca Dubach, lui aussi en fin d&#8217;apprentissage, initie \u00e0 cet art le nouveau venu, Artjom Aronov. Et ce, sans que ne le lui demande la formatrice Daniela Brack.<\/p>\n\n\n\n<h2 class=\"wp-block-heading\" id=\"h-que-font-les-personnes-formatrices\"><strong>Que font les personnes formatrices?<\/strong><\/h2>\n\n\n\n<p>Vu la solidarit\u00e9 ambiante, la question se pose de savoir si les personnes formatrices doivent encore intervenir au Rookie-Club. \u00abLe fait de pouvoir facilement d\u00e9l\u00e9guer des t\u00e2ches me permet de consacrer du temps \u00e0 l\u2019importante charge administrative de planification op\u00e9rationnelle. Tous les rookies suivent des cours hebdomadaires \u00e0 l&#8217;\u00e9cole professionnelle\u00bb, explique Daniela Brack, formatrice depuis 2018. \u00abIl faut toujours bien coordonner les transferts de responsabilit\u00e9s et les plans de travail notamment.\u00bb<\/p>\n\n\n\n<h2 class=\"wp-block-heading\" id=\"h-pas-de-direction-permanente-de-la-filiale\"><strong>Pas de direction permanente de la filiale<\/strong><\/h2>\n\n\n\n<p>Chaque mois, la direction de la filiale est confi\u00e9e \u00e0 un autre rookie, qui doit assumer la responsabilit\u00e9 de la bonne marche du magasin: l&#8217;am\u00e9nagement de la vitrine, la commande des marchandises et la transmission des commandes ne sont que quelques-unes des sp\u00e9cificit\u00e9s de la fonction. <\/p>\n\n\n\n<figure class=\"wp-block-pullquote has-text-color has-link-color wp-elements-16898a5eb7286e9989704d44ddecc431\" style=\"color:#cc9933;font-size:22px;font-style:normal;font-weight:700\"><blockquote><p>\u00abLa compr\u00e9hension entre la production et la vente doit s\u2019ancrer tr\u00e8s t\u00f4t dans la culture d&#8217;entreprise pour cr\u00e9er de l&#8217;empathie.\u00bb<\/p><cite>J\u00fcrgen Mielke<\/cite><\/blockquote><\/figure>\n\n\n\n<p>Selon J\u00fcrgen Mielke, responsable de la formation chez Sutter Begg, les rookies ne doivent pas uniquement apprendre \u00e0 assumer des responsabilit\u00e9s, \u2013 les \u00e9changes entre la vente et la production \u00e9tant essentiels pour permettre la disparition des interfaces. En d\u2019autres termes: \u00abLa compr\u00e9hension entre la production et la vente doit s\u2019ancrer tr\u00e8s t\u00f4t dans la culture d&#8217;entreprise pour cr\u00e9er de l&#8217;empathie.\u00bb Il serait ainsi d\u00e9j\u00e0 arriv\u00e9 qu\u2019apr\u00e8s une premi\u00e8re formation dans la boulangerie une personne en suive une deuxi\u00e8me dans le commerce de d\u00e9tail.<\/p>\n\n\n\n<div style=\"height:24px\" aria-hidden=\"true\" class=\"wp-block-spacer\"><\/div>\n\n\n\n<h2 class=\"wp-block-heading\" id=\"h-que-pensent-les-parties-prenantes-du-concept\"><strong>Que pensent les parties prenantes du concept?<\/strong><\/h2>\n\n\n\n<p><strong>Daniela Brack, formatrice au Rookie-Club:<\/strong> \u00abC\u2019est beau de voir que tout le monde est toujours fier de voir un rookie passer le flambeau de la direction de la filiale apr\u00e8s un mois. Le fait que tout fonctionne toujours renforce visiblement la confiance en soi de notre rel\u00e8ve.\u00bb<\/p>\n\n\n\n<p><strong>Rahel B\u00fcltel, rookie en derni\u00e8re ann\u00e9e de formation: <\/strong>\u00abNous vivons ici des situations de vente normales, la client\u00e8le exigeante est aussi un d\u00e9fi pour nous. Le travail quotidien reste passionnant gr\u00e2ce \u00e0 la d\u00e9couverte des autres filiales.\u00bb<\/p>\n\n\n\n<p><strong>J\u00fcrgen Mielke, responsable de la formation professionnelle chez Sutter Begg:<\/strong> \u00abLa plus grosse erreur que nous avons commise a \u00e9t\u00e9 de revenir au fonctionnement normal apr\u00e8s la phase de projet&nbsp;\u00bb, et d&#8217;ajouter en riant, \u00abnous sommes fiers que le projet d&#8217;un an soit en cours depuis 2014.\u00bb<\/p>\n\n\n\n<hr class=\"wp-block-separator has-alpha-channel-opacity\"\/>\n\n\n\n<p><strong>Sutter AG, M\u00fcnchenstein BL<\/strong><\/p>\n\n\n\n<ul class=\"wp-block-list\">\n<li>Ann\u00e9e de fondation1911<\/li>\n\n\n\n<li>Collaborateurs et collaboratrices env. 270, dont 17 apprentis et apprenties<\/li>\n\n\n\n<li>Points de vente 26<\/li>\n<\/ul>\n\n\n\n<p><a href=\"https:\/\/sutterbegg.ch\" target=\"_blank\" rel=\"noreferrer noopener\">www.sutterbegg.ch<\/a><\/p>\n\n\n\n<p class=\"has-text-align-right\"><em>Diego Schwerzmann<\/em><\/p>\n\n\n\n<hr class=\"wp-block-separator has-alpha-channel-opacity\"\/>\n\n\n\n<p><em><strong>Les rookies<\/strong><br>Venu \u00e0 l\u2019origine des Etats-Unis, le terme a une connotation sportive. En effet, un rookie&nbsp;est, en Am\u00e9rique du Nord, le pratiquant d&#8217;un sport lors de sa premi\u00e8re ann\u00e9e de comp\u00e9tition \u2013 visant la ligue \u2013 et, par extension, un nouveau venu dans une profession ou un domaine d&#8217;activit\u00e9.<\/em><\/p>\n","protected":false},"excerpt":{"rendered":"<p>Le Rookie-Club, la filiale de Sutter Begg sise \u00e0 la Spalenvorstadt \u00e0 B\u00e2le, est le vivier de talents de l&#8217;entreprise. C&#8217;est la rel\u00e8ve qui dirige ici. Avec les rookies (c&#8217;est ainsi que l&#8217;on appelle les apprentis et apprenties chez Sutter Begg) dans le r\u00f4le principal, cet article de \u00abPanissimo\u00bb met \u00e9galement en lumi\u00e8re le responsable de ces derniers et les personnes formatrices dans le second r\u00f4le.<\/p>\n","protected":false},"author":5,"featured_media":73203,"comment_status":"closed","ping_status":"closed","sticky":true,"template":"","format":"standard","meta":{"_acf_changed":false,"footnotes":""},"categories":[42,47,53],"tags":[],"class_list":["post-73206","post","type-post","status-publish","format-standard","has-post-thumbnail","hentry","category-boulangeries-confiseries","category-formation-releve","category-our-future-fr"],"acf":[],"yoast_head":"<!-- This site is optimized with the Yoast SEO Premium plugin v26.8 (Yoast SEO v26.8) - https:\/\/yoast.com\/product\/yoast-seo-premium-wordpress\/ -->\n<title>Ils veulent acc\u00e9der \u00e0 la ligue professionnelle | SBC<\/title>\n<meta name=\"description\" content=\"Le Rookie-Club, la filiale de Sutter Begg sise \u00e0 la Spalenvorstadt \u00e0 B\u00e2le, est le vivier de talents de l&#039;entreprise.\" \/>\n<meta name=\"robots\" content=\"index, follow, max-snippet:-1, max-image-preview:large, max-video-preview:-1\" \/>\n<link rel=\"canonical\" href=\"https:\/\/swissbaker.ch\/fr\/panissimo-news\/ils-veulent-acceder-a-la-ligue-professionnelle\/\" \/>\n<meta property=\"og:locale\" content=\"fr_FR\" \/>\n<meta property=\"og:type\" content=\"article\" \/>\n<meta property=\"og:title\" content=\"Ils veulent acc\u00e9der \u00e0 la ligue professionnelle\" \/>\n<meta property=\"og:description\" content=\"Le Rookie-Club, la filiale de Sutter Begg sise \u00e0 la Spalenvorstadt \u00e0 B\u00e2le, est le vivier de talents de l&#039;entreprise.\" \/>\n<meta property=\"og:url\" content=\"https:\/\/swissbaker.ch\/fr\/panissimo-news\/ils-veulent-acceder-a-la-ligue-professionnelle\/\" \/>\n<meta property=\"og:site_name\" content=\"SBC\" \/>\n<meta property=\"article:publisher\" content=\"https:\/\/www.facebook.com\/swissbaker.ch\" \/>\n<meta property=\"article:published_time\" content=\"2023-12-07T10:45:46+00:00\" \/>\n<meta property=\"article:modified_time\" content=\"2023-12-07T12:31:11+00:00\" \/>\n<meta property=\"og:image\" content=\"https:\/\/swissbaker.ch\/wp-content\/uploads\/2023\/12\/21_2_rookie_club_2.jpg\" \/>\n\t<meta property=\"og:image:width\" content=\"1200\" \/>\n\t<meta property=\"og:image:height\" content=\"712\" \/>\n\t<meta property=\"og:image:type\" content=\"image\/jpeg\" \/>\n<meta name=\"author\" content=\"Simon Nussbaum\" \/>\n<meta name=\"twitter:card\" content=\"summary_large_image\" \/>\n<meta name=\"twitter:creator\" content=\"@ch_swissbaker\" \/>\n<meta name=\"twitter:site\" content=\"@ch_swissbaker\" \/>\n<meta name=\"twitter:label1\" content=\"Written by\" \/>\n\t<meta name=\"twitter:data1\" content=\"Simon Nussbaum\" \/>\n\t<meta name=\"twitter:label2\" content=\"Est. reading time\" \/>\n\t<meta name=\"twitter:data2\" content=\"5 minutes\" \/>\n<script type=\"application\/ld+json\" class=\"yoast-schema-graph\">{\"@context\":\"https:\/\/schema.org\",\"@graph\":[{\"@type\":\"Article\",\"@id\":\"https:\/\/swissbaker.ch\/fr\/panissimo-news\/ils-veulent-acceder-a-la-ligue-professionnelle\/#article\",\"isPartOf\":{\"@id\":\"https:\/\/swissbaker.ch\/fr\/panissimo-news\/ils-veulent-acceder-a-la-ligue-professionnelle\/\"},\"author\":{\"name\":\"Simon Nussbaum\",\"@id\":\"https:\/\/swissbaker.ch\/fr\/#\/schema\/person\/74bd327b08c18ca6042c02ff6f0ed5e2\"},\"headline\":\"Ils veulent acc\u00e9der \u00e0 la ligue professionnelle\",\"datePublished\":\"2023-12-07T10:45:46+00:00\",\"dateModified\":\"2023-12-07T12:31:11+00:00\",\"mainEntityOfPage\":{\"@id\":\"https:\/\/swissbaker.ch\/fr\/panissimo-news\/ils-veulent-acceder-a-la-ligue-professionnelle\/\"},\"wordCount\":953,\"publisher\":{\"@id\":\"https:\/\/swissbaker.ch\/fr\/#organization\"},\"image\":{\"@id\":\"https:\/\/swissbaker.ch\/fr\/panissimo-news\/ils-veulent-acceder-a-la-ligue-professionnelle\/#primaryimage\"},\"thumbnailUrl\":\"https:\/\/swissbaker.ch\/wp-content\/uploads\/2023\/12\/21_2_rookie_club_2.jpg\",\"articleSection\":[\"Boulangeries\/Confiseries\",\"Formation\/Rel\u00e8ve\",\"Our Future\"],\"inLanguage\":\"fr-FR\"},{\"@type\":\"WebPage\",\"@id\":\"https:\/\/swissbaker.ch\/fr\/panissimo-news\/ils-veulent-acceder-a-la-ligue-professionnelle\/\",\"url\":\"https:\/\/swissbaker.ch\/fr\/panissimo-news\/ils-veulent-acceder-a-la-ligue-professionnelle\/\",\"name\":\"Ils veulent acc\u00e9der \u00e0 la ligue professionnelle | SBC\",\"isPartOf\":{\"@id\":\"https:\/\/swissbaker.ch\/fr\/#website\"},\"primaryImageOfPage\":{\"@id\":\"https:\/\/swissbaker.ch\/fr\/panissimo-news\/ils-veulent-acceder-a-la-ligue-professionnelle\/#primaryimage\"},\"image\":{\"@id\":\"https:\/\/swissbaker.ch\/fr\/panissimo-news\/ils-veulent-acceder-a-la-ligue-professionnelle\/#primaryimage\"},\"thumbnailUrl\":\"https:\/\/swissbaker.ch\/wp-content\/uploads\/2023\/12\/21_2_rookie_club_2.jpg\",\"datePublished\":\"2023-12-07T10:45:46+00:00\",\"dateModified\":\"2023-12-07T12:31:11+00:00\",\"description\":\"Le Rookie-Club, la filiale de Sutter Begg sise \u00e0 la Spalenvorstadt \u00e0 B\u00e2le, est le vivier de talents de l'entreprise.\",\"breadcrumb\":{\"@id\":\"https:\/\/swissbaker.ch\/fr\/panissimo-news\/ils-veulent-acceder-a-la-ligue-professionnelle\/#breadcrumb\"},\"inLanguage\":\"fr-FR\",\"potentialAction\":[{\"@type\":\"ReadAction\",\"target\":[\"https:\/\/swissbaker.ch\/fr\/panissimo-news\/ils-veulent-acceder-a-la-ligue-professionnelle\/\"]}]},{\"@type\":\"ImageObject\",\"inLanguage\":\"fr-FR\",\"@id\":\"https:\/\/swissbaker.ch\/fr\/panissimo-news\/ils-veulent-acceder-a-la-ligue-professionnelle\/#primaryimage\",\"url\":\"https:\/\/swissbaker.ch\/wp-content\/uploads\/2023\/12\/21_2_rookie_club_2.jpg\",\"contentUrl\":\"https:\/\/swissbaker.ch\/wp-content\/uploads\/2023\/12\/21_2_rookie_club_2.jpg\",\"width\":1200,\"height\":712},{\"@type\":\"BreadcrumbList\",\"@id\":\"https:\/\/swissbaker.ch\/fr\/panissimo-news\/ils-veulent-acceder-a-la-ligue-professionnelle\/#breadcrumb\",\"itemListElement\":[{\"@type\":\"ListItem\",\"position\":1,\"name\":\"\",\"item\":\"https:\/\/swissbaker.ch\/fr\/\"},{\"@type\":\"ListItem\",\"position\":2,\"name\":\"Boulangeries\/Confiseries\",\"item\":\"https:\/\/swissbaker.ch\/fr\/panissimo-news\/category\/boulangeries-confiseries\/\"},{\"@type\":\"ListItem\",\"position\":3,\"name\":\"Ils veulent acc\u00e9der \u00e0 la ligue professionnelle\"}]},{\"@type\":\"WebSite\",\"@id\":\"https:\/\/swissbaker.ch\/fr\/#website\",\"url\":\"https:\/\/swissbaker.ch\/fr\/\",\"name\":\"SBC\",\"description\":\"\",\"publisher\":{\"@id\":\"https:\/\/swissbaker.ch\/fr\/#organization\"},\"potentialAction\":[{\"@type\":\"SearchAction\",\"target\":{\"@type\":\"EntryPoint\",\"urlTemplate\":\"https:\/\/swissbaker.ch\/fr\/?s={search_term_string}\"},\"query-input\":{\"@type\":\"PropertyValueSpecification\",\"valueRequired\":true,\"valueName\":\"search_term_string\"}}],\"inLanguage\":\"fr-FR\"},{\"@type\":\"Organization\",\"@id\":\"https:\/\/swissbaker.ch\/fr\/#organization\",\"name\":\"Schweizerischer B\u00e4cker-Confiseurmeister-Verband\",\"url\":\"https:\/\/swissbaker.ch\/fr\/\",\"logo\":{\"@type\":\"ImageObject\",\"inLanguage\":\"fr-FR\",\"@id\":\"https:\/\/swissbaker.ch\/fr\/#\/schema\/logo\/image\/\",\"url\":\"https:\/\/swissbaker.ch\/wp-content\/uploads\/2022\/04\/sbc-logo-yoast.jpg\",\"contentUrl\":\"https:\/\/swissbaker.ch\/wp-content\/uploads\/2022\/04\/sbc-logo-yoast.jpg\",\"width\":512,\"height\":512,\"caption\":\"Schweizerischer B\u00e4cker-Confiseurmeister-Verband\"},\"image\":{\"@id\":\"https:\/\/swissbaker.ch\/fr\/#\/schema\/logo\/image\/\"},\"sameAs\":[\"https:\/\/www.facebook.com\/swissbaker.ch\",\"https:\/\/x.com\/ch_swissbaker\"]},{\"@type\":\"Person\",\"@id\":\"https:\/\/swissbaker.ch\/fr\/#\/schema\/person\/74bd327b08c18ca6042c02ff6f0ed5e2\",\"name\":\"Simon Nussbaum\",\"image\":{\"@type\":\"ImageObject\",\"inLanguage\":\"fr-FR\",\"@id\":\"https:\/\/swissbaker.ch\/fr\/#\/schema\/person\/image\/\",\"url\":\"https:\/\/secure.gravatar.com\/avatar\/df0eced3bb556c806cb760cf503ade1ed1df25b4104d80d6fd28d93a9509aa12?s=96&d=mm&r=g\",\"contentUrl\":\"https:\/\/secure.gravatar.com\/avatar\/df0eced3bb556c806cb760cf503ade1ed1df25b4104d80d6fd28d93a9509aa12?s=96&d=mm&r=g\",\"caption\":\"Simon Nussbaum\"},\"url\":\"https:\/\/swissbaker.ch\/fr\/panissimo-news\/author\/simon-nussbaum\/\"}]}<\/script>\n<!-- \/ Yoast SEO Premium plugin. -->","yoast_head_json":{"title":"Ils veulent acc\u00e9der \u00e0 la ligue professionnelle | SBC","description":"Le Rookie-Club, la filiale de Sutter Begg sise \u00e0 la Spalenvorstadt \u00e0 B\u00e2le, est le vivier de talents de l'entreprise.","robots":{"index":"index","follow":"follow","max-snippet":"max-snippet:-1","max-image-preview":"max-image-preview:large","max-video-preview":"max-video-preview:-1"},"canonical":"https:\/\/swissbaker.ch\/fr\/panissimo-news\/ils-veulent-acceder-a-la-ligue-professionnelle\/","og_locale":"fr_FR","og_type":"article","og_title":"Ils veulent acc\u00e9der \u00e0 la ligue professionnelle","og_description":"Le Rookie-Club, la filiale de Sutter Begg sise \u00e0 la Spalenvorstadt \u00e0 B\u00e2le, est le vivier de talents de l'entreprise.","og_url":"https:\/\/swissbaker.ch\/fr\/panissimo-news\/ils-veulent-acceder-a-la-ligue-professionnelle\/","og_site_name":"SBC","article_publisher":"https:\/\/www.facebook.com\/swissbaker.ch","article_published_time":"2023-12-07T10:45:46+00:00","article_modified_time":"2023-12-07T12:31:11+00:00","og_image":[{"width":1200,"height":712,"url":"https:\/\/swissbaker.ch\/wp-content\/uploads\/2023\/12\/21_2_rookie_club_2.jpg","type":"image\/jpeg"}],"author":"Simon Nussbaum","twitter_card":"summary_large_image","twitter_creator":"@ch_swissbaker","twitter_site":"@ch_swissbaker","twitter_misc":{"Written by":"Simon Nussbaum","Est. reading time":"5 minutes"},"schema":{"@context":"https:\/\/schema.org","@graph":[{"@type":"Article","@id":"https:\/\/swissbaker.ch\/fr\/panissimo-news\/ils-veulent-acceder-a-la-ligue-professionnelle\/#article","isPartOf":{"@id":"https:\/\/swissbaker.ch\/fr\/panissimo-news\/ils-veulent-acceder-a-la-ligue-professionnelle\/"},"author":{"name":"Simon Nussbaum","@id":"https:\/\/swissbaker.ch\/fr\/#\/schema\/person\/74bd327b08c18ca6042c02ff6f0ed5e2"},"headline":"Ils veulent acc\u00e9der \u00e0 la ligue professionnelle","datePublished":"2023-12-07T10:45:46+00:00","dateModified":"2023-12-07T12:31:11+00:00","mainEntityOfPage":{"@id":"https:\/\/swissbaker.ch\/fr\/panissimo-news\/ils-veulent-acceder-a-la-ligue-professionnelle\/"},"wordCount":953,"publisher":{"@id":"https:\/\/swissbaker.ch\/fr\/#organization"},"image":{"@id":"https:\/\/swissbaker.ch\/fr\/panissimo-news\/ils-veulent-acceder-a-la-ligue-professionnelle\/#primaryimage"},"thumbnailUrl":"https:\/\/swissbaker.ch\/wp-content\/uploads\/2023\/12\/21_2_rookie_club_2.jpg","articleSection":["Boulangeries\/Confiseries","Formation\/Rel\u00e8ve","Our Future"],"inLanguage":"fr-FR"},{"@type":"WebPage","@id":"https:\/\/swissbaker.ch\/fr\/panissimo-news\/ils-veulent-acceder-a-la-ligue-professionnelle\/","url":"https:\/\/swissbaker.ch\/fr\/panissimo-news\/ils-veulent-acceder-a-la-ligue-professionnelle\/","name":"Ils veulent acc\u00e9der \u00e0 la ligue professionnelle | SBC","isPartOf":{"@id":"https:\/\/swissbaker.ch\/fr\/#website"},"primaryImageOfPage":{"@id":"https:\/\/swissbaker.ch\/fr\/panissimo-news\/ils-veulent-acceder-a-la-ligue-professionnelle\/#primaryimage"},"image":{"@id":"https:\/\/swissbaker.ch\/fr\/panissimo-news\/ils-veulent-acceder-a-la-ligue-professionnelle\/#primaryimage"},"thumbnailUrl":"https:\/\/swissbaker.ch\/wp-content\/uploads\/2023\/12\/21_2_rookie_club_2.jpg","datePublished":"2023-12-07T10:45:46+00:00","dateModified":"2023-12-07T12:31:11+00:00","description":"Le Rookie-Club, la filiale de Sutter Begg sise \u00e0 la Spalenvorstadt \u00e0 B\u00e2le, est le vivier de talents de l'entreprise.","breadcrumb":{"@id":"https:\/\/swissbaker.ch\/fr\/panissimo-news\/ils-veulent-acceder-a-la-ligue-professionnelle\/#breadcrumb"},"inLanguage":"fr-FR","potentialAction":[{"@type":"ReadAction","target":["https:\/\/swissbaker.ch\/fr\/panissimo-news\/ils-veulent-acceder-a-la-ligue-professionnelle\/"]}]},{"@type":"ImageObject","inLanguage":"fr-FR","@id":"https:\/\/swissbaker.ch\/fr\/panissimo-news\/ils-veulent-acceder-a-la-ligue-professionnelle\/#primaryimage","url":"https:\/\/swissbaker.ch\/wp-content\/uploads\/2023\/12\/21_2_rookie_club_2.jpg","contentUrl":"https:\/\/swissbaker.ch\/wp-content\/uploads\/2023\/12\/21_2_rookie_club_2.jpg","width":1200,"height":712},{"@type":"BreadcrumbList","@id":"https:\/\/swissbaker.ch\/fr\/panissimo-news\/ils-veulent-acceder-a-la-ligue-professionnelle\/#breadcrumb","itemListElement":[{"@type":"ListItem","position":1,"name":"","item":"https:\/\/swissbaker.ch\/fr\/"},{"@type":"ListItem","position":2,"name":"Boulangeries\/Confiseries","item":"https:\/\/swissbaker.ch\/fr\/panissimo-news\/category\/boulangeries-confiseries\/"},{"@type":"ListItem","position":3,"name":"Ils veulent acc\u00e9der \u00e0 la ligue professionnelle"}]},{"@type":"WebSite","@id":"https:\/\/swissbaker.ch\/fr\/#website","url":"https:\/\/swissbaker.ch\/fr\/","name":"SBC","description":"","publisher":{"@id":"https:\/\/swissbaker.ch\/fr\/#organization"},"potentialAction":[{"@type":"SearchAction","target":{"@type":"EntryPoint","urlTemplate":"https:\/\/swissbaker.ch\/fr\/?s={search_term_string}"},"query-input":{"@type":"PropertyValueSpecification","valueRequired":true,"valueName":"search_term_string"}}],"inLanguage":"fr-FR"},{"@type":"Organization","@id":"https:\/\/swissbaker.ch\/fr\/#organization","name":"Schweizerischer B\u00e4cker-Confiseurmeister-Verband","url":"https:\/\/swissbaker.ch\/fr\/","logo":{"@type":"ImageObject","inLanguage":"fr-FR","@id":"https:\/\/swissbaker.ch\/fr\/#\/schema\/logo\/image\/","url":"https:\/\/swissbaker.ch\/wp-content\/uploads\/2022\/04\/sbc-logo-yoast.jpg","contentUrl":"https:\/\/swissbaker.ch\/wp-content\/uploads\/2022\/04\/sbc-logo-yoast.jpg","width":512,"height":512,"caption":"Schweizerischer B\u00e4cker-Confiseurmeister-Verband"},"image":{"@id":"https:\/\/swissbaker.ch\/fr\/#\/schema\/logo\/image\/"},"sameAs":["https:\/\/www.facebook.com\/swissbaker.ch","https:\/\/x.com\/ch_swissbaker"]},{"@type":"Person","@id":"https:\/\/swissbaker.ch\/fr\/#\/schema\/person\/74bd327b08c18ca6042c02ff6f0ed5e2","name":"Simon Nussbaum","image":{"@type":"ImageObject","inLanguage":"fr-FR","@id":"https:\/\/swissbaker.ch\/fr\/#\/schema\/person\/image\/","url":"https:\/\/secure.gravatar.com\/avatar\/df0eced3bb556c806cb760cf503ade1ed1df25b4104d80d6fd28d93a9509aa12?s=96&d=mm&r=g","contentUrl":"https:\/\/secure.gravatar.com\/avatar\/df0eced3bb556c806cb760cf503ade1ed1df25b4104d80d6fd28d93a9509aa12?s=96&d=mm&r=g","caption":"Simon Nussbaum"},"url":"https:\/\/swissbaker.ch\/fr\/panissimo-news\/author\/simon-nussbaum\/"}]}},"_links":{"self":[{"href":"https:\/\/swissbaker.ch\/fr\/wp-json\/wp\/v2\/posts\/73206","targetHints":{"allow":["GET"]}}],"collection":[{"href":"https:\/\/swissbaker.ch\/fr\/wp-json\/wp\/v2\/posts"}],"about":[{"href":"https:\/\/swissbaker.ch\/fr\/wp-json\/wp\/v2\/types\/post"}],"author":[{"embeddable":true,"href":"https:\/\/swissbaker.ch\/fr\/wp-json\/wp\/v2\/users\/5"}],"replies":[{"embeddable":true,"href":"https:\/\/swissbaker.ch\/fr\/wp-json\/wp\/v2\/comments?post=73206"}],"version-history":[{"count":0,"href":"https:\/\/swissbaker.ch\/fr\/wp-json\/wp\/v2\/posts\/73206\/revisions"}],"wp:featuredmedia":[{"embeddable":true,"href":"https:\/\/swissbaker.ch\/fr\/wp-json\/wp\/v2\/media\/73203"}],"wp:attachment":[{"href":"https:\/\/swissbaker.ch\/fr\/wp-json\/wp\/v2\/media?parent=73206"}],"wp:term":[{"taxonomy":"category","embeddable":true,"href":"https:\/\/swissbaker.ch\/fr\/wp-json\/wp\/v2\/categories?post=73206"},{"taxonomy":"post_tag","embeddable":true,"href":"https:\/\/swissbaker.ch\/fr\/wp-json\/wp\/v2\/tags?post=73206"}],"curies":[{"name":"wp","href":"https:\/\/api.w.org\/{rel}","templated":true}]}}