{"id":73167,"date":"2023-12-06T13:36:00","date_gmt":"2023-12-06T12:36:00","guid":{"rendered":"https:\/\/swissbaker.ch\/?p=73167"},"modified":"2023-12-07T15:02:05","modified_gmt":"2023-12-07T14:02:05","slug":"question-sur-le-vif","status":"publish","type":"post","link":"https:\/\/swissbaker.ch\/fr\/panissimo-news\/question-sur-le-vif\/","title":{"rendered":"Questions sur le vif"},"content":{"rendered":"\n<p><strong>Juste apr\u00e8s la remise des prix, \u00ab Panissimo \u00bb a demand\u00e9 aux laur\u00e9ates des SwissSkills Championships 2023 quels \u00e9taient leurs exp\u00e9riences et leurs conseils personnels pour r\u00e9ussir.<\/strong><\/p>\n\n\n\n<p>Les derniers h\u00f4tes s\u2019attardaient encore au traditionnel ap\u00e9ritif, les SwissSkills Championships 2023 touchaient \u00e0 leur fin. Judith Knellwolf, laur\u00e9ate en p\u00e2tisserie-confiserie, Jasmin Ruoss, en commerce de d\u00e9tail, et Alice W\u00fcthrich, en boulangerie-p\u00e2tisserie, commen\u00e7aient \u00e0 prendre conscience de leur succ\u00e8s aux championnats des m\u00e9tiers ; aucune d\u2019entre elles ne s\u2019attendait \u00e0 monter sur la plus haute marche du podium. \u00ab Chez nous, il y avait deux groupes de quatre personnes chacun. Nous savions comment cela se passait pour les autres au sein de notre groupe, mais nous n\u2019avions aucune id\u00e9e du niveau des quatre autres \u00bb, explique Jasmin Ruoss. Chez les p\u00e2tissi\u00e8res-confiseuses, Judith Knellwolf a \u00e9t\u00e9 impressionn\u00e9e par le niveau de ses concurrentes. \u00ab J\u2019attendais donc la c\u00e9r\u00e9monie de cl\u00f4ture avec impatience. \u00bb \u00ab J\u2019ai mis du c\u0153ur \u00e0 l\u2019ouvrage, mais je ne pensais pas que cela suffirait, \u00bb confie Alice W\u00fcthrich, \u00ab je suis donc d\u2019autant plus heureuse. \u00bb<\/p>\n\n\n\n<h2 class=\"wp-block-heading\" id=\"h-des-defis-a-relever\">DES D\u00c9FIS \u00c0 RELEVER \u2026<\/h2>\n\n\n\n<p>Selon les championnes du commerce de d\u00e9tail et de la p\u00e2tisserie-confiserie, la pression du temps a constitu\u00e9 un grand d\u00e9fi. Il n\u2019y a pas que les t\u00e2ches \u00e0 accomplir dans les temps impartis pour la comp\u00e9tition. \u00ab La ponctualit\u00e9 est \u00e9galement de mise pour la mise en place et le rangement \u00bb, a d\u00e9clar\u00e9 Judith Knellwolf. Cela doit \u00e9galement \u00eatre pris en compte. A la maison, il fallait en outre pr\u00eater une attention particuli\u00e8re \u00e0 l\u2019emballage, ajoute Alice W\u00fcthrich de la boulangerie-p\u00e2tisserie, \u00ab emballer la pi\u00e8ce d\u2019exposition de mani\u00e8re qu\u2019elle soit transportable est particuli\u00e8rement d\u00e9licat \u00bb.<\/p>\n\n\n\n<h2 class=\"wp-block-heading\" id=\"h-des-secrets-de-reussite\">DES SECRETS DE R\u00c9USSITE \u2026<\/h2>\n\n\n\n<p>\u00ab Le soutien de tous, de mon entreprise, de ma famille et de mon cercle d\u2019amis m\u2019a beaucoup aid\u00e9e \u00bb, confie Jasmin Ruoss. La repr\u00e9sentante de la boulangerie-p\u00e2tisserie abonde dans son sens : \u00ab Ce soutien est d\u2019une aide pr\u00e9cieuse lors de la pr\u00e9paration. \u00bb Judith Knellwolf r\u00e9v\u00e8le une autre astuce pour aborder sereinement la comp\u00e9tition proprement dite : ce qui l\u2019a aid\u00e9e, c\u2019est de ne pas se laisser abattre par les revers. La comp\u00e9tition lui a appris ceci : \u00ab Il faut toujours regarder en avant. Il ne faut pas s\u2019attarder sur un \u00e9chec ; le cas \u00e9ch\u00e9ant, il vaut mieux passer directement \u00e0 la t\u00e2che suivante \u00bb.<\/p>\n\n\n\n<h2 class=\"wp-block-heading\" id=\"h-et-des-conclusions-probantes\">ET DES CONCLUSIONS PROBANTES \u2026<\/h2>\n\n\n\n<p>Les enseignements des trois heureuses laur\u00e9ates sont tr\u00e8s positifs. Pour Jasmin Ruoss, \u00ab ces deux mois et demi ont \u00e9t\u00e9 intensifs, ils sont pass\u00e9s tr\u00e8s vite. Et la coh\u00e9sion \u00e9tait cool. \u00bb \u00ab On peut faire beaucoup de choses en pers\u00e9v\u00e9rant et en investissant du temps \u00bb, selon Judith Knellwolf. Alice W\u00fcthrich la rejoint sur ce point : \u00ab Sans oublier la passion pour ce que l\u2019on fait, elle est \u00e0 la base de tout. \u00bb<\/p>\n\n\n\n<p class=\"has-text-align-right\">Diego Schwerzmann<\/p>\n","protected":false},"excerpt":{"rendered":"<p>Juste apr\u00e8s la remise des prix, \u00ab Panissimo \u00bb a demand\u00e9 aux laur\u00e9ates des SwissSkills Championships 2023 quels \u00e9taient leurs exp\u00e9riences et leurs conseils personnels pour r\u00e9ussir. Les derniers h\u00f4tes s\u2019attardaient encore au traditionnel ap\u00e9ritif, les SwissSkills Championships 2023 touchaient \u00e0 leur fin. Judith Knellwolf, laur\u00e9ate en p\u00e2tisserie-confiserie, Jasmin Ruoss, en commerce de d\u00e9tail, et Alice W\u00fcthrich, en boulangerie-p\u00e2tisserie, commen\u00e7aient [&hellip;]<\/p>\n","protected":false},"author":4,"featured_media":73163,"comment_status":"closed","ping_status":"closed","sticky":true,"template":"","format":"standard","meta":{"_acf_changed":false,"footnotes":""},"categories":[43],"tags":[],"class_list":["post-73167","post","type-post","status-publish","format-standard","has-post-thumbnail","hentry","category-concours"],"acf":[],"yoast_head":"<!-- This site is optimized with the Yoast SEO Premium plugin v26.8 (Yoast SEO v26.8) - https:\/\/yoast.com\/product\/yoast-seo-premium-wordpress\/ -->\n<title>Questions sur le vif | SBC<\/title>\n<meta name=\"description\" content=\"Juste apr\u00e8s la remise des prix, \u00abPanissimo\u00bb a demand\u00e9 aux laur\u00e9ates quels \u00e9taient leurs exp\u00e9riences et leurs conseils personnels pour r\u00e9ussir.\" \/>\n<meta name=\"robots\" content=\"index, follow, max-snippet:-1, max-image-preview:large, max-video-preview:-1\" \/>\n<link rel=\"canonical\" href=\"https:\/\/swissbaker.ch\/fr\/panissimo-news\/question-sur-le-vif\/\" \/>\n<meta property=\"og:locale\" content=\"fr_FR\" \/>\n<meta property=\"og:type\" content=\"article\" \/>\n<meta property=\"og:title\" content=\"Questions sur le vif\" \/>\n<meta property=\"og:description\" content=\"Juste apr\u00e8s la remise des prix, \u00abPanissimo\u00bb a demand\u00e9 aux laur\u00e9ates quels \u00e9taient leurs exp\u00e9riences et leurs conseils personnels pour r\u00e9ussir.\" \/>\n<meta property=\"og:url\" content=\"https:\/\/swissbaker.ch\/fr\/panissimo-news\/question-sur-le-vif\/\" \/>\n<meta property=\"og:site_name\" content=\"SBC\" \/>\n<meta property=\"article:publisher\" content=\"https:\/\/www.facebook.com\/swissbaker.ch\" \/>\n<meta property=\"article:published_time\" content=\"2023-12-06T12:36:00+00:00\" \/>\n<meta property=\"article:modified_time\" content=\"2023-12-07T14:02:05+00:00\" \/>\n<meta property=\"og:image\" content=\"https:\/\/swissbaker.ch\/wp-content\/uploads\/2023\/12\/dsf9730-1024x768.jpg\" \/>\n\t<meta property=\"og:image:width\" content=\"1024\" \/>\n\t<meta property=\"og:image:height\" content=\"768\" \/>\n\t<meta property=\"og:image:type\" content=\"image\/jpeg\" \/>\n<meta name=\"author\" content=\"Elina Laich\" \/>\n<meta name=\"twitter:card\" content=\"summary_large_image\" \/>\n<meta name=\"twitter:creator\" content=\"@ch_swissbaker\" \/>\n<meta name=\"twitter:site\" content=\"@ch_swissbaker\" \/>\n<meta name=\"twitter:label1\" content=\"Written by\" \/>\n\t<meta name=\"twitter:data1\" content=\"Elina Laich\" \/>\n\t<meta name=\"twitter:label2\" content=\"Est. reading time\" \/>\n\t<meta name=\"twitter:data2\" content=\"3 minutes\" \/>\n<script type=\"application\/ld+json\" class=\"yoast-schema-graph\">{\"@context\":\"https:\/\/schema.org\",\"@graph\":[{\"@type\":\"Article\",\"@id\":\"https:\/\/swissbaker.ch\/fr\/panissimo-news\/question-sur-le-vif\/#article\",\"isPartOf\":{\"@id\":\"https:\/\/swissbaker.ch\/fr\/panissimo-news\/question-sur-le-vif\/\"},\"author\":{\"name\":\"Elina Laich\",\"@id\":\"https:\/\/swissbaker.ch\/fr\/#\/schema\/person\/0c7464407782a0917d6e91a74206a176\"},\"headline\":\"Questions sur le vif\",\"datePublished\":\"2023-12-06T12:36:00+00:00\",\"dateModified\":\"2023-12-07T14:02:05+00:00\",\"mainEntityOfPage\":{\"@id\":\"https:\/\/swissbaker.ch\/fr\/panissimo-news\/question-sur-le-vif\/\"},\"wordCount\":510,\"publisher\":{\"@id\":\"https:\/\/swissbaker.ch\/fr\/#organization\"},\"image\":{\"@id\":\"https:\/\/swissbaker.ch\/fr\/panissimo-news\/question-sur-le-vif\/#primaryimage\"},\"thumbnailUrl\":\"https:\/\/swissbaker.ch\/wp-content\/uploads\/2023\/12\/dsf9730.jpg\",\"articleSection\":[\"Concours\"],\"inLanguage\":\"fr-FR\"},{\"@type\":\"WebPage\",\"@id\":\"https:\/\/swissbaker.ch\/fr\/panissimo-news\/question-sur-le-vif\/\",\"url\":\"https:\/\/swissbaker.ch\/fr\/panissimo-news\/question-sur-le-vif\/\",\"name\":\"Questions sur le vif | SBC\",\"isPartOf\":{\"@id\":\"https:\/\/swissbaker.ch\/fr\/#website\"},\"primaryImageOfPage\":{\"@id\":\"https:\/\/swissbaker.ch\/fr\/panissimo-news\/question-sur-le-vif\/#primaryimage\"},\"image\":{\"@id\":\"https:\/\/swissbaker.ch\/fr\/panissimo-news\/question-sur-le-vif\/#primaryimage\"},\"thumbnailUrl\":\"https:\/\/swissbaker.ch\/wp-content\/uploads\/2023\/12\/dsf9730.jpg\",\"datePublished\":\"2023-12-06T12:36:00+00:00\",\"dateModified\":\"2023-12-07T14:02:05+00:00\",\"description\":\"Juste apr\u00e8s la remise des prix, \u00abPanissimo\u00bb a demand\u00e9 aux laur\u00e9ates quels \u00e9taient leurs exp\u00e9riences et leurs conseils personnels pour r\u00e9ussir.\",\"breadcrumb\":{\"@id\":\"https:\/\/swissbaker.ch\/fr\/panissimo-news\/question-sur-le-vif\/#breadcrumb\"},\"inLanguage\":\"fr-FR\",\"potentialAction\":[{\"@type\":\"ReadAction\",\"target\":[\"https:\/\/swissbaker.ch\/fr\/panissimo-news\/question-sur-le-vif\/\"]}]},{\"@type\":\"ImageObject\",\"inLanguage\":\"fr-FR\",\"@id\":\"https:\/\/swissbaker.ch\/fr\/panissimo-news\/question-sur-le-vif\/#primaryimage\",\"url\":\"https:\/\/swissbaker.ch\/wp-content\/uploads\/2023\/12\/dsf9730.jpg\",\"contentUrl\":\"https:\/\/swissbaker.ch\/wp-content\/uploads\/2023\/12\/dsf9730.jpg\",\"width\":9530,\"height\":7147,\"caption\":\"Alice W\u00fcthrich, Jasmin Ruoss und Judith Knellwolf\"},{\"@type\":\"BreadcrumbList\",\"@id\":\"https:\/\/swissbaker.ch\/fr\/panissimo-news\/question-sur-le-vif\/#breadcrumb\",\"itemListElement\":[{\"@type\":\"ListItem\",\"position\":1,\"name\":\"\",\"item\":\"https:\/\/swissbaker.ch\/fr\/\"},{\"@type\":\"ListItem\",\"position\":2,\"name\":\"Concours\",\"item\":\"https:\/\/swissbaker.ch\/fr\/panissimo-news\/category\/concours\/\"},{\"@type\":\"ListItem\",\"position\":3,\"name\":\"Questions sur le vif\"}]},{\"@type\":\"WebSite\",\"@id\":\"https:\/\/swissbaker.ch\/fr\/#website\",\"url\":\"https:\/\/swissbaker.ch\/fr\/\",\"name\":\"SBC\",\"description\":\"\",\"publisher\":{\"@id\":\"https:\/\/swissbaker.ch\/fr\/#organization\"},\"potentialAction\":[{\"@type\":\"SearchAction\",\"target\":{\"@type\":\"EntryPoint\",\"urlTemplate\":\"https:\/\/swissbaker.ch\/fr\/?s={search_term_string}\"},\"query-input\":{\"@type\":\"PropertyValueSpecification\",\"valueRequired\":true,\"valueName\":\"search_term_string\"}}],\"inLanguage\":\"fr-FR\"},{\"@type\":\"Organization\",\"@id\":\"https:\/\/swissbaker.ch\/fr\/#organization\",\"name\":\"Schweizerischer B\u00e4cker-Confiseurmeister-Verband\",\"url\":\"https:\/\/swissbaker.ch\/fr\/\",\"logo\":{\"@type\":\"ImageObject\",\"inLanguage\":\"fr-FR\",\"@id\":\"https:\/\/swissbaker.ch\/fr\/#\/schema\/logo\/image\/\",\"url\":\"https:\/\/swissbaker.ch\/wp-content\/uploads\/2022\/04\/sbc-logo-yoast.jpg\",\"contentUrl\":\"https:\/\/swissbaker.ch\/wp-content\/uploads\/2022\/04\/sbc-logo-yoast.jpg\",\"width\":512,\"height\":512,\"caption\":\"Schweizerischer B\u00e4cker-Confiseurmeister-Verband\"},\"image\":{\"@id\":\"https:\/\/swissbaker.ch\/fr\/#\/schema\/logo\/image\/\"},\"sameAs\":[\"https:\/\/www.facebook.com\/swissbaker.ch\",\"https:\/\/x.com\/ch_swissbaker\"]},{\"@type\":\"Person\",\"@id\":\"https:\/\/swissbaker.ch\/fr\/#\/schema\/person\/0c7464407782a0917d6e91a74206a176\",\"name\":\"Elina Laich\",\"image\":{\"@type\":\"ImageObject\",\"inLanguage\":\"fr-FR\",\"@id\":\"https:\/\/swissbaker.ch\/fr\/#\/schema\/person\/image\/\",\"url\":\"https:\/\/secure.gravatar.com\/avatar\/f942ca5f8668781d3ded9592a21de46001e053aff264ff1c6deb97b59d3604b2?s=96&d=mm&r=g\",\"contentUrl\":\"https:\/\/secure.gravatar.com\/avatar\/f942ca5f8668781d3ded9592a21de46001e053aff264ff1c6deb97b59d3604b2?s=96&d=mm&r=g\",\"caption\":\"Elina Laich\"},\"url\":\"https:\/\/swissbaker.ch\/fr\/panissimo-news\/author\/elina-laich\/\"}]}<\/script>\n<!-- \/ Yoast SEO Premium plugin. -->","yoast_head_json":{"title":"Questions sur le vif | SBC","description":"Juste apr\u00e8s la remise des prix, \u00abPanissimo\u00bb a demand\u00e9 aux laur\u00e9ates quels \u00e9taient leurs exp\u00e9riences et leurs conseils personnels pour r\u00e9ussir.","robots":{"index":"index","follow":"follow","max-snippet":"max-snippet:-1","max-image-preview":"max-image-preview:large","max-video-preview":"max-video-preview:-1"},"canonical":"https:\/\/swissbaker.ch\/fr\/panissimo-news\/question-sur-le-vif\/","og_locale":"fr_FR","og_type":"article","og_title":"Questions sur le vif","og_description":"Juste apr\u00e8s la remise des prix, \u00abPanissimo\u00bb a demand\u00e9 aux laur\u00e9ates quels \u00e9taient leurs exp\u00e9riences et leurs conseils personnels pour r\u00e9ussir.","og_url":"https:\/\/swissbaker.ch\/fr\/panissimo-news\/question-sur-le-vif\/","og_site_name":"SBC","article_publisher":"https:\/\/www.facebook.com\/swissbaker.ch","article_published_time":"2023-12-06T12:36:00+00:00","article_modified_time":"2023-12-07T14:02:05+00:00","og_image":[{"width":1024,"height":768,"url":"https:\/\/swissbaker.ch\/wp-content\/uploads\/2023\/12\/dsf9730-1024x768.jpg","type":"image\/jpeg"}],"author":"Elina Laich","twitter_card":"summary_large_image","twitter_creator":"@ch_swissbaker","twitter_site":"@ch_swissbaker","twitter_misc":{"Written by":"Elina Laich","Est. reading time":"3 minutes"},"schema":{"@context":"https:\/\/schema.org","@graph":[{"@type":"Article","@id":"https:\/\/swissbaker.ch\/fr\/panissimo-news\/question-sur-le-vif\/#article","isPartOf":{"@id":"https:\/\/swissbaker.ch\/fr\/panissimo-news\/question-sur-le-vif\/"},"author":{"name":"Elina Laich","@id":"https:\/\/swissbaker.ch\/fr\/#\/schema\/person\/0c7464407782a0917d6e91a74206a176"},"headline":"Questions sur le vif","datePublished":"2023-12-06T12:36:00+00:00","dateModified":"2023-12-07T14:02:05+00:00","mainEntityOfPage":{"@id":"https:\/\/swissbaker.ch\/fr\/panissimo-news\/question-sur-le-vif\/"},"wordCount":510,"publisher":{"@id":"https:\/\/swissbaker.ch\/fr\/#organization"},"image":{"@id":"https:\/\/swissbaker.ch\/fr\/panissimo-news\/question-sur-le-vif\/#primaryimage"},"thumbnailUrl":"https:\/\/swissbaker.ch\/wp-content\/uploads\/2023\/12\/dsf9730.jpg","articleSection":["Concours"],"inLanguage":"fr-FR"},{"@type":"WebPage","@id":"https:\/\/swissbaker.ch\/fr\/panissimo-news\/question-sur-le-vif\/","url":"https:\/\/swissbaker.ch\/fr\/panissimo-news\/question-sur-le-vif\/","name":"Questions sur le vif | SBC","isPartOf":{"@id":"https:\/\/swissbaker.ch\/fr\/#website"},"primaryImageOfPage":{"@id":"https:\/\/swissbaker.ch\/fr\/panissimo-news\/question-sur-le-vif\/#primaryimage"},"image":{"@id":"https:\/\/swissbaker.ch\/fr\/panissimo-news\/question-sur-le-vif\/#primaryimage"},"thumbnailUrl":"https:\/\/swissbaker.ch\/wp-content\/uploads\/2023\/12\/dsf9730.jpg","datePublished":"2023-12-06T12:36:00+00:00","dateModified":"2023-12-07T14:02:05+00:00","description":"Juste apr\u00e8s la remise des prix, \u00abPanissimo\u00bb a demand\u00e9 aux laur\u00e9ates quels \u00e9taient leurs exp\u00e9riences et leurs conseils personnels pour r\u00e9ussir.","breadcrumb":{"@id":"https:\/\/swissbaker.ch\/fr\/panissimo-news\/question-sur-le-vif\/#breadcrumb"},"inLanguage":"fr-FR","potentialAction":[{"@type":"ReadAction","target":["https:\/\/swissbaker.ch\/fr\/panissimo-news\/question-sur-le-vif\/"]}]},{"@type":"ImageObject","inLanguage":"fr-FR","@id":"https:\/\/swissbaker.ch\/fr\/panissimo-news\/question-sur-le-vif\/#primaryimage","url":"https:\/\/swissbaker.ch\/wp-content\/uploads\/2023\/12\/dsf9730.jpg","contentUrl":"https:\/\/swissbaker.ch\/wp-content\/uploads\/2023\/12\/dsf9730.jpg","width":9530,"height":7147,"caption":"Alice W\u00fcthrich, Jasmin Ruoss und Judith Knellwolf"},{"@type":"BreadcrumbList","@id":"https:\/\/swissbaker.ch\/fr\/panissimo-news\/question-sur-le-vif\/#breadcrumb","itemListElement":[{"@type":"ListItem","position":1,"name":"","item":"https:\/\/swissbaker.ch\/fr\/"},{"@type":"ListItem","position":2,"name":"Concours","item":"https:\/\/swissbaker.ch\/fr\/panissimo-news\/category\/concours\/"},{"@type":"ListItem","position":3,"name":"Questions sur le vif"}]},{"@type":"WebSite","@id":"https:\/\/swissbaker.ch\/fr\/#website","url":"https:\/\/swissbaker.ch\/fr\/","name":"SBC","description":"","publisher":{"@id":"https:\/\/swissbaker.ch\/fr\/#organization"},"potentialAction":[{"@type":"SearchAction","target":{"@type":"EntryPoint","urlTemplate":"https:\/\/swissbaker.ch\/fr\/?s={search_term_string}"},"query-input":{"@type":"PropertyValueSpecification","valueRequired":true,"valueName":"search_term_string"}}],"inLanguage":"fr-FR"},{"@type":"Organization","@id":"https:\/\/swissbaker.ch\/fr\/#organization","name":"Schweizerischer B\u00e4cker-Confiseurmeister-Verband","url":"https:\/\/swissbaker.ch\/fr\/","logo":{"@type":"ImageObject","inLanguage":"fr-FR","@id":"https:\/\/swissbaker.ch\/fr\/#\/schema\/logo\/image\/","url":"https:\/\/swissbaker.ch\/wp-content\/uploads\/2022\/04\/sbc-logo-yoast.jpg","contentUrl":"https:\/\/swissbaker.ch\/wp-content\/uploads\/2022\/04\/sbc-logo-yoast.jpg","width":512,"height":512,"caption":"Schweizerischer B\u00e4cker-Confiseurmeister-Verband"},"image":{"@id":"https:\/\/swissbaker.ch\/fr\/#\/schema\/logo\/image\/"},"sameAs":["https:\/\/www.facebook.com\/swissbaker.ch","https:\/\/x.com\/ch_swissbaker"]},{"@type":"Person","@id":"https:\/\/swissbaker.ch\/fr\/#\/schema\/person\/0c7464407782a0917d6e91a74206a176","name":"Elina Laich","image":{"@type":"ImageObject","inLanguage":"fr-FR","@id":"https:\/\/swissbaker.ch\/fr\/#\/schema\/person\/image\/","url":"https:\/\/secure.gravatar.com\/avatar\/f942ca5f8668781d3ded9592a21de46001e053aff264ff1c6deb97b59d3604b2?s=96&d=mm&r=g","contentUrl":"https:\/\/secure.gravatar.com\/avatar\/f942ca5f8668781d3ded9592a21de46001e053aff264ff1c6deb97b59d3604b2?s=96&d=mm&r=g","caption":"Elina Laich"},"url":"https:\/\/swissbaker.ch\/fr\/panissimo-news\/author\/elina-laich\/"}]}},"_links":{"self":[{"href":"https:\/\/swissbaker.ch\/fr\/wp-json\/wp\/v2\/posts\/73167","targetHints":{"allow":["GET"]}}],"collection":[{"href":"https:\/\/swissbaker.ch\/fr\/wp-json\/wp\/v2\/posts"}],"about":[{"href":"https:\/\/swissbaker.ch\/fr\/wp-json\/wp\/v2\/types\/post"}],"author":[{"embeddable":true,"href":"https:\/\/swissbaker.ch\/fr\/wp-json\/wp\/v2\/users\/4"}],"replies":[{"embeddable":true,"href":"https:\/\/swissbaker.ch\/fr\/wp-json\/wp\/v2\/comments?post=73167"}],"version-history":[{"count":0,"href":"https:\/\/swissbaker.ch\/fr\/wp-json\/wp\/v2\/posts\/73167\/revisions"}],"wp:featuredmedia":[{"embeddable":true,"href":"https:\/\/swissbaker.ch\/fr\/wp-json\/wp\/v2\/media\/73163"}],"wp:attachment":[{"href":"https:\/\/swissbaker.ch\/fr\/wp-json\/wp\/v2\/media?parent=73167"}],"wp:term":[{"taxonomy":"category","embeddable":true,"href":"https:\/\/swissbaker.ch\/fr\/wp-json\/wp\/v2\/categories?post=73167"},{"taxonomy":"post_tag","embeddable":true,"href":"https:\/\/swissbaker.ch\/fr\/wp-json\/wp\/v2\/tags?post=73167"}],"curies":[{"name":"wp","href":"https:\/\/api.w.org\/{rel}","templated":true}]}}