{"id":7303,"date":"2022-03-22T16:12:00","date_gmt":"2022-03-22T15:12:00","guid":{"rendered":"https:\/\/swissbaker.ch\/?p=7303"},"modified":"2022-04-29T10:21:11","modified_gmt":"2022-04-29T08:21:11","slug":"le-pain-suisse-photos-du-magasin","status":"publish","type":"post","link":"https:\/\/swissbaker.ch\/fr\/panissimo-news\/le-pain-suisse-photos-du-magasin\/","title":{"rendered":"Le pain suisse \u2013 photos du magasin"},"content":{"rendered":"\n<p><strong>L\u2019association Pain suisse (APS) et l\u2019Association suisse des patrons boulangers-confiseurs (BCS) sont \u00e0 la recherche de boulangeries-confiseries qui utilisent activement dans la vente la marque de \u00ab Pain suisse \u00bb lanc\u00e9e \u00e0 la fin de l\u2019\u00e9t\u00e9.<\/strong><\/p>\n\n\n\n<p><strong>Envoyez-nous \u00e0&nbsp;<a href=\"javascript:linkTo_UnCryptMailto('ocknvq,rcpkuukoqBuykuudcmgt0ej');\">panissimo(at)swissbaker.ch<\/a>&nbsp;des photos de votre magasin et de vos produits ou emballages marqu\u00e9s. Nous les publierons sur les plates-formes de communication de l\u2019APS ainsi que sur celles de la BCS.<\/strong><\/p>\n\n\n\n<p>En ao\u00fbt, l\u2019association Pain suisse (APS) a lanc\u00e9 le label \u00ab&nbsp;Pain suisse&nbsp;\u00bb. Un nombre r\u00e9jouissant de membres de l\u2019Association suisse des patrons boulangers-confiseurs (BCS) ont demand\u00e9 le logo de la marque sur&nbsp;<a href=\"https:\/\/painsuisse.ch\/logodelamarque\/\" target=\"_blank\" rel=\"noreferrer noopener\">painsuisse.ch\/logodelamarque<\/a>. L\u2019objectif de cette campagne est de cr\u00e9er la transparence n\u00e9cessaire dans la production, la transformation et la vente de produits c\u00e9r\u00e9aliers.<\/p>\n\n\n\n<h2 class=\"wp-block-heading\" id=\"h-creer-de-la-transparence\">Cr\u00e9er de la transparence<\/h2>\n\n\n\n<p>La baisse des ventes et l\u2019augmentation constante des importations de pain et d\u2019articles de boulangerie \u00e9trangers sont les raisons pour lesquelles l\u2019APS, dont la BCS est membre, a lanc\u00e9 l\u2019automne dernier une offensive sur le march\u00e9 en faveur du pain suisse. \u00ab\u00a0Les consommateurs pr\u00e9f\u00e8rent nettement le pain suisse au pain \u00e9tranger\u00a0\u00bb, affirme Stephan Scheuner, directeur de l\u2019APS, \u00e0 \u00ab\u00a0Panissimo\u00a0\u00bb.<\/p>\n\n\n\n<p>La d\u00e9claration ne fait pas seulement clairement r\u00e9f\u00e9rence \u00e0 l\u2019origine suisse, elle a aussi pour but de rendre visible l\u2019augmentation des importations de produits de boulangerie. La transparence doit \u00eatre accrue. \u00ab&nbsp;La nouvelle marque doit avoir un effet stimulant sur les ventes&nbsp;\u00bb, souligne M. Scheuner.<\/p>\n\n\n\n<h2 class=\"wp-block-heading\" id=\"h-les-criteres\">Les crit\u00e8res<\/h2>\n\n\n\n<p>Ceux qui n\u2019ont pas encore demand\u00e9 le logo de la marque peuvent encore le faire. Les crit\u00e8res suivants doivent \u00eatre remplis:<\/p>\n\n\n\n<ul class=\"wp-block-list\"><li>80\u2009% des mati\u00e8res premi\u00e8res doivent provenir de Suisse, la base \u00e9tant au minimum la qualit\u00e9 Suisse-Garantie.<\/li><li>La marque de garantie Suisse-Garantie est utilis\u00e9e jusqu\u2019\u00e0 la sortie du centre de collecte.<\/li><li>La transformation doit avoir lieu \u00e0 100\u2009% en Suisse.<\/li><li>&nbsp;L\u2019application est valable pour le pain (normal\/sp\u00e9cial), les petits pains (p.ex. petits pains au lait, croissants et ballons) et le pain sandwich.<\/li><\/ul>\n\n\n\n<p>Inscription et informations:&nbsp;<a href=\"https:\/\/painsuisse.ch\/logodelamarque\/\" target=\"_blank\" rel=\"noreferrer noopener\">painsuisse.ch\/logodelamarque<\/a><\/p>\n","protected":false},"excerpt":{"rendered":"<p>L\u2019association Pain suisse (APS) et l\u2019Association suisse des patrons boulangers-confiseurs (BCS) sont \u00e0 la recherche de boulangeries-confiseries qui utilisent activement dans la vente la marque de \u00ab Pain suisse \u00bb lanc\u00e9e \u00e0 la fin de l\u2019\u00e9t\u00e9. Envoyez-nous \u00e0&nbsp;panissimo(at)swissbaker.ch&nbsp;des photos de votre magasin et de vos produits ou emballages marqu\u00e9s. Nous les publierons sur les plates-formes de communication de l\u2019APS ainsi [&hellip;]<\/p>\n","protected":false},"author":1,"featured_media":5031,"comment_status":"open","ping_status":"closed","sticky":false,"template":"","format":"standard","meta":{"_acf_changed":false,"footnotes":""},"categories":[39,50],"tags":[],"class_list":["post-7303","post","type-post","status-publish","format-standard","has-post-thumbnail","hentry","category-de-la-branche","category-vente-marketing"],"acf":[],"yoast_head":"<!-- This site is optimized with the Yoast SEO Premium plugin v26.8 (Yoast SEO v26.8) - https:\/\/yoast.com\/product\/yoast-seo-premium-wordpress\/ -->\n<title>Le pain suisse \u2013 photos du magasin | SBC<\/title>\n<meta name=\"robots\" content=\"index, follow, max-snippet:-1, max-image-preview:large, max-video-preview:-1\" \/>\n<link rel=\"canonical\" href=\"https:\/\/swissbaker.ch\/fr\/panissimo-news\/le-pain-suisse-photos-du-magasin\/\" \/>\n<meta property=\"og:locale\" content=\"fr_FR\" \/>\n<meta property=\"og:type\" content=\"article\" \/>\n<meta property=\"og:title\" content=\"Le pain suisse \u2013 photos du magasin\" \/>\n<meta property=\"og:description\" content=\"L\u2019association Pain suisse (APS) et l\u2019Association suisse des patrons boulangers-confiseurs (BCS) sont \u00e0 la recherche de boulangeries-confiseries qui utilisent activement dans la vente la marque de \u00ab Pain suisse \u00bb lanc\u00e9e \u00e0 la fin de l\u2019\u00e9t\u00e9. Envoyez-nous \u00e0&nbsp;panissimo(at)swissbaker.ch&nbsp;des photos de votre magasin et de vos produits ou emballages marqu\u00e9s. Nous les publierons sur les plates-formes de communication de l\u2019APS ainsi [&hellip;]\" \/>\n<meta property=\"og:url\" content=\"https:\/\/swissbaker.ch\/fr\/panissimo-news\/le-pain-suisse-photos-du-magasin\/\" \/>\n<meta property=\"og:site_name\" content=\"SBC\" \/>\n<meta property=\"article:publisher\" content=\"https:\/\/www.facebook.com\/swissbaker.ch\" \/>\n<meta property=\"article:published_time\" content=\"2022-03-22T15:12:00+00:00\" \/>\n<meta property=\"article:modified_time\" content=\"2022-04-29T08:21:11+00:00\" \/>\n<meta property=\"og:image\" content=\"https:\/\/swissbaker.ch\/wp-content\/uploads\/2022\/03\/6_1_schweizerbrot.jpg\" \/>\n\t<meta property=\"og:image:width\" content=\"800\" \/>\n\t<meta property=\"og:image:height\" content=\"474\" \/>\n\t<meta property=\"og:image:type\" content=\"image\/jpeg\" \/>\n<meta name=\"author\" content=\"azureart\" \/>\n<meta name=\"twitter:card\" content=\"summary_large_image\" \/>\n<meta name=\"twitter:creator\" content=\"@ch_swissbaker\" \/>\n<meta name=\"twitter:site\" content=\"@ch_swissbaker\" \/>\n<meta name=\"twitter:label1\" content=\"Written by\" \/>\n\t<meta name=\"twitter:data1\" content=\"azureart\" \/>\n\t<meta name=\"twitter:label2\" content=\"Est. reading time\" \/>\n\t<meta name=\"twitter:data2\" content=\"2 minutes\" \/>\n<script type=\"application\/ld+json\" class=\"yoast-schema-graph\">{\"@context\":\"https:\/\/schema.org\",\"@graph\":[{\"@type\":\"Article\",\"@id\":\"https:\/\/swissbaker.ch\/fr\/panissimo-news\/le-pain-suisse-photos-du-magasin\/#article\",\"isPartOf\":{\"@id\":\"https:\/\/swissbaker.ch\/fr\/panissimo-news\/le-pain-suisse-photos-du-magasin\/\"},\"author\":{\"name\":\"azureart\",\"@id\":\"https:\/\/swissbaker.ch\/fr\/#\/schema\/person\/058ac47619f7da53df62aba60f939b78\"},\"headline\":\"Le pain suisse \u2013 photos du magasin\",\"datePublished\":\"2022-03-22T15:12:00+00:00\",\"dateModified\":\"2022-04-29T08:21:11+00:00\",\"mainEntityOfPage\":{\"@id\":\"https:\/\/swissbaker.ch\/fr\/panissimo-news\/le-pain-suisse-photos-du-magasin\/\"},\"wordCount\":368,\"commentCount\":0,\"publisher\":{\"@id\":\"https:\/\/swissbaker.ch\/fr\/#organization\"},\"image\":{\"@id\":\"https:\/\/swissbaker.ch\/fr\/panissimo-news\/le-pain-suisse-photos-du-magasin\/#primaryimage\"},\"thumbnailUrl\":\"https:\/\/swissbaker.ch\/wp-content\/uploads\/2022\/03\/6_1_schweizerbrot.jpg\",\"articleSection\":[\"De la branche\",\"Vente\/Marketing\"],\"inLanguage\":\"fr-FR\",\"potentialAction\":[{\"@type\":\"CommentAction\",\"name\":\"Comment\",\"target\":[\"https:\/\/swissbaker.ch\/fr\/panissimo-news\/le-pain-suisse-photos-du-magasin\/#respond\"]}]},{\"@type\":\"WebPage\",\"@id\":\"https:\/\/swissbaker.ch\/fr\/panissimo-news\/le-pain-suisse-photos-du-magasin\/\",\"url\":\"https:\/\/swissbaker.ch\/fr\/panissimo-news\/le-pain-suisse-photos-du-magasin\/\",\"name\":\"Le pain suisse \u2013 photos du magasin | SBC\",\"isPartOf\":{\"@id\":\"https:\/\/swissbaker.ch\/fr\/#website\"},\"primaryImageOfPage\":{\"@id\":\"https:\/\/swissbaker.ch\/fr\/panissimo-news\/le-pain-suisse-photos-du-magasin\/#primaryimage\"},\"image\":{\"@id\":\"https:\/\/swissbaker.ch\/fr\/panissimo-news\/le-pain-suisse-photos-du-magasin\/#primaryimage\"},\"thumbnailUrl\":\"https:\/\/swissbaker.ch\/wp-content\/uploads\/2022\/03\/6_1_schweizerbrot.jpg\",\"datePublished\":\"2022-03-22T15:12:00+00:00\",\"dateModified\":\"2022-04-29T08:21:11+00:00\",\"breadcrumb\":{\"@id\":\"https:\/\/swissbaker.ch\/fr\/panissimo-news\/le-pain-suisse-photos-du-magasin\/#breadcrumb\"},\"inLanguage\":\"fr-FR\",\"potentialAction\":[{\"@type\":\"ReadAction\",\"target\":[\"https:\/\/swissbaker.ch\/fr\/panissimo-news\/le-pain-suisse-photos-du-magasin\/\"]}]},{\"@type\":\"ImageObject\",\"inLanguage\":\"fr-FR\",\"@id\":\"https:\/\/swissbaker.ch\/fr\/panissimo-news\/le-pain-suisse-photos-du-magasin\/#primaryimage\",\"url\":\"https:\/\/swissbaker.ch\/wp-content\/uploads\/2022\/03\/6_1_schweizerbrot.jpg\",\"contentUrl\":\"https:\/\/swissbaker.ch\/wp-content\/uploads\/2022\/03\/6_1_schweizerbrot.jpg\",\"width\":800,\"height\":474,\"caption\":\"Le pain suisse \u2013 photos du magasin\"},{\"@type\":\"BreadcrumbList\",\"@id\":\"https:\/\/swissbaker.ch\/fr\/panissimo-news\/le-pain-suisse-photos-du-magasin\/#breadcrumb\",\"itemListElement\":[{\"@type\":\"ListItem\",\"position\":1,\"name\":\"\",\"item\":\"https:\/\/swissbaker.ch\/fr\/\"},{\"@type\":\"ListItem\",\"position\":2,\"name\":\"De la branche\",\"item\":\"https:\/\/swissbaker.ch\/fr\/panissimo-news\/category\/de-la-branche\/\"},{\"@type\":\"ListItem\",\"position\":3,\"name\":\"Le pain suisse \u2013 photos du magasin\"}]},{\"@type\":\"WebSite\",\"@id\":\"https:\/\/swissbaker.ch\/fr\/#website\",\"url\":\"https:\/\/swissbaker.ch\/fr\/\",\"name\":\"SBC\",\"description\":\"\",\"publisher\":{\"@id\":\"https:\/\/swissbaker.ch\/fr\/#organization\"},\"potentialAction\":[{\"@type\":\"SearchAction\",\"target\":{\"@type\":\"EntryPoint\",\"urlTemplate\":\"https:\/\/swissbaker.ch\/fr\/?s={search_term_string}\"},\"query-input\":{\"@type\":\"PropertyValueSpecification\",\"valueRequired\":true,\"valueName\":\"search_term_string\"}}],\"inLanguage\":\"fr-FR\"},{\"@type\":\"Organization\",\"@id\":\"https:\/\/swissbaker.ch\/fr\/#organization\",\"name\":\"Schweizerischer B\u00e4cker-Confiseurmeister-Verband\",\"url\":\"https:\/\/swissbaker.ch\/fr\/\",\"logo\":{\"@type\":\"ImageObject\",\"inLanguage\":\"fr-FR\",\"@id\":\"https:\/\/swissbaker.ch\/fr\/#\/schema\/logo\/image\/\",\"url\":\"https:\/\/swissbaker.ch\/wp-content\/uploads\/2022\/04\/sbc-logo-yoast.jpg\",\"contentUrl\":\"https:\/\/swissbaker.ch\/wp-content\/uploads\/2022\/04\/sbc-logo-yoast.jpg\",\"width\":512,\"height\":512,\"caption\":\"Schweizerischer B\u00e4cker-Confiseurmeister-Verband\"},\"image\":{\"@id\":\"https:\/\/swissbaker.ch\/fr\/#\/schema\/logo\/image\/\"},\"sameAs\":[\"https:\/\/www.facebook.com\/swissbaker.ch\",\"https:\/\/x.com\/ch_swissbaker\"]},{\"@type\":\"Person\",\"@id\":\"https:\/\/swissbaker.ch\/fr\/#\/schema\/person\/058ac47619f7da53df62aba60f939b78\",\"name\":\"azureart\",\"image\":{\"@type\":\"ImageObject\",\"inLanguage\":\"fr-FR\",\"@id\":\"https:\/\/swissbaker.ch\/fr\/#\/schema\/person\/image\/\",\"url\":\"https:\/\/secure.gravatar.com\/avatar\/be04dd3098fd612c83067af4f7a295384c93cb6a9112f51beb9d2f477d25da61?s=96&d=mm&r=g\",\"contentUrl\":\"https:\/\/secure.gravatar.com\/avatar\/be04dd3098fd612c83067af4f7a295384c93cb6a9112f51beb9d2f477d25da61?s=96&d=mm&r=g\",\"caption\":\"azureart\"},\"sameAs\":[\"https:\/\/swissbaker.ch\"],\"url\":\"https:\/\/swissbaker.ch\/fr\/panissimo-news\/author\/pixel-ahoi\/\"}]}<\/script>\n<!-- \/ Yoast SEO Premium plugin. -->","yoast_head_json":{"title":"Le pain suisse \u2013 photos du magasin | SBC","robots":{"index":"index","follow":"follow","max-snippet":"max-snippet:-1","max-image-preview":"max-image-preview:large","max-video-preview":"max-video-preview:-1"},"canonical":"https:\/\/swissbaker.ch\/fr\/panissimo-news\/le-pain-suisse-photos-du-magasin\/","og_locale":"fr_FR","og_type":"article","og_title":"Le pain suisse \u2013 photos du magasin","og_description":"L\u2019association Pain suisse (APS) et l\u2019Association suisse des patrons boulangers-confiseurs (BCS) sont \u00e0 la recherche de boulangeries-confiseries qui utilisent activement dans la vente la marque de \u00ab Pain suisse \u00bb lanc\u00e9e \u00e0 la fin de l\u2019\u00e9t\u00e9. Envoyez-nous \u00e0&nbsp;panissimo(at)swissbaker.ch&nbsp;des photos de votre magasin et de vos produits ou emballages marqu\u00e9s. Nous les publierons sur les plates-formes de communication de l\u2019APS ainsi [&hellip;]","og_url":"https:\/\/swissbaker.ch\/fr\/panissimo-news\/le-pain-suisse-photos-du-magasin\/","og_site_name":"SBC","article_publisher":"https:\/\/www.facebook.com\/swissbaker.ch","article_published_time":"2022-03-22T15:12:00+00:00","article_modified_time":"2022-04-29T08:21:11+00:00","og_image":[{"width":800,"height":474,"url":"https:\/\/swissbaker.ch\/wp-content\/uploads\/2022\/03\/6_1_schweizerbrot.jpg","type":"image\/jpeg"}],"author":"azureart","twitter_card":"summary_large_image","twitter_creator":"@ch_swissbaker","twitter_site":"@ch_swissbaker","twitter_misc":{"Written by":"azureart","Est. reading time":"2 minutes"},"schema":{"@context":"https:\/\/schema.org","@graph":[{"@type":"Article","@id":"https:\/\/swissbaker.ch\/fr\/panissimo-news\/le-pain-suisse-photos-du-magasin\/#article","isPartOf":{"@id":"https:\/\/swissbaker.ch\/fr\/panissimo-news\/le-pain-suisse-photos-du-magasin\/"},"author":{"name":"azureart","@id":"https:\/\/swissbaker.ch\/fr\/#\/schema\/person\/058ac47619f7da53df62aba60f939b78"},"headline":"Le pain suisse \u2013 photos du magasin","datePublished":"2022-03-22T15:12:00+00:00","dateModified":"2022-04-29T08:21:11+00:00","mainEntityOfPage":{"@id":"https:\/\/swissbaker.ch\/fr\/panissimo-news\/le-pain-suisse-photos-du-magasin\/"},"wordCount":368,"commentCount":0,"publisher":{"@id":"https:\/\/swissbaker.ch\/fr\/#organization"},"image":{"@id":"https:\/\/swissbaker.ch\/fr\/panissimo-news\/le-pain-suisse-photos-du-magasin\/#primaryimage"},"thumbnailUrl":"https:\/\/swissbaker.ch\/wp-content\/uploads\/2022\/03\/6_1_schweizerbrot.jpg","articleSection":["De la branche","Vente\/Marketing"],"inLanguage":"fr-FR","potentialAction":[{"@type":"CommentAction","name":"Comment","target":["https:\/\/swissbaker.ch\/fr\/panissimo-news\/le-pain-suisse-photos-du-magasin\/#respond"]}]},{"@type":"WebPage","@id":"https:\/\/swissbaker.ch\/fr\/panissimo-news\/le-pain-suisse-photos-du-magasin\/","url":"https:\/\/swissbaker.ch\/fr\/panissimo-news\/le-pain-suisse-photos-du-magasin\/","name":"Le pain suisse \u2013 photos du magasin | SBC","isPartOf":{"@id":"https:\/\/swissbaker.ch\/fr\/#website"},"primaryImageOfPage":{"@id":"https:\/\/swissbaker.ch\/fr\/panissimo-news\/le-pain-suisse-photos-du-magasin\/#primaryimage"},"image":{"@id":"https:\/\/swissbaker.ch\/fr\/panissimo-news\/le-pain-suisse-photos-du-magasin\/#primaryimage"},"thumbnailUrl":"https:\/\/swissbaker.ch\/wp-content\/uploads\/2022\/03\/6_1_schweizerbrot.jpg","datePublished":"2022-03-22T15:12:00+00:00","dateModified":"2022-04-29T08:21:11+00:00","breadcrumb":{"@id":"https:\/\/swissbaker.ch\/fr\/panissimo-news\/le-pain-suisse-photos-du-magasin\/#breadcrumb"},"inLanguage":"fr-FR","potentialAction":[{"@type":"ReadAction","target":["https:\/\/swissbaker.ch\/fr\/panissimo-news\/le-pain-suisse-photos-du-magasin\/"]}]},{"@type":"ImageObject","inLanguage":"fr-FR","@id":"https:\/\/swissbaker.ch\/fr\/panissimo-news\/le-pain-suisse-photos-du-magasin\/#primaryimage","url":"https:\/\/swissbaker.ch\/wp-content\/uploads\/2022\/03\/6_1_schweizerbrot.jpg","contentUrl":"https:\/\/swissbaker.ch\/wp-content\/uploads\/2022\/03\/6_1_schweizerbrot.jpg","width":800,"height":474,"caption":"Le pain suisse \u2013 photos du magasin"},{"@type":"BreadcrumbList","@id":"https:\/\/swissbaker.ch\/fr\/panissimo-news\/le-pain-suisse-photos-du-magasin\/#breadcrumb","itemListElement":[{"@type":"ListItem","position":1,"name":"","item":"https:\/\/swissbaker.ch\/fr\/"},{"@type":"ListItem","position":2,"name":"De la branche","item":"https:\/\/swissbaker.ch\/fr\/panissimo-news\/category\/de-la-branche\/"},{"@type":"ListItem","position":3,"name":"Le pain suisse \u2013 photos du magasin"}]},{"@type":"WebSite","@id":"https:\/\/swissbaker.ch\/fr\/#website","url":"https:\/\/swissbaker.ch\/fr\/","name":"SBC","description":"","publisher":{"@id":"https:\/\/swissbaker.ch\/fr\/#organization"},"potentialAction":[{"@type":"SearchAction","target":{"@type":"EntryPoint","urlTemplate":"https:\/\/swissbaker.ch\/fr\/?s={search_term_string}"},"query-input":{"@type":"PropertyValueSpecification","valueRequired":true,"valueName":"search_term_string"}}],"inLanguage":"fr-FR"},{"@type":"Organization","@id":"https:\/\/swissbaker.ch\/fr\/#organization","name":"Schweizerischer B\u00e4cker-Confiseurmeister-Verband","url":"https:\/\/swissbaker.ch\/fr\/","logo":{"@type":"ImageObject","inLanguage":"fr-FR","@id":"https:\/\/swissbaker.ch\/fr\/#\/schema\/logo\/image\/","url":"https:\/\/swissbaker.ch\/wp-content\/uploads\/2022\/04\/sbc-logo-yoast.jpg","contentUrl":"https:\/\/swissbaker.ch\/wp-content\/uploads\/2022\/04\/sbc-logo-yoast.jpg","width":512,"height":512,"caption":"Schweizerischer B\u00e4cker-Confiseurmeister-Verband"},"image":{"@id":"https:\/\/swissbaker.ch\/fr\/#\/schema\/logo\/image\/"},"sameAs":["https:\/\/www.facebook.com\/swissbaker.ch","https:\/\/x.com\/ch_swissbaker"]},{"@type":"Person","@id":"https:\/\/swissbaker.ch\/fr\/#\/schema\/person\/058ac47619f7da53df62aba60f939b78","name":"azureart","image":{"@type":"ImageObject","inLanguage":"fr-FR","@id":"https:\/\/swissbaker.ch\/fr\/#\/schema\/person\/image\/","url":"https:\/\/secure.gravatar.com\/avatar\/be04dd3098fd612c83067af4f7a295384c93cb6a9112f51beb9d2f477d25da61?s=96&d=mm&r=g","contentUrl":"https:\/\/secure.gravatar.com\/avatar\/be04dd3098fd612c83067af4f7a295384c93cb6a9112f51beb9d2f477d25da61?s=96&d=mm&r=g","caption":"azureart"},"sameAs":["https:\/\/swissbaker.ch"],"url":"https:\/\/swissbaker.ch\/fr\/panissimo-news\/author\/pixel-ahoi\/"}]}},"_links":{"self":[{"href":"https:\/\/swissbaker.ch\/fr\/wp-json\/wp\/v2\/posts\/7303","targetHints":{"allow":["GET"]}}],"collection":[{"href":"https:\/\/swissbaker.ch\/fr\/wp-json\/wp\/v2\/posts"}],"about":[{"href":"https:\/\/swissbaker.ch\/fr\/wp-json\/wp\/v2\/types\/post"}],"author":[{"embeddable":true,"href":"https:\/\/swissbaker.ch\/fr\/wp-json\/wp\/v2\/users\/1"}],"replies":[{"embeddable":true,"href":"https:\/\/swissbaker.ch\/fr\/wp-json\/wp\/v2\/comments?post=7303"}],"version-history":[{"count":0,"href":"https:\/\/swissbaker.ch\/fr\/wp-json\/wp\/v2\/posts\/7303\/revisions"}],"wp:featuredmedia":[{"embeddable":true,"href":"https:\/\/swissbaker.ch\/fr\/wp-json\/wp\/v2\/media\/5031"}],"wp:attachment":[{"href":"https:\/\/swissbaker.ch\/fr\/wp-json\/wp\/v2\/media?parent=7303"}],"wp:term":[{"taxonomy":"category","embeddable":true,"href":"https:\/\/swissbaker.ch\/fr\/wp-json\/wp\/v2\/categories?post=7303"},{"taxonomy":"post_tag","embeddable":true,"href":"https:\/\/swissbaker.ch\/fr\/wp-json\/wp\/v2\/tags?post=7303"}],"curies":[{"name":"wp","href":"https:\/\/api.w.org\/{rel}","templated":true}]}}