{"id":72961,"date":"2023-11-30T13:25:14","date_gmt":"2023-11-30T12:25:14","guid":{"rendered":"https:\/\/swissbaker.ch\/?p=72961"},"modified":"2023-11-30T15:34:09","modified_gmt":"2023-11-30T14:34:09","slug":"deux-nouvelles-championnes-vaudoises","status":"publish","type":"post","link":"https:\/\/swissbaker.ch\/fr\/panissimo-news\/deux-nouvelles-championnes-vaudoises\/","title":{"rendered":"Deux nouvelles championnes vaudoises"},"content":{"rendered":"\n<p>Schaharazade Laassili (Boulangerie du Village, Leysin) et Lola Elisa Savoy (Confiserie Hedinger, Aigle) ont respectivement remport\u00e9 les championnats vaudois des apprentis en boulangerie et en confiserie. La phase finale de la comp\u00e9tition s\u2019est d\u00e9roul\u00e9e au Salon des m\u00e9tiers et de la formation \u00e0 Lausanne qui a accueilli plus de 48000 visiteurs. <\/p>\n\n\n\n<p>Du 21 au 25 novembre et en public, cinq boulangers-p\u00e2tissiers et quatre p\u00e2tissiers-confiseurs ont fait parler leur cr\u00e9ativit\u00e9 autour de la bande dessin\u00e9e. Au programme&nbsp;: petits fours, p\u00e2tisserie aux agrumes, tresse, ballons chablonn\u00e9s, pralin\u00e9s tremp\u00e9s, pralin\u00e9s moul\u00e9s, articles fantaisies et pi\u00e8ce artistique.<\/p>\n\n\n\n<h3 class=\"wp-block-heading\" id=\"h-de-mars-a-novembre\">De mars \u00e0 novembre<\/h3>\n\n\n\n<p>Pour rappel, la comp\u00e9tition a d\u00e9but\u00e9 en mars. A la suite d\u2019une \u00e9tape r\u00e9alis\u00e9e dans le cadre des cours de cr\u00e9ation \u00e0 l\u2019Ecole professionnelle de Montreux, dix candidats de chaque orientation sont pass\u00e9s \u00e0 l\u2019\u00e9tape suivante. Leur challenge a alors \u00e9t\u00e9 de confectionner une p\u00e2tisserie \u00e0 la fraise associ\u00e9e \u00e0 une herbe aromatique ou une \u00e9pice de leur choix. R\u00e9alis\u00e9e aux abords des champs de fraises de Romanel-sur-Lausanne (VD) dans le courant, l\u2019\u00e9preuve a permis au jury de s\u00e9lectionner les finalistes.<\/p>\n\n\n\n<h2 class=\"wp-block-heading\" id=\"h-classement-de-la-finale\">Classement de la finale<\/h2>\n\n\n\n<figure class=\"wp-block-image size-large is-resized\"><img decoding=\"async\" width=\"1024\" height=\"576\" src=\"https:\/\/swissbaker.ch\/wp-content\/uploads\/2023\/11\/1ere-boulangerie-1024x576.jpg\" alt=\"\" class=\"wp-image-72964\" style=\"width:840px;height:auto\" srcset=\"https:\/\/swissbaker.ch\/wp-content\/uploads\/2023\/11\/1ere-boulangerie-1024x576.jpg 1024w, https:\/\/swissbaker.ch\/wp-content\/uploads\/2023\/11\/1ere-boulangerie-768x432.jpg 768w, https:\/\/swissbaker.ch\/wp-content\/uploads\/2023\/11\/1ere-boulangerie-1536x864.jpg 1536w, https:\/\/swissbaker.ch\/wp-content\/uploads\/2023\/11\/1ere-boulangerie.jpg 2016w\" sizes=\"(max-width: 1024px) 100vw, 1024px\" \/><figcaption class=\"wp-element-caption\"><em>Schahrazade Laassili, championne dans l&#8217;orientation boulangerie<\/em><\/figcaption><\/figure>\n\n\n\n<h3 class=\"wp-block-heading\" id=\"h-orientation-boulangerie\"><strong>Orientation boulangerie<\/strong><\/h3>\n\n\n\n<p>1\u00e8re <strong>Schahrazade Laassili<\/strong> (Boulangerie du Village, Leysin)&nbsp;; 2e <strong>Chiara Magnenat<\/strong> (P\u00e2tisserie-boulangerie Marius, Givrins )&nbsp;; 3e <strong>Clara Perez Torreblanca<\/strong> (Boulangerie La Coop\u00e9) Baulmes&nbsp;; 4e <strong>Cindy Schaller<\/strong> (Pilloud SA, Orbe)&nbsp;; 4e <strong>Clara Perret<\/strong> (Fresh Food and Beverage Group, Ecublens).<\/p>\n\n\n\n<figure class=\"wp-block-image size-large\"><img decoding=\"async\" width=\"1024\" height=\"768\" src=\"https:\/\/swissbaker.ch\/wp-content\/uploads\/2023\/11\/1ere-confiserie-1024x768.jpg\" alt=\"\" class=\"wp-image-72966\" srcset=\"https:\/\/swissbaker.ch\/wp-content\/uploads\/2023\/11\/1ere-confiserie-1024x768.jpg 1024w, https:\/\/swissbaker.ch\/wp-content\/uploads\/2023\/11\/1ere-confiserie-768x576.jpg 768w, https:\/\/swissbaker.ch\/wp-content\/uploads\/2023\/11\/1ere-confiserie-1536x1152.jpg 1536w, https:\/\/swissbaker.ch\/wp-content\/uploads\/2023\/11\/1ere-confiserie-2048x1536.jpg 2048w, https:\/\/swissbaker.ch\/wp-content\/uploads\/2023\/11\/1ere-confiserie-1000x750.jpg 1000w\" sizes=\"(max-width: 1024px) 100vw, 1024px\" \/><figcaption class=\"wp-element-caption\"><em>Lola Elisa Savoy, championne dans l&#8217;orientation confiserie<\/em><\/figcaption><\/figure>\n\n\n\n<h3 class=\"wp-block-heading\" id=\"h-orientation-confiserie-nbsp\"><strong>Orientation confiserie&nbsp;<\/strong><\/h3>\n\n\n\n<p>1\u00e8re <strong>Lola Elisa Savoy<\/strong> (Confiserie Hedinger, Aigle)&nbsp;; 2e <strong>Lea Zeender<\/strong> (Maslanka Cr\u00e9ations, Arzier-le Muids)&nbsp;; 3e <strong>Emma Napoli<\/strong> (H\u00f4tel d\u2019Espagne, Eric Vuissoz, St-Croix)&nbsp;; 4e <strong>Th\u00e9o Rebeca<\/strong> (Etat de Vaud, COFOP, Lausanne).<\/p>\n\n\n\n<p><a href=\"https:\/\/abpcv.ch\/formation-professionnelle\/#championnat-des-apprentis\" target=\"_blank\" rel=\"noreferrer noopener\"><strong>Fotos vous trouverez sur abpcv.ch&#8230;\u00bb<\/strong><\/a><\/p>\n\n\n\n<p class=\"has-text-align-right\"><em>com\/jr<\/em><\/p>\n","protected":false},"excerpt":{"rendered":"<p>Schaharazade Laassili (Boulangerie du Village, Leysin) et Lola Elisa Savoy (Confiserie Hedinger, Aigle) ont respectivement remport\u00e9 les championnats vaudois des apprentis en boulangerie et en confiserie. La phase finale de la comp\u00e9tition s\u2019est d\u00e9roul\u00e9e au Salon des m\u00e9tiers et de la formation \u00e0 Lausanne qui a accueilli plus de 48000 visiteurs. <\/p>\n","protected":false},"author":5,"featured_media":72962,"comment_status":"closed","ping_status":"closed","sticky":true,"template":"","format":"standard","meta":{"_acf_changed":false,"footnotes":""},"categories":[43,40,47],"tags":[],"class_list":["post-72961","post","type-post","status-publish","format-standard","has-post-thumbnail","hentry","category-concours","category-des-cantons","category-formation-releve"],"acf":[],"yoast_head":"<!-- This site is optimized with the Yoast SEO Premium plugin v26.8 (Yoast SEO v26.8) - https:\/\/yoast.com\/product\/yoast-seo-premium-wordpress\/ -->\n<title>Deux nouvelles championnes vaudoises | SBC<\/title>\n<meta name=\"description\" content=\"Schaharazade Laassili et Lola Elisa Savoy ont respectivement remport\u00e9 les championnats vaudois des apprentis en boulangerie et en confiserie.\" \/>\n<meta name=\"robots\" content=\"index, follow, max-snippet:-1, max-image-preview:large, max-video-preview:-1\" \/>\n<link rel=\"canonical\" href=\"https:\/\/swissbaker.ch\/fr\/panissimo-news\/deux-nouvelles-championnes-vaudoises\/\" \/>\n<meta property=\"og:locale\" content=\"fr_FR\" \/>\n<meta property=\"og:type\" content=\"article\" \/>\n<meta property=\"og:title\" content=\"Deux nouvelles championnes vaudoises\" \/>\n<meta property=\"og:description\" content=\"Schaharazade Laassili et Lola Elisa Savoy ont respectivement remport\u00e9 les championnats vaudois des apprentis en boulangerie et en confiserie.\" \/>\n<meta property=\"og:url\" content=\"https:\/\/swissbaker.ch\/fr\/panissimo-news\/deux-nouvelles-championnes-vaudoises\/\" \/>\n<meta property=\"og:site_name\" content=\"SBC\" \/>\n<meta property=\"article:publisher\" content=\"https:\/\/www.facebook.com\/swissbaker.ch\" \/>\n<meta property=\"article:published_time\" content=\"2023-11-30T12:25:14+00:00\" \/>\n<meta property=\"article:modified_time\" content=\"2023-11-30T14:34:09+00:00\" \/>\n<meta property=\"og:image\" content=\"https:\/\/swissbaker.ch\/wp-content\/uploads\/2023\/11\/22_2_championnat_vaudois_head.jpg\" \/>\n\t<meta property=\"og:image:width\" content=\"1200\" \/>\n\t<meta property=\"og:image:height\" content=\"712\" \/>\n\t<meta property=\"og:image:type\" content=\"image\/jpeg\" \/>\n<meta name=\"author\" content=\"Simon Nussbaum\" \/>\n<meta name=\"twitter:card\" content=\"summary_large_image\" \/>\n<meta name=\"twitter:creator\" content=\"@ch_swissbaker\" \/>\n<meta name=\"twitter:site\" content=\"@ch_swissbaker\" \/>\n<meta name=\"twitter:label1\" content=\"Written by\" \/>\n\t<meta name=\"twitter:data1\" content=\"Simon Nussbaum\" \/>\n\t<meta name=\"twitter:label2\" content=\"Est. reading time\" \/>\n\t<meta name=\"twitter:data2\" content=\"2 minutes\" \/>\n<script type=\"application\/ld+json\" class=\"yoast-schema-graph\">{\"@context\":\"https:\/\/schema.org\",\"@graph\":[{\"@type\":\"Article\",\"@id\":\"https:\/\/swissbaker.ch\/fr\/panissimo-news\/deux-nouvelles-championnes-vaudoises\/#article\",\"isPartOf\":{\"@id\":\"https:\/\/swissbaker.ch\/fr\/panissimo-news\/deux-nouvelles-championnes-vaudoises\/\"},\"author\":{\"name\":\"Simon Nussbaum\",\"@id\":\"https:\/\/swissbaker.ch\/fr\/#\/schema\/person\/74bd327b08c18ca6042c02ff6f0ed5e2\"},\"headline\":\"Deux nouvelles championnes vaudoises\",\"datePublished\":\"2023-11-30T12:25:14+00:00\",\"dateModified\":\"2023-11-30T14:34:09+00:00\",\"mainEntityOfPage\":{\"@id\":\"https:\/\/swissbaker.ch\/fr\/panissimo-news\/deux-nouvelles-championnes-vaudoises\/\"},\"wordCount\":315,\"publisher\":{\"@id\":\"https:\/\/swissbaker.ch\/fr\/#organization\"},\"image\":{\"@id\":\"https:\/\/swissbaker.ch\/fr\/panissimo-news\/deux-nouvelles-championnes-vaudoises\/#primaryimage\"},\"thumbnailUrl\":\"https:\/\/swissbaker.ch\/wp-content\/uploads\/2023\/11\/22_2_championnat_vaudois_head.jpg\",\"articleSection\":[\"Concours\",\"Des cantons\",\"Formation\/Rel\u00e8ve\"],\"inLanguage\":\"fr-FR\"},{\"@type\":\"WebPage\",\"@id\":\"https:\/\/swissbaker.ch\/fr\/panissimo-news\/deux-nouvelles-championnes-vaudoises\/\",\"url\":\"https:\/\/swissbaker.ch\/fr\/panissimo-news\/deux-nouvelles-championnes-vaudoises\/\",\"name\":\"Deux nouvelles championnes vaudoises | SBC\",\"isPartOf\":{\"@id\":\"https:\/\/swissbaker.ch\/fr\/#website\"},\"primaryImageOfPage\":{\"@id\":\"https:\/\/swissbaker.ch\/fr\/panissimo-news\/deux-nouvelles-championnes-vaudoises\/#primaryimage\"},\"image\":{\"@id\":\"https:\/\/swissbaker.ch\/fr\/panissimo-news\/deux-nouvelles-championnes-vaudoises\/#primaryimage\"},\"thumbnailUrl\":\"https:\/\/swissbaker.ch\/wp-content\/uploads\/2023\/11\/22_2_championnat_vaudois_head.jpg\",\"datePublished\":\"2023-11-30T12:25:14+00:00\",\"dateModified\":\"2023-11-30T14:34:09+00:00\",\"description\":\"Schaharazade Laassili et Lola Elisa Savoy ont respectivement remport\u00e9 les championnats vaudois des apprentis en boulangerie et en confiserie.\",\"breadcrumb\":{\"@id\":\"https:\/\/swissbaker.ch\/fr\/panissimo-news\/deux-nouvelles-championnes-vaudoises\/#breadcrumb\"},\"inLanguage\":\"fr-FR\",\"potentialAction\":[{\"@type\":\"ReadAction\",\"target\":[\"https:\/\/swissbaker.ch\/fr\/panissimo-news\/deux-nouvelles-championnes-vaudoises\/\"]}]},{\"@type\":\"ImageObject\",\"inLanguage\":\"fr-FR\",\"@id\":\"https:\/\/swissbaker.ch\/fr\/panissimo-news\/deux-nouvelles-championnes-vaudoises\/#primaryimage\",\"url\":\"https:\/\/swissbaker.ch\/wp-content\/uploads\/2023\/11\/22_2_championnat_vaudois_head.jpg\",\"contentUrl\":\"https:\/\/swissbaker.ch\/wp-content\/uploads\/2023\/11\/22_2_championnat_vaudois_head.jpg\",\"width\":1200,\"height\":712},{\"@type\":\"BreadcrumbList\",\"@id\":\"https:\/\/swissbaker.ch\/fr\/panissimo-news\/deux-nouvelles-championnes-vaudoises\/#breadcrumb\",\"itemListElement\":[{\"@type\":\"ListItem\",\"position\":1,\"name\":\"\",\"item\":\"https:\/\/swissbaker.ch\/fr\/\"},{\"@type\":\"ListItem\",\"position\":2,\"name\":\"Des cantons\",\"item\":\"https:\/\/swissbaker.ch\/fr\/panissimo-news\/category\/des-cantons\/\"},{\"@type\":\"ListItem\",\"position\":3,\"name\":\"Deux nouvelles championnes vaudoises\"}]},{\"@type\":\"WebSite\",\"@id\":\"https:\/\/swissbaker.ch\/fr\/#website\",\"url\":\"https:\/\/swissbaker.ch\/fr\/\",\"name\":\"SBC\",\"description\":\"\",\"publisher\":{\"@id\":\"https:\/\/swissbaker.ch\/fr\/#organization\"},\"potentialAction\":[{\"@type\":\"SearchAction\",\"target\":{\"@type\":\"EntryPoint\",\"urlTemplate\":\"https:\/\/swissbaker.ch\/fr\/?s={search_term_string}\"},\"query-input\":{\"@type\":\"PropertyValueSpecification\",\"valueRequired\":true,\"valueName\":\"search_term_string\"}}],\"inLanguage\":\"fr-FR\"},{\"@type\":\"Organization\",\"@id\":\"https:\/\/swissbaker.ch\/fr\/#organization\",\"name\":\"Schweizerischer B\u00e4cker-Confiseurmeister-Verband\",\"url\":\"https:\/\/swissbaker.ch\/fr\/\",\"logo\":{\"@type\":\"ImageObject\",\"inLanguage\":\"fr-FR\",\"@id\":\"https:\/\/swissbaker.ch\/fr\/#\/schema\/logo\/image\/\",\"url\":\"https:\/\/swissbaker.ch\/wp-content\/uploads\/2022\/04\/sbc-logo-yoast.jpg\",\"contentUrl\":\"https:\/\/swissbaker.ch\/wp-content\/uploads\/2022\/04\/sbc-logo-yoast.jpg\",\"width\":512,\"height\":512,\"caption\":\"Schweizerischer B\u00e4cker-Confiseurmeister-Verband\"},\"image\":{\"@id\":\"https:\/\/swissbaker.ch\/fr\/#\/schema\/logo\/image\/\"},\"sameAs\":[\"https:\/\/www.facebook.com\/swissbaker.ch\",\"https:\/\/x.com\/ch_swissbaker\"]},{\"@type\":\"Person\",\"@id\":\"https:\/\/swissbaker.ch\/fr\/#\/schema\/person\/74bd327b08c18ca6042c02ff6f0ed5e2\",\"name\":\"Simon Nussbaum\",\"image\":{\"@type\":\"ImageObject\",\"inLanguage\":\"fr-FR\",\"@id\":\"https:\/\/swissbaker.ch\/fr\/#\/schema\/person\/image\/\",\"url\":\"https:\/\/secure.gravatar.com\/avatar\/df0eced3bb556c806cb760cf503ade1ed1df25b4104d80d6fd28d93a9509aa12?s=96&d=mm&r=g\",\"contentUrl\":\"https:\/\/secure.gravatar.com\/avatar\/df0eced3bb556c806cb760cf503ade1ed1df25b4104d80d6fd28d93a9509aa12?s=96&d=mm&r=g\",\"caption\":\"Simon Nussbaum\"},\"url\":\"https:\/\/swissbaker.ch\/fr\/panissimo-news\/author\/simon-nussbaum\/\"}]}<\/script>\n<!-- \/ Yoast SEO Premium plugin. -->","yoast_head_json":{"title":"Deux nouvelles championnes vaudoises | SBC","description":"Schaharazade Laassili et Lola Elisa Savoy ont respectivement remport\u00e9 les championnats vaudois des apprentis en boulangerie et en confiserie.","robots":{"index":"index","follow":"follow","max-snippet":"max-snippet:-1","max-image-preview":"max-image-preview:large","max-video-preview":"max-video-preview:-1"},"canonical":"https:\/\/swissbaker.ch\/fr\/panissimo-news\/deux-nouvelles-championnes-vaudoises\/","og_locale":"fr_FR","og_type":"article","og_title":"Deux nouvelles championnes vaudoises","og_description":"Schaharazade Laassili et Lola Elisa Savoy ont respectivement remport\u00e9 les championnats vaudois des apprentis en boulangerie et en confiserie.","og_url":"https:\/\/swissbaker.ch\/fr\/panissimo-news\/deux-nouvelles-championnes-vaudoises\/","og_site_name":"SBC","article_publisher":"https:\/\/www.facebook.com\/swissbaker.ch","article_published_time":"2023-11-30T12:25:14+00:00","article_modified_time":"2023-11-30T14:34:09+00:00","og_image":[{"width":1200,"height":712,"url":"https:\/\/swissbaker.ch\/wp-content\/uploads\/2023\/11\/22_2_championnat_vaudois_head.jpg","type":"image\/jpeg"}],"author":"Simon Nussbaum","twitter_card":"summary_large_image","twitter_creator":"@ch_swissbaker","twitter_site":"@ch_swissbaker","twitter_misc":{"Written by":"Simon Nussbaum","Est. reading time":"2 minutes"},"schema":{"@context":"https:\/\/schema.org","@graph":[{"@type":"Article","@id":"https:\/\/swissbaker.ch\/fr\/panissimo-news\/deux-nouvelles-championnes-vaudoises\/#article","isPartOf":{"@id":"https:\/\/swissbaker.ch\/fr\/panissimo-news\/deux-nouvelles-championnes-vaudoises\/"},"author":{"name":"Simon Nussbaum","@id":"https:\/\/swissbaker.ch\/fr\/#\/schema\/person\/74bd327b08c18ca6042c02ff6f0ed5e2"},"headline":"Deux nouvelles championnes vaudoises","datePublished":"2023-11-30T12:25:14+00:00","dateModified":"2023-11-30T14:34:09+00:00","mainEntityOfPage":{"@id":"https:\/\/swissbaker.ch\/fr\/panissimo-news\/deux-nouvelles-championnes-vaudoises\/"},"wordCount":315,"publisher":{"@id":"https:\/\/swissbaker.ch\/fr\/#organization"},"image":{"@id":"https:\/\/swissbaker.ch\/fr\/panissimo-news\/deux-nouvelles-championnes-vaudoises\/#primaryimage"},"thumbnailUrl":"https:\/\/swissbaker.ch\/wp-content\/uploads\/2023\/11\/22_2_championnat_vaudois_head.jpg","articleSection":["Concours","Des cantons","Formation\/Rel\u00e8ve"],"inLanguage":"fr-FR"},{"@type":"WebPage","@id":"https:\/\/swissbaker.ch\/fr\/panissimo-news\/deux-nouvelles-championnes-vaudoises\/","url":"https:\/\/swissbaker.ch\/fr\/panissimo-news\/deux-nouvelles-championnes-vaudoises\/","name":"Deux nouvelles championnes vaudoises | SBC","isPartOf":{"@id":"https:\/\/swissbaker.ch\/fr\/#website"},"primaryImageOfPage":{"@id":"https:\/\/swissbaker.ch\/fr\/panissimo-news\/deux-nouvelles-championnes-vaudoises\/#primaryimage"},"image":{"@id":"https:\/\/swissbaker.ch\/fr\/panissimo-news\/deux-nouvelles-championnes-vaudoises\/#primaryimage"},"thumbnailUrl":"https:\/\/swissbaker.ch\/wp-content\/uploads\/2023\/11\/22_2_championnat_vaudois_head.jpg","datePublished":"2023-11-30T12:25:14+00:00","dateModified":"2023-11-30T14:34:09+00:00","description":"Schaharazade Laassili et Lola Elisa Savoy ont respectivement remport\u00e9 les championnats vaudois des apprentis en boulangerie et en confiserie.","breadcrumb":{"@id":"https:\/\/swissbaker.ch\/fr\/panissimo-news\/deux-nouvelles-championnes-vaudoises\/#breadcrumb"},"inLanguage":"fr-FR","potentialAction":[{"@type":"ReadAction","target":["https:\/\/swissbaker.ch\/fr\/panissimo-news\/deux-nouvelles-championnes-vaudoises\/"]}]},{"@type":"ImageObject","inLanguage":"fr-FR","@id":"https:\/\/swissbaker.ch\/fr\/panissimo-news\/deux-nouvelles-championnes-vaudoises\/#primaryimage","url":"https:\/\/swissbaker.ch\/wp-content\/uploads\/2023\/11\/22_2_championnat_vaudois_head.jpg","contentUrl":"https:\/\/swissbaker.ch\/wp-content\/uploads\/2023\/11\/22_2_championnat_vaudois_head.jpg","width":1200,"height":712},{"@type":"BreadcrumbList","@id":"https:\/\/swissbaker.ch\/fr\/panissimo-news\/deux-nouvelles-championnes-vaudoises\/#breadcrumb","itemListElement":[{"@type":"ListItem","position":1,"name":"","item":"https:\/\/swissbaker.ch\/fr\/"},{"@type":"ListItem","position":2,"name":"Des cantons","item":"https:\/\/swissbaker.ch\/fr\/panissimo-news\/category\/des-cantons\/"},{"@type":"ListItem","position":3,"name":"Deux nouvelles championnes vaudoises"}]},{"@type":"WebSite","@id":"https:\/\/swissbaker.ch\/fr\/#website","url":"https:\/\/swissbaker.ch\/fr\/","name":"SBC","description":"","publisher":{"@id":"https:\/\/swissbaker.ch\/fr\/#organization"},"potentialAction":[{"@type":"SearchAction","target":{"@type":"EntryPoint","urlTemplate":"https:\/\/swissbaker.ch\/fr\/?s={search_term_string}"},"query-input":{"@type":"PropertyValueSpecification","valueRequired":true,"valueName":"search_term_string"}}],"inLanguage":"fr-FR"},{"@type":"Organization","@id":"https:\/\/swissbaker.ch\/fr\/#organization","name":"Schweizerischer B\u00e4cker-Confiseurmeister-Verband","url":"https:\/\/swissbaker.ch\/fr\/","logo":{"@type":"ImageObject","inLanguage":"fr-FR","@id":"https:\/\/swissbaker.ch\/fr\/#\/schema\/logo\/image\/","url":"https:\/\/swissbaker.ch\/wp-content\/uploads\/2022\/04\/sbc-logo-yoast.jpg","contentUrl":"https:\/\/swissbaker.ch\/wp-content\/uploads\/2022\/04\/sbc-logo-yoast.jpg","width":512,"height":512,"caption":"Schweizerischer B\u00e4cker-Confiseurmeister-Verband"},"image":{"@id":"https:\/\/swissbaker.ch\/fr\/#\/schema\/logo\/image\/"},"sameAs":["https:\/\/www.facebook.com\/swissbaker.ch","https:\/\/x.com\/ch_swissbaker"]},{"@type":"Person","@id":"https:\/\/swissbaker.ch\/fr\/#\/schema\/person\/74bd327b08c18ca6042c02ff6f0ed5e2","name":"Simon Nussbaum","image":{"@type":"ImageObject","inLanguage":"fr-FR","@id":"https:\/\/swissbaker.ch\/fr\/#\/schema\/person\/image\/","url":"https:\/\/secure.gravatar.com\/avatar\/df0eced3bb556c806cb760cf503ade1ed1df25b4104d80d6fd28d93a9509aa12?s=96&d=mm&r=g","contentUrl":"https:\/\/secure.gravatar.com\/avatar\/df0eced3bb556c806cb760cf503ade1ed1df25b4104d80d6fd28d93a9509aa12?s=96&d=mm&r=g","caption":"Simon Nussbaum"},"url":"https:\/\/swissbaker.ch\/fr\/panissimo-news\/author\/simon-nussbaum\/"}]}},"_links":{"self":[{"href":"https:\/\/swissbaker.ch\/fr\/wp-json\/wp\/v2\/posts\/72961","targetHints":{"allow":["GET"]}}],"collection":[{"href":"https:\/\/swissbaker.ch\/fr\/wp-json\/wp\/v2\/posts"}],"about":[{"href":"https:\/\/swissbaker.ch\/fr\/wp-json\/wp\/v2\/types\/post"}],"author":[{"embeddable":true,"href":"https:\/\/swissbaker.ch\/fr\/wp-json\/wp\/v2\/users\/5"}],"replies":[{"embeddable":true,"href":"https:\/\/swissbaker.ch\/fr\/wp-json\/wp\/v2\/comments?post=72961"}],"version-history":[{"count":0,"href":"https:\/\/swissbaker.ch\/fr\/wp-json\/wp\/v2\/posts\/72961\/revisions"}],"wp:featuredmedia":[{"embeddable":true,"href":"https:\/\/swissbaker.ch\/fr\/wp-json\/wp\/v2\/media\/72962"}],"wp:attachment":[{"href":"https:\/\/swissbaker.ch\/fr\/wp-json\/wp\/v2\/media?parent=72961"}],"wp:term":[{"taxonomy":"category","embeddable":true,"href":"https:\/\/swissbaker.ch\/fr\/wp-json\/wp\/v2\/categories?post=72961"},{"taxonomy":"post_tag","embeddable":true,"href":"https:\/\/swissbaker.ch\/fr\/wp-json\/wp\/v2\/tags?post=72961"}],"curies":[{"name":"wp","href":"https:\/\/api.w.org\/{rel}","templated":true}]}}