{"id":72612,"date":"2023-11-23T19:49:41","date_gmt":"2023-11-23T18:49:41","guid":{"rendered":"https:\/\/swissbaker.ch\/?p=72612"},"modified":"2023-11-24T10:50:42","modified_gmt":"2023-11-24T09:50:42","slug":"les-trois-titres-des-championnats-suisses-vont-aux-cantons-dargovie-de-berne-et-de-saint-gall","status":"publish","type":"post","link":"https:\/\/swissbaker.ch\/fr\/panissimo-news\/les-trois-titres-des-championnats-suisses-vont-aux-cantons-dargovie-de-berne-et-de-saint-gall\/","title":{"rendered":"Les trois titres des championnats suisses pour Argovie, Berne et Saint-Gall"},"content":{"rendered":"\n<p><strong>Les boulangers-confiseurs et boulang\u00e8res-confiseuses suisses ont leurs trois nouvelles championnes suisses \u2013 dans le commerce de d\u00e9tail et dans les orientations boulangerie-p\u00e2tisserie et p\u00e2tisserie-confiserie \u2013 issues des cantons d\u2019Argovie, de Berne et de Saint-Gall. Les championnats suisses des m\u00e9tiers ont eu lieu \u00e0 l\u2019Ecole professionnelle Richemont de Lucerne, du 21 au 23 novembre 2023.<\/strong><\/p>\n\n\n\n<p>Les podiums sont les suivants:<\/p>\n\n\n\n<h3 class=\"wp-block-heading\" id=\"h-boulangers-eres-patissiers-eres-confiseurs-euses-orientation-boulangerie-patisserie\">Boulangers\/\u00e8res-p\u00e2tissiers\/\u00e8res-confiseurs\/euses \u2013 orientation boulangerie-p\u00e2tisserie<\/h3>\n\n\n\n<figure class=\"wp-block-image size-large\"><img decoding=\"async\" width=\"1024\" height=\"768\" src=\"https:\/\/swissbaker.ch\/wp-content\/uploads\/2023\/11\/swissskills_2023_podest_baeckerei-konditorei-1024x768.jpg\" alt=\"\" class=\"wp-image-72627\" srcset=\"https:\/\/swissbaker.ch\/wp-content\/uploads\/2023\/11\/swissskills_2023_podest_baeckerei-konditorei-1024x768.jpg 1024w, https:\/\/swissbaker.ch\/wp-content\/uploads\/2023\/11\/swissskills_2023_podest_baeckerei-konditorei-768x576.jpg 768w, https:\/\/swissbaker.ch\/wp-content\/uploads\/2023\/11\/swissskills_2023_podest_baeckerei-konditorei-1536x1152.jpg 1536w, https:\/\/swissbaker.ch\/wp-content\/uploads\/2023\/11\/swissskills_2023_podest_baeckerei-konditorei-scaled.jpg 2048w, https:\/\/swissbaker.ch\/wp-content\/uploads\/2023\/11\/swissskills_2023_podest_baeckerei-konditorei-1000x750.jpg 1000w\" sizes=\"(max-width: 1024px) 100vw, 1024px\" \/><\/figure>\n\n\n\n<ol class=\"wp-block-list\">\n<li>Alice W\u00fcthrich, Oberfrittenbach\/BE (formation chez Stiftung Lebensart, B\u00e4rau\/BE)<\/li>\n\n\n\n<li>Lea Niffeler, Hosenruck\/TG (formation chez N\u00e4f Bernhard B\u00e4ckerei-Konditorei, Zuckenriet\/SG)<\/li>\n\n\n\n<li>Nils Andermatt, Obfelden\/ZH (formation chez P\u00f6schtli Beck AG, Obfelden\/ZH)<\/li>\n<\/ol>\n\n\n\n<h3 class=\"wp-block-heading\" id=\"h-boulangers-eres-patissiers-eres-confiseurs-euses-orientation-patisserie-confiserie\">Boulangers\/\u00e8res-p\u00e2tissiers\/\u00e8res-confiseurs\/euses \u2013 orientation p\u00e2tisserie-confiserie<\/h3>\n\n\n\n<figure class=\"wp-block-image size-large\"><img decoding=\"async\" width=\"1024\" height=\"768\" src=\"https:\/\/swissbaker.ch\/wp-content\/uploads\/2023\/11\/swissskills_2023_podest_konditorei-confiserie-1024x768.jpg\" alt=\"\" class=\"wp-image-72631\" srcset=\"https:\/\/swissbaker.ch\/wp-content\/uploads\/2023\/11\/swissskills_2023_podest_konditorei-confiserie-1024x768.jpg 1024w, https:\/\/swissbaker.ch\/wp-content\/uploads\/2023\/11\/swissskills_2023_podest_konditorei-confiserie-768x576.jpg 768w, https:\/\/swissbaker.ch\/wp-content\/uploads\/2023\/11\/swissskills_2023_podest_konditorei-confiserie-1536x1152.jpg 1536w, https:\/\/swissbaker.ch\/wp-content\/uploads\/2023\/11\/swissskills_2023_podest_konditorei-confiserie-scaled.jpg 2048w, https:\/\/swissbaker.ch\/wp-content\/uploads\/2023\/11\/swissskills_2023_podest_konditorei-confiserie-1000x750.jpg 1000w\" sizes=\"(max-width: 1024px) 100vw, 1024px\" \/><\/figure>\n\n\n\n<ol class=\"wp-block-list\">\n<li>Judith Knellwolf, Brittnau\/AG (formation dans la B\u00e4ckerei-Konditorei Leutwyler GmbH, Zofingen\/AG)<\/li>\n\n\n\n<li>Audrey Herminjard, Ste-Croix\/VD (formation dans l\u2019H\u00f4tel d&#8217;Espagne, Ste-Croix\/VD)<\/li>\n\n\n\n<li>Karin Hofer, Gr\u00fcnenmatt\/BE (formation dans la Confiserie Neuhaus GmbH, Oberburg\/BE)<\/li>\n<\/ol>\n\n\n\n<h3 class=\"wp-block-heading\" id=\"h-gestionnaires-du-commerce-de-detail-cfc-boulangerie-patisserie-confiserie\">Gestionnaires du commerce de d\u00e9tail CFC, boulangerie-p\u00e2tisserie-confiserie<\/h3>\n\n\n\n<figure class=\"wp-block-image size-large\"><img decoding=\"async\" width=\"1024\" height=\"768\" src=\"https:\/\/swissbaker.ch\/wp-content\/uploads\/2023\/11\/swissskills_2023_podest_detailhandel-1024x768.jpg\" alt=\"\" class=\"wp-image-72629\" srcset=\"https:\/\/swissbaker.ch\/wp-content\/uploads\/2023\/11\/swissskills_2023_podest_detailhandel-1024x768.jpg 1024w, https:\/\/swissbaker.ch\/wp-content\/uploads\/2023\/11\/swissskills_2023_podest_detailhandel-768x576.jpg 768w, https:\/\/swissbaker.ch\/wp-content\/uploads\/2023\/11\/swissskills_2023_podest_detailhandel-1536x1152.jpg 1536w, https:\/\/swissbaker.ch\/wp-content\/uploads\/2023\/11\/swissskills_2023_podest_detailhandel-scaled.jpg 2048w, https:\/\/swissbaker.ch\/wp-content\/uploads\/2023\/11\/swissskills_2023_podest_detailhandel-1000x750.jpg 1000w\" sizes=\"(max-width: 1024px) 100vw, 1024px\" \/><\/figure>\n\n\n\n<ol class=\"wp-block-list\">\n<li>Jasmin Ruoss, Ricken\/SG (formation dans la boulangerie-p\u00e2tisserie Huber, Gommiswald\/SG<\/li>\n\n\n\n<li>Joya Schuler, Schwyz (formation chez Haug Confiserie Caf\u00e9 Restaurant AG, Schwyz)<\/li>\n\n\n\n<li>Leonie K\u00e4lin, Schwyz (formation dans la Conditorei Schelbert AG, Schwyz)<\/li>\n<\/ol>\n\n\n\n<p>Tous les participants et participantes ont fait preuve de beaucoup de savoir-faire et d\u2019engagement lors des championnats suisses. \u00abC\u2019est un grand plaisir de voir tant de jeunes professionnels et professionnelles qui vivent pour leur profession, leur vocation, et s\u2019engagent pleinement\u00bb, a relev\u00e9 Daniel Nyfeler, pr\u00e9sident de la commission des concours de la BCS.<\/p>\n\n\n\n<h3 class=\"wp-block-heading\" id=\"h-selection-des-candidats-et-candidates\">S\u00e9lection des candidats et candidates<\/h3>\n\n\n\n<p>Les candidats et candidates ont \u00e9t\u00e9 s\u00e9lectionn\u00e9s parmi celles et ceux ayant obtenu les meilleurs r\u00e9sultats lors des proc\u00e9dures de qualification cantonales (examens de fin d\u2019apprentissage) 2023. Les participants et participantes en lice \u2013 au nombre de 12 dans l\u2019orientation boulangerie-p\u00e2tisserie, de 11 dans l\u2019orientation p\u00e2tisserie-confiserie et de 8 dans le commerce de d\u00e9tail \u2013 ont rivalis\u00e9 de cr\u00e9ativit\u00e9 et de talent pour s\u2019imposer.<\/p>\n\n\n\n<h3 class=\"wp-block-heading\" id=\"h-theme-des-travaux-l-univers\">Th\u00e8me des travaux: \u00abl\u2019univers\u00bb<\/h3>\n\n\n\n<p>Les jeunes professionnels et professionnelles ont produit d\u2019excellents travaux sur le th\u00e8me du concours \u2013 \u00abl\u2019univers\u00bb. La confection de pains, de petits pains, de snacks, de viennoiseries en p\u00e2te lev\u00e9e sucr\u00e9e, de produits de boulangerie en p\u00e2te lev\u00e9e tour\u00e9e et d\u2019une pi\u00e8ce d\u2019exposition \u00e9tait au programme dans l\u2019orientation boulangerie-p\u00e2tisserie, de m\u00eame qu\u2019une \u00e9preuve surprise d\u00e9voil\u00e9e le jeudi matin, requ\u00e9rant un budget-temps pr\u00e9d\u00e9fini.<\/p>\n\n\n\n<p>La r\u00e9alisation d\u2019une pi\u00e8ce d\u2019exposition \u00e9tait \u00e9galement \u00e0 l\u2019ordre du jour dans l\u2019orientation p\u00e2tisserie-confiserie, tout comme la confection de tourtes, de tartelettes de p\u00e2tisserie moderne, de pralin\u00e9s et de figurines fantaisie.<\/p>\n\n\n\n<p>Les gestionnaires du commerce de d\u00e9tail ont pour leur part d\u00fb am\u00e9nager une table d\u2019exposition (70 cm x 140 cm), remplir et emballer des articles cadeaux de diff\u00e9rentes formes et r\u00e9aliser une inscription sur tableau. Les candidates ont pr\u00e9sent\u00e9 leur table d\u2019exposition aux expertes, et mis en avant leurs connaissances professionnelles approfondies dans le cadre d\u2019entretiens de vente\/conseil \u2013 le mandat d\u00e9taill\u00e9 pour l\u2019\u00ab\u00e9preuve surprise\u00bb leur ayant \u00e9t\u00e9 notifi\u00e9 le jour du concours. Le test \u00e9crit de 60 minutes portait sur la psychologie de vente et les connaissances professionnelles.<\/p>\n\n\n\n<h3 class=\"wp-block-heading\" id=\"h-les-reglements-des-concours\">Les r\u00e8glements des concours<\/h3>\n\n\n\n<p>Les r\u00e8glements d\u00e9taill\u00e9s des concours et les listes des participants et participantes sont disponibles sur: <a href=\"https:\/\/swissbaker.ch\/fr\/releve\/concours-professionnels\/swissskills\/lucerne-2023\/\">www.swissbaker.ch\/SwissSkills2023\/FR<\/a><\/p>\n\n\n\n<p class=\"has-text-align-right\"><em>Association suisse des patrons boulangers-confiseurs<\/em><\/p>\n","protected":false},"excerpt":{"rendered":"<p>Les boulangers-confiseurs et boulang\u00e8res-confiseuses suisses ont leurs trois nouvelles championnes suisses \u2013 dans le commerce de d\u00e9tail et dans les orientations boulangerie-p\u00e2tisserie et p\u00e2tisserie-confiserie \u2013 issues des cantons d\u2019Argovie, de Berne et de Saint-Gall. Les championnats suisses des m\u00e9tiers ont eu lieu \u00e0 l\u2019Ecole professionnelle Richemont de Lucerne, du 21 au 23 novembre 2023.<\/p>\n","protected":false},"author":5,"featured_media":72622,"comment_status":"closed","ping_status":"closed","sticky":true,"template":"","format":"standard","meta":{"_acf_changed":false,"footnotes":""},"categories":[43],"tags":[],"class_list":["post-72612","post","type-post","status-publish","format-standard","has-post-thumbnail","hentry","category-concours"],"acf":[],"yoast_head":"<!-- This site is optimized with the Yoast SEO Premium plugin v26.8 (Yoast SEO v26.8) - https:\/\/yoast.com\/product\/yoast-seo-premium-wordpress\/ -->\n<title>Les trois titres des championnats suisses pour Argovie, Berne et Saint-Gall | SBC<\/title>\n<meta name=\"robots\" content=\"index, follow, max-snippet:-1, max-image-preview:large, max-video-preview:-1\" \/>\n<link rel=\"canonical\" href=\"https:\/\/swissbaker.ch\/fr\/panissimo-news\/les-trois-titres-des-championnats-suisses-vont-aux-cantons-dargovie-de-berne-et-de-saint-gall\/\" \/>\n<meta property=\"og:locale\" content=\"fr_FR\" \/>\n<meta property=\"og:type\" content=\"article\" \/>\n<meta property=\"og:title\" content=\"Les trois titres des championnats suisses pour Argovie, Berne et Saint-Gall\" \/>\n<meta property=\"og:description\" content=\"Les boulangers-confiseurs et boulang\u00e8res-confiseuses suisses ont leurs trois nouvelles championnes suisses \u2013 dans le commerce de d\u00e9tail et dans les orientations boulangerie-p\u00e2tisserie et p\u00e2tisserie-confiserie \u2013 issues des cantons d\u2019Argovie, de Berne et de Saint-Gall. Les championnats suisses des m\u00e9tiers ont eu lieu \u00e0 l\u2019Ecole professionnelle Richemont de Lucerne, du 21 au 23 novembre 2023.\" \/>\n<meta property=\"og:url\" content=\"https:\/\/swissbaker.ch\/fr\/panissimo-news\/les-trois-titres-des-championnats-suisses-vont-aux-cantons-dargovie-de-berne-et-de-saint-gall\/\" \/>\n<meta property=\"og:site_name\" content=\"SBC\" \/>\n<meta property=\"article:publisher\" content=\"https:\/\/www.facebook.com\/swissbaker.ch\" \/>\n<meta property=\"article:published_time\" content=\"2023-11-23T18:49:41+00:00\" \/>\n<meta property=\"article:modified_time\" content=\"2023-11-24T09:50:42+00:00\" \/>\n<meta property=\"og:image\" content=\"https:\/\/swissbaker.ch\/wp-content\/uploads\/2023\/11\/20_1_swissskills_siegerinnen.jpg\" \/>\n\t<meta property=\"og:image:width\" content=\"1200\" \/>\n\t<meta property=\"og:image:height\" content=\"712\" \/>\n\t<meta property=\"og:image:type\" content=\"image\/jpeg\" \/>\n<meta name=\"author\" content=\"Simon Nussbaum\" \/>\n<meta name=\"twitter:card\" content=\"summary_large_image\" \/>\n<meta name=\"twitter:creator\" content=\"@ch_swissbaker\" \/>\n<meta name=\"twitter:site\" content=\"@ch_swissbaker\" \/>\n<meta name=\"twitter:label1\" content=\"Written by\" \/>\n\t<meta name=\"twitter:data1\" content=\"Simon Nussbaum\" \/>\n\t<meta name=\"twitter:label2\" content=\"Est. reading time\" \/>\n\t<meta name=\"twitter:data2\" content=\"3 minutes\" \/>\n<script type=\"application\/ld+json\" class=\"yoast-schema-graph\">{\"@context\":\"https:\/\/schema.org\",\"@graph\":[{\"@type\":\"Article\",\"@id\":\"https:\/\/swissbaker.ch\/fr\/panissimo-news\/les-trois-titres-des-championnats-suisses-vont-aux-cantons-dargovie-de-berne-et-de-saint-gall\/#article\",\"isPartOf\":{\"@id\":\"https:\/\/swissbaker.ch\/fr\/panissimo-news\/les-trois-titres-des-championnats-suisses-vont-aux-cantons-dargovie-de-berne-et-de-saint-gall\/\"},\"author\":{\"name\":\"Simon Nussbaum\",\"@id\":\"https:\/\/swissbaker.ch\/fr\/#\/schema\/person\/74bd327b08c18ca6042c02ff6f0ed5e2\"},\"headline\":\"Les trois titres des championnats suisses pour Argovie, Berne et Saint-Gall\",\"datePublished\":\"2023-11-23T18:49:41+00:00\",\"dateModified\":\"2023-11-24T09:50:42+00:00\",\"mainEntityOfPage\":{\"@id\":\"https:\/\/swissbaker.ch\/fr\/panissimo-news\/les-trois-titres-des-championnats-suisses-vont-aux-cantons-dargovie-de-berne-et-de-saint-gall\/\"},\"wordCount\":595,\"publisher\":{\"@id\":\"https:\/\/swissbaker.ch\/fr\/#organization\"},\"image\":{\"@id\":\"https:\/\/swissbaker.ch\/fr\/panissimo-news\/les-trois-titres-des-championnats-suisses-vont-aux-cantons-dargovie-de-berne-et-de-saint-gall\/#primaryimage\"},\"thumbnailUrl\":\"https:\/\/swissbaker.ch\/wp-content\/uploads\/2023\/11\/20_1_swissskills_siegerinnen.jpg\",\"articleSection\":[\"Concours\"],\"inLanguage\":\"fr-FR\"},{\"@type\":\"WebPage\",\"@id\":\"https:\/\/swissbaker.ch\/fr\/panissimo-news\/les-trois-titres-des-championnats-suisses-vont-aux-cantons-dargovie-de-berne-et-de-saint-gall\/\",\"url\":\"https:\/\/swissbaker.ch\/fr\/panissimo-news\/les-trois-titres-des-championnats-suisses-vont-aux-cantons-dargovie-de-berne-et-de-saint-gall\/\",\"name\":\"Les trois titres des championnats suisses pour Argovie, Berne et Saint-Gall | SBC\",\"isPartOf\":{\"@id\":\"https:\/\/swissbaker.ch\/fr\/#website\"},\"primaryImageOfPage\":{\"@id\":\"https:\/\/swissbaker.ch\/fr\/panissimo-news\/les-trois-titres-des-championnats-suisses-vont-aux-cantons-dargovie-de-berne-et-de-saint-gall\/#primaryimage\"},\"image\":{\"@id\":\"https:\/\/swissbaker.ch\/fr\/panissimo-news\/les-trois-titres-des-championnats-suisses-vont-aux-cantons-dargovie-de-berne-et-de-saint-gall\/#primaryimage\"},\"thumbnailUrl\":\"https:\/\/swissbaker.ch\/wp-content\/uploads\/2023\/11\/20_1_swissskills_siegerinnen.jpg\",\"datePublished\":\"2023-11-23T18:49:41+00:00\",\"dateModified\":\"2023-11-24T09:50:42+00:00\",\"breadcrumb\":{\"@id\":\"https:\/\/swissbaker.ch\/fr\/panissimo-news\/les-trois-titres-des-championnats-suisses-vont-aux-cantons-dargovie-de-berne-et-de-saint-gall\/#breadcrumb\"},\"inLanguage\":\"fr-FR\",\"potentialAction\":[{\"@type\":\"ReadAction\",\"target\":[\"https:\/\/swissbaker.ch\/fr\/panissimo-news\/les-trois-titres-des-championnats-suisses-vont-aux-cantons-dargovie-de-berne-et-de-saint-gall\/\"]}]},{\"@type\":\"ImageObject\",\"inLanguage\":\"fr-FR\",\"@id\":\"https:\/\/swissbaker.ch\/fr\/panissimo-news\/les-trois-titres-des-championnats-suisses-vont-aux-cantons-dargovie-de-berne-et-de-saint-gall\/#primaryimage\",\"url\":\"https:\/\/swissbaker.ch\/wp-content\/uploads\/2023\/11\/20_1_swissskills_siegerinnen.jpg\",\"contentUrl\":\"https:\/\/swissbaker.ch\/wp-content\/uploads\/2023\/11\/20_1_swissskills_siegerinnen.jpg\",\"width\":1200,\"height\":712},{\"@type\":\"BreadcrumbList\",\"@id\":\"https:\/\/swissbaker.ch\/fr\/panissimo-news\/les-trois-titres-des-championnats-suisses-vont-aux-cantons-dargovie-de-berne-et-de-saint-gall\/#breadcrumb\",\"itemListElement\":[{\"@type\":\"ListItem\",\"position\":1,\"name\":\"\",\"item\":\"https:\/\/swissbaker.ch\/fr\/\"},{\"@type\":\"ListItem\",\"position\":2,\"name\":\"Concours\",\"item\":\"https:\/\/swissbaker.ch\/fr\/panissimo-news\/category\/concours\/\"},{\"@type\":\"ListItem\",\"position\":3,\"name\":\"Les trois titres des championnats suisses pour Argovie, Berne et Saint-Gall\"}]},{\"@type\":\"WebSite\",\"@id\":\"https:\/\/swissbaker.ch\/fr\/#website\",\"url\":\"https:\/\/swissbaker.ch\/fr\/\",\"name\":\"SBC\",\"description\":\"\",\"publisher\":{\"@id\":\"https:\/\/swissbaker.ch\/fr\/#organization\"},\"potentialAction\":[{\"@type\":\"SearchAction\",\"target\":{\"@type\":\"EntryPoint\",\"urlTemplate\":\"https:\/\/swissbaker.ch\/fr\/?s={search_term_string}\"},\"query-input\":{\"@type\":\"PropertyValueSpecification\",\"valueRequired\":true,\"valueName\":\"search_term_string\"}}],\"inLanguage\":\"fr-FR\"},{\"@type\":\"Organization\",\"@id\":\"https:\/\/swissbaker.ch\/fr\/#organization\",\"name\":\"Schweizerischer B\u00e4cker-Confiseurmeister-Verband\",\"url\":\"https:\/\/swissbaker.ch\/fr\/\",\"logo\":{\"@type\":\"ImageObject\",\"inLanguage\":\"fr-FR\",\"@id\":\"https:\/\/swissbaker.ch\/fr\/#\/schema\/logo\/image\/\",\"url\":\"https:\/\/swissbaker.ch\/wp-content\/uploads\/2022\/04\/sbc-logo-yoast.jpg\",\"contentUrl\":\"https:\/\/swissbaker.ch\/wp-content\/uploads\/2022\/04\/sbc-logo-yoast.jpg\",\"width\":512,\"height\":512,\"caption\":\"Schweizerischer B\u00e4cker-Confiseurmeister-Verband\"},\"image\":{\"@id\":\"https:\/\/swissbaker.ch\/fr\/#\/schema\/logo\/image\/\"},\"sameAs\":[\"https:\/\/www.facebook.com\/swissbaker.ch\",\"https:\/\/x.com\/ch_swissbaker\"]},{\"@type\":\"Person\",\"@id\":\"https:\/\/swissbaker.ch\/fr\/#\/schema\/person\/74bd327b08c18ca6042c02ff6f0ed5e2\",\"name\":\"Simon Nussbaum\",\"image\":{\"@type\":\"ImageObject\",\"inLanguage\":\"fr-FR\",\"@id\":\"https:\/\/swissbaker.ch\/fr\/#\/schema\/person\/image\/\",\"url\":\"https:\/\/secure.gravatar.com\/avatar\/df0eced3bb556c806cb760cf503ade1ed1df25b4104d80d6fd28d93a9509aa12?s=96&d=mm&r=g\",\"contentUrl\":\"https:\/\/secure.gravatar.com\/avatar\/df0eced3bb556c806cb760cf503ade1ed1df25b4104d80d6fd28d93a9509aa12?s=96&d=mm&r=g\",\"caption\":\"Simon Nussbaum\"},\"url\":\"https:\/\/swissbaker.ch\/fr\/panissimo-news\/author\/simon-nussbaum\/\"}]}<\/script>\n<!-- \/ Yoast SEO Premium plugin. -->","yoast_head_json":{"title":"Les trois titres des championnats suisses pour Argovie, Berne et Saint-Gall | SBC","robots":{"index":"index","follow":"follow","max-snippet":"max-snippet:-1","max-image-preview":"max-image-preview:large","max-video-preview":"max-video-preview:-1"},"canonical":"https:\/\/swissbaker.ch\/fr\/panissimo-news\/les-trois-titres-des-championnats-suisses-vont-aux-cantons-dargovie-de-berne-et-de-saint-gall\/","og_locale":"fr_FR","og_type":"article","og_title":"Les trois titres des championnats suisses pour Argovie, Berne et Saint-Gall","og_description":"Les boulangers-confiseurs et boulang\u00e8res-confiseuses suisses ont leurs trois nouvelles championnes suisses \u2013 dans le commerce de d\u00e9tail et dans les orientations boulangerie-p\u00e2tisserie et p\u00e2tisserie-confiserie \u2013 issues des cantons d\u2019Argovie, de Berne et de Saint-Gall. Les championnats suisses des m\u00e9tiers ont eu lieu \u00e0 l\u2019Ecole professionnelle Richemont de Lucerne, du 21 au 23 novembre 2023.","og_url":"https:\/\/swissbaker.ch\/fr\/panissimo-news\/les-trois-titres-des-championnats-suisses-vont-aux-cantons-dargovie-de-berne-et-de-saint-gall\/","og_site_name":"SBC","article_publisher":"https:\/\/www.facebook.com\/swissbaker.ch","article_published_time":"2023-11-23T18:49:41+00:00","article_modified_time":"2023-11-24T09:50:42+00:00","og_image":[{"width":1200,"height":712,"url":"https:\/\/swissbaker.ch\/wp-content\/uploads\/2023\/11\/20_1_swissskills_siegerinnen.jpg","type":"image\/jpeg"}],"author":"Simon Nussbaum","twitter_card":"summary_large_image","twitter_creator":"@ch_swissbaker","twitter_site":"@ch_swissbaker","twitter_misc":{"Written by":"Simon Nussbaum","Est. reading time":"3 minutes"},"schema":{"@context":"https:\/\/schema.org","@graph":[{"@type":"Article","@id":"https:\/\/swissbaker.ch\/fr\/panissimo-news\/les-trois-titres-des-championnats-suisses-vont-aux-cantons-dargovie-de-berne-et-de-saint-gall\/#article","isPartOf":{"@id":"https:\/\/swissbaker.ch\/fr\/panissimo-news\/les-trois-titres-des-championnats-suisses-vont-aux-cantons-dargovie-de-berne-et-de-saint-gall\/"},"author":{"name":"Simon Nussbaum","@id":"https:\/\/swissbaker.ch\/fr\/#\/schema\/person\/74bd327b08c18ca6042c02ff6f0ed5e2"},"headline":"Les trois titres des championnats suisses pour Argovie, Berne et Saint-Gall","datePublished":"2023-11-23T18:49:41+00:00","dateModified":"2023-11-24T09:50:42+00:00","mainEntityOfPage":{"@id":"https:\/\/swissbaker.ch\/fr\/panissimo-news\/les-trois-titres-des-championnats-suisses-vont-aux-cantons-dargovie-de-berne-et-de-saint-gall\/"},"wordCount":595,"publisher":{"@id":"https:\/\/swissbaker.ch\/fr\/#organization"},"image":{"@id":"https:\/\/swissbaker.ch\/fr\/panissimo-news\/les-trois-titres-des-championnats-suisses-vont-aux-cantons-dargovie-de-berne-et-de-saint-gall\/#primaryimage"},"thumbnailUrl":"https:\/\/swissbaker.ch\/wp-content\/uploads\/2023\/11\/20_1_swissskills_siegerinnen.jpg","articleSection":["Concours"],"inLanguage":"fr-FR"},{"@type":"WebPage","@id":"https:\/\/swissbaker.ch\/fr\/panissimo-news\/les-trois-titres-des-championnats-suisses-vont-aux-cantons-dargovie-de-berne-et-de-saint-gall\/","url":"https:\/\/swissbaker.ch\/fr\/panissimo-news\/les-trois-titres-des-championnats-suisses-vont-aux-cantons-dargovie-de-berne-et-de-saint-gall\/","name":"Les trois titres des championnats suisses pour Argovie, Berne et Saint-Gall | SBC","isPartOf":{"@id":"https:\/\/swissbaker.ch\/fr\/#website"},"primaryImageOfPage":{"@id":"https:\/\/swissbaker.ch\/fr\/panissimo-news\/les-trois-titres-des-championnats-suisses-vont-aux-cantons-dargovie-de-berne-et-de-saint-gall\/#primaryimage"},"image":{"@id":"https:\/\/swissbaker.ch\/fr\/panissimo-news\/les-trois-titres-des-championnats-suisses-vont-aux-cantons-dargovie-de-berne-et-de-saint-gall\/#primaryimage"},"thumbnailUrl":"https:\/\/swissbaker.ch\/wp-content\/uploads\/2023\/11\/20_1_swissskills_siegerinnen.jpg","datePublished":"2023-11-23T18:49:41+00:00","dateModified":"2023-11-24T09:50:42+00:00","breadcrumb":{"@id":"https:\/\/swissbaker.ch\/fr\/panissimo-news\/les-trois-titres-des-championnats-suisses-vont-aux-cantons-dargovie-de-berne-et-de-saint-gall\/#breadcrumb"},"inLanguage":"fr-FR","potentialAction":[{"@type":"ReadAction","target":["https:\/\/swissbaker.ch\/fr\/panissimo-news\/les-trois-titres-des-championnats-suisses-vont-aux-cantons-dargovie-de-berne-et-de-saint-gall\/"]}]},{"@type":"ImageObject","inLanguage":"fr-FR","@id":"https:\/\/swissbaker.ch\/fr\/panissimo-news\/les-trois-titres-des-championnats-suisses-vont-aux-cantons-dargovie-de-berne-et-de-saint-gall\/#primaryimage","url":"https:\/\/swissbaker.ch\/wp-content\/uploads\/2023\/11\/20_1_swissskills_siegerinnen.jpg","contentUrl":"https:\/\/swissbaker.ch\/wp-content\/uploads\/2023\/11\/20_1_swissskills_siegerinnen.jpg","width":1200,"height":712},{"@type":"BreadcrumbList","@id":"https:\/\/swissbaker.ch\/fr\/panissimo-news\/les-trois-titres-des-championnats-suisses-vont-aux-cantons-dargovie-de-berne-et-de-saint-gall\/#breadcrumb","itemListElement":[{"@type":"ListItem","position":1,"name":"","item":"https:\/\/swissbaker.ch\/fr\/"},{"@type":"ListItem","position":2,"name":"Concours","item":"https:\/\/swissbaker.ch\/fr\/panissimo-news\/category\/concours\/"},{"@type":"ListItem","position":3,"name":"Les trois titres des championnats suisses pour Argovie, Berne et Saint-Gall"}]},{"@type":"WebSite","@id":"https:\/\/swissbaker.ch\/fr\/#website","url":"https:\/\/swissbaker.ch\/fr\/","name":"SBC","description":"","publisher":{"@id":"https:\/\/swissbaker.ch\/fr\/#organization"},"potentialAction":[{"@type":"SearchAction","target":{"@type":"EntryPoint","urlTemplate":"https:\/\/swissbaker.ch\/fr\/?s={search_term_string}"},"query-input":{"@type":"PropertyValueSpecification","valueRequired":true,"valueName":"search_term_string"}}],"inLanguage":"fr-FR"},{"@type":"Organization","@id":"https:\/\/swissbaker.ch\/fr\/#organization","name":"Schweizerischer B\u00e4cker-Confiseurmeister-Verband","url":"https:\/\/swissbaker.ch\/fr\/","logo":{"@type":"ImageObject","inLanguage":"fr-FR","@id":"https:\/\/swissbaker.ch\/fr\/#\/schema\/logo\/image\/","url":"https:\/\/swissbaker.ch\/wp-content\/uploads\/2022\/04\/sbc-logo-yoast.jpg","contentUrl":"https:\/\/swissbaker.ch\/wp-content\/uploads\/2022\/04\/sbc-logo-yoast.jpg","width":512,"height":512,"caption":"Schweizerischer B\u00e4cker-Confiseurmeister-Verband"},"image":{"@id":"https:\/\/swissbaker.ch\/fr\/#\/schema\/logo\/image\/"},"sameAs":["https:\/\/www.facebook.com\/swissbaker.ch","https:\/\/x.com\/ch_swissbaker"]},{"@type":"Person","@id":"https:\/\/swissbaker.ch\/fr\/#\/schema\/person\/74bd327b08c18ca6042c02ff6f0ed5e2","name":"Simon Nussbaum","image":{"@type":"ImageObject","inLanguage":"fr-FR","@id":"https:\/\/swissbaker.ch\/fr\/#\/schema\/person\/image\/","url":"https:\/\/secure.gravatar.com\/avatar\/df0eced3bb556c806cb760cf503ade1ed1df25b4104d80d6fd28d93a9509aa12?s=96&d=mm&r=g","contentUrl":"https:\/\/secure.gravatar.com\/avatar\/df0eced3bb556c806cb760cf503ade1ed1df25b4104d80d6fd28d93a9509aa12?s=96&d=mm&r=g","caption":"Simon Nussbaum"},"url":"https:\/\/swissbaker.ch\/fr\/panissimo-news\/author\/simon-nussbaum\/"}]}},"_links":{"self":[{"href":"https:\/\/swissbaker.ch\/fr\/wp-json\/wp\/v2\/posts\/72612","targetHints":{"allow":["GET"]}}],"collection":[{"href":"https:\/\/swissbaker.ch\/fr\/wp-json\/wp\/v2\/posts"}],"about":[{"href":"https:\/\/swissbaker.ch\/fr\/wp-json\/wp\/v2\/types\/post"}],"author":[{"embeddable":true,"href":"https:\/\/swissbaker.ch\/fr\/wp-json\/wp\/v2\/users\/5"}],"replies":[{"embeddable":true,"href":"https:\/\/swissbaker.ch\/fr\/wp-json\/wp\/v2\/comments?post=72612"}],"version-history":[{"count":0,"href":"https:\/\/swissbaker.ch\/fr\/wp-json\/wp\/v2\/posts\/72612\/revisions"}],"wp:featuredmedia":[{"embeddable":true,"href":"https:\/\/swissbaker.ch\/fr\/wp-json\/wp\/v2\/media\/72622"}],"wp:attachment":[{"href":"https:\/\/swissbaker.ch\/fr\/wp-json\/wp\/v2\/media?parent=72612"}],"wp:term":[{"taxonomy":"category","embeddable":true,"href":"https:\/\/swissbaker.ch\/fr\/wp-json\/wp\/v2\/categories?post=72612"},{"taxonomy":"post_tag","embeddable":true,"href":"https:\/\/swissbaker.ch\/fr\/wp-json\/wp\/v2\/tags?post=72612"}],"curies":[{"name":"wp","href":"https:\/\/api.w.org\/{rel}","templated":true}]}}