{"id":7260,"date":"2022-03-31T14:28:35","date_gmt":"2022-03-31T12:28:35","guid":{"rendered":"https:\/\/swissbaker.ch\/?p=7260"},"modified":"2022-04-29T09:46:55","modified_gmt":"2022-04-29T07:46:55","slug":"video-pour-la-promotion-de-la-releve-dans-les-magasins","status":"publish","type":"post","link":"https:\/\/swissbaker.ch\/fr\/panissimo-news\/video-pour-la-promotion-de-la-releve-dans-les-magasins\/","title":{"rendered":"Vid\u00e9o pour la promotion de la rel\u00e8ve dans les magasins"},"content":{"rendered":"\n<p><strong>La deuxi\u00e8me vague de la campagne pour la rel\u00e8ve de l&#8217;Association suisse des patrons boulangers-confiseurs (BCS) est dans les starting-blocks. Elle sera lanc\u00e9e \u00e0 la mi-mai. Une nouvelle vid\u00e9o peut \u00eatre utilis\u00e9e pour la promotion de la rel\u00e8ve et de l&#8217;image de marque. Elle n&#8217;est pas uniquement \u00e0 la disposition des associations cantonales et r\u00e9gionales lors des foires et des expositions, mais doit aussi absolument \u00eatre diffus\u00e9e dans les points de vente.<\/strong><\/p>\n\n\n\n<p><a href=\"https:\/\/www.swissbaker.ch\/fr\/la-bcs\/marketingcommunication\/campagne-de-releve\/\">La vid\u00e9o et le mat\u00e9riel publicitaire est \u00e0 t\u00e9l\u00e9charger ici\u2026\u00bb<\/a><\/p>\n\n\n\n<p>Les boulangers-confiseurs suisses peuvent en outre soutenir activement la campagne de promotion de la rel\u00e8ve de la BCS, au moyen de pr\u00e9sentoirs et de cartes publicitaires A5 avec QR code.<\/p>\n\n\n\n<p>Le pr\u00e9sident de la BCS Silvan Hotz appelle les membres \u00e0 soutenir activement la branche dans cette campagne : \u00ab Vous \u00eates en contact direct avec vos clients ! Ce n&#8217;est qu&#8217;ensemble que nous nous rapprocherons petit \u00e0 petit de notre objectif ! \u00bb<\/p>\n\n\n\n<p>En plus de TikTok, Facebook et Instagram, la branche sera pr\u00e9sente sur Spotify. La campagne doit toutefois \u00eatre plus pr\u00e9sente sur les salons et les expositions. L\u2019association souhaite \u00e9galement booster la pr\u00e9sence publicitaire dans les points de vente des entreprises membres.<\/p>\n\n\n\n<p>La vid\u00e9o a \u00e9t\u00e9 pr\u00e9sent\u00e9e en premi\u00e8re au Salon interjurassien de la formation \u00e0 Del\u00e9mont. <a href=\"https:\/\/www.swissbaker.ch\/fr\/news-panissimo\/galeries-de-photos\/galeries-2022\/salon-interjurassien-de-la-formation-2022-a-delemont\/\">Galerie de photos sur swissbaker.ch<\/a><\/p>\n","protected":false},"excerpt":{"rendered":"<p>La deuxi\u00e8me vague de la campagne pour la rel\u00e8ve de l&#8217;Association suisse des patrons boulangers-confiseurs (BCS) est dans les starting-blocks. Elle sera lanc\u00e9e \u00e0 la mi-mai. Une nouvelle vid\u00e9o peut \u00eatre utilis\u00e9e pour la promotion de la rel\u00e8ve et de l&#8217;image de marque. Elle n&#8217;est pas uniquement \u00e0 la disposition des associations cantonales et r\u00e9gionales lors des foires et des [&hellip;]<\/p>\n","protected":false},"author":1,"featured_media":5986,"comment_status":"open","ping_status":"closed","sticky":false,"template":"","format":"standard","meta":{"_acf_changed":false,"footnotes":""},"categories":[41,47],"tags":[],"class_list":["post-7260","post","type-post","status-publish","format-standard","has-post-thumbnail","hentry","category-association","category-formation-releve"],"acf":[],"yoast_head":"<!-- This site is optimized with the Yoast SEO Premium plugin v26.8 (Yoast SEO v26.8) - https:\/\/yoast.com\/product\/yoast-seo-premium-wordpress\/ -->\n<title>Vid\u00e9o pour la promotion de la rel\u00e8ve dans les magasins | SBC<\/title>\n<meta name=\"robots\" content=\"index, follow, max-snippet:-1, max-image-preview:large, max-video-preview:-1\" \/>\n<link rel=\"canonical\" href=\"https:\/\/swissbaker.ch\/fr\/panissimo-news\/video-pour-la-promotion-de-la-releve-dans-les-magasins\/\" \/>\n<meta property=\"og:locale\" content=\"fr_FR\" \/>\n<meta property=\"og:type\" content=\"article\" \/>\n<meta property=\"og:title\" content=\"Vid\u00e9o pour la promotion de la rel\u00e8ve dans les magasins\" \/>\n<meta property=\"og:description\" content=\"La deuxi\u00e8me vague de la campagne pour la rel\u00e8ve de l&#8217;Association suisse des patrons boulangers-confiseurs (BCS) est dans les starting-blocks. Elle sera lanc\u00e9e \u00e0 la mi-mai. Une nouvelle vid\u00e9o peut \u00eatre utilis\u00e9e pour la promotion de la rel\u00e8ve et de l&#8217;image de marque. Elle n&#8217;est pas uniquement \u00e0 la disposition des associations cantonales et r\u00e9gionales lors des foires et des [&hellip;]\" \/>\n<meta property=\"og:url\" content=\"https:\/\/swissbaker.ch\/fr\/panissimo-news\/video-pour-la-promotion-de-la-releve-dans-les-magasins\/\" \/>\n<meta property=\"og:site_name\" content=\"SBC\" \/>\n<meta property=\"article:publisher\" content=\"https:\/\/www.facebook.com\/swissbaker.ch\" \/>\n<meta property=\"article:published_time\" content=\"2022-03-31T12:28:35+00:00\" \/>\n<meta property=\"article:modified_time\" content=\"2022-04-29T07:46:55+00:00\" \/>\n<meta property=\"og:image\" content=\"https:\/\/swissbaker.ch\/wp-content\/uploads\/2022\/03\/csm_6_2_video_fdz_d6ab0e1959.jpeg\" \/>\n\t<meta property=\"og:image:width\" content=\"551\" \/>\n\t<meta property=\"og:image:height\" content=\"327\" \/>\n\t<meta property=\"og:image:type\" content=\"image\/jpeg\" \/>\n<meta name=\"author\" content=\"azureart\" \/>\n<meta name=\"twitter:card\" content=\"summary_large_image\" \/>\n<meta name=\"twitter:creator\" content=\"@ch_swissbaker\" \/>\n<meta name=\"twitter:site\" content=\"@ch_swissbaker\" \/>\n<meta name=\"twitter:label1\" content=\"Written by\" \/>\n\t<meta name=\"twitter:data1\" content=\"azureart\" \/>\n\t<meta name=\"twitter:label2\" content=\"Est. reading time\" \/>\n\t<meta name=\"twitter:data2\" content=\"2 minutes\" \/>\n<script type=\"application\/ld+json\" class=\"yoast-schema-graph\">{\"@context\":\"https:\/\/schema.org\",\"@graph\":[{\"@type\":\"Article\",\"@id\":\"https:\/\/swissbaker.ch\/fr\/panissimo-news\/video-pour-la-promotion-de-la-releve-dans-les-magasins\/#article\",\"isPartOf\":{\"@id\":\"https:\/\/swissbaker.ch\/fr\/panissimo-news\/video-pour-la-promotion-de-la-releve-dans-les-magasins\/\"},\"author\":{\"name\":\"azureart\",\"@id\":\"https:\/\/swissbaker.ch\/fr\/#\/schema\/person\/058ac47619f7da53df62aba60f939b78\"},\"headline\":\"Vid\u00e9o pour la promotion de la rel\u00e8ve dans les magasins\",\"datePublished\":\"2022-03-31T12:28:35+00:00\",\"dateModified\":\"2022-04-29T07:46:55+00:00\",\"mainEntityOfPage\":{\"@id\":\"https:\/\/swissbaker.ch\/fr\/panissimo-news\/video-pour-la-promotion-de-la-releve-dans-les-magasins\/\"},\"wordCount\":248,\"commentCount\":0,\"publisher\":{\"@id\":\"https:\/\/swissbaker.ch\/fr\/#organization\"},\"image\":{\"@id\":\"https:\/\/swissbaker.ch\/fr\/panissimo-news\/video-pour-la-promotion-de-la-releve-dans-les-magasins\/#primaryimage\"},\"thumbnailUrl\":\"https:\/\/swissbaker.ch\/wp-content\/uploads\/2022\/03\/csm_6_2_video_fdz_d6ab0e1959.jpeg\",\"articleSection\":[\"Association\",\"Formation\/Rel\u00e8ve\"],\"inLanguage\":\"fr-FR\",\"potentialAction\":[{\"@type\":\"CommentAction\",\"name\":\"Comment\",\"target\":[\"https:\/\/swissbaker.ch\/fr\/panissimo-news\/video-pour-la-promotion-de-la-releve-dans-les-magasins\/#respond\"]}]},{\"@type\":\"WebPage\",\"@id\":\"https:\/\/swissbaker.ch\/fr\/panissimo-news\/video-pour-la-promotion-de-la-releve-dans-les-magasins\/\",\"url\":\"https:\/\/swissbaker.ch\/fr\/panissimo-news\/video-pour-la-promotion-de-la-releve-dans-les-magasins\/\",\"name\":\"Vid\u00e9o pour la promotion de la rel\u00e8ve dans les magasins | SBC\",\"isPartOf\":{\"@id\":\"https:\/\/swissbaker.ch\/fr\/#website\"},\"primaryImageOfPage\":{\"@id\":\"https:\/\/swissbaker.ch\/fr\/panissimo-news\/video-pour-la-promotion-de-la-releve-dans-les-magasins\/#primaryimage\"},\"image\":{\"@id\":\"https:\/\/swissbaker.ch\/fr\/panissimo-news\/video-pour-la-promotion-de-la-releve-dans-les-magasins\/#primaryimage\"},\"thumbnailUrl\":\"https:\/\/swissbaker.ch\/wp-content\/uploads\/2022\/03\/csm_6_2_video_fdz_d6ab0e1959.jpeg\",\"datePublished\":\"2022-03-31T12:28:35+00:00\",\"dateModified\":\"2022-04-29T07:46:55+00:00\",\"breadcrumb\":{\"@id\":\"https:\/\/swissbaker.ch\/fr\/panissimo-news\/video-pour-la-promotion-de-la-releve-dans-les-magasins\/#breadcrumb\"},\"inLanguage\":\"fr-FR\",\"potentialAction\":[{\"@type\":\"ReadAction\",\"target\":[\"https:\/\/swissbaker.ch\/fr\/panissimo-news\/video-pour-la-promotion-de-la-releve-dans-les-magasins\/\"]}]},{\"@type\":\"ImageObject\",\"inLanguage\":\"fr-FR\",\"@id\":\"https:\/\/swissbaker.ch\/fr\/panissimo-news\/video-pour-la-promotion-de-la-releve-dans-les-magasins\/#primaryimage\",\"url\":\"https:\/\/swissbaker.ch\/wp-content\/uploads\/2022\/03\/csm_6_2_video_fdz_d6ab0e1959.jpeg\",\"contentUrl\":\"https:\/\/swissbaker.ch\/wp-content\/uploads\/2022\/03\/csm_6_2_video_fdz_d6ab0e1959.jpeg\",\"width\":551,\"height\":327,\"caption\":\"Vid\u00e9o pour la promotion de la rel\u00e8ve dans les magasins\"},{\"@type\":\"BreadcrumbList\",\"@id\":\"https:\/\/swissbaker.ch\/fr\/panissimo-news\/video-pour-la-promotion-de-la-releve-dans-les-magasins\/#breadcrumb\",\"itemListElement\":[{\"@type\":\"ListItem\",\"position\":1,\"name\":\"\",\"item\":\"https:\/\/swissbaker.ch\/fr\/\"},{\"@type\":\"ListItem\",\"position\":2,\"name\":\"Association\",\"item\":\"https:\/\/swissbaker.ch\/fr\/panissimo-news\/category\/association\/\"},{\"@type\":\"ListItem\",\"position\":3,\"name\":\"Vid\u00e9o pour la promotion de la rel\u00e8ve dans les magasins\"}]},{\"@type\":\"WebSite\",\"@id\":\"https:\/\/swissbaker.ch\/fr\/#website\",\"url\":\"https:\/\/swissbaker.ch\/fr\/\",\"name\":\"SBC\",\"description\":\"\",\"publisher\":{\"@id\":\"https:\/\/swissbaker.ch\/fr\/#organization\"},\"potentialAction\":[{\"@type\":\"SearchAction\",\"target\":{\"@type\":\"EntryPoint\",\"urlTemplate\":\"https:\/\/swissbaker.ch\/fr\/?s={search_term_string}\"},\"query-input\":{\"@type\":\"PropertyValueSpecification\",\"valueRequired\":true,\"valueName\":\"search_term_string\"}}],\"inLanguage\":\"fr-FR\"},{\"@type\":\"Organization\",\"@id\":\"https:\/\/swissbaker.ch\/fr\/#organization\",\"name\":\"Schweizerischer B\u00e4cker-Confiseurmeister-Verband\",\"url\":\"https:\/\/swissbaker.ch\/fr\/\",\"logo\":{\"@type\":\"ImageObject\",\"inLanguage\":\"fr-FR\",\"@id\":\"https:\/\/swissbaker.ch\/fr\/#\/schema\/logo\/image\/\",\"url\":\"https:\/\/swissbaker.ch\/wp-content\/uploads\/2022\/04\/sbc-logo-yoast.jpg\",\"contentUrl\":\"https:\/\/swissbaker.ch\/wp-content\/uploads\/2022\/04\/sbc-logo-yoast.jpg\",\"width\":512,\"height\":512,\"caption\":\"Schweizerischer B\u00e4cker-Confiseurmeister-Verband\"},\"image\":{\"@id\":\"https:\/\/swissbaker.ch\/fr\/#\/schema\/logo\/image\/\"},\"sameAs\":[\"https:\/\/www.facebook.com\/swissbaker.ch\",\"https:\/\/x.com\/ch_swissbaker\"]},{\"@type\":\"Person\",\"@id\":\"https:\/\/swissbaker.ch\/fr\/#\/schema\/person\/058ac47619f7da53df62aba60f939b78\",\"name\":\"azureart\",\"image\":{\"@type\":\"ImageObject\",\"inLanguage\":\"fr-FR\",\"@id\":\"https:\/\/swissbaker.ch\/fr\/#\/schema\/person\/image\/\",\"url\":\"https:\/\/secure.gravatar.com\/avatar\/be04dd3098fd612c83067af4f7a295384c93cb6a9112f51beb9d2f477d25da61?s=96&d=mm&r=g\",\"contentUrl\":\"https:\/\/secure.gravatar.com\/avatar\/be04dd3098fd612c83067af4f7a295384c93cb6a9112f51beb9d2f477d25da61?s=96&d=mm&r=g\",\"caption\":\"azureart\"},\"sameAs\":[\"https:\/\/swissbaker.ch\"],\"url\":\"https:\/\/swissbaker.ch\/fr\/panissimo-news\/author\/pixel-ahoi\/\"}]}<\/script>\n<!-- \/ Yoast SEO Premium plugin. -->","yoast_head_json":{"title":"Vid\u00e9o pour la promotion de la rel\u00e8ve dans les magasins | SBC","robots":{"index":"index","follow":"follow","max-snippet":"max-snippet:-1","max-image-preview":"max-image-preview:large","max-video-preview":"max-video-preview:-1"},"canonical":"https:\/\/swissbaker.ch\/fr\/panissimo-news\/video-pour-la-promotion-de-la-releve-dans-les-magasins\/","og_locale":"fr_FR","og_type":"article","og_title":"Vid\u00e9o pour la promotion de la rel\u00e8ve dans les magasins","og_description":"La deuxi\u00e8me vague de la campagne pour la rel\u00e8ve de l&#8217;Association suisse des patrons boulangers-confiseurs (BCS) est dans les starting-blocks. Elle sera lanc\u00e9e \u00e0 la mi-mai. Une nouvelle vid\u00e9o peut \u00eatre utilis\u00e9e pour la promotion de la rel\u00e8ve et de l&#8217;image de marque. Elle n&#8217;est pas uniquement \u00e0 la disposition des associations cantonales et r\u00e9gionales lors des foires et des [&hellip;]","og_url":"https:\/\/swissbaker.ch\/fr\/panissimo-news\/video-pour-la-promotion-de-la-releve-dans-les-magasins\/","og_site_name":"SBC","article_publisher":"https:\/\/www.facebook.com\/swissbaker.ch","article_published_time":"2022-03-31T12:28:35+00:00","article_modified_time":"2022-04-29T07:46:55+00:00","og_image":[{"width":551,"height":327,"url":"https:\/\/swissbaker.ch\/wp-content\/uploads\/2022\/03\/csm_6_2_video_fdz_d6ab0e1959.jpeg","type":"image\/jpeg"}],"author":"azureart","twitter_card":"summary_large_image","twitter_creator":"@ch_swissbaker","twitter_site":"@ch_swissbaker","twitter_misc":{"Written by":"azureart","Est. reading time":"2 minutes"},"schema":{"@context":"https:\/\/schema.org","@graph":[{"@type":"Article","@id":"https:\/\/swissbaker.ch\/fr\/panissimo-news\/video-pour-la-promotion-de-la-releve-dans-les-magasins\/#article","isPartOf":{"@id":"https:\/\/swissbaker.ch\/fr\/panissimo-news\/video-pour-la-promotion-de-la-releve-dans-les-magasins\/"},"author":{"name":"azureart","@id":"https:\/\/swissbaker.ch\/fr\/#\/schema\/person\/058ac47619f7da53df62aba60f939b78"},"headline":"Vid\u00e9o pour la promotion de la rel\u00e8ve dans les magasins","datePublished":"2022-03-31T12:28:35+00:00","dateModified":"2022-04-29T07:46:55+00:00","mainEntityOfPage":{"@id":"https:\/\/swissbaker.ch\/fr\/panissimo-news\/video-pour-la-promotion-de-la-releve-dans-les-magasins\/"},"wordCount":248,"commentCount":0,"publisher":{"@id":"https:\/\/swissbaker.ch\/fr\/#organization"},"image":{"@id":"https:\/\/swissbaker.ch\/fr\/panissimo-news\/video-pour-la-promotion-de-la-releve-dans-les-magasins\/#primaryimage"},"thumbnailUrl":"https:\/\/swissbaker.ch\/wp-content\/uploads\/2022\/03\/csm_6_2_video_fdz_d6ab0e1959.jpeg","articleSection":["Association","Formation\/Rel\u00e8ve"],"inLanguage":"fr-FR","potentialAction":[{"@type":"CommentAction","name":"Comment","target":["https:\/\/swissbaker.ch\/fr\/panissimo-news\/video-pour-la-promotion-de-la-releve-dans-les-magasins\/#respond"]}]},{"@type":"WebPage","@id":"https:\/\/swissbaker.ch\/fr\/panissimo-news\/video-pour-la-promotion-de-la-releve-dans-les-magasins\/","url":"https:\/\/swissbaker.ch\/fr\/panissimo-news\/video-pour-la-promotion-de-la-releve-dans-les-magasins\/","name":"Vid\u00e9o pour la promotion de la rel\u00e8ve dans les magasins | SBC","isPartOf":{"@id":"https:\/\/swissbaker.ch\/fr\/#website"},"primaryImageOfPage":{"@id":"https:\/\/swissbaker.ch\/fr\/panissimo-news\/video-pour-la-promotion-de-la-releve-dans-les-magasins\/#primaryimage"},"image":{"@id":"https:\/\/swissbaker.ch\/fr\/panissimo-news\/video-pour-la-promotion-de-la-releve-dans-les-magasins\/#primaryimage"},"thumbnailUrl":"https:\/\/swissbaker.ch\/wp-content\/uploads\/2022\/03\/csm_6_2_video_fdz_d6ab0e1959.jpeg","datePublished":"2022-03-31T12:28:35+00:00","dateModified":"2022-04-29T07:46:55+00:00","breadcrumb":{"@id":"https:\/\/swissbaker.ch\/fr\/panissimo-news\/video-pour-la-promotion-de-la-releve-dans-les-magasins\/#breadcrumb"},"inLanguage":"fr-FR","potentialAction":[{"@type":"ReadAction","target":["https:\/\/swissbaker.ch\/fr\/panissimo-news\/video-pour-la-promotion-de-la-releve-dans-les-magasins\/"]}]},{"@type":"ImageObject","inLanguage":"fr-FR","@id":"https:\/\/swissbaker.ch\/fr\/panissimo-news\/video-pour-la-promotion-de-la-releve-dans-les-magasins\/#primaryimage","url":"https:\/\/swissbaker.ch\/wp-content\/uploads\/2022\/03\/csm_6_2_video_fdz_d6ab0e1959.jpeg","contentUrl":"https:\/\/swissbaker.ch\/wp-content\/uploads\/2022\/03\/csm_6_2_video_fdz_d6ab0e1959.jpeg","width":551,"height":327,"caption":"Vid\u00e9o pour la promotion de la rel\u00e8ve dans les magasins"},{"@type":"BreadcrumbList","@id":"https:\/\/swissbaker.ch\/fr\/panissimo-news\/video-pour-la-promotion-de-la-releve-dans-les-magasins\/#breadcrumb","itemListElement":[{"@type":"ListItem","position":1,"name":"","item":"https:\/\/swissbaker.ch\/fr\/"},{"@type":"ListItem","position":2,"name":"Association","item":"https:\/\/swissbaker.ch\/fr\/panissimo-news\/category\/association\/"},{"@type":"ListItem","position":3,"name":"Vid\u00e9o pour la promotion de la rel\u00e8ve dans les magasins"}]},{"@type":"WebSite","@id":"https:\/\/swissbaker.ch\/fr\/#website","url":"https:\/\/swissbaker.ch\/fr\/","name":"SBC","description":"","publisher":{"@id":"https:\/\/swissbaker.ch\/fr\/#organization"},"potentialAction":[{"@type":"SearchAction","target":{"@type":"EntryPoint","urlTemplate":"https:\/\/swissbaker.ch\/fr\/?s={search_term_string}"},"query-input":{"@type":"PropertyValueSpecification","valueRequired":true,"valueName":"search_term_string"}}],"inLanguage":"fr-FR"},{"@type":"Organization","@id":"https:\/\/swissbaker.ch\/fr\/#organization","name":"Schweizerischer B\u00e4cker-Confiseurmeister-Verband","url":"https:\/\/swissbaker.ch\/fr\/","logo":{"@type":"ImageObject","inLanguage":"fr-FR","@id":"https:\/\/swissbaker.ch\/fr\/#\/schema\/logo\/image\/","url":"https:\/\/swissbaker.ch\/wp-content\/uploads\/2022\/04\/sbc-logo-yoast.jpg","contentUrl":"https:\/\/swissbaker.ch\/wp-content\/uploads\/2022\/04\/sbc-logo-yoast.jpg","width":512,"height":512,"caption":"Schweizerischer B\u00e4cker-Confiseurmeister-Verband"},"image":{"@id":"https:\/\/swissbaker.ch\/fr\/#\/schema\/logo\/image\/"},"sameAs":["https:\/\/www.facebook.com\/swissbaker.ch","https:\/\/x.com\/ch_swissbaker"]},{"@type":"Person","@id":"https:\/\/swissbaker.ch\/fr\/#\/schema\/person\/058ac47619f7da53df62aba60f939b78","name":"azureart","image":{"@type":"ImageObject","inLanguage":"fr-FR","@id":"https:\/\/swissbaker.ch\/fr\/#\/schema\/person\/image\/","url":"https:\/\/secure.gravatar.com\/avatar\/be04dd3098fd612c83067af4f7a295384c93cb6a9112f51beb9d2f477d25da61?s=96&d=mm&r=g","contentUrl":"https:\/\/secure.gravatar.com\/avatar\/be04dd3098fd612c83067af4f7a295384c93cb6a9112f51beb9d2f477d25da61?s=96&d=mm&r=g","caption":"azureart"},"sameAs":["https:\/\/swissbaker.ch"],"url":"https:\/\/swissbaker.ch\/fr\/panissimo-news\/author\/pixel-ahoi\/"}]}},"_links":{"self":[{"href":"https:\/\/swissbaker.ch\/fr\/wp-json\/wp\/v2\/posts\/7260","targetHints":{"allow":["GET"]}}],"collection":[{"href":"https:\/\/swissbaker.ch\/fr\/wp-json\/wp\/v2\/posts"}],"about":[{"href":"https:\/\/swissbaker.ch\/fr\/wp-json\/wp\/v2\/types\/post"}],"author":[{"embeddable":true,"href":"https:\/\/swissbaker.ch\/fr\/wp-json\/wp\/v2\/users\/1"}],"replies":[{"embeddable":true,"href":"https:\/\/swissbaker.ch\/fr\/wp-json\/wp\/v2\/comments?post=7260"}],"version-history":[{"count":0,"href":"https:\/\/swissbaker.ch\/fr\/wp-json\/wp\/v2\/posts\/7260\/revisions"}],"wp:featuredmedia":[{"embeddable":true,"href":"https:\/\/swissbaker.ch\/fr\/wp-json\/wp\/v2\/media\/5986"}],"wp:attachment":[{"href":"https:\/\/swissbaker.ch\/fr\/wp-json\/wp\/v2\/media?parent=7260"}],"wp:term":[{"taxonomy":"category","embeddable":true,"href":"https:\/\/swissbaker.ch\/fr\/wp-json\/wp\/v2\/categories?post=7260"},{"taxonomy":"post_tag","embeddable":true,"href":"https:\/\/swissbaker.ch\/fr\/wp-json\/wp\/v2\/tags?post=7260"}],"curies":[{"name":"wp","href":"https:\/\/api.w.org\/{rel}","templated":true}]}}