{"id":7247,"date":"2022-04-07T09:31:00","date_gmt":"2022-04-07T07:31:00","guid":{"rendered":"https:\/\/swissbaker.ch\/?p=7247"},"modified":"2022-04-29T09:39:19","modified_gmt":"2022-04-29T07:39:19","slug":"formation-de-nouvelles-voies-pour-le-valais","status":"publish","type":"post","link":"https:\/\/swissbaker.ch\/fr\/panissimo-news\/formation-de-nouvelles-voies-pour-le-valais\/","title":{"rendered":"Formation: de nouvelles voies pour le Valais"},"content":{"rendered":"\n<p><strong>Les boulangers-confiseurs valaisans francophones doivent-ils passer du syst\u00e8me de formation dual au syst\u00e8me dual mixte? Lors de leur assembl\u00e9e g\u00e9n\u00e9rale de la semaine derni\u00e8re, les membres ont approuv\u00e9, apr\u00e8s une discussion intense et men\u00e9e de fa\u00e7on \u00e9quitable, le projet pilote facultatif avec une seule voix contre.<\/strong><\/p>\n\n\n\n<p>D\u00e8s l&#8217;\u00e9t\u00e9 2022, les apprentis de la partie francophone du Valais effectueront leur premi\u00e8re ann\u00e9e d&#8217;apprentissage \u00e0 l&#8217;\u00e9cole professionnelle commerciale et artisanale de Sion. Ils y feront non seulement de la th\u00e9orie, mais aussi du travail pratique. Un stage de cinq \u00e0 huit semaines dans une exploitation formatrice compl\u00e9tera la premi\u00e8re ann\u00e9e de formation.<\/p>\n\n\n\n<p>Il s&#8217;agit d&#8217;un projet pilote, comme l&#8217;a soulign\u00e9 la responsable Tanja Fux lors de l&#8217;assembl\u00e9e g\u00e9n\u00e9rale, et ce sur une base facultative. Ceux qui souhaitent continuer \u00e0 former leurs apprentis la premi\u00e8re ann\u00e9e dans leur exploitation formatrice peuvent le faire. Une solution sera recherch\u00e9e, a pr\u00e9cis\u00e9 Mme Fux.<\/p>\n\n\n\n<p>Les apprentis valaisans germanophones ne sont pas concern\u00e9s. Ils fr\u00e9quentent l&#8217;\u00e9cole professionnelle de Thoune (BE).<\/p>\n\n\n\n<h2 class=\"wp-block-heading\" id=\"h-annonce-a-court-terme\">Annonce \u00e0 court terme<\/h2>\n\n\n\n<p>Cette assembl\u00e9e a \u00e9t\u00e9 pr\u00e9c\u00e9d\u00e9e de quelques tourmentes, tant au niveau cantonal qu&#8217;au niveau national. Ce changement a \u00e9t\u00e9 annonc\u00e9 \u00e0 tr\u00e8s court terme. Les responsables au niveau national et r\u00e9gional ainsi que les formateurs ont parfois m\u00eame appris la nouvelle en premier dans les m\u00e9dias. A ce moment-l\u00e0, il n&#8217;\u00e9tait pas question de projet pilote ni de motion facultative. L&#8217;incertitude \u00e9tait grande. Diverses discussions ont eu lieu entre les autorit\u00e9s cantonales, l&#8217;association cantonale, les responsables r\u00e9gionaux, le pr\u00e9sident de la l\u2019Association suisse des patrons boulangers-confiseurs (BCS) Silvan Hotz et le responsable de la formation et de la formation continue \u00e0 la BCS, Peter Signer.<\/p>\n\n\n\n<h2 class=\"wp-block-heading\" id=\"h-speedy-gonzales\">\u00abSpeedy Gonzales\u00bb<\/h2>\n\n\n\n<p>Le pr\u00e9sident cantonal Albert Michellod a certes salu\u00e9 ce projet et le fait que le canton ait allou\u00e9 un montant consid\u00e9rable \u00e0 cet effet, mais il a critiqu\u00e9 la fa\u00e7on de faire des autorit\u00e9s valaisannes qui ont agi \u00e0 la \u00abSpeedy Gonzales\u00bb. Le membre cantonal Alphonse Pellet a vot\u00e9 en faveur de cette nouvelle voie de formation \u00abpour prot\u00e9ger les apprentis!\u00bb La \u2026\u2026 du canton du Valais, Tanja Fux, a soulign\u00e9 le manque de rel\u00e8ve dans la branche. Ce n\u2019est pas l&#8217;int\u00e9r\u00eat pour les m\u00e9tiers qui fait d\u00e9faut. Dans ce monde virtuel, le travail en boulangerie peut repr\u00e9senter un changement bienvenu.<\/p>\n\n\n\n<p>Ce concept est appliqu\u00e9 avec succ\u00e8s chez les cuisiniers ainsi que dans l&#8217;h\u00f4tellerie et le service.<\/p>\n\n\n\n<figure class=\"wp-block-image size-full\"><img decoding=\"async\" src=\"https:\/\/swissbaker.ch\/wp-content\/uploads\/2022\/04\/csm_7_1_wallis_4_299e88b60b-1.jpeg\" alt=\"\" class=\"wp-image-7249\"\/><\/figure>\n\n\n\n<p>(de gauche \u00e0 droite) : Peter Signer, responsable de la formation de la BCS, Silvan Hotz, directeur de la BCS, Amadeo Arnold, responsable d\u00e9missionnaire de la formation pour le canton du Valais, et Albert Michellod, pr\u00e9sident cantonal du Valais.<\/p>\n\n\n\n<h2 class=\"wp-block-heading\" id=\"h-un-concept-eprouve\">Un concept \u00e9prouv\u00e9<\/h2>\n\n\n\n<p>Catherine Mabillard, cheffe de section Alimentation au sein de l&#8217;EPCA, a parl\u00e9 d&#8217;une \u00ab\u00e9rosion dans les m\u00e9tiers de l&#8217;alimentation\u00bb. Ce concept est appliqu\u00e9 avec succ\u00e8s chez les cuisiniers ainsi que dans l&#8217;h\u00f4tellerie et le service. Les chiffres en hausse pour une partie de ces apprentis sont encourageants. L&#8217;enseignant valaisan Philippe Delalay a soulign\u00e9 la possibilit\u00e9 de simuler des situations proches de la r\u00e9alit\u00e9, comme l&#8217;intervention des pompiers ou du service sanitaire, ainsi que la possibilit\u00e9 d&#8217;organiser des cours avec un souffleur de sucre pour tous les apprentis. \u00abC&#8217;est une chance pour les jeunes et pour la boulangerie!\u00bb<\/p>\n\n\n\n<h2 class=\"wp-block-heading\" id=\"h-cela-peut-fonctionner\">\u00abCela peut fonctionner\u00bb<\/h2>\n\n\n\n<p>Le pr\u00e9sident de la BCS Silvan Hotz a soulign\u00e9 l&#8217;importance du fait qu&#8217;il s&#8217;agisse d&#8217;un projet pilote. Le comit\u00e9 central de la BCS avait rejet\u00e9 le projet lors de sa r\u00e9union en mars, pensant ne pas disposer de suffisamment d&#8217;informations \u00e0 ce sujet. \u00abNous n&#8217;\u00e9tions pas impliqu\u00e9s dans ce projet et n&#8217;en avons pris connaissance qu&#8217;en f\u00e9vrier\u00bb. En principe, il est favorable \u00e0 ce projet innovant, \u00abqui peut fonctionner\u00bb. Cependant, il d\u00e9butera dans quatre mois environ, ce qui ne laisse pas beaucoup de temps pour effectuer les pr\u00e9paratifs n\u00e9cessaires.<\/p>\n\n\n\n<h2 class=\"wp-block-heading\" id=\"h-points-en-suspens\">Points en suspens<\/h2>\n\n\n\n<p>Nicolas Taillens de Crans Montana, vice-pr\u00e9sident de l&#8217;association r\u00e9gionale romande et personne directement concern\u00e9e, a critiqu\u00e9 en termes clairs la communication des autorit\u00e9s valaisannes. Il n&#8217;a appris le projet que par les m\u00e9dias et il n&#8217;\u00e9tait pas question d&#8217;un projet pilote. Il a soulign\u00e9 les points critiques du projet, notamment le fait qu&#8217;une seule personne encadrerait jusqu&#8217;\u00e0 20 apprentis, alors que dans son exploitation, un collaborateur est responsable de chacun d&#8217;entre eux. Il faudrait \u00e9galement clarifier des questions telles que l&#8217;assurance, le salaire et le lieu de r\u00e9sidence des apprenants. Qu&#8217;en est-il de ceux qui ont d\u00e9j\u00e0 sign\u00e9 un contrat d&#8217;apprentissage et pour lesquels un logement a \u00e9t\u00e9 organis\u00e9?<\/p>\n\n\n\n<h2 class=\"wp-block-heading\" id=\"h-ne-pas-presenter-un-monde-parfait\">Ne pas pr\u00e9senter un monde parfait<\/h2>\n\n\n\n<p>Albert Salamin a propos\u00e9 d&#8217;\u00e9tendre l&#8217;apprentissage \u00e0 quatre ans, ce qui permettrait d&#8217;\u00e9viter que des jeunes de 15 ans commencent d\u00e9j\u00e0 leur formation dans une exploitation. Cette proposition n&#8217;est pas applicable, a r\u00e9pondu Tanja Fux.<\/p>\n\n\n\n<p>Lors de l&#8217;assembl\u00e9e, certains ont \u00e9galement exprim\u00e9 la crainte que l&#8217;on pr\u00e9sente aux int\u00e9ress\u00e9s un monde parfait. Dans la boulangerie, on travaille en grande partie la nuit. Ce fait ne peut pas \u00eatre ni\u00e9.<\/p>\n\n\n\n<p>\u00abIl est logique de mener un tel projet porteur d&#8217;avenir \u00e0 grande \u00e9chelle et de ne pas assembler un patchwork\u00bb.<br>Peter Signer, Chef de la formation de la BCS<\/p>\n\n\n\n<h2 class=\"wp-block-heading\" id=\"h-pas-de-bricolage-cantonal\">Pas de bricolage cantonal<\/h2>\n\n\n\n<p>Le chef de la formation de la BCS Peter Signer s&#8217;est tourn\u00e9 vers l&#8217;avenir: d&#8217;ici cinq \u00e0 dix ans, il y aura jusqu&#8217;\u00e0 80% d&#8217;enseignants sp\u00e9cialis\u00e9s en moins, car ils partiront peu \u00e0 peu \u00e0 la retraite. Cela entra\u00eenera obligatoirement des changements. Il a mis en garde contre un patchwork de 26 mod\u00e8les de formation diff\u00e9rents. Une solution pourrait \u00eatre trouv\u00e9e avec seulement trois lieux de formation, un \u00e0 l&#8217;ouest, un \u00e0 l&#8217;est et un au centre. Signer a demand\u00e9 aux pr\u00e9sidents cantonaux de r\u00e9fl\u00e9chir aux m\u00e9tiers de la boulangerie-confiserie en 2030+. \u00abIl est logique de mener un tel projet porteur d&#8217;avenir \u00e0 grande \u00e9chelle et de ne pas assembler un patchwork\u00bb.<\/p>\n\n\n\n<h2 class=\"wp-block-heading\" id=\"h-base-facultative\">Base facultative<\/h2>\n\n\n\n<p>Apr\u00e8s que Tanja Fux ait assur\u00e9 aux membres, sur l&#8217;insistance de Nicolas Taillens, qu&#8217;il s&#8217;agissait d\u00e9finitivement d&#8217;un projet pilote, que la participation des entreprises formatrices \u00e9tait facultative et qu&#8217;une solution acceptable serait trouv\u00e9e pour ceux qui souhaitent garder les apprentis dans leur exploitation, m\u00eame en premi\u00e8re ann\u00e9e, les personnes pr\u00e9sentes ont donn\u00e9 leur feu vert \u00e0 ce projet, avec une seule voix contre.<\/p>\n\n\n\n<h2 class=\"wp-block-heading\" id=\"h-numero-un-de-l-association\">Num\u00e9ro un de l&#8217;association<\/h2>\n\n\n\n<p>Le pr\u00e9sident cantonal Albert Michellod s&#8217;est montr\u00e9 ravi: \u00abNous sommes d\u00e9sormais num\u00e9ro un de l&#8217;association!\u00bb Et il a ajout\u00e9: \u00abSi nous ne changeons rien maintenant, quand allons-nous changer quelque chose?\u00bb<\/p>\n\n\n\n<p>Eric Emery, pr\u00e9sident cantonal genevois, pr\u00e9sent en tant qu&#8217;invit\u00e9, a f\u00e9licit\u00e9 ses coll\u00e8gues valaisans pour cette d\u00e9cision et pour la discussion qui s&#8217;est d\u00e9roul\u00e9e avec beaucoup de c\u0153ur et d&#8217;\u00e9motion.<\/p>\n\n\n\n<h2 class=\"wp-block-heading\" id=\"h-demission-d-amadeo-arnold\">D\u00e9mission d&#8217;Amadeo Arnold<\/h2>\n\n\n\n<p>Amadeo Arnold a annonc\u00e9 lors de l&#8217;AG qu&#8217;il quittait le comit\u00e9 cantonal en tant que responsable de la formation. Un successeur n&#8217;a pas encore \u00e9t\u00e9 d\u00e9sign\u00e9. Albert Michellod a inform\u00e9 qu&#8217;Augustin Salamin s&#8217;occuperait du projet pilote.<\/p>\n\n\n\n<h2 class=\"wp-block-heading\" id=\"h-nouveaux-membres-d-honneur\">Nouveaux membres d&#8217;honneur<\/h2>\n\n\n\n<p>L&#8217;assembl\u00e9e g\u00e9n\u00e9rale a nomm\u00e9 huit nouveaux membres d&#8217;honneur: Urs Arnold, Jean-Bernard Fellay, Rainer Imwinkelried, Sepp Mangisch, G\u00e9rard Michellod, Alphonse Pellet, Bernard Pignat et Jean-Joseph Rard.<\/p>\n\n\n\n<p>Le secr\u00e9taire de l&#8217;association cantonale, Pierre-Yves Actis, parti \u00e0 la retraite, a \u00e9t\u00e9 remplac\u00e9 cette ann\u00e9e par son successeur, Ch Viannaz ? Monsieur Actis a \u00e9t\u00e9 honor\u00e9 pour son engagement de longue date.<\/p>\n\n\n\n<p>Le pr\u00e9sident Albert Michellod a annonc\u00e9 \u00e0 l&#8217;assembl\u00e9e qu&#8217;il quitterait son mandat en 2024 et qu&#8217;il attendait \u00abque de jeunes membres rejoignent notre comit\u00e9!\u00bb<\/p>\n\n\n\n<figure class=\"wp-block-image size-full\"><img decoding=\"async\" width=\"551\" height=\"327\" src=\"https:\/\/swissbaker.ch\/wp-content\/uploads\/2022\/04\/csm_7_1_wallis_2_779276adf0.jpeg\" alt=\"\" class=\"wp-image-7239\" srcset=\"https:\/\/swissbaker.ch\/wp-content\/uploads\/2022\/04\/csm_7_1_wallis_2_779276adf0.jpeg 551w, https:\/\/swissbaker.ch\/wp-content\/uploads\/2022\/04\/csm_7_1_wallis_2_779276adf0-300x178.jpeg 300w\" sizes=\"(max-width: 551px) 100vw, 551px\" \/><\/figure>\n\n\n\n<p>L&#8217;ancien et le nouveau secr\u00e9taire de l&#8217;association cantonale valaisanne : , Pierre-Yves Actis et Pierre-Alain Vianin.<\/p>\n\n\n\n<h2 class=\"wp-block-heading\" id=\"h-la-confrerie-veut-plus-de-jeunes\">La Confr\u00e9rie veut plus de jeunes<\/h2>\n\n\n\n<p>Lors de l&#8217;assembl\u00e9e g\u00e9n\u00e9rale, Albert Salamin, Grand Ma\u00eetre de la Confr\u00e9rie valaisanne, a fait une br\u00e8ve r\u00e9trospective de l&#8217;ann\u00e9e \u00e9coul\u00e9e, au cours de laquelle trois pains diff\u00e9rents ont \u00e9t\u00e9 test\u00e9s en automne: le pain de seigle valaisan, le pain blanc et la baguette. D\u00e9sormais, les examens du pain n&#8217;auront plus lieu tous les deux ans, mais chaque ann\u00e9e. Avec ce changement, les Chevaliers valaisans souhaitent r\u00e9duire l&#8217;obstacle \u00e0 l&#8217;adh\u00e9sion \u00e0 l&#8217;association pour les jeunes entrepreneurs de notre branche. Au lieu de six ans auparavant, il ne faudra plus que trois ans pour qu&#8217;un propri\u00e9taire de boulangerie-confiserie puisse adh\u00e9rer \u00e0 la Confr\u00e9rie.<\/p>\n\n\n\n<p>Le prochain chapitre de la Confr\u00e9rie valaisanne, o\u00f9 seront d\u00e9cern\u00e9es les \u00e9toiles de Chevalier et o\u00f9 le Pain d&#8217;or sera honor\u00e9, aura lieu le 24 septembre \u00e0 Bailla\u2026.<\/p>\n\n\n\n<p>Pour conclure, Albert Salamin a appel\u00e9 ses coll\u00e8gues \u00e0 sortir de leurs fournils et \u00e0 se montrer aux consommateurs, par exemple en tenant un stand lors d&#8217;\u00e9v\u00e9nements, selon la devise \u00abSi tu ne vas pas chez le boulanger, c&#8217;est le boulanger qui viendra \u00e0 toi!\u00bb<\/p>\n\n\n\n<p>Le pr\u00e9sident du Grand Conseil valaisan Manfred Schmid \u00e9tait \u00e9galement invit\u00e9 \u00e0 l&#8217;assembl\u00e9e g\u00e9n\u00e9rale. \u00abIl semble que tous les m\u00e9tiers qui produisent quelque chose de solide n&#8217;ont pas la cote\u00bb, a constat\u00e9 l&#8217;entrepreneur dipl\u00f4m\u00e9, qui a lanc\u00e9 un appel aux boulangers-confiseurs: \u00abNe cessez jamais de faire de la publicit\u00e9 pour votre rel\u00e8ve!\u00bb<\/p>\n","protected":false},"excerpt":{"rendered":"<p>Les boulangers-confiseurs valaisans francophones doivent-ils passer du syst\u00e8me de formation dual au syst\u00e8me dual mixte? Lors de leur assembl\u00e9e g\u00e9n\u00e9rale de la semaine derni\u00e8re, les membres ont approuv\u00e9, apr\u00e8s une discussion intense et men\u00e9e de fa\u00e7on \u00e9quitable, le projet pilote facultatif avec une seule voix contre. D\u00e8s l&#8217;\u00e9t\u00e9 2022, les apprentis de la partie francophone du Valais effectueront leur premi\u00e8re [&hellip;]<\/p>\n","protected":false},"author":1,"featured_media":7243,"comment_status":"open","ping_status":"closed","sticky":false,"template":"","format":"standard","meta":{"_acf_changed":false,"footnotes":""},"categories":[40,47],"tags":[],"class_list":["post-7247","post","type-post","status-publish","format-standard","has-post-thumbnail","hentry","category-des-cantons","category-formation-releve"],"acf":[],"yoast_head":"<!-- This site is optimized with the Yoast SEO Premium plugin v26.8 (Yoast SEO v26.8) - https:\/\/yoast.com\/product\/yoast-seo-premium-wordpress\/ -->\n<title>Formation: de nouvelles voies pour le Valais | SBC<\/title>\n<meta name=\"robots\" content=\"index, follow, max-snippet:-1, max-image-preview:large, max-video-preview:-1\" \/>\n<link rel=\"canonical\" href=\"https:\/\/swissbaker.ch\/fr\/panissimo-news\/formation-de-nouvelles-voies-pour-le-valais\/\" \/>\n<meta property=\"og:locale\" content=\"fr_FR\" \/>\n<meta property=\"og:type\" content=\"article\" \/>\n<meta property=\"og:title\" content=\"Formation: de nouvelles voies pour le Valais\" \/>\n<meta property=\"og:description\" content=\"Les boulangers-confiseurs valaisans francophones doivent-ils passer du syst\u00e8me de formation dual au syst\u00e8me dual mixte? Lors de leur assembl\u00e9e g\u00e9n\u00e9rale de la semaine derni\u00e8re, les membres ont approuv\u00e9, apr\u00e8s une discussion intense et men\u00e9e de fa\u00e7on \u00e9quitable, le projet pilote facultatif avec une seule voix contre. D\u00e8s l&#8217;\u00e9t\u00e9 2022, les apprentis de la partie francophone du Valais effectueront leur premi\u00e8re [&hellip;]\" \/>\n<meta property=\"og:url\" content=\"https:\/\/swissbaker.ch\/fr\/panissimo-news\/formation-de-nouvelles-voies-pour-le-valais\/\" \/>\n<meta property=\"og:site_name\" content=\"SBC\" \/>\n<meta property=\"article:publisher\" content=\"https:\/\/www.facebook.com\/swissbaker.ch\" \/>\n<meta property=\"article:published_time\" content=\"2022-04-07T07:31:00+00:00\" \/>\n<meta property=\"article:modified_time\" content=\"2022-04-29T07:39:19+00:00\" \/>\n<meta property=\"og:image\" content=\"https:\/\/swissbaker.ch\/wp-content\/uploads\/2022\/04\/7_1_aufhaengerbild_wallis.jpeg\" \/>\n\t<meta property=\"og:image:width\" content=\"800\" \/>\n\t<meta property=\"og:image:height\" content=\"474\" \/>\n\t<meta property=\"og:image:type\" content=\"image\/jpeg\" \/>\n<meta name=\"author\" content=\"azureart\" \/>\n<meta name=\"twitter:card\" content=\"summary_large_image\" \/>\n<meta name=\"twitter:creator\" content=\"@ch_swissbaker\" \/>\n<meta name=\"twitter:site\" content=\"@ch_swissbaker\" \/>\n<meta name=\"twitter:label1\" content=\"Written by\" \/>\n\t<meta name=\"twitter:data1\" content=\"azureart\" \/>\n\t<meta name=\"twitter:label2\" content=\"Est. reading time\" \/>\n\t<meta name=\"twitter:data2\" content=\"9 minutes\" \/>\n<script type=\"application\/ld+json\" class=\"yoast-schema-graph\">{\"@context\":\"https:\/\/schema.org\",\"@graph\":[{\"@type\":\"Article\",\"@id\":\"https:\/\/swissbaker.ch\/fr\/panissimo-news\/formation-de-nouvelles-voies-pour-le-valais\/#article\",\"isPartOf\":{\"@id\":\"https:\/\/swissbaker.ch\/fr\/panissimo-news\/formation-de-nouvelles-voies-pour-le-valais\/\"},\"author\":{\"name\":\"azureart\",\"@id\":\"https:\/\/swissbaker.ch\/fr\/#\/schema\/person\/058ac47619f7da53df62aba60f939b78\"},\"headline\":\"Formation: de nouvelles voies pour le Valais\",\"datePublished\":\"2022-04-07T07:31:00+00:00\",\"dateModified\":\"2022-04-29T07:39:19+00:00\",\"mainEntityOfPage\":{\"@id\":\"https:\/\/swissbaker.ch\/fr\/panissimo-news\/formation-de-nouvelles-voies-pour-le-valais\/\"},\"wordCount\":1660,\"commentCount\":0,\"publisher\":{\"@id\":\"https:\/\/swissbaker.ch\/fr\/#organization\"},\"image\":{\"@id\":\"https:\/\/swissbaker.ch\/fr\/panissimo-news\/formation-de-nouvelles-voies-pour-le-valais\/#primaryimage\"},\"thumbnailUrl\":\"https:\/\/swissbaker.ch\/wp-content\/uploads\/2022\/04\/7_1_aufhaengerbild_wallis.jpeg\",\"articleSection\":[\"Des cantons\",\"Formation\/Rel\u00e8ve\"],\"inLanguage\":\"fr-FR\",\"potentialAction\":[{\"@type\":\"CommentAction\",\"name\":\"Comment\",\"target\":[\"https:\/\/swissbaker.ch\/fr\/panissimo-news\/formation-de-nouvelles-voies-pour-le-valais\/#respond\"]}]},{\"@type\":\"WebPage\",\"@id\":\"https:\/\/swissbaker.ch\/fr\/panissimo-news\/formation-de-nouvelles-voies-pour-le-valais\/\",\"url\":\"https:\/\/swissbaker.ch\/fr\/panissimo-news\/formation-de-nouvelles-voies-pour-le-valais\/\",\"name\":\"Formation: de nouvelles voies pour le Valais | SBC\",\"isPartOf\":{\"@id\":\"https:\/\/swissbaker.ch\/fr\/#website\"},\"primaryImageOfPage\":{\"@id\":\"https:\/\/swissbaker.ch\/fr\/panissimo-news\/formation-de-nouvelles-voies-pour-le-valais\/#primaryimage\"},\"image\":{\"@id\":\"https:\/\/swissbaker.ch\/fr\/panissimo-news\/formation-de-nouvelles-voies-pour-le-valais\/#primaryimage\"},\"thumbnailUrl\":\"https:\/\/swissbaker.ch\/wp-content\/uploads\/2022\/04\/7_1_aufhaengerbild_wallis.jpeg\",\"datePublished\":\"2022-04-07T07:31:00+00:00\",\"dateModified\":\"2022-04-29T07:39:19+00:00\",\"breadcrumb\":{\"@id\":\"https:\/\/swissbaker.ch\/fr\/panissimo-news\/formation-de-nouvelles-voies-pour-le-valais\/#breadcrumb\"},\"inLanguage\":\"fr-FR\",\"potentialAction\":[{\"@type\":\"ReadAction\",\"target\":[\"https:\/\/swissbaker.ch\/fr\/panissimo-news\/formation-de-nouvelles-voies-pour-le-valais\/\"]}]},{\"@type\":\"ImageObject\",\"inLanguage\":\"fr-FR\",\"@id\":\"https:\/\/swissbaker.ch\/fr\/panissimo-news\/formation-de-nouvelles-voies-pour-le-valais\/#primaryimage\",\"url\":\"https:\/\/swissbaker.ch\/wp-content\/uploads\/2022\/04\/7_1_aufhaengerbild_wallis.jpeg\",\"contentUrl\":\"https:\/\/swissbaker.ch\/wp-content\/uploads\/2022\/04\/7_1_aufhaengerbild_wallis.jpeg\",\"width\":800,\"height\":474,\"caption\":\"Formation: de nouvelles voies pour le Valais\"},{\"@type\":\"BreadcrumbList\",\"@id\":\"https:\/\/swissbaker.ch\/fr\/panissimo-news\/formation-de-nouvelles-voies-pour-le-valais\/#breadcrumb\",\"itemListElement\":[{\"@type\":\"ListItem\",\"position\":1,\"name\":\"\",\"item\":\"https:\/\/swissbaker.ch\/fr\/\"},{\"@type\":\"ListItem\",\"position\":2,\"name\":\"Des cantons\",\"item\":\"https:\/\/swissbaker.ch\/fr\/panissimo-news\/category\/des-cantons\/\"},{\"@type\":\"ListItem\",\"position\":3,\"name\":\"Formation: de nouvelles voies pour le Valais\"}]},{\"@type\":\"WebSite\",\"@id\":\"https:\/\/swissbaker.ch\/fr\/#website\",\"url\":\"https:\/\/swissbaker.ch\/fr\/\",\"name\":\"SBC\",\"description\":\"\",\"publisher\":{\"@id\":\"https:\/\/swissbaker.ch\/fr\/#organization\"},\"potentialAction\":[{\"@type\":\"SearchAction\",\"target\":{\"@type\":\"EntryPoint\",\"urlTemplate\":\"https:\/\/swissbaker.ch\/fr\/?s={search_term_string}\"},\"query-input\":{\"@type\":\"PropertyValueSpecification\",\"valueRequired\":true,\"valueName\":\"search_term_string\"}}],\"inLanguage\":\"fr-FR\"},{\"@type\":\"Organization\",\"@id\":\"https:\/\/swissbaker.ch\/fr\/#organization\",\"name\":\"Schweizerischer B\u00e4cker-Confiseurmeister-Verband\",\"url\":\"https:\/\/swissbaker.ch\/fr\/\",\"logo\":{\"@type\":\"ImageObject\",\"inLanguage\":\"fr-FR\",\"@id\":\"https:\/\/swissbaker.ch\/fr\/#\/schema\/logo\/image\/\",\"url\":\"https:\/\/swissbaker.ch\/wp-content\/uploads\/2022\/04\/sbc-logo-yoast.jpg\",\"contentUrl\":\"https:\/\/swissbaker.ch\/wp-content\/uploads\/2022\/04\/sbc-logo-yoast.jpg\",\"width\":512,\"height\":512,\"caption\":\"Schweizerischer B\u00e4cker-Confiseurmeister-Verband\"},\"image\":{\"@id\":\"https:\/\/swissbaker.ch\/fr\/#\/schema\/logo\/image\/\"},\"sameAs\":[\"https:\/\/www.facebook.com\/swissbaker.ch\",\"https:\/\/x.com\/ch_swissbaker\"]},{\"@type\":\"Person\",\"@id\":\"https:\/\/swissbaker.ch\/fr\/#\/schema\/person\/058ac47619f7da53df62aba60f939b78\",\"name\":\"azureart\",\"image\":{\"@type\":\"ImageObject\",\"inLanguage\":\"fr-FR\",\"@id\":\"https:\/\/swissbaker.ch\/fr\/#\/schema\/person\/image\/\",\"url\":\"https:\/\/secure.gravatar.com\/avatar\/be04dd3098fd612c83067af4f7a295384c93cb6a9112f51beb9d2f477d25da61?s=96&d=mm&r=g\",\"contentUrl\":\"https:\/\/secure.gravatar.com\/avatar\/be04dd3098fd612c83067af4f7a295384c93cb6a9112f51beb9d2f477d25da61?s=96&d=mm&r=g\",\"caption\":\"azureart\"},\"sameAs\":[\"https:\/\/swissbaker.ch\"],\"url\":\"https:\/\/swissbaker.ch\/fr\/panissimo-news\/author\/pixel-ahoi\/\"}]}<\/script>\n<!-- \/ Yoast SEO Premium plugin. -->","yoast_head_json":{"title":"Formation: de nouvelles voies pour le Valais | SBC","robots":{"index":"index","follow":"follow","max-snippet":"max-snippet:-1","max-image-preview":"max-image-preview:large","max-video-preview":"max-video-preview:-1"},"canonical":"https:\/\/swissbaker.ch\/fr\/panissimo-news\/formation-de-nouvelles-voies-pour-le-valais\/","og_locale":"fr_FR","og_type":"article","og_title":"Formation: de nouvelles voies pour le Valais","og_description":"Les boulangers-confiseurs valaisans francophones doivent-ils passer du syst\u00e8me de formation dual au syst\u00e8me dual mixte? Lors de leur assembl\u00e9e g\u00e9n\u00e9rale de la semaine derni\u00e8re, les membres ont approuv\u00e9, apr\u00e8s une discussion intense et men\u00e9e de fa\u00e7on \u00e9quitable, le projet pilote facultatif avec une seule voix contre. D\u00e8s l&#8217;\u00e9t\u00e9 2022, les apprentis de la partie francophone du Valais effectueront leur premi\u00e8re [&hellip;]","og_url":"https:\/\/swissbaker.ch\/fr\/panissimo-news\/formation-de-nouvelles-voies-pour-le-valais\/","og_site_name":"SBC","article_publisher":"https:\/\/www.facebook.com\/swissbaker.ch","article_published_time":"2022-04-07T07:31:00+00:00","article_modified_time":"2022-04-29T07:39:19+00:00","og_image":[{"width":800,"height":474,"url":"https:\/\/swissbaker.ch\/wp-content\/uploads\/2022\/04\/7_1_aufhaengerbild_wallis.jpeg","type":"image\/jpeg"}],"author":"azureart","twitter_card":"summary_large_image","twitter_creator":"@ch_swissbaker","twitter_site":"@ch_swissbaker","twitter_misc":{"Written by":"azureart","Est. reading time":"9 minutes"},"schema":{"@context":"https:\/\/schema.org","@graph":[{"@type":"Article","@id":"https:\/\/swissbaker.ch\/fr\/panissimo-news\/formation-de-nouvelles-voies-pour-le-valais\/#article","isPartOf":{"@id":"https:\/\/swissbaker.ch\/fr\/panissimo-news\/formation-de-nouvelles-voies-pour-le-valais\/"},"author":{"name":"azureart","@id":"https:\/\/swissbaker.ch\/fr\/#\/schema\/person\/058ac47619f7da53df62aba60f939b78"},"headline":"Formation: de nouvelles voies pour le Valais","datePublished":"2022-04-07T07:31:00+00:00","dateModified":"2022-04-29T07:39:19+00:00","mainEntityOfPage":{"@id":"https:\/\/swissbaker.ch\/fr\/panissimo-news\/formation-de-nouvelles-voies-pour-le-valais\/"},"wordCount":1660,"commentCount":0,"publisher":{"@id":"https:\/\/swissbaker.ch\/fr\/#organization"},"image":{"@id":"https:\/\/swissbaker.ch\/fr\/panissimo-news\/formation-de-nouvelles-voies-pour-le-valais\/#primaryimage"},"thumbnailUrl":"https:\/\/swissbaker.ch\/wp-content\/uploads\/2022\/04\/7_1_aufhaengerbild_wallis.jpeg","articleSection":["Des cantons","Formation\/Rel\u00e8ve"],"inLanguage":"fr-FR","potentialAction":[{"@type":"CommentAction","name":"Comment","target":["https:\/\/swissbaker.ch\/fr\/panissimo-news\/formation-de-nouvelles-voies-pour-le-valais\/#respond"]}]},{"@type":"WebPage","@id":"https:\/\/swissbaker.ch\/fr\/panissimo-news\/formation-de-nouvelles-voies-pour-le-valais\/","url":"https:\/\/swissbaker.ch\/fr\/panissimo-news\/formation-de-nouvelles-voies-pour-le-valais\/","name":"Formation: de nouvelles voies pour le Valais | SBC","isPartOf":{"@id":"https:\/\/swissbaker.ch\/fr\/#website"},"primaryImageOfPage":{"@id":"https:\/\/swissbaker.ch\/fr\/panissimo-news\/formation-de-nouvelles-voies-pour-le-valais\/#primaryimage"},"image":{"@id":"https:\/\/swissbaker.ch\/fr\/panissimo-news\/formation-de-nouvelles-voies-pour-le-valais\/#primaryimage"},"thumbnailUrl":"https:\/\/swissbaker.ch\/wp-content\/uploads\/2022\/04\/7_1_aufhaengerbild_wallis.jpeg","datePublished":"2022-04-07T07:31:00+00:00","dateModified":"2022-04-29T07:39:19+00:00","breadcrumb":{"@id":"https:\/\/swissbaker.ch\/fr\/panissimo-news\/formation-de-nouvelles-voies-pour-le-valais\/#breadcrumb"},"inLanguage":"fr-FR","potentialAction":[{"@type":"ReadAction","target":["https:\/\/swissbaker.ch\/fr\/panissimo-news\/formation-de-nouvelles-voies-pour-le-valais\/"]}]},{"@type":"ImageObject","inLanguage":"fr-FR","@id":"https:\/\/swissbaker.ch\/fr\/panissimo-news\/formation-de-nouvelles-voies-pour-le-valais\/#primaryimage","url":"https:\/\/swissbaker.ch\/wp-content\/uploads\/2022\/04\/7_1_aufhaengerbild_wallis.jpeg","contentUrl":"https:\/\/swissbaker.ch\/wp-content\/uploads\/2022\/04\/7_1_aufhaengerbild_wallis.jpeg","width":800,"height":474,"caption":"Formation: de nouvelles voies pour le Valais"},{"@type":"BreadcrumbList","@id":"https:\/\/swissbaker.ch\/fr\/panissimo-news\/formation-de-nouvelles-voies-pour-le-valais\/#breadcrumb","itemListElement":[{"@type":"ListItem","position":1,"name":"","item":"https:\/\/swissbaker.ch\/fr\/"},{"@type":"ListItem","position":2,"name":"Des cantons","item":"https:\/\/swissbaker.ch\/fr\/panissimo-news\/category\/des-cantons\/"},{"@type":"ListItem","position":3,"name":"Formation: de nouvelles voies pour le Valais"}]},{"@type":"WebSite","@id":"https:\/\/swissbaker.ch\/fr\/#website","url":"https:\/\/swissbaker.ch\/fr\/","name":"SBC","description":"","publisher":{"@id":"https:\/\/swissbaker.ch\/fr\/#organization"},"potentialAction":[{"@type":"SearchAction","target":{"@type":"EntryPoint","urlTemplate":"https:\/\/swissbaker.ch\/fr\/?s={search_term_string}"},"query-input":{"@type":"PropertyValueSpecification","valueRequired":true,"valueName":"search_term_string"}}],"inLanguage":"fr-FR"},{"@type":"Organization","@id":"https:\/\/swissbaker.ch\/fr\/#organization","name":"Schweizerischer B\u00e4cker-Confiseurmeister-Verband","url":"https:\/\/swissbaker.ch\/fr\/","logo":{"@type":"ImageObject","inLanguage":"fr-FR","@id":"https:\/\/swissbaker.ch\/fr\/#\/schema\/logo\/image\/","url":"https:\/\/swissbaker.ch\/wp-content\/uploads\/2022\/04\/sbc-logo-yoast.jpg","contentUrl":"https:\/\/swissbaker.ch\/wp-content\/uploads\/2022\/04\/sbc-logo-yoast.jpg","width":512,"height":512,"caption":"Schweizerischer B\u00e4cker-Confiseurmeister-Verband"},"image":{"@id":"https:\/\/swissbaker.ch\/fr\/#\/schema\/logo\/image\/"},"sameAs":["https:\/\/www.facebook.com\/swissbaker.ch","https:\/\/x.com\/ch_swissbaker"]},{"@type":"Person","@id":"https:\/\/swissbaker.ch\/fr\/#\/schema\/person\/058ac47619f7da53df62aba60f939b78","name":"azureart","image":{"@type":"ImageObject","inLanguage":"fr-FR","@id":"https:\/\/swissbaker.ch\/fr\/#\/schema\/person\/image\/","url":"https:\/\/secure.gravatar.com\/avatar\/be04dd3098fd612c83067af4f7a295384c93cb6a9112f51beb9d2f477d25da61?s=96&d=mm&r=g","contentUrl":"https:\/\/secure.gravatar.com\/avatar\/be04dd3098fd612c83067af4f7a295384c93cb6a9112f51beb9d2f477d25da61?s=96&d=mm&r=g","caption":"azureart"},"sameAs":["https:\/\/swissbaker.ch"],"url":"https:\/\/swissbaker.ch\/fr\/panissimo-news\/author\/pixel-ahoi\/"}]}},"_links":{"self":[{"href":"https:\/\/swissbaker.ch\/fr\/wp-json\/wp\/v2\/posts\/7247","targetHints":{"allow":["GET"]}}],"collection":[{"href":"https:\/\/swissbaker.ch\/fr\/wp-json\/wp\/v2\/posts"}],"about":[{"href":"https:\/\/swissbaker.ch\/fr\/wp-json\/wp\/v2\/types\/post"}],"author":[{"embeddable":true,"href":"https:\/\/swissbaker.ch\/fr\/wp-json\/wp\/v2\/users\/1"}],"replies":[{"embeddable":true,"href":"https:\/\/swissbaker.ch\/fr\/wp-json\/wp\/v2\/comments?post=7247"}],"version-history":[{"count":0,"href":"https:\/\/swissbaker.ch\/fr\/wp-json\/wp\/v2\/posts\/7247\/revisions"}],"wp:featuredmedia":[{"embeddable":true,"href":"https:\/\/swissbaker.ch\/fr\/wp-json\/wp\/v2\/media\/7243"}],"wp:attachment":[{"href":"https:\/\/swissbaker.ch\/fr\/wp-json\/wp\/v2\/media?parent=7247"}],"wp:term":[{"taxonomy":"category","embeddable":true,"href":"https:\/\/swissbaker.ch\/fr\/wp-json\/wp\/v2\/categories?post=7247"},{"taxonomy":"post_tag","embeddable":true,"href":"https:\/\/swissbaker.ch\/fr\/wp-json\/wp\/v2\/tags?post=7247"}],"curies":[{"name":"wp","href":"https:\/\/api.w.org\/{rel}","templated":true}]}}