{"id":7208,"date":"2016-07-01T09:03:00","date_gmt":"2016-07-01T07:03:00","guid":{"rendered":"https:\/\/swissbaker.ch\/?p=7208"},"modified":"2022-04-29T09:23:32","modified_gmt":"2022-04-29T07:23:32","slug":"la-securite-debute-des-lapprentissage","status":"publish","type":"post","link":"https:\/\/swissbaker.ch\/fr\/panissimo-news\/la-securite-debute-des-lapprentissage\/","title":{"rendered":"La s\u00e9curit\u00e9 d\u00e9bute d\u00e8s l\u2019apprentissage"},"content":{"rendered":"\n<p><strong>L\u2019entr\u00e9e dans la vie active est le moment ad\u00e9quat pour sensibiliser les apprentis aux mesures de protection sur le lieu de travail.<\/strong><\/p>\n\n\n\n<p>Pour familiariser les futurs professionnels aux moyens de protection appropri\u00e9s, la BCS propose une sacoche contenant tout le n\u00e9cessaire de s\u00e9curit\u00e9 personnelle\u2009:<\/p>\n\n\n\n<p>\u2013 un gant anti-coupures\u2009;<\/p>\n\n\n\n<p>\u2013 une paire de lunettes de protection\u2009;<\/p>\n\n\n\n<p>\u2013 un masque contre la poussi\u00e8re FFP2\u2009;<\/p>\n\n\n\n<p>\u2013 un d\u00e9sinfectant\u2009;<\/p>\n\n\n\n<p>\u2013 une cr\u00e8me de soin pour les mains\u2009;<\/p>\n\n\n\n<p>\u2013 des gants en caoutchouc\u2009;<\/p>\n\n\n\n<p>\u2013 des prot\u00e8ges-ou\u00efes\u2009;<\/p>\n\n\n\n<p>\u2013 des pansements sp\u00e9ciaux\u2009;<\/p>\n\n\n\n<p>\u2013 des premiers soins pour br\u00fblures\u2009;<\/p>\n\n\n\n<p>\u2013 une brosse \u00e0 dents avec dentifrice\u2009;<\/p>\n\n\n\n<p>\u2013 une brochure de pr\u00e9vention.<\/p>\n\n\n\n<p>Pour les membres affili\u00e9s \u00e0 la solution par branche MSST, ce kit est disponible au prix de 55\u202ffrancs, aupr\u00e8s du promo-shop (<a href=\"http:\/\/www.swissbaker.ch\/\">www.swissbaker.ch<\/a> &gt; promoshop).<\/p>\n\n\n\n<h2 class=\"wp-block-heading\" id=\"h-un-present-durable-et-sense\">Un pr\u00e9sent durable et sens\u00e9<\/h2>\n\n\n\n<p>Ce cadeau durable et sens\u00e9 aura de quoi surprendre les nouveaux prot\u00e9g\u00e9s des artisans. Gr\u00e2ce au \u00ab\u200asafety bag\u200a\u00bb, le secteur va dans la bonne direction. Les premiers jours d\u2019une formation marquent et influencent souvent toute la vie professionnelle.<\/p>\n","protected":false},"excerpt":{"rendered":"<p>L\u2019entr\u00e9e dans la vie active est le moment ad\u00e9quat pour sensibiliser les apprentis aux mesures de protection sur le lieu de travail. Pour familiariser les futurs professionnels aux moyens de protection appropri\u00e9s, la BCS propose une sacoche contenant tout le n\u00e9cessaire de s\u00e9curit\u00e9 personnelle\u2009: \u2013 un gant anti-coupures\u2009; \u2013 une paire de lunettes de protection\u2009; \u2013 un masque contre la [&hellip;]<\/p>\n","protected":false},"author":1,"featured_media":5363,"comment_status":"open","ping_status":"closed","sticky":false,"template":"","format":"standard","meta":{"_acf_changed":false,"footnotes":""},"categories":[49],"tags":[],"class_list":["post-7208","post","type-post","status-publish","format-standard","has-post-thumbnail","hentry","category-sante-securite"],"acf":[],"yoast_head":"<!-- This site is optimized with the Yoast SEO Premium plugin v26.8 (Yoast SEO v26.8) - https:\/\/yoast.com\/product\/yoast-seo-premium-wordpress\/ -->\n<title>La s\u00e9curit\u00e9 d\u00e9bute d\u00e8s l\u2019apprentissage | SBC<\/title>\n<meta name=\"robots\" content=\"index, follow, max-snippet:-1, max-image-preview:large, max-video-preview:-1\" \/>\n<link rel=\"canonical\" href=\"https:\/\/swissbaker.ch\/fr\/panissimo-news\/la-securite-debute-des-lapprentissage\/\" \/>\n<meta property=\"og:locale\" content=\"fr_FR\" \/>\n<meta property=\"og:type\" content=\"article\" \/>\n<meta property=\"og:title\" content=\"La s\u00e9curit\u00e9 d\u00e9bute d\u00e8s l\u2019apprentissage\" \/>\n<meta property=\"og:description\" content=\"L\u2019entr\u00e9e dans la vie active est le moment ad\u00e9quat pour sensibiliser les apprentis aux mesures de protection sur le lieu de travail. Pour familiariser les futurs professionnels aux moyens de protection appropri\u00e9s, la BCS propose une sacoche contenant tout le n\u00e9cessaire de s\u00e9curit\u00e9 personnelle\u2009: \u2013 un gant anti-coupures\u2009; \u2013 une paire de lunettes de protection\u2009; \u2013 un masque contre la [&hellip;]\" \/>\n<meta property=\"og:url\" content=\"https:\/\/swissbaker.ch\/fr\/panissimo-news\/la-securite-debute-des-lapprentissage\/\" \/>\n<meta property=\"og:site_name\" content=\"SBC\" \/>\n<meta property=\"article:publisher\" content=\"https:\/\/www.facebook.com\/swissbaker.ch\" \/>\n<meta property=\"article:published_time\" content=\"2016-07-01T07:03:00+00:00\" \/>\n<meta property=\"article:modified_time\" content=\"2022-04-29T07:23:32+00:00\" \/>\n<meta property=\"og:image\" content=\"https:\/\/swissbaker.ch\/wp-content\/uploads\/2022\/03\/safetybag_blau_1.jpg\" \/>\n\t<meta property=\"og:image:width\" content=\"600\" \/>\n\t<meta property=\"og:image:height\" content=\"600\" \/>\n\t<meta property=\"og:image:type\" content=\"image\/jpeg\" \/>\n<meta name=\"author\" content=\"azureart\" \/>\n<meta name=\"twitter:card\" content=\"summary_large_image\" \/>\n<meta name=\"twitter:creator\" content=\"@ch_swissbaker\" \/>\n<meta name=\"twitter:site\" content=\"@ch_swissbaker\" \/>\n<meta name=\"twitter:label1\" content=\"Written by\" \/>\n\t<meta name=\"twitter:data1\" content=\"azureart\" \/>\n\t<meta name=\"twitter:label2\" content=\"Est. reading time\" \/>\n\t<meta name=\"twitter:data2\" content=\"1 minute\" \/>\n<script type=\"application\/ld+json\" class=\"yoast-schema-graph\">{\"@context\":\"https:\/\/schema.org\",\"@graph\":[{\"@type\":\"Article\",\"@id\":\"https:\/\/swissbaker.ch\/fr\/panissimo-news\/la-securite-debute-des-lapprentissage\/#article\",\"isPartOf\":{\"@id\":\"https:\/\/swissbaker.ch\/fr\/panissimo-news\/la-securite-debute-des-lapprentissage\/\"},\"author\":{\"name\":\"azureart\",\"@id\":\"https:\/\/swissbaker.ch\/fr\/#\/schema\/person\/058ac47619f7da53df62aba60f939b78\"},\"headline\":\"La s\u00e9curit\u00e9 d\u00e9bute d\u00e8s l\u2019apprentissage\",\"datePublished\":\"2016-07-01T07:03:00+00:00\",\"dateModified\":\"2022-04-29T07:23:32+00:00\",\"mainEntityOfPage\":{\"@id\":\"https:\/\/swissbaker.ch\/fr\/panissimo-news\/la-securite-debute-des-lapprentissage\/\"},\"wordCount\":189,\"commentCount\":0,\"publisher\":{\"@id\":\"https:\/\/swissbaker.ch\/fr\/#organization\"},\"image\":{\"@id\":\"https:\/\/swissbaker.ch\/fr\/panissimo-news\/la-securite-debute-des-lapprentissage\/#primaryimage\"},\"thumbnailUrl\":\"https:\/\/swissbaker.ch\/wp-content\/uploads\/2022\/03\/safetybag_blau_1.jpg\",\"articleSection\":[\"Sant\u00e9\/S\u00e9curit\u00e9\"],\"inLanguage\":\"fr-FR\",\"potentialAction\":[{\"@type\":\"CommentAction\",\"name\":\"Comment\",\"target\":[\"https:\/\/swissbaker.ch\/fr\/panissimo-news\/la-securite-debute-des-lapprentissage\/#respond\"]}]},{\"@type\":\"WebPage\",\"@id\":\"https:\/\/swissbaker.ch\/fr\/panissimo-news\/la-securite-debute-des-lapprentissage\/\",\"url\":\"https:\/\/swissbaker.ch\/fr\/panissimo-news\/la-securite-debute-des-lapprentissage\/\",\"name\":\"La s\u00e9curit\u00e9 d\u00e9bute d\u00e8s l\u2019apprentissage | SBC\",\"isPartOf\":{\"@id\":\"https:\/\/swissbaker.ch\/fr\/#website\"},\"primaryImageOfPage\":{\"@id\":\"https:\/\/swissbaker.ch\/fr\/panissimo-news\/la-securite-debute-des-lapprentissage\/#primaryimage\"},\"image\":{\"@id\":\"https:\/\/swissbaker.ch\/fr\/panissimo-news\/la-securite-debute-des-lapprentissage\/#primaryimage\"},\"thumbnailUrl\":\"https:\/\/swissbaker.ch\/wp-content\/uploads\/2022\/03\/safetybag_blau_1.jpg\",\"datePublished\":\"2016-07-01T07:03:00+00:00\",\"dateModified\":\"2022-04-29T07:23:32+00:00\",\"breadcrumb\":{\"@id\":\"https:\/\/swissbaker.ch\/fr\/panissimo-news\/la-securite-debute-des-lapprentissage\/#breadcrumb\"},\"inLanguage\":\"fr-FR\",\"potentialAction\":[{\"@type\":\"ReadAction\",\"target\":[\"https:\/\/swissbaker.ch\/fr\/panissimo-news\/la-securite-debute-des-lapprentissage\/\"]}]},{\"@type\":\"ImageObject\",\"inLanguage\":\"fr-FR\",\"@id\":\"https:\/\/swissbaker.ch\/fr\/panissimo-news\/la-securite-debute-des-lapprentissage\/#primaryimage\",\"url\":\"https:\/\/swissbaker.ch\/wp-content\/uploads\/2022\/03\/safetybag_blau_1.jpg\",\"contentUrl\":\"https:\/\/swissbaker.ch\/wp-content\/uploads\/2022\/03\/safetybag_blau_1.jpg\",\"width\":600,\"height\":600,\"caption\":\"La s\u00e9curit\u00e9 d\u00e9bute d\u00e8s l\u2019apprentissage\"},{\"@type\":\"BreadcrumbList\",\"@id\":\"https:\/\/swissbaker.ch\/fr\/panissimo-news\/la-securite-debute-des-lapprentissage\/#breadcrumb\",\"itemListElement\":[{\"@type\":\"ListItem\",\"position\":1,\"name\":\"\",\"item\":\"https:\/\/swissbaker.ch\/fr\/\"},{\"@type\":\"ListItem\",\"position\":2,\"name\":\"Sant\u00e9\/S\u00e9curit\u00e9\",\"item\":\"https:\/\/swissbaker.ch\/fr\/panissimo-news\/category\/sante-securite\/\"},{\"@type\":\"ListItem\",\"position\":3,\"name\":\"La s\u00e9curit\u00e9 d\u00e9bute d\u00e8s l\u2019apprentissage\"}]},{\"@type\":\"WebSite\",\"@id\":\"https:\/\/swissbaker.ch\/fr\/#website\",\"url\":\"https:\/\/swissbaker.ch\/fr\/\",\"name\":\"SBC\",\"description\":\"\",\"publisher\":{\"@id\":\"https:\/\/swissbaker.ch\/fr\/#organization\"},\"potentialAction\":[{\"@type\":\"SearchAction\",\"target\":{\"@type\":\"EntryPoint\",\"urlTemplate\":\"https:\/\/swissbaker.ch\/fr\/?s={search_term_string}\"},\"query-input\":{\"@type\":\"PropertyValueSpecification\",\"valueRequired\":true,\"valueName\":\"search_term_string\"}}],\"inLanguage\":\"fr-FR\"},{\"@type\":\"Organization\",\"@id\":\"https:\/\/swissbaker.ch\/fr\/#organization\",\"name\":\"Schweizerischer B\u00e4cker-Confiseurmeister-Verband\",\"url\":\"https:\/\/swissbaker.ch\/fr\/\",\"logo\":{\"@type\":\"ImageObject\",\"inLanguage\":\"fr-FR\",\"@id\":\"https:\/\/swissbaker.ch\/fr\/#\/schema\/logo\/image\/\",\"url\":\"https:\/\/swissbaker.ch\/wp-content\/uploads\/2022\/04\/sbc-logo-yoast.jpg\",\"contentUrl\":\"https:\/\/swissbaker.ch\/wp-content\/uploads\/2022\/04\/sbc-logo-yoast.jpg\",\"width\":512,\"height\":512,\"caption\":\"Schweizerischer B\u00e4cker-Confiseurmeister-Verband\"},\"image\":{\"@id\":\"https:\/\/swissbaker.ch\/fr\/#\/schema\/logo\/image\/\"},\"sameAs\":[\"https:\/\/www.facebook.com\/swissbaker.ch\",\"https:\/\/x.com\/ch_swissbaker\"]},{\"@type\":\"Person\",\"@id\":\"https:\/\/swissbaker.ch\/fr\/#\/schema\/person\/058ac47619f7da53df62aba60f939b78\",\"name\":\"azureart\",\"image\":{\"@type\":\"ImageObject\",\"inLanguage\":\"fr-FR\",\"@id\":\"https:\/\/swissbaker.ch\/fr\/#\/schema\/person\/image\/\",\"url\":\"https:\/\/secure.gravatar.com\/avatar\/be04dd3098fd612c83067af4f7a295384c93cb6a9112f51beb9d2f477d25da61?s=96&d=mm&r=g\",\"contentUrl\":\"https:\/\/secure.gravatar.com\/avatar\/be04dd3098fd612c83067af4f7a295384c93cb6a9112f51beb9d2f477d25da61?s=96&d=mm&r=g\",\"caption\":\"azureart\"},\"sameAs\":[\"https:\/\/swissbaker.ch\"],\"url\":\"https:\/\/swissbaker.ch\/fr\/panissimo-news\/author\/pixel-ahoi\/\"}]}<\/script>\n<!-- \/ Yoast SEO Premium plugin. -->","yoast_head_json":{"title":"La s\u00e9curit\u00e9 d\u00e9bute d\u00e8s l\u2019apprentissage | SBC","robots":{"index":"index","follow":"follow","max-snippet":"max-snippet:-1","max-image-preview":"max-image-preview:large","max-video-preview":"max-video-preview:-1"},"canonical":"https:\/\/swissbaker.ch\/fr\/panissimo-news\/la-securite-debute-des-lapprentissage\/","og_locale":"fr_FR","og_type":"article","og_title":"La s\u00e9curit\u00e9 d\u00e9bute d\u00e8s l\u2019apprentissage","og_description":"L\u2019entr\u00e9e dans la vie active est le moment ad\u00e9quat pour sensibiliser les apprentis aux mesures de protection sur le lieu de travail. Pour familiariser les futurs professionnels aux moyens de protection appropri\u00e9s, la BCS propose une sacoche contenant tout le n\u00e9cessaire de s\u00e9curit\u00e9 personnelle\u2009: \u2013 un gant anti-coupures\u2009; \u2013 une paire de lunettes de protection\u2009; \u2013 un masque contre la [&hellip;]","og_url":"https:\/\/swissbaker.ch\/fr\/panissimo-news\/la-securite-debute-des-lapprentissage\/","og_site_name":"SBC","article_publisher":"https:\/\/www.facebook.com\/swissbaker.ch","article_published_time":"2016-07-01T07:03:00+00:00","article_modified_time":"2022-04-29T07:23:32+00:00","og_image":[{"width":600,"height":600,"url":"https:\/\/swissbaker.ch\/wp-content\/uploads\/2022\/03\/safetybag_blau_1.jpg","type":"image\/jpeg"}],"author":"azureart","twitter_card":"summary_large_image","twitter_creator":"@ch_swissbaker","twitter_site":"@ch_swissbaker","twitter_misc":{"Written by":"azureart","Est. reading time":"1 minute"},"schema":{"@context":"https:\/\/schema.org","@graph":[{"@type":"Article","@id":"https:\/\/swissbaker.ch\/fr\/panissimo-news\/la-securite-debute-des-lapprentissage\/#article","isPartOf":{"@id":"https:\/\/swissbaker.ch\/fr\/panissimo-news\/la-securite-debute-des-lapprentissage\/"},"author":{"name":"azureart","@id":"https:\/\/swissbaker.ch\/fr\/#\/schema\/person\/058ac47619f7da53df62aba60f939b78"},"headline":"La s\u00e9curit\u00e9 d\u00e9bute d\u00e8s l\u2019apprentissage","datePublished":"2016-07-01T07:03:00+00:00","dateModified":"2022-04-29T07:23:32+00:00","mainEntityOfPage":{"@id":"https:\/\/swissbaker.ch\/fr\/panissimo-news\/la-securite-debute-des-lapprentissage\/"},"wordCount":189,"commentCount":0,"publisher":{"@id":"https:\/\/swissbaker.ch\/fr\/#organization"},"image":{"@id":"https:\/\/swissbaker.ch\/fr\/panissimo-news\/la-securite-debute-des-lapprentissage\/#primaryimage"},"thumbnailUrl":"https:\/\/swissbaker.ch\/wp-content\/uploads\/2022\/03\/safetybag_blau_1.jpg","articleSection":["Sant\u00e9\/S\u00e9curit\u00e9"],"inLanguage":"fr-FR","potentialAction":[{"@type":"CommentAction","name":"Comment","target":["https:\/\/swissbaker.ch\/fr\/panissimo-news\/la-securite-debute-des-lapprentissage\/#respond"]}]},{"@type":"WebPage","@id":"https:\/\/swissbaker.ch\/fr\/panissimo-news\/la-securite-debute-des-lapprentissage\/","url":"https:\/\/swissbaker.ch\/fr\/panissimo-news\/la-securite-debute-des-lapprentissage\/","name":"La s\u00e9curit\u00e9 d\u00e9bute d\u00e8s l\u2019apprentissage | SBC","isPartOf":{"@id":"https:\/\/swissbaker.ch\/fr\/#website"},"primaryImageOfPage":{"@id":"https:\/\/swissbaker.ch\/fr\/panissimo-news\/la-securite-debute-des-lapprentissage\/#primaryimage"},"image":{"@id":"https:\/\/swissbaker.ch\/fr\/panissimo-news\/la-securite-debute-des-lapprentissage\/#primaryimage"},"thumbnailUrl":"https:\/\/swissbaker.ch\/wp-content\/uploads\/2022\/03\/safetybag_blau_1.jpg","datePublished":"2016-07-01T07:03:00+00:00","dateModified":"2022-04-29T07:23:32+00:00","breadcrumb":{"@id":"https:\/\/swissbaker.ch\/fr\/panissimo-news\/la-securite-debute-des-lapprentissage\/#breadcrumb"},"inLanguage":"fr-FR","potentialAction":[{"@type":"ReadAction","target":["https:\/\/swissbaker.ch\/fr\/panissimo-news\/la-securite-debute-des-lapprentissage\/"]}]},{"@type":"ImageObject","inLanguage":"fr-FR","@id":"https:\/\/swissbaker.ch\/fr\/panissimo-news\/la-securite-debute-des-lapprentissage\/#primaryimage","url":"https:\/\/swissbaker.ch\/wp-content\/uploads\/2022\/03\/safetybag_blau_1.jpg","contentUrl":"https:\/\/swissbaker.ch\/wp-content\/uploads\/2022\/03\/safetybag_blau_1.jpg","width":600,"height":600,"caption":"La s\u00e9curit\u00e9 d\u00e9bute d\u00e8s l\u2019apprentissage"},{"@type":"BreadcrumbList","@id":"https:\/\/swissbaker.ch\/fr\/panissimo-news\/la-securite-debute-des-lapprentissage\/#breadcrumb","itemListElement":[{"@type":"ListItem","position":1,"name":"","item":"https:\/\/swissbaker.ch\/fr\/"},{"@type":"ListItem","position":2,"name":"Sant\u00e9\/S\u00e9curit\u00e9","item":"https:\/\/swissbaker.ch\/fr\/panissimo-news\/category\/sante-securite\/"},{"@type":"ListItem","position":3,"name":"La s\u00e9curit\u00e9 d\u00e9bute d\u00e8s l\u2019apprentissage"}]},{"@type":"WebSite","@id":"https:\/\/swissbaker.ch\/fr\/#website","url":"https:\/\/swissbaker.ch\/fr\/","name":"SBC","description":"","publisher":{"@id":"https:\/\/swissbaker.ch\/fr\/#organization"},"potentialAction":[{"@type":"SearchAction","target":{"@type":"EntryPoint","urlTemplate":"https:\/\/swissbaker.ch\/fr\/?s={search_term_string}"},"query-input":{"@type":"PropertyValueSpecification","valueRequired":true,"valueName":"search_term_string"}}],"inLanguage":"fr-FR"},{"@type":"Organization","@id":"https:\/\/swissbaker.ch\/fr\/#organization","name":"Schweizerischer B\u00e4cker-Confiseurmeister-Verband","url":"https:\/\/swissbaker.ch\/fr\/","logo":{"@type":"ImageObject","inLanguage":"fr-FR","@id":"https:\/\/swissbaker.ch\/fr\/#\/schema\/logo\/image\/","url":"https:\/\/swissbaker.ch\/wp-content\/uploads\/2022\/04\/sbc-logo-yoast.jpg","contentUrl":"https:\/\/swissbaker.ch\/wp-content\/uploads\/2022\/04\/sbc-logo-yoast.jpg","width":512,"height":512,"caption":"Schweizerischer B\u00e4cker-Confiseurmeister-Verband"},"image":{"@id":"https:\/\/swissbaker.ch\/fr\/#\/schema\/logo\/image\/"},"sameAs":["https:\/\/www.facebook.com\/swissbaker.ch","https:\/\/x.com\/ch_swissbaker"]},{"@type":"Person","@id":"https:\/\/swissbaker.ch\/fr\/#\/schema\/person\/058ac47619f7da53df62aba60f939b78","name":"azureart","image":{"@type":"ImageObject","inLanguage":"fr-FR","@id":"https:\/\/swissbaker.ch\/fr\/#\/schema\/person\/image\/","url":"https:\/\/secure.gravatar.com\/avatar\/be04dd3098fd612c83067af4f7a295384c93cb6a9112f51beb9d2f477d25da61?s=96&d=mm&r=g","contentUrl":"https:\/\/secure.gravatar.com\/avatar\/be04dd3098fd612c83067af4f7a295384c93cb6a9112f51beb9d2f477d25da61?s=96&d=mm&r=g","caption":"azureart"},"sameAs":["https:\/\/swissbaker.ch"],"url":"https:\/\/swissbaker.ch\/fr\/panissimo-news\/author\/pixel-ahoi\/"}]}},"_links":{"self":[{"href":"https:\/\/swissbaker.ch\/fr\/wp-json\/wp\/v2\/posts\/7208","targetHints":{"allow":["GET"]}}],"collection":[{"href":"https:\/\/swissbaker.ch\/fr\/wp-json\/wp\/v2\/posts"}],"about":[{"href":"https:\/\/swissbaker.ch\/fr\/wp-json\/wp\/v2\/types\/post"}],"author":[{"embeddable":true,"href":"https:\/\/swissbaker.ch\/fr\/wp-json\/wp\/v2\/users\/1"}],"replies":[{"embeddable":true,"href":"https:\/\/swissbaker.ch\/fr\/wp-json\/wp\/v2\/comments?post=7208"}],"version-history":[{"count":0,"href":"https:\/\/swissbaker.ch\/fr\/wp-json\/wp\/v2\/posts\/7208\/revisions"}],"wp:featuredmedia":[{"embeddable":true,"href":"https:\/\/swissbaker.ch\/fr\/wp-json\/wp\/v2\/media\/5363"}],"wp:attachment":[{"href":"https:\/\/swissbaker.ch\/fr\/wp-json\/wp\/v2\/media?parent=7208"}],"wp:term":[{"taxonomy":"category","embeddable":true,"href":"https:\/\/swissbaker.ch\/fr\/wp-json\/wp\/v2\/categories?post=7208"},{"taxonomy":"post_tag","embeddable":true,"href":"https:\/\/swissbaker.ch\/fr\/wp-json\/wp\/v2\/tags?post=7208"}],"curies":[{"name":"wp","href":"https:\/\/api.w.org\/{rel}","templated":true}]}}