{"id":7204,"date":"2016-06-03T08:51:00","date_gmt":"2016-06-03T06:51:00","guid":{"rendered":"https:\/\/swissbaker.ch\/?p=7204"},"modified":"2022-04-29T09:22:24","modified_gmt":"2022-04-29T07:22:24","slug":"ma-grande-passion","status":"publish","type":"post","link":"https:\/\/swissbaker.ch\/fr\/panissimo-news\/ma-grande-passion\/","title":{"rendered":"Ma grande passion"},"content":{"rendered":"\n<p><strong>Il y a douze ans, j\u2019ai d\u00fb choisir entre un si\u00e8ge au Conseil national et la pr\u00e9sidence de l\u2019Association suisse des patrons boulangers-confiseurs (qui \u00e9tait alors l\u2019ARABPC).<\/strong><\/p>\n\n\n\n<p>J\u2019ai opt\u00e9 pour ma grande passion, mon deuxi\u00e8me grand amour\u2009: le pain, mon secteur. Et je ne l\u2019ai jamais regrett\u00e9. C\u2019est riche de pr\u00e9cieuses exp\u00e9riences et de belles rencontres avec des jeunes et moins jeunes, des coll\u00e8gues du secteur, des partenaires et des politiciens que je passerai le relais \u00e0 mon successeur dans quelques jours.<\/p>\n\n\n\n<p>Je n\u2019aurais rien pu faire sans l\u2019engagement de nombreuses personnes dans mon entourage. Je tiens \u00e0 remercier ici de leur aide le comit\u00e9 directeur et le secr\u00e9tariat central de la BCS, dirig\u00e9 par Beat Kl\u00e4y\u2009; Gustav Iten et Werner Suter qui, avant mon \u00e9lection \u00e0 la pr\u00e9sidence, m\u2019ont convaincu que je pourrais relever le mandat\u2009; Heinz Wehrli, l\u2019ancien responsable de la caisse de pr\u00e9voyance, qui m\u2019a amen\u00e9 \u00e0 l\u2019activit\u00e9 associative il y a de nombreuses ann\u00e9es\u2009; et ma famille, et en particulier mon \u00e9pouse Mary, qui m\u2019a toujours soutenu \u00e0 100\u202f%.<\/p>\n\n\n\n<p>Pour l\u2019avenir, je souhaite \u00e0 tous les artisans boulangers-confiseurs de l\u2019innovation et de l\u2019inspiration, de m\u00eame que de la sueur, qui sont autant de cl\u00e9s du succ\u00e8s\u2009; je leur souhaite surtout suffisamment de jeunes gens motiv\u00e9s \u00e0 apprendre ce magnifique m\u00e9tier, sachant que les mati\u00e8res premi\u00e8res et le personnel sont notre capital pour l\u2019avenir.<\/p>\n\n\n\n<p>Je resterai boulanger, corps et \u00e2me, \u2013 la boulangerie restant ma passion. C\u2019est un sentiment indescriptible que de pouvoir admirer chaque jour le r\u00e9sultat de son travail. Si c\u2019\u00e9tait \u00e0 refaire, je r\u00e9apprendrais le m\u00e9tier\u2009!<\/p>\n\n\n\n<p><\/p>\n","protected":false},"excerpt":{"rendered":"<p>Il y a douze ans, j\u2019ai d\u00fb choisir entre un si\u00e8ge au Conseil national et la pr\u00e9sidence de l\u2019Association suisse des patrons boulangers-confiseurs (qui \u00e9tait alors l\u2019ARABPC). J\u2019ai opt\u00e9 pour ma grande passion, mon deuxi\u00e8me grand amour\u2009: le pain, mon secteur. Et je ne l\u2019ai jamais regrett\u00e9. C\u2019est riche de pr\u00e9cieuses exp\u00e9riences et de belles rencontres avec des jeunes et [&hellip;]<\/p>\n","protected":false},"author":1,"featured_media":5355,"comment_status":"open","ping_status":"closed","sticky":false,"template":"","format":"standard","meta":{"_acf_changed":false,"footnotes":""},"categories":[41,58],"tags":[],"class_list":["post-7204","post","type-post","status-publish","format-standard","has-post-thumbnail","hentry","category-association","category-swissbaker-blog-fr"],"acf":[],"yoast_head":"<!-- This site is optimized with the Yoast SEO Premium plugin v26.8 (Yoast SEO v26.8) - https:\/\/yoast.com\/product\/yoast-seo-premium-wordpress\/ -->\n<title>Ma grande passion | SBC<\/title>\n<meta name=\"robots\" content=\"index, follow, max-snippet:-1, max-image-preview:large, max-video-preview:-1\" \/>\n<link rel=\"canonical\" href=\"https:\/\/swissbaker.ch\/fr\/panissimo-news\/ma-grande-passion\/\" \/>\n<meta property=\"og:locale\" content=\"fr_FR\" \/>\n<meta property=\"og:type\" content=\"article\" \/>\n<meta property=\"og:title\" content=\"Ma grande passion\" \/>\n<meta property=\"og:description\" content=\"Il y a douze ans, j\u2019ai d\u00fb choisir entre un si\u00e8ge au Conseil national et la pr\u00e9sidence de l\u2019Association suisse des patrons boulangers-confiseurs (qui \u00e9tait alors l\u2019ARABPC). J\u2019ai opt\u00e9 pour ma grande passion, mon deuxi\u00e8me grand amour\u2009: le pain, mon secteur. Et je ne l\u2019ai jamais regrett\u00e9. C\u2019est riche de pr\u00e9cieuses exp\u00e9riences et de belles rencontres avec des jeunes et [&hellip;]\" \/>\n<meta property=\"og:url\" content=\"https:\/\/swissbaker.ch\/fr\/panissimo-news\/ma-grande-passion\/\" \/>\n<meta property=\"og:site_name\" content=\"SBC\" \/>\n<meta property=\"article:publisher\" content=\"https:\/\/www.facebook.com\/swissbaker.ch\" \/>\n<meta property=\"article:published_time\" content=\"2016-06-03T06:51:00+00:00\" \/>\n<meta property=\"article:modified_time\" content=\"2022-04-29T07:22:24+00:00\" \/>\n<meta property=\"og:image\" content=\"https:\/\/swissbaker.ch\/wp-content\/uploads\/2022\/03\/csm_sutter_kaspar_7891270c1f.jpg\" \/>\n\t<meta property=\"og:image:width\" content=\"630\" \/>\n\t<meta property=\"og:image:height\" content=\"600\" \/>\n\t<meta property=\"og:image:type\" content=\"image\/jpeg\" \/>\n<meta name=\"author\" content=\"azureart\" \/>\n<meta name=\"twitter:card\" content=\"summary_large_image\" \/>\n<meta name=\"twitter:creator\" content=\"@ch_swissbaker\" \/>\n<meta name=\"twitter:site\" content=\"@ch_swissbaker\" \/>\n<meta name=\"twitter:label1\" content=\"Written by\" \/>\n\t<meta name=\"twitter:data1\" content=\"azureart\" \/>\n\t<meta name=\"twitter:label2\" content=\"Est. reading time\" \/>\n\t<meta name=\"twitter:data2\" content=\"2 minutes\" \/>\n<script type=\"application\/ld+json\" class=\"yoast-schema-graph\">{\"@context\":\"https:\/\/schema.org\",\"@graph\":[{\"@type\":\"Article\",\"@id\":\"https:\/\/swissbaker.ch\/fr\/panissimo-news\/ma-grande-passion\/#article\",\"isPartOf\":{\"@id\":\"https:\/\/swissbaker.ch\/fr\/panissimo-news\/ma-grande-passion\/\"},\"author\":{\"name\":\"azureart\",\"@id\":\"https:\/\/swissbaker.ch\/fr\/#\/schema\/person\/058ac47619f7da53df62aba60f939b78\"},\"headline\":\"Ma grande passion\",\"datePublished\":\"2016-06-03T06:51:00+00:00\",\"dateModified\":\"2022-04-29T07:22:24+00:00\",\"mainEntityOfPage\":{\"@id\":\"https:\/\/swissbaker.ch\/fr\/panissimo-news\/ma-grande-passion\/\"},\"wordCount\":295,\"commentCount\":0,\"publisher\":{\"@id\":\"https:\/\/swissbaker.ch\/fr\/#organization\"},\"image\":{\"@id\":\"https:\/\/swissbaker.ch\/fr\/panissimo-news\/ma-grande-passion\/#primaryimage\"},\"thumbnailUrl\":\"https:\/\/swissbaker.ch\/wp-content\/uploads\/2022\/03\/csm_sutter_kaspar_7891270c1f.jpg\",\"articleSection\":[\"Association\",\"swissbaker-blog\"],\"inLanguage\":\"fr-FR\",\"potentialAction\":[{\"@type\":\"CommentAction\",\"name\":\"Comment\",\"target\":[\"https:\/\/swissbaker.ch\/fr\/panissimo-news\/ma-grande-passion\/#respond\"]}]},{\"@type\":\"WebPage\",\"@id\":\"https:\/\/swissbaker.ch\/fr\/panissimo-news\/ma-grande-passion\/\",\"url\":\"https:\/\/swissbaker.ch\/fr\/panissimo-news\/ma-grande-passion\/\",\"name\":\"Ma grande passion | SBC\",\"isPartOf\":{\"@id\":\"https:\/\/swissbaker.ch\/fr\/#website\"},\"primaryImageOfPage\":{\"@id\":\"https:\/\/swissbaker.ch\/fr\/panissimo-news\/ma-grande-passion\/#primaryimage\"},\"image\":{\"@id\":\"https:\/\/swissbaker.ch\/fr\/panissimo-news\/ma-grande-passion\/#primaryimage\"},\"thumbnailUrl\":\"https:\/\/swissbaker.ch\/wp-content\/uploads\/2022\/03\/csm_sutter_kaspar_7891270c1f.jpg\",\"datePublished\":\"2016-06-03T06:51:00+00:00\",\"dateModified\":\"2022-04-29T07:22:24+00:00\",\"breadcrumb\":{\"@id\":\"https:\/\/swissbaker.ch\/fr\/panissimo-news\/ma-grande-passion\/#breadcrumb\"},\"inLanguage\":\"fr-FR\",\"potentialAction\":[{\"@type\":\"ReadAction\",\"target\":[\"https:\/\/swissbaker.ch\/fr\/panissimo-news\/ma-grande-passion\/\"]}]},{\"@type\":\"ImageObject\",\"inLanguage\":\"fr-FR\",\"@id\":\"https:\/\/swissbaker.ch\/fr\/panissimo-news\/ma-grande-passion\/#primaryimage\",\"url\":\"https:\/\/swissbaker.ch\/wp-content\/uploads\/2022\/03\/csm_sutter_kaspar_7891270c1f.jpg\",\"contentUrl\":\"https:\/\/swissbaker.ch\/wp-content\/uploads\/2022\/03\/csm_sutter_kaspar_7891270c1f.jpg\",\"width\":630,\"height\":600,\"caption\":\"Ma grande passion\"},{\"@type\":\"BreadcrumbList\",\"@id\":\"https:\/\/swissbaker.ch\/fr\/panissimo-news\/ma-grande-passion\/#breadcrumb\",\"itemListElement\":[{\"@type\":\"ListItem\",\"position\":1,\"name\":\"\",\"item\":\"https:\/\/swissbaker.ch\/fr\/\"},{\"@type\":\"ListItem\",\"position\":2,\"name\":\"swissbaker-blog\",\"item\":\"https:\/\/swissbaker.ch\/fr\/panissimo-news\/category\/swissbaker-blog-fr\/\"},{\"@type\":\"ListItem\",\"position\":3,\"name\":\"Ma grande passion\"}]},{\"@type\":\"WebSite\",\"@id\":\"https:\/\/swissbaker.ch\/fr\/#website\",\"url\":\"https:\/\/swissbaker.ch\/fr\/\",\"name\":\"SBC\",\"description\":\"\",\"publisher\":{\"@id\":\"https:\/\/swissbaker.ch\/fr\/#organization\"},\"potentialAction\":[{\"@type\":\"SearchAction\",\"target\":{\"@type\":\"EntryPoint\",\"urlTemplate\":\"https:\/\/swissbaker.ch\/fr\/?s={search_term_string}\"},\"query-input\":{\"@type\":\"PropertyValueSpecification\",\"valueRequired\":true,\"valueName\":\"search_term_string\"}}],\"inLanguage\":\"fr-FR\"},{\"@type\":\"Organization\",\"@id\":\"https:\/\/swissbaker.ch\/fr\/#organization\",\"name\":\"Schweizerischer B\u00e4cker-Confiseurmeister-Verband\",\"url\":\"https:\/\/swissbaker.ch\/fr\/\",\"logo\":{\"@type\":\"ImageObject\",\"inLanguage\":\"fr-FR\",\"@id\":\"https:\/\/swissbaker.ch\/fr\/#\/schema\/logo\/image\/\",\"url\":\"https:\/\/swissbaker.ch\/wp-content\/uploads\/2022\/04\/sbc-logo-yoast.jpg\",\"contentUrl\":\"https:\/\/swissbaker.ch\/wp-content\/uploads\/2022\/04\/sbc-logo-yoast.jpg\",\"width\":512,\"height\":512,\"caption\":\"Schweizerischer B\u00e4cker-Confiseurmeister-Verband\"},\"image\":{\"@id\":\"https:\/\/swissbaker.ch\/fr\/#\/schema\/logo\/image\/\"},\"sameAs\":[\"https:\/\/www.facebook.com\/swissbaker.ch\",\"https:\/\/x.com\/ch_swissbaker\"]},{\"@type\":\"Person\",\"@id\":\"https:\/\/swissbaker.ch\/fr\/#\/schema\/person\/058ac47619f7da53df62aba60f939b78\",\"name\":\"azureart\",\"image\":{\"@type\":\"ImageObject\",\"inLanguage\":\"fr-FR\",\"@id\":\"https:\/\/swissbaker.ch\/fr\/#\/schema\/person\/image\/\",\"url\":\"https:\/\/secure.gravatar.com\/avatar\/be04dd3098fd612c83067af4f7a295384c93cb6a9112f51beb9d2f477d25da61?s=96&d=mm&r=g\",\"contentUrl\":\"https:\/\/secure.gravatar.com\/avatar\/be04dd3098fd612c83067af4f7a295384c93cb6a9112f51beb9d2f477d25da61?s=96&d=mm&r=g\",\"caption\":\"azureart\"},\"sameAs\":[\"https:\/\/swissbaker.ch\"],\"url\":\"https:\/\/swissbaker.ch\/fr\/panissimo-news\/author\/pixel-ahoi\/\"}]}<\/script>\n<!-- \/ Yoast SEO Premium plugin. -->","yoast_head_json":{"title":"Ma grande passion | SBC","robots":{"index":"index","follow":"follow","max-snippet":"max-snippet:-1","max-image-preview":"max-image-preview:large","max-video-preview":"max-video-preview:-1"},"canonical":"https:\/\/swissbaker.ch\/fr\/panissimo-news\/ma-grande-passion\/","og_locale":"fr_FR","og_type":"article","og_title":"Ma grande passion","og_description":"Il y a douze ans, j\u2019ai d\u00fb choisir entre un si\u00e8ge au Conseil national et la pr\u00e9sidence de l\u2019Association suisse des patrons boulangers-confiseurs (qui \u00e9tait alors l\u2019ARABPC). J\u2019ai opt\u00e9 pour ma grande passion, mon deuxi\u00e8me grand amour\u2009: le pain, mon secteur. Et je ne l\u2019ai jamais regrett\u00e9. C\u2019est riche de pr\u00e9cieuses exp\u00e9riences et de belles rencontres avec des jeunes et [&hellip;]","og_url":"https:\/\/swissbaker.ch\/fr\/panissimo-news\/ma-grande-passion\/","og_site_name":"SBC","article_publisher":"https:\/\/www.facebook.com\/swissbaker.ch","article_published_time":"2016-06-03T06:51:00+00:00","article_modified_time":"2022-04-29T07:22:24+00:00","og_image":[{"width":630,"height":600,"url":"https:\/\/swissbaker.ch\/wp-content\/uploads\/2022\/03\/csm_sutter_kaspar_7891270c1f.jpg","type":"image\/jpeg"}],"author":"azureart","twitter_card":"summary_large_image","twitter_creator":"@ch_swissbaker","twitter_site":"@ch_swissbaker","twitter_misc":{"Written by":"azureart","Est. reading time":"2 minutes"},"schema":{"@context":"https:\/\/schema.org","@graph":[{"@type":"Article","@id":"https:\/\/swissbaker.ch\/fr\/panissimo-news\/ma-grande-passion\/#article","isPartOf":{"@id":"https:\/\/swissbaker.ch\/fr\/panissimo-news\/ma-grande-passion\/"},"author":{"name":"azureart","@id":"https:\/\/swissbaker.ch\/fr\/#\/schema\/person\/058ac47619f7da53df62aba60f939b78"},"headline":"Ma grande passion","datePublished":"2016-06-03T06:51:00+00:00","dateModified":"2022-04-29T07:22:24+00:00","mainEntityOfPage":{"@id":"https:\/\/swissbaker.ch\/fr\/panissimo-news\/ma-grande-passion\/"},"wordCount":295,"commentCount":0,"publisher":{"@id":"https:\/\/swissbaker.ch\/fr\/#organization"},"image":{"@id":"https:\/\/swissbaker.ch\/fr\/panissimo-news\/ma-grande-passion\/#primaryimage"},"thumbnailUrl":"https:\/\/swissbaker.ch\/wp-content\/uploads\/2022\/03\/csm_sutter_kaspar_7891270c1f.jpg","articleSection":["Association","swissbaker-blog"],"inLanguage":"fr-FR","potentialAction":[{"@type":"CommentAction","name":"Comment","target":["https:\/\/swissbaker.ch\/fr\/panissimo-news\/ma-grande-passion\/#respond"]}]},{"@type":"WebPage","@id":"https:\/\/swissbaker.ch\/fr\/panissimo-news\/ma-grande-passion\/","url":"https:\/\/swissbaker.ch\/fr\/panissimo-news\/ma-grande-passion\/","name":"Ma grande passion | SBC","isPartOf":{"@id":"https:\/\/swissbaker.ch\/fr\/#website"},"primaryImageOfPage":{"@id":"https:\/\/swissbaker.ch\/fr\/panissimo-news\/ma-grande-passion\/#primaryimage"},"image":{"@id":"https:\/\/swissbaker.ch\/fr\/panissimo-news\/ma-grande-passion\/#primaryimage"},"thumbnailUrl":"https:\/\/swissbaker.ch\/wp-content\/uploads\/2022\/03\/csm_sutter_kaspar_7891270c1f.jpg","datePublished":"2016-06-03T06:51:00+00:00","dateModified":"2022-04-29T07:22:24+00:00","breadcrumb":{"@id":"https:\/\/swissbaker.ch\/fr\/panissimo-news\/ma-grande-passion\/#breadcrumb"},"inLanguage":"fr-FR","potentialAction":[{"@type":"ReadAction","target":["https:\/\/swissbaker.ch\/fr\/panissimo-news\/ma-grande-passion\/"]}]},{"@type":"ImageObject","inLanguage":"fr-FR","@id":"https:\/\/swissbaker.ch\/fr\/panissimo-news\/ma-grande-passion\/#primaryimage","url":"https:\/\/swissbaker.ch\/wp-content\/uploads\/2022\/03\/csm_sutter_kaspar_7891270c1f.jpg","contentUrl":"https:\/\/swissbaker.ch\/wp-content\/uploads\/2022\/03\/csm_sutter_kaspar_7891270c1f.jpg","width":630,"height":600,"caption":"Ma grande passion"},{"@type":"BreadcrumbList","@id":"https:\/\/swissbaker.ch\/fr\/panissimo-news\/ma-grande-passion\/#breadcrumb","itemListElement":[{"@type":"ListItem","position":1,"name":"","item":"https:\/\/swissbaker.ch\/fr\/"},{"@type":"ListItem","position":2,"name":"swissbaker-blog","item":"https:\/\/swissbaker.ch\/fr\/panissimo-news\/category\/swissbaker-blog-fr\/"},{"@type":"ListItem","position":3,"name":"Ma grande passion"}]},{"@type":"WebSite","@id":"https:\/\/swissbaker.ch\/fr\/#website","url":"https:\/\/swissbaker.ch\/fr\/","name":"SBC","description":"","publisher":{"@id":"https:\/\/swissbaker.ch\/fr\/#organization"},"potentialAction":[{"@type":"SearchAction","target":{"@type":"EntryPoint","urlTemplate":"https:\/\/swissbaker.ch\/fr\/?s={search_term_string}"},"query-input":{"@type":"PropertyValueSpecification","valueRequired":true,"valueName":"search_term_string"}}],"inLanguage":"fr-FR"},{"@type":"Organization","@id":"https:\/\/swissbaker.ch\/fr\/#organization","name":"Schweizerischer B\u00e4cker-Confiseurmeister-Verband","url":"https:\/\/swissbaker.ch\/fr\/","logo":{"@type":"ImageObject","inLanguage":"fr-FR","@id":"https:\/\/swissbaker.ch\/fr\/#\/schema\/logo\/image\/","url":"https:\/\/swissbaker.ch\/wp-content\/uploads\/2022\/04\/sbc-logo-yoast.jpg","contentUrl":"https:\/\/swissbaker.ch\/wp-content\/uploads\/2022\/04\/sbc-logo-yoast.jpg","width":512,"height":512,"caption":"Schweizerischer B\u00e4cker-Confiseurmeister-Verband"},"image":{"@id":"https:\/\/swissbaker.ch\/fr\/#\/schema\/logo\/image\/"},"sameAs":["https:\/\/www.facebook.com\/swissbaker.ch","https:\/\/x.com\/ch_swissbaker"]},{"@type":"Person","@id":"https:\/\/swissbaker.ch\/fr\/#\/schema\/person\/058ac47619f7da53df62aba60f939b78","name":"azureart","image":{"@type":"ImageObject","inLanguage":"fr-FR","@id":"https:\/\/swissbaker.ch\/fr\/#\/schema\/person\/image\/","url":"https:\/\/secure.gravatar.com\/avatar\/be04dd3098fd612c83067af4f7a295384c93cb6a9112f51beb9d2f477d25da61?s=96&d=mm&r=g","contentUrl":"https:\/\/secure.gravatar.com\/avatar\/be04dd3098fd612c83067af4f7a295384c93cb6a9112f51beb9d2f477d25da61?s=96&d=mm&r=g","caption":"azureart"},"sameAs":["https:\/\/swissbaker.ch"],"url":"https:\/\/swissbaker.ch\/fr\/panissimo-news\/author\/pixel-ahoi\/"}]}},"_links":{"self":[{"href":"https:\/\/swissbaker.ch\/fr\/wp-json\/wp\/v2\/posts\/7204","targetHints":{"allow":["GET"]}}],"collection":[{"href":"https:\/\/swissbaker.ch\/fr\/wp-json\/wp\/v2\/posts"}],"about":[{"href":"https:\/\/swissbaker.ch\/fr\/wp-json\/wp\/v2\/types\/post"}],"author":[{"embeddable":true,"href":"https:\/\/swissbaker.ch\/fr\/wp-json\/wp\/v2\/users\/1"}],"replies":[{"embeddable":true,"href":"https:\/\/swissbaker.ch\/fr\/wp-json\/wp\/v2\/comments?post=7204"}],"version-history":[{"count":0,"href":"https:\/\/swissbaker.ch\/fr\/wp-json\/wp\/v2\/posts\/7204\/revisions"}],"wp:featuredmedia":[{"embeddable":true,"href":"https:\/\/swissbaker.ch\/fr\/wp-json\/wp\/v2\/media\/5355"}],"wp:attachment":[{"href":"https:\/\/swissbaker.ch\/fr\/wp-json\/wp\/v2\/media?parent=7204"}],"wp:term":[{"taxonomy":"category","embeddable":true,"href":"https:\/\/swissbaker.ch\/fr\/wp-json\/wp\/v2\/categories?post=7204"},{"taxonomy":"post_tag","embeddable":true,"href":"https:\/\/swissbaker.ch\/fr\/wp-json\/wp\/v2\/tags?post=7204"}],"curies":[{"name":"wp","href":"https:\/\/api.w.org\/{rel}","templated":true}]}}