{"id":72036,"date":"2023-11-24T15:25:41","date_gmt":"2023-11-24T14:25:41","guid":{"rendered":"https:\/\/swissbaker.ch\/?p=72036"},"modified":"2023-11-30T15:01:44","modified_gmt":"2023-11-30T14:01:44","slug":"regardez-cest-la-cheffe-junior","status":"publish","type":"post","link":"https:\/\/swissbaker.ch\/fr\/panissimo-news\/regardez-cest-la-cheffe-junior\/","title":{"rendered":"Regardez, c\u2019est la cheffe junior\u00a0"},"content":{"rendered":"\n<p><strong>Pour assumer une fonction de direction en tant que jeune personne, il faut notamment la reconnaissance des collaborateurs et collaboratrices, et Isabelle Buchmann a su la gagner. Depuis son enfance, cette cuisini\u00e8re de formation donne des coups de main dans la p\u00e2tisserie Buchmann de M\u00fcnchenstein (BL), qui a pu profiter de son \u00e9nergie et de son enthousiasme sans faille, tant pendant ses \u00e9tudes que durant son ann\u00e9e de formation et son s\u00e9jour \u00e0 l&#8217;\u00e9tranger.<\/strong><\/p>\n\n\n\n<figure class=\"wp-block-image size-large is-resized is-style-default\"><img decoding=\"async\" src=\"https:\/\/swissbaker.ch\/wp-content\/uploads\/2023\/11\/pb090833-768x1024.jpg\" alt=\"Isabelle Buchmann\" class=\"wp-image-72020\" style=\"width:460px;height:612px\" width=\"460\" height=\"612\" srcset=\"https:\/\/swissbaker.ch\/wp-content\/uploads\/2023\/11\/pb090833-768x1024.jpg 768w, https:\/\/swissbaker.ch\/wp-content\/uploads\/2023\/11\/pb090833-1152x1536.jpg 1152w, https:\/\/swissbaker.ch\/wp-content\/uploads\/2023\/11\/pb090833-scaled.jpg 1536w\" sizes=\"(max-width: 460px) 100vw, 460px\" \/><figcaption class=\"wp-element-caption\"><em>Isabelle Buchmann (25) dans la vente, l&#8217;un de ses domaines de responsabilit\u00e9 en tant que membre de la direction.<\/em><\/figcaption><\/figure>\n\n\n\n<p>Concevoir des vitrines, plier des bo\u00eetes, donner un coup de main au march\u00e9 de No\u00ebl \u2013 soutenir l\u2019entreprise familiale est une \u00e9vidence pour Isabelle Buchmann. C&#8217;est peut-\u00eatre la vari\u00e9t\u00e9 de ces petites t\u00e2ches qui l\u2019a amen\u00e9e \u00e0 quitter son environnement familier apr\u00e8s l&#8217;\u00e9cole, pour se lancer dans la diversit\u00e9 de la production alimentaire. Apr\u00e8s sa formation de cuisini\u00e8re, elle a pass\u00e9 sa maturit\u00e9 professionnelle, \u00e9tudi\u00e9 les sciences alimentaires et effectu\u00e9 diff\u00e9rents stages au cours de l&#8217;ann\u00e9e de formation qui a suivi. Toujours avec passion pour les aliments sains, naturels et pr\u00e9cieux. \u00abPendant mes \u00e9tudes, j&#8217;ai compris \u00e0 quel point mon parcours correspondait parfaitement \u00e0 notre entreprise familiale. J&#8217;ai commenc\u00e9 \u00e0 me poser des questions: Comment produire en toute s\u00e9curit\u00e9? Qu\u2019est-ce qui rend les produits alimentaires pr\u00e9cieux? Comment se pr\u00e9sente la cha\u00eene de cr\u00e9ation de valeur?\u00bb Et c&#8217;est ainsi que la toute nouvelle experte en commerce de d\u00e9tail (depuis 2022) a d\u00e9cid\u00e9 de rejoindre l&#8217;entreprise familiale avec son fr\u00e8re Dominique Buchmann.<\/p>\n\n\n\n<h2 class=\"wp-block-heading\" id=\"h-de-la-partie-depuis-son-plus-jeune-age\"><strong>De la partie depuis son plus jeune \u00e2ge<\/strong><strong><\/strong><\/h2>\n\n\n\n<p>Isabelle Buchmann travaille \u00e0 plein temps dans la <a href=\"https:\/\/www.konditorei-buchmann.ch\/\" target=\"_blank\" rel=\"noreferrer noopener\">p\u00e2tisserie Buchmann AG<\/a> depuis septembre\u00a02023. Mais cette professionnelle n\u2019est pas pour autant per\u00e7ue comme une nouvelle venue. C\u2019est certainement d\u00fb au fait qu&#8217;elle est toujours rest\u00e9e impliqu\u00e9e dans diff\u00e9rents projets.\u00abJe suis depuis six ans responsable de l&#8217;atelier, l\u00e0 o\u00f9 les produits sont emball\u00e9s, affin\u00e9s et d\u00e9cor\u00e9s, ce qui me vaut une grande confiance en tant que jeune personne.\u00bb Les collaborateurs et collaboratrices de longue date savent que cette cuisini\u00e8re de formation est un soutien actif qui ne rechigne pas \u00e0 faire tout travail. Et le fruit de cet engagement est la reconnaissance: on la pr\u00e9sente \u00e0 la client\u00e8le en disant \u00abRegardez, c&#8217;est la cheffe junior\u00bb, confesse Isabelle Buchmann. \u00abJ&#8217;ai l&#8217;impression qu&#8217;ils sont fiers de moi\u00bb, ajoute-t-elle d&#8217;un air g\u00ean\u00e9.<\/p>\n\n\n\n<h2 class=\"wp-block-heading\" id=\"h-toujours-impliquee\"><strong>Toujours impliqu\u00e9e<\/strong><\/h2>\n\n\n\n<p>Malgr\u00e9 deux mois \u00e0 Londres et des stages \u00e0 la direction de Reinhard AG \u00e0 Bolligen BE) et de la boulangerie-restaurant F\u00fcger \u00e0 M\u00f6rschwil (SG), Isabelle Buchmann s&#8217;est toujours engag\u00e9e dans l&#8217;entreprise familiale. Elle r\u00e9sume bri\u00e8vement le principal enseignement de cette ann\u00e9e de transition: \u00abPlus de peps ferait du bien au secteur\u00bb, en pr\u00e9cisant: \u00abOn peut oser davantage. Mais j&#8217;ai appris que cela prend du temps.\u00bb<\/p>\n\n\n\n<h2 class=\"wp-block-heading\" id=\"h-lieu-de-restauration-et-de-style-de-vie\"><strong>Lieu de restauration et de style de vie<\/strong><\/h2>\n\n\n\n<p>Isabelle Buchmann illustre le changement qui se dessine dans l\u2019entreprise qu\u2019elle conna\u00eet parfaitement: son grand-p\u00e8re s&#8217;est fait une r\u00e9putation dans la r\u00e9gion avec du pain de qualit\u00e9 constante. Son p\u00e8re s&#8217;est dot\u00e9 d&#8217;une installation frigorifique moderne, et a commenc\u00e9 \u00e0 fabriquer des produits de boulangerie fine et des articles de p\u00e2tisserie. Isabelle Buchmann a d\u00e9j\u00e0 imagin\u00e9 la touche de peps qu\u2019il faut \u00e0 l&#8217;entreprise familiale et cristallis\u00e9 une orientation concr\u00e8te avec son fr\u00e8re Dominique Buchmann: \u00abNous pr\u00e9voyons de faire de la p\u00e2tisserie Buchmann un lieu de restauration et de style de vie.\u00bb Et cette vision d\u00e9montre \u00e0 quel point le fr\u00e8re et la s\u0153ur se compl\u00e8tent. En tant que boulanger-p\u00e2tissier de formation, responsable de la production et futur dipl\u00f4m\u00e9 de l\u2019Institut suisse pour la formation des cadres d\u2019entreprise (IFCAM), le fr\u00e8re est l&#8217;expert de l&#8217;assortiment de base. Cuisini\u00e8re \u00e0 l&#8217;origine et experte dans le secteur alimentaire, la s\u0153ur s&#8217;y conna\u00eet en marketing, en vente et en restauration. Les jalons semblent pos\u00e9s.<\/p>\n\n\n\n<h2 class=\"wp-block-heading\" id=\"h-la-nouveaute-au-regard-de-l-experience\"><strong>La nouveaut\u00e9 au regard de l\u2019exp\u00e9rience<\/strong><\/h2>\n\n\n\n<p>Isabelle et Dominique Buchmann sont actuellement toujours soutenus et couverts par leur p\u00e8re Emanuel Buchmann Junior. Le fr\u00e8re et la s\u0153ur partagent la direction de l&#8217;entreprise avec lui, qui se retirera \u00e0 l&#8217;\u00e9t\u00e9 2024. Tous deux ont d\u00e9j\u00e0 pu profiter de cette constellation. \u00abQuand nous faisons de l\u2019exc\u00e8s de z\u00e8le, les personnes exp\u00e9riment\u00e9es de l&#8217;entreprise nous ram\u00e8nent sur terre.\u00bb L\u2019harmonie semble se propager \u00e0 la client\u00e8le. Lors de la f\u00eate organis\u00e9e \u00e0 l&#8217;occasion du 70<sup>e<\/sup>&nbsp;anniversaire de l&#8217;entreprise, le ton \u00e9tait dans l\u2019ensemble tr\u00e8s positif: \u00abLes gens ont dit que c&#8217;\u00e9tait cool que la p\u00e2tisserie Buchmann reste jeune et moderne\u00bb, r\u00e9sume Isabelle Buchmann.<\/p>\n\n\n\n<figure class=\"wp-block-image size-large is-resized\"><img decoding=\"async\" src=\"https:\/\/swissbaker.ch\/wp-content\/uploads\/2023\/11\/dominique-und-isabelle-683x1024.jpg\" alt=\"Isabelle und Dominique Buchmann \" class=\"wp-image-72030\" style=\"width:460px;height:690px\" width=\"460\" height=\"690\" srcset=\"https:\/\/swissbaker.ch\/wp-content\/uploads\/2023\/11\/dominique-und-isabelle-683x1024.jpg 683w, https:\/\/swissbaker.ch\/wp-content\/uploads\/2023\/11\/dominique-und-isabelle-768x1152.jpg 768w, https:\/\/swissbaker.ch\/wp-content\/uploads\/2023\/11\/dominique-und-isabelle-1024x1536.jpg 1024w, https:\/\/swissbaker.ch\/wp-content\/uploads\/2023\/11\/dominique-und-isabelle-scaled.jpg 1365w\" sizes=\"(max-width: 460px) 100vw, 460px\" \/><figcaption class=\"wp-element-caption\">Isabelle et Dominique Buchmann \u00a9 Marin Rindlisbacher<\/figcaption><\/figure>\n\n\n\n<h2 class=\"wp-block-heading\" id=\"h-l-experience-au-regard-de-la-nouveaute\"><strong>L\u2019exp\u00e9rience au regard de la nouveaut\u00e9<\/strong><\/h2>\n\n\n\n<p>Isabelle Buchmann d\u00e9crit en ces termes le d\u00e9fi qui l&#8217;attend en \u00e9t\u00e9: \u00abQui est responsable de quoi? Il va falloir trouver de nouvelles structures et r\u00e9partir les responsabilit\u00e9s<a>.<\/a>\u00bb Mais la membre de la direction envisage cette t\u00e2che avec s\u00e9r\u00e9nit\u00e9, sachant que les personnes exp\u00e9riment\u00e9es de l&#8217;entreprise ont \u00e9galement d\u00e9j\u00e0 pu apprendre de la nouvelle g\u00e9n\u00e9ration: \u00abGr\u00e2ce \u00e0 nous, elles sont devenues plus ouvertes aux changements.\u00bb Elle est toutefois consciente qu\u2019il a fallu ancrer cette ouverture. Les changements prennent du temps et l&#8217;objectif premier est que l\u2019harmonie perdure entre toutes les parties prenantes.<\/p>\n\n\n\n<h2 class=\"wp-block-heading\" id=\"h-les-collaborateurs-et-collaboratrices-rendent-les-choses-possibles\"><strong>Les collaborateurs et collaboratrices rendent les choses possibles<\/strong><\/h2>\n\n\n\n<p>Pourquoi ces changements et ces nouvelles id\u00e9es? Isabelle Buchmann r\u00e9pond r\u00e9solument: \u00abJ&#8217;ai la responsabilit\u00e9 de vendre des produits sains, s\u00fbrs et pr\u00e9cieux.\u00bb Elle sait qu\u2019elle ne peut le faire sans personnel. \u00abNous ne sommes rien sans les collaborateurs et collaboratrices, nous reprenons une entreprise qui tourne, ce qui ne va pas de soi. Je peux et veux donc \u00eatre derri\u00e8re chaque produit vendu au comptoir.\u00bb<\/p>\n\n\n\n<p class=\"has-text-align-right\">Diego Schwerzmann<\/p>\n","protected":false},"excerpt":{"rendered":"<p>Pour assumer une fonction de direction en tant que jeune personne, il faut notamment la reconnaissance des collaborateurs et collaboratrices, et Isabelle Buchmann a su la gagner. Depuis son enfance, cette cuisini\u00e8re de formation donne des coups de main dans la p\u00e2tisserie Buchmann de M\u00fcnchenstein (BL), qui a pu profiter de son \u00e9nergie et de son enthousiasme sans faille, tant [&hellip;]<\/p>\n","protected":false},"author":4,"featured_media":72984,"comment_status":"closed","ping_status":"closed","sticky":true,"template":"","format":"standard","meta":{"_acf_changed":false,"footnotes":""},"categories":[42],"tags":[],"class_list":["post-72036","post","type-post","status-publish","format-standard","has-post-thumbnail","hentry","category-boulangeries-confiseries"],"acf":[],"yoast_head":"<!-- This site is optimized with the Yoast SEO Premium plugin v26.8 (Yoast SEO v26.8) - https:\/\/yoast.com\/product\/yoast-seo-premium-wordpress\/ -->\n<title>Regardez, c\u2019est la cheffe junior\u00a0 | SBC<\/title>\n<meta name=\"description\" content=\"Pour assumer une fonction de direction en tant que jeune personne, il faut notamment la reconnaissance des collaborateurs.\" \/>\n<meta name=\"robots\" content=\"index, follow, max-snippet:-1, max-image-preview:large, max-video-preview:-1\" \/>\n<link rel=\"canonical\" href=\"https:\/\/swissbaker.ch\/fr\/panissimo-news\/regardez-cest-la-cheffe-junior\/\" \/>\n<meta property=\"og:locale\" content=\"fr_FR\" \/>\n<meta property=\"og:type\" content=\"article\" \/>\n<meta property=\"og:title\" content=\"Regardez, c\u2019est la cheffe junior\u00a0\" \/>\n<meta property=\"og:description\" content=\"Pour assumer une fonction de direction en tant que jeune personne, il faut notamment la reconnaissance des collaborateurs.\" \/>\n<meta property=\"og:url\" content=\"https:\/\/swissbaker.ch\/fr\/panissimo-news\/regardez-cest-la-cheffe-junior\/\" \/>\n<meta property=\"og:site_name\" content=\"SBC\" \/>\n<meta property=\"article:publisher\" content=\"https:\/\/www.facebook.com\/swissbaker.ch\" \/>\n<meta property=\"article:published_time\" content=\"2023-11-24T14:25:41+00:00\" \/>\n<meta property=\"article:modified_time\" content=\"2023-11-30T14:01:44+00:00\" \/>\n<meta property=\"og:image\" content=\"https:\/\/swissbaker.ch\/wp-content\/uploads\/2023\/11\/22_2_isa_buchmann.jpg\" \/>\n\t<meta property=\"og:image:width\" content=\"1200\" \/>\n\t<meta property=\"og:image:height\" content=\"712\" \/>\n\t<meta property=\"og:image:type\" content=\"image\/jpeg\" \/>\n<meta name=\"author\" content=\"Elina Laich\" \/>\n<meta name=\"twitter:card\" content=\"summary_large_image\" \/>\n<meta name=\"twitter:creator\" content=\"@ch_swissbaker\" \/>\n<meta name=\"twitter:site\" content=\"@ch_swissbaker\" \/>\n<meta name=\"twitter:label1\" content=\"Written by\" \/>\n\t<meta name=\"twitter:data1\" content=\"Elina Laich\" \/>\n\t<meta name=\"twitter:label2\" content=\"Est. reading time\" \/>\n\t<meta name=\"twitter:data2\" content=\"5 minutes\" \/>\n<script type=\"application\/ld+json\" class=\"yoast-schema-graph\">{\"@context\":\"https:\/\/schema.org\",\"@graph\":[{\"@type\":\"Article\",\"@id\":\"https:\/\/swissbaker.ch\/fr\/panissimo-news\/regardez-cest-la-cheffe-junior\/#article\",\"isPartOf\":{\"@id\":\"https:\/\/swissbaker.ch\/fr\/panissimo-news\/regardez-cest-la-cheffe-junior\/\"},\"author\":{\"name\":\"Elina Laich\",\"@id\":\"https:\/\/swissbaker.ch\/fr\/#\/schema\/person\/0c7464407782a0917d6e91a74206a176\"},\"headline\":\"Regardez, c\u2019est la cheffe junior\u00a0\",\"datePublished\":\"2023-11-24T14:25:41+00:00\",\"dateModified\":\"2023-11-30T14:01:44+00:00\",\"mainEntityOfPage\":{\"@id\":\"https:\/\/swissbaker.ch\/fr\/panissimo-news\/regardez-cest-la-cheffe-junior\/\"},\"wordCount\":1056,\"publisher\":{\"@id\":\"https:\/\/swissbaker.ch\/fr\/#organization\"},\"image\":{\"@id\":\"https:\/\/swissbaker.ch\/fr\/panissimo-news\/regardez-cest-la-cheffe-junior\/#primaryimage\"},\"thumbnailUrl\":\"https:\/\/swissbaker.ch\/wp-content\/uploads\/2023\/11\/22_2_isa_buchmann.jpg\",\"articleSection\":[\"Boulangeries\/Confiseries\"],\"inLanguage\":\"fr-FR\"},{\"@type\":\"WebPage\",\"@id\":\"https:\/\/swissbaker.ch\/fr\/panissimo-news\/regardez-cest-la-cheffe-junior\/\",\"url\":\"https:\/\/swissbaker.ch\/fr\/panissimo-news\/regardez-cest-la-cheffe-junior\/\",\"name\":\"Regardez, c\u2019est la cheffe junior\u00a0 | SBC\",\"isPartOf\":{\"@id\":\"https:\/\/swissbaker.ch\/fr\/#website\"},\"primaryImageOfPage\":{\"@id\":\"https:\/\/swissbaker.ch\/fr\/panissimo-news\/regardez-cest-la-cheffe-junior\/#primaryimage\"},\"image\":{\"@id\":\"https:\/\/swissbaker.ch\/fr\/panissimo-news\/regardez-cest-la-cheffe-junior\/#primaryimage\"},\"thumbnailUrl\":\"https:\/\/swissbaker.ch\/wp-content\/uploads\/2023\/11\/22_2_isa_buchmann.jpg\",\"datePublished\":\"2023-11-24T14:25:41+00:00\",\"dateModified\":\"2023-11-30T14:01:44+00:00\",\"description\":\"Pour assumer une fonction de direction en tant que jeune personne, il faut notamment la reconnaissance des collaborateurs.\",\"breadcrumb\":{\"@id\":\"https:\/\/swissbaker.ch\/fr\/panissimo-news\/regardez-cest-la-cheffe-junior\/#breadcrumb\"},\"inLanguage\":\"fr-FR\",\"potentialAction\":[{\"@type\":\"ReadAction\",\"target\":[\"https:\/\/swissbaker.ch\/fr\/panissimo-news\/regardez-cest-la-cheffe-junior\/\"]}]},{\"@type\":\"ImageObject\",\"inLanguage\":\"fr-FR\",\"@id\":\"https:\/\/swissbaker.ch\/fr\/panissimo-news\/regardez-cest-la-cheffe-junior\/#primaryimage\",\"url\":\"https:\/\/swissbaker.ch\/wp-content\/uploads\/2023\/11\/22_2_isa_buchmann.jpg\",\"contentUrl\":\"https:\/\/swissbaker.ch\/wp-content\/uploads\/2023\/11\/22_2_isa_buchmann.jpg\",\"width\":1200,\"height\":712},{\"@type\":\"BreadcrumbList\",\"@id\":\"https:\/\/swissbaker.ch\/fr\/panissimo-news\/regardez-cest-la-cheffe-junior\/#breadcrumb\",\"itemListElement\":[{\"@type\":\"ListItem\",\"position\":1,\"name\":\"\",\"item\":\"https:\/\/swissbaker.ch\/fr\/\"},{\"@type\":\"ListItem\",\"position\":2,\"name\":\"Boulangeries\/Confiseries\",\"item\":\"https:\/\/swissbaker.ch\/fr\/panissimo-news\/category\/boulangeries-confiseries\/\"},{\"@type\":\"ListItem\",\"position\":3,\"name\":\"Regardez, c\u2019est la cheffe junior\u00a0\"}]},{\"@type\":\"WebSite\",\"@id\":\"https:\/\/swissbaker.ch\/fr\/#website\",\"url\":\"https:\/\/swissbaker.ch\/fr\/\",\"name\":\"SBC\",\"description\":\"\",\"publisher\":{\"@id\":\"https:\/\/swissbaker.ch\/fr\/#organization\"},\"potentialAction\":[{\"@type\":\"SearchAction\",\"target\":{\"@type\":\"EntryPoint\",\"urlTemplate\":\"https:\/\/swissbaker.ch\/fr\/?s={search_term_string}\"},\"query-input\":{\"@type\":\"PropertyValueSpecification\",\"valueRequired\":true,\"valueName\":\"search_term_string\"}}],\"inLanguage\":\"fr-FR\"},{\"@type\":\"Organization\",\"@id\":\"https:\/\/swissbaker.ch\/fr\/#organization\",\"name\":\"Schweizerischer B\u00e4cker-Confiseurmeister-Verband\",\"url\":\"https:\/\/swissbaker.ch\/fr\/\",\"logo\":{\"@type\":\"ImageObject\",\"inLanguage\":\"fr-FR\",\"@id\":\"https:\/\/swissbaker.ch\/fr\/#\/schema\/logo\/image\/\",\"url\":\"https:\/\/swissbaker.ch\/wp-content\/uploads\/2022\/04\/sbc-logo-yoast.jpg\",\"contentUrl\":\"https:\/\/swissbaker.ch\/wp-content\/uploads\/2022\/04\/sbc-logo-yoast.jpg\",\"width\":512,\"height\":512,\"caption\":\"Schweizerischer B\u00e4cker-Confiseurmeister-Verband\"},\"image\":{\"@id\":\"https:\/\/swissbaker.ch\/fr\/#\/schema\/logo\/image\/\"},\"sameAs\":[\"https:\/\/www.facebook.com\/swissbaker.ch\",\"https:\/\/x.com\/ch_swissbaker\"]},{\"@type\":\"Person\",\"@id\":\"https:\/\/swissbaker.ch\/fr\/#\/schema\/person\/0c7464407782a0917d6e91a74206a176\",\"name\":\"Elina Laich\",\"image\":{\"@type\":\"ImageObject\",\"inLanguage\":\"fr-FR\",\"@id\":\"https:\/\/swissbaker.ch\/fr\/#\/schema\/person\/image\/\",\"url\":\"https:\/\/secure.gravatar.com\/avatar\/f942ca5f8668781d3ded9592a21de46001e053aff264ff1c6deb97b59d3604b2?s=96&d=mm&r=g\",\"contentUrl\":\"https:\/\/secure.gravatar.com\/avatar\/f942ca5f8668781d3ded9592a21de46001e053aff264ff1c6deb97b59d3604b2?s=96&d=mm&r=g\",\"caption\":\"Elina Laich\"},\"url\":\"https:\/\/swissbaker.ch\/fr\/panissimo-news\/author\/elina-laich\/\"}]}<\/script>\n<!-- \/ Yoast SEO Premium plugin. -->","yoast_head_json":{"title":"Regardez, c\u2019est la cheffe junior\u00a0 | SBC","description":"Pour assumer une fonction de direction en tant que jeune personne, il faut notamment la reconnaissance des collaborateurs.","robots":{"index":"index","follow":"follow","max-snippet":"max-snippet:-1","max-image-preview":"max-image-preview:large","max-video-preview":"max-video-preview:-1"},"canonical":"https:\/\/swissbaker.ch\/fr\/panissimo-news\/regardez-cest-la-cheffe-junior\/","og_locale":"fr_FR","og_type":"article","og_title":"Regardez, c\u2019est la cheffe junior\u00a0","og_description":"Pour assumer une fonction de direction en tant que jeune personne, il faut notamment la reconnaissance des collaborateurs.","og_url":"https:\/\/swissbaker.ch\/fr\/panissimo-news\/regardez-cest-la-cheffe-junior\/","og_site_name":"SBC","article_publisher":"https:\/\/www.facebook.com\/swissbaker.ch","article_published_time":"2023-11-24T14:25:41+00:00","article_modified_time":"2023-11-30T14:01:44+00:00","og_image":[{"width":1200,"height":712,"url":"https:\/\/swissbaker.ch\/wp-content\/uploads\/2023\/11\/22_2_isa_buchmann.jpg","type":"image\/jpeg"}],"author":"Elina Laich","twitter_card":"summary_large_image","twitter_creator":"@ch_swissbaker","twitter_site":"@ch_swissbaker","twitter_misc":{"Written by":"Elina Laich","Est. reading time":"5 minutes"},"schema":{"@context":"https:\/\/schema.org","@graph":[{"@type":"Article","@id":"https:\/\/swissbaker.ch\/fr\/panissimo-news\/regardez-cest-la-cheffe-junior\/#article","isPartOf":{"@id":"https:\/\/swissbaker.ch\/fr\/panissimo-news\/regardez-cest-la-cheffe-junior\/"},"author":{"name":"Elina Laich","@id":"https:\/\/swissbaker.ch\/fr\/#\/schema\/person\/0c7464407782a0917d6e91a74206a176"},"headline":"Regardez, c\u2019est la cheffe junior\u00a0","datePublished":"2023-11-24T14:25:41+00:00","dateModified":"2023-11-30T14:01:44+00:00","mainEntityOfPage":{"@id":"https:\/\/swissbaker.ch\/fr\/panissimo-news\/regardez-cest-la-cheffe-junior\/"},"wordCount":1056,"publisher":{"@id":"https:\/\/swissbaker.ch\/fr\/#organization"},"image":{"@id":"https:\/\/swissbaker.ch\/fr\/panissimo-news\/regardez-cest-la-cheffe-junior\/#primaryimage"},"thumbnailUrl":"https:\/\/swissbaker.ch\/wp-content\/uploads\/2023\/11\/22_2_isa_buchmann.jpg","articleSection":["Boulangeries\/Confiseries"],"inLanguage":"fr-FR"},{"@type":"WebPage","@id":"https:\/\/swissbaker.ch\/fr\/panissimo-news\/regardez-cest-la-cheffe-junior\/","url":"https:\/\/swissbaker.ch\/fr\/panissimo-news\/regardez-cest-la-cheffe-junior\/","name":"Regardez, c\u2019est la cheffe junior\u00a0 | SBC","isPartOf":{"@id":"https:\/\/swissbaker.ch\/fr\/#website"},"primaryImageOfPage":{"@id":"https:\/\/swissbaker.ch\/fr\/panissimo-news\/regardez-cest-la-cheffe-junior\/#primaryimage"},"image":{"@id":"https:\/\/swissbaker.ch\/fr\/panissimo-news\/regardez-cest-la-cheffe-junior\/#primaryimage"},"thumbnailUrl":"https:\/\/swissbaker.ch\/wp-content\/uploads\/2023\/11\/22_2_isa_buchmann.jpg","datePublished":"2023-11-24T14:25:41+00:00","dateModified":"2023-11-30T14:01:44+00:00","description":"Pour assumer une fonction de direction en tant que jeune personne, il faut notamment la reconnaissance des collaborateurs.","breadcrumb":{"@id":"https:\/\/swissbaker.ch\/fr\/panissimo-news\/regardez-cest-la-cheffe-junior\/#breadcrumb"},"inLanguage":"fr-FR","potentialAction":[{"@type":"ReadAction","target":["https:\/\/swissbaker.ch\/fr\/panissimo-news\/regardez-cest-la-cheffe-junior\/"]}]},{"@type":"ImageObject","inLanguage":"fr-FR","@id":"https:\/\/swissbaker.ch\/fr\/panissimo-news\/regardez-cest-la-cheffe-junior\/#primaryimage","url":"https:\/\/swissbaker.ch\/wp-content\/uploads\/2023\/11\/22_2_isa_buchmann.jpg","contentUrl":"https:\/\/swissbaker.ch\/wp-content\/uploads\/2023\/11\/22_2_isa_buchmann.jpg","width":1200,"height":712},{"@type":"BreadcrumbList","@id":"https:\/\/swissbaker.ch\/fr\/panissimo-news\/regardez-cest-la-cheffe-junior\/#breadcrumb","itemListElement":[{"@type":"ListItem","position":1,"name":"","item":"https:\/\/swissbaker.ch\/fr\/"},{"@type":"ListItem","position":2,"name":"Boulangeries\/Confiseries","item":"https:\/\/swissbaker.ch\/fr\/panissimo-news\/category\/boulangeries-confiseries\/"},{"@type":"ListItem","position":3,"name":"Regardez, c\u2019est la cheffe junior\u00a0"}]},{"@type":"WebSite","@id":"https:\/\/swissbaker.ch\/fr\/#website","url":"https:\/\/swissbaker.ch\/fr\/","name":"SBC","description":"","publisher":{"@id":"https:\/\/swissbaker.ch\/fr\/#organization"},"potentialAction":[{"@type":"SearchAction","target":{"@type":"EntryPoint","urlTemplate":"https:\/\/swissbaker.ch\/fr\/?s={search_term_string}"},"query-input":{"@type":"PropertyValueSpecification","valueRequired":true,"valueName":"search_term_string"}}],"inLanguage":"fr-FR"},{"@type":"Organization","@id":"https:\/\/swissbaker.ch\/fr\/#organization","name":"Schweizerischer B\u00e4cker-Confiseurmeister-Verband","url":"https:\/\/swissbaker.ch\/fr\/","logo":{"@type":"ImageObject","inLanguage":"fr-FR","@id":"https:\/\/swissbaker.ch\/fr\/#\/schema\/logo\/image\/","url":"https:\/\/swissbaker.ch\/wp-content\/uploads\/2022\/04\/sbc-logo-yoast.jpg","contentUrl":"https:\/\/swissbaker.ch\/wp-content\/uploads\/2022\/04\/sbc-logo-yoast.jpg","width":512,"height":512,"caption":"Schweizerischer B\u00e4cker-Confiseurmeister-Verband"},"image":{"@id":"https:\/\/swissbaker.ch\/fr\/#\/schema\/logo\/image\/"},"sameAs":["https:\/\/www.facebook.com\/swissbaker.ch","https:\/\/x.com\/ch_swissbaker"]},{"@type":"Person","@id":"https:\/\/swissbaker.ch\/fr\/#\/schema\/person\/0c7464407782a0917d6e91a74206a176","name":"Elina Laich","image":{"@type":"ImageObject","inLanguage":"fr-FR","@id":"https:\/\/swissbaker.ch\/fr\/#\/schema\/person\/image\/","url":"https:\/\/secure.gravatar.com\/avatar\/f942ca5f8668781d3ded9592a21de46001e053aff264ff1c6deb97b59d3604b2?s=96&d=mm&r=g","contentUrl":"https:\/\/secure.gravatar.com\/avatar\/f942ca5f8668781d3ded9592a21de46001e053aff264ff1c6deb97b59d3604b2?s=96&d=mm&r=g","caption":"Elina Laich"},"url":"https:\/\/swissbaker.ch\/fr\/panissimo-news\/author\/elina-laich\/"}]}},"_links":{"self":[{"href":"https:\/\/swissbaker.ch\/fr\/wp-json\/wp\/v2\/posts\/72036","targetHints":{"allow":["GET"]}}],"collection":[{"href":"https:\/\/swissbaker.ch\/fr\/wp-json\/wp\/v2\/posts"}],"about":[{"href":"https:\/\/swissbaker.ch\/fr\/wp-json\/wp\/v2\/types\/post"}],"author":[{"embeddable":true,"href":"https:\/\/swissbaker.ch\/fr\/wp-json\/wp\/v2\/users\/4"}],"replies":[{"embeddable":true,"href":"https:\/\/swissbaker.ch\/fr\/wp-json\/wp\/v2\/comments?post=72036"}],"version-history":[{"count":0,"href":"https:\/\/swissbaker.ch\/fr\/wp-json\/wp\/v2\/posts\/72036\/revisions"}],"wp:featuredmedia":[{"embeddable":true,"href":"https:\/\/swissbaker.ch\/fr\/wp-json\/wp\/v2\/media\/72984"}],"wp:attachment":[{"href":"https:\/\/swissbaker.ch\/fr\/wp-json\/wp\/v2\/media?parent=72036"}],"wp:term":[{"taxonomy":"category","embeddable":true,"href":"https:\/\/swissbaker.ch\/fr\/wp-json\/wp\/v2\/categories?post=72036"},{"taxonomy":"post_tag","embeddable":true,"href":"https:\/\/swissbaker.ch\/fr\/wp-json\/wp\/v2\/tags?post=72036"}],"curies":[{"name":"wp","href":"https:\/\/api.w.org\/{rel}","templated":true}]}}