{"id":72015,"date":"2023-11-23T14:47:36","date_gmt":"2023-11-23T13:47:36","guid":{"rendered":"https:\/\/swissbaker.ch\/?p=72015"},"modified":"2023-11-24T14:59:51","modified_gmt":"2023-11-24T13:59:51","slug":"passage-de-temoin-chez-muller-beck","status":"publish","type":"post","link":"https:\/\/swissbaker.ch\/fr\/panissimo-news\/passage-de-temoin-chez-muller-beck\/","title":{"rendered":"Passage de t\u00e9moin chez M\u00fcller Beck"},"content":{"rendered":"\n<p><strong>Le passage de t\u00e9moin a eu lieu \u00e0 la mi-juin chez M\u00fcller Beck \u00e0 Schaffhouse\u2009: Simon M\u00fcller, troisi\u00e8me g\u00e9n\u00e9ration, a repris la direction op\u00e9rationnelle de ses parents. La boulangerie avec caf\u00e9 est bien ancr\u00e9e dans la population. Le jeune entrepreneur est confiant en l\u2019avenir\u2009: \u00ab\u2009Nous avons de bons collaborateurs, une importante client\u00e8le fid\u00e8le, et pouvons rendre beaucoup de gens heureux avec nos produits.\u2009\u00bb<\/strong><\/p>\n\n\n\n<p>Ce succ\u00e8s n\u2019est pas le fruit du hasard. Ses parents, Manuela Roost M\u00fcller et Andr\u00e9 M\u00fcller-Roost, ont cr\u00e9\u00e9 un terrain fertile \u00e0 cet effet en s\u2019engageant intens\u00e9ment pendant 40 ans. \u00ab\u2009Nous avons beaucoup d\u2019habitu\u00e9s. Nous les connaissons tous\u2009\u00bb, soulignent-ils tous trois \u00e0 plusieurs reprises lors de la visite de \u00ab\u2009Panissimo\u2009\u00bb \u00e0 Schaffhouse. On remarque tout de suite que ce ne sont pas des paroles en l\u2019air\u2009: pratiquement tous les clients entrant dans le magasin et le caf\u00e9 sont salu\u00e9s par leur nom, quelques mots \u00e9tant \u00e9chang\u00e9s avec chacun d\u2019entre eux. L\u2019hospitalit\u00e9 est cultiv\u00e9e au quotidien. \u00ab\u2009Nos exigences envers nos produits, notre personnel et nous-m\u00eames sont \u00e9lev\u00e9es\u2009\u00bb, rel\u00e8ve Manuela Roost M\u00fcller. \u00ab\u2009Nous avons bien fait beaucoup de choses \u00e0 Schaffhouse.\u2009\u00bb<\/p>\n\n\n\n<figure class=\"wp-block-image size-large\"><img decoding=\"async\" width=\"1024\" height=\"683\" src=\"https:\/\/swissbaker.ch\/wp-content\/uploads\/2023\/11\/muellerbeck_schaffhausen-4-1024x683.jpg\" alt=\"\" class=\"wp-image-71951\" srcset=\"https:\/\/swissbaker.ch\/wp-content\/uploads\/2023\/11\/muellerbeck_schaffhausen-4-1024x683.jpg 1024w, https:\/\/swissbaker.ch\/wp-content\/uploads\/2023\/11\/muellerbeck_schaffhausen-4-768x512.jpg 768w, https:\/\/swissbaker.ch\/wp-content\/uploads\/2023\/11\/muellerbeck_schaffhausen-4.jpg 1200w\" sizes=\"(max-width: 1024px) 100vw, 1024px\" \/><figcaption class=\"wp-element-caption\"><em>Der neue Gesch\u00e4ftsf\u00fchrer Simon M\u00fcller mit seinen Eltern Manuela Roost M\u00fcller und Andr\u00e9 M\u00fcller-Roost <\/em><\/figcaption><\/figure>\n\n\n\n<h2 class=\"wp-block-heading\" id=\"h-le-succes-ne-va-pas-de-soi\">Le succ\u00e8s ne va pas de soi<\/h2>\n\n\n\n<p>Simon M\u00fcller est conscient que ce succ\u00e8s ne va pas de soi\u2009: \u00ab\u2009La qualit\u00e9 doit \u00eatre au top, tout comme le personnel de vente, car c\u2019est pour cela que les gens viennent chez nous.\u2009\u00bb M\u00fcller Beck est \u00e9galement connu pour sa grande flexibilit\u00e9 et sa grande disponibilit\u00e9 en mati\u00e8re de services. Si par exemple 50\u202fkg de pain viennent \u00e0 manquer lors d\u2019une f\u00eate, il suffit d\u2019un appel \u00e0 M\u00fcller Beck pour que tout soit mis en \u0153uvre pour livrer les produits. \u00ab\u2009Nous sommes \u00e0 la disposition de notre client\u00e8le 24\u202fheures sur 24. C\u2019est ce qui nous distingue de la concurrence\u2009\u00bb, explique Simon M\u00fcller. <\/p>\n\n\n\n<figure class=\"wp-block-pullquote has-text-color\" style=\"color:#cc9933;font-size:24px;font-style:normal;font-weight:700\"><blockquote><p>\u00ab Chez M\u00fcller Beck on trouve aussi des clients venus d\u2019Allemagne, qui aiment venir chez nous pour faire leurs emplettes.\u2009\u00bb<\/p><cite>Manuela Roost M\u00fcller<\/cite><\/blockquote><\/figure>\n\n\n\n<p>On peut d\u2019ailleurs lire sur le site internet de M\u00fcller Beck\u2009: \u00ab\u2009Toujours l\u00e0 pour notre client\u00e8le. Tous les points de vente sont ouverts six, voire sept jours par semaine, une planification flexible du personnel nous permettant d\u2019\u00e9viter les vacances d\u2019entreprise. Nous livrons 365 jours par an.\u2009<\/p>\n\n\n\n<h2 class=\"wp-block-heading\" id=\"h-engagement-en-faveur-des-matieres-premieres-suisses\">Engagement en faveur des mati\u00e8res premi\u00e8res suisses<\/h2>\n\n\n\n<figure class=\"wp-block-image size-large\"><img decoding=\"async\" width=\"1024\" height=\"683\" src=\"https:\/\/swissbaker.ch\/wp-content\/uploads\/2023\/11\/muellerbeck_schaffhausen-2-1024x683.jpg\" alt=\"\" class=\"wp-image-71958\" srcset=\"https:\/\/swissbaker.ch\/wp-content\/uploads\/2023\/11\/muellerbeck_schaffhausen-2-1024x683.jpg 1024w, https:\/\/swissbaker.ch\/wp-content\/uploads\/2023\/11\/muellerbeck_schaffhausen-2-768x512.jpg 768w, https:\/\/swissbaker.ch\/wp-content\/uploads\/2023\/11\/muellerbeck_schaffhausen-2.jpg 1200w\" sizes=\"(max-width: 1024px) 100vw, 1024px\" \/><\/figure>\n\n\n\n<p>Inconsciemment, la client\u00e8le estime que la farine transform\u00e9e est suisse, selon Andr\u00e9 M\u00fcller-Roost. \u00ab\u2009M\u00fcller Beck va m\u00eame au-del\u00e0 de cette exigence gr\u00e2ce \u00e0 des partenariats de longue date dans la r\u00e9gion.\u2009\u00bb Dans l\u2019entreprise, la suissitude ne se limite pas \u00e0 la mati\u00e8re premi\u00e8re qu\u2019est la farine\u2009: la viande provient du boucher local, les \u0153ufs sont pondus par des poules de la r\u00e9gion. \u00ab\u2009Nous avons sciemment toujours voulu conserver les flux de marchandises dans la r\u00e9gion\u2009\u00bb, d\u00e9clare Manuela Roost M\u00fcller, \u00ab\u2009et nous y trouvons notre compte, sans avoir jamais trop d\u00fb marchander avec nos partenaires.\u2009\u00bb <\/p>\n\n\n\n<p>Le miel s\u2019\u00e9tant fait rare \u00e0 Schaffhouse l\u2019ann\u00e9e derni\u00e8re, certains produits ne font actuellement pas partie de l\u2019assortiment. L\u2019utilisation de miel provenant de plus loin ne correspond pas au concept, selon Simon M\u00fcller. Les partenariats cons\u00e9quents avec le commerce local permettent en outre de cr\u00e9er une confiance stable, source de s\u00e9curit\u00e9 pour toutes les parties prenantes. Et il est n\u00e9cessaire de montrer cet engagement \u00e0 la client\u00e8le, par exemple avec le logo Pain suisse.<br>Avec le coronavirus, la guerre en Ukraine et le rench\u00e9rissement actuel, la client\u00e8le a peu \u00e0 peu pris conscience de l\u2019importance des mati\u00e8res<\/p>\n\n\n\n<p><em>&#8230; Lisez l&#8217;article complet dans \u00abPanissimo\u00bb du 24 novembre 2023<\/em><\/p>\n\n\n\n<p><strong><a href=\"https:\/\/swissbaker.ch\/panissimo-news\/fotogalerie\/mueller-beck-schaffhausen\/\">Galerie de photos&#8230;\u00bb<\/a><\/strong><\/p>\n\n\n\n<p><a href=\"https:\/\/muellerbeck.ch\/\" target=\"_blank\" rel=\"noreferrer noopener\"><strong>muellerbeck.ch<\/strong><\/a><\/p>\n\n\n\n<p class=\"has-text-align-right\"><em>Diego Schwerzmann \/ Claudia Vernocchi<\/em><\/p>\n","protected":false},"excerpt":{"rendered":"<p>Le passage de t\u00e9moin a eu lieu \u00e0 la mi-juin chez M\u00fcller Beck \u00e0 Schaffhouse\u2009: Simon M\u00fcller, troisi\u00e8me g\u00e9n\u00e9ration, a repris la direction op\u00e9rationnelle de ses parents. La boulangerie avec caf\u00e9 est bien ancr\u00e9e dans la population. Le jeune entrepreneur est confiant en l\u2019avenir\u2009: \u00ab\u2009Nous avons de bons collaborateurs, une importante client\u00e8le fid\u00e8le, et pouvons rendre beaucoup de gens heureux avec nos produits.\u2009\u00bb<\/p>\n","protected":false},"author":5,"featured_media":71938,"comment_status":"closed","ping_status":"closed","sticky":true,"template":"","format":"standard","meta":{"_acf_changed":false,"footnotes":""},"categories":[42],"tags":[],"class_list":["post-72015","post","type-post","status-publish","format-standard","has-post-thumbnail","hentry","category-boulangeries-confiseries"],"acf":[],"yoast_head":"<!-- This site is optimized with the Yoast SEO Premium plugin v26.8 (Yoast SEO v26.8) - https:\/\/yoast.com\/product\/yoast-seo-premium-wordpress\/ -->\n<title>Passage de t\u00e9moin chez M\u00fcller Beck | SBC<\/title>\n<meta name=\"description\" content=\"Le passage de t\u00e9moin a eu lieu \u00e0 la mi-juin chez M\u00fcller Beck \u00e0 Schaffhouse\u2009: Simon M\u00fcller a repris la direction op\u00e9rationnelle de ses parents.\" \/>\n<meta name=\"robots\" content=\"index, follow, max-snippet:-1, max-image-preview:large, max-video-preview:-1\" \/>\n<link rel=\"canonical\" href=\"https:\/\/swissbaker.ch\/fr\/panissimo-news\/passage-de-temoin-chez-muller-beck\/\" \/>\n<meta property=\"og:locale\" content=\"fr_FR\" \/>\n<meta property=\"og:type\" content=\"article\" \/>\n<meta property=\"og:title\" content=\"Passage de t\u00e9moin chez M\u00fcller Beck\" \/>\n<meta property=\"og:description\" content=\"Le passage de t\u00e9moin a eu lieu \u00e0 la mi-juin chez M\u00fcller Beck \u00e0 Schaffhouse\u2009: Simon M\u00fcller a repris la direction op\u00e9rationnelle de ses parents.\" \/>\n<meta property=\"og:url\" content=\"https:\/\/swissbaker.ch\/fr\/panissimo-news\/passage-de-temoin-chez-muller-beck\/\" \/>\n<meta property=\"og:site_name\" content=\"SBC\" \/>\n<meta property=\"article:publisher\" content=\"https:\/\/www.facebook.com\/swissbaker.ch\" \/>\n<meta property=\"article:published_time\" content=\"2023-11-23T13:47:36+00:00\" \/>\n<meta property=\"article:modified_time\" content=\"2023-11-24T13:59:51+00:00\" \/>\n<meta property=\"og:image\" content=\"https:\/\/swissbaker.ch\/wp-content\/uploads\/2023\/11\/22_1_muellerbeck.jpg\" \/>\n\t<meta property=\"og:image:width\" content=\"1200\" \/>\n\t<meta property=\"og:image:height\" content=\"712\" \/>\n\t<meta property=\"og:image:type\" content=\"image\/jpeg\" \/>\n<meta name=\"author\" content=\"Simon Nussbaum\" \/>\n<meta name=\"twitter:card\" content=\"summary_large_image\" \/>\n<meta name=\"twitter:creator\" content=\"@ch_swissbaker\" \/>\n<meta name=\"twitter:site\" content=\"@ch_swissbaker\" \/>\n<meta name=\"twitter:label1\" content=\"Written by\" \/>\n\t<meta name=\"twitter:data1\" content=\"Simon Nussbaum\" \/>\n\t<meta name=\"twitter:label2\" content=\"Est. reading time\" \/>\n\t<meta name=\"twitter:data2\" content=\"3 minutes\" \/>\n<script type=\"application\/ld+json\" class=\"yoast-schema-graph\">{\"@context\":\"https:\/\/schema.org\",\"@graph\":[{\"@type\":\"Article\",\"@id\":\"https:\/\/swissbaker.ch\/fr\/panissimo-news\/passage-de-temoin-chez-muller-beck\/#article\",\"isPartOf\":{\"@id\":\"https:\/\/swissbaker.ch\/fr\/panissimo-news\/passage-de-temoin-chez-muller-beck\/\"},\"author\":{\"name\":\"Simon Nussbaum\",\"@id\":\"https:\/\/swissbaker.ch\/fr\/#\/schema\/person\/74bd327b08c18ca6042c02ff6f0ed5e2\"},\"headline\":\"Passage de t\u00e9moin chez M\u00fcller Beck\",\"datePublished\":\"2023-11-23T13:47:36+00:00\",\"dateModified\":\"2023-11-24T13:59:51+00:00\",\"mainEntityOfPage\":{\"@id\":\"https:\/\/swissbaker.ch\/fr\/panissimo-news\/passage-de-temoin-chez-muller-beck\/\"},\"wordCount\":668,\"publisher\":{\"@id\":\"https:\/\/swissbaker.ch\/fr\/#organization\"},\"image\":{\"@id\":\"https:\/\/swissbaker.ch\/fr\/panissimo-news\/passage-de-temoin-chez-muller-beck\/#primaryimage\"},\"thumbnailUrl\":\"https:\/\/swissbaker.ch\/wp-content\/uploads\/2023\/11\/22_1_muellerbeck.jpg\",\"articleSection\":[\"Boulangeries\/Confiseries\"],\"inLanguage\":\"fr-FR\"},{\"@type\":\"WebPage\",\"@id\":\"https:\/\/swissbaker.ch\/fr\/panissimo-news\/passage-de-temoin-chez-muller-beck\/\",\"url\":\"https:\/\/swissbaker.ch\/fr\/panissimo-news\/passage-de-temoin-chez-muller-beck\/\",\"name\":\"Passage de t\u00e9moin chez M\u00fcller Beck | SBC\",\"isPartOf\":{\"@id\":\"https:\/\/swissbaker.ch\/fr\/#website\"},\"primaryImageOfPage\":{\"@id\":\"https:\/\/swissbaker.ch\/fr\/panissimo-news\/passage-de-temoin-chez-muller-beck\/#primaryimage\"},\"image\":{\"@id\":\"https:\/\/swissbaker.ch\/fr\/panissimo-news\/passage-de-temoin-chez-muller-beck\/#primaryimage\"},\"thumbnailUrl\":\"https:\/\/swissbaker.ch\/wp-content\/uploads\/2023\/11\/22_1_muellerbeck.jpg\",\"datePublished\":\"2023-11-23T13:47:36+00:00\",\"dateModified\":\"2023-11-24T13:59:51+00:00\",\"description\":\"Le passage de t\u00e9moin a eu lieu \u00e0 la mi-juin chez M\u00fcller Beck \u00e0 Schaffhouse\u2009: Simon M\u00fcller a repris la direction op\u00e9rationnelle de ses parents.\",\"breadcrumb\":{\"@id\":\"https:\/\/swissbaker.ch\/fr\/panissimo-news\/passage-de-temoin-chez-muller-beck\/#breadcrumb\"},\"inLanguage\":\"fr-FR\",\"potentialAction\":[{\"@type\":\"ReadAction\",\"target\":[\"https:\/\/swissbaker.ch\/fr\/panissimo-news\/passage-de-temoin-chez-muller-beck\/\"]}]},{\"@type\":\"ImageObject\",\"inLanguage\":\"fr-FR\",\"@id\":\"https:\/\/swissbaker.ch\/fr\/panissimo-news\/passage-de-temoin-chez-muller-beck\/#primaryimage\",\"url\":\"https:\/\/swissbaker.ch\/wp-content\/uploads\/2023\/11\/22_1_muellerbeck.jpg\",\"contentUrl\":\"https:\/\/swissbaker.ch\/wp-content\/uploads\/2023\/11\/22_1_muellerbeck.jpg\",\"width\":1200,\"height\":712},{\"@type\":\"BreadcrumbList\",\"@id\":\"https:\/\/swissbaker.ch\/fr\/panissimo-news\/passage-de-temoin-chez-muller-beck\/#breadcrumb\",\"itemListElement\":[{\"@type\":\"ListItem\",\"position\":1,\"name\":\"\",\"item\":\"https:\/\/swissbaker.ch\/fr\/\"},{\"@type\":\"ListItem\",\"position\":2,\"name\":\"Boulangeries\/Confiseries\",\"item\":\"https:\/\/swissbaker.ch\/fr\/panissimo-news\/category\/boulangeries-confiseries\/\"},{\"@type\":\"ListItem\",\"position\":3,\"name\":\"Passage de t\u00e9moin chez M\u00fcller Beck\"}]},{\"@type\":\"WebSite\",\"@id\":\"https:\/\/swissbaker.ch\/fr\/#website\",\"url\":\"https:\/\/swissbaker.ch\/fr\/\",\"name\":\"SBC\",\"description\":\"\",\"publisher\":{\"@id\":\"https:\/\/swissbaker.ch\/fr\/#organization\"},\"potentialAction\":[{\"@type\":\"SearchAction\",\"target\":{\"@type\":\"EntryPoint\",\"urlTemplate\":\"https:\/\/swissbaker.ch\/fr\/?s={search_term_string}\"},\"query-input\":{\"@type\":\"PropertyValueSpecification\",\"valueRequired\":true,\"valueName\":\"search_term_string\"}}],\"inLanguage\":\"fr-FR\"},{\"@type\":\"Organization\",\"@id\":\"https:\/\/swissbaker.ch\/fr\/#organization\",\"name\":\"Schweizerischer B\u00e4cker-Confiseurmeister-Verband\",\"url\":\"https:\/\/swissbaker.ch\/fr\/\",\"logo\":{\"@type\":\"ImageObject\",\"inLanguage\":\"fr-FR\",\"@id\":\"https:\/\/swissbaker.ch\/fr\/#\/schema\/logo\/image\/\",\"url\":\"https:\/\/swissbaker.ch\/wp-content\/uploads\/2022\/04\/sbc-logo-yoast.jpg\",\"contentUrl\":\"https:\/\/swissbaker.ch\/wp-content\/uploads\/2022\/04\/sbc-logo-yoast.jpg\",\"width\":512,\"height\":512,\"caption\":\"Schweizerischer B\u00e4cker-Confiseurmeister-Verband\"},\"image\":{\"@id\":\"https:\/\/swissbaker.ch\/fr\/#\/schema\/logo\/image\/\"},\"sameAs\":[\"https:\/\/www.facebook.com\/swissbaker.ch\",\"https:\/\/x.com\/ch_swissbaker\"]},{\"@type\":\"Person\",\"@id\":\"https:\/\/swissbaker.ch\/fr\/#\/schema\/person\/74bd327b08c18ca6042c02ff6f0ed5e2\",\"name\":\"Simon Nussbaum\",\"image\":{\"@type\":\"ImageObject\",\"inLanguage\":\"fr-FR\",\"@id\":\"https:\/\/swissbaker.ch\/fr\/#\/schema\/person\/image\/\",\"url\":\"https:\/\/secure.gravatar.com\/avatar\/df0eced3bb556c806cb760cf503ade1ed1df25b4104d80d6fd28d93a9509aa12?s=96&d=mm&r=g\",\"contentUrl\":\"https:\/\/secure.gravatar.com\/avatar\/df0eced3bb556c806cb760cf503ade1ed1df25b4104d80d6fd28d93a9509aa12?s=96&d=mm&r=g\",\"caption\":\"Simon Nussbaum\"},\"url\":\"https:\/\/swissbaker.ch\/fr\/panissimo-news\/author\/simon-nussbaum\/\"}]}<\/script>\n<!-- \/ Yoast SEO Premium plugin. -->","yoast_head_json":{"title":"Passage de t\u00e9moin chez M\u00fcller Beck | SBC","description":"Le passage de t\u00e9moin a eu lieu \u00e0 la mi-juin chez M\u00fcller Beck \u00e0 Schaffhouse\u2009: Simon M\u00fcller a repris la direction op\u00e9rationnelle de ses parents.","robots":{"index":"index","follow":"follow","max-snippet":"max-snippet:-1","max-image-preview":"max-image-preview:large","max-video-preview":"max-video-preview:-1"},"canonical":"https:\/\/swissbaker.ch\/fr\/panissimo-news\/passage-de-temoin-chez-muller-beck\/","og_locale":"fr_FR","og_type":"article","og_title":"Passage de t\u00e9moin chez M\u00fcller Beck","og_description":"Le passage de t\u00e9moin a eu lieu \u00e0 la mi-juin chez M\u00fcller Beck \u00e0 Schaffhouse\u2009: Simon M\u00fcller a repris la direction op\u00e9rationnelle de ses parents.","og_url":"https:\/\/swissbaker.ch\/fr\/panissimo-news\/passage-de-temoin-chez-muller-beck\/","og_site_name":"SBC","article_publisher":"https:\/\/www.facebook.com\/swissbaker.ch","article_published_time":"2023-11-23T13:47:36+00:00","article_modified_time":"2023-11-24T13:59:51+00:00","og_image":[{"width":1200,"height":712,"url":"https:\/\/swissbaker.ch\/wp-content\/uploads\/2023\/11\/22_1_muellerbeck.jpg","type":"image\/jpeg"}],"author":"Simon Nussbaum","twitter_card":"summary_large_image","twitter_creator":"@ch_swissbaker","twitter_site":"@ch_swissbaker","twitter_misc":{"Written by":"Simon Nussbaum","Est. reading time":"3 minutes"},"schema":{"@context":"https:\/\/schema.org","@graph":[{"@type":"Article","@id":"https:\/\/swissbaker.ch\/fr\/panissimo-news\/passage-de-temoin-chez-muller-beck\/#article","isPartOf":{"@id":"https:\/\/swissbaker.ch\/fr\/panissimo-news\/passage-de-temoin-chez-muller-beck\/"},"author":{"name":"Simon Nussbaum","@id":"https:\/\/swissbaker.ch\/fr\/#\/schema\/person\/74bd327b08c18ca6042c02ff6f0ed5e2"},"headline":"Passage de t\u00e9moin chez M\u00fcller Beck","datePublished":"2023-11-23T13:47:36+00:00","dateModified":"2023-11-24T13:59:51+00:00","mainEntityOfPage":{"@id":"https:\/\/swissbaker.ch\/fr\/panissimo-news\/passage-de-temoin-chez-muller-beck\/"},"wordCount":668,"publisher":{"@id":"https:\/\/swissbaker.ch\/fr\/#organization"},"image":{"@id":"https:\/\/swissbaker.ch\/fr\/panissimo-news\/passage-de-temoin-chez-muller-beck\/#primaryimage"},"thumbnailUrl":"https:\/\/swissbaker.ch\/wp-content\/uploads\/2023\/11\/22_1_muellerbeck.jpg","articleSection":["Boulangeries\/Confiseries"],"inLanguage":"fr-FR"},{"@type":"WebPage","@id":"https:\/\/swissbaker.ch\/fr\/panissimo-news\/passage-de-temoin-chez-muller-beck\/","url":"https:\/\/swissbaker.ch\/fr\/panissimo-news\/passage-de-temoin-chez-muller-beck\/","name":"Passage de t\u00e9moin chez M\u00fcller Beck | SBC","isPartOf":{"@id":"https:\/\/swissbaker.ch\/fr\/#website"},"primaryImageOfPage":{"@id":"https:\/\/swissbaker.ch\/fr\/panissimo-news\/passage-de-temoin-chez-muller-beck\/#primaryimage"},"image":{"@id":"https:\/\/swissbaker.ch\/fr\/panissimo-news\/passage-de-temoin-chez-muller-beck\/#primaryimage"},"thumbnailUrl":"https:\/\/swissbaker.ch\/wp-content\/uploads\/2023\/11\/22_1_muellerbeck.jpg","datePublished":"2023-11-23T13:47:36+00:00","dateModified":"2023-11-24T13:59:51+00:00","description":"Le passage de t\u00e9moin a eu lieu \u00e0 la mi-juin chez M\u00fcller Beck \u00e0 Schaffhouse\u2009: Simon M\u00fcller a repris la direction op\u00e9rationnelle de ses parents.","breadcrumb":{"@id":"https:\/\/swissbaker.ch\/fr\/panissimo-news\/passage-de-temoin-chez-muller-beck\/#breadcrumb"},"inLanguage":"fr-FR","potentialAction":[{"@type":"ReadAction","target":["https:\/\/swissbaker.ch\/fr\/panissimo-news\/passage-de-temoin-chez-muller-beck\/"]}]},{"@type":"ImageObject","inLanguage":"fr-FR","@id":"https:\/\/swissbaker.ch\/fr\/panissimo-news\/passage-de-temoin-chez-muller-beck\/#primaryimage","url":"https:\/\/swissbaker.ch\/wp-content\/uploads\/2023\/11\/22_1_muellerbeck.jpg","contentUrl":"https:\/\/swissbaker.ch\/wp-content\/uploads\/2023\/11\/22_1_muellerbeck.jpg","width":1200,"height":712},{"@type":"BreadcrumbList","@id":"https:\/\/swissbaker.ch\/fr\/panissimo-news\/passage-de-temoin-chez-muller-beck\/#breadcrumb","itemListElement":[{"@type":"ListItem","position":1,"name":"","item":"https:\/\/swissbaker.ch\/fr\/"},{"@type":"ListItem","position":2,"name":"Boulangeries\/Confiseries","item":"https:\/\/swissbaker.ch\/fr\/panissimo-news\/category\/boulangeries-confiseries\/"},{"@type":"ListItem","position":3,"name":"Passage de t\u00e9moin chez M\u00fcller Beck"}]},{"@type":"WebSite","@id":"https:\/\/swissbaker.ch\/fr\/#website","url":"https:\/\/swissbaker.ch\/fr\/","name":"SBC","description":"","publisher":{"@id":"https:\/\/swissbaker.ch\/fr\/#organization"},"potentialAction":[{"@type":"SearchAction","target":{"@type":"EntryPoint","urlTemplate":"https:\/\/swissbaker.ch\/fr\/?s={search_term_string}"},"query-input":{"@type":"PropertyValueSpecification","valueRequired":true,"valueName":"search_term_string"}}],"inLanguage":"fr-FR"},{"@type":"Organization","@id":"https:\/\/swissbaker.ch\/fr\/#organization","name":"Schweizerischer B\u00e4cker-Confiseurmeister-Verband","url":"https:\/\/swissbaker.ch\/fr\/","logo":{"@type":"ImageObject","inLanguage":"fr-FR","@id":"https:\/\/swissbaker.ch\/fr\/#\/schema\/logo\/image\/","url":"https:\/\/swissbaker.ch\/wp-content\/uploads\/2022\/04\/sbc-logo-yoast.jpg","contentUrl":"https:\/\/swissbaker.ch\/wp-content\/uploads\/2022\/04\/sbc-logo-yoast.jpg","width":512,"height":512,"caption":"Schweizerischer B\u00e4cker-Confiseurmeister-Verband"},"image":{"@id":"https:\/\/swissbaker.ch\/fr\/#\/schema\/logo\/image\/"},"sameAs":["https:\/\/www.facebook.com\/swissbaker.ch","https:\/\/x.com\/ch_swissbaker"]},{"@type":"Person","@id":"https:\/\/swissbaker.ch\/fr\/#\/schema\/person\/74bd327b08c18ca6042c02ff6f0ed5e2","name":"Simon Nussbaum","image":{"@type":"ImageObject","inLanguage":"fr-FR","@id":"https:\/\/swissbaker.ch\/fr\/#\/schema\/person\/image\/","url":"https:\/\/secure.gravatar.com\/avatar\/df0eced3bb556c806cb760cf503ade1ed1df25b4104d80d6fd28d93a9509aa12?s=96&d=mm&r=g","contentUrl":"https:\/\/secure.gravatar.com\/avatar\/df0eced3bb556c806cb760cf503ade1ed1df25b4104d80d6fd28d93a9509aa12?s=96&d=mm&r=g","caption":"Simon Nussbaum"},"url":"https:\/\/swissbaker.ch\/fr\/panissimo-news\/author\/simon-nussbaum\/"}]}},"_links":{"self":[{"href":"https:\/\/swissbaker.ch\/fr\/wp-json\/wp\/v2\/posts\/72015","targetHints":{"allow":["GET"]}}],"collection":[{"href":"https:\/\/swissbaker.ch\/fr\/wp-json\/wp\/v2\/posts"}],"about":[{"href":"https:\/\/swissbaker.ch\/fr\/wp-json\/wp\/v2\/types\/post"}],"author":[{"embeddable":true,"href":"https:\/\/swissbaker.ch\/fr\/wp-json\/wp\/v2\/users\/5"}],"replies":[{"embeddable":true,"href":"https:\/\/swissbaker.ch\/fr\/wp-json\/wp\/v2\/comments?post=72015"}],"version-history":[{"count":0,"href":"https:\/\/swissbaker.ch\/fr\/wp-json\/wp\/v2\/posts\/72015\/revisions"}],"wp:featuredmedia":[{"embeddable":true,"href":"https:\/\/swissbaker.ch\/fr\/wp-json\/wp\/v2\/media\/71938"}],"wp:attachment":[{"href":"https:\/\/swissbaker.ch\/fr\/wp-json\/wp\/v2\/media?parent=72015"}],"wp:term":[{"taxonomy":"category","embeddable":true,"href":"https:\/\/swissbaker.ch\/fr\/wp-json\/wp\/v2\/categories?post=72015"},{"taxonomy":"post_tag","embeddable":true,"href":"https:\/\/swissbaker.ch\/fr\/wp-json\/wp\/v2\/tags?post=72015"}],"curies":[{"name":"wp","href":"https:\/\/api.w.org\/{rel}","templated":true}]}}