{"id":70871,"date":"2023-11-09T11:19:00","date_gmt":"2023-11-09T10:19:00","guid":{"rendered":"https:\/\/swissbaker.ch\/?p=70871"},"modified":"2023-11-10T07:34:59","modified_gmt":"2023-11-10T06:34:59","slug":"obligation-de-declaration-et-stockage-obligatoire","status":"publish","type":"post","link":"https:\/\/swissbaker.ch\/fr\/panissimo-news\/obligation-de-declaration-et-stockage-obligatoire\/","title":{"rendered":"Obligation de d\u00e9claration et stockage obligatoire"},"content":{"rendered":"\n<p><strong>Outre la partie statutaire, le stockage obligatoire et la nouvelle obligation de d\u00e9claration pour le pain et les produits de boulangerie ont \u00e9t\u00e9 au centre des d\u00e9bats lors de l&#8217;assembl\u00e9e des d\u00e9l\u00e9gu\u00e9s de la F\u00e9d\u00e9ration des meuniers suisses (FMS) \u00e0 Lucerne. \u00abNous devons revoir le dossier\u00bb, a d\u00e9clar\u00e9 Ines Heer, membre de la direction de l&#8217;Office f\u00e9d\u00e9ral pour l&#8217;approvisionnement \u00e9conomique du pays, lors de son intervention.<\/strong><\/p>\n\n\n\n<p>\u00abLe monde devient fou autour de nous, et nous le ressentons aussi\u00bb, a constat\u00e9 le pr\u00e9sident de la FMS Thomas Helbling dans son discours de bienvenue. Les d\u00e9fis sont multiples pour le secteur. En se r\u00e9f\u00e9rant \u00e0 l&#8217;ann\u00e9e \u00e9coul\u00e9e, il a fait l&#8217;\u00e9loge du travail d&#8217;\u00e9quipe au sein de la cha\u00eene de valorisation des c\u00e9r\u00e9ales, et cit\u00e9 quelques exemples, dont la protection douani\u00e8re et la r\u00e9duction des exc\u00e8s d&#8217;\u00e9l\u00e9ments nutritifs, \u00abqui ont \u00e9t\u00e9 raisonnablement adapt\u00e9es \u2013 un succ\u00e8s partiel\u00bb.<\/p>\n\n\n\n<figure class=\"wp-block-image size-large\"><img decoding=\"async\" width=\"1024\" height=\"804\" src=\"https:\/\/swissbaker.ch\/wp-content\/uploads\/2023\/11\/21_1_muellertagung_2-1024x804.jpg\" alt=\"\" class=\"wp-image-70682\" srcset=\"https:\/\/swissbaker.ch\/wp-content\/uploads\/2023\/11\/21_1_muellertagung_2-1024x804.jpg 1024w, https:\/\/swissbaker.ch\/wp-content\/uploads\/2023\/11\/21_1_muellertagung_2-768x603.jpg 768w, https:\/\/swissbaker.ch\/wp-content\/uploads\/2023\/11\/21_1_muellertagung_2.jpg 1300w\" sizes=\"(max-width: 1024px) 100vw, 1024px\" \/><figcaption class=\"wp-element-caption\"><em>de gauche: Le directeur fra\u00eechement \u00e9lu de l&#8217;Union suisse des arts et m\u00e9tiers, Urs Furrer, le pr\u00e9sident de la FMS Thomas Helbling, Ines Heer, membre de la direction de l&#8217;Office f\u00e9d\u00e9ral pour l&#8217;approvisionnement \u00e9conomique du pays et responsable du secr\u00e9tariat du domaine Alimentation, l&#8217;ancien conseiller aux \u00c9tats Hansj\u00f6rg Knecht, le directeur de la FMS Lorenz Hirt. Foto: cv<\/em><\/figcaption><\/figure>\n\n\n\n<h3 class=\"wp-block-heading\" id=\"h-prix-indicatifs-2023\"><strong>Prix indicatifs 2023<\/strong><\/h3>\n\n\n\n<p>En ce qui concerne les prix indicatifs 2023, la collaboration a port\u00e9 ses fruits pour toutes les parties prenantes. On a tir\u00e9 les le\u00e7ons des turbulences de l&#8217;ann\u00e9e pr\u00e9c\u00e9dente, entam\u00e9 le dialogue suffisamment t\u00f4t et \u00e9valu\u00e9 ensemble les conditions cadres. La d\u00e9cision de confirmer le prix indicatif d&#8217;automne 2022 comme prix indicatif 2023 est un compromis soutenu par tous les acteurs du secteur. \u00abCe qui vaut pour les prix indicatifs vaut \u00e9galement pour le travail d&#8217;\u00e9quipe dans la cha\u00eene de valorisation\u00bb, a expliqu\u00e9 Thomas Helbling. Les relations entre les partenaires sont tr\u00e8s constructives et stables. Il faut s\u2019en servir comme base.<\/p>\n\n\n\n<h3 class=\"wp-block-heading\" id=\"h-la-declaration-ne-doit-pas-devenir-un-tigre-de-papier\"><strong>La d\u00e9claration ne doit pas devenir un tigre de papier<\/strong><\/h3>\n\n\n\n<p>La prochaine opportunit\u00e9 se pr\u00e9sente d\u00e9j\u00e0 en la nouvelle obligation de d\u00e9claration pour le pain et les produits de boulangerie. Cette intervention politique a \u00e9t\u00e9 lanc\u00e9e il y a quatre ans&nbsp;pour s&#8217;opposer aux produits finis import\u00e9s, pratiquement exempts de droits de douane.<\/p>\n\n\n\n<figure class=\"wp-block-pullquote has-text-color\" style=\"color:#cd9a34;font-size:20px;font-style:normal;font-weight:700\"><blockquote><p> \u00abNous devons amener les consommateurs et consommatrices \u00e0 v\u00e9rifier d&#8217;eux-m\u00eames l&#8217;origine du pain dans les magasins ou restaurants. Ce qui est devenu d\u00e9sormais une pratique courante pour la viande doit devenir une habitude pour le pain et les produits de boulangerie.\u00bb<\/p><cite><em>Thomas Helbling<\/em>, <em>pr\u00e9sident de la FMS <\/em><\/cite><\/blockquote><\/figure>\n\n\n\n<p>\u00abMaintenant, la r\u00e9vision de l&#8217;ordonnance avec l&#8217;obligation de d\u00e9claration pour le pain et les produits de boulangerie (Stretto 4) sera effectivement applicable le 1<sup>er<\/sup>&nbsp;f\u00e9vrier 2024\u00bb, a d\u00e9clar\u00e9 Helbling en annon\u00e7ant la nouvelle avant d\u2019ajouter: \u00abC&#8217;est bien, mais cela ne suffit pas!\u00bb Il va d\u00e9sormais falloir faire en sorte que cela ne devienne pas un simple tigre de papier. Il faut faire conna\u00eetre cette obligation de d\u00e9claration dans les points de vente et en informer le grand public. \u00abC&#8217;est \u00e0 nous de jouer, en tant que partenaires de la cha\u00eene de valorisation\u00bb, a rappel\u00e9 Helbling. L&#8217;objectif de la campagne est tr\u00e8s simple: \u00abNous devons amener les consommateurs et consommatrices \u00e0 v\u00e9rifier d&#8217;eux-m\u00eames l&#8217;origine du pain dans les magasins ou restaurants. Ce qui est devenu d\u00e9sormais une pratique courante pour la viande doit devenir une habitude pour le pain et les produits de boulangerie.\u00bb<\/p>\n\n\n\n<h3 class=\"wp-block-heading\" id=\"h-pas-de-scenario-catastrophe\"><strong>Pas de sc\u00e9nario catastrophe<\/strong><\/h3>\n\n\n\n<p>Le pr\u00e9sident de la FMS a \u00e9galement \u00e9voqu\u00e9 le stockage obligatoire dans son expos\u00e9 d&#8217;entr\u00e9e en mati\u00e8re. \u00abNous demandons que le projet de r\u00e9vision de l&#8217;ordonnance ait \u00e9galement du sens du point de vue du propri\u00e9taire.\u00bb Selon lui, il serait peu judicieux de se baser sur un sc\u00e9nario catastrophe. La FMS exige par ailleurs une flexibilisation de la quantit\u00e9 de r\u00e9serves obligatoires. <\/p>\n\n\n\n<figure class=\"wp-block-pullquote has-text-color\" style=\"color:#cc9933;font-size:20px;font-style:normal;font-weight:700\"><blockquote><p>\u00abNous autres meuniers ne nous opposons pas \u00e0 un nouveau r\u00e9gime de stockage obligatoire. Mais ce dernier doit \u00eatre \u00e9conomiquement et financi\u00e8rement supportable pour les moulins. Sinon, nous pr\u00e9f\u00e9rons renoncer.\u00bb<\/p><cite>Thomas Helbling, pr\u00e9sident de la FMS<\/cite><\/blockquote><\/figure>\n\n\n\n<p>Selon Helbling, il est absurde, tant sur le plan \u00e9conomique que sur celui de l&#8217;approvisionnement, de stocker la totalit\u00e9 des r\u00e9serves obligatoires en p\u00e9riode de r\u00e9colte, sachant que les r\u00e9serves libres sont \u00e9galement remplies \u00e0 ce moment-l\u00e0. De plus, la FMS s&#8217;oppose au remplacement de toutes les c\u00e9r\u00e9ales fourrag\u00e8res par des c\u00e9r\u00e9ales duales, les boulangeries ne pouvant notamment pas faire de pain avec du bl\u00e9 dual seul. \u00abNous autres meuniers ne nous opposons pas \u00e0 un nouveau r\u00e9gime de stockage obligatoire. Mais ce dernier doit \u00eatre \u00e9conomiquement et financi\u00e8rement supportable pour les moulins. Sinon, nous pr\u00e9f\u00e9rons renoncer\u00bb, a soulign\u00e9 Thomas Helbling.<\/p>\n\n\n\n<h3 class=\"wp-block-heading\" id=\"h-qualite-du-pain\"><strong>Qualit\u00e9 du pain<\/strong><\/h3>\n\n\n\n<p>La qualit\u00e9 des c\u00e9r\u00e9ales panifiables est un autre sujet qui pr\u00e9occupe beaucoup les meuniers et meuni\u00e8res: selon lui, l&#8217;aspect de la qualit\u00e9 va encore gagner en importance du fait de la complexification et de l\u2019extensification de la politique agricole sous la pression des milieux \u00e9cologiques. La question de la qualit\u00e9 est un d\u00e9fi pour toutes et tous, obligeant \u00e0 tout repenser, mais c&#8217;est aussi une chance pour le secteur.<\/p>\n\n\n\n<h3 class=\"wp-block-heading\" id=\"h-bonne-situation-en-matiere-d-approvisionnement\"><strong>Bonne situation en mati\u00e8re d&#8217;approvisionnement<\/strong><\/h3>\n\n\n\n<p>\u00abLa situation en mati\u00e8re d&#8217;approvisionnement est bonne cette ann\u00e9e\u00bb, telle a \u00e9t\u00e9 la nouvelle r\u00e9jouissante annonc\u00e9e par Lorenz Hirt, directeur de la FMS, lors de l&#8217;AD. Cette ann\u00e9e encore, les quantit\u00e9s stock\u00e9es ont \u00e9t\u00e9 relev\u00e9es par swiss granum, elles s&#8217;\u00e9l\u00e8vent \u00e0 103&#8217;000&nbsp;tonnes.<\/p>\n\n\n\n<h3 class=\"wp-block-heading\" id=\"h-recul-de-la-mouture\"><strong>Recul de la mouture<\/strong><\/h3>\n\n\n\n<p>La FMS enregistre un recul estim\u00e9 \u00e0 20&#8217;000&nbsp;tonnes par rapport \u00e0 l&#8217;ann\u00e9e pr\u00e9c\u00e9dente pour la mouture. Selon les estimations des meuniers, un pour cent de ce recul est d\u00fb \u00e0 l&#8217;augmentation du rendement. Mais il reste un recul d&#8217;environ 4&nbsp;%, a relev\u00e9 Hirt. Selon lui, l&#8217;avenir n&#8217;est pas rose. Evoquant un recul notamment imputable \u00e0 la d\u00e9localisation de la production \u00e0 l&#8217;\u00e9tranger, Lorenz Hirt a plaid\u00e9 pour le maintien de la mouture en Suisse, et mis en garde contre les cons\u00e9quences n\u00e9gatives telles que les hausses de prix. &nbsp;<\/p>\n\n\n\n<h3 class=\"wp-block-heading\" id=\"h-reserves-obligatoires\"><strong>R\u00e9serves obligatoires<\/strong><\/h3>\n\n\n\n<p>L&#8217;augmentation des r\u00e9serves obligatoires est \u00e0 l&#8217;ordre du jour au niveau f\u00e9d\u00e9ral depuis 2016. Apr\u00e8s une consultation, la pand\u00e9mie de coronavirus et la guerre en Ukraine, on sait aujourd&#8217;hui qu&#8217;il faut revoir le dossier et tirer les le\u00e7ons de ces crises, telle a \u00e9t\u00e9 la conclusion d\u2019Ines Heer, membre de la direction de l&#8217;Office f\u00e9d\u00e9ral pour l&#8217;approvisionnement \u00e9conomique du pays et responsable du secr\u00e9tariat du domaine Alimentation, lors de l\u2019AD des meuniers. Pour elle, il est clair que \u00abnous devons proc\u00e9der \u00e0 des adaptations concernant les r\u00e9serves obligatoires.\u00bb Il va falloir faire des compromis et prendre en compte les exp\u00e9riences des ann\u00e9es pass\u00e9es. L\u2019\u00e9valuation sera ensuite transmise au Conseil f\u00e9d\u00e9ral. \u00abLes signes du temps sont reconnus. Le train va dans la bonne direction\u00bb, a constat\u00e9 Thomas Helbling avec satisfaction. La deuxi\u00e8me consultation aura lieu.<\/p>\n\n\n\n<h3 class=\"wp-block-heading\" id=\"h-hansjurg-knecht-honore\"><strong>Hansj\u00fcrg Knecht honor\u00e9<\/strong><\/h3>\n\n\n\n<p>Le conseiller aux Etats argovien et meunier d\u00e9missionnaire Hans-J\u00fcrg Knecht a \u00e9t\u00e9 honor\u00e9 pour sa longue activit\u00e9 politique lors de l&#8217;assembl\u00e9e des d\u00e9l\u00e9gu\u00e9s. Il incarne les valeurs des paysans et des artisans, a soulign\u00e9 Thomas Helbing. Il a selon lui toujours agi sous l\u2019angle des PME et accompli un excellent un travail en tant que politicien. <\/p>\n\n\n\n<p class=\"has-text-align-right\"><em>Claudia Vernocchi<\/em><\/p>\n","protected":false},"excerpt":{"rendered":"<p>Outre la partie statutaire, le stockage obligatoire et la nouvelle obligation de d\u00e9claration pour le pain et les produits de boulangerie ont \u00e9t\u00e9 au centre des d\u00e9bats lors de l&#8217;assembl\u00e9e des d\u00e9l\u00e9gu\u00e9s de la F\u00e9d\u00e9ration des meuniers suisses (FMS) \u00e0 Lucerne. \u00abNous devons revoir le dossier\u00bb, a d\u00e9clar\u00e9 Ines Heer, membre de la direction de l&#8217;Office f\u00e9d\u00e9ral pour l&#8217;approvisionnement \u00e9conomique du pays, lors de son intervention.<\/p>\n","protected":false},"author":5,"featured_media":70680,"comment_status":"closed","ping_status":"closed","sticky":true,"template":"","format":"standard","meta":{"_acf_changed":false,"footnotes":""},"categories":[39,45],"tags":[],"class_list":["post-70871","post","type-post","status-publish","format-standard","has-post-thumbnail","hentry","category-de-la-branche","category-environnement-professionnel"],"acf":[],"yoast_head":"<!-- This site is optimized with the Yoast SEO Premium plugin v26.8 (Yoast SEO v26.8) - https:\/\/yoast.com\/product\/yoast-seo-premium-wordpress\/ -->\n<title>Obligation de d\u00e9claration et stockage obligatoire | SBC<\/title>\n<meta name=\"robots\" content=\"index, follow, max-snippet:-1, max-image-preview:large, max-video-preview:-1\" \/>\n<link rel=\"canonical\" href=\"https:\/\/swissbaker.ch\/fr\/panissimo-news\/obligation-de-declaration-et-stockage-obligatoire\/\" \/>\n<meta property=\"og:locale\" content=\"fr_FR\" \/>\n<meta property=\"og:type\" content=\"article\" \/>\n<meta property=\"og:title\" content=\"Obligation de d\u00e9claration et stockage obligatoire\" \/>\n<meta property=\"og:description\" content=\"Outre la partie statutaire, le stockage obligatoire et la nouvelle obligation de d\u00e9claration pour le pain et les produits de boulangerie ont \u00e9t\u00e9 au centre des d\u00e9bats lors de l&#039;assembl\u00e9e des d\u00e9l\u00e9gu\u00e9s de la F\u00e9d\u00e9ration des meuniers suisses (FMS) \u00e0 Lucerne. \u00abNous devons revoir le dossier\u00bb, a d\u00e9clar\u00e9 Ines Heer, membre de la direction de l&#039;Office f\u00e9d\u00e9ral pour l&#039;approvisionnement \u00e9conomique du pays, lors de son intervention.\" \/>\n<meta property=\"og:url\" content=\"https:\/\/swissbaker.ch\/fr\/panissimo-news\/obligation-de-declaration-et-stockage-obligatoire\/\" \/>\n<meta property=\"og:site_name\" content=\"SBC\" \/>\n<meta property=\"article:publisher\" content=\"https:\/\/www.facebook.com\/swissbaker.ch\" \/>\n<meta property=\"article:published_time\" content=\"2023-11-09T10:19:00+00:00\" \/>\n<meta property=\"article:modified_time\" content=\"2023-11-10T06:34:59+00:00\" \/>\n<meta property=\"og:image\" content=\"https:\/\/swissbaker.ch\/wp-content\/uploads\/2023\/11\/21_1_muellertagung.jpg\" \/>\n\t<meta property=\"og:image:width\" content=\"1200\" \/>\n\t<meta property=\"og:image:height\" content=\"712\" \/>\n\t<meta property=\"og:image:type\" content=\"image\/jpeg\" \/>\n<meta name=\"author\" content=\"Simon Nussbaum\" \/>\n<meta name=\"twitter:card\" content=\"summary_large_image\" \/>\n<meta name=\"twitter:creator\" content=\"@ch_swissbaker\" \/>\n<meta name=\"twitter:site\" content=\"@ch_swissbaker\" \/>\n<meta name=\"twitter:label1\" content=\"Written by\" \/>\n\t<meta name=\"twitter:data1\" content=\"Simon Nussbaum\" \/>\n\t<meta name=\"twitter:label2\" content=\"Est. reading time\" \/>\n\t<meta name=\"twitter:data2\" content=\"6 minutes\" \/>\n<script type=\"application\/ld+json\" class=\"yoast-schema-graph\">{\"@context\":\"https:\/\/schema.org\",\"@graph\":[{\"@type\":\"Article\",\"@id\":\"https:\/\/swissbaker.ch\/fr\/panissimo-news\/obligation-de-declaration-et-stockage-obligatoire\/#article\",\"isPartOf\":{\"@id\":\"https:\/\/swissbaker.ch\/fr\/panissimo-news\/obligation-de-declaration-et-stockage-obligatoire\/\"},\"author\":{\"name\":\"Simon Nussbaum\",\"@id\":\"https:\/\/swissbaker.ch\/fr\/#\/schema\/person\/74bd327b08c18ca6042c02ff6f0ed5e2\"},\"headline\":\"Obligation de d\u00e9claration et stockage obligatoire\",\"datePublished\":\"2023-11-09T10:19:00+00:00\",\"dateModified\":\"2023-11-10T06:34:59+00:00\",\"mainEntityOfPage\":{\"@id\":\"https:\/\/swissbaker.ch\/fr\/panissimo-news\/obligation-de-declaration-et-stockage-obligatoire\/\"},\"wordCount\":1338,\"publisher\":{\"@id\":\"https:\/\/swissbaker.ch\/fr\/#organization\"},\"image\":{\"@id\":\"https:\/\/swissbaker.ch\/fr\/panissimo-news\/obligation-de-declaration-et-stockage-obligatoire\/#primaryimage\"},\"thumbnailUrl\":\"https:\/\/swissbaker.ch\/wp-content\/uploads\/2023\/11\/21_1_muellertagung.jpg\",\"articleSection\":[\"De la branche\",\"Environnement professionnel\"],\"inLanguage\":\"fr-FR\"},{\"@type\":\"WebPage\",\"@id\":\"https:\/\/swissbaker.ch\/fr\/panissimo-news\/obligation-de-declaration-et-stockage-obligatoire\/\",\"url\":\"https:\/\/swissbaker.ch\/fr\/panissimo-news\/obligation-de-declaration-et-stockage-obligatoire\/\",\"name\":\"Obligation de d\u00e9claration et stockage obligatoire | SBC\",\"isPartOf\":{\"@id\":\"https:\/\/swissbaker.ch\/fr\/#website\"},\"primaryImageOfPage\":{\"@id\":\"https:\/\/swissbaker.ch\/fr\/panissimo-news\/obligation-de-declaration-et-stockage-obligatoire\/#primaryimage\"},\"image\":{\"@id\":\"https:\/\/swissbaker.ch\/fr\/panissimo-news\/obligation-de-declaration-et-stockage-obligatoire\/#primaryimage\"},\"thumbnailUrl\":\"https:\/\/swissbaker.ch\/wp-content\/uploads\/2023\/11\/21_1_muellertagung.jpg\",\"datePublished\":\"2023-11-09T10:19:00+00:00\",\"dateModified\":\"2023-11-10T06:34:59+00:00\",\"breadcrumb\":{\"@id\":\"https:\/\/swissbaker.ch\/fr\/panissimo-news\/obligation-de-declaration-et-stockage-obligatoire\/#breadcrumb\"},\"inLanguage\":\"fr-FR\",\"potentialAction\":[{\"@type\":\"ReadAction\",\"target\":[\"https:\/\/swissbaker.ch\/fr\/panissimo-news\/obligation-de-declaration-et-stockage-obligatoire\/\"]}]},{\"@type\":\"ImageObject\",\"inLanguage\":\"fr-FR\",\"@id\":\"https:\/\/swissbaker.ch\/fr\/panissimo-news\/obligation-de-declaration-et-stockage-obligatoire\/#primaryimage\",\"url\":\"https:\/\/swissbaker.ch\/wp-content\/uploads\/2023\/11\/21_1_muellertagung.jpg\",\"contentUrl\":\"https:\/\/swissbaker.ch\/wp-content\/uploads\/2023\/11\/21_1_muellertagung.jpg\",\"width\":1200,\"height\":712},{\"@type\":\"BreadcrumbList\",\"@id\":\"https:\/\/swissbaker.ch\/fr\/panissimo-news\/obligation-de-declaration-et-stockage-obligatoire\/#breadcrumb\",\"itemListElement\":[{\"@type\":\"ListItem\",\"position\":1,\"name\":\"\",\"item\":\"https:\/\/swissbaker.ch\/fr\/\"},{\"@type\":\"ListItem\",\"position\":2,\"name\":\"Environnement professionnel\",\"item\":\"https:\/\/swissbaker.ch\/fr\/panissimo-news\/category\/environnement-professionnel\/\"},{\"@type\":\"ListItem\",\"position\":3,\"name\":\"Obligation de d\u00e9claration et stockage obligatoire\"}]},{\"@type\":\"WebSite\",\"@id\":\"https:\/\/swissbaker.ch\/fr\/#website\",\"url\":\"https:\/\/swissbaker.ch\/fr\/\",\"name\":\"SBC\",\"description\":\"\",\"publisher\":{\"@id\":\"https:\/\/swissbaker.ch\/fr\/#organization\"},\"potentialAction\":[{\"@type\":\"SearchAction\",\"target\":{\"@type\":\"EntryPoint\",\"urlTemplate\":\"https:\/\/swissbaker.ch\/fr\/?s={search_term_string}\"},\"query-input\":{\"@type\":\"PropertyValueSpecification\",\"valueRequired\":true,\"valueName\":\"search_term_string\"}}],\"inLanguage\":\"fr-FR\"},{\"@type\":\"Organization\",\"@id\":\"https:\/\/swissbaker.ch\/fr\/#organization\",\"name\":\"Schweizerischer B\u00e4cker-Confiseurmeister-Verband\",\"url\":\"https:\/\/swissbaker.ch\/fr\/\",\"logo\":{\"@type\":\"ImageObject\",\"inLanguage\":\"fr-FR\",\"@id\":\"https:\/\/swissbaker.ch\/fr\/#\/schema\/logo\/image\/\",\"url\":\"https:\/\/swissbaker.ch\/wp-content\/uploads\/2022\/04\/sbc-logo-yoast.jpg\",\"contentUrl\":\"https:\/\/swissbaker.ch\/wp-content\/uploads\/2022\/04\/sbc-logo-yoast.jpg\",\"width\":512,\"height\":512,\"caption\":\"Schweizerischer B\u00e4cker-Confiseurmeister-Verband\"},\"image\":{\"@id\":\"https:\/\/swissbaker.ch\/fr\/#\/schema\/logo\/image\/\"},\"sameAs\":[\"https:\/\/www.facebook.com\/swissbaker.ch\",\"https:\/\/x.com\/ch_swissbaker\"]},{\"@type\":\"Person\",\"@id\":\"https:\/\/swissbaker.ch\/fr\/#\/schema\/person\/74bd327b08c18ca6042c02ff6f0ed5e2\",\"name\":\"Simon Nussbaum\",\"image\":{\"@type\":\"ImageObject\",\"inLanguage\":\"fr-FR\",\"@id\":\"https:\/\/swissbaker.ch\/fr\/#\/schema\/person\/image\/\",\"url\":\"https:\/\/secure.gravatar.com\/avatar\/df0eced3bb556c806cb760cf503ade1ed1df25b4104d80d6fd28d93a9509aa12?s=96&d=mm&r=g\",\"contentUrl\":\"https:\/\/secure.gravatar.com\/avatar\/df0eced3bb556c806cb760cf503ade1ed1df25b4104d80d6fd28d93a9509aa12?s=96&d=mm&r=g\",\"caption\":\"Simon Nussbaum\"},\"url\":\"https:\/\/swissbaker.ch\/fr\/panissimo-news\/author\/simon-nussbaum\/\"}]}<\/script>\n<!-- \/ Yoast SEO Premium plugin. -->","yoast_head_json":{"title":"Obligation de d\u00e9claration et stockage obligatoire | SBC","robots":{"index":"index","follow":"follow","max-snippet":"max-snippet:-1","max-image-preview":"max-image-preview:large","max-video-preview":"max-video-preview:-1"},"canonical":"https:\/\/swissbaker.ch\/fr\/panissimo-news\/obligation-de-declaration-et-stockage-obligatoire\/","og_locale":"fr_FR","og_type":"article","og_title":"Obligation de d\u00e9claration et stockage obligatoire","og_description":"Outre la partie statutaire, le stockage obligatoire et la nouvelle obligation de d\u00e9claration pour le pain et les produits de boulangerie ont \u00e9t\u00e9 au centre des d\u00e9bats lors de l'assembl\u00e9e des d\u00e9l\u00e9gu\u00e9s de la F\u00e9d\u00e9ration des meuniers suisses (FMS) \u00e0 Lucerne. \u00abNous devons revoir le dossier\u00bb, a d\u00e9clar\u00e9 Ines Heer, membre de la direction de l'Office f\u00e9d\u00e9ral pour l'approvisionnement \u00e9conomique du pays, lors de son intervention.","og_url":"https:\/\/swissbaker.ch\/fr\/panissimo-news\/obligation-de-declaration-et-stockage-obligatoire\/","og_site_name":"SBC","article_publisher":"https:\/\/www.facebook.com\/swissbaker.ch","article_published_time":"2023-11-09T10:19:00+00:00","article_modified_time":"2023-11-10T06:34:59+00:00","og_image":[{"width":1200,"height":712,"url":"https:\/\/swissbaker.ch\/wp-content\/uploads\/2023\/11\/21_1_muellertagung.jpg","type":"image\/jpeg"}],"author":"Simon Nussbaum","twitter_card":"summary_large_image","twitter_creator":"@ch_swissbaker","twitter_site":"@ch_swissbaker","twitter_misc":{"Written by":"Simon Nussbaum","Est. reading time":"6 minutes"},"schema":{"@context":"https:\/\/schema.org","@graph":[{"@type":"Article","@id":"https:\/\/swissbaker.ch\/fr\/panissimo-news\/obligation-de-declaration-et-stockage-obligatoire\/#article","isPartOf":{"@id":"https:\/\/swissbaker.ch\/fr\/panissimo-news\/obligation-de-declaration-et-stockage-obligatoire\/"},"author":{"name":"Simon Nussbaum","@id":"https:\/\/swissbaker.ch\/fr\/#\/schema\/person\/74bd327b08c18ca6042c02ff6f0ed5e2"},"headline":"Obligation de d\u00e9claration et stockage obligatoire","datePublished":"2023-11-09T10:19:00+00:00","dateModified":"2023-11-10T06:34:59+00:00","mainEntityOfPage":{"@id":"https:\/\/swissbaker.ch\/fr\/panissimo-news\/obligation-de-declaration-et-stockage-obligatoire\/"},"wordCount":1338,"publisher":{"@id":"https:\/\/swissbaker.ch\/fr\/#organization"},"image":{"@id":"https:\/\/swissbaker.ch\/fr\/panissimo-news\/obligation-de-declaration-et-stockage-obligatoire\/#primaryimage"},"thumbnailUrl":"https:\/\/swissbaker.ch\/wp-content\/uploads\/2023\/11\/21_1_muellertagung.jpg","articleSection":["De la branche","Environnement professionnel"],"inLanguage":"fr-FR"},{"@type":"WebPage","@id":"https:\/\/swissbaker.ch\/fr\/panissimo-news\/obligation-de-declaration-et-stockage-obligatoire\/","url":"https:\/\/swissbaker.ch\/fr\/panissimo-news\/obligation-de-declaration-et-stockage-obligatoire\/","name":"Obligation de d\u00e9claration et stockage obligatoire | SBC","isPartOf":{"@id":"https:\/\/swissbaker.ch\/fr\/#website"},"primaryImageOfPage":{"@id":"https:\/\/swissbaker.ch\/fr\/panissimo-news\/obligation-de-declaration-et-stockage-obligatoire\/#primaryimage"},"image":{"@id":"https:\/\/swissbaker.ch\/fr\/panissimo-news\/obligation-de-declaration-et-stockage-obligatoire\/#primaryimage"},"thumbnailUrl":"https:\/\/swissbaker.ch\/wp-content\/uploads\/2023\/11\/21_1_muellertagung.jpg","datePublished":"2023-11-09T10:19:00+00:00","dateModified":"2023-11-10T06:34:59+00:00","breadcrumb":{"@id":"https:\/\/swissbaker.ch\/fr\/panissimo-news\/obligation-de-declaration-et-stockage-obligatoire\/#breadcrumb"},"inLanguage":"fr-FR","potentialAction":[{"@type":"ReadAction","target":["https:\/\/swissbaker.ch\/fr\/panissimo-news\/obligation-de-declaration-et-stockage-obligatoire\/"]}]},{"@type":"ImageObject","inLanguage":"fr-FR","@id":"https:\/\/swissbaker.ch\/fr\/panissimo-news\/obligation-de-declaration-et-stockage-obligatoire\/#primaryimage","url":"https:\/\/swissbaker.ch\/wp-content\/uploads\/2023\/11\/21_1_muellertagung.jpg","contentUrl":"https:\/\/swissbaker.ch\/wp-content\/uploads\/2023\/11\/21_1_muellertagung.jpg","width":1200,"height":712},{"@type":"BreadcrumbList","@id":"https:\/\/swissbaker.ch\/fr\/panissimo-news\/obligation-de-declaration-et-stockage-obligatoire\/#breadcrumb","itemListElement":[{"@type":"ListItem","position":1,"name":"","item":"https:\/\/swissbaker.ch\/fr\/"},{"@type":"ListItem","position":2,"name":"Environnement professionnel","item":"https:\/\/swissbaker.ch\/fr\/panissimo-news\/category\/environnement-professionnel\/"},{"@type":"ListItem","position":3,"name":"Obligation de d\u00e9claration et stockage obligatoire"}]},{"@type":"WebSite","@id":"https:\/\/swissbaker.ch\/fr\/#website","url":"https:\/\/swissbaker.ch\/fr\/","name":"SBC","description":"","publisher":{"@id":"https:\/\/swissbaker.ch\/fr\/#organization"},"potentialAction":[{"@type":"SearchAction","target":{"@type":"EntryPoint","urlTemplate":"https:\/\/swissbaker.ch\/fr\/?s={search_term_string}"},"query-input":{"@type":"PropertyValueSpecification","valueRequired":true,"valueName":"search_term_string"}}],"inLanguage":"fr-FR"},{"@type":"Organization","@id":"https:\/\/swissbaker.ch\/fr\/#organization","name":"Schweizerischer B\u00e4cker-Confiseurmeister-Verband","url":"https:\/\/swissbaker.ch\/fr\/","logo":{"@type":"ImageObject","inLanguage":"fr-FR","@id":"https:\/\/swissbaker.ch\/fr\/#\/schema\/logo\/image\/","url":"https:\/\/swissbaker.ch\/wp-content\/uploads\/2022\/04\/sbc-logo-yoast.jpg","contentUrl":"https:\/\/swissbaker.ch\/wp-content\/uploads\/2022\/04\/sbc-logo-yoast.jpg","width":512,"height":512,"caption":"Schweizerischer B\u00e4cker-Confiseurmeister-Verband"},"image":{"@id":"https:\/\/swissbaker.ch\/fr\/#\/schema\/logo\/image\/"},"sameAs":["https:\/\/www.facebook.com\/swissbaker.ch","https:\/\/x.com\/ch_swissbaker"]},{"@type":"Person","@id":"https:\/\/swissbaker.ch\/fr\/#\/schema\/person\/74bd327b08c18ca6042c02ff6f0ed5e2","name":"Simon Nussbaum","image":{"@type":"ImageObject","inLanguage":"fr-FR","@id":"https:\/\/swissbaker.ch\/fr\/#\/schema\/person\/image\/","url":"https:\/\/secure.gravatar.com\/avatar\/df0eced3bb556c806cb760cf503ade1ed1df25b4104d80d6fd28d93a9509aa12?s=96&d=mm&r=g","contentUrl":"https:\/\/secure.gravatar.com\/avatar\/df0eced3bb556c806cb760cf503ade1ed1df25b4104d80d6fd28d93a9509aa12?s=96&d=mm&r=g","caption":"Simon Nussbaum"},"url":"https:\/\/swissbaker.ch\/fr\/panissimo-news\/author\/simon-nussbaum\/"}]}},"_links":{"self":[{"href":"https:\/\/swissbaker.ch\/fr\/wp-json\/wp\/v2\/posts\/70871","targetHints":{"allow":["GET"]}}],"collection":[{"href":"https:\/\/swissbaker.ch\/fr\/wp-json\/wp\/v2\/posts"}],"about":[{"href":"https:\/\/swissbaker.ch\/fr\/wp-json\/wp\/v2\/types\/post"}],"author":[{"embeddable":true,"href":"https:\/\/swissbaker.ch\/fr\/wp-json\/wp\/v2\/users\/5"}],"replies":[{"embeddable":true,"href":"https:\/\/swissbaker.ch\/fr\/wp-json\/wp\/v2\/comments?post=70871"}],"version-history":[{"count":0,"href":"https:\/\/swissbaker.ch\/fr\/wp-json\/wp\/v2\/posts\/70871\/revisions"}],"wp:featuredmedia":[{"embeddable":true,"href":"https:\/\/swissbaker.ch\/fr\/wp-json\/wp\/v2\/media\/70680"}],"wp:attachment":[{"href":"https:\/\/swissbaker.ch\/fr\/wp-json\/wp\/v2\/media?parent=70871"}],"wp:term":[{"taxonomy":"category","embeddable":true,"href":"https:\/\/swissbaker.ch\/fr\/wp-json\/wp\/v2\/categories?post=70871"},{"taxonomy":"post_tag","embeddable":true,"href":"https:\/\/swissbaker.ch\/fr\/wp-json\/wp\/v2\/tags?post=70871"}],"curies":[{"name":"wp","href":"https:\/\/api.w.org\/{rel}","templated":true}]}}