{"id":70731,"date":"2023-11-09T10:58:00","date_gmt":"2023-11-09T09:58:00","guid":{"rendered":"https:\/\/swissbaker.ch\/?p=70731"},"modified":"2023-11-09T16:22:04","modified_gmt":"2023-11-09T15:22:04","slug":"rencontre-pleine-de-sens-et-de-creativite","status":"publish","type":"post","link":"https:\/\/swissbaker.ch\/fr\/panissimo-news\/rencontre-pleine-de-sens-et-de-creativite\/","title":{"rendered":"Rencontre pleine de sens et de cr\u00e9ativit\u00e9"},"content":{"rendered":"\n<p><strong>La Cha\u00eene confiseur, compos\u00e9e de douze membres renomm\u00e9s du secteur de la confiserie, s\u2019est r\u00e9unie mi-octobre \u00e0 Soleure pour un \u00e9change d\u2019exp\u00e9riences de deux jours. Le plus jeune membre, Philipp Hofer, propri\u00e9taire de la confiserie du m\u00eame nom \u00e0 Soleure, et son \u00e9pouse Ingrid Spit Hofer ont accueilli la rencontre.<\/strong><\/p>\n\n\n\n<p>La rencontre a \u00e9t\u00e9 ponctu\u00e9e d\u2019exp\u00e9riences culinaires et d\u2019aper\u00e7us des tendances et des innovations. Un premier temps fort a \u00e9t\u00e9 la visite de Schaerer Swiss coffee competence \u00e0 Zuchwil (SO), au cours de laquelle les membres ont eu l\u2019occasion de d\u00e9couvrir les derniers d\u00e9veloppements dans le monde du caf\u00e9.<\/p>\n\n\n\n<h3 class=\"wp-block-heading\" id=\"h-degustation-des-creations-de-noel-de-hofer\">D\u00e9gustation des cr\u00e9ations de No\u00ebl de Hofer<\/h3>\n\n\n\n<p>Le soir, dans le cadre du couvent historique des capucins de Soleure, les convives ont pu se r\u00e9galer avec un tour du monde culinaire concoct\u00e9 par des cuisiniers qui avaient la particularit\u00e9 d\u2019\u00eatre des r\u00e9fugi\u00e9s syriens. Et pour couronner le tout, le confiseur Philipp Hofer a pr\u00e9sent\u00e9 ses derni\u00e8res cr\u00e9ations de No\u00ebl ainsi que ses variantes de desserts glac\u00e9s.<\/p>\n\n\n\n<figure class=\"wp-block-image size-large\"><img decoding=\"async\" width=\"1024\" height=\"696\" src=\"https:\/\/swissbaker.ch\/wp-content\/uploads\/2023\/11\/confiseurring_06-1024x696.jpg\" alt=\"\" class=\"wp-image-70342\" srcset=\"https:\/\/swissbaker.ch\/wp-content\/uploads\/2023\/11\/confiseurring_06-1024x696.jpg 1024w, https:\/\/swissbaker.ch\/wp-content\/uploads\/2023\/11\/confiseurring_06-768x522.jpg 768w, https:\/\/swissbaker.ch\/wp-content\/uploads\/2023\/11\/confiseurring_06.jpg 1500w\" sizes=\"(max-width: 1024px) 100vw, 1024px\" \/><\/figure>\n\n\n\n<h3 class=\"wp-block-heading\" id=\"h-diversite-creative\">Diversit\u00e9 cr\u00e9ative<\/h3>\n\n\n\n<p>Le lendemain, la matin\u00e9e a commenc\u00e9 par un copieux petit d\u00e9jeuner dans l\u2019un des trois caf\u00e9s Hofer. Outre le caf\u00e9 et les croissants, la tr\u00e8s pris\u00e9e \u00ab\u2009tour du petit d\u00e9jeuner\u2009\u00bb, garnie de fromage, de jambon, de beurre et de confiture, \u00e9tait \u00e9galement de mise. La pluie battante n\u2019ayant pas r\u00e9ussi \u00e0 ternir l\u2019ambiance, les membres ont pleinement appr\u00e9ci\u00e9 la d\u00e9couverte de la production sur deux \u00e9tages, au-dessus de la confiserie avec tea-room, \u00e0 Stalden, dans la pittoresque vieille ville de Soleure. Ils y ont \u00e9t\u00e9 accueillis par le suppl\u00e9ant de la direction, Pirmin Corradini, qui leur a pr\u00e9sent\u00e9 un kal\u00e9idoscope de pralin\u00e9s color\u00e9s, donnant un aper\u00e7u de la diversit\u00e9 cr\u00e9ative de Philipp Hofer et de son \u00e9quipe. <\/p>\n\n\n\n<p><a href=\"https:\/\/swissbaker.ch\/fr\/panissimo-news\/galerie\/la-chaine-confiseur-a-soleure\/\"><strong>Galerie de photos&#8230;\u00bb<\/strong><\/a><\/p>\n\n\n\n<p><em>Lisez l&#8217;article complet dans \u00abPanissimo\u00bb du 10 novembre.<\/em><\/p>\n\n\n\n<p class=\"has-text-align-right\"><em>Franzisca Ellenberger<\/em><\/p>\n","protected":false},"excerpt":{"rendered":"<p>La Cha\u00eene confiseur, compos\u00e9e de douze membres renomm\u00e9s du secteur de la confiserie, s\u2019est r\u00e9unie mi-octobre \u00e0 Soleure pour un \u00e9change d\u2019exp\u00e9riences de deux jours. Le plus jeune membre, Philipp Hofer, propri\u00e9taire de la confiserie du m\u00eame nom \u00e0 Soleure, et son \u00e9pouse Ingrid Spit Hofer ont accueilli la rencontre.<\/p>\n","protected":false},"author":5,"featured_media":70726,"comment_status":"closed","ping_status":"closed","sticky":true,"template":"","format":"standard","meta":{"_acf_changed":false,"footnotes":""},"categories":[42],"tags":[],"class_list":["post-70731","post","type-post","status-publish","format-standard","has-post-thumbnail","hentry","category-boulangeries-confiseries"],"acf":[],"yoast_head":"<!-- This site is optimized with the Yoast SEO Premium plugin v26.8 (Yoast SEO v26.8) - https:\/\/yoast.com\/product\/yoast-seo-premium-wordpress\/ -->\n<title>Rencontre pleine de sens et de cr\u00e9ativit\u00e9 | SBC<\/title>\n<meta name=\"description\" content=\"La Cha\u00eene confiseur, compos\u00e9e de douze membres renomm\u00e9s du secteur de la confiserie, s\u2019est r\u00e9unie mi-octobre \u00e0 Soleure pour un \u00e9change d\u2019exp\u00e9riences de deux jours.\" \/>\n<meta name=\"robots\" content=\"index, follow, max-snippet:-1, max-image-preview:large, max-video-preview:-1\" \/>\n<link rel=\"canonical\" href=\"https:\/\/swissbaker.ch\/fr\/panissimo-news\/rencontre-pleine-de-sens-et-de-creativite\/\" \/>\n<meta property=\"og:locale\" content=\"fr_FR\" \/>\n<meta property=\"og:type\" content=\"article\" \/>\n<meta property=\"og:title\" content=\"Rencontre pleine de sens et de cr\u00e9ativit\u00e9\" \/>\n<meta property=\"og:description\" content=\"La Cha\u00eene confiseur, compos\u00e9e de douze membres renomm\u00e9s du secteur de la confiserie, s\u2019est r\u00e9unie mi-octobre \u00e0 Soleure pour un \u00e9change d\u2019exp\u00e9riences de deux jours.\" \/>\n<meta property=\"og:url\" content=\"https:\/\/swissbaker.ch\/fr\/panissimo-news\/rencontre-pleine-de-sens-et-de-creativite\/\" \/>\n<meta property=\"og:site_name\" content=\"SBC\" \/>\n<meta property=\"article:publisher\" content=\"https:\/\/www.facebook.com\/swissbaker.ch\" \/>\n<meta property=\"article:published_time\" content=\"2023-11-09T09:58:00+00:00\" \/>\n<meta property=\"article:modified_time\" content=\"2023-11-09T15:22:04+00:00\" \/>\n<meta property=\"og:image\" content=\"https:\/\/swissbaker.ch\/wp-content\/uploads\/2023\/11\/21_1_confiseurring_2.jpg\" \/>\n\t<meta property=\"og:image:width\" content=\"1200\" \/>\n\t<meta property=\"og:image:height\" content=\"712\" \/>\n\t<meta property=\"og:image:type\" content=\"image\/jpeg\" \/>\n<meta name=\"author\" content=\"Simon Nussbaum\" \/>\n<meta name=\"twitter:card\" content=\"summary_large_image\" \/>\n<meta name=\"twitter:creator\" content=\"@ch_swissbaker\" \/>\n<meta name=\"twitter:site\" content=\"@ch_swissbaker\" \/>\n<meta name=\"twitter:label1\" content=\"Written by\" \/>\n\t<meta name=\"twitter:data1\" content=\"Simon Nussbaum\" \/>\n\t<meta name=\"twitter:label2\" content=\"Est. reading time\" \/>\n\t<meta name=\"twitter:data2\" content=\"2 minutes\" \/>\n<script type=\"application\/ld+json\" class=\"yoast-schema-graph\">{\"@context\":\"https:\/\/schema.org\",\"@graph\":[{\"@type\":\"Article\",\"@id\":\"https:\/\/swissbaker.ch\/fr\/panissimo-news\/rencontre-pleine-de-sens-et-de-creativite\/#article\",\"isPartOf\":{\"@id\":\"https:\/\/swissbaker.ch\/fr\/panissimo-news\/rencontre-pleine-de-sens-et-de-creativite\/\"},\"author\":{\"name\":\"Simon Nussbaum\",\"@id\":\"https:\/\/swissbaker.ch\/fr\/#\/schema\/person\/74bd327b08c18ca6042c02ff6f0ed5e2\"},\"headline\":\"Rencontre pleine de sens et de cr\u00e9ativit\u00e9\",\"datePublished\":\"2023-11-09T09:58:00+00:00\",\"dateModified\":\"2023-11-09T15:22:04+00:00\",\"mainEntityOfPage\":{\"@id\":\"https:\/\/swissbaker.ch\/fr\/panissimo-news\/rencontre-pleine-de-sens-et-de-creativite\/\"},\"wordCount\":349,\"publisher\":{\"@id\":\"https:\/\/swissbaker.ch\/fr\/#organization\"},\"image\":{\"@id\":\"https:\/\/swissbaker.ch\/fr\/panissimo-news\/rencontre-pleine-de-sens-et-de-creativite\/#primaryimage\"},\"thumbnailUrl\":\"https:\/\/swissbaker.ch\/wp-content\/uploads\/2023\/11\/21_1_confiseurring_2.jpg\",\"articleSection\":[\"Boulangeries\/Confiseries\"],\"inLanguage\":\"fr-FR\"},{\"@type\":\"WebPage\",\"@id\":\"https:\/\/swissbaker.ch\/fr\/panissimo-news\/rencontre-pleine-de-sens-et-de-creativite\/\",\"url\":\"https:\/\/swissbaker.ch\/fr\/panissimo-news\/rencontre-pleine-de-sens-et-de-creativite\/\",\"name\":\"Rencontre pleine de sens et de cr\u00e9ativit\u00e9 | SBC\",\"isPartOf\":{\"@id\":\"https:\/\/swissbaker.ch\/fr\/#website\"},\"primaryImageOfPage\":{\"@id\":\"https:\/\/swissbaker.ch\/fr\/panissimo-news\/rencontre-pleine-de-sens-et-de-creativite\/#primaryimage\"},\"image\":{\"@id\":\"https:\/\/swissbaker.ch\/fr\/panissimo-news\/rencontre-pleine-de-sens-et-de-creativite\/#primaryimage\"},\"thumbnailUrl\":\"https:\/\/swissbaker.ch\/wp-content\/uploads\/2023\/11\/21_1_confiseurring_2.jpg\",\"datePublished\":\"2023-11-09T09:58:00+00:00\",\"dateModified\":\"2023-11-09T15:22:04+00:00\",\"description\":\"La Cha\u00eene confiseur, compos\u00e9e de douze membres renomm\u00e9s du secteur de la confiserie, s\u2019est r\u00e9unie mi-octobre \u00e0 Soleure pour un \u00e9change d\u2019exp\u00e9riences de deux jours.\",\"breadcrumb\":{\"@id\":\"https:\/\/swissbaker.ch\/fr\/panissimo-news\/rencontre-pleine-de-sens-et-de-creativite\/#breadcrumb\"},\"inLanguage\":\"fr-FR\",\"potentialAction\":[{\"@type\":\"ReadAction\",\"target\":[\"https:\/\/swissbaker.ch\/fr\/panissimo-news\/rencontre-pleine-de-sens-et-de-creativite\/\"]}]},{\"@type\":\"ImageObject\",\"inLanguage\":\"fr-FR\",\"@id\":\"https:\/\/swissbaker.ch\/fr\/panissimo-news\/rencontre-pleine-de-sens-et-de-creativite\/#primaryimage\",\"url\":\"https:\/\/swissbaker.ch\/wp-content\/uploads\/2023\/11\/21_1_confiseurring_2.jpg\",\"contentUrl\":\"https:\/\/swissbaker.ch\/wp-content\/uploads\/2023\/11\/21_1_confiseurring_2.jpg\",\"width\":1200,\"height\":712},{\"@type\":\"BreadcrumbList\",\"@id\":\"https:\/\/swissbaker.ch\/fr\/panissimo-news\/rencontre-pleine-de-sens-et-de-creativite\/#breadcrumb\",\"itemListElement\":[{\"@type\":\"ListItem\",\"position\":1,\"name\":\"\",\"item\":\"https:\/\/swissbaker.ch\/fr\/\"},{\"@type\":\"ListItem\",\"position\":2,\"name\":\"Boulangeries\/Confiseries\",\"item\":\"https:\/\/swissbaker.ch\/fr\/panissimo-news\/category\/boulangeries-confiseries\/\"},{\"@type\":\"ListItem\",\"position\":3,\"name\":\"Rencontre pleine de sens et de cr\u00e9ativit\u00e9\"}]},{\"@type\":\"WebSite\",\"@id\":\"https:\/\/swissbaker.ch\/fr\/#website\",\"url\":\"https:\/\/swissbaker.ch\/fr\/\",\"name\":\"SBC\",\"description\":\"\",\"publisher\":{\"@id\":\"https:\/\/swissbaker.ch\/fr\/#organization\"},\"potentialAction\":[{\"@type\":\"SearchAction\",\"target\":{\"@type\":\"EntryPoint\",\"urlTemplate\":\"https:\/\/swissbaker.ch\/fr\/?s={search_term_string}\"},\"query-input\":{\"@type\":\"PropertyValueSpecification\",\"valueRequired\":true,\"valueName\":\"search_term_string\"}}],\"inLanguage\":\"fr-FR\"},{\"@type\":\"Organization\",\"@id\":\"https:\/\/swissbaker.ch\/fr\/#organization\",\"name\":\"Schweizerischer B\u00e4cker-Confiseurmeister-Verband\",\"url\":\"https:\/\/swissbaker.ch\/fr\/\",\"logo\":{\"@type\":\"ImageObject\",\"inLanguage\":\"fr-FR\",\"@id\":\"https:\/\/swissbaker.ch\/fr\/#\/schema\/logo\/image\/\",\"url\":\"https:\/\/swissbaker.ch\/wp-content\/uploads\/2022\/04\/sbc-logo-yoast.jpg\",\"contentUrl\":\"https:\/\/swissbaker.ch\/wp-content\/uploads\/2022\/04\/sbc-logo-yoast.jpg\",\"width\":512,\"height\":512,\"caption\":\"Schweizerischer B\u00e4cker-Confiseurmeister-Verband\"},\"image\":{\"@id\":\"https:\/\/swissbaker.ch\/fr\/#\/schema\/logo\/image\/\"},\"sameAs\":[\"https:\/\/www.facebook.com\/swissbaker.ch\",\"https:\/\/x.com\/ch_swissbaker\"]},{\"@type\":\"Person\",\"@id\":\"https:\/\/swissbaker.ch\/fr\/#\/schema\/person\/74bd327b08c18ca6042c02ff6f0ed5e2\",\"name\":\"Simon Nussbaum\",\"image\":{\"@type\":\"ImageObject\",\"inLanguage\":\"fr-FR\",\"@id\":\"https:\/\/swissbaker.ch\/fr\/#\/schema\/person\/image\/\",\"url\":\"https:\/\/secure.gravatar.com\/avatar\/df0eced3bb556c806cb760cf503ade1ed1df25b4104d80d6fd28d93a9509aa12?s=96&d=mm&r=g\",\"contentUrl\":\"https:\/\/secure.gravatar.com\/avatar\/df0eced3bb556c806cb760cf503ade1ed1df25b4104d80d6fd28d93a9509aa12?s=96&d=mm&r=g\",\"caption\":\"Simon Nussbaum\"},\"url\":\"https:\/\/swissbaker.ch\/fr\/panissimo-news\/author\/simon-nussbaum\/\"}]}<\/script>\n<!-- \/ Yoast SEO Premium plugin. -->","yoast_head_json":{"title":"Rencontre pleine de sens et de cr\u00e9ativit\u00e9 | SBC","description":"La Cha\u00eene confiseur, compos\u00e9e de douze membres renomm\u00e9s du secteur de la confiserie, s\u2019est r\u00e9unie mi-octobre \u00e0 Soleure pour un \u00e9change d\u2019exp\u00e9riences de deux jours.","robots":{"index":"index","follow":"follow","max-snippet":"max-snippet:-1","max-image-preview":"max-image-preview:large","max-video-preview":"max-video-preview:-1"},"canonical":"https:\/\/swissbaker.ch\/fr\/panissimo-news\/rencontre-pleine-de-sens-et-de-creativite\/","og_locale":"fr_FR","og_type":"article","og_title":"Rencontre pleine de sens et de cr\u00e9ativit\u00e9","og_description":"La Cha\u00eene confiseur, compos\u00e9e de douze membres renomm\u00e9s du secteur de la confiserie, s\u2019est r\u00e9unie mi-octobre \u00e0 Soleure pour un \u00e9change d\u2019exp\u00e9riences de deux jours.","og_url":"https:\/\/swissbaker.ch\/fr\/panissimo-news\/rencontre-pleine-de-sens-et-de-creativite\/","og_site_name":"SBC","article_publisher":"https:\/\/www.facebook.com\/swissbaker.ch","article_published_time":"2023-11-09T09:58:00+00:00","article_modified_time":"2023-11-09T15:22:04+00:00","og_image":[{"width":1200,"height":712,"url":"https:\/\/swissbaker.ch\/wp-content\/uploads\/2023\/11\/21_1_confiseurring_2.jpg","type":"image\/jpeg"}],"author":"Simon Nussbaum","twitter_card":"summary_large_image","twitter_creator":"@ch_swissbaker","twitter_site":"@ch_swissbaker","twitter_misc":{"Written by":"Simon Nussbaum","Est. reading time":"2 minutes"},"schema":{"@context":"https:\/\/schema.org","@graph":[{"@type":"Article","@id":"https:\/\/swissbaker.ch\/fr\/panissimo-news\/rencontre-pleine-de-sens-et-de-creativite\/#article","isPartOf":{"@id":"https:\/\/swissbaker.ch\/fr\/panissimo-news\/rencontre-pleine-de-sens-et-de-creativite\/"},"author":{"name":"Simon Nussbaum","@id":"https:\/\/swissbaker.ch\/fr\/#\/schema\/person\/74bd327b08c18ca6042c02ff6f0ed5e2"},"headline":"Rencontre pleine de sens et de cr\u00e9ativit\u00e9","datePublished":"2023-11-09T09:58:00+00:00","dateModified":"2023-11-09T15:22:04+00:00","mainEntityOfPage":{"@id":"https:\/\/swissbaker.ch\/fr\/panissimo-news\/rencontre-pleine-de-sens-et-de-creativite\/"},"wordCount":349,"publisher":{"@id":"https:\/\/swissbaker.ch\/fr\/#organization"},"image":{"@id":"https:\/\/swissbaker.ch\/fr\/panissimo-news\/rencontre-pleine-de-sens-et-de-creativite\/#primaryimage"},"thumbnailUrl":"https:\/\/swissbaker.ch\/wp-content\/uploads\/2023\/11\/21_1_confiseurring_2.jpg","articleSection":["Boulangeries\/Confiseries"],"inLanguage":"fr-FR"},{"@type":"WebPage","@id":"https:\/\/swissbaker.ch\/fr\/panissimo-news\/rencontre-pleine-de-sens-et-de-creativite\/","url":"https:\/\/swissbaker.ch\/fr\/panissimo-news\/rencontre-pleine-de-sens-et-de-creativite\/","name":"Rencontre pleine de sens et de cr\u00e9ativit\u00e9 | SBC","isPartOf":{"@id":"https:\/\/swissbaker.ch\/fr\/#website"},"primaryImageOfPage":{"@id":"https:\/\/swissbaker.ch\/fr\/panissimo-news\/rencontre-pleine-de-sens-et-de-creativite\/#primaryimage"},"image":{"@id":"https:\/\/swissbaker.ch\/fr\/panissimo-news\/rencontre-pleine-de-sens-et-de-creativite\/#primaryimage"},"thumbnailUrl":"https:\/\/swissbaker.ch\/wp-content\/uploads\/2023\/11\/21_1_confiseurring_2.jpg","datePublished":"2023-11-09T09:58:00+00:00","dateModified":"2023-11-09T15:22:04+00:00","description":"La Cha\u00eene confiseur, compos\u00e9e de douze membres renomm\u00e9s du secteur de la confiserie, s\u2019est r\u00e9unie mi-octobre \u00e0 Soleure pour un \u00e9change d\u2019exp\u00e9riences de deux jours.","breadcrumb":{"@id":"https:\/\/swissbaker.ch\/fr\/panissimo-news\/rencontre-pleine-de-sens-et-de-creativite\/#breadcrumb"},"inLanguage":"fr-FR","potentialAction":[{"@type":"ReadAction","target":["https:\/\/swissbaker.ch\/fr\/panissimo-news\/rencontre-pleine-de-sens-et-de-creativite\/"]}]},{"@type":"ImageObject","inLanguage":"fr-FR","@id":"https:\/\/swissbaker.ch\/fr\/panissimo-news\/rencontre-pleine-de-sens-et-de-creativite\/#primaryimage","url":"https:\/\/swissbaker.ch\/wp-content\/uploads\/2023\/11\/21_1_confiseurring_2.jpg","contentUrl":"https:\/\/swissbaker.ch\/wp-content\/uploads\/2023\/11\/21_1_confiseurring_2.jpg","width":1200,"height":712},{"@type":"BreadcrumbList","@id":"https:\/\/swissbaker.ch\/fr\/panissimo-news\/rencontre-pleine-de-sens-et-de-creativite\/#breadcrumb","itemListElement":[{"@type":"ListItem","position":1,"name":"","item":"https:\/\/swissbaker.ch\/fr\/"},{"@type":"ListItem","position":2,"name":"Boulangeries\/Confiseries","item":"https:\/\/swissbaker.ch\/fr\/panissimo-news\/category\/boulangeries-confiseries\/"},{"@type":"ListItem","position":3,"name":"Rencontre pleine de sens et de cr\u00e9ativit\u00e9"}]},{"@type":"WebSite","@id":"https:\/\/swissbaker.ch\/fr\/#website","url":"https:\/\/swissbaker.ch\/fr\/","name":"SBC","description":"","publisher":{"@id":"https:\/\/swissbaker.ch\/fr\/#organization"},"potentialAction":[{"@type":"SearchAction","target":{"@type":"EntryPoint","urlTemplate":"https:\/\/swissbaker.ch\/fr\/?s={search_term_string}"},"query-input":{"@type":"PropertyValueSpecification","valueRequired":true,"valueName":"search_term_string"}}],"inLanguage":"fr-FR"},{"@type":"Organization","@id":"https:\/\/swissbaker.ch\/fr\/#organization","name":"Schweizerischer B\u00e4cker-Confiseurmeister-Verband","url":"https:\/\/swissbaker.ch\/fr\/","logo":{"@type":"ImageObject","inLanguage":"fr-FR","@id":"https:\/\/swissbaker.ch\/fr\/#\/schema\/logo\/image\/","url":"https:\/\/swissbaker.ch\/wp-content\/uploads\/2022\/04\/sbc-logo-yoast.jpg","contentUrl":"https:\/\/swissbaker.ch\/wp-content\/uploads\/2022\/04\/sbc-logo-yoast.jpg","width":512,"height":512,"caption":"Schweizerischer B\u00e4cker-Confiseurmeister-Verband"},"image":{"@id":"https:\/\/swissbaker.ch\/fr\/#\/schema\/logo\/image\/"},"sameAs":["https:\/\/www.facebook.com\/swissbaker.ch","https:\/\/x.com\/ch_swissbaker"]},{"@type":"Person","@id":"https:\/\/swissbaker.ch\/fr\/#\/schema\/person\/74bd327b08c18ca6042c02ff6f0ed5e2","name":"Simon Nussbaum","image":{"@type":"ImageObject","inLanguage":"fr-FR","@id":"https:\/\/swissbaker.ch\/fr\/#\/schema\/person\/image\/","url":"https:\/\/secure.gravatar.com\/avatar\/df0eced3bb556c806cb760cf503ade1ed1df25b4104d80d6fd28d93a9509aa12?s=96&d=mm&r=g","contentUrl":"https:\/\/secure.gravatar.com\/avatar\/df0eced3bb556c806cb760cf503ade1ed1df25b4104d80d6fd28d93a9509aa12?s=96&d=mm&r=g","caption":"Simon Nussbaum"},"url":"https:\/\/swissbaker.ch\/fr\/panissimo-news\/author\/simon-nussbaum\/"}]}},"_links":{"self":[{"href":"https:\/\/swissbaker.ch\/fr\/wp-json\/wp\/v2\/posts\/70731","targetHints":{"allow":["GET"]}}],"collection":[{"href":"https:\/\/swissbaker.ch\/fr\/wp-json\/wp\/v2\/posts"}],"about":[{"href":"https:\/\/swissbaker.ch\/fr\/wp-json\/wp\/v2\/types\/post"}],"author":[{"embeddable":true,"href":"https:\/\/swissbaker.ch\/fr\/wp-json\/wp\/v2\/users\/5"}],"replies":[{"embeddable":true,"href":"https:\/\/swissbaker.ch\/fr\/wp-json\/wp\/v2\/comments?post=70731"}],"version-history":[{"count":0,"href":"https:\/\/swissbaker.ch\/fr\/wp-json\/wp\/v2\/posts\/70731\/revisions"}],"wp:featuredmedia":[{"embeddable":true,"href":"https:\/\/swissbaker.ch\/fr\/wp-json\/wp\/v2\/media\/70726"}],"wp:attachment":[{"href":"https:\/\/swissbaker.ch\/fr\/wp-json\/wp\/v2\/media?parent=70731"}],"wp:term":[{"taxonomy":"category","embeddable":true,"href":"https:\/\/swissbaker.ch\/fr\/wp-json\/wp\/v2\/categories?post=70731"},{"taxonomy":"post_tag","embeddable":true,"href":"https:\/\/swissbaker.ch\/fr\/wp-json\/wp\/v2\/tags?post=70731"}],"curies":[{"name":"wp","href":"https:\/\/api.w.org\/{rel}","templated":true}]}}