{"id":70209,"date":"2023-11-01T13:52:40","date_gmt":"2023-11-01T12:52:40","guid":{"rendered":"https:\/\/swissbaker.ch\/?p=70209"},"modified":"2023-11-01T15:32:10","modified_gmt":"2023-11-01T14:32:10","slug":"declaration-cpbc-desormais-numerique","status":"publish","type":"post","link":"https:\/\/swissbaker.ch\/fr\/panissimo-news\/declaration-cpbc-desormais-numerique\/","title":{"rendered":"D\u00e9claration cpbc d\u00e9sormais num\u00e9rique"},"content":{"rendered":"\n<p><strong>A la fin de l\u2019ann\u00e9e, la commission paritaire des boulangers-confiseurs (cpbc) demandera aux membres de la BCS de d\u00e9clarer les contributions aux frais d\u2019ex\u00e9cution pour 2023, la d\u00e9claration se faisant d\u00e9sormais sous forme num\u00e9rique via le site de la cpbc. Les membres recevront par courrier en d\u00e9cembre les identifiants et les instructions. <\/strong><\/p>\n\n\n\n<p>Pour pr\u00e9parer la d\u00e9claration, la cpbc recommande de pr\u00e9parer un fichier CSV selon le mod\u00e8le disponible sur son site, en vue de pouvoir importer directement tous les collaborateurs avec le fichier CSV, sans devoir les saisir individuellement.<\/p>\n\n\n\n<p>Portos Informatik GmbH, Protecdata AG, Aplus AG et HS-Soft AG tiennent un export \u00e0 la disposition de leur client\u00e8le. Nous recommandons de renvoyer les autres fournisseurs de programmes de comptabilit\u00e9 salariale au mod\u00e8le disponible sur le site de la cpbc. Important\u2009: il est indispensable que le fichier \u00e0 importer corresponde exactement au mod\u00e8le (ordre des colonnes, ligne de titre, etc.).<\/p>\n\n\n\n<p>Les entreprises soumettant une d\u00e9claration num\u00e9rique en bonne et due forme avant fin janvier b\u00e9n\u00e9ficient d\u2019une commission de 3\u202f% sur les cotisations des travailleurs, ladite commission \u00e9tant automatiquement d\u00e9duite dans la facture num\u00e9rique.<\/p>\n\n\n\n<p>La cpbc remercie chaque membre de sa d\u00e9claration num\u00e9rique dans les d\u00e9lais et de sa collaboration.<\/p>\n\n\n\n<p><a href=\"https:\/\/pkbc.ch\/fr_CH\">pkbc.ch<\/a><\/p>\n\n\n\n<p class=\"has-text-align-right\"><em>Harisa Reiz, directrice adjointe de la BCS<\/em><\/p>\n","protected":false},"excerpt":{"rendered":"<p>A la fin de l\u2019ann\u00e9e, la commission paritaire des boulangers-confiseurs (cpbc) demandera aux membres de la BCS de d\u00e9clarer les contributions aux frais d\u2019ex\u00e9cution pour 2023, la d\u00e9claration se faisant d\u00e9sormais sous forme num\u00e9rique via le site de la cpbc. Les membres recevront par courrier en d\u00e9cembre les identifiants et les instructions. <\/p>\n","protected":false},"author":5,"featured_media":59307,"comment_status":"closed","ping_status":"closed","sticky":true,"template":"","format":"standard","meta":{"_acf_changed":false,"footnotes":""},"categories":[41,54],"tags":[],"class_list":["post-70209","post","type-post","status-publish","format-standard","has-post-thumbnail","hentry","category-association","category-conseils"],"acf":[],"yoast_head":"<!-- This site is optimized with the Yoast SEO Premium plugin v26.8 (Yoast SEO v26.8) - https:\/\/yoast.com\/product\/yoast-seo-premium-wordpress\/ -->\n<title>D\u00e9claration cpbc d\u00e9sormais num\u00e9rique | SBC<\/title>\n<meta name=\"robots\" content=\"index, follow, max-snippet:-1, max-image-preview:large, max-video-preview:-1\" \/>\n<link rel=\"canonical\" href=\"https:\/\/swissbaker.ch\/fr\/panissimo-news\/declaration-cpbc-desormais-numerique\/\" \/>\n<meta property=\"og:locale\" content=\"fr_FR\" \/>\n<meta property=\"og:type\" content=\"article\" \/>\n<meta property=\"og:title\" content=\"D\u00e9claration cpbc d\u00e9sormais num\u00e9rique\" \/>\n<meta property=\"og:description\" content=\"A la fin de l\u2019ann\u00e9e, la commission paritaire des boulangers-confiseurs (cpbc) demandera aux membres de la BCS de d\u00e9clarer les contributions aux frais d\u2019ex\u00e9cution pour 2023, la d\u00e9claration se faisant d\u00e9sormais sous forme num\u00e9rique via le site de la cpbc. Les membres recevront par courrier en d\u00e9cembre les identifiants et les instructions.\" \/>\n<meta property=\"og:url\" content=\"https:\/\/swissbaker.ch\/fr\/panissimo-news\/declaration-cpbc-desormais-numerique\/\" \/>\n<meta property=\"og:site_name\" content=\"SBC\" \/>\n<meta property=\"article:publisher\" content=\"https:\/\/www.facebook.com\/swissbaker.ch\" \/>\n<meta property=\"article:published_time\" content=\"2023-11-01T12:52:40+00:00\" \/>\n<meta property=\"article:modified_time\" content=\"2023-11-01T14:32:10+00:00\" \/>\n<meta property=\"og:image\" content=\"https:\/\/swissbaker.ch\/wp-content\/uploads\/2023\/03\/harisa_reiz_2023.jpg\" \/>\n\t<meta property=\"og:image:width\" content=\"1200\" \/>\n\t<meta property=\"og:image:height\" content=\"712\" \/>\n\t<meta property=\"og:image:type\" content=\"image\/jpeg\" \/>\n<meta name=\"author\" content=\"Simon Nussbaum\" \/>\n<meta name=\"twitter:card\" content=\"summary_large_image\" \/>\n<meta name=\"twitter:creator\" content=\"@ch_swissbaker\" \/>\n<meta name=\"twitter:site\" content=\"@ch_swissbaker\" \/>\n<meta name=\"twitter:label1\" content=\"Written by\" \/>\n\t<meta name=\"twitter:data1\" content=\"Simon Nussbaum\" \/>\n\t<meta name=\"twitter:label2\" content=\"Est. reading time\" \/>\n\t<meta name=\"twitter:data2\" content=\"1 minute\" \/>\n<script type=\"application\/ld+json\" class=\"yoast-schema-graph\">{\"@context\":\"https:\/\/schema.org\",\"@graph\":[{\"@type\":\"Article\",\"@id\":\"https:\/\/swissbaker.ch\/fr\/panissimo-news\/declaration-cpbc-desormais-numerique\/#article\",\"isPartOf\":{\"@id\":\"https:\/\/swissbaker.ch\/fr\/panissimo-news\/declaration-cpbc-desormais-numerique\/\"},\"author\":{\"name\":\"Simon Nussbaum\",\"@id\":\"https:\/\/swissbaker.ch\/fr\/#\/schema\/person\/74bd327b08c18ca6042c02ff6f0ed5e2\"},\"headline\":\"D\u00e9claration cpbc d\u00e9sormais num\u00e9rique\",\"datePublished\":\"2023-11-01T12:52:40+00:00\",\"dateModified\":\"2023-11-01T14:32:10+00:00\",\"mainEntityOfPage\":{\"@id\":\"https:\/\/swissbaker.ch\/fr\/panissimo-news\/declaration-cpbc-desormais-numerique\/\"},\"wordCount\":236,\"publisher\":{\"@id\":\"https:\/\/swissbaker.ch\/fr\/#organization\"},\"image\":{\"@id\":\"https:\/\/swissbaker.ch\/fr\/panissimo-news\/declaration-cpbc-desormais-numerique\/#primaryimage\"},\"thumbnailUrl\":\"https:\/\/swissbaker.ch\/wp-content\/uploads\/2023\/03\/harisa_reiz_2023.jpg\",\"articleSection\":[\"Association\",\"Conseils\"],\"inLanguage\":\"fr-FR\"},{\"@type\":\"WebPage\",\"@id\":\"https:\/\/swissbaker.ch\/fr\/panissimo-news\/declaration-cpbc-desormais-numerique\/\",\"url\":\"https:\/\/swissbaker.ch\/fr\/panissimo-news\/declaration-cpbc-desormais-numerique\/\",\"name\":\"D\u00e9claration cpbc d\u00e9sormais num\u00e9rique | SBC\",\"isPartOf\":{\"@id\":\"https:\/\/swissbaker.ch\/fr\/#website\"},\"primaryImageOfPage\":{\"@id\":\"https:\/\/swissbaker.ch\/fr\/panissimo-news\/declaration-cpbc-desormais-numerique\/#primaryimage\"},\"image\":{\"@id\":\"https:\/\/swissbaker.ch\/fr\/panissimo-news\/declaration-cpbc-desormais-numerique\/#primaryimage\"},\"thumbnailUrl\":\"https:\/\/swissbaker.ch\/wp-content\/uploads\/2023\/03\/harisa_reiz_2023.jpg\",\"datePublished\":\"2023-11-01T12:52:40+00:00\",\"dateModified\":\"2023-11-01T14:32:10+00:00\",\"breadcrumb\":{\"@id\":\"https:\/\/swissbaker.ch\/fr\/panissimo-news\/declaration-cpbc-desormais-numerique\/#breadcrumb\"},\"inLanguage\":\"fr-FR\",\"potentialAction\":[{\"@type\":\"ReadAction\",\"target\":[\"https:\/\/swissbaker.ch\/fr\/panissimo-news\/declaration-cpbc-desormais-numerique\/\"]}]},{\"@type\":\"ImageObject\",\"inLanguage\":\"fr-FR\",\"@id\":\"https:\/\/swissbaker.ch\/fr\/panissimo-news\/declaration-cpbc-desormais-numerique\/#primaryimage\",\"url\":\"https:\/\/swissbaker.ch\/wp-content\/uploads\/2023\/03\/harisa_reiz_2023.jpg\",\"contentUrl\":\"https:\/\/swissbaker.ch\/wp-content\/uploads\/2023\/03\/harisa_reiz_2023.jpg\",\"width\":1200,\"height\":712},{\"@type\":\"BreadcrumbList\",\"@id\":\"https:\/\/swissbaker.ch\/fr\/panissimo-news\/declaration-cpbc-desormais-numerique\/#breadcrumb\",\"itemListElement\":[{\"@type\":\"ListItem\",\"position\":1,\"name\":\"\",\"item\":\"https:\/\/swissbaker.ch\/fr\/\"},{\"@type\":\"ListItem\",\"position\":2,\"name\":\"Association\",\"item\":\"https:\/\/swissbaker.ch\/fr\/panissimo-news\/category\/association\/\"},{\"@type\":\"ListItem\",\"position\":3,\"name\":\"D\u00e9claration cpbc d\u00e9sormais num\u00e9rique\"}]},{\"@type\":\"WebSite\",\"@id\":\"https:\/\/swissbaker.ch\/fr\/#website\",\"url\":\"https:\/\/swissbaker.ch\/fr\/\",\"name\":\"SBC\",\"description\":\"\",\"publisher\":{\"@id\":\"https:\/\/swissbaker.ch\/fr\/#organization\"},\"potentialAction\":[{\"@type\":\"SearchAction\",\"target\":{\"@type\":\"EntryPoint\",\"urlTemplate\":\"https:\/\/swissbaker.ch\/fr\/?s={search_term_string}\"},\"query-input\":{\"@type\":\"PropertyValueSpecification\",\"valueRequired\":true,\"valueName\":\"search_term_string\"}}],\"inLanguage\":\"fr-FR\"},{\"@type\":\"Organization\",\"@id\":\"https:\/\/swissbaker.ch\/fr\/#organization\",\"name\":\"Schweizerischer B\u00e4cker-Confiseurmeister-Verband\",\"url\":\"https:\/\/swissbaker.ch\/fr\/\",\"logo\":{\"@type\":\"ImageObject\",\"inLanguage\":\"fr-FR\",\"@id\":\"https:\/\/swissbaker.ch\/fr\/#\/schema\/logo\/image\/\",\"url\":\"https:\/\/swissbaker.ch\/wp-content\/uploads\/2022\/04\/sbc-logo-yoast.jpg\",\"contentUrl\":\"https:\/\/swissbaker.ch\/wp-content\/uploads\/2022\/04\/sbc-logo-yoast.jpg\",\"width\":512,\"height\":512,\"caption\":\"Schweizerischer B\u00e4cker-Confiseurmeister-Verband\"},\"image\":{\"@id\":\"https:\/\/swissbaker.ch\/fr\/#\/schema\/logo\/image\/\"},\"sameAs\":[\"https:\/\/www.facebook.com\/swissbaker.ch\",\"https:\/\/x.com\/ch_swissbaker\"]},{\"@type\":\"Person\",\"@id\":\"https:\/\/swissbaker.ch\/fr\/#\/schema\/person\/74bd327b08c18ca6042c02ff6f0ed5e2\",\"name\":\"Simon Nussbaum\",\"image\":{\"@type\":\"ImageObject\",\"inLanguage\":\"fr-FR\",\"@id\":\"https:\/\/swissbaker.ch\/fr\/#\/schema\/person\/image\/\",\"url\":\"https:\/\/secure.gravatar.com\/avatar\/df0eced3bb556c806cb760cf503ade1ed1df25b4104d80d6fd28d93a9509aa12?s=96&d=mm&r=g\",\"contentUrl\":\"https:\/\/secure.gravatar.com\/avatar\/df0eced3bb556c806cb760cf503ade1ed1df25b4104d80d6fd28d93a9509aa12?s=96&d=mm&r=g\",\"caption\":\"Simon Nussbaum\"},\"url\":\"https:\/\/swissbaker.ch\/fr\/panissimo-news\/author\/simon-nussbaum\/\"}]}<\/script>\n<!-- \/ Yoast SEO Premium plugin. -->","yoast_head_json":{"title":"D\u00e9claration cpbc d\u00e9sormais num\u00e9rique | SBC","robots":{"index":"index","follow":"follow","max-snippet":"max-snippet:-1","max-image-preview":"max-image-preview:large","max-video-preview":"max-video-preview:-1"},"canonical":"https:\/\/swissbaker.ch\/fr\/panissimo-news\/declaration-cpbc-desormais-numerique\/","og_locale":"fr_FR","og_type":"article","og_title":"D\u00e9claration cpbc d\u00e9sormais num\u00e9rique","og_description":"A la fin de l\u2019ann\u00e9e, la commission paritaire des boulangers-confiseurs (cpbc) demandera aux membres de la BCS de d\u00e9clarer les contributions aux frais d\u2019ex\u00e9cution pour 2023, la d\u00e9claration se faisant d\u00e9sormais sous forme num\u00e9rique via le site de la cpbc. Les membres recevront par courrier en d\u00e9cembre les identifiants et les instructions.","og_url":"https:\/\/swissbaker.ch\/fr\/panissimo-news\/declaration-cpbc-desormais-numerique\/","og_site_name":"SBC","article_publisher":"https:\/\/www.facebook.com\/swissbaker.ch","article_published_time":"2023-11-01T12:52:40+00:00","article_modified_time":"2023-11-01T14:32:10+00:00","og_image":[{"width":1200,"height":712,"url":"https:\/\/swissbaker.ch\/wp-content\/uploads\/2023\/03\/harisa_reiz_2023.jpg","type":"image\/jpeg"}],"author":"Simon Nussbaum","twitter_card":"summary_large_image","twitter_creator":"@ch_swissbaker","twitter_site":"@ch_swissbaker","twitter_misc":{"Written by":"Simon Nussbaum","Est. reading time":"1 minute"},"schema":{"@context":"https:\/\/schema.org","@graph":[{"@type":"Article","@id":"https:\/\/swissbaker.ch\/fr\/panissimo-news\/declaration-cpbc-desormais-numerique\/#article","isPartOf":{"@id":"https:\/\/swissbaker.ch\/fr\/panissimo-news\/declaration-cpbc-desormais-numerique\/"},"author":{"name":"Simon Nussbaum","@id":"https:\/\/swissbaker.ch\/fr\/#\/schema\/person\/74bd327b08c18ca6042c02ff6f0ed5e2"},"headline":"D\u00e9claration cpbc d\u00e9sormais num\u00e9rique","datePublished":"2023-11-01T12:52:40+00:00","dateModified":"2023-11-01T14:32:10+00:00","mainEntityOfPage":{"@id":"https:\/\/swissbaker.ch\/fr\/panissimo-news\/declaration-cpbc-desormais-numerique\/"},"wordCount":236,"publisher":{"@id":"https:\/\/swissbaker.ch\/fr\/#organization"},"image":{"@id":"https:\/\/swissbaker.ch\/fr\/panissimo-news\/declaration-cpbc-desormais-numerique\/#primaryimage"},"thumbnailUrl":"https:\/\/swissbaker.ch\/wp-content\/uploads\/2023\/03\/harisa_reiz_2023.jpg","articleSection":["Association","Conseils"],"inLanguage":"fr-FR"},{"@type":"WebPage","@id":"https:\/\/swissbaker.ch\/fr\/panissimo-news\/declaration-cpbc-desormais-numerique\/","url":"https:\/\/swissbaker.ch\/fr\/panissimo-news\/declaration-cpbc-desormais-numerique\/","name":"D\u00e9claration cpbc d\u00e9sormais num\u00e9rique | SBC","isPartOf":{"@id":"https:\/\/swissbaker.ch\/fr\/#website"},"primaryImageOfPage":{"@id":"https:\/\/swissbaker.ch\/fr\/panissimo-news\/declaration-cpbc-desormais-numerique\/#primaryimage"},"image":{"@id":"https:\/\/swissbaker.ch\/fr\/panissimo-news\/declaration-cpbc-desormais-numerique\/#primaryimage"},"thumbnailUrl":"https:\/\/swissbaker.ch\/wp-content\/uploads\/2023\/03\/harisa_reiz_2023.jpg","datePublished":"2023-11-01T12:52:40+00:00","dateModified":"2023-11-01T14:32:10+00:00","breadcrumb":{"@id":"https:\/\/swissbaker.ch\/fr\/panissimo-news\/declaration-cpbc-desormais-numerique\/#breadcrumb"},"inLanguage":"fr-FR","potentialAction":[{"@type":"ReadAction","target":["https:\/\/swissbaker.ch\/fr\/panissimo-news\/declaration-cpbc-desormais-numerique\/"]}]},{"@type":"ImageObject","inLanguage":"fr-FR","@id":"https:\/\/swissbaker.ch\/fr\/panissimo-news\/declaration-cpbc-desormais-numerique\/#primaryimage","url":"https:\/\/swissbaker.ch\/wp-content\/uploads\/2023\/03\/harisa_reiz_2023.jpg","contentUrl":"https:\/\/swissbaker.ch\/wp-content\/uploads\/2023\/03\/harisa_reiz_2023.jpg","width":1200,"height":712},{"@type":"BreadcrumbList","@id":"https:\/\/swissbaker.ch\/fr\/panissimo-news\/declaration-cpbc-desormais-numerique\/#breadcrumb","itemListElement":[{"@type":"ListItem","position":1,"name":"","item":"https:\/\/swissbaker.ch\/fr\/"},{"@type":"ListItem","position":2,"name":"Association","item":"https:\/\/swissbaker.ch\/fr\/panissimo-news\/category\/association\/"},{"@type":"ListItem","position":3,"name":"D\u00e9claration cpbc d\u00e9sormais num\u00e9rique"}]},{"@type":"WebSite","@id":"https:\/\/swissbaker.ch\/fr\/#website","url":"https:\/\/swissbaker.ch\/fr\/","name":"SBC","description":"","publisher":{"@id":"https:\/\/swissbaker.ch\/fr\/#organization"},"potentialAction":[{"@type":"SearchAction","target":{"@type":"EntryPoint","urlTemplate":"https:\/\/swissbaker.ch\/fr\/?s={search_term_string}"},"query-input":{"@type":"PropertyValueSpecification","valueRequired":true,"valueName":"search_term_string"}}],"inLanguage":"fr-FR"},{"@type":"Organization","@id":"https:\/\/swissbaker.ch\/fr\/#organization","name":"Schweizerischer B\u00e4cker-Confiseurmeister-Verband","url":"https:\/\/swissbaker.ch\/fr\/","logo":{"@type":"ImageObject","inLanguage":"fr-FR","@id":"https:\/\/swissbaker.ch\/fr\/#\/schema\/logo\/image\/","url":"https:\/\/swissbaker.ch\/wp-content\/uploads\/2022\/04\/sbc-logo-yoast.jpg","contentUrl":"https:\/\/swissbaker.ch\/wp-content\/uploads\/2022\/04\/sbc-logo-yoast.jpg","width":512,"height":512,"caption":"Schweizerischer B\u00e4cker-Confiseurmeister-Verband"},"image":{"@id":"https:\/\/swissbaker.ch\/fr\/#\/schema\/logo\/image\/"},"sameAs":["https:\/\/www.facebook.com\/swissbaker.ch","https:\/\/x.com\/ch_swissbaker"]},{"@type":"Person","@id":"https:\/\/swissbaker.ch\/fr\/#\/schema\/person\/74bd327b08c18ca6042c02ff6f0ed5e2","name":"Simon Nussbaum","image":{"@type":"ImageObject","inLanguage":"fr-FR","@id":"https:\/\/swissbaker.ch\/fr\/#\/schema\/person\/image\/","url":"https:\/\/secure.gravatar.com\/avatar\/df0eced3bb556c806cb760cf503ade1ed1df25b4104d80d6fd28d93a9509aa12?s=96&d=mm&r=g","contentUrl":"https:\/\/secure.gravatar.com\/avatar\/df0eced3bb556c806cb760cf503ade1ed1df25b4104d80d6fd28d93a9509aa12?s=96&d=mm&r=g","caption":"Simon Nussbaum"},"url":"https:\/\/swissbaker.ch\/fr\/panissimo-news\/author\/simon-nussbaum\/"}]}},"_links":{"self":[{"href":"https:\/\/swissbaker.ch\/fr\/wp-json\/wp\/v2\/posts\/70209","targetHints":{"allow":["GET"]}}],"collection":[{"href":"https:\/\/swissbaker.ch\/fr\/wp-json\/wp\/v2\/posts"}],"about":[{"href":"https:\/\/swissbaker.ch\/fr\/wp-json\/wp\/v2\/types\/post"}],"author":[{"embeddable":true,"href":"https:\/\/swissbaker.ch\/fr\/wp-json\/wp\/v2\/users\/5"}],"replies":[{"embeddable":true,"href":"https:\/\/swissbaker.ch\/fr\/wp-json\/wp\/v2\/comments?post=70209"}],"version-history":[{"count":0,"href":"https:\/\/swissbaker.ch\/fr\/wp-json\/wp\/v2\/posts\/70209\/revisions"}],"wp:featuredmedia":[{"embeddable":true,"href":"https:\/\/swissbaker.ch\/fr\/wp-json\/wp\/v2\/media\/59307"}],"wp:attachment":[{"href":"https:\/\/swissbaker.ch\/fr\/wp-json\/wp\/v2\/media?parent=70209"}],"wp:term":[{"taxonomy":"category","embeddable":true,"href":"https:\/\/swissbaker.ch\/fr\/wp-json\/wp\/v2\/categories?post=70209"},{"taxonomy":"post_tag","embeddable":true,"href":"https:\/\/swissbaker.ch\/fr\/wp-json\/wp\/v2\/tags?post=70209"}],"curies":[{"name":"wp","href":"https:\/\/api.w.org\/{rel}","templated":true}]}}