{"id":70197,"date":"2023-11-01T13:32:28","date_gmt":"2023-11-01T12:32:28","guid":{"rendered":"https:\/\/swissbaker.ch\/?p=70197"},"modified":"2023-11-02T16:02:19","modified_gmt":"2023-11-02T15:02:19","slug":"baisses-de-prix-linflation-deja-passee","status":"publish","type":"post","link":"https:\/\/swissbaker.ch\/fr\/panissimo-news\/baisses-de-prix-linflation-deja-passee\/","title":{"rendered":"Baisses de prix, l\u2019inflation d\u00e9j\u00e0 pass\u00e9e\u2009?"},"content":{"rendered":"\n<p><strong>Apr\u00e8s les vacances d\u2019\u00e9t\u00e9, les grands distributeurs ont annonc\u00e9 des baisses de prix sur divers produits alimentaires. Qu\u2019est-ce qui se cache derri\u00e8re ces annonces\u2009? L\u2019inflation appartient-elle d\u00e9j\u00e0 au pass\u00e9\u2009? Qu\u2019est-ce que cela signifie pour le secteur\u2009?<\/strong><\/p>\n\n\n\n<p>Le rench\u00e9rissement a augment\u00e9 ces derni\u00e8res ann\u00e9es depuis l\u2019\u00e9clatement de la pand\u00e9mie de Covid-19 et le d\u00e9but de la guerre en Ukraine, et s\u2019est entre-temps \u00e9loign\u00e9 de l\u2019objectif d\u2019un maximum de 2\u202f% fix\u00e9 par la Banque nationale. Cette derni\u00e8re a r\u00e9agi en augmentant progressivement le taux directeur jusqu\u2019\u00e0 1,75\u202f%. Une nouvelle hausse du taux directeur \u00e9tait attendue fin septembre, mais elle l\u2019a maintenu \u00e0 1,75\u202f%. Le rench\u00e9rissement est-il d\u00e9sormais endigu\u00e9\u2009?<\/p>\n\n\n\n<h3 class=\"wp-block-heading\" id=\"h-la-promesse-des-grands-distributeurs\">La promesse des grands distributeurs<\/h3>\n\n\n\n<p>Diff\u00e9rents grands distributeurs, dont Migros, Coop et Lidl Suisse, ont annonc\u00e9 des baisses de prix sur des centaines de produits\u2009: jus multivitamin\u00e9 moins 16,7\u202f%, huile de tournesol moins 3,6\u202f% ou salade de roquette moins 7,8\u202f%. Selon le journal Coop de d\u00e9but septembre, les prix de divers produits alimentaires baissent \u00e0 nouveau. Cette \u00e9volution est toutefois quelque peu surprenante, sachant que depuis le d\u00e9but de la pand\u00e9mie en 2020, les prix ont g\u00e9n\u00e9ralement nettement augment\u00e9 en raison de la rar\u00e9faction de l\u2019offre. Les engrais et les aliments pour animaux sont devenus rares, les prix de l\u2019\u00e9nergie ont fortement augment\u00e9 en raison du conflit en Ukraine, ce qui a logiquement entra\u00een\u00e9 une hausse des prix des denr\u00e9es alimentaires.<\/p>\n\n\n\n<figure class=\"wp-block-pullquote has-text-color\" style=\"color:#cc9933;font-size:24px;font-style:normal;font-weight:700\"><blockquote><p>Seuls comptent le conseil et la qualit\u00e9 des produits, qui garantissent les ventes n\u00e9cessaires.<\/p><\/blockquote><\/figure>\n\n\n\n<p>L\u2019inflation recule certes lentement en Suisse. C\u2019est sans doute pour cette raison que la Banque nationale suisse n\u2019a pas augment\u00e9 son taux directeur. Mais ces baisses de prix des grands distributeurs visent plut\u00f4t \u00e0 tenir une promesse qu\u2019\u00e0 fonder cette d\u00e9marche sur des calculs d\u2019\u00e9conomie de march\u00e9. Les chefs de Coop et de Migros avaient en effet annonc\u00e9 des prix stables ou en baisse pour cette ann\u00e9e, et les ventes en volume n\u00e9cessaires permettent de le faire.<\/p>\n\n\n\n<h3 class=\"wp-block-heading\" id=\"h-qu-est-ce-que-cela-signifie-pour-mon-entreprise\">Qu\u2019est-ce que cela signifie pour mon entreprise\u2009?<\/h3>\n\n\n\n<p>Cela peut para\u00eetre grotesque, mais en tant qu\u2019acteur de niche, il n\u2019est pas possible de suivre de telles tendances. Il n\u2019est pas possible d\u2019obtenir des effets de volume. Seuls comptent le conseil et la qualit\u00e9 des produits, qui garantissent les ventes n\u00e9cessaires. C\u2019est pourquoi nous estimons qu\u2019il est encore trop t\u00f4t pour commencer \u00e0 baisser les prix. Prenons l\u2019exemple de la hausse des co\u00fbts de l\u2019\u00e9nergie. Celle-ci ne se fera vraiment sentir que lors des prochaines cl\u00f4tures en 2023. <\/p>\n\n\n\n<p>Il est difficile de pr\u00e9voir exactement quel sera leur impact. Pour prendre en compte tous les effets de prix, il est recommand\u00e9 de maintenir au moins les prix actuels, voire de r\u00e9analyser ponctuellement certains produits pour la p\u00e9riode de No\u00ebl et d\u2019augmenter les prix si n\u00e9cessaire.<\/p>\n\n\n\n<p>Quoi qu\u2019il en soit, les d\u00e9fis restent nombreux dans le secteur. Chez SBC Fiduciaire SA, nous vous conseillons volontiers. <\/p>\n\n\n\n<p class=\"has-text-align-right\"><em>Markus K\u00fcnzli, directeur de SBC Fiduciaire<\/em><\/p>\n","protected":false},"excerpt":{"rendered":"<p>Apr\u00e8s les vacances d\u2019\u00e9t\u00e9, les grands distributeurs ont annonc\u00e9 des baisses de prix sur divers produits alimentaires. Qu\u2019est-ce qui se cache derri\u00e8re ces annonces\u2009? L\u2019inflation appartient-elle d\u00e9j\u00e0 au pass\u00e9\u2009? Qu\u2019est-ce que cela signifie pour le secteur\u2009?<\/p>\n","protected":false},"author":5,"featured_media":70258,"comment_status":"closed","ping_status":"closed","sticky":true,"template":"","format":"standard","meta":{"_acf_changed":false,"footnotes":""},"categories":[41,54],"tags":[],"class_list":["post-70197","post","type-post","status-publish","format-standard","has-post-thumbnail","hentry","category-association","category-conseils"],"acf":[],"yoast_head":"<!-- This site is optimized with the Yoast SEO Premium plugin v26.8 (Yoast SEO v26.8) - https:\/\/yoast.com\/product\/yoast-seo-premium-wordpress\/ -->\n<title>Baisses de prix, l\u2019inflation d\u00e9j\u00e0 pass\u00e9e\u2009? | SBC<\/title>\n<meta name=\"description\" content=\"Apr\u00e8s les vacances d\u2019\u00e9t\u00e9, les grands distributeurs ont annonc\u00e9 des baisses de prix sur divers produits alimentaires. Qu\u2019est-ce qui se cache derri\u00e8re ces annonces\u2009?\" \/>\n<meta name=\"robots\" content=\"index, follow, max-snippet:-1, max-image-preview:large, max-video-preview:-1\" \/>\n<link rel=\"canonical\" href=\"https:\/\/swissbaker.ch\/fr\/panissimo-news\/baisses-de-prix-linflation-deja-passee\/\" \/>\n<meta property=\"og:locale\" content=\"fr_FR\" \/>\n<meta property=\"og:type\" content=\"article\" \/>\n<meta property=\"og:title\" content=\"Baisses de prix, l\u2019inflation d\u00e9j\u00e0 pass\u00e9e\u2009?\" \/>\n<meta property=\"og:description\" content=\"Apr\u00e8s les vacances d\u2019\u00e9t\u00e9, les grands distributeurs ont annonc\u00e9 des baisses de prix sur divers produits alimentaires. Qu\u2019est-ce qui se cache derri\u00e8re ces annonces\u2009?\" \/>\n<meta property=\"og:url\" content=\"https:\/\/swissbaker.ch\/fr\/panissimo-news\/baisses-de-prix-linflation-deja-passee\/\" \/>\n<meta property=\"og:site_name\" content=\"SBC\" \/>\n<meta property=\"article:publisher\" content=\"https:\/\/www.facebook.com\/swissbaker.ch\" \/>\n<meta property=\"article:published_time\" content=\"2023-11-01T12:32:28+00:00\" \/>\n<meta property=\"article:modified_time\" content=\"2023-11-02T15:02:19+00:00\" \/>\n<meta property=\"og:image\" content=\"https:\/\/swissbaker.ch\/wp-content\/uploads\/2023\/11\/20_2_in_deflation.jpg\" \/>\n\t<meta property=\"og:image:width\" content=\"1200\" \/>\n\t<meta property=\"og:image:height\" content=\"712\" \/>\n\t<meta property=\"og:image:type\" content=\"image\/jpeg\" \/>\n<meta name=\"author\" content=\"Simon Nussbaum\" \/>\n<meta name=\"twitter:card\" content=\"summary_large_image\" \/>\n<meta name=\"twitter:creator\" content=\"@ch_swissbaker\" \/>\n<meta name=\"twitter:site\" content=\"@ch_swissbaker\" \/>\n<meta name=\"twitter:label1\" content=\"Written by\" \/>\n\t<meta name=\"twitter:data1\" content=\"Simon Nussbaum\" \/>\n\t<meta name=\"twitter:label2\" content=\"Est. reading time\" \/>\n\t<meta name=\"twitter:data2\" content=\"3 minutes\" \/>\n<script type=\"application\/ld+json\" class=\"yoast-schema-graph\">{\"@context\":\"https:\/\/schema.org\",\"@graph\":[{\"@type\":\"Article\",\"@id\":\"https:\/\/swissbaker.ch\/fr\/panissimo-news\/baisses-de-prix-linflation-deja-passee\/#article\",\"isPartOf\":{\"@id\":\"https:\/\/swissbaker.ch\/fr\/panissimo-news\/baisses-de-prix-linflation-deja-passee\/\"},\"author\":{\"name\":\"Simon Nussbaum\",\"@id\":\"https:\/\/swissbaker.ch\/fr\/#\/schema\/person\/74bd327b08c18ca6042c02ff6f0ed5e2\"},\"headline\":\"Baisses de prix, l\u2019inflation d\u00e9j\u00e0 pass\u00e9e\u2009?\",\"datePublished\":\"2023-11-01T12:32:28+00:00\",\"dateModified\":\"2023-11-02T15:02:19+00:00\",\"mainEntityOfPage\":{\"@id\":\"https:\/\/swissbaker.ch\/fr\/panissimo-news\/baisses-de-prix-linflation-deja-passee\/\"},\"wordCount\":536,\"publisher\":{\"@id\":\"https:\/\/swissbaker.ch\/fr\/#organization\"},\"image\":{\"@id\":\"https:\/\/swissbaker.ch\/fr\/panissimo-news\/baisses-de-prix-linflation-deja-passee\/#primaryimage\"},\"thumbnailUrl\":\"https:\/\/swissbaker.ch\/wp-content\/uploads\/2023\/11\/20_2_in_deflation.jpg\",\"articleSection\":[\"Association\",\"Conseils\"],\"inLanguage\":\"fr-FR\"},{\"@type\":\"WebPage\",\"@id\":\"https:\/\/swissbaker.ch\/fr\/panissimo-news\/baisses-de-prix-linflation-deja-passee\/\",\"url\":\"https:\/\/swissbaker.ch\/fr\/panissimo-news\/baisses-de-prix-linflation-deja-passee\/\",\"name\":\"Baisses de prix, l\u2019inflation d\u00e9j\u00e0 pass\u00e9e\u2009? | SBC\",\"isPartOf\":{\"@id\":\"https:\/\/swissbaker.ch\/fr\/#website\"},\"primaryImageOfPage\":{\"@id\":\"https:\/\/swissbaker.ch\/fr\/panissimo-news\/baisses-de-prix-linflation-deja-passee\/#primaryimage\"},\"image\":{\"@id\":\"https:\/\/swissbaker.ch\/fr\/panissimo-news\/baisses-de-prix-linflation-deja-passee\/#primaryimage\"},\"thumbnailUrl\":\"https:\/\/swissbaker.ch\/wp-content\/uploads\/2023\/11\/20_2_in_deflation.jpg\",\"datePublished\":\"2023-11-01T12:32:28+00:00\",\"dateModified\":\"2023-11-02T15:02:19+00:00\",\"description\":\"Apr\u00e8s les vacances d\u2019\u00e9t\u00e9, les grands distributeurs ont annonc\u00e9 des baisses de prix sur divers produits alimentaires. Qu\u2019est-ce qui se cache derri\u00e8re ces annonces\u2009?\",\"breadcrumb\":{\"@id\":\"https:\/\/swissbaker.ch\/fr\/panissimo-news\/baisses-de-prix-linflation-deja-passee\/#breadcrumb\"},\"inLanguage\":\"fr-FR\",\"potentialAction\":[{\"@type\":\"ReadAction\",\"target\":[\"https:\/\/swissbaker.ch\/fr\/panissimo-news\/baisses-de-prix-linflation-deja-passee\/\"]}]},{\"@type\":\"ImageObject\",\"inLanguage\":\"fr-FR\",\"@id\":\"https:\/\/swissbaker.ch\/fr\/panissimo-news\/baisses-de-prix-linflation-deja-passee\/#primaryimage\",\"url\":\"https:\/\/swissbaker.ch\/wp-content\/uploads\/2023\/11\/20_2_in_deflation.jpg\",\"contentUrl\":\"https:\/\/swissbaker.ch\/wp-content\/uploads\/2023\/11\/20_2_in_deflation.jpg\",\"width\":1200,\"height\":712},{\"@type\":\"BreadcrumbList\",\"@id\":\"https:\/\/swissbaker.ch\/fr\/panissimo-news\/baisses-de-prix-linflation-deja-passee\/#breadcrumb\",\"itemListElement\":[{\"@type\":\"ListItem\",\"position\":1,\"name\":\"\",\"item\":\"https:\/\/swissbaker.ch\/fr\/\"},{\"@type\":\"ListItem\",\"position\":2,\"name\":\"Association\",\"item\":\"https:\/\/swissbaker.ch\/fr\/panissimo-news\/category\/association\/\"},{\"@type\":\"ListItem\",\"position\":3,\"name\":\"Baisses de prix, l\u2019inflation d\u00e9j\u00e0 pass\u00e9e\u2009?\"}]},{\"@type\":\"WebSite\",\"@id\":\"https:\/\/swissbaker.ch\/fr\/#website\",\"url\":\"https:\/\/swissbaker.ch\/fr\/\",\"name\":\"SBC\",\"description\":\"\",\"publisher\":{\"@id\":\"https:\/\/swissbaker.ch\/fr\/#organization\"},\"potentialAction\":[{\"@type\":\"SearchAction\",\"target\":{\"@type\":\"EntryPoint\",\"urlTemplate\":\"https:\/\/swissbaker.ch\/fr\/?s={search_term_string}\"},\"query-input\":{\"@type\":\"PropertyValueSpecification\",\"valueRequired\":true,\"valueName\":\"search_term_string\"}}],\"inLanguage\":\"fr-FR\"},{\"@type\":\"Organization\",\"@id\":\"https:\/\/swissbaker.ch\/fr\/#organization\",\"name\":\"Schweizerischer B\u00e4cker-Confiseurmeister-Verband\",\"url\":\"https:\/\/swissbaker.ch\/fr\/\",\"logo\":{\"@type\":\"ImageObject\",\"inLanguage\":\"fr-FR\",\"@id\":\"https:\/\/swissbaker.ch\/fr\/#\/schema\/logo\/image\/\",\"url\":\"https:\/\/swissbaker.ch\/wp-content\/uploads\/2022\/04\/sbc-logo-yoast.jpg\",\"contentUrl\":\"https:\/\/swissbaker.ch\/wp-content\/uploads\/2022\/04\/sbc-logo-yoast.jpg\",\"width\":512,\"height\":512,\"caption\":\"Schweizerischer B\u00e4cker-Confiseurmeister-Verband\"},\"image\":{\"@id\":\"https:\/\/swissbaker.ch\/fr\/#\/schema\/logo\/image\/\"},\"sameAs\":[\"https:\/\/www.facebook.com\/swissbaker.ch\",\"https:\/\/x.com\/ch_swissbaker\"]},{\"@type\":\"Person\",\"@id\":\"https:\/\/swissbaker.ch\/fr\/#\/schema\/person\/74bd327b08c18ca6042c02ff6f0ed5e2\",\"name\":\"Simon Nussbaum\",\"image\":{\"@type\":\"ImageObject\",\"inLanguage\":\"fr-FR\",\"@id\":\"https:\/\/swissbaker.ch\/fr\/#\/schema\/person\/image\/\",\"url\":\"https:\/\/secure.gravatar.com\/avatar\/df0eced3bb556c806cb760cf503ade1ed1df25b4104d80d6fd28d93a9509aa12?s=96&d=mm&r=g\",\"contentUrl\":\"https:\/\/secure.gravatar.com\/avatar\/df0eced3bb556c806cb760cf503ade1ed1df25b4104d80d6fd28d93a9509aa12?s=96&d=mm&r=g\",\"caption\":\"Simon Nussbaum\"},\"url\":\"https:\/\/swissbaker.ch\/fr\/panissimo-news\/author\/simon-nussbaum\/\"}]}<\/script>\n<!-- \/ Yoast SEO Premium plugin. -->","yoast_head_json":{"title":"Baisses de prix, l\u2019inflation d\u00e9j\u00e0 pass\u00e9e\u2009? | SBC","description":"Apr\u00e8s les vacances d\u2019\u00e9t\u00e9, les grands distributeurs ont annonc\u00e9 des baisses de prix sur divers produits alimentaires. Qu\u2019est-ce qui se cache derri\u00e8re ces annonces\u2009?","robots":{"index":"index","follow":"follow","max-snippet":"max-snippet:-1","max-image-preview":"max-image-preview:large","max-video-preview":"max-video-preview:-1"},"canonical":"https:\/\/swissbaker.ch\/fr\/panissimo-news\/baisses-de-prix-linflation-deja-passee\/","og_locale":"fr_FR","og_type":"article","og_title":"Baisses de prix, l\u2019inflation d\u00e9j\u00e0 pass\u00e9e\u2009?","og_description":"Apr\u00e8s les vacances d\u2019\u00e9t\u00e9, les grands distributeurs ont annonc\u00e9 des baisses de prix sur divers produits alimentaires. Qu\u2019est-ce qui se cache derri\u00e8re ces annonces\u2009?","og_url":"https:\/\/swissbaker.ch\/fr\/panissimo-news\/baisses-de-prix-linflation-deja-passee\/","og_site_name":"SBC","article_publisher":"https:\/\/www.facebook.com\/swissbaker.ch","article_published_time":"2023-11-01T12:32:28+00:00","article_modified_time":"2023-11-02T15:02:19+00:00","og_image":[{"width":1200,"height":712,"url":"https:\/\/swissbaker.ch\/wp-content\/uploads\/2023\/11\/20_2_in_deflation.jpg","type":"image\/jpeg"}],"author":"Simon Nussbaum","twitter_card":"summary_large_image","twitter_creator":"@ch_swissbaker","twitter_site":"@ch_swissbaker","twitter_misc":{"Written by":"Simon Nussbaum","Est. reading time":"3 minutes"},"schema":{"@context":"https:\/\/schema.org","@graph":[{"@type":"Article","@id":"https:\/\/swissbaker.ch\/fr\/panissimo-news\/baisses-de-prix-linflation-deja-passee\/#article","isPartOf":{"@id":"https:\/\/swissbaker.ch\/fr\/panissimo-news\/baisses-de-prix-linflation-deja-passee\/"},"author":{"name":"Simon Nussbaum","@id":"https:\/\/swissbaker.ch\/fr\/#\/schema\/person\/74bd327b08c18ca6042c02ff6f0ed5e2"},"headline":"Baisses de prix, l\u2019inflation d\u00e9j\u00e0 pass\u00e9e\u2009?","datePublished":"2023-11-01T12:32:28+00:00","dateModified":"2023-11-02T15:02:19+00:00","mainEntityOfPage":{"@id":"https:\/\/swissbaker.ch\/fr\/panissimo-news\/baisses-de-prix-linflation-deja-passee\/"},"wordCount":536,"publisher":{"@id":"https:\/\/swissbaker.ch\/fr\/#organization"},"image":{"@id":"https:\/\/swissbaker.ch\/fr\/panissimo-news\/baisses-de-prix-linflation-deja-passee\/#primaryimage"},"thumbnailUrl":"https:\/\/swissbaker.ch\/wp-content\/uploads\/2023\/11\/20_2_in_deflation.jpg","articleSection":["Association","Conseils"],"inLanguage":"fr-FR"},{"@type":"WebPage","@id":"https:\/\/swissbaker.ch\/fr\/panissimo-news\/baisses-de-prix-linflation-deja-passee\/","url":"https:\/\/swissbaker.ch\/fr\/panissimo-news\/baisses-de-prix-linflation-deja-passee\/","name":"Baisses de prix, l\u2019inflation d\u00e9j\u00e0 pass\u00e9e\u2009? | SBC","isPartOf":{"@id":"https:\/\/swissbaker.ch\/fr\/#website"},"primaryImageOfPage":{"@id":"https:\/\/swissbaker.ch\/fr\/panissimo-news\/baisses-de-prix-linflation-deja-passee\/#primaryimage"},"image":{"@id":"https:\/\/swissbaker.ch\/fr\/panissimo-news\/baisses-de-prix-linflation-deja-passee\/#primaryimage"},"thumbnailUrl":"https:\/\/swissbaker.ch\/wp-content\/uploads\/2023\/11\/20_2_in_deflation.jpg","datePublished":"2023-11-01T12:32:28+00:00","dateModified":"2023-11-02T15:02:19+00:00","description":"Apr\u00e8s les vacances d\u2019\u00e9t\u00e9, les grands distributeurs ont annonc\u00e9 des baisses de prix sur divers produits alimentaires. Qu\u2019est-ce qui se cache derri\u00e8re ces annonces\u2009?","breadcrumb":{"@id":"https:\/\/swissbaker.ch\/fr\/panissimo-news\/baisses-de-prix-linflation-deja-passee\/#breadcrumb"},"inLanguage":"fr-FR","potentialAction":[{"@type":"ReadAction","target":["https:\/\/swissbaker.ch\/fr\/panissimo-news\/baisses-de-prix-linflation-deja-passee\/"]}]},{"@type":"ImageObject","inLanguage":"fr-FR","@id":"https:\/\/swissbaker.ch\/fr\/panissimo-news\/baisses-de-prix-linflation-deja-passee\/#primaryimage","url":"https:\/\/swissbaker.ch\/wp-content\/uploads\/2023\/11\/20_2_in_deflation.jpg","contentUrl":"https:\/\/swissbaker.ch\/wp-content\/uploads\/2023\/11\/20_2_in_deflation.jpg","width":1200,"height":712},{"@type":"BreadcrumbList","@id":"https:\/\/swissbaker.ch\/fr\/panissimo-news\/baisses-de-prix-linflation-deja-passee\/#breadcrumb","itemListElement":[{"@type":"ListItem","position":1,"name":"","item":"https:\/\/swissbaker.ch\/fr\/"},{"@type":"ListItem","position":2,"name":"Association","item":"https:\/\/swissbaker.ch\/fr\/panissimo-news\/category\/association\/"},{"@type":"ListItem","position":3,"name":"Baisses de prix, l\u2019inflation d\u00e9j\u00e0 pass\u00e9e\u2009?"}]},{"@type":"WebSite","@id":"https:\/\/swissbaker.ch\/fr\/#website","url":"https:\/\/swissbaker.ch\/fr\/","name":"SBC","description":"","publisher":{"@id":"https:\/\/swissbaker.ch\/fr\/#organization"},"potentialAction":[{"@type":"SearchAction","target":{"@type":"EntryPoint","urlTemplate":"https:\/\/swissbaker.ch\/fr\/?s={search_term_string}"},"query-input":{"@type":"PropertyValueSpecification","valueRequired":true,"valueName":"search_term_string"}}],"inLanguage":"fr-FR"},{"@type":"Organization","@id":"https:\/\/swissbaker.ch\/fr\/#organization","name":"Schweizerischer B\u00e4cker-Confiseurmeister-Verband","url":"https:\/\/swissbaker.ch\/fr\/","logo":{"@type":"ImageObject","inLanguage":"fr-FR","@id":"https:\/\/swissbaker.ch\/fr\/#\/schema\/logo\/image\/","url":"https:\/\/swissbaker.ch\/wp-content\/uploads\/2022\/04\/sbc-logo-yoast.jpg","contentUrl":"https:\/\/swissbaker.ch\/wp-content\/uploads\/2022\/04\/sbc-logo-yoast.jpg","width":512,"height":512,"caption":"Schweizerischer B\u00e4cker-Confiseurmeister-Verband"},"image":{"@id":"https:\/\/swissbaker.ch\/fr\/#\/schema\/logo\/image\/"},"sameAs":["https:\/\/www.facebook.com\/swissbaker.ch","https:\/\/x.com\/ch_swissbaker"]},{"@type":"Person","@id":"https:\/\/swissbaker.ch\/fr\/#\/schema\/person\/74bd327b08c18ca6042c02ff6f0ed5e2","name":"Simon Nussbaum","image":{"@type":"ImageObject","inLanguage":"fr-FR","@id":"https:\/\/swissbaker.ch\/fr\/#\/schema\/person\/image\/","url":"https:\/\/secure.gravatar.com\/avatar\/df0eced3bb556c806cb760cf503ade1ed1df25b4104d80d6fd28d93a9509aa12?s=96&d=mm&r=g","contentUrl":"https:\/\/secure.gravatar.com\/avatar\/df0eced3bb556c806cb760cf503ade1ed1df25b4104d80d6fd28d93a9509aa12?s=96&d=mm&r=g","caption":"Simon Nussbaum"},"url":"https:\/\/swissbaker.ch\/fr\/panissimo-news\/author\/simon-nussbaum\/"}]}},"_links":{"self":[{"href":"https:\/\/swissbaker.ch\/fr\/wp-json\/wp\/v2\/posts\/70197","targetHints":{"allow":["GET"]}}],"collection":[{"href":"https:\/\/swissbaker.ch\/fr\/wp-json\/wp\/v2\/posts"}],"about":[{"href":"https:\/\/swissbaker.ch\/fr\/wp-json\/wp\/v2\/types\/post"}],"author":[{"embeddable":true,"href":"https:\/\/swissbaker.ch\/fr\/wp-json\/wp\/v2\/users\/5"}],"replies":[{"embeddable":true,"href":"https:\/\/swissbaker.ch\/fr\/wp-json\/wp\/v2\/comments?post=70197"}],"version-history":[{"count":0,"href":"https:\/\/swissbaker.ch\/fr\/wp-json\/wp\/v2\/posts\/70197\/revisions"}],"wp:featuredmedia":[{"embeddable":true,"href":"https:\/\/swissbaker.ch\/fr\/wp-json\/wp\/v2\/media\/70258"}],"wp:attachment":[{"href":"https:\/\/swissbaker.ch\/fr\/wp-json\/wp\/v2\/media?parent=70197"}],"wp:term":[{"taxonomy":"category","embeddable":true,"href":"https:\/\/swissbaker.ch\/fr\/wp-json\/wp\/v2\/categories?post=70197"},{"taxonomy":"post_tag","embeddable":true,"href":"https:\/\/swissbaker.ch\/fr\/wp-json\/wp\/v2\/tags?post=70197"}],"curies":[{"name":"wp","href":"https:\/\/api.w.org\/{rel}","templated":true}]}}