{"id":70048,"date":"2023-10-25T18:21:13","date_gmt":"2023-10-25T16:21:13","guid":{"rendered":"https:\/\/swissbaker.ch\/?p=70048"},"modified":"2023-10-26T16:12:28","modified_gmt":"2023-10-26T14:12:28","slug":"des-morceaux-du-patrimoine-neuchatelois-dans-une-tablette-anniversaire","status":"publish","type":"post","link":"https:\/\/swissbaker.ch\/fr\/panissimo-news\/des-morceaux-du-patrimoine-neuchatelois-dans-une-tablette-anniversaire\/","title":{"rendered":"Patrimoine neuch\u00e2telois: tablette anniversaire\u00a0"},"content":{"rendered":"\n<p><strong>Chocolatissimo f\u00eatera son dixi\u00e8me anniversaire, du 4 au 11 novembre \u00e0 Neuch\u00e2tel. \u00ab&nbsp;Dix ans que ce projet rassemble les Neuch\u00e2telois, bien au-del\u00e0 de la ville, autour de ce magnifique patrimoine qu\u2019est le chocolat&nbsp;\u00bb, a rappel\u00e9 Violaine Bl\u00e9try-de Montmollin, conseill\u00e8re communale en charge de l\u2019\u00e9conomie et du tourisme, lors de la conf\u00e9rence de presse.<\/strong><\/p>\n\n\n\n<h2 class=\"wp-block-heading\" id=\"h-champion-du-monde-et-double-etoile\"><strong>Champion du monde et double \u00e9toil\u00e9<\/strong><\/h2>\n\n\n\n<p>En plus de d\u00e9monstrations et d\u00e9gustations des confiseurs partenaires, les organisateurs ont souhait\u00e9 marquer le coup en invitant Jorge Cardoso, champion du monde \u00e0 deux reprises, et Christophe Loeffel, chef doublement \u00e9toil\u00e9. Le chocolatier fribourgeois d\u2019origine portugaise pr\u00e9sentera une sculpture in\u00e9dite, durant le premier week-end de la manifestation. Quant au chef-p\u00e2tissier Gault&amp;Millau Suisse 2021, il partagera ses connaissances lors d\u2019ateliers de p\u00e2tisserie.<\/p>\n\n\n\n<p>Le P\u00e9ristyle de l\u2019H\u00f4tel de Ville accueillera l\u2019essentiel de la manifestation. Le public y d\u00e9couvrira l\u2019exposition de pi\u00e8ces artistiques des apprentis boulangers-confiseurs du Centre de formation professionnelle neuch\u00e2teloise. Sur le th\u00e8me \u00ab&nbsp;Les jubil\u00e9s en f\u00eate&nbsp;!&nbsp;\u00bb, ils pr\u00e9senteront des g\u00e2teaux anniversaires de trois \u00e0 cinq \u00e9tages. Les visiteurs pourront voter pour leur pi\u00e8ce pr\u00e9f\u00e9r\u00e9e.<\/p>\n\n\n\n<h2 class=\"wp-block-heading\" id=\"h-retour-de-trois-best-sellers\"><strong>Retour de trois best-sellers<\/strong><\/h2>\n\n\n\n<p>Traditionnellement, trois plaques de chocolat sont cr\u00e9\u00e9es \u00e0 chaque \u00e9dition. Anniversaire oblige, il en est un peu autrement cette ann\u00e9e, comme l\u2019a expliqu\u00e9 le pr\u00e9sident de l\u2019association Pierre Walder&nbsp;: \u00ab&nbsp;Nous avons puis\u00e9 dans le pass\u00e9 et nous avons choisi ce que nous consid\u00e9rons comme des best-sellers&nbsp;: chocolat blanc aux noisettes caram\u00e9lis\u00e9es et \u00e0 l&#8217;orange poivr\u00e9e (\u00e9dition 2019), chocolat noir avec verveine citron (2018), chocolat au lait avec safran (2015)&nbsp;\u00bb. A ces douceurs, s\u2019ajoute une quatri\u00e8me au chocolat blond. La particularit\u00e9 de la tablette r\u00e9side dans sa forme qui qui reprend les structures de la pierre d\u2019Hauterive, roche beige embl\u00e9matique de Neuch\u00e2tel. <\/p>\n\n\n<div class=\"wp-block-image\">\n<figure class=\"aligncenter size-full is-resized\"><img decoding=\"async\" src=\"https:\/\/swissbaker.ch\/wp-content\/uploads\/2023\/10\/chocoaltissimo_creation.jpg\" alt=\"\" class=\"wp-image-70085\" style=\"width:402px;height:402px\" width=\"402\" height=\"402\" srcset=\"https:\/\/swissbaker.ch\/wp-content\/uploads\/2023\/10\/chocoaltissimo_creation.jpg 600w, https:\/\/swissbaker.ch\/wp-content\/uploads\/2023\/10\/chocoaltissimo_creation-150x150.jpg 150w\" sizes=\"(max-width: 402px) 100vw, 402px\" \/><figcaption class=\"wp-element-caption\"><em>La cr\u00e9ation 2023 de Chocolatissimo s\u2019inspire de la pierre d\u2019Hauterive.<\/em><\/figcaption><\/figure>\n<\/div>\n\n\n<p>En charge du design des emballages et de l\u2019affiche, les artistes r\u00e9gionaux Laure Gremion et Ma\u00ebl Berchtold ont scann\u00e9 des murs de la ville pour la cr\u00e9ation du moule de la tablette. \u00ab&nbsp;En observant de pr\u00e8s cette pierre, nous avons remarqu\u00e9 des structures particuli\u00e8res laiss\u00e9es par les outils de taille utilis\u00e9s. Nous avons alors emprunt\u00e9 le scanner 3D du FabLab-Neuch pour pouvoir les mod\u00e9liser et les reproduire.&nbsp;\u00bb, explique Mme Gremion. La couleur du chocolat choisi parach\u00e8ve l\u2019illusion.<\/p>\n\n\n\n<p class=\"has-text-align-right\"><em>Johann Ruppen<\/em><\/p>\n\n\n\n<p><a href=\"http:\/\/chocolatissimo.ch\" target=\"_blank\" rel=\"noreferrer noopener\">Infos et programme<\/a><\/p>\n","protected":false},"excerpt":{"rendered":"<p>Chocolatissimo f\u00eatera son dixi\u00e8me anniversaire, du 4 au 11 novembre \u00e0 Neuch\u00e2tel. \u00ab Dix ans que ce projet rassemble les Neuch\u00e2telois, bien au-del\u00e0 de la ville, autour de ce magnifique patrimoine qu\u2019est le chocolat \u00bb, a rappel\u00e9 Violaine Bl\u00e9try-de Montmollin, conseill\u00e8re communale en charge de l\u2019\u00e9conomie et du tourisme, lors de la conf\u00e9rence de presse.<\/p>\n","protected":false},"author":5,"featured_media":70050,"comment_status":"closed","ping_status":"closed","sticky":true,"template":"","format":"standard","meta":{"_acf_changed":false,"footnotes":""},"categories":[40],"tags":[],"class_list":["post-70048","post","type-post","status-publish","format-standard","has-post-thumbnail","hentry","category-des-cantons"],"acf":[],"yoast_head":"<!-- This site is optimized with the Yoast SEO Premium plugin v26.8 (Yoast SEO v26.8) - https:\/\/yoast.com\/product\/yoast-seo-premium-wordpress\/ -->\n<title>Patrimoine neuch\u00e2telois: tablette anniversaire\u00a0 | SBC<\/title>\n<meta name=\"description\" content=\"Chocolatissimo f\u00eatera son dixi\u00e8me anniversaire, du 4 au 11 novembre \u00e0 Neuch\u00e2tel.\" \/>\n<meta name=\"robots\" content=\"index, follow, max-snippet:-1, max-image-preview:large, max-video-preview:-1\" \/>\n<link rel=\"canonical\" href=\"https:\/\/swissbaker.ch\/fr\/panissimo-news\/des-morceaux-du-patrimoine-neuchatelois-dans-une-tablette-anniversaire\/\" \/>\n<meta property=\"og:locale\" content=\"fr_FR\" \/>\n<meta property=\"og:type\" content=\"article\" \/>\n<meta property=\"og:title\" content=\"Patrimoine neuch\u00e2telois: tablette anniversaire\u00a0\" \/>\n<meta property=\"og:description\" content=\"Chocolatissimo f\u00eatera son dixi\u00e8me anniversaire, du 4 au 11 novembre \u00e0 Neuch\u00e2tel.\" \/>\n<meta property=\"og:url\" content=\"https:\/\/swissbaker.ch\/fr\/panissimo-news\/des-morceaux-du-patrimoine-neuchatelois-dans-une-tablette-anniversaire\/\" \/>\n<meta property=\"og:site_name\" content=\"SBC\" \/>\n<meta property=\"article:publisher\" content=\"https:\/\/www.facebook.com\/swissbaker.ch\" \/>\n<meta property=\"article:published_time\" content=\"2023-10-25T16:21:13+00:00\" \/>\n<meta property=\"article:modified_time\" content=\"2023-10-26T14:12:28+00:00\" \/>\n<meta property=\"og:image\" content=\"https:\/\/swissbaker.ch\/wp-content\/uploads\/2023\/10\/20_1_chocolatissimo.jpg\" \/>\n\t<meta property=\"og:image:width\" content=\"1200\" \/>\n\t<meta property=\"og:image:height\" content=\"712\" \/>\n\t<meta property=\"og:image:type\" content=\"image\/jpeg\" \/>\n<meta name=\"author\" content=\"Simon Nussbaum\" \/>\n<meta name=\"twitter:card\" content=\"summary_large_image\" \/>\n<meta name=\"twitter:creator\" content=\"@ch_swissbaker\" \/>\n<meta name=\"twitter:site\" content=\"@ch_swissbaker\" \/>\n<meta name=\"twitter:label1\" content=\"Written by\" \/>\n\t<meta name=\"twitter:data1\" content=\"Simon Nussbaum\" \/>\n\t<meta name=\"twitter:label2\" content=\"Est. reading time\" \/>\n\t<meta name=\"twitter:data2\" content=\"2 minutes\" \/>\n<script type=\"application\/ld+json\" class=\"yoast-schema-graph\">{\"@context\":\"https:\/\/schema.org\",\"@graph\":[{\"@type\":\"Article\",\"@id\":\"https:\/\/swissbaker.ch\/fr\/panissimo-news\/des-morceaux-du-patrimoine-neuchatelois-dans-une-tablette-anniversaire\/#article\",\"isPartOf\":{\"@id\":\"https:\/\/swissbaker.ch\/fr\/panissimo-news\/des-morceaux-du-patrimoine-neuchatelois-dans-une-tablette-anniversaire\/\"},\"author\":{\"name\":\"Simon Nussbaum\",\"@id\":\"https:\/\/swissbaker.ch\/fr\/#\/schema\/person\/74bd327b08c18ca6042c02ff6f0ed5e2\"},\"headline\":\"Patrimoine neuch\u00e2telois: tablette anniversaire\u00a0\",\"datePublished\":\"2023-10-25T16:21:13+00:00\",\"dateModified\":\"2023-10-26T14:12:28+00:00\",\"mainEntityOfPage\":{\"@id\":\"https:\/\/swissbaker.ch\/fr\/panissimo-news\/des-morceaux-du-patrimoine-neuchatelois-dans-une-tablette-anniversaire\/\"},\"wordCount\":441,\"publisher\":{\"@id\":\"https:\/\/swissbaker.ch\/fr\/#organization\"},\"image\":{\"@id\":\"https:\/\/swissbaker.ch\/fr\/panissimo-news\/des-morceaux-du-patrimoine-neuchatelois-dans-une-tablette-anniversaire\/#primaryimage\"},\"thumbnailUrl\":\"https:\/\/swissbaker.ch\/wp-content\/uploads\/2023\/10\/20_1_chocolatissimo.jpg\",\"articleSection\":[\"Des cantons\"],\"inLanguage\":\"fr-FR\"},{\"@type\":\"WebPage\",\"@id\":\"https:\/\/swissbaker.ch\/fr\/panissimo-news\/des-morceaux-du-patrimoine-neuchatelois-dans-une-tablette-anniversaire\/\",\"url\":\"https:\/\/swissbaker.ch\/fr\/panissimo-news\/des-morceaux-du-patrimoine-neuchatelois-dans-une-tablette-anniversaire\/\",\"name\":\"Patrimoine neuch\u00e2telois: tablette anniversaire\u00a0 | SBC\",\"isPartOf\":{\"@id\":\"https:\/\/swissbaker.ch\/fr\/#website\"},\"primaryImageOfPage\":{\"@id\":\"https:\/\/swissbaker.ch\/fr\/panissimo-news\/des-morceaux-du-patrimoine-neuchatelois-dans-une-tablette-anniversaire\/#primaryimage\"},\"image\":{\"@id\":\"https:\/\/swissbaker.ch\/fr\/panissimo-news\/des-morceaux-du-patrimoine-neuchatelois-dans-une-tablette-anniversaire\/#primaryimage\"},\"thumbnailUrl\":\"https:\/\/swissbaker.ch\/wp-content\/uploads\/2023\/10\/20_1_chocolatissimo.jpg\",\"datePublished\":\"2023-10-25T16:21:13+00:00\",\"dateModified\":\"2023-10-26T14:12:28+00:00\",\"description\":\"Chocolatissimo f\u00eatera son dixi\u00e8me anniversaire, du 4 au 11 novembre \u00e0 Neuch\u00e2tel.\",\"breadcrumb\":{\"@id\":\"https:\/\/swissbaker.ch\/fr\/panissimo-news\/des-morceaux-du-patrimoine-neuchatelois-dans-une-tablette-anniversaire\/#breadcrumb\"},\"inLanguage\":\"fr-FR\",\"potentialAction\":[{\"@type\":\"ReadAction\",\"target\":[\"https:\/\/swissbaker.ch\/fr\/panissimo-news\/des-morceaux-du-patrimoine-neuchatelois-dans-une-tablette-anniversaire\/\"]}]},{\"@type\":\"ImageObject\",\"inLanguage\":\"fr-FR\",\"@id\":\"https:\/\/swissbaker.ch\/fr\/panissimo-news\/des-morceaux-du-patrimoine-neuchatelois-dans-une-tablette-anniversaire\/#primaryimage\",\"url\":\"https:\/\/swissbaker.ch\/wp-content\/uploads\/2023\/10\/20_1_chocolatissimo.jpg\",\"contentUrl\":\"https:\/\/swissbaker.ch\/wp-content\/uploads\/2023\/10\/20_1_chocolatissimo.jpg\",\"width\":1200,\"height\":712},{\"@type\":\"BreadcrumbList\",\"@id\":\"https:\/\/swissbaker.ch\/fr\/panissimo-news\/des-morceaux-du-patrimoine-neuchatelois-dans-une-tablette-anniversaire\/#breadcrumb\",\"itemListElement\":[{\"@type\":\"ListItem\",\"position\":1,\"name\":\"\",\"item\":\"https:\/\/swissbaker.ch\/fr\/\"},{\"@type\":\"ListItem\",\"position\":2,\"name\":\"Des cantons\",\"item\":\"https:\/\/swissbaker.ch\/fr\/panissimo-news\/category\/des-cantons\/\"},{\"@type\":\"ListItem\",\"position\":3,\"name\":\"Patrimoine neuch\u00e2telois: tablette anniversaire\u00a0\"}]},{\"@type\":\"WebSite\",\"@id\":\"https:\/\/swissbaker.ch\/fr\/#website\",\"url\":\"https:\/\/swissbaker.ch\/fr\/\",\"name\":\"SBC\",\"description\":\"\",\"publisher\":{\"@id\":\"https:\/\/swissbaker.ch\/fr\/#organization\"},\"potentialAction\":[{\"@type\":\"SearchAction\",\"target\":{\"@type\":\"EntryPoint\",\"urlTemplate\":\"https:\/\/swissbaker.ch\/fr\/?s={search_term_string}\"},\"query-input\":{\"@type\":\"PropertyValueSpecification\",\"valueRequired\":true,\"valueName\":\"search_term_string\"}}],\"inLanguage\":\"fr-FR\"},{\"@type\":\"Organization\",\"@id\":\"https:\/\/swissbaker.ch\/fr\/#organization\",\"name\":\"Schweizerischer B\u00e4cker-Confiseurmeister-Verband\",\"url\":\"https:\/\/swissbaker.ch\/fr\/\",\"logo\":{\"@type\":\"ImageObject\",\"inLanguage\":\"fr-FR\",\"@id\":\"https:\/\/swissbaker.ch\/fr\/#\/schema\/logo\/image\/\",\"url\":\"https:\/\/swissbaker.ch\/wp-content\/uploads\/2022\/04\/sbc-logo-yoast.jpg\",\"contentUrl\":\"https:\/\/swissbaker.ch\/wp-content\/uploads\/2022\/04\/sbc-logo-yoast.jpg\",\"width\":512,\"height\":512,\"caption\":\"Schweizerischer B\u00e4cker-Confiseurmeister-Verband\"},\"image\":{\"@id\":\"https:\/\/swissbaker.ch\/fr\/#\/schema\/logo\/image\/\"},\"sameAs\":[\"https:\/\/www.facebook.com\/swissbaker.ch\",\"https:\/\/x.com\/ch_swissbaker\"]},{\"@type\":\"Person\",\"@id\":\"https:\/\/swissbaker.ch\/fr\/#\/schema\/person\/74bd327b08c18ca6042c02ff6f0ed5e2\",\"name\":\"Simon Nussbaum\",\"image\":{\"@type\":\"ImageObject\",\"inLanguage\":\"fr-FR\",\"@id\":\"https:\/\/swissbaker.ch\/fr\/#\/schema\/person\/image\/\",\"url\":\"https:\/\/secure.gravatar.com\/avatar\/df0eced3bb556c806cb760cf503ade1ed1df25b4104d80d6fd28d93a9509aa12?s=96&d=mm&r=g\",\"contentUrl\":\"https:\/\/secure.gravatar.com\/avatar\/df0eced3bb556c806cb760cf503ade1ed1df25b4104d80d6fd28d93a9509aa12?s=96&d=mm&r=g\",\"caption\":\"Simon Nussbaum\"},\"url\":\"https:\/\/swissbaker.ch\/fr\/panissimo-news\/author\/simon-nussbaum\/\"}]}<\/script>\n<!-- \/ Yoast SEO Premium plugin. -->","yoast_head_json":{"title":"Patrimoine neuch\u00e2telois: tablette anniversaire\u00a0 | SBC","description":"Chocolatissimo f\u00eatera son dixi\u00e8me anniversaire, du 4 au 11 novembre \u00e0 Neuch\u00e2tel.","robots":{"index":"index","follow":"follow","max-snippet":"max-snippet:-1","max-image-preview":"max-image-preview:large","max-video-preview":"max-video-preview:-1"},"canonical":"https:\/\/swissbaker.ch\/fr\/panissimo-news\/des-morceaux-du-patrimoine-neuchatelois-dans-une-tablette-anniversaire\/","og_locale":"fr_FR","og_type":"article","og_title":"Patrimoine neuch\u00e2telois: tablette anniversaire\u00a0","og_description":"Chocolatissimo f\u00eatera son dixi\u00e8me anniversaire, du 4 au 11 novembre \u00e0 Neuch\u00e2tel.","og_url":"https:\/\/swissbaker.ch\/fr\/panissimo-news\/des-morceaux-du-patrimoine-neuchatelois-dans-une-tablette-anniversaire\/","og_site_name":"SBC","article_publisher":"https:\/\/www.facebook.com\/swissbaker.ch","article_published_time":"2023-10-25T16:21:13+00:00","article_modified_time":"2023-10-26T14:12:28+00:00","og_image":[{"width":1200,"height":712,"url":"https:\/\/swissbaker.ch\/wp-content\/uploads\/2023\/10\/20_1_chocolatissimo.jpg","type":"image\/jpeg"}],"author":"Simon Nussbaum","twitter_card":"summary_large_image","twitter_creator":"@ch_swissbaker","twitter_site":"@ch_swissbaker","twitter_misc":{"Written by":"Simon Nussbaum","Est. reading time":"2 minutes"},"schema":{"@context":"https:\/\/schema.org","@graph":[{"@type":"Article","@id":"https:\/\/swissbaker.ch\/fr\/panissimo-news\/des-morceaux-du-patrimoine-neuchatelois-dans-une-tablette-anniversaire\/#article","isPartOf":{"@id":"https:\/\/swissbaker.ch\/fr\/panissimo-news\/des-morceaux-du-patrimoine-neuchatelois-dans-une-tablette-anniversaire\/"},"author":{"name":"Simon Nussbaum","@id":"https:\/\/swissbaker.ch\/fr\/#\/schema\/person\/74bd327b08c18ca6042c02ff6f0ed5e2"},"headline":"Patrimoine neuch\u00e2telois: tablette anniversaire\u00a0","datePublished":"2023-10-25T16:21:13+00:00","dateModified":"2023-10-26T14:12:28+00:00","mainEntityOfPage":{"@id":"https:\/\/swissbaker.ch\/fr\/panissimo-news\/des-morceaux-du-patrimoine-neuchatelois-dans-une-tablette-anniversaire\/"},"wordCount":441,"publisher":{"@id":"https:\/\/swissbaker.ch\/fr\/#organization"},"image":{"@id":"https:\/\/swissbaker.ch\/fr\/panissimo-news\/des-morceaux-du-patrimoine-neuchatelois-dans-une-tablette-anniversaire\/#primaryimage"},"thumbnailUrl":"https:\/\/swissbaker.ch\/wp-content\/uploads\/2023\/10\/20_1_chocolatissimo.jpg","articleSection":["Des cantons"],"inLanguage":"fr-FR"},{"@type":"WebPage","@id":"https:\/\/swissbaker.ch\/fr\/panissimo-news\/des-morceaux-du-patrimoine-neuchatelois-dans-une-tablette-anniversaire\/","url":"https:\/\/swissbaker.ch\/fr\/panissimo-news\/des-morceaux-du-patrimoine-neuchatelois-dans-une-tablette-anniversaire\/","name":"Patrimoine neuch\u00e2telois: tablette anniversaire\u00a0 | SBC","isPartOf":{"@id":"https:\/\/swissbaker.ch\/fr\/#website"},"primaryImageOfPage":{"@id":"https:\/\/swissbaker.ch\/fr\/panissimo-news\/des-morceaux-du-patrimoine-neuchatelois-dans-une-tablette-anniversaire\/#primaryimage"},"image":{"@id":"https:\/\/swissbaker.ch\/fr\/panissimo-news\/des-morceaux-du-patrimoine-neuchatelois-dans-une-tablette-anniversaire\/#primaryimage"},"thumbnailUrl":"https:\/\/swissbaker.ch\/wp-content\/uploads\/2023\/10\/20_1_chocolatissimo.jpg","datePublished":"2023-10-25T16:21:13+00:00","dateModified":"2023-10-26T14:12:28+00:00","description":"Chocolatissimo f\u00eatera son dixi\u00e8me anniversaire, du 4 au 11 novembre \u00e0 Neuch\u00e2tel.","breadcrumb":{"@id":"https:\/\/swissbaker.ch\/fr\/panissimo-news\/des-morceaux-du-patrimoine-neuchatelois-dans-une-tablette-anniversaire\/#breadcrumb"},"inLanguage":"fr-FR","potentialAction":[{"@type":"ReadAction","target":["https:\/\/swissbaker.ch\/fr\/panissimo-news\/des-morceaux-du-patrimoine-neuchatelois-dans-une-tablette-anniversaire\/"]}]},{"@type":"ImageObject","inLanguage":"fr-FR","@id":"https:\/\/swissbaker.ch\/fr\/panissimo-news\/des-morceaux-du-patrimoine-neuchatelois-dans-une-tablette-anniversaire\/#primaryimage","url":"https:\/\/swissbaker.ch\/wp-content\/uploads\/2023\/10\/20_1_chocolatissimo.jpg","contentUrl":"https:\/\/swissbaker.ch\/wp-content\/uploads\/2023\/10\/20_1_chocolatissimo.jpg","width":1200,"height":712},{"@type":"BreadcrumbList","@id":"https:\/\/swissbaker.ch\/fr\/panissimo-news\/des-morceaux-du-patrimoine-neuchatelois-dans-une-tablette-anniversaire\/#breadcrumb","itemListElement":[{"@type":"ListItem","position":1,"name":"","item":"https:\/\/swissbaker.ch\/fr\/"},{"@type":"ListItem","position":2,"name":"Des cantons","item":"https:\/\/swissbaker.ch\/fr\/panissimo-news\/category\/des-cantons\/"},{"@type":"ListItem","position":3,"name":"Patrimoine neuch\u00e2telois: tablette anniversaire\u00a0"}]},{"@type":"WebSite","@id":"https:\/\/swissbaker.ch\/fr\/#website","url":"https:\/\/swissbaker.ch\/fr\/","name":"SBC","description":"","publisher":{"@id":"https:\/\/swissbaker.ch\/fr\/#organization"},"potentialAction":[{"@type":"SearchAction","target":{"@type":"EntryPoint","urlTemplate":"https:\/\/swissbaker.ch\/fr\/?s={search_term_string}"},"query-input":{"@type":"PropertyValueSpecification","valueRequired":true,"valueName":"search_term_string"}}],"inLanguage":"fr-FR"},{"@type":"Organization","@id":"https:\/\/swissbaker.ch\/fr\/#organization","name":"Schweizerischer B\u00e4cker-Confiseurmeister-Verband","url":"https:\/\/swissbaker.ch\/fr\/","logo":{"@type":"ImageObject","inLanguage":"fr-FR","@id":"https:\/\/swissbaker.ch\/fr\/#\/schema\/logo\/image\/","url":"https:\/\/swissbaker.ch\/wp-content\/uploads\/2022\/04\/sbc-logo-yoast.jpg","contentUrl":"https:\/\/swissbaker.ch\/wp-content\/uploads\/2022\/04\/sbc-logo-yoast.jpg","width":512,"height":512,"caption":"Schweizerischer B\u00e4cker-Confiseurmeister-Verband"},"image":{"@id":"https:\/\/swissbaker.ch\/fr\/#\/schema\/logo\/image\/"},"sameAs":["https:\/\/www.facebook.com\/swissbaker.ch","https:\/\/x.com\/ch_swissbaker"]},{"@type":"Person","@id":"https:\/\/swissbaker.ch\/fr\/#\/schema\/person\/74bd327b08c18ca6042c02ff6f0ed5e2","name":"Simon Nussbaum","image":{"@type":"ImageObject","inLanguage":"fr-FR","@id":"https:\/\/swissbaker.ch\/fr\/#\/schema\/person\/image\/","url":"https:\/\/secure.gravatar.com\/avatar\/df0eced3bb556c806cb760cf503ade1ed1df25b4104d80d6fd28d93a9509aa12?s=96&d=mm&r=g","contentUrl":"https:\/\/secure.gravatar.com\/avatar\/df0eced3bb556c806cb760cf503ade1ed1df25b4104d80d6fd28d93a9509aa12?s=96&d=mm&r=g","caption":"Simon Nussbaum"},"url":"https:\/\/swissbaker.ch\/fr\/panissimo-news\/author\/simon-nussbaum\/"}]}},"_links":{"self":[{"href":"https:\/\/swissbaker.ch\/fr\/wp-json\/wp\/v2\/posts\/70048","targetHints":{"allow":["GET"]}}],"collection":[{"href":"https:\/\/swissbaker.ch\/fr\/wp-json\/wp\/v2\/posts"}],"about":[{"href":"https:\/\/swissbaker.ch\/fr\/wp-json\/wp\/v2\/types\/post"}],"author":[{"embeddable":true,"href":"https:\/\/swissbaker.ch\/fr\/wp-json\/wp\/v2\/users\/5"}],"replies":[{"embeddable":true,"href":"https:\/\/swissbaker.ch\/fr\/wp-json\/wp\/v2\/comments?post=70048"}],"version-history":[{"count":0,"href":"https:\/\/swissbaker.ch\/fr\/wp-json\/wp\/v2\/posts\/70048\/revisions"}],"wp:featuredmedia":[{"embeddable":true,"href":"https:\/\/swissbaker.ch\/fr\/wp-json\/wp\/v2\/media\/70050"}],"wp:attachment":[{"href":"https:\/\/swissbaker.ch\/fr\/wp-json\/wp\/v2\/media?parent=70048"}],"wp:term":[{"taxonomy":"category","embeddable":true,"href":"https:\/\/swissbaker.ch\/fr\/wp-json\/wp\/v2\/categories?post=70048"},{"taxonomy":"post_tag","embeddable":true,"href":"https:\/\/swissbaker.ch\/fr\/wp-json\/wp\/v2\/tags?post=70048"}],"curies":[{"name":"wp","href":"https:\/\/api.w.org\/{rel}","templated":true}]}}