{"id":70011,"date":"2023-10-25T14:38:15","date_gmt":"2023-10-25T12:38:15","guid":{"rendered":"https:\/\/swissbaker.ch\/?p=70011"},"modified":"2023-10-26T16:13:36","modified_gmt":"2023-10-26T14:13:36","slug":"david-grandjean-pain-dor-fribourgeois","status":"publish","type":"post","link":"https:\/\/swissbaker.ch\/fr\/panissimo-news\/david-grandjean-pain-dor-fribourgeois\/","title":{"rendered":"David Grandjean, Pain d\u2019or fribourgeois"},"content":{"rendered":"\n<p>La Confr\u00e9rie fribourgeoise des Chevaliers du bon pain (CBP) a remis le Pain d\u2019or \u00e0 son tout r\u00e9cent membre, David Grandjean, le 21\u202foctobre dans le cadre du Comptoir de la Veveyse \u00e0 Ch\u00e2tel-St-Denis (FR). Le boulanger de Romont (FR) a obtenu la meilleure moyenne des trois derni\u00e8res taxations de pains. Ce troph\u00e9e est attribu\u00e9, lors de chaque chapitre d\u2019intronisation. Le Grand Ma\u00eetre Christian Audergon a \u00e9galement honor\u00e9 24 autres CBP. Pour avoir pass\u00e9 avec succ\u00e8s les tests de qualit\u00e9, il leur a remis \u00e0 chacun une \u00e9toile.<\/p>\n\n\n\n<h2 class=\"wp-block-heading\" id=\"h-trois-compagnons-de-plus\">Trois compagnons de plus<\/h2>\n\n\n\n<p>De plus, la confr\u00e9rie a accueilli dans ses rangs quatre nouveaux membres et trois Compagnons du bon pain. Hormis David Grandjean, il s\u2019agit pour les premiers de Burg AG \u00e0 Rechthalten (FR), C\u00e9dric Audergon \u00e0 Grolley (FR) et Eric Buch \u00e0 Jaun (FR). Les personnalit\u00e9s r\u00e9compens\u00e9es pour leur d\u00e9fense de la boulangerie-confiserie artisanale et la promotion du pain sont le pr\u00e9sident du Conseil d\u2019Etat fribourgeois Didier Castella, le pr\u00e9fet du district de la Veveyse Fran\u00e7ois Genoud, et le pr\u00e9sident de l\u2019Association des ma\u00eetres bouchers-charcutiers du canton de Fribourg David Blanc.<\/p>\n\n\n\n<p><a href=\"https:\/\/swissbaker.ch\/fr\/panissimo-news\/fotogalerie\/confrerie-fribourgeoise-des-chevaliers-du-bon-pain\/\" target=\"_blank\" rel=\"noreferrer noopener\">Galerie de photos&#8230;\u00bb<\/a><\/p>\n\n\n\n<p class=\"has-text-align-right\"><em>Johann Ruppen<\/em><\/p>\n","protected":false},"excerpt":{"rendered":"<p>La Confr\u00e9rie fribourgeoise des Chevaliers du bon pain (CBP) a remis le Pain d\u2019or \u00e0 son tout r\u00e9cent membre, David Grandjean, le 21\u202foctobre dans le cadre du Comptoir de la Veveyse \u00e0 Ch\u00e2tel-St-Denis (FR). Le boulanger de Romont (FR) a obtenu la meilleure moyenne des trois derni\u00e8res taxations de pains.<\/p>\n","protected":false},"author":5,"featured_media":69788,"comment_status":"closed","ping_status":"closed","sticky":true,"template":"","format":"standard","meta":{"_acf_changed":false,"footnotes":""},"categories":[40],"tags":[],"class_list":["post-70011","post","type-post","status-publish","format-standard","has-post-thumbnail","hentry","category-des-cantons"],"acf":[],"yoast_head":"<!-- This site is optimized with the Yoast SEO Premium plugin v26.8 (Yoast SEO v26.8) - https:\/\/yoast.com\/product\/yoast-seo-premium-wordpress\/ -->\n<title>David Grandjean, Pain d\u2019or fribourgeois | SBC<\/title>\n<meta name=\"description\" content=\"La Confr\u00e9rie fribourgeoise des Chevaliers du bon pain (CBP) a remis le Pain d\u2019or \u00e0 son tout r\u00e9cent membre, David Grandjean, le 21\u202foctobre dans le cadre du Comptoir de la Veveyse \u00e0 Ch\u00e2tel-St-Denis (FR).\" \/>\n<meta name=\"robots\" content=\"index, follow, max-snippet:-1, max-image-preview:large, max-video-preview:-1\" \/>\n<link rel=\"canonical\" href=\"https:\/\/swissbaker.ch\/fr\/panissimo-news\/david-grandjean-pain-dor-fribourgeois\/\" \/>\n<meta property=\"og:locale\" content=\"fr_FR\" \/>\n<meta property=\"og:type\" content=\"article\" \/>\n<meta property=\"og:title\" content=\"David Grandjean, Pain d\u2019or fribourgeois\" \/>\n<meta property=\"og:description\" content=\"La Confr\u00e9rie fribourgeoise des Chevaliers du bon pain (CBP) a remis le Pain d\u2019or \u00e0 son tout r\u00e9cent membre, David Grandjean, le 21\u202foctobre dans le cadre du Comptoir de la Veveyse \u00e0 Ch\u00e2tel-St-Denis (FR).\" \/>\n<meta property=\"og:url\" content=\"https:\/\/swissbaker.ch\/fr\/panissimo-news\/david-grandjean-pain-dor-fribourgeois\/\" \/>\n<meta property=\"og:site_name\" content=\"SBC\" \/>\n<meta property=\"article:publisher\" content=\"https:\/\/www.facebook.com\/swissbaker.ch\" \/>\n<meta property=\"article:published_time\" content=\"2023-10-25T12:38:15+00:00\" \/>\n<meta property=\"article:modified_time\" content=\"2023-10-26T14:13:36+00:00\" \/>\n<meta property=\"og:image\" content=\"https:\/\/swissbaker.ch\/wp-content\/uploads\/2023\/10\/dscf0505-scaled.jpg\" \/>\n\t<meta property=\"og:image:width\" content=\"2048\" \/>\n\t<meta property=\"og:image:height\" content=\"1153\" \/>\n\t<meta property=\"og:image:type\" content=\"image\/jpeg\" \/>\n<meta name=\"author\" content=\"Simon Nussbaum\" \/>\n<meta name=\"twitter:card\" content=\"summary_large_image\" \/>\n<meta name=\"twitter:creator\" content=\"@ch_swissbaker\" \/>\n<meta name=\"twitter:site\" content=\"@ch_swissbaker\" \/>\n<meta name=\"twitter:label1\" content=\"Written by\" \/>\n\t<meta name=\"twitter:data1\" content=\"Simon Nussbaum\" \/>\n\t<meta name=\"twitter:label2\" content=\"Est. reading time\" \/>\n\t<meta name=\"twitter:data2\" content=\"1 minute\" \/>\n<script type=\"application\/ld+json\" class=\"yoast-schema-graph\">{\"@context\":\"https:\/\/schema.org\",\"@graph\":[{\"@type\":\"Article\",\"@id\":\"https:\/\/swissbaker.ch\/fr\/panissimo-news\/david-grandjean-pain-dor-fribourgeois\/#article\",\"isPartOf\":{\"@id\":\"https:\/\/swissbaker.ch\/fr\/panissimo-news\/david-grandjean-pain-dor-fribourgeois\/\"},\"author\":{\"name\":\"Simon Nussbaum\",\"@id\":\"https:\/\/swissbaker.ch\/fr\/#\/schema\/person\/74bd327b08c18ca6042c02ff6f0ed5e2\"},\"headline\":\"David Grandjean, Pain d\u2019or fribourgeois\",\"datePublished\":\"2023-10-25T12:38:15+00:00\",\"dateModified\":\"2023-10-26T14:13:36+00:00\",\"mainEntityOfPage\":{\"@id\":\"https:\/\/swissbaker.ch\/fr\/panissimo-news\/david-grandjean-pain-dor-fribourgeois\/\"},\"wordCount\":208,\"publisher\":{\"@id\":\"https:\/\/swissbaker.ch\/fr\/#organization\"},\"image\":{\"@id\":\"https:\/\/swissbaker.ch\/fr\/panissimo-news\/david-grandjean-pain-dor-fribourgeois\/#primaryimage\"},\"thumbnailUrl\":\"https:\/\/swissbaker.ch\/wp-content\/uploads\/2023\/10\/dscf0505-scaled.jpg\",\"articleSection\":[\"Des cantons\"],\"inLanguage\":\"fr-FR\"},{\"@type\":\"WebPage\",\"@id\":\"https:\/\/swissbaker.ch\/fr\/panissimo-news\/david-grandjean-pain-dor-fribourgeois\/\",\"url\":\"https:\/\/swissbaker.ch\/fr\/panissimo-news\/david-grandjean-pain-dor-fribourgeois\/\",\"name\":\"David Grandjean, Pain d\u2019or fribourgeois | SBC\",\"isPartOf\":{\"@id\":\"https:\/\/swissbaker.ch\/fr\/#website\"},\"primaryImageOfPage\":{\"@id\":\"https:\/\/swissbaker.ch\/fr\/panissimo-news\/david-grandjean-pain-dor-fribourgeois\/#primaryimage\"},\"image\":{\"@id\":\"https:\/\/swissbaker.ch\/fr\/panissimo-news\/david-grandjean-pain-dor-fribourgeois\/#primaryimage\"},\"thumbnailUrl\":\"https:\/\/swissbaker.ch\/wp-content\/uploads\/2023\/10\/dscf0505-scaled.jpg\",\"datePublished\":\"2023-10-25T12:38:15+00:00\",\"dateModified\":\"2023-10-26T14:13:36+00:00\",\"description\":\"La Confr\u00e9rie fribourgeoise des Chevaliers du bon pain (CBP) a remis le Pain d\u2019or \u00e0 son tout r\u00e9cent membre, David Grandjean, le 21\u202foctobre dans le cadre du Comptoir de la Veveyse \u00e0 Ch\u00e2tel-St-Denis (FR).\",\"breadcrumb\":{\"@id\":\"https:\/\/swissbaker.ch\/fr\/panissimo-news\/david-grandjean-pain-dor-fribourgeois\/#breadcrumb\"},\"inLanguage\":\"fr-FR\",\"potentialAction\":[{\"@type\":\"ReadAction\",\"target\":[\"https:\/\/swissbaker.ch\/fr\/panissimo-news\/david-grandjean-pain-dor-fribourgeois\/\"]}]},{\"@type\":\"ImageObject\",\"inLanguage\":\"fr-FR\",\"@id\":\"https:\/\/swissbaker.ch\/fr\/panissimo-news\/david-grandjean-pain-dor-fribourgeois\/#primaryimage\",\"url\":\"https:\/\/swissbaker.ch\/wp-content\/uploads\/2023\/10\/dscf0505-scaled.jpg\",\"contentUrl\":\"https:\/\/swissbaker.ch\/wp-content\/uploads\/2023\/10\/dscf0505-scaled.jpg\",\"width\":2048,\"height\":1153},{\"@type\":\"BreadcrumbList\",\"@id\":\"https:\/\/swissbaker.ch\/fr\/panissimo-news\/david-grandjean-pain-dor-fribourgeois\/#breadcrumb\",\"itemListElement\":[{\"@type\":\"ListItem\",\"position\":1,\"name\":\"\",\"item\":\"https:\/\/swissbaker.ch\/fr\/\"},{\"@type\":\"ListItem\",\"position\":2,\"name\":\"Des cantons\",\"item\":\"https:\/\/swissbaker.ch\/fr\/panissimo-news\/category\/des-cantons\/\"},{\"@type\":\"ListItem\",\"position\":3,\"name\":\"David Grandjean, Pain d\u2019or fribourgeois\"}]},{\"@type\":\"WebSite\",\"@id\":\"https:\/\/swissbaker.ch\/fr\/#website\",\"url\":\"https:\/\/swissbaker.ch\/fr\/\",\"name\":\"SBC\",\"description\":\"\",\"publisher\":{\"@id\":\"https:\/\/swissbaker.ch\/fr\/#organization\"},\"potentialAction\":[{\"@type\":\"SearchAction\",\"target\":{\"@type\":\"EntryPoint\",\"urlTemplate\":\"https:\/\/swissbaker.ch\/fr\/?s={search_term_string}\"},\"query-input\":{\"@type\":\"PropertyValueSpecification\",\"valueRequired\":true,\"valueName\":\"search_term_string\"}}],\"inLanguage\":\"fr-FR\"},{\"@type\":\"Organization\",\"@id\":\"https:\/\/swissbaker.ch\/fr\/#organization\",\"name\":\"Schweizerischer B\u00e4cker-Confiseurmeister-Verband\",\"url\":\"https:\/\/swissbaker.ch\/fr\/\",\"logo\":{\"@type\":\"ImageObject\",\"inLanguage\":\"fr-FR\",\"@id\":\"https:\/\/swissbaker.ch\/fr\/#\/schema\/logo\/image\/\",\"url\":\"https:\/\/swissbaker.ch\/wp-content\/uploads\/2022\/04\/sbc-logo-yoast.jpg\",\"contentUrl\":\"https:\/\/swissbaker.ch\/wp-content\/uploads\/2022\/04\/sbc-logo-yoast.jpg\",\"width\":512,\"height\":512,\"caption\":\"Schweizerischer B\u00e4cker-Confiseurmeister-Verband\"},\"image\":{\"@id\":\"https:\/\/swissbaker.ch\/fr\/#\/schema\/logo\/image\/\"},\"sameAs\":[\"https:\/\/www.facebook.com\/swissbaker.ch\",\"https:\/\/x.com\/ch_swissbaker\"]},{\"@type\":\"Person\",\"@id\":\"https:\/\/swissbaker.ch\/fr\/#\/schema\/person\/74bd327b08c18ca6042c02ff6f0ed5e2\",\"name\":\"Simon Nussbaum\",\"image\":{\"@type\":\"ImageObject\",\"inLanguage\":\"fr-FR\",\"@id\":\"https:\/\/swissbaker.ch\/fr\/#\/schema\/person\/image\/\",\"url\":\"https:\/\/secure.gravatar.com\/avatar\/df0eced3bb556c806cb760cf503ade1ed1df25b4104d80d6fd28d93a9509aa12?s=96&d=mm&r=g\",\"contentUrl\":\"https:\/\/secure.gravatar.com\/avatar\/df0eced3bb556c806cb760cf503ade1ed1df25b4104d80d6fd28d93a9509aa12?s=96&d=mm&r=g\",\"caption\":\"Simon Nussbaum\"},\"url\":\"https:\/\/swissbaker.ch\/fr\/panissimo-news\/author\/simon-nussbaum\/\"}]}<\/script>\n<!-- \/ Yoast SEO Premium plugin. -->","yoast_head_json":{"title":"David Grandjean, Pain d\u2019or fribourgeois | SBC","description":"La Confr\u00e9rie fribourgeoise des Chevaliers du bon pain (CBP) a remis le Pain d\u2019or \u00e0 son tout r\u00e9cent membre, David Grandjean, le 21\u202foctobre dans le cadre du Comptoir de la Veveyse \u00e0 Ch\u00e2tel-St-Denis (FR).","robots":{"index":"index","follow":"follow","max-snippet":"max-snippet:-1","max-image-preview":"max-image-preview:large","max-video-preview":"max-video-preview:-1"},"canonical":"https:\/\/swissbaker.ch\/fr\/panissimo-news\/david-grandjean-pain-dor-fribourgeois\/","og_locale":"fr_FR","og_type":"article","og_title":"David Grandjean, Pain d\u2019or fribourgeois","og_description":"La Confr\u00e9rie fribourgeoise des Chevaliers du bon pain (CBP) a remis le Pain d\u2019or \u00e0 son tout r\u00e9cent membre, David Grandjean, le 21\u202foctobre dans le cadre du Comptoir de la Veveyse \u00e0 Ch\u00e2tel-St-Denis (FR).","og_url":"https:\/\/swissbaker.ch\/fr\/panissimo-news\/david-grandjean-pain-dor-fribourgeois\/","og_site_name":"SBC","article_publisher":"https:\/\/www.facebook.com\/swissbaker.ch","article_published_time":"2023-10-25T12:38:15+00:00","article_modified_time":"2023-10-26T14:13:36+00:00","og_image":[{"width":2048,"height":1153,"url":"https:\/\/swissbaker.ch\/wp-content\/uploads\/2023\/10\/dscf0505-scaled.jpg","type":"image\/jpeg"}],"author":"Simon Nussbaum","twitter_card":"summary_large_image","twitter_creator":"@ch_swissbaker","twitter_site":"@ch_swissbaker","twitter_misc":{"Written by":"Simon Nussbaum","Est. reading time":"1 minute"},"schema":{"@context":"https:\/\/schema.org","@graph":[{"@type":"Article","@id":"https:\/\/swissbaker.ch\/fr\/panissimo-news\/david-grandjean-pain-dor-fribourgeois\/#article","isPartOf":{"@id":"https:\/\/swissbaker.ch\/fr\/panissimo-news\/david-grandjean-pain-dor-fribourgeois\/"},"author":{"name":"Simon Nussbaum","@id":"https:\/\/swissbaker.ch\/fr\/#\/schema\/person\/74bd327b08c18ca6042c02ff6f0ed5e2"},"headline":"David Grandjean, Pain d\u2019or fribourgeois","datePublished":"2023-10-25T12:38:15+00:00","dateModified":"2023-10-26T14:13:36+00:00","mainEntityOfPage":{"@id":"https:\/\/swissbaker.ch\/fr\/panissimo-news\/david-grandjean-pain-dor-fribourgeois\/"},"wordCount":208,"publisher":{"@id":"https:\/\/swissbaker.ch\/fr\/#organization"},"image":{"@id":"https:\/\/swissbaker.ch\/fr\/panissimo-news\/david-grandjean-pain-dor-fribourgeois\/#primaryimage"},"thumbnailUrl":"https:\/\/swissbaker.ch\/wp-content\/uploads\/2023\/10\/dscf0505-scaled.jpg","articleSection":["Des cantons"],"inLanguage":"fr-FR"},{"@type":"WebPage","@id":"https:\/\/swissbaker.ch\/fr\/panissimo-news\/david-grandjean-pain-dor-fribourgeois\/","url":"https:\/\/swissbaker.ch\/fr\/panissimo-news\/david-grandjean-pain-dor-fribourgeois\/","name":"David Grandjean, Pain d\u2019or fribourgeois | SBC","isPartOf":{"@id":"https:\/\/swissbaker.ch\/fr\/#website"},"primaryImageOfPage":{"@id":"https:\/\/swissbaker.ch\/fr\/panissimo-news\/david-grandjean-pain-dor-fribourgeois\/#primaryimage"},"image":{"@id":"https:\/\/swissbaker.ch\/fr\/panissimo-news\/david-grandjean-pain-dor-fribourgeois\/#primaryimage"},"thumbnailUrl":"https:\/\/swissbaker.ch\/wp-content\/uploads\/2023\/10\/dscf0505-scaled.jpg","datePublished":"2023-10-25T12:38:15+00:00","dateModified":"2023-10-26T14:13:36+00:00","description":"La Confr\u00e9rie fribourgeoise des Chevaliers du bon pain (CBP) a remis le Pain d\u2019or \u00e0 son tout r\u00e9cent membre, David Grandjean, le 21\u202foctobre dans le cadre du Comptoir de la Veveyse \u00e0 Ch\u00e2tel-St-Denis (FR).","breadcrumb":{"@id":"https:\/\/swissbaker.ch\/fr\/panissimo-news\/david-grandjean-pain-dor-fribourgeois\/#breadcrumb"},"inLanguage":"fr-FR","potentialAction":[{"@type":"ReadAction","target":["https:\/\/swissbaker.ch\/fr\/panissimo-news\/david-grandjean-pain-dor-fribourgeois\/"]}]},{"@type":"ImageObject","inLanguage":"fr-FR","@id":"https:\/\/swissbaker.ch\/fr\/panissimo-news\/david-grandjean-pain-dor-fribourgeois\/#primaryimage","url":"https:\/\/swissbaker.ch\/wp-content\/uploads\/2023\/10\/dscf0505-scaled.jpg","contentUrl":"https:\/\/swissbaker.ch\/wp-content\/uploads\/2023\/10\/dscf0505-scaled.jpg","width":2048,"height":1153},{"@type":"BreadcrumbList","@id":"https:\/\/swissbaker.ch\/fr\/panissimo-news\/david-grandjean-pain-dor-fribourgeois\/#breadcrumb","itemListElement":[{"@type":"ListItem","position":1,"name":"","item":"https:\/\/swissbaker.ch\/fr\/"},{"@type":"ListItem","position":2,"name":"Des cantons","item":"https:\/\/swissbaker.ch\/fr\/panissimo-news\/category\/des-cantons\/"},{"@type":"ListItem","position":3,"name":"David Grandjean, Pain d\u2019or fribourgeois"}]},{"@type":"WebSite","@id":"https:\/\/swissbaker.ch\/fr\/#website","url":"https:\/\/swissbaker.ch\/fr\/","name":"SBC","description":"","publisher":{"@id":"https:\/\/swissbaker.ch\/fr\/#organization"},"potentialAction":[{"@type":"SearchAction","target":{"@type":"EntryPoint","urlTemplate":"https:\/\/swissbaker.ch\/fr\/?s={search_term_string}"},"query-input":{"@type":"PropertyValueSpecification","valueRequired":true,"valueName":"search_term_string"}}],"inLanguage":"fr-FR"},{"@type":"Organization","@id":"https:\/\/swissbaker.ch\/fr\/#organization","name":"Schweizerischer B\u00e4cker-Confiseurmeister-Verband","url":"https:\/\/swissbaker.ch\/fr\/","logo":{"@type":"ImageObject","inLanguage":"fr-FR","@id":"https:\/\/swissbaker.ch\/fr\/#\/schema\/logo\/image\/","url":"https:\/\/swissbaker.ch\/wp-content\/uploads\/2022\/04\/sbc-logo-yoast.jpg","contentUrl":"https:\/\/swissbaker.ch\/wp-content\/uploads\/2022\/04\/sbc-logo-yoast.jpg","width":512,"height":512,"caption":"Schweizerischer B\u00e4cker-Confiseurmeister-Verband"},"image":{"@id":"https:\/\/swissbaker.ch\/fr\/#\/schema\/logo\/image\/"},"sameAs":["https:\/\/www.facebook.com\/swissbaker.ch","https:\/\/x.com\/ch_swissbaker"]},{"@type":"Person","@id":"https:\/\/swissbaker.ch\/fr\/#\/schema\/person\/74bd327b08c18ca6042c02ff6f0ed5e2","name":"Simon Nussbaum","image":{"@type":"ImageObject","inLanguage":"fr-FR","@id":"https:\/\/swissbaker.ch\/fr\/#\/schema\/person\/image\/","url":"https:\/\/secure.gravatar.com\/avatar\/df0eced3bb556c806cb760cf503ade1ed1df25b4104d80d6fd28d93a9509aa12?s=96&d=mm&r=g","contentUrl":"https:\/\/secure.gravatar.com\/avatar\/df0eced3bb556c806cb760cf503ade1ed1df25b4104d80d6fd28d93a9509aa12?s=96&d=mm&r=g","caption":"Simon Nussbaum"},"url":"https:\/\/swissbaker.ch\/fr\/panissimo-news\/author\/simon-nussbaum\/"}]}},"_links":{"self":[{"href":"https:\/\/swissbaker.ch\/fr\/wp-json\/wp\/v2\/posts\/70011","targetHints":{"allow":["GET"]}}],"collection":[{"href":"https:\/\/swissbaker.ch\/fr\/wp-json\/wp\/v2\/posts"}],"about":[{"href":"https:\/\/swissbaker.ch\/fr\/wp-json\/wp\/v2\/types\/post"}],"author":[{"embeddable":true,"href":"https:\/\/swissbaker.ch\/fr\/wp-json\/wp\/v2\/users\/5"}],"replies":[{"embeddable":true,"href":"https:\/\/swissbaker.ch\/fr\/wp-json\/wp\/v2\/comments?post=70011"}],"version-history":[{"count":0,"href":"https:\/\/swissbaker.ch\/fr\/wp-json\/wp\/v2\/posts\/70011\/revisions"}],"wp:featuredmedia":[{"embeddable":true,"href":"https:\/\/swissbaker.ch\/fr\/wp-json\/wp\/v2\/media\/69788"}],"wp:attachment":[{"href":"https:\/\/swissbaker.ch\/fr\/wp-json\/wp\/v2\/media?parent=70011"}],"wp:term":[{"taxonomy":"category","embeddable":true,"href":"https:\/\/swissbaker.ch\/fr\/wp-json\/wp\/v2\/categories?post=70011"},{"taxonomy":"post_tag","embeddable":true,"href":"https:\/\/swissbaker.ch\/fr\/wp-json\/wp\/v2\/tags?post=70011"}],"curies":[{"name":"wp","href":"https:\/\/api.w.org\/{rel}","templated":true}]}}