{"id":70003,"date":"2023-10-25T13:33:59","date_gmt":"2023-10-25T11:33:59","guid":{"rendered":"https:\/\/swissbaker.ch\/?p=70003"},"modified":"2023-10-25T13:44:47","modified_gmt":"2023-10-25T11:44:47","slug":"la-suisse-devient-elle-plusfavorable-aux-entreprises","status":"publish","type":"post","link":"https:\/\/swissbaker.ch\/fr\/panissimo-news\/la-suisse-devient-elle-plusfavorable-aux-entreprises\/","title":{"rendered":"La Suisse devient-elle plusfavorable aux entreprises\u2009?"},"content":{"rendered":"\n<p><strong>Aux derni\u00e8res \u00e9lections f\u00e9d\u00e9rales, les Suisses ont vot\u00e9 plus massivement en faveur du camp bourgeois qu&#8217;en 2019\u2009: il s&#8217;agit moins d&#8217;un glissement vers la droite que d&#8217;un vote de correction. \u00c0 l&#8217;avenir \u00e9galement, ni la droite ni la gauche n&#8217;auront la majorit\u00e9. C&#8217;est pourquoi le parti du centre a le r\u00f4le le plus important \u00e0 jouer\u2009: celui de rassembleur de majorit\u00e9.<\/strong><\/p>\n\n\n\n<p>La grande ombre qui s&#8217;est abattue sur le monde a \u00e9galement atteint la Suisse. La guerre en Ukraine, le rench\u00e9rissement, l&#8217;instabilit\u00e9 g\u00e9opolitique, les mouvements de r\u00e9fugi\u00e9s et l&#8217;attaque brutale d&#8217;Isra\u00ebl se refl\u00e8tent \u00e9galement dans le r\u00e9sultat des votations. La population aspire \u00e0 la s\u00e9curit\u00e9, \u00e0 l&#8217;ordre. Dans les ann\u00e9es \u00e0 venir, la composition du Parlement sera l\u00e9g\u00e8rement plus \u00e0 droite. Mais ce n&#8217;est en fait qu&#8217;un retour \u00e0 ce qui a fait ses preuves.<\/p>\n\n\n\n<p>Et la Suisse est un havre de stabilit\u00e9. La campagne \u00ab\u2009Perspective Suisse\u2009\u00bb y a \u00e9galement contribu\u00e9. L&#8217;\u00e9conomie attend du nouveau Parlement qu&#8217;il s&#8217;attaque avec \u00e9nergie aux d\u00e9fis les plus urgents. L&#8217;approvisionnement \u00e9nerg\u00e9tique, la pr\u00e9voyance vieillesse, l&#8217;\u00e9conomie ext\u00e9rieure et des finances saines sont au c\u0153ur de la l\u00e9gislature. Ainsi qu&#8217;une d\u00e9r\u00e9gulation et une r\u00e9duction des t\u00e2ches administratives.<\/p>\n\n\n\n<h2 class=\"wp-block-heading\" id=\"h-ce-choix-electoral-est-il-un-indicateur-d-une-politique-plus-favorable-aux-entreprises\">Ce choix \u00e9lectoral est-il un indicateur d&#8217;une politique plus favorable aux entreprises\u2009?<\/h2>\n\n\n\n<p>Il n&#8217;est pas certain que la concordance redevienne une attitude fondamen-tale devant avoir des cons\u00e9quences dans l&#8217;action politique. Les r\u00e9formes urgentes qui s&#8217;imposent ne peuvent toutefois pas \u00eatre r\u00e9solues par des guerres de tranch\u00e9es id\u00e9ologis\u00e9es et dogmatis\u00e9es. Ni la gauche ni la droite ne sont capables de former une majorit\u00e9 \u00e0 elles seules. L&#8217;objectif principal de la l\u00e9gislature doit \u00eatre que la Suisse retrouve sa mani\u00e8re parfois un peu lente mais fiable de r\u00e9soudre les probl\u00e8mes. <\/p>\n\n\n\n<p class=\"has-text-align-right\"><em>Urs Wellauer-Boschung, directeur<\/em><\/p>\n","protected":false},"excerpt":{"rendered":"<p>Aux derni\u00e8res \u00e9lections f\u00e9d\u00e9rales, les Suisses ont vot\u00e9 plus massivement en faveur du camp bourgeois qu&#8217;en 2019\u2009: il s&#8217;agit moins d&#8217;un glissement vers la droite que d&#8217;un vote de correction. \u00c0 l&#8217;avenir \u00e9galement, ni la droite ni la gauche n&#8217;auront la majorit\u00e9. C&#8217;est pourquoi le parti du centre a le r\u00f4le le plus important \u00e0 jouer\u2009: celui de rassembleur de majorit\u00e9.<\/p>\n","protected":false},"author":5,"featured_media":50615,"comment_status":"closed","ping_status":"closed","sticky":false,"template":"","format":"standard","meta":{"_acf_changed":false,"footnotes":""},"categories":[44],"tags":[],"class_list":["post-70003","post","type-post","status-publish","format-standard","has-post-thumbnail","hentry","category-droit-politique"],"acf":[],"yoast_head":"<!-- This site is optimized with the Yoast SEO Premium plugin v26.8 (Yoast SEO v26.8) - https:\/\/yoast.com\/product\/yoast-seo-premium-wordpress\/ -->\n<title>La Suisse devient-elle plusfavorable aux entreprises\u2009? | SBC<\/title>\n<meta name=\"description\" content=\"\u00c0 l&#039;avenir \u00e9galement, ni la droite ni la gauche n&#039;auront la majorit\u00e9. C&#039;est pourquoi le parti du centre a le r\u00f4le le plus important \u00e0 jouer.\" \/>\n<meta name=\"robots\" content=\"index, follow, max-snippet:-1, max-image-preview:large, max-video-preview:-1\" \/>\n<link rel=\"canonical\" href=\"https:\/\/swissbaker.ch\/fr\/panissimo-news\/la-suisse-devient-elle-plusfavorable-aux-entreprises\/\" \/>\n<meta property=\"og:locale\" content=\"fr_FR\" \/>\n<meta property=\"og:type\" content=\"article\" \/>\n<meta property=\"og:title\" content=\"La Suisse devient-elle plusfavorable aux entreprises\u2009?\" \/>\n<meta property=\"og:description\" content=\"\u00c0 l&#039;avenir \u00e9galement, ni la droite ni la gauche n&#039;auront la majorit\u00e9. C&#039;est pourquoi le parti du centre a le r\u00f4le le plus important \u00e0 jouer.\" \/>\n<meta property=\"og:url\" content=\"https:\/\/swissbaker.ch\/fr\/panissimo-news\/la-suisse-devient-elle-plusfavorable-aux-entreprises\/\" \/>\n<meta property=\"og:site_name\" content=\"SBC\" \/>\n<meta property=\"article:publisher\" content=\"https:\/\/www.facebook.com\/swissbaker.ch\" \/>\n<meta property=\"article:published_time\" content=\"2023-10-25T11:33:59+00:00\" \/>\n<meta property=\"article:modified_time\" content=\"2023-10-25T11:44:47+00:00\" \/>\n<meta property=\"og:image\" content=\"https:\/\/swissbaker.ch\/wp-content\/uploads\/2022\/10\/urs_wellauer_parlament.jpg\" \/>\n\t<meta property=\"og:image:width\" content=\"1200\" \/>\n\t<meta property=\"og:image:height\" content=\"712\" \/>\n\t<meta property=\"og:image:type\" content=\"image\/jpeg\" \/>\n<meta name=\"author\" content=\"Simon Nussbaum\" \/>\n<meta name=\"twitter:card\" content=\"summary_large_image\" \/>\n<meta name=\"twitter:creator\" content=\"@ch_swissbaker\" \/>\n<meta name=\"twitter:site\" content=\"@ch_swissbaker\" \/>\n<meta name=\"twitter:label1\" content=\"Written by\" \/>\n\t<meta name=\"twitter:data1\" content=\"Simon Nussbaum\" \/>\n\t<meta name=\"twitter:label2\" content=\"Est. reading time\" \/>\n\t<meta name=\"twitter:data2\" content=\"2 minutes\" \/>\n<script type=\"application\/ld+json\" class=\"yoast-schema-graph\">{\"@context\":\"https:\/\/schema.org\",\"@graph\":[{\"@type\":\"Article\",\"@id\":\"https:\/\/swissbaker.ch\/fr\/panissimo-news\/la-suisse-devient-elle-plusfavorable-aux-entreprises\/#article\",\"isPartOf\":{\"@id\":\"https:\/\/swissbaker.ch\/fr\/panissimo-news\/la-suisse-devient-elle-plusfavorable-aux-entreprises\/\"},\"author\":{\"name\":\"Simon Nussbaum\",\"@id\":\"https:\/\/swissbaker.ch\/fr\/#\/schema\/person\/74bd327b08c18ca6042c02ff6f0ed5e2\"},\"headline\":\"La Suisse devient-elle plusfavorable aux entreprises\u2009?\",\"datePublished\":\"2023-10-25T11:33:59+00:00\",\"dateModified\":\"2023-10-25T11:44:47+00:00\",\"mainEntityOfPage\":{\"@id\":\"https:\/\/swissbaker.ch\/fr\/panissimo-news\/la-suisse-devient-elle-plusfavorable-aux-entreprises\/\"},\"wordCount\":340,\"publisher\":{\"@id\":\"https:\/\/swissbaker.ch\/fr\/#organization\"},\"image\":{\"@id\":\"https:\/\/swissbaker.ch\/fr\/panissimo-news\/la-suisse-devient-elle-plusfavorable-aux-entreprises\/#primaryimage\"},\"thumbnailUrl\":\"https:\/\/swissbaker.ch\/wp-content\/uploads\/2022\/10\/urs_wellauer_parlament.jpg\",\"articleSection\":[\"Droit &amp; politique\"],\"inLanguage\":\"fr-FR\"},{\"@type\":\"WebPage\",\"@id\":\"https:\/\/swissbaker.ch\/fr\/panissimo-news\/la-suisse-devient-elle-plusfavorable-aux-entreprises\/\",\"url\":\"https:\/\/swissbaker.ch\/fr\/panissimo-news\/la-suisse-devient-elle-plusfavorable-aux-entreprises\/\",\"name\":\"La Suisse devient-elle plusfavorable aux entreprises\u2009? | SBC\",\"isPartOf\":{\"@id\":\"https:\/\/swissbaker.ch\/fr\/#website\"},\"primaryImageOfPage\":{\"@id\":\"https:\/\/swissbaker.ch\/fr\/panissimo-news\/la-suisse-devient-elle-plusfavorable-aux-entreprises\/#primaryimage\"},\"image\":{\"@id\":\"https:\/\/swissbaker.ch\/fr\/panissimo-news\/la-suisse-devient-elle-plusfavorable-aux-entreprises\/#primaryimage\"},\"thumbnailUrl\":\"https:\/\/swissbaker.ch\/wp-content\/uploads\/2022\/10\/urs_wellauer_parlament.jpg\",\"datePublished\":\"2023-10-25T11:33:59+00:00\",\"dateModified\":\"2023-10-25T11:44:47+00:00\",\"description\":\"\u00c0 l'avenir \u00e9galement, ni la droite ni la gauche n'auront la majorit\u00e9. C'est pourquoi le parti du centre a le r\u00f4le le plus important \u00e0 jouer.\",\"breadcrumb\":{\"@id\":\"https:\/\/swissbaker.ch\/fr\/panissimo-news\/la-suisse-devient-elle-plusfavorable-aux-entreprises\/#breadcrumb\"},\"inLanguage\":\"fr-FR\",\"potentialAction\":[{\"@type\":\"ReadAction\",\"target\":[\"https:\/\/swissbaker.ch\/fr\/panissimo-news\/la-suisse-devient-elle-plusfavorable-aux-entreprises\/\"]}]},{\"@type\":\"ImageObject\",\"inLanguage\":\"fr-FR\",\"@id\":\"https:\/\/swissbaker.ch\/fr\/panissimo-news\/la-suisse-devient-elle-plusfavorable-aux-entreprises\/#primaryimage\",\"url\":\"https:\/\/swissbaker.ch\/wp-content\/uploads\/2022\/10\/urs_wellauer_parlament.jpg\",\"contentUrl\":\"https:\/\/swissbaker.ch\/wp-content\/uploads\/2022\/10\/urs_wellauer_parlament.jpg\",\"width\":1200,\"height\":712},{\"@type\":\"BreadcrumbList\",\"@id\":\"https:\/\/swissbaker.ch\/fr\/panissimo-news\/la-suisse-devient-elle-plusfavorable-aux-entreprises\/#breadcrumb\",\"itemListElement\":[{\"@type\":\"ListItem\",\"position\":1,\"name\":\"\",\"item\":\"https:\/\/swissbaker.ch\/fr\/\"},{\"@type\":\"ListItem\",\"position\":2,\"name\":\"Droit &amp; politique\",\"item\":\"https:\/\/swissbaker.ch\/fr\/panissimo-news\/category\/droit-politique\/\"},{\"@type\":\"ListItem\",\"position\":3,\"name\":\"La Suisse devient-elle plusfavorable aux entreprises\u2009?\"}]},{\"@type\":\"WebSite\",\"@id\":\"https:\/\/swissbaker.ch\/fr\/#website\",\"url\":\"https:\/\/swissbaker.ch\/fr\/\",\"name\":\"SBC\",\"description\":\"\",\"publisher\":{\"@id\":\"https:\/\/swissbaker.ch\/fr\/#organization\"},\"potentialAction\":[{\"@type\":\"SearchAction\",\"target\":{\"@type\":\"EntryPoint\",\"urlTemplate\":\"https:\/\/swissbaker.ch\/fr\/?s={search_term_string}\"},\"query-input\":{\"@type\":\"PropertyValueSpecification\",\"valueRequired\":true,\"valueName\":\"search_term_string\"}}],\"inLanguage\":\"fr-FR\"},{\"@type\":\"Organization\",\"@id\":\"https:\/\/swissbaker.ch\/fr\/#organization\",\"name\":\"Schweizerischer B\u00e4cker-Confiseurmeister-Verband\",\"url\":\"https:\/\/swissbaker.ch\/fr\/\",\"logo\":{\"@type\":\"ImageObject\",\"inLanguage\":\"fr-FR\",\"@id\":\"https:\/\/swissbaker.ch\/fr\/#\/schema\/logo\/image\/\",\"url\":\"https:\/\/swissbaker.ch\/wp-content\/uploads\/2022\/04\/sbc-logo-yoast.jpg\",\"contentUrl\":\"https:\/\/swissbaker.ch\/wp-content\/uploads\/2022\/04\/sbc-logo-yoast.jpg\",\"width\":512,\"height\":512,\"caption\":\"Schweizerischer B\u00e4cker-Confiseurmeister-Verband\"},\"image\":{\"@id\":\"https:\/\/swissbaker.ch\/fr\/#\/schema\/logo\/image\/\"},\"sameAs\":[\"https:\/\/www.facebook.com\/swissbaker.ch\",\"https:\/\/x.com\/ch_swissbaker\"]},{\"@type\":\"Person\",\"@id\":\"https:\/\/swissbaker.ch\/fr\/#\/schema\/person\/74bd327b08c18ca6042c02ff6f0ed5e2\",\"name\":\"Simon Nussbaum\",\"image\":{\"@type\":\"ImageObject\",\"inLanguage\":\"fr-FR\",\"@id\":\"https:\/\/swissbaker.ch\/fr\/#\/schema\/person\/image\/\",\"url\":\"https:\/\/secure.gravatar.com\/avatar\/df0eced3bb556c806cb760cf503ade1ed1df25b4104d80d6fd28d93a9509aa12?s=96&d=mm&r=g\",\"contentUrl\":\"https:\/\/secure.gravatar.com\/avatar\/df0eced3bb556c806cb760cf503ade1ed1df25b4104d80d6fd28d93a9509aa12?s=96&d=mm&r=g\",\"caption\":\"Simon Nussbaum\"},\"url\":\"https:\/\/swissbaker.ch\/fr\/panissimo-news\/author\/simon-nussbaum\/\"}]}<\/script>\n<!-- \/ Yoast SEO Premium plugin. -->","yoast_head_json":{"title":"La Suisse devient-elle plusfavorable aux entreprises\u2009? | SBC","description":"\u00c0 l'avenir \u00e9galement, ni la droite ni la gauche n'auront la majorit\u00e9. C'est pourquoi le parti du centre a le r\u00f4le le plus important \u00e0 jouer.","robots":{"index":"index","follow":"follow","max-snippet":"max-snippet:-1","max-image-preview":"max-image-preview:large","max-video-preview":"max-video-preview:-1"},"canonical":"https:\/\/swissbaker.ch\/fr\/panissimo-news\/la-suisse-devient-elle-plusfavorable-aux-entreprises\/","og_locale":"fr_FR","og_type":"article","og_title":"La Suisse devient-elle plusfavorable aux entreprises\u2009?","og_description":"\u00c0 l'avenir \u00e9galement, ni la droite ni la gauche n'auront la majorit\u00e9. C'est pourquoi le parti du centre a le r\u00f4le le plus important \u00e0 jouer.","og_url":"https:\/\/swissbaker.ch\/fr\/panissimo-news\/la-suisse-devient-elle-plusfavorable-aux-entreprises\/","og_site_name":"SBC","article_publisher":"https:\/\/www.facebook.com\/swissbaker.ch","article_published_time":"2023-10-25T11:33:59+00:00","article_modified_time":"2023-10-25T11:44:47+00:00","og_image":[{"width":1200,"height":712,"url":"https:\/\/swissbaker.ch\/wp-content\/uploads\/2022\/10\/urs_wellauer_parlament.jpg","type":"image\/jpeg"}],"author":"Simon Nussbaum","twitter_card":"summary_large_image","twitter_creator":"@ch_swissbaker","twitter_site":"@ch_swissbaker","twitter_misc":{"Written by":"Simon Nussbaum","Est. reading time":"2 minutes"},"schema":{"@context":"https:\/\/schema.org","@graph":[{"@type":"Article","@id":"https:\/\/swissbaker.ch\/fr\/panissimo-news\/la-suisse-devient-elle-plusfavorable-aux-entreprises\/#article","isPartOf":{"@id":"https:\/\/swissbaker.ch\/fr\/panissimo-news\/la-suisse-devient-elle-plusfavorable-aux-entreprises\/"},"author":{"name":"Simon Nussbaum","@id":"https:\/\/swissbaker.ch\/fr\/#\/schema\/person\/74bd327b08c18ca6042c02ff6f0ed5e2"},"headline":"La Suisse devient-elle plusfavorable aux entreprises\u2009?","datePublished":"2023-10-25T11:33:59+00:00","dateModified":"2023-10-25T11:44:47+00:00","mainEntityOfPage":{"@id":"https:\/\/swissbaker.ch\/fr\/panissimo-news\/la-suisse-devient-elle-plusfavorable-aux-entreprises\/"},"wordCount":340,"publisher":{"@id":"https:\/\/swissbaker.ch\/fr\/#organization"},"image":{"@id":"https:\/\/swissbaker.ch\/fr\/panissimo-news\/la-suisse-devient-elle-plusfavorable-aux-entreprises\/#primaryimage"},"thumbnailUrl":"https:\/\/swissbaker.ch\/wp-content\/uploads\/2022\/10\/urs_wellauer_parlament.jpg","articleSection":["Droit &amp; politique"],"inLanguage":"fr-FR"},{"@type":"WebPage","@id":"https:\/\/swissbaker.ch\/fr\/panissimo-news\/la-suisse-devient-elle-plusfavorable-aux-entreprises\/","url":"https:\/\/swissbaker.ch\/fr\/panissimo-news\/la-suisse-devient-elle-plusfavorable-aux-entreprises\/","name":"La Suisse devient-elle plusfavorable aux entreprises\u2009? | SBC","isPartOf":{"@id":"https:\/\/swissbaker.ch\/fr\/#website"},"primaryImageOfPage":{"@id":"https:\/\/swissbaker.ch\/fr\/panissimo-news\/la-suisse-devient-elle-plusfavorable-aux-entreprises\/#primaryimage"},"image":{"@id":"https:\/\/swissbaker.ch\/fr\/panissimo-news\/la-suisse-devient-elle-plusfavorable-aux-entreprises\/#primaryimage"},"thumbnailUrl":"https:\/\/swissbaker.ch\/wp-content\/uploads\/2022\/10\/urs_wellauer_parlament.jpg","datePublished":"2023-10-25T11:33:59+00:00","dateModified":"2023-10-25T11:44:47+00:00","description":"\u00c0 l'avenir \u00e9galement, ni la droite ni la gauche n'auront la majorit\u00e9. C'est pourquoi le parti du centre a le r\u00f4le le plus important \u00e0 jouer.","breadcrumb":{"@id":"https:\/\/swissbaker.ch\/fr\/panissimo-news\/la-suisse-devient-elle-plusfavorable-aux-entreprises\/#breadcrumb"},"inLanguage":"fr-FR","potentialAction":[{"@type":"ReadAction","target":["https:\/\/swissbaker.ch\/fr\/panissimo-news\/la-suisse-devient-elle-plusfavorable-aux-entreprises\/"]}]},{"@type":"ImageObject","inLanguage":"fr-FR","@id":"https:\/\/swissbaker.ch\/fr\/panissimo-news\/la-suisse-devient-elle-plusfavorable-aux-entreprises\/#primaryimage","url":"https:\/\/swissbaker.ch\/wp-content\/uploads\/2022\/10\/urs_wellauer_parlament.jpg","contentUrl":"https:\/\/swissbaker.ch\/wp-content\/uploads\/2022\/10\/urs_wellauer_parlament.jpg","width":1200,"height":712},{"@type":"BreadcrumbList","@id":"https:\/\/swissbaker.ch\/fr\/panissimo-news\/la-suisse-devient-elle-plusfavorable-aux-entreprises\/#breadcrumb","itemListElement":[{"@type":"ListItem","position":1,"name":"","item":"https:\/\/swissbaker.ch\/fr\/"},{"@type":"ListItem","position":2,"name":"Droit &amp; politique","item":"https:\/\/swissbaker.ch\/fr\/panissimo-news\/category\/droit-politique\/"},{"@type":"ListItem","position":3,"name":"La Suisse devient-elle plusfavorable aux entreprises\u2009?"}]},{"@type":"WebSite","@id":"https:\/\/swissbaker.ch\/fr\/#website","url":"https:\/\/swissbaker.ch\/fr\/","name":"SBC","description":"","publisher":{"@id":"https:\/\/swissbaker.ch\/fr\/#organization"},"potentialAction":[{"@type":"SearchAction","target":{"@type":"EntryPoint","urlTemplate":"https:\/\/swissbaker.ch\/fr\/?s={search_term_string}"},"query-input":{"@type":"PropertyValueSpecification","valueRequired":true,"valueName":"search_term_string"}}],"inLanguage":"fr-FR"},{"@type":"Organization","@id":"https:\/\/swissbaker.ch\/fr\/#organization","name":"Schweizerischer B\u00e4cker-Confiseurmeister-Verband","url":"https:\/\/swissbaker.ch\/fr\/","logo":{"@type":"ImageObject","inLanguage":"fr-FR","@id":"https:\/\/swissbaker.ch\/fr\/#\/schema\/logo\/image\/","url":"https:\/\/swissbaker.ch\/wp-content\/uploads\/2022\/04\/sbc-logo-yoast.jpg","contentUrl":"https:\/\/swissbaker.ch\/wp-content\/uploads\/2022\/04\/sbc-logo-yoast.jpg","width":512,"height":512,"caption":"Schweizerischer B\u00e4cker-Confiseurmeister-Verband"},"image":{"@id":"https:\/\/swissbaker.ch\/fr\/#\/schema\/logo\/image\/"},"sameAs":["https:\/\/www.facebook.com\/swissbaker.ch","https:\/\/x.com\/ch_swissbaker"]},{"@type":"Person","@id":"https:\/\/swissbaker.ch\/fr\/#\/schema\/person\/74bd327b08c18ca6042c02ff6f0ed5e2","name":"Simon Nussbaum","image":{"@type":"ImageObject","inLanguage":"fr-FR","@id":"https:\/\/swissbaker.ch\/fr\/#\/schema\/person\/image\/","url":"https:\/\/secure.gravatar.com\/avatar\/df0eced3bb556c806cb760cf503ade1ed1df25b4104d80d6fd28d93a9509aa12?s=96&d=mm&r=g","contentUrl":"https:\/\/secure.gravatar.com\/avatar\/df0eced3bb556c806cb760cf503ade1ed1df25b4104d80d6fd28d93a9509aa12?s=96&d=mm&r=g","caption":"Simon Nussbaum"},"url":"https:\/\/swissbaker.ch\/fr\/panissimo-news\/author\/simon-nussbaum\/"}]}},"_links":{"self":[{"href":"https:\/\/swissbaker.ch\/fr\/wp-json\/wp\/v2\/posts\/70003","targetHints":{"allow":["GET"]}}],"collection":[{"href":"https:\/\/swissbaker.ch\/fr\/wp-json\/wp\/v2\/posts"}],"about":[{"href":"https:\/\/swissbaker.ch\/fr\/wp-json\/wp\/v2\/types\/post"}],"author":[{"embeddable":true,"href":"https:\/\/swissbaker.ch\/fr\/wp-json\/wp\/v2\/users\/5"}],"replies":[{"embeddable":true,"href":"https:\/\/swissbaker.ch\/fr\/wp-json\/wp\/v2\/comments?post=70003"}],"version-history":[{"count":0,"href":"https:\/\/swissbaker.ch\/fr\/wp-json\/wp\/v2\/posts\/70003\/revisions"}],"wp:featuredmedia":[{"embeddable":true,"href":"https:\/\/swissbaker.ch\/fr\/wp-json\/wp\/v2\/media\/50615"}],"wp:attachment":[{"href":"https:\/\/swissbaker.ch\/fr\/wp-json\/wp\/v2\/media?parent=70003"}],"wp:term":[{"taxonomy":"category","embeddable":true,"href":"https:\/\/swissbaker.ch\/fr\/wp-json\/wp\/v2\/categories?post=70003"},{"taxonomy":"post_tag","embeddable":true,"href":"https:\/\/swissbaker.ch\/fr\/wp-json\/wp\/v2\/tags?post=70003"}],"curies":[{"name":"wp","href":"https:\/\/api.w.org\/{rel}","templated":true}]}}