{"id":69607,"date":"2023-10-19T09:02:02","date_gmt":"2023-10-19T07:02:02","guid":{"rendered":"https:\/\/swissbaker.ch\/?p=69607"},"modified":"2023-10-19T11:06:25","modified_gmt":"2023-10-19T09:06:25","slug":"naturel-et-simple","status":"publish","type":"post","link":"https:\/\/swissbaker.ch\/fr\/panissimo-news\/naturel-et-simple\/","title":{"rendered":"Naturel et simple"},"content":{"rendered":"\n<p><strong>\u00ab\u2009Juste du pain\u2009\u00bb\u2026 Le slogan d\u2019Earlybeck \u00e0 Gstaad dans l\u2019Oberland bernois est simple, mais bon\u2009; comme presque tout dans le fournil d\u2019Eric Oehrli. Le pain signature s\u2019appelle d\u2019ailleurs\u2009: Le Simple. M.\u202fOehrli travaille en collaboration avec l\u2019association Naturel\u2009; le passage \u00e0 Naturel n\u2019est pas tr\u00e8s compliqu\u00e9, selon lui.\u2002<\/strong><\/p>\n\n\n\n<p>Le pain est fabriqu\u00e9 dans le fournil de Saanen (BE), qui a \u00e9t\u00e9 construit en 2007, l\u2019ann\u00e9e o\u00f9 Eric et Murielle Oehrli-Chevalley ont repris l&#8217;entreprise familiale. Tous deux repr\u00e9sentent la quatri\u00e8me g\u00e9n\u00e9ration \u00e0 la t\u00eate de l&#8217;entreprise. Mais reprenons depuis le d\u00e9but\u2009: en 1910, Alfred et Frieda Oehrli-Jaggi ouvrent \u00e0 Gstaad (BE) une boulangerie avec magasin et salon de th\u00e9. Elle se trouve encore au c\u0153ur du village, sur la promenade, l\u00e0 o\u00f9 l&#8217;on veut voir et \u00eatre vu, o\u00f9 l&#8217;on fl\u00e2ne, et o\u00f9 l&#8217;on vient aussi chercher son pain quotidien.<\/p>\n\n\n\n<figure class=\"wp-block-image size-large\"><img decoding=\"async\" width=\"1024\" height=\"608\" src=\"https:\/\/swissbaker.ch\/wp-content\/uploads\/2023\/10\/19_2_earlybeck_haus-1024x608.jpg\" alt=\"\" class=\"wp-image-69589\" srcset=\"https:\/\/swissbaker.ch\/wp-content\/uploads\/2023\/10\/19_2_earlybeck_haus-1024x608.jpg 1024w, https:\/\/swissbaker.ch\/wp-content\/uploads\/2023\/10\/19_2_earlybeck_haus-768x456.jpg 768w, https:\/\/swissbaker.ch\/wp-content\/uploads\/2023\/10\/19_2_earlybeck_haus.jpg 1200w\" sizes=\"(max-width: 1024px) 100vw, 1024px\" \/><figcaption class=\"wp-element-caption\"><em>Erlybeck sur la promenade de Gstaad<\/em><\/figcaption><\/figure>\n\n\n\n<p>L&#8217;entreprise \u00e9volue lentement mais s\u00fbrement. Les sp\u00e9cialistes de la boulangerie installent par exemple le premier four \u00e9lectrique de la r\u00e9gion (en 1945), ou choisissent un nouveau nom pour leur entreprise \u2013 Earlybeck \u2013, tr\u00e8s dr\u00f4le et \u00e0 triple sens\u2009! C\u2019est le p\u00e8re d&#8217;Eric Oehrli qui en a eu l&#8217;id\u00e9e au d\u00e9but des ann\u00e9es 1990. Premi\u00e8rement, il reproduit par onomatop\u00e9e le nom de la famille. Deuxi\u00e8mement, le mot early s&#8217;y cache, et le terme \u00ab\u2009t\u00f4t\u2009\u00bb peut aussi bien faire r\u00e9f\u00e9rence au travail des boulangers qu&#8217;\u00e0 une expression. \u00ab\u2009The early bird catches the worm\u2009\u00bb dit-on en anglais, l&#8217;oiseau matinal attrape le ver. Les Oehrli semblent avoir toujours eu une longueur d\u2019avance sur leur temps, et cela se confirme encore aujourd&#8217;hui.<\/p>\n\n\n\n<figure class=\"wp-block-pullquote has-text-color\" style=\"color:#cc9933;font-size:20px;font-style:normal;font-weight:700\"><blockquote><p>Le mot \u00abearly\u00bb (angl. \u00abt\u00f4t\u00bb) peut aussi bien faire r\u00e9f\u00e9rence au travail des boulangers qu&#8217;\u00e0 une expression. \u00ab\u2009The early bird catches the worm\u2009\u00bb dit-on en anglais, l&#8217;oiseau matinal attrape le ver.<\/p><\/blockquote><\/figure>\n\n\n\n<p>Eric Oehrli est \u00e9conomiste d&#8217;entreprise. Il a travaill\u00e9 chez Nestl\u00e9 apr\u00e8s ses \u00e9tudes, avant de revenir dans l&#8217;entreprise familiale en 2003. Sans apprentissage, mais avec une exp\u00e9rience de toute une vie, sachant qu\u2019il y a travaill\u00e9 pendant les vacances, fait un stage et suivi de nombreux cours. Il est ouvert \u00e0 beaucoup de choses, et aime en exp\u00e9rimenter de nouvelles. Il a notamment particip\u00e9 \u00e0 l\u2019\u00e9laboration du pain Le Simple qui contient de la farine, de l&#8217;eau, du sel et du levain, et est cuit sur pierre chaude.<\/p>\n\n\n\n<p>Sa place n\u2019est plus au fournil, mais il arrive \u00e0 Eric Oehrli de se retrouver derri\u00e8re le four \u00e0 bois mobile avec lequel il se rend parfois sur les march\u00e9s. Il allume alors le four pour y cuire des tresses.<br>En g\u00e9n\u00e9ral, il \u00e9crit des listes au pupitre du bureau spacieux avec vue sur la verdure. Il fait des calculs, r\u00e9fl\u00e9chit \u00e0 ce qui pourrait \u00eatre am\u00e9lior\u00e9. Son exp\u00e9rience du management est un grand avantage, selon lui. Huitante personnes travaillent chez Earlybeck, dont vingt \u00e0 la production, pour huit filiales. Les magasins se trouvent \u00e0 Gstaad et Saanen, \u00e0 Ch\u00e2teaux-d\u2019Oex (VD), \u00e0 Riaz (FR) et \u00e0 Zweisimmen (BE).<\/p>\n\n\n\n<figure class=\"wp-block-image size-large\"><img decoding=\"async\" width=\"1024\" height=\"608\" src=\"https:\/\/swissbaker.ch\/wp-content\/uploads\/2023\/10\/19_2_earlybeck_handarbeit-1024x608.jpg\" alt=\"\" class=\"wp-image-69597\" srcset=\"https:\/\/swissbaker.ch\/wp-content\/uploads\/2023\/10\/19_2_earlybeck_handarbeit-1024x608.jpg 1024w, https:\/\/swissbaker.ch\/wp-content\/uploads\/2023\/10\/19_2_earlybeck_handarbeit-768x456.jpg 768w, https:\/\/swissbaker.ch\/wp-content\/uploads\/2023\/10\/19_2_earlybeck_handarbeit.jpg 1200w\" sizes=\"(max-width: 1024px) 100vw, 1024px\" \/><figcaption class=\"wp-element-caption\"><em>Du croissant roul\u00e9 \u00e0 la main au pain fa\u00e7onne, le travail manuel est important chez Earlybeck.<\/em><\/figcaption><\/figure>\n\n\n\n<h2 class=\"wp-block-heading\" id=\"h-le-local-avant-le-bio-naturel-convient-parfaitement-a-earlybeck\">Le local avant le bio, Naturel convient parfaitement \u00e0 Earlybeck<\/h2>\n\n\n\n<p>Eric et Murielle Oehrli-Chevalley ont vite compris qu&#8217;ils voulaient participer \u00e0 Naturel\u2009: l&#8217;id\u00e9e directrice correspond aujourd&#8217;hui encore \u00e0 leurs attentes. Pour eux, le \u00ab\u2009local\u2009\u00bb \u00e9tait plus important que le \u00ab\u2009biologique\u2009\u00bb. Naturel est n\u00e9 de l&#8217;association Pro Pane Natura, devenue NaturaBeck, et s&#8217;appelle ainsi depuis 2012. L&#8217;organisation, un label de qualit\u00e9 d&#8217;IP-Suisse, promeut notamment la production durable de mati\u00e8res premi\u00e8res et l&#8217;artisanat traditionnel, et surtout la biodiversit\u00e9.<\/p>\n\n\n\n<p>Et qu&#8217;est-ce qui caract\u00e9rise Earlybeck\u2009? Ces m\u00eames points. La boulangerie utilise du levain de bl\u00e9 depuis plus de 15 ans. De nouvelles vari\u00e9t\u00e9s sont venues s&#8217;y ajouter, comme l&#8217;\u00e9peautre pur et le seigle sauvage. Le levain a remplac\u00e9 une grande partie de la levure de boulangerie dans le reste de l&#8217;assortiment.<\/p>\n\n\n\n<h2 class=\"wp-block-heading\" id=\"h-de-la-saumure-des-salines-de-bex\">De la saumure des salines de Bex<\/h2>\n\n\n\n<p>Earlybeck suit \u00e9galement sa propre voie en ce qui concerne les produits, et le sel notamment. En 2005, Eric Oehrli a d\u00e9cid\u00e9 de remplacer le sel de cuisine traditionnel par de la saumure naturelle provenant des salines de Bex (VD). Et ce, apr\u00e8s avoir go\u00fbt\u00e9 de la saumure en Autriche (sans iode ni anti-agglom\u00e9rant). Depuis, ses collaborateurs vont eux-m\u00eames chercher le sel\u2009; issu d&#8217;un gisement de sel vieux de 200\u202fmillions d&#8217;ann\u00e9es situ\u00e9 au c\u0153ur de la montagne. Earlybeck a \u00e9t\u00e9 le premier (et l&#8217;un des rares dans toute la Suisse) \u00e0 utiliser ce sel pour les denr\u00e9es alimentaires.<\/p>\n\n\n\n<figure class=\"wp-block-image size-large\"><img decoding=\"async\" width=\"1024\" height=\"608\" src=\"https:\/\/swissbaker.ch\/wp-content\/uploads\/2023\/10\/19_2_earlybeck_salz-1024x608.jpg\" alt=\"\" class=\"wp-image-69592\" srcset=\"https:\/\/swissbaker.ch\/wp-content\/uploads\/2023\/10\/19_2_earlybeck_salz-1024x608.jpg 1024w, https:\/\/swissbaker.ch\/wp-content\/uploads\/2023\/10\/19_2_earlybeck_salz-768x456.jpg 768w, https:\/\/swissbaker.ch\/wp-content\/uploads\/2023\/10\/19_2_earlybeck_salz.jpg 1200w\" sizes=\"(max-width: 1024px) 100vw, 1024px\" \/><figcaption class=\"wp-element-caption\"><em>Le sel provenant des salines de Bex (VD)<\/em><\/figcaption><\/figure>\n\n\n\n<p>Le beurre et la cr\u00e8me proviennent \u00e9galement de la r\u00e9gion \u2013 et non de grossistes \u2013, les \u0153ufs de Gstaad. Et l&#8217;eau\u2009: Earlybeck utilise de l\u2019\u00ab\u2009eau de montagne\u2009\u00bb sans chlore, fournie par la commune, et compos\u00e9e aux deux tiers d&#8217;eau de source.<\/p>\n\n\n\n<p>La longue conduite de la p\u00e2te \u00e0 pain figure dans le cahier des charges de Naturel et fait partie du quotidien ici \u00e0 Saanen\u2009: quatre des vari\u00e9t\u00e9s sont des pains au levain pur. Trois levains de bl\u00e9, d&#8217;\u00e9peautre pur et de seigle sauvage sont nourris et rafra\u00eechis chaque jour. On trouve certes encore du pain bis et du pain mi-blanc dans les boulangeries de l&#8217;entreprise, mais l&#8217;objectif d&#8217;Eric Oehrli serait de les remplacer enti\u00e8rement par Le Simple.<\/p>\n\n\n\n<p>A propos de farine\u2009: le meunier est en train de la livrer avec son camion gar\u00e9 devant le fournil. Earlybeck travaille depuis dix ans avec M\u00fchle Landshut \u00e0 Utzenstorf (BE). Adeptes du slow baking, les Oehrli ont trouv\u00e9 leur pendant en meunerie, le moulin pratiquant lui le slow milling. Les c\u00e9r\u00e9ales de la r\u00e9gion sont moulues en de nombreuses petites \u00e9tapes. Les vitamines et les min\u00e9raux sont pr\u00e9serv\u00e9s, m\u00eame pour les farines claires. Les meuniers s&#8217;engagent par ailleurs \u00e0 ce que les farines IP-Suisse r\u00e9pondent aux exigences de qualit\u00e9 Naturel.<\/p>\n\n\n\n<h2 class=\"wp-block-heading\" id=\"h-moins-c-est-plus\">Moins, c&#8217;est plus<\/h2>\n\n\n\n<p>Retour au fournil, o\u00f9 les p\u00e9trins \u00e0 spirale ont laiss\u00e9 place \u00e0 des p\u00e9trins \u00e0 deux bras. Traditionnellement, c\u2019est le mouvement que le boulanger effectuait autrefois avec ses bras. L\u00e0 aussi, c&#8217;est plus long\u2009: cela prend un peu plus de temps, mais c\u2019est plus d\u00e9licat. Les m\u00e9langes tout pr\u00eats n\u2019ont pas leur place ici. Chaque jour, les boulangers m\u00e9langent les farines, ajoutent parfois des graines, du beurre de montagne ou des fruits secs, garantissant ainsi qu&#8217;aucun additif ne se trouve dans les pains.<\/p>\n\n\n\n<figure class=\"wp-block-image size-large\"><img decoding=\"async\" width=\"1024\" height=\"608\" src=\"https:\/\/swissbaker.ch\/wp-content\/uploads\/2023\/10\/19_2_earlybeck_brote-1024x608.jpg\" alt=\"\" class=\"wp-image-69601\" srcset=\"https:\/\/swissbaker.ch\/wp-content\/uploads\/2023\/10\/19_2_earlybeck_brote-1024x608.jpg 1024w, https:\/\/swissbaker.ch\/wp-content\/uploads\/2023\/10\/19_2_earlybeck_brote-768x456.jpg 768w, https:\/\/swissbaker.ch\/wp-content\/uploads\/2023\/10\/19_2_earlybeck_brote.jpg 1200w\" sizes=\"(max-width: 1024px) 100vw, 1024px\" \/><figcaption class=\"wp-element-caption\"><em>Les cr\u00e9ations de pain constituent la base de l\u2019offre d\u2019Earlybeck.<\/em><\/figcaption><\/figure>\n\n\n\n<p>L&#8217;id\u00e9e d&#8217;Eric Oehrli concernant l&#8217;assortiment est d&#8217;ailleurs s\u00e9duisante\u2009: \u00ab\u2009Il est pr\u00e9f\u00e9rable de se concentrer sur un petit nombre de vari\u00e9t\u00e9s et de privil\u00e9gier \u00e0 cet effet la cuisson fra\u00eeche.\u2009\u00bb Earlybeck n\u2019est peut-\u00eatre pas le premier \u00e0 le faire, mais il reste un pionnier en la mati\u00e8re. Comme toujours.<\/p>\n\n\n\n<h2 class=\"wp-block-heading\" id=\"h-naturel\">Naturel<\/h2>\n\n\n\n<p>Eric Oehrli, membre du comit\u00e9 directeur de Naturel, affirme qu\u2019un boulanger qui est convaincu de faire du bon pain avec des moyens simples est conforme \u00e0 la r\u00e9glementation. Il a ajout\u00e9 qu\u2019un boulanger qui fait du pain avec des ingr\u00e9dients simples est assez conforme aux prescriptions. Ceux qui s\u2019int\u00e9ressent au levain ou \u00e0 la longue conduite de la p\u00e2te remplissent pour ainsi dire les crit\u00e8res.<\/p>\n\n\n\n<p><strong>Il existe bien s\u00fbr un cahier des charges. On y trouve notamment les points suivants\u2009:<\/strong><\/p>\n\n\n\n<ul class=\"wp-block-list\">\n<li>tous les grains, boulanges, farines, germes disponibles en qualit\u00e9 IP-Suisse doivent \u00eatre achet\u00e9s en qualit\u00e9 IP-Suisse (froment, seigle, \u00e9peautre pur). Il est possible d\u2019utiliser des farines sp\u00e9ciales r\u00e9gionales et locales\u2009;<\/li>\n\n\n\n<li>les p\u00e2tes reposent entre 7 et 48\u202fheures\u2009;<\/li>\n\n\n\n<li>au moins 3 pains doivent \u00eatre produits conform\u00e9ment au nouveau cahier des charges (longue panification pour au moins trois pains)\u2009;<\/li>\n\n\n\n<li>un contr\u00f4le est effectu\u00e9 tous les trois ans par l\u2019organisme de certification ProCert\u2009;<\/li>\n\n\n\n<li>seuls les produits de panification r\u00e9pertori\u00e9s dans la liste positive, constamment actualis\u00e9e, peuvent \u00eatre utilis\u00e9s pour la fabrication de produits labellis\u00e9s Naturel\u2009;<\/li>\n\n\n\n<li>\u00e0 l\u2019\u00e9talage, les produits qui satisfont aux exigences Naturel doivent \u00eatre clairement \u00e9tiquet\u00e9s avec le label de qualit\u00e9 Naturel et\/ou la coccinelle IP-Suisse.<\/li>\n<\/ul>\n\n\n\n<p>Les avantages de Naturel sont nombreux. En tant que partenaire principal, IP-Suisse veille \u00e0 ce que les c\u00e9r\u00e9ales utilis\u00e9es soient issues de l\u2019agriculture locale et produites de mani\u00e8re \u00e9cologique. De mani\u00e8re g\u00e9n\u00e9rale, l\u2019adh\u00e9sion \u00e0 l\u2019association permet de promouvoir et de renforcer l\u2019artisanat, et donc la boulangerie artisanale ancr\u00e9e dans la r\u00e9gion.<\/p>\n\n\n\n<p>Les ingr\u00e9dients sont trait\u00e9s avec soin et fabriqu\u00e9s selon des processus de maturation proches de la nature. Les produits de boulangerie se conservent longtemps et sont digestes. Le nouveau cahier des charges peut \u00eatre consult\u00e9 sur <a href=\"https:\/\/ips-naturel.ch\" target=\"_blank\" rel=\"noreferrer noopener\">ips-naturel.ch<\/a><\/p>\n\n\n\n<p><a href=\"https:\/\/earlybeck.ch\" target=\"_blank\" rel=\"noreferrer noopener\">earlybeck.ch<\/a><\/p>\n\n\n\n<p class=\"has-text-align-right\"><em>Nina Kobelt<\/em><\/p>\n","protected":false},"excerpt":{"rendered":"<p>\u00ab\u2009Juste du pain\u2009\u00bb\u2026 Le slogan d\u2019Earlybeck \u00e0 Gstaad dans l\u2019Oberland bernois est simple, mais bon\u2009; comme presque tout dans le fournil d\u2019Eric Oehrli. Le pain signature s\u2019appelle d\u2019ailleurs\u2009: Le Simple. M.\u202fOehrli travaille en collaboration avec l\u2019association Naturel\u2009; le passage \u00e0 Naturel n\u2019est pas tr\u00e8s compliqu\u00e9, selon lui.\u2002<\/p>\n","protected":false},"author":5,"featured_media":69609,"comment_status":"closed","ping_status":"closed","sticky":true,"template":"","format":"standard","meta":{"_acf_changed":false,"footnotes":""},"categories":[42],"tags":[],"class_list":["post-69607","post","type-post","status-publish","format-standard","has-post-thumbnail","hentry","category-boulangeries-confiseries"],"acf":[],"yoast_head":"<!-- This site is optimized with the Yoast SEO Premium plugin v26.8 (Yoast SEO v26.8) - https:\/\/yoast.com\/product\/yoast-seo-premium-wordpress\/ -->\n<title>Naturel et simple | SBC<\/title>\n<meta name=\"description\" content=\"\u00ab\u2009Juste du pain\u2009\u00bb\u2026 Le slogan d\u2019Earlybeck \u00e0 Gstaad dans l\u2019Oberland bernois est simple, mais bon\u2009; comme presque tout dans le fournil d\u2019Eric Oehrli.\" \/>\n<meta name=\"robots\" content=\"index, follow, max-snippet:-1, max-image-preview:large, max-video-preview:-1\" \/>\n<link rel=\"canonical\" href=\"https:\/\/swissbaker.ch\/fr\/panissimo-news\/naturel-et-simple\/\" \/>\n<meta property=\"og:locale\" content=\"fr_FR\" \/>\n<meta property=\"og:type\" content=\"article\" \/>\n<meta property=\"og:title\" content=\"Naturel et simple\" \/>\n<meta property=\"og:description\" content=\"\u00ab\u2009Juste du pain\u2009\u00bb\u2026 Le slogan d\u2019Earlybeck \u00e0 Gstaad dans l\u2019Oberland bernois est simple, mais bon\u2009; comme presque tout dans le fournil d\u2019Eric Oehrli.\" \/>\n<meta property=\"og:url\" content=\"https:\/\/swissbaker.ch\/fr\/panissimo-news\/naturel-et-simple\/\" \/>\n<meta property=\"og:site_name\" content=\"SBC\" \/>\n<meta property=\"article:publisher\" content=\"https:\/\/www.facebook.com\/swissbaker.ch\" \/>\n<meta property=\"article:published_time\" content=\"2023-10-19T07:02:02+00:00\" \/>\n<meta property=\"article:modified_time\" content=\"2023-10-19T09:06:25+00:00\" \/>\n<meta property=\"og:image\" content=\"https:\/\/swissbaker.ch\/wp-content\/uploads\/2023\/10\/19_2_earlybeck-1.jpg\" \/>\n\t<meta property=\"og:image:width\" content=\"1200\" \/>\n\t<meta property=\"og:image:height\" content=\"712\" \/>\n\t<meta property=\"og:image:type\" content=\"image\/jpeg\" \/>\n<meta name=\"author\" content=\"Simon Nussbaum\" \/>\n<meta name=\"twitter:card\" content=\"summary_large_image\" \/>\n<meta name=\"twitter:creator\" content=\"@ch_swissbaker\" \/>\n<meta name=\"twitter:site\" content=\"@ch_swissbaker\" \/>\n<meta name=\"twitter:label1\" content=\"Written by\" \/>\n\t<meta name=\"twitter:data1\" content=\"Simon Nussbaum\" \/>\n\t<meta name=\"twitter:label2\" content=\"Est. reading time\" \/>\n\t<meta name=\"twitter:data2\" content=\"7 minutes\" \/>\n<script type=\"application\/ld+json\" class=\"yoast-schema-graph\">{\"@context\":\"https:\/\/schema.org\",\"@graph\":[{\"@type\":\"Article\",\"@id\":\"https:\/\/swissbaker.ch\/fr\/panissimo-news\/naturel-et-simple\/#article\",\"isPartOf\":{\"@id\":\"https:\/\/swissbaker.ch\/fr\/panissimo-news\/naturel-et-simple\/\"},\"author\":{\"name\":\"Simon Nussbaum\",\"@id\":\"https:\/\/swissbaker.ch\/fr\/#\/schema\/person\/74bd327b08c18ca6042c02ff6f0ed5e2\"},\"headline\":\"Naturel et simple\",\"datePublished\":\"2023-10-19T07:02:02+00:00\",\"dateModified\":\"2023-10-19T09:06:25+00:00\",\"mainEntityOfPage\":{\"@id\":\"https:\/\/swissbaker.ch\/fr\/panissimo-news\/naturel-et-simple\/\"},\"wordCount\":1540,\"publisher\":{\"@id\":\"https:\/\/swissbaker.ch\/fr\/#organization\"},\"image\":{\"@id\":\"https:\/\/swissbaker.ch\/fr\/panissimo-news\/naturel-et-simple\/#primaryimage\"},\"thumbnailUrl\":\"https:\/\/swissbaker.ch\/wp-content\/uploads\/2023\/10\/19_2_earlybeck-1.jpg\",\"articleSection\":[\"Boulangeries\/Confiseries\"],\"inLanguage\":\"fr-FR\"},{\"@type\":\"WebPage\",\"@id\":\"https:\/\/swissbaker.ch\/fr\/panissimo-news\/naturel-et-simple\/\",\"url\":\"https:\/\/swissbaker.ch\/fr\/panissimo-news\/naturel-et-simple\/\",\"name\":\"Naturel et simple | SBC\",\"isPartOf\":{\"@id\":\"https:\/\/swissbaker.ch\/fr\/#website\"},\"primaryImageOfPage\":{\"@id\":\"https:\/\/swissbaker.ch\/fr\/panissimo-news\/naturel-et-simple\/#primaryimage\"},\"image\":{\"@id\":\"https:\/\/swissbaker.ch\/fr\/panissimo-news\/naturel-et-simple\/#primaryimage\"},\"thumbnailUrl\":\"https:\/\/swissbaker.ch\/wp-content\/uploads\/2023\/10\/19_2_earlybeck-1.jpg\",\"datePublished\":\"2023-10-19T07:02:02+00:00\",\"dateModified\":\"2023-10-19T09:06:25+00:00\",\"description\":\"\u00ab\u2009Juste du pain\u2009\u00bb\u2026 Le slogan d\u2019Earlybeck \u00e0 Gstaad dans l\u2019Oberland bernois est simple, mais bon\u2009; comme presque tout dans le fournil d\u2019Eric Oehrli.\",\"breadcrumb\":{\"@id\":\"https:\/\/swissbaker.ch\/fr\/panissimo-news\/naturel-et-simple\/#breadcrumb\"},\"inLanguage\":\"fr-FR\",\"potentialAction\":[{\"@type\":\"ReadAction\",\"target\":[\"https:\/\/swissbaker.ch\/fr\/panissimo-news\/naturel-et-simple\/\"]}]},{\"@type\":\"ImageObject\",\"inLanguage\":\"fr-FR\",\"@id\":\"https:\/\/swissbaker.ch\/fr\/panissimo-news\/naturel-et-simple\/#primaryimage\",\"url\":\"https:\/\/swissbaker.ch\/wp-content\/uploads\/2023\/10\/19_2_earlybeck-1.jpg\",\"contentUrl\":\"https:\/\/swissbaker.ch\/wp-content\/uploads\/2023\/10\/19_2_earlybeck-1.jpg\",\"width\":1200,\"height\":712},{\"@type\":\"BreadcrumbList\",\"@id\":\"https:\/\/swissbaker.ch\/fr\/panissimo-news\/naturel-et-simple\/#breadcrumb\",\"itemListElement\":[{\"@type\":\"ListItem\",\"position\":1,\"name\":\"\",\"item\":\"https:\/\/swissbaker.ch\/fr\/\"},{\"@type\":\"ListItem\",\"position\":2,\"name\":\"Boulangeries\/Confiseries\",\"item\":\"https:\/\/swissbaker.ch\/fr\/panissimo-news\/category\/boulangeries-confiseries\/\"},{\"@type\":\"ListItem\",\"position\":3,\"name\":\"Naturel et simple\"}]},{\"@type\":\"WebSite\",\"@id\":\"https:\/\/swissbaker.ch\/fr\/#website\",\"url\":\"https:\/\/swissbaker.ch\/fr\/\",\"name\":\"SBC\",\"description\":\"\",\"publisher\":{\"@id\":\"https:\/\/swissbaker.ch\/fr\/#organization\"},\"potentialAction\":[{\"@type\":\"SearchAction\",\"target\":{\"@type\":\"EntryPoint\",\"urlTemplate\":\"https:\/\/swissbaker.ch\/fr\/?s={search_term_string}\"},\"query-input\":{\"@type\":\"PropertyValueSpecification\",\"valueRequired\":true,\"valueName\":\"search_term_string\"}}],\"inLanguage\":\"fr-FR\"},{\"@type\":\"Organization\",\"@id\":\"https:\/\/swissbaker.ch\/fr\/#organization\",\"name\":\"Schweizerischer B\u00e4cker-Confiseurmeister-Verband\",\"url\":\"https:\/\/swissbaker.ch\/fr\/\",\"logo\":{\"@type\":\"ImageObject\",\"inLanguage\":\"fr-FR\",\"@id\":\"https:\/\/swissbaker.ch\/fr\/#\/schema\/logo\/image\/\",\"url\":\"https:\/\/swissbaker.ch\/wp-content\/uploads\/2022\/04\/sbc-logo-yoast.jpg\",\"contentUrl\":\"https:\/\/swissbaker.ch\/wp-content\/uploads\/2022\/04\/sbc-logo-yoast.jpg\",\"width\":512,\"height\":512,\"caption\":\"Schweizerischer B\u00e4cker-Confiseurmeister-Verband\"},\"image\":{\"@id\":\"https:\/\/swissbaker.ch\/fr\/#\/schema\/logo\/image\/\"},\"sameAs\":[\"https:\/\/www.facebook.com\/swissbaker.ch\",\"https:\/\/x.com\/ch_swissbaker\"]},{\"@type\":\"Person\",\"@id\":\"https:\/\/swissbaker.ch\/fr\/#\/schema\/person\/74bd327b08c18ca6042c02ff6f0ed5e2\",\"name\":\"Simon Nussbaum\",\"image\":{\"@type\":\"ImageObject\",\"inLanguage\":\"fr-FR\",\"@id\":\"https:\/\/swissbaker.ch\/fr\/#\/schema\/person\/image\/\",\"url\":\"https:\/\/secure.gravatar.com\/avatar\/df0eced3bb556c806cb760cf503ade1ed1df25b4104d80d6fd28d93a9509aa12?s=96&d=mm&r=g\",\"contentUrl\":\"https:\/\/secure.gravatar.com\/avatar\/df0eced3bb556c806cb760cf503ade1ed1df25b4104d80d6fd28d93a9509aa12?s=96&d=mm&r=g\",\"caption\":\"Simon Nussbaum\"},\"url\":\"https:\/\/swissbaker.ch\/fr\/panissimo-news\/author\/simon-nussbaum\/\"}]}<\/script>\n<!-- \/ Yoast SEO Premium plugin. -->","yoast_head_json":{"title":"Naturel et simple | SBC","description":"\u00ab\u2009Juste du pain\u2009\u00bb\u2026 Le slogan d\u2019Earlybeck \u00e0 Gstaad dans l\u2019Oberland bernois est simple, mais bon\u2009; comme presque tout dans le fournil d\u2019Eric Oehrli.","robots":{"index":"index","follow":"follow","max-snippet":"max-snippet:-1","max-image-preview":"max-image-preview:large","max-video-preview":"max-video-preview:-1"},"canonical":"https:\/\/swissbaker.ch\/fr\/panissimo-news\/naturel-et-simple\/","og_locale":"fr_FR","og_type":"article","og_title":"Naturel et simple","og_description":"\u00ab\u2009Juste du pain\u2009\u00bb\u2026 Le slogan d\u2019Earlybeck \u00e0 Gstaad dans l\u2019Oberland bernois est simple, mais bon\u2009; comme presque tout dans le fournil d\u2019Eric Oehrli.","og_url":"https:\/\/swissbaker.ch\/fr\/panissimo-news\/naturel-et-simple\/","og_site_name":"SBC","article_publisher":"https:\/\/www.facebook.com\/swissbaker.ch","article_published_time":"2023-10-19T07:02:02+00:00","article_modified_time":"2023-10-19T09:06:25+00:00","og_image":[{"width":1200,"height":712,"url":"https:\/\/swissbaker.ch\/wp-content\/uploads\/2023\/10\/19_2_earlybeck-1.jpg","type":"image\/jpeg"}],"author":"Simon Nussbaum","twitter_card":"summary_large_image","twitter_creator":"@ch_swissbaker","twitter_site":"@ch_swissbaker","twitter_misc":{"Written by":"Simon Nussbaum","Est. reading time":"7 minutes"},"schema":{"@context":"https:\/\/schema.org","@graph":[{"@type":"Article","@id":"https:\/\/swissbaker.ch\/fr\/panissimo-news\/naturel-et-simple\/#article","isPartOf":{"@id":"https:\/\/swissbaker.ch\/fr\/panissimo-news\/naturel-et-simple\/"},"author":{"name":"Simon Nussbaum","@id":"https:\/\/swissbaker.ch\/fr\/#\/schema\/person\/74bd327b08c18ca6042c02ff6f0ed5e2"},"headline":"Naturel et simple","datePublished":"2023-10-19T07:02:02+00:00","dateModified":"2023-10-19T09:06:25+00:00","mainEntityOfPage":{"@id":"https:\/\/swissbaker.ch\/fr\/panissimo-news\/naturel-et-simple\/"},"wordCount":1540,"publisher":{"@id":"https:\/\/swissbaker.ch\/fr\/#organization"},"image":{"@id":"https:\/\/swissbaker.ch\/fr\/panissimo-news\/naturel-et-simple\/#primaryimage"},"thumbnailUrl":"https:\/\/swissbaker.ch\/wp-content\/uploads\/2023\/10\/19_2_earlybeck-1.jpg","articleSection":["Boulangeries\/Confiseries"],"inLanguage":"fr-FR"},{"@type":"WebPage","@id":"https:\/\/swissbaker.ch\/fr\/panissimo-news\/naturel-et-simple\/","url":"https:\/\/swissbaker.ch\/fr\/panissimo-news\/naturel-et-simple\/","name":"Naturel et simple | SBC","isPartOf":{"@id":"https:\/\/swissbaker.ch\/fr\/#website"},"primaryImageOfPage":{"@id":"https:\/\/swissbaker.ch\/fr\/panissimo-news\/naturel-et-simple\/#primaryimage"},"image":{"@id":"https:\/\/swissbaker.ch\/fr\/panissimo-news\/naturel-et-simple\/#primaryimage"},"thumbnailUrl":"https:\/\/swissbaker.ch\/wp-content\/uploads\/2023\/10\/19_2_earlybeck-1.jpg","datePublished":"2023-10-19T07:02:02+00:00","dateModified":"2023-10-19T09:06:25+00:00","description":"\u00ab\u2009Juste du pain\u2009\u00bb\u2026 Le slogan d\u2019Earlybeck \u00e0 Gstaad dans l\u2019Oberland bernois est simple, mais bon\u2009; comme presque tout dans le fournil d\u2019Eric Oehrli.","breadcrumb":{"@id":"https:\/\/swissbaker.ch\/fr\/panissimo-news\/naturel-et-simple\/#breadcrumb"},"inLanguage":"fr-FR","potentialAction":[{"@type":"ReadAction","target":["https:\/\/swissbaker.ch\/fr\/panissimo-news\/naturel-et-simple\/"]}]},{"@type":"ImageObject","inLanguage":"fr-FR","@id":"https:\/\/swissbaker.ch\/fr\/panissimo-news\/naturel-et-simple\/#primaryimage","url":"https:\/\/swissbaker.ch\/wp-content\/uploads\/2023\/10\/19_2_earlybeck-1.jpg","contentUrl":"https:\/\/swissbaker.ch\/wp-content\/uploads\/2023\/10\/19_2_earlybeck-1.jpg","width":1200,"height":712},{"@type":"BreadcrumbList","@id":"https:\/\/swissbaker.ch\/fr\/panissimo-news\/naturel-et-simple\/#breadcrumb","itemListElement":[{"@type":"ListItem","position":1,"name":"","item":"https:\/\/swissbaker.ch\/fr\/"},{"@type":"ListItem","position":2,"name":"Boulangeries\/Confiseries","item":"https:\/\/swissbaker.ch\/fr\/panissimo-news\/category\/boulangeries-confiseries\/"},{"@type":"ListItem","position":3,"name":"Naturel et simple"}]},{"@type":"WebSite","@id":"https:\/\/swissbaker.ch\/fr\/#website","url":"https:\/\/swissbaker.ch\/fr\/","name":"SBC","description":"","publisher":{"@id":"https:\/\/swissbaker.ch\/fr\/#organization"},"potentialAction":[{"@type":"SearchAction","target":{"@type":"EntryPoint","urlTemplate":"https:\/\/swissbaker.ch\/fr\/?s={search_term_string}"},"query-input":{"@type":"PropertyValueSpecification","valueRequired":true,"valueName":"search_term_string"}}],"inLanguage":"fr-FR"},{"@type":"Organization","@id":"https:\/\/swissbaker.ch\/fr\/#organization","name":"Schweizerischer B\u00e4cker-Confiseurmeister-Verband","url":"https:\/\/swissbaker.ch\/fr\/","logo":{"@type":"ImageObject","inLanguage":"fr-FR","@id":"https:\/\/swissbaker.ch\/fr\/#\/schema\/logo\/image\/","url":"https:\/\/swissbaker.ch\/wp-content\/uploads\/2022\/04\/sbc-logo-yoast.jpg","contentUrl":"https:\/\/swissbaker.ch\/wp-content\/uploads\/2022\/04\/sbc-logo-yoast.jpg","width":512,"height":512,"caption":"Schweizerischer B\u00e4cker-Confiseurmeister-Verband"},"image":{"@id":"https:\/\/swissbaker.ch\/fr\/#\/schema\/logo\/image\/"},"sameAs":["https:\/\/www.facebook.com\/swissbaker.ch","https:\/\/x.com\/ch_swissbaker"]},{"@type":"Person","@id":"https:\/\/swissbaker.ch\/fr\/#\/schema\/person\/74bd327b08c18ca6042c02ff6f0ed5e2","name":"Simon Nussbaum","image":{"@type":"ImageObject","inLanguage":"fr-FR","@id":"https:\/\/swissbaker.ch\/fr\/#\/schema\/person\/image\/","url":"https:\/\/secure.gravatar.com\/avatar\/df0eced3bb556c806cb760cf503ade1ed1df25b4104d80d6fd28d93a9509aa12?s=96&d=mm&r=g","contentUrl":"https:\/\/secure.gravatar.com\/avatar\/df0eced3bb556c806cb760cf503ade1ed1df25b4104d80d6fd28d93a9509aa12?s=96&d=mm&r=g","caption":"Simon Nussbaum"},"url":"https:\/\/swissbaker.ch\/fr\/panissimo-news\/author\/simon-nussbaum\/"}]}},"_links":{"self":[{"href":"https:\/\/swissbaker.ch\/fr\/wp-json\/wp\/v2\/posts\/69607","targetHints":{"allow":["GET"]}}],"collection":[{"href":"https:\/\/swissbaker.ch\/fr\/wp-json\/wp\/v2\/posts"}],"about":[{"href":"https:\/\/swissbaker.ch\/fr\/wp-json\/wp\/v2\/types\/post"}],"author":[{"embeddable":true,"href":"https:\/\/swissbaker.ch\/fr\/wp-json\/wp\/v2\/users\/5"}],"replies":[{"embeddable":true,"href":"https:\/\/swissbaker.ch\/fr\/wp-json\/wp\/v2\/comments?post=69607"}],"version-history":[{"count":0,"href":"https:\/\/swissbaker.ch\/fr\/wp-json\/wp\/v2\/posts\/69607\/revisions"}],"wp:featuredmedia":[{"embeddable":true,"href":"https:\/\/swissbaker.ch\/fr\/wp-json\/wp\/v2\/media\/69609"}],"wp:attachment":[{"href":"https:\/\/swissbaker.ch\/fr\/wp-json\/wp\/v2\/media?parent=69607"}],"wp:term":[{"taxonomy":"category","embeddable":true,"href":"https:\/\/swissbaker.ch\/fr\/wp-json\/wp\/v2\/categories?post=69607"},{"taxonomy":"post_tag","embeddable":true,"href":"https:\/\/swissbaker.ch\/fr\/wp-json\/wp\/v2\/tags?post=69607"}],"curies":[{"name":"wp","href":"https:\/\/api.w.org\/{rel}","templated":true}]}}