{"id":69512,"date":"2023-10-14T08:00:00","date_gmt":"2023-10-14T06:00:00","guid":{"rendered":"https:\/\/swissbaker.ch\/?p=69512"},"modified":"2023-10-19T15:59:03","modified_gmt":"2023-10-19T13:59:03","slug":"du-rose-dans-les-vitrines","status":"publish","type":"post","link":"https:\/\/swissbaker.ch\/fr\/panissimo-news\/du-rose-dans-les-vitrines\/","title":{"rendered":"Du rose dans les vitrines"},"content":{"rendered":"\n<p><strong>A Prez-vers-Nor\u00e9az (FR) et \u00e0 Sugiez (FR), des caracs roses garnissent les vitrines d\u2019Eliane Tisserand et de Nicolas Rouiller, depuis le d\u00e9but octobre. Les patrons de L\u2019Art\u2019isan p\u00e2tissier chocolatier participent au projet d\u2019Ose Th\u00e9rapies, \u00ab\u2009un carac pour la bonne cause\u2009\u00bb.<\/strong><\/p>\n\n\n\n<p>A l\u2019image d\u2019une centaine de boulangers-confiseurs romands, Eliane Tisserand et Nicolas Rouiller (photo) s\u2019engagent pour lutter contre le cancer du sein en proposant la sp\u00e9cialit\u00e9 chocolat\u00e9e recouverte d\u2019un gla\u00e7age rose en octobre. D\u00e9sireux de participer chaque ann\u00e9e \u00e0 une action et imm\u00e9diatement s\u00e9duits, ils ont r\u00e9pondu pr\u00e9sent \u00e0 l\u2019appel de l\u2019Association romande des artisans boulangers-p\u00e2tissiers-confiseurs qui soutient le projet. \u00ab\u2009Au travers de cette action, l\u2019opportunit\u00e9 nous \u00e9tait \u00e9galement offerte de proposer un nouveau produit \u00e0 notre client\u00e8le\u2009\u00bb, pr\u00e9cise Nicolas Rouiller. Chaque jour, il en confectionne environ une dizaine, dans son laboratoire \u00e0 Pr\u00e8s-vers-Nor\u00e9az. Cinquante centimes sont revers\u00e9s \u00e0 Ose Th\u00e9rapies pour chaque tartelette vendue.<\/p>\n\n\n\n<p>L\u2019Art\u2019isan p\u00e2tissier chocolatier qui a f\u00eat\u00e9 ses trois ans \u00e0 la mi-septembre emploie sept collaborateurs. Sp\u00e9cialis\u00e9s dans le chocolat et notamment les pralin\u00e9s, M.\u202fRouiller et sa compagne mise sur des mati\u00e8res premi\u00e8res naturelles et, si possible, locales. Quant \u00e0 la production de caracs, il n\u2019est pas exclu qu\u2019elle se poursuive au-del\u00e0 d\u2019octobre.<\/p>\n\n\n\n<p class=\"has-text-align-right\"><em>Johann Ruppen<\/em><\/p>\n","protected":false},"excerpt":{"rendered":"<p>A Prez-vers-Nor\u00e9az (FR) et \u00e0 Sugiez (FR), des caracs roses garnissent les vitrines d\u2019Eliane Tisserand et de Nicolas Rouiller, depuis le d\u00e9but octobre. Les patrons de L\u2019Art\u2019isan p\u00e2tissier chocolatier participent au projet d\u2019Ose Th\u00e9rapies, \u00ab\u2009un carac pour la bonne cause\u2009\u00bb. A l\u2019image d\u2019une centaine de boulangers-confiseurs romands, Eliane Tisserand et Nicolas Rouiller (photo) s\u2019engagent pour lutter contre le cancer du [&hellip;]<\/p>\n","protected":false},"author":8,"featured_media":69510,"comment_status":"closed","ping_status":"closed","sticky":true,"template":"","format":"standard","meta":{"_acf_changed":false,"footnotes":""},"categories":[40],"tags":[],"class_list":["post-69512","post","type-post","status-publish","format-standard","has-post-thumbnail","hentry","category-des-cantons"],"acf":[],"yoast_head":"<!-- This site is optimized with the Yoast SEO Premium plugin v26.8 (Yoast SEO v26.8) - https:\/\/yoast.com\/product\/yoast-seo-premium-wordpress\/ -->\n<title>Du rose dans les vitrines | SBC<\/title>\n<meta name=\"description\" content=\"A Pr\u00e9s-vers-Nor\u00e9az (FR) et \u00e0 Sugiez (FR), des caracs roses garnissent les vitrines d\u2019Eliane Tisserand et de Nicolas Rouiller, depuis le d\u00e9but octobre.\" \/>\n<meta name=\"robots\" content=\"index, follow, max-snippet:-1, max-image-preview:large, max-video-preview:-1\" \/>\n<link rel=\"canonical\" href=\"https:\/\/swissbaker.ch\/fr\/panissimo-news\/du-rose-dans-les-vitrines\/\" \/>\n<meta property=\"og:locale\" content=\"fr_FR\" \/>\n<meta property=\"og:type\" content=\"article\" \/>\n<meta property=\"og:title\" content=\"Du rose dans les vitrines\" \/>\n<meta property=\"og:description\" content=\"A Pr\u00e9s-vers-Nor\u00e9az (FR) et \u00e0 Sugiez (FR), des caracs roses garnissent les vitrines d\u2019Eliane Tisserand et de Nicolas Rouiller, depuis le d\u00e9but octobre.\" \/>\n<meta property=\"og:url\" content=\"https:\/\/swissbaker.ch\/fr\/panissimo-news\/du-rose-dans-les-vitrines\/\" \/>\n<meta property=\"og:site_name\" content=\"SBC\" \/>\n<meta property=\"article:publisher\" content=\"https:\/\/www.facebook.com\/swissbaker.ch\" \/>\n<meta property=\"article:published_time\" content=\"2023-10-14T06:00:00+00:00\" \/>\n<meta property=\"article:modified_time\" content=\"2023-10-19T13:59:03+00:00\" \/>\n<meta property=\"og:image\" content=\"https:\/\/swissbaker.ch\/wp-content\/uploads\/2023\/10\/lartisan-nicolas-rouiller-9297johann-ruppen.jpg\" \/>\n\t<meta property=\"og:image:width\" content=\"1382\" \/>\n\t<meta property=\"og:image:height\" content=\"886\" \/>\n\t<meta property=\"og:image:type\" content=\"image\/jpeg\" \/>\n<meta name=\"author\" content=\"Johann Ruppen\" \/>\n<meta name=\"twitter:card\" content=\"summary_large_image\" \/>\n<meta name=\"twitter:creator\" content=\"@ch_swissbaker\" \/>\n<meta name=\"twitter:site\" content=\"@ch_swissbaker\" \/>\n<meta name=\"twitter:label1\" content=\"Written by\" \/>\n\t<meta name=\"twitter:data1\" content=\"Johann Ruppen\" \/>\n\t<meta name=\"twitter:label2\" content=\"Est. reading time\" \/>\n\t<meta name=\"twitter:data2\" content=\"1 minute\" \/>\n<script type=\"application\/ld+json\" class=\"yoast-schema-graph\">{\"@context\":\"https:\/\/schema.org\",\"@graph\":[{\"@type\":\"Article\",\"@id\":\"https:\/\/swissbaker.ch\/fr\/panissimo-news\/du-rose-dans-les-vitrines\/#article\",\"isPartOf\":{\"@id\":\"https:\/\/swissbaker.ch\/fr\/panissimo-news\/du-rose-dans-les-vitrines\/\"},\"author\":{\"name\":\"Johann Ruppen\",\"@id\":\"https:\/\/swissbaker.ch\/fr\/#\/schema\/person\/abb9dbbf5af9443c30618295ec9cb74e\"},\"headline\":\"Du rose dans les vitrines\",\"datePublished\":\"2023-10-14T06:00:00+00:00\",\"dateModified\":\"2023-10-19T13:59:03+00:00\",\"mainEntityOfPage\":{\"@id\":\"https:\/\/swissbaker.ch\/fr\/panissimo-news\/du-rose-dans-les-vitrines\/\"},\"wordCount\":239,\"publisher\":{\"@id\":\"https:\/\/swissbaker.ch\/fr\/#organization\"},\"image\":{\"@id\":\"https:\/\/swissbaker.ch\/fr\/panissimo-news\/du-rose-dans-les-vitrines\/#primaryimage\"},\"thumbnailUrl\":\"https:\/\/swissbaker.ch\/wp-content\/uploads\/2023\/10\/lartisan-nicolas-rouiller-9297johann-ruppen.jpg\",\"articleSection\":[\"Des cantons\"],\"inLanguage\":\"fr-FR\"},{\"@type\":\"WebPage\",\"@id\":\"https:\/\/swissbaker.ch\/fr\/panissimo-news\/du-rose-dans-les-vitrines\/\",\"url\":\"https:\/\/swissbaker.ch\/fr\/panissimo-news\/du-rose-dans-les-vitrines\/\",\"name\":\"Du rose dans les vitrines | SBC\",\"isPartOf\":{\"@id\":\"https:\/\/swissbaker.ch\/fr\/#website\"},\"primaryImageOfPage\":{\"@id\":\"https:\/\/swissbaker.ch\/fr\/panissimo-news\/du-rose-dans-les-vitrines\/#primaryimage\"},\"image\":{\"@id\":\"https:\/\/swissbaker.ch\/fr\/panissimo-news\/du-rose-dans-les-vitrines\/#primaryimage\"},\"thumbnailUrl\":\"https:\/\/swissbaker.ch\/wp-content\/uploads\/2023\/10\/lartisan-nicolas-rouiller-9297johann-ruppen.jpg\",\"datePublished\":\"2023-10-14T06:00:00+00:00\",\"dateModified\":\"2023-10-19T13:59:03+00:00\",\"description\":\"A Pr\u00e9s-vers-Nor\u00e9az (FR) et \u00e0 Sugiez (FR), des caracs roses garnissent les vitrines d\u2019Eliane Tisserand et de Nicolas Rouiller, depuis le d\u00e9but octobre.\",\"breadcrumb\":{\"@id\":\"https:\/\/swissbaker.ch\/fr\/panissimo-news\/du-rose-dans-les-vitrines\/#breadcrumb\"},\"inLanguage\":\"fr-FR\",\"potentialAction\":[{\"@type\":\"ReadAction\",\"target\":[\"https:\/\/swissbaker.ch\/fr\/panissimo-news\/du-rose-dans-les-vitrines\/\"]}]},{\"@type\":\"ImageObject\",\"inLanguage\":\"fr-FR\",\"@id\":\"https:\/\/swissbaker.ch\/fr\/panissimo-news\/du-rose-dans-les-vitrines\/#primaryimage\",\"url\":\"https:\/\/swissbaker.ch\/wp-content\/uploads\/2023\/10\/lartisan-nicolas-rouiller-9297johann-ruppen.jpg\",\"contentUrl\":\"https:\/\/swissbaker.ch\/wp-content\/uploads\/2023\/10\/lartisan-nicolas-rouiller-9297johann-ruppen.jpg\",\"width\":1382,\"height\":886},{\"@type\":\"BreadcrumbList\",\"@id\":\"https:\/\/swissbaker.ch\/fr\/panissimo-news\/du-rose-dans-les-vitrines\/#breadcrumb\",\"itemListElement\":[{\"@type\":\"ListItem\",\"position\":1,\"name\":\"\",\"item\":\"https:\/\/swissbaker.ch\/fr\/\"},{\"@type\":\"ListItem\",\"position\":2,\"name\":\"Des cantons\",\"item\":\"https:\/\/swissbaker.ch\/fr\/panissimo-news\/category\/des-cantons\/\"},{\"@type\":\"ListItem\",\"position\":3,\"name\":\"Du rose dans les vitrines\"}]},{\"@type\":\"WebSite\",\"@id\":\"https:\/\/swissbaker.ch\/fr\/#website\",\"url\":\"https:\/\/swissbaker.ch\/fr\/\",\"name\":\"SBC\",\"description\":\"\",\"publisher\":{\"@id\":\"https:\/\/swissbaker.ch\/fr\/#organization\"},\"potentialAction\":[{\"@type\":\"SearchAction\",\"target\":{\"@type\":\"EntryPoint\",\"urlTemplate\":\"https:\/\/swissbaker.ch\/fr\/?s={search_term_string}\"},\"query-input\":{\"@type\":\"PropertyValueSpecification\",\"valueRequired\":true,\"valueName\":\"search_term_string\"}}],\"inLanguage\":\"fr-FR\"},{\"@type\":\"Organization\",\"@id\":\"https:\/\/swissbaker.ch\/fr\/#organization\",\"name\":\"Schweizerischer B\u00e4cker-Confiseurmeister-Verband\",\"url\":\"https:\/\/swissbaker.ch\/fr\/\",\"logo\":{\"@type\":\"ImageObject\",\"inLanguage\":\"fr-FR\",\"@id\":\"https:\/\/swissbaker.ch\/fr\/#\/schema\/logo\/image\/\",\"url\":\"https:\/\/swissbaker.ch\/wp-content\/uploads\/2022\/04\/sbc-logo-yoast.jpg\",\"contentUrl\":\"https:\/\/swissbaker.ch\/wp-content\/uploads\/2022\/04\/sbc-logo-yoast.jpg\",\"width\":512,\"height\":512,\"caption\":\"Schweizerischer B\u00e4cker-Confiseurmeister-Verband\"},\"image\":{\"@id\":\"https:\/\/swissbaker.ch\/fr\/#\/schema\/logo\/image\/\"},\"sameAs\":[\"https:\/\/www.facebook.com\/swissbaker.ch\",\"https:\/\/x.com\/ch_swissbaker\"]},{\"@type\":\"Person\",\"@id\":\"https:\/\/swissbaker.ch\/fr\/#\/schema\/person\/abb9dbbf5af9443c30618295ec9cb74e\",\"name\":\"Johann Ruppen\",\"image\":{\"@type\":\"ImageObject\",\"inLanguage\":\"fr-FR\",\"@id\":\"https:\/\/swissbaker.ch\/fr\/#\/schema\/person\/image\/\",\"url\":\"https:\/\/secure.gravatar.com\/avatar\/779632f9a53a98ad01f956c0ab0333a9abed519eb0a7248909af8cf14497dedd?s=96&d=mm&r=g\",\"contentUrl\":\"https:\/\/secure.gravatar.com\/avatar\/779632f9a53a98ad01f956c0ab0333a9abed519eb0a7248909af8cf14497dedd?s=96&d=mm&r=g\",\"caption\":\"Johann Ruppen\"},\"sameAs\":[\"http:\/\/swissbaker.ch\"],\"url\":\"https:\/\/swissbaker.ch\/fr\/panissimo-news\/author\/johann-ruppenswissbaker-ch\/\"}]}<\/script>\n<!-- \/ Yoast SEO Premium plugin. -->","yoast_head_json":{"title":"Du rose dans les vitrines | SBC","description":"A Pr\u00e9s-vers-Nor\u00e9az (FR) et \u00e0 Sugiez (FR), des caracs roses garnissent les vitrines d\u2019Eliane Tisserand et de Nicolas Rouiller, depuis le d\u00e9but octobre.","robots":{"index":"index","follow":"follow","max-snippet":"max-snippet:-1","max-image-preview":"max-image-preview:large","max-video-preview":"max-video-preview:-1"},"canonical":"https:\/\/swissbaker.ch\/fr\/panissimo-news\/du-rose-dans-les-vitrines\/","og_locale":"fr_FR","og_type":"article","og_title":"Du rose dans les vitrines","og_description":"A Pr\u00e9s-vers-Nor\u00e9az (FR) et \u00e0 Sugiez (FR), des caracs roses garnissent les vitrines d\u2019Eliane Tisserand et de Nicolas Rouiller, depuis le d\u00e9but octobre.","og_url":"https:\/\/swissbaker.ch\/fr\/panissimo-news\/du-rose-dans-les-vitrines\/","og_site_name":"SBC","article_publisher":"https:\/\/www.facebook.com\/swissbaker.ch","article_published_time":"2023-10-14T06:00:00+00:00","article_modified_time":"2023-10-19T13:59:03+00:00","og_image":[{"width":1382,"height":886,"url":"https:\/\/swissbaker.ch\/wp-content\/uploads\/2023\/10\/lartisan-nicolas-rouiller-9297johann-ruppen.jpg","type":"image\/jpeg"}],"author":"Johann Ruppen","twitter_card":"summary_large_image","twitter_creator":"@ch_swissbaker","twitter_site":"@ch_swissbaker","twitter_misc":{"Written by":"Johann Ruppen","Est. reading time":"1 minute"},"schema":{"@context":"https:\/\/schema.org","@graph":[{"@type":"Article","@id":"https:\/\/swissbaker.ch\/fr\/panissimo-news\/du-rose-dans-les-vitrines\/#article","isPartOf":{"@id":"https:\/\/swissbaker.ch\/fr\/panissimo-news\/du-rose-dans-les-vitrines\/"},"author":{"name":"Johann Ruppen","@id":"https:\/\/swissbaker.ch\/fr\/#\/schema\/person\/abb9dbbf5af9443c30618295ec9cb74e"},"headline":"Du rose dans les vitrines","datePublished":"2023-10-14T06:00:00+00:00","dateModified":"2023-10-19T13:59:03+00:00","mainEntityOfPage":{"@id":"https:\/\/swissbaker.ch\/fr\/panissimo-news\/du-rose-dans-les-vitrines\/"},"wordCount":239,"publisher":{"@id":"https:\/\/swissbaker.ch\/fr\/#organization"},"image":{"@id":"https:\/\/swissbaker.ch\/fr\/panissimo-news\/du-rose-dans-les-vitrines\/#primaryimage"},"thumbnailUrl":"https:\/\/swissbaker.ch\/wp-content\/uploads\/2023\/10\/lartisan-nicolas-rouiller-9297johann-ruppen.jpg","articleSection":["Des cantons"],"inLanguage":"fr-FR"},{"@type":"WebPage","@id":"https:\/\/swissbaker.ch\/fr\/panissimo-news\/du-rose-dans-les-vitrines\/","url":"https:\/\/swissbaker.ch\/fr\/panissimo-news\/du-rose-dans-les-vitrines\/","name":"Du rose dans les vitrines | SBC","isPartOf":{"@id":"https:\/\/swissbaker.ch\/fr\/#website"},"primaryImageOfPage":{"@id":"https:\/\/swissbaker.ch\/fr\/panissimo-news\/du-rose-dans-les-vitrines\/#primaryimage"},"image":{"@id":"https:\/\/swissbaker.ch\/fr\/panissimo-news\/du-rose-dans-les-vitrines\/#primaryimage"},"thumbnailUrl":"https:\/\/swissbaker.ch\/wp-content\/uploads\/2023\/10\/lartisan-nicolas-rouiller-9297johann-ruppen.jpg","datePublished":"2023-10-14T06:00:00+00:00","dateModified":"2023-10-19T13:59:03+00:00","description":"A Pr\u00e9s-vers-Nor\u00e9az (FR) et \u00e0 Sugiez (FR), des caracs roses garnissent les vitrines d\u2019Eliane Tisserand et de Nicolas Rouiller, depuis le d\u00e9but octobre.","breadcrumb":{"@id":"https:\/\/swissbaker.ch\/fr\/panissimo-news\/du-rose-dans-les-vitrines\/#breadcrumb"},"inLanguage":"fr-FR","potentialAction":[{"@type":"ReadAction","target":["https:\/\/swissbaker.ch\/fr\/panissimo-news\/du-rose-dans-les-vitrines\/"]}]},{"@type":"ImageObject","inLanguage":"fr-FR","@id":"https:\/\/swissbaker.ch\/fr\/panissimo-news\/du-rose-dans-les-vitrines\/#primaryimage","url":"https:\/\/swissbaker.ch\/wp-content\/uploads\/2023\/10\/lartisan-nicolas-rouiller-9297johann-ruppen.jpg","contentUrl":"https:\/\/swissbaker.ch\/wp-content\/uploads\/2023\/10\/lartisan-nicolas-rouiller-9297johann-ruppen.jpg","width":1382,"height":886},{"@type":"BreadcrumbList","@id":"https:\/\/swissbaker.ch\/fr\/panissimo-news\/du-rose-dans-les-vitrines\/#breadcrumb","itemListElement":[{"@type":"ListItem","position":1,"name":"","item":"https:\/\/swissbaker.ch\/fr\/"},{"@type":"ListItem","position":2,"name":"Des cantons","item":"https:\/\/swissbaker.ch\/fr\/panissimo-news\/category\/des-cantons\/"},{"@type":"ListItem","position":3,"name":"Du rose dans les vitrines"}]},{"@type":"WebSite","@id":"https:\/\/swissbaker.ch\/fr\/#website","url":"https:\/\/swissbaker.ch\/fr\/","name":"SBC","description":"","publisher":{"@id":"https:\/\/swissbaker.ch\/fr\/#organization"},"potentialAction":[{"@type":"SearchAction","target":{"@type":"EntryPoint","urlTemplate":"https:\/\/swissbaker.ch\/fr\/?s={search_term_string}"},"query-input":{"@type":"PropertyValueSpecification","valueRequired":true,"valueName":"search_term_string"}}],"inLanguage":"fr-FR"},{"@type":"Organization","@id":"https:\/\/swissbaker.ch\/fr\/#organization","name":"Schweizerischer B\u00e4cker-Confiseurmeister-Verband","url":"https:\/\/swissbaker.ch\/fr\/","logo":{"@type":"ImageObject","inLanguage":"fr-FR","@id":"https:\/\/swissbaker.ch\/fr\/#\/schema\/logo\/image\/","url":"https:\/\/swissbaker.ch\/wp-content\/uploads\/2022\/04\/sbc-logo-yoast.jpg","contentUrl":"https:\/\/swissbaker.ch\/wp-content\/uploads\/2022\/04\/sbc-logo-yoast.jpg","width":512,"height":512,"caption":"Schweizerischer B\u00e4cker-Confiseurmeister-Verband"},"image":{"@id":"https:\/\/swissbaker.ch\/fr\/#\/schema\/logo\/image\/"},"sameAs":["https:\/\/www.facebook.com\/swissbaker.ch","https:\/\/x.com\/ch_swissbaker"]},{"@type":"Person","@id":"https:\/\/swissbaker.ch\/fr\/#\/schema\/person\/abb9dbbf5af9443c30618295ec9cb74e","name":"Johann Ruppen","image":{"@type":"ImageObject","inLanguage":"fr-FR","@id":"https:\/\/swissbaker.ch\/fr\/#\/schema\/person\/image\/","url":"https:\/\/secure.gravatar.com\/avatar\/779632f9a53a98ad01f956c0ab0333a9abed519eb0a7248909af8cf14497dedd?s=96&d=mm&r=g","contentUrl":"https:\/\/secure.gravatar.com\/avatar\/779632f9a53a98ad01f956c0ab0333a9abed519eb0a7248909af8cf14497dedd?s=96&d=mm&r=g","caption":"Johann Ruppen"},"sameAs":["http:\/\/swissbaker.ch"],"url":"https:\/\/swissbaker.ch\/fr\/panissimo-news\/author\/johann-ruppenswissbaker-ch\/"}]}},"_links":{"self":[{"href":"https:\/\/swissbaker.ch\/fr\/wp-json\/wp\/v2\/posts\/69512","targetHints":{"allow":["GET"]}}],"collection":[{"href":"https:\/\/swissbaker.ch\/fr\/wp-json\/wp\/v2\/posts"}],"about":[{"href":"https:\/\/swissbaker.ch\/fr\/wp-json\/wp\/v2\/types\/post"}],"author":[{"embeddable":true,"href":"https:\/\/swissbaker.ch\/fr\/wp-json\/wp\/v2\/users\/8"}],"replies":[{"embeddable":true,"href":"https:\/\/swissbaker.ch\/fr\/wp-json\/wp\/v2\/comments?post=69512"}],"version-history":[{"count":0,"href":"https:\/\/swissbaker.ch\/fr\/wp-json\/wp\/v2\/posts\/69512\/revisions"}],"wp:featuredmedia":[{"embeddable":true,"href":"https:\/\/swissbaker.ch\/fr\/wp-json\/wp\/v2\/media\/69510"}],"wp:attachment":[{"href":"https:\/\/swissbaker.ch\/fr\/wp-json\/wp\/v2\/media?parent=69512"}],"wp:term":[{"taxonomy":"category","embeddable":true,"href":"https:\/\/swissbaker.ch\/fr\/wp-json\/wp\/v2\/categories?post=69512"},{"taxonomy":"post_tag","embeddable":true,"href":"https:\/\/swissbaker.ch\/fr\/wp-json\/wp\/v2\/tags?post=69512"}],"curies":[{"name":"wp","href":"https:\/\/api.w.org\/{rel}","templated":true}]}}