{"id":69417,"date":"2023-10-12T08:40:58","date_gmt":"2023-10-12T06:40:58","guid":{"rendered":"https:\/\/swissbaker.ch\/?p=69417"},"modified":"2023-10-12T09:36:38","modified_gmt":"2023-10-12T07:36:38","slug":"pouvons-nous-vous-offrir-quelque-chose","status":"publish","type":"post","link":"https:\/\/swissbaker.ch\/fr\/panissimo-news\/pouvons-nous-vous-offrir-quelque-chose\/","title":{"rendered":"Pouvons-nous vous offrir quelque chose?"},"content":{"rendered":"\n<p><strong>Le calendrier des saveurs en est cette ann\u00e9e \u00e0 sa 81e \u00e9dition. C\u2019est \u00e0 juste titre que Lorena Mohn, copropri\u00e9taire de Mohn AG \u00e0 Sulgen (TG), parle d\u2019une tradition appr\u00e9ci\u00e9e \u00e0 l\u2019approche de la remise annuelle de ce cadeau personnalis\u00e9 \u00e0 la client\u00e8le. Outre l\u2019entreprise, la client\u00e8le et l\u2019ensemble du secteur en profitent.<\/strong><\/p>\n\n\n\n<p>La philosophie chez Mohn AG\u2009: l\u2019\u00eatre humain est toujours au centre de notre entreprise \u00ab\u2009Le conseil personnalis\u00e9 distingue notre secteur artisanal des grands distributeurs et consorts. Chez nous, il ne s\u2019agit pas d\u2019\u00e9changer des marchandises contre de l\u2019argent\u2009\u00bb, souligne Lorena Mohn, copropri\u00e9taire de Mohn AG \u00e0 Sulgen (TG), dans un entretien avec \u00ab\u2009Panissimo\u2009\u00bb. C\u2019est donc tout naturellement que le calendrier des saveurs est offert chaque hiver \u00e0 la client\u00e8le avec une r\u00e9elle bienveillance.<\/p>\n\n\n\n<div class=\"wp-block-columns\">\n<div class=\"wp-block-column\">\n<figure class=\"wp-block-image size-large is-resized\"><img decoding=\"async\" src=\"https:\/\/swissbaker.ch\/wp-content\/uploads\/2023\/10\/19_1_genusskalender_mohn-537x1024.jpg\" alt=\"\" class=\"wp-image-69409\" style=\"width:366px;height:698px\" width=\"366\" height=\"698\" srcset=\"https:\/\/swissbaker.ch\/wp-content\/uploads\/2023\/10\/19_1_genusskalender_mohn-537x1024.jpg 537w, https:\/\/swissbaker.ch\/wp-content\/uploads\/2023\/10\/19_1_genusskalender_mohn-768x1464.jpg 768w, https:\/\/swissbaker.ch\/wp-content\/uploads\/2023\/10\/19_1_genusskalender_mohn-806x1536.jpg 806w, https:\/\/swissbaker.ch\/wp-content\/uploads\/2023\/10\/19_1_genusskalender_mohn.jpg 1000w\" sizes=\"(max-width: 366px) 100vw, 366px\" \/><figcaption class=\"wp-element-caption\"><em>Calendrier des saveurs de la boulangerie Mohn AG<\/em><\/figcaption><\/figure>\n<\/div>\n\n\n\n<div class=\"wp-block-column\">\n<h3 class=\"wp-block-heading\" id=\"h-questions-sur-questions\">Questions sur questions<\/h3>\n\n\n\n<p>Au-del\u00e0 de cr\u00e9er une ambiance d\u2019avant No\u00ebl, la phrase \u00ab\u2009Merci beaucoup pour votre achat, dites, pouvons-nous vous offrir quelque chose de plus\u2009?\u2009\u00bb, suscite \u00e9galement un grand int\u00e9r\u00eat. <\/p>\n\n\n\n<p>Lorena Mohn r\u00e9sume bien la situation\u2009: \u00ab\u2009La client\u00e8le est int\u00e9ress\u00e9e, curieuse et souvent mal inform\u00e9e.\u2009\u00bb Les questions sont nombreuses quand elle d\u00e9couvre quelque chose de nouveau\u2009: \u00ab\u2009Qu\u2019est-ce que c\u2019est\u2009? Je peux\u2009? Y ai-je droit\u2009?\u2009\u00bb <\/p>\n\n\n\n<p>C\u2019est pour cette raison que les collaborateurs des points de vente de Mohn sont r\u00e9guli\u00e8rement form\u00e9s \u00e0 se montrer proactifs, notamment lors de la remise de ce pr\u00e9sent dans les filiales. <\/p>\n\n\n\n<p>Le calendrier des saveurs n\u2019est pas simplement pos\u00e9 en pile sur le bord de la vitrine, il est mis en sc\u00e8ne de mani\u00e8re professionnelle.<\/p>\n<\/div>\n<\/div>\n\n\n\n<figure class=\"wp-block-pullquote has-text-color\" style=\"color:#cc9933;font-size:20px;font-style:normal;font-weight:700\"><blockquote><p>\u00ab En automne, certains clients et clientes ont demand\u00e9 au personnel si le calendrier des saveurs \u00e9tait d\u00e9j\u00e0 l\u00e0.\u00bb <\/p><cite>Lorena Mohn<\/cite><\/blockquote><\/figure>\n\n\n\n<h3 class=\"wp-block-heading\" id=\"h-communication-pour-le-succes-du-secteur\"><br>Communication pour le succ\u00e8s du secteur<\/h3>\n\n\n\n<p>Outre l\u2019approche active, la pr\u00e9sentation des avantages aux esprits sceptiques fait \u00e9galement partie de la strat\u00e9gie de l\u2019entreprise. De nouvelles recettes chaque ann\u00e9e, des photos \u00ab\u2009gourmandes\u2009\u00bb (id\u00e9ales pour la cuisine \u00e0 la maison), suffisamment d\u2019espace pour noter les rendez-vous ou l\u2019expression de l\u2019estime envers la client\u00e8le. \u00ab\u2009La communication permet de mettre en lumi\u00e8re la nuance personnelle du secteur de la boulangerie et de la confiserie suisses, \u00e0 laquelle aspire la client\u00e8le lorsqu\u2019elle entre dans l\u2019une de nos succursales\u2009\u00bb, selon Lorena Mohn. En automne, certains clients et clientes ont demand\u00e9 au personnel si le calendrier des saveurs \u00e9tait d\u00e9j\u00e0 l\u00e0 et s\u2019il \u00e9tait possible de leur en mettre un exemplaire de c\u00f4t\u00e9.<\/p>\n\n\n\n<h3 class=\"wp-block-heading\" id=\"h-commander-aupres-de-l-association\">Commander aupr\u00e8s de l\u2019association<\/h3>\n\n\n\n<p>Lorena Mohn est heureuse que la BCS mette ce produit \u00e0 disposition \u00e0 des tarifs abordables. \u00ab\u2009L\u2019impression de notre logo nous permet d\u2019\u00eatre pr\u00e9sents dans les foyers de notre client\u00e8le et nous offre une visibilit\u00e9 quotidienne\u2009\u00bb, se r\u00e9jouit-elle. Mohn AG n\u2019a d\u2019ailleurs jamais eu de mal \u00e0 \u00e9couler chaque ann\u00e9e tous les exemplaires command\u00e9s.<\/p>\n\n\n\n<p>Essayez-le dans vos filiales. Offrir le calendrier des saveurs comme remerciement de fin d\u2019ann\u00e9e est payant \u00e0 long terme, pour les entreprises, l\u2019association et le secteur. <\/p>\n\n\n\n<p><a href=\"https:\/\/swissbaker.ch\/fr\/association\/prestations-de-service\/marketing-communication\/campagnes\/le-calendrier-des-saveurs-2022\/\">Commander des Calendrier&#8230;\u00bb<\/a><\/p>\n\n\n\n<p class=\"has-text-align-right\"><em>Diego Schwerzmann<\/em><\/p>\n","protected":false},"excerpt":{"rendered":"<p>Le calendrier des saveurs en est cette ann\u00e9e \u00e0 sa 81e \u00e9dition. C\u2019est \u00e0 juste titre que Lorena Mohn, copropri\u00e9taire de Mohn AG \u00e0 Sulgen (TG), parle d\u2019une tradition appr\u00e9ci\u00e9e \u00e0 l\u2019approche de la remise annuelle de ce cadeau personnalis\u00e9 \u00e0 la client\u00e8le. Outre l\u2019entreprise, la client\u00e8le et l\u2019ensemble du secteur en profitent.<\/p>\n","protected":false},"author":5,"featured_media":69400,"comment_status":"closed","ping_status":"closed","sticky":true,"template":"","format":"standard","meta":{"_acf_changed":false,"footnotes":""},"categories":[42,50],"tags":[],"class_list":["post-69417","post","type-post","status-publish","format-standard","has-post-thumbnail","hentry","category-boulangeries-confiseries","category-vente-marketing"],"acf":[],"yoast_head":"<!-- This site is optimized with the Yoast SEO Premium plugin v26.8 (Yoast SEO v26.8) - https:\/\/yoast.com\/product\/yoast-seo-premium-wordpress\/ -->\n<title>Pouvons-nous vous offrir quelque chose? | SBC<\/title>\n<meta name=\"description\" content=\"Le calendrier des saveurs en est cette ann\u00e9e \u00e0 sa 81e \u00e9dition. C\u2019est \u00e0 juste titre que Lorena Mohn, parle d\u2019une tradition appr\u00e9ci\u00e9e.\" \/>\n<meta name=\"robots\" content=\"index, follow, max-snippet:-1, max-image-preview:large, max-video-preview:-1\" \/>\n<link rel=\"canonical\" href=\"https:\/\/swissbaker.ch\/fr\/panissimo-news\/pouvons-nous-vous-offrir-quelque-chose\/\" \/>\n<meta property=\"og:locale\" content=\"fr_FR\" \/>\n<meta property=\"og:type\" content=\"article\" \/>\n<meta property=\"og:title\" content=\"Pouvons-nous vous offrir quelque chose?\" \/>\n<meta property=\"og:description\" content=\"Le calendrier des saveurs en est cette ann\u00e9e \u00e0 sa 81e \u00e9dition. C\u2019est \u00e0 juste titre que Lorena Mohn, parle d\u2019une tradition appr\u00e9ci\u00e9e.\" \/>\n<meta property=\"og:url\" content=\"https:\/\/swissbaker.ch\/fr\/panissimo-news\/pouvons-nous-vous-offrir-quelque-chose\/\" \/>\n<meta property=\"og:site_name\" content=\"SBC\" \/>\n<meta property=\"article:publisher\" content=\"https:\/\/www.facebook.com\/swissbaker.ch\" \/>\n<meta property=\"article:published_time\" content=\"2023-10-12T06:40:58+00:00\" \/>\n<meta property=\"article:modified_time\" content=\"2023-10-12T07:36:38+00:00\" \/>\n<meta property=\"og:image\" content=\"https:\/\/swissbaker.ch\/wp-content\/uploads\/2023\/10\/19_1_mohn_genusskalender.jpg\" \/>\n\t<meta property=\"og:image:width\" content=\"1200\" \/>\n\t<meta property=\"og:image:height\" content=\"712\" \/>\n\t<meta property=\"og:image:type\" content=\"image\/jpeg\" \/>\n<meta name=\"author\" content=\"Simon Nussbaum\" \/>\n<meta name=\"twitter:card\" content=\"summary_large_image\" \/>\n<meta name=\"twitter:creator\" content=\"@ch_swissbaker\" \/>\n<meta name=\"twitter:site\" content=\"@ch_swissbaker\" \/>\n<meta name=\"twitter:label1\" content=\"Written by\" \/>\n\t<meta name=\"twitter:data1\" content=\"Simon Nussbaum\" \/>\n\t<meta name=\"twitter:label2\" content=\"Est. reading time\" \/>\n\t<meta name=\"twitter:data2\" content=\"3 minutes\" \/>\n<script type=\"application\/ld+json\" class=\"yoast-schema-graph\">{\"@context\":\"https:\/\/schema.org\",\"@graph\":[{\"@type\":\"Article\",\"@id\":\"https:\/\/swissbaker.ch\/fr\/panissimo-news\/pouvons-nous-vous-offrir-quelque-chose\/#article\",\"isPartOf\":{\"@id\":\"https:\/\/swissbaker.ch\/fr\/panissimo-news\/pouvons-nous-vous-offrir-quelque-chose\/\"},\"author\":{\"name\":\"Simon Nussbaum\",\"@id\":\"https:\/\/swissbaker.ch\/fr\/#\/schema\/person\/74bd327b08c18ca6042c02ff6f0ed5e2\"},\"headline\":\"Pouvons-nous vous offrir quelque chose?\",\"datePublished\":\"2023-10-12T06:40:58+00:00\",\"dateModified\":\"2023-10-12T07:36:38+00:00\",\"mainEntityOfPage\":{\"@id\":\"https:\/\/swissbaker.ch\/fr\/panissimo-news\/pouvons-nous-vous-offrir-quelque-chose\/\"},\"wordCount\":543,\"publisher\":{\"@id\":\"https:\/\/swissbaker.ch\/fr\/#organization\"},\"image\":{\"@id\":\"https:\/\/swissbaker.ch\/fr\/panissimo-news\/pouvons-nous-vous-offrir-quelque-chose\/#primaryimage\"},\"thumbnailUrl\":\"https:\/\/swissbaker.ch\/wp-content\/uploads\/2023\/10\/19_1_mohn_genusskalender.jpg\",\"articleSection\":[\"Boulangeries\/Confiseries\",\"Vente\/Marketing\"],\"inLanguage\":\"fr-FR\"},{\"@type\":\"WebPage\",\"@id\":\"https:\/\/swissbaker.ch\/fr\/panissimo-news\/pouvons-nous-vous-offrir-quelque-chose\/\",\"url\":\"https:\/\/swissbaker.ch\/fr\/panissimo-news\/pouvons-nous-vous-offrir-quelque-chose\/\",\"name\":\"Pouvons-nous vous offrir quelque chose? | SBC\",\"isPartOf\":{\"@id\":\"https:\/\/swissbaker.ch\/fr\/#website\"},\"primaryImageOfPage\":{\"@id\":\"https:\/\/swissbaker.ch\/fr\/panissimo-news\/pouvons-nous-vous-offrir-quelque-chose\/#primaryimage\"},\"image\":{\"@id\":\"https:\/\/swissbaker.ch\/fr\/panissimo-news\/pouvons-nous-vous-offrir-quelque-chose\/#primaryimage\"},\"thumbnailUrl\":\"https:\/\/swissbaker.ch\/wp-content\/uploads\/2023\/10\/19_1_mohn_genusskalender.jpg\",\"datePublished\":\"2023-10-12T06:40:58+00:00\",\"dateModified\":\"2023-10-12T07:36:38+00:00\",\"description\":\"Le calendrier des saveurs en est cette ann\u00e9e \u00e0 sa 81e \u00e9dition. C\u2019est \u00e0 juste titre que Lorena Mohn, parle d\u2019une tradition appr\u00e9ci\u00e9e.\",\"breadcrumb\":{\"@id\":\"https:\/\/swissbaker.ch\/fr\/panissimo-news\/pouvons-nous-vous-offrir-quelque-chose\/#breadcrumb\"},\"inLanguage\":\"fr-FR\",\"potentialAction\":[{\"@type\":\"ReadAction\",\"target\":[\"https:\/\/swissbaker.ch\/fr\/panissimo-news\/pouvons-nous-vous-offrir-quelque-chose\/\"]}]},{\"@type\":\"ImageObject\",\"inLanguage\":\"fr-FR\",\"@id\":\"https:\/\/swissbaker.ch\/fr\/panissimo-news\/pouvons-nous-vous-offrir-quelque-chose\/#primaryimage\",\"url\":\"https:\/\/swissbaker.ch\/wp-content\/uploads\/2023\/10\/19_1_mohn_genusskalender.jpg\",\"contentUrl\":\"https:\/\/swissbaker.ch\/wp-content\/uploads\/2023\/10\/19_1_mohn_genusskalender.jpg\",\"width\":1200,\"height\":712},{\"@type\":\"BreadcrumbList\",\"@id\":\"https:\/\/swissbaker.ch\/fr\/panissimo-news\/pouvons-nous-vous-offrir-quelque-chose\/#breadcrumb\",\"itemListElement\":[{\"@type\":\"ListItem\",\"position\":1,\"name\":\"\",\"item\":\"https:\/\/swissbaker.ch\/fr\/\"},{\"@type\":\"ListItem\",\"position\":2,\"name\":\"Boulangeries\/Confiseries\",\"item\":\"https:\/\/swissbaker.ch\/fr\/panissimo-news\/category\/boulangeries-confiseries\/\"},{\"@type\":\"ListItem\",\"position\":3,\"name\":\"Pouvons-nous vous offrir quelque chose?\"}]},{\"@type\":\"WebSite\",\"@id\":\"https:\/\/swissbaker.ch\/fr\/#website\",\"url\":\"https:\/\/swissbaker.ch\/fr\/\",\"name\":\"SBC\",\"description\":\"\",\"publisher\":{\"@id\":\"https:\/\/swissbaker.ch\/fr\/#organization\"},\"potentialAction\":[{\"@type\":\"SearchAction\",\"target\":{\"@type\":\"EntryPoint\",\"urlTemplate\":\"https:\/\/swissbaker.ch\/fr\/?s={search_term_string}\"},\"query-input\":{\"@type\":\"PropertyValueSpecification\",\"valueRequired\":true,\"valueName\":\"search_term_string\"}}],\"inLanguage\":\"fr-FR\"},{\"@type\":\"Organization\",\"@id\":\"https:\/\/swissbaker.ch\/fr\/#organization\",\"name\":\"Schweizerischer B\u00e4cker-Confiseurmeister-Verband\",\"url\":\"https:\/\/swissbaker.ch\/fr\/\",\"logo\":{\"@type\":\"ImageObject\",\"inLanguage\":\"fr-FR\",\"@id\":\"https:\/\/swissbaker.ch\/fr\/#\/schema\/logo\/image\/\",\"url\":\"https:\/\/swissbaker.ch\/wp-content\/uploads\/2022\/04\/sbc-logo-yoast.jpg\",\"contentUrl\":\"https:\/\/swissbaker.ch\/wp-content\/uploads\/2022\/04\/sbc-logo-yoast.jpg\",\"width\":512,\"height\":512,\"caption\":\"Schweizerischer B\u00e4cker-Confiseurmeister-Verband\"},\"image\":{\"@id\":\"https:\/\/swissbaker.ch\/fr\/#\/schema\/logo\/image\/\"},\"sameAs\":[\"https:\/\/www.facebook.com\/swissbaker.ch\",\"https:\/\/x.com\/ch_swissbaker\"]},{\"@type\":\"Person\",\"@id\":\"https:\/\/swissbaker.ch\/fr\/#\/schema\/person\/74bd327b08c18ca6042c02ff6f0ed5e2\",\"name\":\"Simon Nussbaum\",\"image\":{\"@type\":\"ImageObject\",\"inLanguage\":\"fr-FR\",\"@id\":\"https:\/\/swissbaker.ch\/fr\/#\/schema\/person\/image\/\",\"url\":\"https:\/\/secure.gravatar.com\/avatar\/df0eced3bb556c806cb760cf503ade1ed1df25b4104d80d6fd28d93a9509aa12?s=96&d=mm&r=g\",\"contentUrl\":\"https:\/\/secure.gravatar.com\/avatar\/df0eced3bb556c806cb760cf503ade1ed1df25b4104d80d6fd28d93a9509aa12?s=96&d=mm&r=g\",\"caption\":\"Simon Nussbaum\"},\"url\":\"https:\/\/swissbaker.ch\/fr\/panissimo-news\/author\/simon-nussbaum\/\"}]}<\/script>\n<!-- \/ Yoast SEO Premium plugin. -->","yoast_head_json":{"title":"Pouvons-nous vous offrir quelque chose? | SBC","description":"Le calendrier des saveurs en est cette ann\u00e9e \u00e0 sa 81e \u00e9dition. C\u2019est \u00e0 juste titre que Lorena Mohn, parle d\u2019une tradition appr\u00e9ci\u00e9e.","robots":{"index":"index","follow":"follow","max-snippet":"max-snippet:-1","max-image-preview":"max-image-preview:large","max-video-preview":"max-video-preview:-1"},"canonical":"https:\/\/swissbaker.ch\/fr\/panissimo-news\/pouvons-nous-vous-offrir-quelque-chose\/","og_locale":"fr_FR","og_type":"article","og_title":"Pouvons-nous vous offrir quelque chose?","og_description":"Le calendrier des saveurs en est cette ann\u00e9e \u00e0 sa 81e \u00e9dition. C\u2019est \u00e0 juste titre que Lorena Mohn, parle d\u2019une tradition appr\u00e9ci\u00e9e.","og_url":"https:\/\/swissbaker.ch\/fr\/panissimo-news\/pouvons-nous-vous-offrir-quelque-chose\/","og_site_name":"SBC","article_publisher":"https:\/\/www.facebook.com\/swissbaker.ch","article_published_time":"2023-10-12T06:40:58+00:00","article_modified_time":"2023-10-12T07:36:38+00:00","og_image":[{"width":1200,"height":712,"url":"https:\/\/swissbaker.ch\/wp-content\/uploads\/2023\/10\/19_1_mohn_genusskalender.jpg","type":"image\/jpeg"}],"author":"Simon Nussbaum","twitter_card":"summary_large_image","twitter_creator":"@ch_swissbaker","twitter_site":"@ch_swissbaker","twitter_misc":{"Written by":"Simon Nussbaum","Est. reading time":"3 minutes"},"schema":{"@context":"https:\/\/schema.org","@graph":[{"@type":"Article","@id":"https:\/\/swissbaker.ch\/fr\/panissimo-news\/pouvons-nous-vous-offrir-quelque-chose\/#article","isPartOf":{"@id":"https:\/\/swissbaker.ch\/fr\/panissimo-news\/pouvons-nous-vous-offrir-quelque-chose\/"},"author":{"name":"Simon Nussbaum","@id":"https:\/\/swissbaker.ch\/fr\/#\/schema\/person\/74bd327b08c18ca6042c02ff6f0ed5e2"},"headline":"Pouvons-nous vous offrir quelque chose?","datePublished":"2023-10-12T06:40:58+00:00","dateModified":"2023-10-12T07:36:38+00:00","mainEntityOfPage":{"@id":"https:\/\/swissbaker.ch\/fr\/panissimo-news\/pouvons-nous-vous-offrir-quelque-chose\/"},"wordCount":543,"publisher":{"@id":"https:\/\/swissbaker.ch\/fr\/#organization"},"image":{"@id":"https:\/\/swissbaker.ch\/fr\/panissimo-news\/pouvons-nous-vous-offrir-quelque-chose\/#primaryimage"},"thumbnailUrl":"https:\/\/swissbaker.ch\/wp-content\/uploads\/2023\/10\/19_1_mohn_genusskalender.jpg","articleSection":["Boulangeries\/Confiseries","Vente\/Marketing"],"inLanguage":"fr-FR"},{"@type":"WebPage","@id":"https:\/\/swissbaker.ch\/fr\/panissimo-news\/pouvons-nous-vous-offrir-quelque-chose\/","url":"https:\/\/swissbaker.ch\/fr\/panissimo-news\/pouvons-nous-vous-offrir-quelque-chose\/","name":"Pouvons-nous vous offrir quelque chose? | SBC","isPartOf":{"@id":"https:\/\/swissbaker.ch\/fr\/#website"},"primaryImageOfPage":{"@id":"https:\/\/swissbaker.ch\/fr\/panissimo-news\/pouvons-nous-vous-offrir-quelque-chose\/#primaryimage"},"image":{"@id":"https:\/\/swissbaker.ch\/fr\/panissimo-news\/pouvons-nous-vous-offrir-quelque-chose\/#primaryimage"},"thumbnailUrl":"https:\/\/swissbaker.ch\/wp-content\/uploads\/2023\/10\/19_1_mohn_genusskalender.jpg","datePublished":"2023-10-12T06:40:58+00:00","dateModified":"2023-10-12T07:36:38+00:00","description":"Le calendrier des saveurs en est cette ann\u00e9e \u00e0 sa 81e \u00e9dition. C\u2019est \u00e0 juste titre que Lorena Mohn, parle d\u2019une tradition appr\u00e9ci\u00e9e.","breadcrumb":{"@id":"https:\/\/swissbaker.ch\/fr\/panissimo-news\/pouvons-nous-vous-offrir-quelque-chose\/#breadcrumb"},"inLanguage":"fr-FR","potentialAction":[{"@type":"ReadAction","target":["https:\/\/swissbaker.ch\/fr\/panissimo-news\/pouvons-nous-vous-offrir-quelque-chose\/"]}]},{"@type":"ImageObject","inLanguage":"fr-FR","@id":"https:\/\/swissbaker.ch\/fr\/panissimo-news\/pouvons-nous-vous-offrir-quelque-chose\/#primaryimage","url":"https:\/\/swissbaker.ch\/wp-content\/uploads\/2023\/10\/19_1_mohn_genusskalender.jpg","contentUrl":"https:\/\/swissbaker.ch\/wp-content\/uploads\/2023\/10\/19_1_mohn_genusskalender.jpg","width":1200,"height":712},{"@type":"BreadcrumbList","@id":"https:\/\/swissbaker.ch\/fr\/panissimo-news\/pouvons-nous-vous-offrir-quelque-chose\/#breadcrumb","itemListElement":[{"@type":"ListItem","position":1,"name":"","item":"https:\/\/swissbaker.ch\/fr\/"},{"@type":"ListItem","position":2,"name":"Boulangeries\/Confiseries","item":"https:\/\/swissbaker.ch\/fr\/panissimo-news\/category\/boulangeries-confiseries\/"},{"@type":"ListItem","position":3,"name":"Pouvons-nous vous offrir quelque chose?"}]},{"@type":"WebSite","@id":"https:\/\/swissbaker.ch\/fr\/#website","url":"https:\/\/swissbaker.ch\/fr\/","name":"SBC","description":"","publisher":{"@id":"https:\/\/swissbaker.ch\/fr\/#organization"},"potentialAction":[{"@type":"SearchAction","target":{"@type":"EntryPoint","urlTemplate":"https:\/\/swissbaker.ch\/fr\/?s={search_term_string}"},"query-input":{"@type":"PropertyValueSpecification","valueRequired":true,"valueName":"search_term_string"}}],"inLanguage":"fr-FR"},{"@type":"Organization","@id":"https:\/\/swissbaker.ch\/fr\/#organization","name":"Schweizerischer B\u00e4cker-Confiseurmeister-Verband","url":"https:\/\/swissbaker.ch\/fr\/","logo":{"@type":"ImageObject","inLanguage":"fr-FR","@id":"https:\/\/swissbaker.ch\/fr\/#\/schema\/logo\/image\/","url":"https:\/\/swissbaker.ch\/wp-content\/uploads\/2022\/04\/sbc-logo-yoast.jpg","contentUrl":"https:\/\/swissbaker.ch\/wp-content\/uploads\/2022\/04\/sbc-logo-yoast.jpg","width":512,"height":512,"caption":"Schweizerischer B\u00e4cker-Confiseurmeister-Verband"},"image":{"@id":"https:\/\/swissbaker.ch\/fr\/#\/schema\/logo\/image\/"},"sameAs":["https:\/\/www.facebook.com\/swissbaker.ch","https:\/\/x.com\/ch_swissbaker"]},{"@type":"Person","@id":"https:\/\/swissbaker.ch\/fr\/#\/schema\/person\/74bd327b08c18ca6042c02ff6f0ed5e2","name":"Simon Nussbaum","image":{"@type":"ImageObject","inLanguage":"fr-FR","@id":"https:\/\/swissbaker.ch\/fr\/#\/schema\/person\/image\/","url":"https:\/\/secure.gravatar.com\/avatar\/df0eced3bb556c806cb760cf503ade1ed1df25b4104d80d6fd28d93a9509aa12?s=96&d=mm&r=g","contentUrl":"https:\/\/secure.gravatar.com\/avatar\/df0eced3bb556c806cb760cf503ade1ed1df25b4104d80d6fd28d93a9509aa12?s=96&d=mm&r=g","caption":"Simon Nussbaum"},"url":"https:\/\/swissbaker.ch\/fr\/panissimo-news\/author\/simon-nussbaum\/"}]}},"_links":{"self":[{"href":"https:\/\/swissbaker.ch\/fr\/wp-json\/wp\/v2\/posts\/69417","targetHints":{"allow":["GET"]}}],"collection":[{"href":"https:\/\/swissbaker.ch\/fr\/wp-json\/wp\/v2\/posts"}],"about":[{"href":"https:\/\/swissbaker.ch\/fr\/wp-json\/wp\/v2\/types\/post"}],"author":[{"embeddable":true,"href":"https:\/\/swissbaker.ch\/fr\/wp-json\/wp\/v2\/users\/5"}],"replies":[{"embeddable":true,"href":"https:\/\/swissbaker.ch\/fr\/wp-json\/wp\/v2\/comments?post=69417"}],"version-history":[{"count":0,"href":"https:\/\/swissbaker.ch\/fr\/wp-json\/wp\/v2\/posts\/69417\/revisions"}],"wp:featuredmedia":[{"embeddable":true,"href":"https:\/\/swissbaker.ch\/fr\/wp-json\/wp\/v2\/media\/69400"}],"wp:attachment":[{"href":"https:\/\/swissbaker.ch\/fr\/wp-json\/wp\/v2\/media?parent=69417"}],"wp:term":[{"taxonomy":"category","embeddable":true,"href":"https:\/\/swissbaker.ch\/fr\/wp-json\/wp\/v2\/categories?post=69417"},{"taxonomy":"post_tag","embeddable":true,"href":"https:\/\/swissbaker.ch\/fr\/wp-json\/wp\/v2\/tags?post=69417"}],"curies":[{"name":"wp","href":"https:\/\/api.w.org\/{rel}","templated":true}]}}