{"id":69185,"date":"2023-10-05T10:40:12","date_gmt":"2023-10-05T08:40:12","guid":{"rendered":"https:\/\/swissbaker.ch\/?p=69185"},"modified":"2023-10-19T11:37:46","modified_gmt":"2023-10-19T09:37:46","slug":"les-dirigeants-des-associations-economiques-appellent-a-participer-aux-prochaines-elections","status":"publish","type":"post","link":"https:\/\/swissbaker.ch\/fr\/panissimo-news\/les-dirigeants-des-associations-economiques-appellent-a-participer-aux-prochaines-elections\/","title":{"rendered":"Les dirigeants des associations \u00e9conomiques appellent \u00e0 participer aux prochaines \u00e9lections"},"content":{"rendered":"\n<p><strong>Le 22 octobre, la Suisse \u00e9lira un nouveau Parlement. Ces \u00e9lections rev\u00eatent une grande importance pour l\u2019avenir de notre pays. C\u2019est pourquoi economiesuisse, l\u2019Union suisse des arts et m\u00e9tiers (usam), l\u2019Union patronale suisse et l\u2019Union suisse des paysans s\u2019engagent ensemble, avec la campagne&nbsp;\u00abPerspective Suisse\u00bb, pour une composition du Parlement sensible \u00e0 l\u2019\u00e9conomie et \u00e0 l\u2019agriculture. Les organisations fa\u00eeti\u00e8res de l&#8217;\u00e9conomie et de l&#8217;agriculture suisses s&#8217;engagent pour la stabilit\u00e9, la s\u00e9curit\u00e9 et des conditions-cadres comp\u00e9titives. <\/strong><\/p>\n\n\n\n<p>Dans l&#8217;optique d&#8217;un d\u00e9veloppement de notre pays orient\u00e9 vers l&#8217;avenir, elles appellent \u00e0 une participation active aux \u00e9lections f\u00e9d\u00e9rales en soutenant les candidats et candidates favorables \u00e0 l&#8217;\u00e9conomie et \u00e0 l&#8217;agriculture.<\/p>\n\n\n\n<p>Le 22 octobre, la Suisse \u00e9lira un nouveau Parlement. Ces \u00e9lections rev\u00eatent une grande importance pour l\u2019avenir de notre pays.<br><br>La campagne \u00abPerspective Suisse\u00bb a \u00e9t\u00e9 lanc\u00e9e en octobre 2022 et a mis en \u00e9vidence, en plusieurs phases et avec diff\u00e9rentes mesures, l\u2019importance de l\u2019\u00e9conomie et de l\u2019agriculture et de leurs prestations. L\u2019accent a \u00e9t\u00e9 mis sur leur importante contribution \u00e0 la prosp\u00e9rit\u00e9 de notre pays, \u00e0 des emplois et des places d\u2019apprentissage attrayants, \u00e0 des denr\u00e9es alimentaires durables et \u00e0 de l\u2019\u00e9nergie en quantit\u00e9 suffisante, \u00e0 des assurances sociales s\u00fbres ainsi qu\u2019\u00e0 la durabilit\u00e9 gr\u00e2ce \u00e0 l\u2019innovation.<br><br>L\u2019objectif de cette collaboration est d\u2019accro\u00eetre la sensibilit\u00e9 de la population aux questions \u00e9conomiques et agricoles, et de faire prendre conscience aux \u00e9lecteurs et \u00e9lectrices sensibles \u00e0 l\u2019artisanat, \u00e0 l\u2019\u00e9conomie et \u00e0 l\u2019agriculture de la n\u00e9cessit\u00e9 de participer au scrutin. En effet, chaque voix compte.<br><br>Les \u00e9lections sont d\u00e9sormais toutes proches. Les pr\u00e9sidents ainsi que la directrice et les directeurs des grandes associations \u00e9conomiques appellent donc les milieux favorables \u00e0 l\u2019\u00e9conomie et \u00e0 l\u2019agriculture dans tout le pays \u00e0 participer sans h\u00e9siter aux prochaines \u00e9lections afin d\u2019envoyer des candidats et des candidates favorables \u00e0 l\u2019\u00e9conomie au Palais f\u00e9d\u00e9ral.<\/p>\n\n\n\n<p><a href=\"https:\/\/perspectivesuisse.ch\/\" target=\"_blank\" rel=\"noreferrer noopener\">perspectivesuisse.ch<\/a><\/p>\n\n\n\n<p class=\"has-text-align-right\">cv<\/p>\n","protected":false},"excerpt":{"rendered":"<p>Le 22 octobre, la Suisse \u00e9lira un nouveau Parlement. Ces \u00e9lections rev\u00eatent une grande importance pour l\u2019avenir de notre pays. C\u2019est pourquoi economiesuisse, l\u2019Union suisse des arts et m\u00e9tiers (usam), l\u2019Union patronale suisse et l\u2019Union suisse des paysans s\u2019engagent ensemble, avec la campagne&nbsp;\u00abPerspective Suisse\u00bb, pour une composition du Parlement sensible \u00e0 l\u2019\u00e9conomie et \u00e0 l\u2019agriculture. Les organisations fa\u00eeti\u00e8res de l&#8217;\u00e9conomie [&hellip;]<\/p>\n","protected":false},"author":8,"featured_media":69168,"comment_status":"closed","ping_status":"closed","sticky":true,"template":"","format":"standard","meta":{"_acf_changed":false,"footnotes":""},"categories":[41,84,44],"tags":[],"class_list":["post-69185","post","type-post","status-publish","format-standard","has-post-thumbnail","hentry","category-association","category-courant","category-droit-politique"],"acf":[],"yoast_head":"<!-- This site is optimized with the Yoast SEO Premium plugin v26.8 (Yoast SEO v26.8) - https:\/\/yoast.com\/product\/yoast-seo-premium-wordpress\/ -->\n<title>Les dirigeants des associations \u00e9conomiques appellent \u00e0 participer aux prochaines \u00e9lections | SBC<\/title>\n<meta name=\"robots\" content=\"index, follow, max-snippet:-1, max-image-preview:large, max-video-preview:-1\" \/>\n<link rel=\"canonical\" href=\"https:\/\/swissbaker.ch\/fr\/panissimo-news\/les-dirigeants-des-associations-economiques-appellent-a-participer-aux-prochaines-elections\/\" \/>\n<meta property=\"og:locale\" content=\"fr_FR\" \/>\n<meta property=\"og:type\" content=\"article\" \/>\n<meta property=\"og:title\" content=\"Les dirigeants des associations \u00e9conomiques appellent \u00e0 participer aux prochaines \u00e9lections\" \/>\n<meta property=\"og:description\" content=\"Le 22 octobre, la Suisse \u00e9lira un nouveau Parlement. Ces \u00e9lections rev\u00eatent une grande importance pour l\u2019avenir de notre pays. C\u2019est pourquoi economiesuisse, l\u2019Union suisse des arts et m\u00e9tiers (usam), l\u2019Union patronale suisse et l\u2019Union suisse des paysans s\u2019engagent ensemble, avec la campagne&nbsp;\u00abPerspective Suisse\u00bb, pour une composition du Parlement sensible \u00e0 l\u2019\u00e9conomie et \u00e0 l\u2019agriculture. Les organisations fa\u00eeti\u00e8res de l&#8217;\u00e9conomie [&hellip;]\" \/>\n<meta property=\"og:url\" content=\"https:\/\/swissbaker.ch\/fr\/panissimo-news\/les-dirigeants-des-associations-economiques-appellent-a-participer-aux-prochaines-elections\/\" \/>\n<meta property=\"og:site_name\" content=\"SBC\" \/>\n<meta property=\"article:publisher\" content=\"https:\/\/www.facebook.com\/swissbaker.ch\" \/>\n<meta property=\"article:published_time\" content=\"2023-10-05T08:40:12+00:00\" \/>\n<meta property=\"article:modified_time\" content=\"2023-10-19T09:37:46+00:00\" \/>\n<meta property=\"og:image\" content=\"https:\/\/swissbaker.ch\/wp-content\/uploads\/2023\/10\/wirschaftsverbaende-scaled.jpg\" \/>\n\t<meta property=\"og:image:width\" content=\"2048\" \/>\n\t<meta property=\"og:image:height\" content=\"1215\" \/>\n\t<meta property=\"og:image:type\" content=\"image\/jpeg\" \/>\n<meta name=\"author\" content=\"Johann Ruppen\" \/>\n<meta name=\"twitter:card\" content=\"summary_large_image\" \/>\n<meta name=\"twitter:creator\" content=\"@ch_swissbaker\" \/>\n<meta name=\"twitter:site\" content=\"@ch_swissbaker\" \/>\n<meta name=\"twitter:label1\" content=\"Written by\" \/>\n\t<meta name=\"twitter:data1\" content=\"Johann Ruppen\" \/>\n\t<meta name=\"twitter:label2\" content=\"Est. reading time\" \/>\n\t<meta name=\"twitter:data2\" content=\"2 minutes\" \/>\n<script type=\"application\/ld+json\" class=\"yoast-schema-graph\">{\"@context\":\"https:\/\/schema.org\",\"@graph\":[{\"@type\":\"Article\",\"@id\":\"https:\/\/swissbaker.ch\/fr\/panissimo-news\/les-dirigeants-des-associations-economiques-appellent-a-participer-aux-prochaines-elections\/#article\",\"isPartOf\":{\"@id\":\"https:\/\/swissbaker.ch\/fr\/panissimo-news\/les-dirigeants-des-associations-economiques-appellent-a-participer-aux-prochaines-elections\/\"},\"author\":{\"name\":\"Johann Ruppen\",\"@id\":\"https:\/\/swissbaker.ch\/fr\/#\/schema\/person\/abb9dbbf5af9443c30618295ec9cb74e\"},\"headline\":\"Les dirigeants des associations \u00e9conomiques appellent \u00e0 participer aux prochaines \u00e9lections\",\"datePublished\":\"2023-10-05T08:40:12+00:00\",\"dateModified\":\"2023-10-19T09:37:46+00:00\",\"mainEntityOfPage\":{\"@id\":\"https:\/\/swissbaker.ch\/fr\/panissimo-news\/les-dirigeants-des-associations-economiques-appellent-a-participer-aux-prochaines-elections\/\"},\"wordCount\":351,\"publisher\":{\"@id\":\"https:\/\/swissbaker.ch\/fr\/#organization\"},\"image\":{\"@id\":\"https:\/\/swissbaker.ch\/fr\/panissimo-news\/les-dirigeants-des-associations-economiques-appellent-a-participer-aux-prochaines-elections\/#primaryimage\"},\"thumbnailUrl\":\"https:\/\/swissbaker.ch\/wp-content\/uploads\/2023\/10\/wirschaftsverbaende-scaled.jpg\",\"articleSection\":[\"Association\",\"Courant\",\"Droit &amp; politique\"],\"inLanguage\":\"fr-FR\"},{\"@type\":\"WebPage\",\"@id\":\"https:\/\/swissbaker.ch\/fr\/panissimo-news\/les-dirigeants-des-associations-economiques-appellent-a-participer-aux-prochaines-elections\/\",\"url\":\"https:\/\/swissbaker.ch\/fr\/panissimo-news\/les-dirigeants-des-associations-economiques-appellent-a-participer-aux-prochaines-elections\/\",\"name\":\"Les dirigeants des associations \u00e9conomiques appellent \u00e0 participer aux prochaines \u00e9lections | SBC\",\"isPartOf\":{\"@id\":\"https:\/\/swissbaker.ch\/fr\/#website\"},\"primaryImageOfPage\":{\"@id\":\"https:\/\/swissbaker.ch\/fr\/panissimo-news\/les-dirigeants-des-associations-economiques-appellent-a-participer-aux-prochaines-elections\/#primaryimage\"},\"image\":{\"@id\":\"https:\/\/swissbaker.ch\/fr\/panissimo-news\/les-dirigeants-des-associations-economiques-appellent-a-participer-aux-prochaines-elections\/#primaryimage\"},\"thumbnailUrl\":\"https:\/\/swissbaker.ch\/wp-content\/uploads\/2023\/10\/wirschaftsverbaende-scaled.jpg\",\"datePublished\":\"2023-10-05T08:40:12+00:00\",\"dateModified\":\"2023-10-19T09:37:46+00:00\",\"breadcrumb\":{\"@id\":\"https:\/\/swissbaker.ch\/fr\/panissimo-news\/les-dirigeants-des-associations-economiques-appellent-a-participer-aux-prochaines-elections\/#breadcrumb\"},\"inLanguage\":\"fr-FR\",\"potentialAction\":[{\"@type\":\"ReadAction\",\"target\":[\"https:\/\/swissbaker.ch\/fr\/panissimo-news\/les-dirigeants-des-associations-economiques-appellent-a-participer-aux-prochaines-elections\/\"]}]},{\"@type\":\"ImageObject\",\"inLanguage\":\"fr-FR\",\"@id\":\"https:\/\/swissbaker.ch\/fr\/panissimo-news\/les-dirigeants-des-associations-economiques-appellent-a-participer-aux-prochaines-elections\/#primaryimage\",\"url\":\"https:\/\/swissbaker.ch\/wp-content\/uploads\/2023\/10\/wirschaftsverbaende-scaled.jpg\",\"contentUrl\":\"https:\/\/swissbaker.ch\/wp-content\/uploads\/2023\/10\/wirschaftsverbaende-scaled.jpg\",\"width\":2048,\"height\":1215},{\"@type\":\"BreadcrumbList\",\"@id\":\"https:\/\/swissbaker.ch\/fr\/panissimo-news\/les-dirigeants-des-associations-economiques-appellent-a-participer-aux-prochaines-elections\/#breadcrumb\",\"itemListElement\":[{\"@type\":\"ListItem\",\"position\":1,\"name\":\"\",\"item\":\"https:\/\/swissbaker.ch\/fr\/\"},{\"@type\":\"ListItem\",\"position\":2,\"name\":\"Association\",\"item\":\"https:\/\/swissbaker.ch\/fr\/panissimo-news\/category\/association\/\"},{\"@type\":\"ListItem\",\"position\":3,\"name\":\"Les dirigeants des associations \u00e9conomiques appellent \u00e0 participer aux prochaines \u00e9lections\"}]},{\"@type\":\"WebSite\",\"@id\":\"https:\/\/swissbaker.ch\/fr\/#website\",\"url\":\"https:\/\/swissbaker.ch\/fr\/\",\"name\":\"SBC\",\"description\":\"\",\"publisher\":{\"@id\":\"https:\/\/swissbaker.ch\/fr\/#organization\"},\"potentialAction\":[{\"@type\":\"SearchAction\",\"target\":{\"@type\":\"EntryPoint\",\"urlTemplate\":\"https:\/\/swissbaker.ch\/fr\/?s={search_term_string}\"},\"query-input\":{\"@type\":\"PropertyValueSpecification\",\"valueRequired\":true,\"valueName\":\"search_term_string\"}}],\"inLanguage\":\"fr-FR\"},{\"@type\":\"Organization\",\"@id\":\"https:\/\/swissbaker.ch\/fr\/#organization\",\"name\":\"Schweizerischer B\u00e4cker-Confiseurmeister-Verband\",\"url\":\"https:\/\/swissbaker.ch\/fr\/\",\"logo\":{\"@type\":\"ImageObject\",\"inLanguage\":\"fr-FR\",\"@id\":\"https:\/\/swissbaker.ch\/fr\/#\/schema\/logo\/image\/\",\"url\":\"https:\/\/swissbaker.ch\/wp-content\/uploads\/2022\/04\/sbc-logo-yoast.jpg\",\"contentUrl\":\"https:\/\/swissbaker.ch\/wp-content\/uploads\/2022\/04\/sbc-logo-yoast.jpg\",\"width\":512,\"height\":512,\"caption\":\"Schweizerischer B\u00e4cker-Confiseurmeister-Verband\"},\"image\":{\"@id\":\"https:\/\/swissbaker.ch\/fr\/#\/schema\/logo\/image\/\"},\"sameAs\":[\"https:\/\/www.facebook.com\/swissbaker.ch\",\"https:\/\/x.com\/ch_swissbaker\"]},{\"@type\":\"Person\",\"@id\":\"https:\/\/swissbaker.ch\/fr\/#\/schema\/person\/abb9dbbf5af9443c30618295ec9cb74e\",\"name\":\"Johann Ruppen\",\"image\":{\"@type\":\"ImageObject\",\"inLanguage\":\"fr-FR\",\"@id\":\"https:\/\/swissbaker.ch\/fr\/#\/schema\/person\/image\/\",\"url\":\"https:\/\/secure.gravatar.com\/avatar\/779632f9a53a98ad01f956c0ab0333a9abed519eb0a7248909af8cf14497dedd?s=96&d=mm&r=g\",\"contentUrl\":\"https:\/\/secure.gravatar.com\/avatar\/779632f9a53a98ad01f956c0ab0333a9abed519eb0a7248909af8cf14497dedd?s=96&d=mm&r=g\",\"caption\":\"Johann Ruppen\"},\"sameAs\":[\"http:\/\/swissbaker.ch\"],\"url\":\"https:\/\/swissbaker.ch\/fr\/panissimo-news\/author\/johann-ruppenswissbaker-ch\/\"}]}<\/script>\n<!-- \/ Yoast SEO Premium plugin. -->","yoast_head_json":{"title":"Les dirigeants des associations \u00e9conomiques appellent \u00e0 participer aux prochaines \u00e9lections | SBC","robots":{"index":"index","follow":"follow","max-snippet":"max-snippet:-1","max-image-preview":"max-image-preview:large","max-video-preview":"max-video-preview:-1"},"canonical":"https:\/\/swissbaker.ch\/fr\/panissimo-news\/les-dirigeants-des-associations-economiques-appellent-a-participer-aux-prochaines-elections\/","og_locale":"fr_FR","og_type":"article","og_title":"Les dirigeants des associations \u00e9conomiques appellent \u00e0 participer aux prochaines \u00e9lections","og_description":"Le 22 octobre, la Suisse \u00e9lira un nouveau Parlement. Ces \u00e9lections rev\u00eatent une grande importance pour l\u2019avenir de notre pays. C\u2019est pourquoi economiesuisse, l\u2019Union suisse des arts et m\u00e9tiers (usam), l\u2019Union patronale suisse et l\u2019Union suisse des paysans s\u2019engagent ensemble, avec la campagne&nbsp;\u00abPerspective Suisse\u00bb, pour une composition du Parlement sensible \u00e0 l\u2019\u00e9conomie et \u00e0 l\u2019agriculture. Les organisations fa\u00eeti\u00e8res de l&#8217;\u00e9conomie [&hellip;]","og_url":"https:\/\/swissbaker.ch\/fr\/panissimo-news\/les-dirigeants-des-associations-economiques-appellent-a-participer-aux-prochaines-elections\/","og_site_name":"SBC","article_publisher":"https:\/\/www.facebook.com\/swissbaker.ch","article_published_time":"2023-10-05T08:40:12+00:00","article_modified_time":"2023-10-19T09:37:46+00:00","og_image":[{"width":2048,"height":1215,"url":"https:\/\/swissbaker.ch\/wp-content\/uploads\/2023\/10\/wirschaftsverbaende-scaled.jpg","type":"image\/jpeg"}],"author":"Johann Ruppen","twitter_card":"summary_large_image","twitter_creator":"@ch_swissbaker","twitter_site":"@ch_swissbaker","twitter_misc":{"Written by":"Johann Ruppen","Est. reading time":"2 minutes"},"schema":{"@context":"https:\/\/schema.org","@graph":[{"@type":"Article","@id":"https:\/\/swissbaker.ch\/fr\/panissimo-news\/les-dirigeants-des-associations-economiques-appellent-a-participer-aux-prochaines-elections\/#article","isPartOf":{"@id":"https:\/\/swissbaker.ch\/fr\/panissimo-news\/les-dirigeants-des-associations-economiques-appellent-a-participer-aux-prochaines-elections\/"},"author":{"name":"Johann Ruppen","@id":"https:\/\/swissbaker.ch\/fr\/#\/schema\/person\/abb9dbbf5af9443c30618295ec9cb74e"},"headline":"Les dirigeants des associations \u00e9conomiques appellent \u00e0 participer aux prochaines \u00e9lections","datePublished":"2023-10-05T08:40:12+00:00","dateModified":"2023-10-19T09:37:46+00:00","mainEntityOfPage":{"@id":"https:\/\/swissbaker.ch\/fr\/panissimo-news\/les-dirigeants-des-associations-economiques-appellent-a-participer-aux-prochaines-elections\/"},"wordCount":351,"publisher":{"@id":"https:\/\/swissbaker.ch\/fr\/#organization"},"image":{"@id":"https:\/\/swissbaker.ch\/fr\/panissimo-news\/les-dirigeants-des-associations-economiques-appellent-a-participer-aux-prochaines-elections\/#primaryimage"},"thumbnailUrl":"https:\/\/swissbaker.ch\/wp-content\/uploads\/2023\/10\/wirschaftsverbaende-scaled.jpg","articleSection":["Association","Courant","Droit &amp; politique"],"inLanguage":"fr-FR"},{"@type":"WebPage","@id":"https:\/\/swissbaker.ch\/fr\/panissimo-news\/les-dirigeants-des-associations-economiques-appellent-a-participer-aux-prochaines-elections\/","url":"https:\/\/swissbaker.ch\/fr\/panissimo-news\/les-dirigeants-des-associations-economiques-appellent-a-participer-aux-prochaines-elections\/","name":"Les dirigeants des associations \u00e9conomiques appellent \u00e0 participer aux prochaines \u00e9lections | SBC","isPartOf":{"@id":"https:\/\/swissbaker.ch\/fr\/#website"},"primaryImageOfPage":{"@id":"https:\/\/swissbaker.ch\/fr\/panissimo-news\/les-dirigeants-des-associations-economiques-appellent-a-participer-aux-prochaines-elections\/#primaryimage"},"image":{"@id":"https:\/\/swissbaker.ch\/fr\/panissimo-news\/les-dirigeants-des-associations-economiques-appellent-a-participer-aux-prochaines-elections\/#primaryimage"},"thumbnailUrl":"https:\/\/swissbaker.ch\/wp-content\/uploads\/2023\/10\/wirschaftsverbaende-scaled.jpg","datePublished":"2023-10-05T08:40:12+00:00","dateModified":"2023-10-19T09:37:46+00:00","breadcrumb":{"@id":"https:\/\/swissbaker.ch\/fr\/panissimo-news\/les-dirigeants-des-associations-economiques-appellent-a-participer-aux-prochaines-elections\/#breadcrumb"},"inLanguage":"fr-FR","potentialAction":[{"@type":"ReadAction","target":["https:\/\/swissbaker.ch\/fr\/panissimo-news\/les-dirigeants-des-associations-economiques-appellent-a-participer-aux-prochaines-elections\/"]}]},{"@type":"ImageObject","inLanguage":"fr-FR","@id":"https:\/\/swissbaker.ch\/fr\/panissimo-news\/les-dirigeants-des-associations-economiques-appellent-a-participer-aux-prochaines-elections\/#primaryimage","url":"https:\/\/swissbaker.ch\/wp-content\/uploads\/2023\/10\/wirschaftsverbaende-scaled.jpg","contentUrl":"https:\/\/swissbaker.ch\/wp-content\/uploads\/2023\/10\/wirschaftsverbaende-scaled.jpg","width":2048,"height":1215},{"@type":"BreadcrumbList","@id":"https:\/\/swissbaker.ch\/fr\/panissimo-news\/les-dirigeants-des-associations-economiques-appellent-a-participer-aux-prochaines-elections\/#breadcrumb","itemListElement":[{"@type":"ListItem","position":1,"name":"","item":"https:\/\/swissbaker.ch\/fr\/"},{"@type":"ListItem","position":2,"name":"Association","item":"https:\/\/swissbaker.ch\/fr\/panissimo-news\/category\/association\/"},{"@type":"ListItem","position":3,"name":"Les dirigeants des associations \u00e9conomiques appellent \u00e0 participer aux prochaines \u00e9lections"}]},{"@type":"WebSite","@id":"https:\/\/swissbaker.ch\/fr\/#website","url":"https:\/\/swissbaker.ch\/fr\/","name":"SBC","description":"","publisher":{"@id":"https:\/\/swissbaker.ch\/fr\/#organization"},"potentialAction":[{"@type":"SearchAction","target":{"@type":"EntryPoint","urlTemplate":"https:\/\/swissbaker.ch\/fr\/?s={search_term_string}"},"query-input":{"@type":"PropertyValueSpecification","valueRequired":true,"valueName":"search_term_string"}}],"inLanguage":"fr-FR"},{"@type":"Organization","@id":"https:\/\/swissbaker.ch\/fr\/#organization","name":"Schweizerischer B\u00e4cker-Confiseurmeister-Verband","url":"https:\/\/swissbaker.ch\/fr\/","logo":{"@type":"ImageObject","inLanguage":"fr-FR","@id":"https:\/\/swissbaker.ch\/fr\/#\/schema\/logo\/image\/","url":"https:\/\/swissbaker.ch\/wp-content\/uploads\/2022\/04\/sbc-logo-yoast.jpg","contentUrl":"https:\/\/swissbaker.ch\/wp-content\/uploads\/2022\/04\/sbc-logo-yoast.jpg","width":512,"height":512,"caption":"Schweizerischer B\u00e4cker-Confiseurmeister-Verband"},"image":{"@id":"https:\/\/swissbaker.ch\/fr\/#\/schema\/logo\/image\/"},"sameAs":["https:\/\/www.facebook.com\/swissbaker.ch","https:\/\/x.com\/ch_swissbaker"]},{"@type":"Person","@id":"https:\/\/swissbaker.ch\/fr\/#\/schema\/person\/abb9dbbf5af9443c30618295ec9cb74e","name":"Johann Ruppen","image":{"@type":"ImageObject","inLanguage":"fr-FR","@id":"https:\/\/swissbaker.ch\/fr\/#\/schema\/person\/image\/","url":"https:\/\/secure.gravatar.com\/avatar\/779632f9a53a98ad01f956c0ab0333a9abed519eb0a7248909af8cf14497dedd?s=96&d=mm&r=g","contentUrl":"https:\/\/secure.gravatar.com\/avatar\/779632f9a53a98ad01f956c0ab0333a9abed519eb0a7248909af8cf14497dedd?s=96&d=mm&r=g","caption":"Johann Ruppen"},"sameAs":["http:\/\/swissbaker.ch"],"url":"https:\/\/swissbaker.ch\/fr\/panissimo-news\/author\/johann-ruppenswissbaker-ch\/"}]}},"_links":{"self":[{"href":"https:\/\/swissbaker.ch\/fr\/wp-json\/wp\/v2\/posts\/69185","targetHints":{"allow":["GET"]}}],"collection":[{"href":"https:\/\/swissbaker.ch\/fr\/wp-json\/wp\/v2\/posts"}],"about":[{"href":"https:\/\/swissbaker.ch\/fr\/wp-json\/wp\/v2\/types\/post"}],"author":[{"embeddable":true,"href":"https:\/\/swissbaker.ch\/fr\/wp-json\/wp\/v2\/users\/8"}],"replies":[{"embeddable":true,"href":"https:\/\/swissbaker.ch\/fr\/wp-json\/wp\/v2\/comments?post=69185"}],"version-history":[{"count":0,"href":"https:\/\/swissbaker.ch\/fr\/wp-json\/wp\/v2\/posts\/69185\/revisions"}],"wp:featuredmedia":[{"embeddable":true,"href":"https:\/\/swissbaker.ch\/fr\/wp-json\/wp\/v2\/media\/69168"}],"wp:attachment":[{"href":"https:\/\/swissbaker.ch\/fr\/wp-json\/wp\/v2\/media?parent=69185"}],"wp:term":[{"taxonomy":"category","embeddable":true,"href":"https:\/\/swissbaker.ch\/fr\/wp-json\/wp\/v2\/categories?post=69185"},{"taxonomy":"post_tag","embeddable":true,"href":"https:\/\/swissbaker.ch\/fr\/wp-json\/wp\/v2\/tags?post=69185"}],"curies":[{"name":"wp","href":"https:\/\/api.w.org\/{rel}","templated":true}]}}