{"id":68969,"date":"2023-09-28T10:19:56","date_gmt":"2023-09-28T08:19:56","guid":{"rendered":"https:\/\/swissbaker.ch\/?p=68969"},"modified":"2023-09-28T15:51:53","modified_gmt":"2023-09-28T13:51:53","slug":"le-droit-de-gouter-a-tout","status":"publish","type":"post","link":"https:\/\/swissbaker.ch\/fr\/panissimo-news\/le-droit-de-gouter-a-tout\/","title":{"rendered":"\u00ab\u2009le droit de go\u00fbter \u00e0 tout\u2009?\u2009\u00bb"},"content":{"rendered":"\n<p><strong>Les deux membres du duo comique Cuche &amp; Barbezat ont re\u00e7u leur tenu d\u2019Ambassadeurs du pain et du chocolat, lors du congr\u00e8s de la BCS, \u00e0 Berne. Durant une ann\u00e9e, Benjamin Cuche et Jean-Luc Barbezat auront pour t\u00e2che de porter haut les couleurs de la boulangerie-confiserie suisse et de d\u00e9fendre les int\u00e9r\u00eats de ses artisans. <\/strong><\/p>\n\n\n\n<p>\u00ab\u2009Panissimo\u2009\u00bb les a interrog\u00e9s par mail sur les premiers mois de leur mandat. R\u00e9ponses coll\u00e9giales saupoudr\u00e9es d\u2019humour des deux comp\u00e8res\u2026<\/p>\n\n\n\n<p><strong>Benjamin Cuche, Jean-Luc Barbezat, comment se sont d\u00e9roul\u00e9s ces premiers mois en tant qu\u2019Ambassadeurs du pain et du chocolat\u2009?<\/strong><br>Nous nous sentons fiers. Tellement fiers\u2009! Nous sommes gonfl\u00e9s, comme si nous avions mang\u00e9 25 cubes de levure chacun.<\/p>\n\n\n\n<p><strong>Lorsque vous fr\u00e9quentez des boulangeries-confiseries, vous reconna\u00eet-on comme tels\u2009?<\/strong><br>Ma foi non, le personnel de vente ne lit peut-\u00eatre pas \u00ab\u2009Panissimo\u2009\u00bb. Ce sont les patrons qui nous reconnaissent, et pas forc\u00e9ment au magasin. Et nous, est-ce que nous reconna\u00eetrons le personnel de vente, parmi notre public\u2009?<\/p>\n\n\n\n<figure class=\"wp-block-pullquote has-text-color\" style=\"color:#cc9933;font-size:24px;font-style:normal;font-weight:700\"><blockquote><p>\u00ab\u2009Nous nous associons \u00e0 l\u2019action des caracs roses pour soutenir les personnes touch\u00e9es par le cancer du sein.\u2009\u00bb<\/p><cite>Cuche &amp; Barbezat<\/cite><\/blockquote><\/figure>\n\n\n\n<p><strong>Votre regard sur la branche a-t-il chang\u00e9 depuis votre \u00e9lection\u2009?<\/strong><br>Pour s\u00fbr\u2009! Nous avons \u00e9t\u00e9 sensibilis\u00e9s par la qualit\u00e9 et l\u2019originalit\u00e9 des produits propos\u00e9es par les artisans de la branche. En tant qu\u2019ambassadeurs, nous avons l\u2019impression d\u2019\u00eatre responsables de tout ce qu\u2019il y a dans les vitrines. D\u2019ailleurs, ne devrait-on pas avoir le droit de go\u00fbter \u00e0 tout\u2009?<\/p>\n\n\n<div class=\"wp-block-image\">\n<figure class=\"aligncenter size-large is-resized\"><img decoding=\"async\" src=\"https:\/\/swissbaker.ch\/wp-content\/uploads\/2023\/06\/kongress_sbc_2023_foto_4_amassadeurs-1024x683.jpg\" alt=\"\" class=\"wp-image-62758\" style=\"width:628px;height:419px\" width=\"628\" height=\"419\" srcset=\"https:\/\/swissbaker.ch\/wp-content\/uploads\/2023\/06\/kongress_sbc_2023_foto_4_amassadeurs-1024x683.jpg 1024w, https:\/\/swissbaker.ch\/wp-content\/uploads\/2023\/06\/kongress_sbc_2023_foto_4_amassadeurs-768x512.jpg 768w, https:\/\/swissbaker.ch\/wp-content\/uploads\/2023\/06\/kongress_sbc_2023_foto_4_amassadeurs-1536x1024.jpg 1536w, https:\/\/swissbaker.ch\/wp-content\/uploads\/2023\/06\/kongress_sbc_2023_foto_4_amassadeurs-scaled.jpg 2048w\" sizes=\"(max-width: 628px) 100vw, 628px\" \/><figcaption class=\"wp-element-caption\"><em>\u00abCuche et Barbezat\u00bb ont \u00e9t\u00e9 nomm\u00e9s ambassadeurs sectoriels 2023<\/em><\/figcaption><\/figure>\n<\/div>\n\n\n<p><strong>Qu\u2019attendent les artisans de leurs ambassadeurs\u2009? Comment satisfaire leurs attentes\u2009?<\/strong><br>Les boulang\u00e8res-confiseuses et les boulangers-confiseurs doivent \u00eatre comme nous, sans doute\u2026 Ils attendent qu\u2019on les f\u00e9licite. On les applaudit. On peut les satisfaire en leur faisant des tartines de compliments, beaucoup de tartines, plein de tartines\u2009! Des tartines soir et matin avec de grosses tranches de pain.<\/p>\n\n\n\n<p><strong>Quel est votre programme en tant qu\u2019ambassadeurs d\u2019ici \u00e0 la fin de l\u2019ann\u00e9e?<\/strong><br>Nous pr\u00e9parons une action en collaboration avec les organisations qui luttent contre le cancer.<br>Nous adorons les caracs\u2026\u2009! Et pour le mois d\u2019octobre, \u00ab\u2009octobre rose\u2009\u00bb, nous nous associons <a href=\"https:\/\/swissbaker.ch\/fr\/panissimo-news\/en-octobre-les-caracs-osent-le-rose\/\">\u00e0 l\u2019action des caracs roses<\/a> pour soutenir les personnes touch\u00e9es par le cancer du sein.<\/p>\n\n\n\n<p class=\"has-text-align-right\"><em>pan<\/em><\/p>\n\n\n\n<hr class=\"wp-block-separator has-alpha-channel-opacity\"\/>\n\n\n\n<h3 class=\"wp-block-heading\" id=\"h-plus-de-35-ans-de-succes\">Plus de 35 ans de succ\u00e8s<\/h3>\n\n\n\n<p>Les Ambassadeurs du pain et du chocolat Cuche &amp; Barbezat sont les premiers repr\u00e9sentants romands \u00e0 recevoir ce titre. Bien connus en Suisse romande, en France et en Belgique, ils se produisent ensemble avec succ\u00e8s depuis plus de 35 ans. Benjamin Cuche et Jean-Luc Barbezat partagent non seulement la sc\u00e8ne, mais aussi une r\u00e9elle passion pour les d\u00e9lices de la boulangerie-confiserie artisanale.<br>Benjamin Cuche a appris le m\u00e9tier de boulanger-p\u00e2tissier. Il a obtenu \u00e0 l\u2019\u00e9poque le deuxi\u00e8me meilleur r\u00e9sultat \u00e0 l\u2019examen de fin d\u2019apprentissage du canton de Neuch\u00e2tel. En autres produits, il confectionne aujourd\u2019hui toujours des caracs, son p\u00e9ch\u00e9 mignon. Au fil du temps, Jean-Luc Barbezat a \u00e9galement fini \u00ab\u2009par tomber en amour avec ce petit g\u00e2teau vert\u2009\u00bb.<\/p>\n\n\n\n<p><a href=\"https:\/\/cuchebarbezat.ch\/\" target=\"_blank\" rel=\"noreferrer noopener\">Cuche &amp; Barbezat<\/a><\/p>\n","protected":false},"excerpt":{"rendered":"<p>Les deux membres du duo comique Cuche &#038; Barbezat ont re\u00e7u leur tenu d\u2019Ambassadeurs du pain et du chocolat, lors du congr\u00e8s de la BCS, \u00e0 Berne. Durant une ann\u00e9e, Benjamin Cuche et Jean-Luc Barbezat auront pour t\u00e2che de porter haut les couleurs de la boulangerie-confiserie suisse et de d\u00e9fendre les int\u00e9r\u00eats de ses artisans. <\/p>\n","protected":false},"author":5,"featured_media":68967,"comment_status":"closed","ping_status":"closed","sticky":true,"template":"","format":"standard","meta":{"_acf_changed":false,"footnotes":""},"categories":[41],"tags":[],"class_list":["post-68969","post","type-post","status-publish","format-standard","has-post-thumbnail","hentry","category-association"],"acf":[],"yoast_head":"<!-- This site is optimized with the Yoast SEO Premium plugin v26.8 (Yoast SEO v26.8) - https:\/\/yoast.com\/product\/yoast-seo-premium-wordpress\/ -->\n<title>\u00ab\u2009le droit de go\u00fbter \u00e0 tout\u2009?\u2009\u00bb | SBC<\/title>\n<meta name=\"description\" content=\"Benjamin Cuche et Jean-Luc Barbezat auront pour t\u00e2che de porter haut les couleurs de la boulangerie-confiserie suisse.\" \/>\n<meta name=\"robots\" content=\"index, follow, max-snippet:-1, max-image-preview:large, max-video-preview:-1\" \/>\n<link rel=\"canonical\" href=\"https:\/\/swissbaker.ch\/fr\/panissimo-news\/le-droit-de-gouter-a-tout\/\" \/>\n<meta property=\"og:locale\" content=\"fr_FR\" \/>\n<meta property=\"og:type\" content=\"article\" \/>\n<meta property=\"og:title\" content=\"\u00ab\u2009le droit de go\u00fbter \u00e0 tout\u2009?\u2009\u00bb\" \/>\n<meta property=\"og:description\" content=\"Benjamin Cuche et Jean-Luc Barbezat auront pour t\u00e2che de porter haut les couleurs de la boulangerie-confiserie suisse.\" \/>\n<meta property=\"og:url\" content=\"https:\/\/swissbaker.ch\/fr\/panissimo-news\/le-droit-de-gouter-a-tout\/\" \/>\n<meta property=\"og:site_name\" content=\"SBC\" \/>\n<meta property=\"article:publisher\" content=\"https:\/\/www.facebook.com\/swissbaker.ch\" \/>\n<meta property=\"article:published_time\" content=\"2023-09-28T08:19:56+00:00\" \/>\n<meta property=\"article:modified_time\" content=\"2023-09-28T13:51:53+00:00\" \/>\n<meta property=\"og:image\" content=\"https:\/\/swissbaker.ch\/wp-content\/uploads\/2023\/09\/ambassadeurs_auftakt-scaled.jpg\" \/>\n\t<meta property=\"og:image:width\" content=\"2048\" \/>\n\t<meta property=\"og:image:height\" content=\"964\" \/>\n\t<meta property=\"og:image:type\" content=\"image\/jpeg\" \/>\n<meta name=\"author\" content=\"Simon Nussbaum\" \/>\n<meta name=\"twitter:card\" content=\"summary_large_image\" \/>\n<meta name=\"twitter:creator\" content=\"@ch_swissbaker\" \/>\n<meta name=\"twitter:site\" content=\"@ch_swissbaker\" \/>\n<meta name=\"twitter:label1\" content=\"Written by\" \/>\n\t<meta name=\"twitter:data1\" content=\"Simon Nussbaum\" \/>\n\t<meta name=\"twitter:label2\" content=\"Est. reading time\" \/>\n\t<meta name=\"twitter:data2\" content=\"3 minutes\" \/>\n<script type=\"application\/ld+json\" class=\"yoast-schema-graph\">{\"@context\":\"https:\/\/schema.org\",\"@graph\":[{\"@type\":\"Article\",\"@id\":\"https:\/\/swissbaker.ch\/fr\/panissimo-news\/le-droit-de-gouter-a-tout\/#article\",\"isPartOf\":{\"@id\":\"https:\/\/swissbaker.ch\/fr\/panissimo-news\/le-droit-de-gouter-a-tout\/\"},\"author\":{\"name\":\"Simon Nussbaum\",\"@id\":\"https:\/\/swissbaker.ch\/fr\/#\/schema\/person\/74bd327b08c18ca6042c02ff6f0ed5e2\"},\"headline\":\"\u00ab\u2009le droit de go\u00fbter \u00e0 tout\u2009?\u2009\u00bb\",\"datePublished\":\"2023-09-28T08:19:56+00:00\",\"dateModified\":\"2023-09-28T13:51:53+00:00\",\"mainEntityOfPage\":{\"@id\":\"https:\/\/swissbaker.ch\/fr\/panissimo-news\/le-droit-de-gouter-a-tout\/\"},\"wordCount\":547,\"publisher\":{\"@id\":\"https:\/\/swissbaker.ch\/fr\/#organization\"},\"image\":{\"@id\":\"https:\/\/swissbaker.ch\/fr\/panissimo-news\/le-droit-de-gouter-a-tout\/#primaryimage\"},\"thumbnailUrl\":\"https:\/\/swissbaker.ch\/wp-content\/uploads\/2023\/09\/ambassadeurs_auftakt-scaled.jpg\",\"articleSection\":[\"Association\"],\"inLanguage\":\"fr-FR\"},{\"@type\":\"WebPage\",\"@id\":\"https:\/\/swissbaker.ch\/fr\/panissimo-news\/le-droit-de-gouter-a-tout\/\",\"url\":\"https:\/\/swissbaker.ch\/fr\/panissimo-news\/le-droit-de-gouter-a-tout\/\",\"name\":\"\u00ab\u2009le droit de go\u00fbter \u00e0 tout\u2009?\u2009\u00bb | SBC\",\"isPartOf\":{\"@id\":\"https:\/\/swissbaker.ch\/fr\/#website\"},\"primaryImageOfPage\":{\"@id\":\"https:\/\/swissbaker.ch\/fr\/panissimo-news\/le-droit-de-gouter-a-tout\/#primaryimage\"},\"image\":{\"@id\":\"https:\/\/swissbaker.ch\/fr\/panissimo-news\/le-droit-de-gouter-a-tout\/#primaryimage\"},\"thumbnailUrl\":\"https:\/\/swissbaker.ch\/wp-content\/uploads\/2023\/09\/ambassadeurs_auftakt-scaled.jpg\",\"datePublished\":\"2023-09-28T08:19:56+00:00\",\"dateModified\":\"2023-09-28T13:51:53+00:00\",\"description\":\"Benjamin Cuche et Jean-Luc Barbezat auront pour t\u00e2che de porter haut les couleurs de la boulangerie-confiserie suisse.\",\"breadcrumb\":{\"@id\":\"https:\/\/swissbaker.ch\/fr\/panissimo-news\/le-droit-de-gouter-a-tout\/#breadcrumb\"},\"inLanguage\":\"fr-FR\",\"potentialAction\":[{\"@type\":\"ReadAction\",\"target\":[\"https:\/\/swissbaker.ch\/fr\/panissimo-news\/le-droit-de-gouter-a-tout\/\"]}]},{\"@type\":\"ImageObject\",\"inLanguage\":\"fr-FR\",\"@id\":\"https:\/\/swissbaker.ch\/fr\/panissimo-news\/le-droit-de-gouter-a-tout\/#primaryimage\",\"url\":\"https:\/\/swissbaker.ch\/wp-content\/uploads\/2023\/09\/ambassadeurs_auftakt-scaled.jpg\",\"contentUrl\":\"https:\/\/swissbaker.ch\/wp-content\/uploads\/2023\/09\/ambassadeurs_auftakt-scaled.jpg\",\"width\":2048,\"height\":964},{\"@type\":\"BreadcrumbList\",\"@id\":\"https:\/\/swissbaker.ch\/fr\/panissimo-news\/le-droit-de-gouter-a-tout\/#breadcrumb\",\"itemListElement\":[{\"@type\":\"ListItem\",\"position\":1,\"name\":\"\",\"item\":\"https:\/\/swissbaker.ch\/fr\/\"},{\"@type\":\"ListItem\",\"position\":2,\"name\":\"Association\",\"item\":\"https:\/\/swissbaker.ch\/fr\/panissimo-news\/category\/association\/\"},{\"@type\":\"ListItem\",\"position\":3,\"name\":\"\u00ab\u2009le droit de go\u00fbter \u00e0 tout\u2009?\u2009\u00bb\"}]},{\"@type\":\"WebSite\",\"@id\":\"https:\/\/swissbaker.ch\/fr\/#website\",\"url\":\"https:\/\/swissbaker.ch\/fr\/\",\"name\":\"SBC\",\"description\":\"\",\"publisher\":{\"@id\":\"https:\/\/swissbaker.ch\/fr\/#organization\"},\"potentialAction\":[{\"@type\":\"SearchAction\",\"target\":{\"@type\":\"EntryPoint\",\"urlTemplate\":\"https:\/\/swissbaker.ch\/fr\/?s={search_term_string}\"},\"query-input\":{\"@type\":\"PropertyValueSpecification\",\"valueRequired\":true,\"valueName\":\"search_term_string\"}}],\"inLanguage\":\"fr-FR\"},{\"@type\":\"Organization\",\"@id\":\"https:\/\/swissbaker.ch\/fr\/#organization\",\"name\":\"Schweizerischer B\u00e4cker-Confiseurmeister-Verband\",\"url\":\"https:\/\/swissbaker.ch\/fr\/\",\"logo\":{\"@type\":\"ImageObject\",\"inLanguage\":\"fr-FR\",\"@id\":\"https:\/\/swissbaker.ch\/fr\/#\/schema\/logo\/image\/\",\"url\":\"https:\/\/swissbaker.ch\/wp-content\/uploads\/2022\/04\/sbc-logo-yoast.jpg\",\"contentUrl\":\"https:\/\/swissbaker.ch\/wp-content\/uploads\/2022\/04\/sbc-logo-yoast.jpg\",\"width\":512,\"height\":512,\"caption\":\"Schweizerischer B\u00e4cker-Confiseurmeister-Verband\"},\"image\":{\"@id\":\"https:\/\/swissbaker.ch\/fr\/#\/schema\/logo\/image\/\"},\"sameAs\":[\"https:\/\/www.facebook.com\/swissbaker.ch\",\"https:\/\/x.com\/ch_swissbaker\"]},{\"@type\":\"Person\",\"@id\":\"https:\/\/swissbaker.ch\/fr\/#\/schema\/person\/74bd327b08c18ca6042c02ff6f0ed5e2\",\"name\":\"Simon Nussbaum\",\"image\":{\"@type\":\"ImageObject\",\"inLanguage\":\"fr-FR\",\"@id\":\"https:\/\/swissbaker.ch\/fr\/#\/schema\/person\/image\/\",\"url\":\"https:\/\/secure.gravatar.com\/avatar\/df0eced3bb556c806cb760cf503ade1ed1df25b4104d80d6fd28d93a9509aa12?s=96&d=mm&r=g\",\"contentUrl\":\"https:\/\/secure.gravatar.com\/avatar\/df0eced3bb556c806cb760cf503ade1ed1df25b4104d80d6fd28d93a9509aa12?s=96&d=mm&r=g\",\"caption\":\"Simon Nussbaum\"},\"url\":\"https:\/\/swissbaker.ch\/fr\/panissimo-news\/author\/simon-nussbaum\/\"}]}<\/script>\n<!-- \/ Yoast SEO Premium plugin. -->","yoast_head_json":{"title":"\u00ab\u2009le droit de go\u00fbter \u00e0 tout\u2009?\u2009\u00bb | SBC","description":"Benjamin Cuche et Jean-Luc Barbezat auront pour t\u00e2che de porter haut les couleurs de la boulangerie-confiserie suisse.","robots":{"index":"index","follow":"follow","max-snippet":"max-snippet:-1","max-image-preview":"max-image-preview:large","max-video-preview":"max-video-preview:-1"},"canonical":"https:\/\/swissbaker.ch\/fr\/panissimo-news\/le-droit-de-gouter-a-tout\/","og_locale":"fr_FR","og_type":"article","og_title":"\u00ab\u2009le droit de go\u00fbter \u00e0 tout\u2009?\u2009\u00bb","og_description":"Benjamin Cuche et Jean-Luc Barbezat auront pour t\u00e2che de porter haut les couleurs de la boulangerie-confiserie suisse.","og_url":"https:\/\/swissbaker.ch\/fr\/panissimo-news\/le-droit-de-gouter-a-tout\/","og_site_name":"SBC","article_publisher":"https:\/\/www.facebook.com\/swissbaker.ch","article_published_time":"2023-09-28T08:19:56+00:00","article_modified_time":"2023-09-28T13:51:53+00:00","og_image":[{"width":2048,"height":964,"url":"https:\/\/swissbaker.ch\/wp-content\/uploads\/2023\/09\/ambassadeurs_auftakt-scaled.jpg","type":"image\/jpeg"}],"author":"Simon Nussbaum","twitter_card":"summary_large_image","twitter_creator":"@ch_swissbaker","twitter_site":"@ch_swissbaker","twitter_misc":{"Written by":"Simon Nussbaum","Est. reading time":"3 minutes"},"schema":{"@context":"https:\/\/schema.org","@graph":[{"@type":"Article","@id":"https:\/\/swissbaker.ch\/fr\/panissimo-news\/le-droit-de-gouter-a-tout\/#article","isPartOf":{"@id":"https:\/\/swissbaker.ch\/fr\/panissimo-news\/le-droit-de-gouter-a-tout\/"},"author":{"name":"Simon Nussbaum","@id":"https:\/\/swissbaker.ch\/fr\/#\/schema\/person\/74bd327b08c18ca6042c02ff6f0ed5e2"},"headline":"\u00ab\u2009le droit de go\u00fbter \u00e0 tout\u2009?\u2009\u00bb","datePublished":"2023-09-28T08:19:56+00:00","dateModified":"2023-09-28T13:51:53+00:00","mainEntityOfPage":{"@id":"https:\/\/swissbaker.ch\/fr\/panissimo-news\/le-droit-de-gouter-a-tout\/"},"wordCount":547,"publisher":{"@id":"https:\/\/swissbaker.ch\/fr\/#organization"},"image":{"@id":"https:\/\/swissbaker.ch\/fr\/panissimo-news\/le-droit-de-gouter-a-tout\/#primaryimage"},"thumbnailUrl":"https:\/\/swissbaker.ch\/wp-content\/uploads\/2023\/09\/ambassadeurs_auftakt-scaled.jpg","articleSection":["Association"],"inLanguage":"fr-FR"},{"@type":"WebPage","@id":"https:\/\/swissbaker.ch\/fr\/panissimo-news\/le-droit-de-gouter-a-tout\/","url":"https:\/\/swissbaker.ch\/fr\/panissimo-news\/le-droit-de-gouter-a-tout\/","name":"\u00ab\u2009le droit de go\u00fbter \u00e0 tout\u2009?\u2009\u00bb | SBC","isPartOf":{"@id":"https:\/\/swissbaker.ch\/fr\/#website"},"primaryImageOfPage":{"@id":"https:\/\/swissbaker.ch\/fr\/panissimo-news\/le-droit-de-gouter-a-tout\/#primaryimage"},"image":{"@id":"https:\/\/swissbaker.ch\/fr\/panissimo-news\/le-droit-de-gouter-a-tout\/#primaryimage"},"thumbnailUrl":"https:\/\/swissbaker.ch\/wp-content\/uploads\/2023\/09\/ambassadeurs_auftakt-scaled.jpg","datePublished":"2023-09-28T08:19:56+00:00","dateModified":"2023-09-28T13:51:53+00:00","description":"Benjamin Cuche et Jean-Luc Barbezat auront pour t\u00e2che de porter haut les couleurs de la boulangerie-confiserie suisse.","breadcrumb":{"@id":"https:\/\/swissbaker.ch\/fr\/panissimo-news\/le-droit-de-gouter-a-tout\/#breadcrumb"},"inLanguage":"fr-FR","potentialAction":[{"@type":"ReadAction","target":["https:\/\/swissbaker.ch\/fr\/panissimo-news\/le-droit-de-gouter-a-tout\/"]}]},{"@type":"ImageObject","inLanguage":"fr-FR","@id":"https:\/\/swissbaker.ch\/fr\/panissimo-news\/le-droit-de-gouter-a-tout\/#primaryimage","url":"https:\/\/swissbaker.ch\/wp-content\/uploads\/2023\/09\/ambassadeurs_auftakt-scaled.jpg","contentUrl":"https:\/\/swissbaker.ch\/wp-content\/uploads\/2023\/09\/ambassadeurs_auftakt-scaled.jpg","width":2048,"height":964},{"@type":"BreadcrumbList","@id":"https:\/\/swissbaker.ch\/fr\/panissimo-news\/le-droit-de-gouter-a-tout\/#breadcrumb","itemListElement":[{"@type":"ListItem","position":1,"name":"","item":"https:\/\/swissbaker.ch\/fr\/"},{"@type":"ListItem","position":2,"name":"Association","item":"https:\/\/swissbaker.ch\/fr\/panissimo-news\/category\/association\/"},{"@type":"ListItem","position":3,"name":"\u00ab\u2009le droit de go\u00fbter \u00e0 tout\u2009?\u2009\u00bb"}]},{"@type":"WebSite","@id":"https:\/\/swissbaker.ch\/fr\/#website","url":"https:\/\/swissbaker.ch\/fr\/","name":"SBC","description":"","publisher":{"@id":"https:\/\/swissbaker.ch\/fr\/#organization"},"potentialAction":[{"@type":"SearchAction","target":{"@type":"EntryPoint","urlTemplate":"https:\/\/swissbaker.ch\/fr\/?s={search_term_string}"},"query-input":{"@type":"PropertyValueSpecification","valueRequired":true,"valueName":"search_term_string"}}],"inLanguage":"fr-FR"},{"@type":"Organization","@id":"https:\/\/swissbaker.ch\/fr\/#organization","name":"Schweizerischer B\u00e4cker-Confiseurmeister-Verband","url":"https:\/\/swissbaker.ch\/fr\/","logo":{"@type":"ImageObject","inLanguage":"fr-FR","@id":"https:\/\/swissbaker.ch\/fr\/#\/schema\/logo\/image\/","url":"https:\/\/swissbaker.ch\/wp-content\/uploads\/2022\/04\/sbc-logo-yoast.jpg","contentUrl":"https:\/\/swissbaker.ch\/wp-content\/uploads\/2022\/04\/sbc-logo-yoast.jpg","width":512,"height":512,"caption":"Schweizerischer B\u00e4cker-Confiseurmeister-Verband"},"image":{"@id":"https:\/\/swissbaker.ch\/fr\/#\/schema\/logo\/image\/"},"sameAs":["https:\/\/www.facebook.com\/swissbaker.ch","https:\/\/x.com\/ch_swissbaker"]},{"@type":"Person","@id":"https:\/\/swissbaker.ch\/fr\/#\/schema\/person\/74bd327b08c18ca6042c02ff6f0ed5e2","name":"Simon Nussbaum","image":{"@type":"ImageObject","inLanguage":"fr-FR","@id":"https:\/\/swissbaker.ch\/fr\/#\/schema\/person\/image\/","url":"https:\/\/secure.gravatar.com\/avatar\/df0eced3bb556c806cb760cf503ade1ed1df25b4104d80d6fd28d93a9509aa12?s=96&d=mm&r=g","contentUrl":"https:\/\/secure.gravatar.com\/avatar\/df0eced3bb556c806cb760cf503ade1ed1df25b4104d80d6fd28d93a9509aa12?s=96&d=mm&r=g","caption":"Simon Nussbaum"},"url":"https:\/\/swissbaker.ch\/fr\/panissimo-news\/author\/simon-nussbaum\/"}]}},"_links":{"self":[{"href":"https:\/\/swissbaker.ch\/fr\/wp-json\/wp\/v2\/posts\/68969","targetHints":{"allow":["GET"]}}],"collection":[{"href":"https:\/\/swissbaker.ch\/fr\/wp-json\/wp\/v2\/posts"}],"about":[{"href":"https:\/\/swissbaker.ch\/fr\/wp-json\/wp\/v2\/types\/post"}],"author":[{"embeddable":true,"href":"https:\/\/swissbaker.ch\/fr\/wp-json\/wp\/v2\/users\/5"}],"replies":[{"embeddable":true,"href":"https:\/\/swissbaker.ch\/fr\/wp-json\/wp\/v2\/comments?post=68969"}],"version-history":[{"count":0,"href":"https:\/\/swissbaker.ch\/fr\/wp-json\/wp\/v2\/posts\/68969\/revisions"}],"wp:featuredmedia":[{"embeddable":true,"href":"https:\/\/swissbaker.ch\/fr\/wp-json\/wp\/v2\/media\/68967"}],"wp:attachment":[{"href":"https:\/\/swissbaker.ch\/fr\/wp-json\/wp\/v2\/media?parent=68969"}],"wp:term":[{"taxonomy":"category","embeddable":true,"href":"https:\/\/swissbaker.ch\/fr\/wp-json\/wp\/v2\/categories?post=68969"},{"taxonomy":"post_tag","embeddable":true,"href":"https:\/\/swissbaker.ch\/fr\/wp-json\/wp\/v2\/tags?post=68969"}],"curies":[{"name":"wp","href":"https:\/\/api.w.org\/{rel}","templated":true}]}}