{"id":68956,"date":"2023-09-28T09:26:57","date_gmt":"2023-09-28T07:26:57","guid":{"rendered":"https:\/\/swissbaker.ch\/?p=68956"},"modified":"2023-09-28T15:52:46","modified_gmt":"2023-09-28T13:52:46","slug":"en-octobre-les-caracs-osent-le-rose","status":"publish","type":"post","link":"https:\/\/swissbaker.ch\/fr\/panissimo-news\/en-octobre-les-caracs-osent-le-rose\/","title":{"rendered":"En octobre, les caracs osent le rose"},"content":{"rendered":"\n<p><strong>Pr\u00e8s de 100 boulangeries-confiseries romandes s\u2019engageront pour la lutte contre le cancer du sein durant tout le mois d\u2019octobre. Elles proposeront un carac rose repr\u00e9sentant un sein, clin d\u2019\u0153il gourmand et d\u00e9cal\u00e9 face \u00e0 la maladie. Cinquante centimes par tartelette au chocolat vendue seront revers\u00e9s \u00e0 OSE Th\u00e9rapies. Cette association vaudoise \u00e0 but non lucratif accompagne \u00e0 travers des activit\u00e9s adapt\u00e9es les personnes atteintes d\u2019un cancer.<\/strong><\/p>\n\n\n<div class=\"wp-block-image\">\n<figure class=\"aligncenter size-large is-resized\"><img decoding=\"async\" src=\"https:\/\/swissbaker.ch\/wp-content\/uploads\/2023\/09\/18_1_carac_cuche_barbezat-1024x608.jpg\" alt=\"\" class=\"wp-image-68957\" style=\"width:503px;height:299px\" width=\"503\" height=\"299\" srcset=\"https:\/\/swissbaker.ch\/wp-content\/uploads\/2023\/09\/18_1_carac_cuche_barbezat-1024x608.jpg 1024w, https:\/\/swissbaker.ch\/wp-content\/uploads\/2023\/09\/18_1_carac_cuche_barbezat-768x456.jpg 768w, https:\/\/swissbaker.ch\/wp-content\/uploads\/2023\/09\/18_1_carac_cuche_barbezat.jpg 1200w\" sizes=\"(max-width: 503px) 100vw, 503px\" \/><figcaption class=\"wp-element-caption\"><em>Cuche et Barbezat<\/em><\/figcaption><\/figure>\n<\/div>\n\n\n<p>Afin de promouvoir cette action, OSE Th\u00e9rapies a b\u00e9n\u00e9fici\u00e9 du soutien de l\u2019Association romande des artisans boulangers-p\u00e2tissiers-confiseurs, ainsi que des Ambassadeurs du pain et du chocolat 2023, les humoristes Cuche et Barbezat.<\/p>\n\n\n\n<p><strong>Action lanc\u00e9e en 2022<\/strong><\/p>\n\n\n\n<p>Devenue b\u00e9n\u00e9vole chez OSE Th\u00e9rapies \u00e0 la suite d\u2019un cancer du sein, M\u00e9lanie Tanner a lanc\u00e9 le projet \u00ab&nbsp;Un carac pour la bonne cause&nbsp;\u00bb en 2022. Elle avait embarqu\u00e9 dans l\u2019aventure les confiseries lausannoises Maison Buet, Nessi Confiserie et Noz Chocolatier. Lors de cette premi\u00e8re ann\u00e9e, pr\u00e8s de 5000 douceurs roses ont \u00e9t\u00e9 savour\u00e9es.<\/p>\n\n\n\n<p><a href=\"https:\/\/ose-therapies.ch\/ose-accueil\" target=\"_blank\" rel=\"noreferrer noopener\">Liste des boulangeries-confiseries participant \u00e0 l\u2019op\u00e9ration<\/a><\/p>\n\n\n\n<p class=\"has-text-align-right\"><em>com\/pan<\/em><\/p>\n","protected":false},"excerpt":{"rendered":"<p>Pr\u00e8s de 100 boulangeries-confiseries romandes s\u2019engageront pour la lutte contre le cancer du sein durant tout le mois d\u2019octobre. Elles proposeront un carac rose repr\u00e9sentant un sein, clin d\u2019\u0153il gourmand et d\u00e9cal\u00e9 face \u00e0 la maladie.<\/p>\n","protected":false},"author":5,"featured_media":68957,"comment_status":"closed","ping_status":"closed","sticky":true,"template":"","format":"standard","meta":{"_acf_changed":false,"footnotes":""},"categories":[40],"tags":[],"class_list":["post-68956","post","type-post","status-publish","format-standard","has-post-thumbnail","hentry","category-des-cantons"],"acf":[],"yoast_head":"<!-- This site is optimized with the Yoast SEO Premium plugin v26.8 (Yoast SEO v26.8) - https:\/\/yoast.com\/product\/yoast-seo-premium-wordpress\/ -->\n<title>En octobre, les caracs osent le rose | SBC<\/title>\n<meta name=\"description\" content=\"Pr\u00e8s de 100 boulangeries-confiseries romandes s\u2019engageront pour la lutte contre le cancer du sein durant tout le mois d\u2019octobre.\" \/>\n<meta name=\"robots\" content=\"index, follow, max-snippet:-1, max-image-preview:large, max-video-preview:-1\" \/>\n<link rel=\"canonical\" href=\"https:\/\/swissbaker.ch\/fr\/panissimo-news\/en-octobre-les-caracs-osent-le-rose\/\" \/>\n<meta property=\"og:locale\" content=\"fr_FR\" \/>\n<meta property=\"og:type\" content=\"article\" \/>\n<meta property=\"og:title\" content=\"En octobre, les caracs osent le rose\" \/>\n<meta property=\"og:description\" content=\"Pr\u00e8s de 100 boulangeries-confiseries romandes s\u2019engageront pour la lutte contre le cancer du sein durant tout le mois d\u2019octobre.\" \/>\n<meta property=\"og:url\" content=\"https:\/\/swissbaker.ch\/fr\/panissimo-news\/en-octobre-les-caracs-osent-le-rose\/\" \/>\n<meta property=\"og:site_name\" content=\"SBC\" \/>\n<meta property=\"article:publisher\" content=\"https:\/\/www.facebook.com\/swissbaker.ch\" \/>\n<meta property=\"article:published_time\" content=\"2023-09-28T07:26:57+00:00\" \/>\n<meta property=\"article:modified_time\" content=\"2023-09-28T13:52:46+00:00\" \/>\n<meta property=\"og:image\" content=\"https:\/\/swissbaker.ch\/wp-content\/uploads\/2023\/09\/18_1_carac_cuche_barbezat.jpg\" \/>\n\t<meta property=\"og:image:width\" content=\"1200\" \/>\n\t<meta property=\"og:image:height\" content=\"712\" \/>\n\t<meta property=\"og:image:type\" content=\"image\/jpeg\" \/>\n<meta name=\"author\" content=\"Simon Nussbaum\" \/>\n<meta name=\"twitter:card\" content=\"summary_large_image\" \/>\n<meta name=\"twitter:creator\" content=\"@ch_swissbaker\" \/>\n<meta name=\"twitter:site\" content=\"@ch_swissbaker\" \/>\n<meta name=\"twitter:label1\" content=\"Written by\" \/>\n\t<meta name=\"twitter:data1\" content=\"Simon Nussbaum\" \/>\n\t<meta name=\"twitter:label2\" content=\"Est. reading time\" \/>\n\t<meta name=\"twitter:data2\" content=\"1 minute\" \/>\n<script type=\"application\/ld+json\" class=\"yoast-schema-graph\">{\"@context\":\"https:\/\/schema.org\",\"@graph\":[{\"@type\":\"Article\",\"@id\":\"https:\/\/swissbaker.ch\/fr\/panissimo-news\/en-octobre-les-caracs-osent-le-rose\/#article\",\"isPartOf\":{\"@id\":\"https:\/\/swissbaker.ch\/fr\/panissimo-news\/en-octobre-les-caracs-osent-le-rose\/\"},\"author\":{\"name\":\"Simon Nussbaum\",\"@id\":\"https:\/\/swissbaker.ch\/fr\/#\/schema\/person\/74bd327b08c18ca6042c02ff6f0ed5e2\"},\"headline\":\"En octobre, les caracs osent le rose\",\"datePublished\":\"2023-09-28T07:26:57+00:00\",\"dateModified\":\"2023-09-28T13:52:46+00:00\",\"mainEntityOfPage\":{\"@id\":\"https:\/\/swissbaker.ch\/fr\/panissimo-news\/en-octobre-les-caracs-osent-le-rose\/\"},\"wordCount\":194,\"publisher\":{\"@id\":\"https:\/\/swissbaker.ch\/fr\/#organization\"},\"image\":{\"@id\":\"https:\/\/swissbaker.ch\/fr\/panissimo-news\/en-octobre-les-caracs-osent-le-rose\/#primaryimage\"},\"thumbnailUrl\":\"https:\/\/swissbaker.ch\/wp-content\/uploads\/2023\/09\/18_1_carac_cuche_barbezat.jpg\",\"articleSection\":[\"Des cantons\"],\"inLanguage\":\"fr-FR\"},{\"@type\":\"WebPage\",\"@id\":\"https:\/\/swissbaker.ch\/fr\/panissimo-news\/en-octobre-les-caracs-osent-le-rose\/\",\"url\":\"https:\/\/swissbaker.ch\/fr\/panissimo-news\/en-octobre-les-caracs-osent-le-rose\/\",\"name\":\"En octobre, les caracs osent le rose | SBC\",\"isPartOf\":{\"@id\":\"https:\/\/swissbaker.ch\/fr\/#website\"},\"primaryImageOfPage\":{\"@id\":\"https:\/\/swissbaker.ch\/fr\/panissimo-news\/en-octobre-les-caracs-osent-le-rose\/#primaryimage\"},\"image\":{\"@id\":\"https:\/\/swissbaker.ch\/fr\/panissimo-news\/en-octobre-les-caracs-osent-le-rose\/#primaryimage\"},\"thumbnailUrl\":\"https:\/\/swissbaker.ch\/wp-content\/uploads\/2023\/09\/18_1_carac_cuche_barbezat.jpg\",\"datePublished\":\"2023-09-28T07:26:57+00:00\",\"dateModified\":\"2023-09-28T13:52:46+00:00\",\"description\":\"Pr\u00e8s de 100 boulangeries-confiseries romandes s\u2019engageront pour la lutte contre le cancer du sein durant tout le mois d\u2019octobre.\",\"breadcrumb\":{\"@id\":\"https:\/\/swissbaker.ch\/fr\/panissimo-news\/en-octobre-les-caracs-osent-le-rose\/#breadcrumb\"},\"inLanguage\":\"fr-FR\",\"potentialAction\":[{\"@type\":\"ReadAction\",\"target\":[\"https:\/\/swissbaker.ch\/fr\/panissimo-news\/en-octobre-les-caracs-osent-le-rose\/\"]}]},{\"@type\":\"ImageObject\",\"inLanguage\":\"fr-FR\",\"@id\":\"https:\/\/swissbaker.ch\/fr\/panissimo-news\/en-octobre-les-caracs-osent-le-rose\/#primaryimage\",\"url\":\"https:\/\/swissbaker.ch\/wp-content\/uploads\/2023\/09\/18_1_carac_cuche_barbezat.jpg\",\"contentUrl\":\"https:\/\/swissbaker.ch\/wp-content\/uploads\/2023\/09\/18_1_carac_cuche_barbezat.jpg\",\"width\":1200,\"height\":712},{\"@type\":\"BreadcrumbList\",\"@id\":\"https:\/\/swissbaker.ch\/fr\/panissimo-news\/en-octobre-les-caracs-osent-le-rose\/#breadcrumb\",\"itemListElement\":[{\"@type\":\"ListItem\",\"position\":1,\"name\":\"\",\"item\":\"https:\/\/swissbaker.ch\/fr\/\"},{\"@type\":\"ListItem\",\"position\":2,\"name\":\"Des cantons\",\"item\":\"https:\/\/swissbaker.ch\/fr\/panissimo-news\/category\/des-cantons\/\"},{\"@type\":\"ListItem\",\"position\":3,\"name\":\"En octobre, les caracs osent le rose\"}]},{\"@type\":\"WebSite\",\"@id\":\"https:\/\/swissbaker.ch\/fr\/#website\",\"url\":\"https:\/\/swissbaker.ch\/fr\/\",\"name\":\"SBC\",\"description\":\"\",\"publisher\":{\"@id\":\"https:\/\/swissbaker.ch\/fr\/#organization\"},\"potentialAction\":[{\"@type\":\"SearchAction\",\"target\":{\"@type\":\"EntryPoint\",\"urlTemplate\":\"https:\/\/swissbaker.ch\/fr\/?s={search_term_string}\"},\"query-input\":{\"@type\":\"PropertyValueSpecification\",\"valueRequired\":true,\"valueName\":\"search_term_string\"}}],\"inLanguage\":\"fr-FR\"},{\"@type\":\"Organization\",\"@id\":\"https:\/\/swissbaker.ch\/fr\/#organization\",\"name\":\"Schweizerischer B\u00e4cker-Confiseurmeister-Verband\",\"url\":\"https:\/\/swissbaker.ch\/fr\/\",\"logo\":{\"@type\":\"ImageObject\",\"inLanguage\":\"fr-FR\",\"@id\":\"https:\/\/swissbaker.ch\/fr\/#\/schema\/logo\/image\/\",\"url\":\"https:\/\/swissbaker.ch\/wp-content\/uploads\/2022\/04\/sbc-logo-yoast.jpg\",\"contentUrl\":\"https:\/\/swissbaker.ch\/wp-content\/uploads\/2022\/04\/sbc-logo-yoast.jpg\",\"width\":512,\"height\":512,\"caption\":\"Schweizerischer B\u00e4cker-Confiseurmeister-Verband\"},\"image\":{\"@id\":\"https:\/\/swissbaker.ch\/fr\/#\/schema\/logo\/image\/\"},\"sameAs\":[\"https:\/\/www.facebook.com\/swissbaker.ch\",\"https:\/\/x.com\/ch_swissbaker\"]},{\"@type\":\"Person\",\"@id\":\"https:\/\/swissbaker.ch\/fr\/#\/schema\/person\/74bd327b08c18ca6042c02ff6f0ed5e2\",\"name\":\"Simon Nussbaum\",\"image\":{\"@type\":\"ImageObject\",\"inLanguage\":\"fr-FR\",\"@id\":\"https:\/\/swissbaker.ch\/fr\/#\/schema\/person\/image\/\",\"url\":\"https:\/\/secure.gravatar.com\/avatar\/df0eced3bb556c806cb760cf503ade1ed1df25b4104d80d6fd28d93a9509aa12?s=96&d=mm&r=g\",\"contentUrl\":\"https:\/\/secure.gravatar.com\/avatar\/df0eced3bb556c806cb760cf503ade1ed1df25b4104d80d6fd28d93a9509aa12?s=96&d=mm&r=g\",\"caption\":\"Simon Nussbaum\"},\"url\":\"https:\/\/swissbaker.ch\/fr\/panissimo-news\/author\/simon-nussbaum\/\"}]}<\/script>\n<!-- \/ Yoast SEO Premium plugin. -->","yoast_head_json":{"title":"En octobre, les caracs osent le rose | SBC","description":"Pr\u00e8s de 100 boulangeries-confiseries romandes s\u2019engageront pour la lutte contre le cancer du sein durant tout le mois d\u2019octobre.","robots":{"index":"index","follow":"follow","max-snippet":"max-snippet:-1","max-image-preview":"max-image-preview:large","max-video-preview":"max-video-preview:-1"},"canonical":"https:\/\/swissbaker.ch\/fr\/panissimo-news\/en-octobre-les-caracs-osent-le-rose\/","og_locale":"fr_FR","og_type":"article","og_title":"En octobre, les caracs osent le rose","og_description":"Pr\u00e8s de 100 boulangeries-confiseries romandes s\u2019engageront pour la lutte contre le cancer du sein durant tout le mois d\u2019octobre.","og_url":"https:\/\/swissbaker.ch\/fr\/panissimo-news\/en-octobre-les-caracs-osent-le-rose\/","og_site_name":"SBC","article_publisher":"https:\/\/www.facebook.com\/swissbaker.ch","article_published_time":"2023-09-28T07:26:57+00:00","article_modified_time":"2023-09-28T13:52:46+00:00","og_image":[{"width":1200,"height":712,"url":"https:\/\/swissbaker.ch\/wp-content\/uploads\/2023\/09\/18_1_carac_cuche_barbezat.jpg","type":"image\/jpeg"}],"author":"Simon Nussbaum","twitter_card":"summary_large_image","twitter_creator":"@ch_swissbaker","twitter_site":"@ch_swissbaker","twitter_misc":{"Written by":"Simon Nussbaum","Est. reading time":"1 minute"},"schema":{"@context":"https:\/\/schema.org","@graph":[{"@type":"Article","@id":"https:\/\/swissbaker.ch\/fr\/panissimo-news\/en-octobre-les-caracs-osent-le-rose\/#article","isPartOf":{"@id":"https:\/\/swissbaker.ch\/fr\/panissimo-news\/en-octobre-les-caracs-osent-le-rose\/"},"author":{"name":"Simon Nussbaum","@id":"https:\/\/swissbaker.ch\/fr\/#\/schema\/person\/74bd327b08c18ca6042c02ff6f0ed5e2"},"headline":"En octobre, les caracs osent le rose","datePublished":"2023-09-28T07:26:57+00:00","dateModified":"2023-09-28T13:52:46+00:00","mainEntityOfPage":{"@id":"https:\/\/swissbaker.ch\/fr\/panissimo-news\/en-octobre-les-caracs-osent-le-rose\/"},"wordCount":194,"publisher":{"@id":"https:\/\/swissbaker.ch\/fr\/#organization"},"image":{"@id":"https:\/\/swissbaker.ch\/fr\/panissimo-news\/en-octobre-les-caracs-osent-le-rose\/#primaryimage"},"thumbnailUrl":"https:\/\/swissbaker.ch\/wp-content\/uploads\/2023\/09\/18_1_carac_cuche_barbezat.jpg","articleSection":["Des cantons"],"inLanguage":"fr-FR"},{"@type":"WebPage","@id":"https:\/\/swissbaker.ch\/fr\/panissimo-news\/en-octobre-les-caracs-osent-le-rose\/","url":"https:\/\/swissbaker.ch\/fr\/panissimo-news\/en-octobre-les-caracs-osent-le-rose\/","name":"En octobre, les caracs osent le rose | SBC","isPartOf":{"@id":"https:\/\/swissbaker.ch\/fr\/#website"},"primaryImageOfPage":{"@id":"https:\/\/swissbaker.ch\/fr\/panissimo-news\/en-octobre-les-caracs-osent-le-rose\/#primaryimage"},"image":{"@id":"https:\/\/swissbaker.ch\/fr\/panissimo-news\/en-octobre-les-caracs-osent-le-rose\/#primaryimage"},"thumbnailUrl":"https:\/\/swissbaker.ch\/wp-content\/uploads\/2023\/09\/18_1_carac_cuche_barbezat.jpg","datePublished":"2023-09-28T07:26:57+00:00","dateModified":"2023-09-28T13:52:46+00:00","description":"Pr\u00e8s de 100 boulangeries-confiseries romandes s\u2019engageront pour la lutte contre le cancer du sein durant tout le mois d\u2019octobre.","breadcrumb":{"@id":"https:\/\/swissbaker.ch\/fr\/panissimo-news\/en-octobre-les-caracs-osent-le-rose\/#breadcrumb"},"inLanguage":"fr-FR","potentialAction":[{"@type":"ReadAction","target":["https:\/\/swissbaker.ch\/fr\/panissimo-news\/en-octobre-les-caracs-osent-le-rose\/"]}]},{"@type":"ImageObject","inLanguage":"fr-FR","@id":"https:\/\/swissbaker.ch\/fr\/panissimo-news\/en-octobre-les-caracs-osent-le-rose\/#primaryimage","url":"https:\/\/swissbaker.ch\/wp-content\/uploads\/2023\/09\/18_1_carac_cuche_barbezat.jpg","contentUrl":"https:\/\/swissbaker.ch\/wp-content\/uploads\/2023\/09\/18_1_carac_cuche_barbezat.jpg","width":1200,"height":712},{"@type":"BreadcrumbList","@id":"https:\/\/swissbaker.ch\/fr\/panissimo-news\/en-octobre-les-caracs-osent-le-rose\/#breadcrumb","itemListElement":[{"@type":"ListItem","position":1,"name":"","item":"https:\/\/swissbaker.ch\/fr\/"},{"@type":"ListItem","position":2,"name":"Des cantons","item":"https:\/\/swissbaker.ch\/fr\/panissimo-news\/category\/des-cantons\/"},{"@type":"ListItem","position":3,"name":"En octobre, les caracs osent le rose"}]},{"@type":"WebSite","@id":"https:\/\/swissbaker.ch\/fr\/#website","url":"https:\/\/swissbaker.ch\/fr\/","name":"SBC","description":"","publisher":{"@id":"https:\/\/swissbaker.ch\/fr\/#organization"},"potentialAction":[{"@type":"SearchAction","target":{"@type":"EntryPoint","urlTemplate":"https:\/\/swissbaker.ch\/fr\/?s={search_term_string}"},"query-input":{"@type":"PropertyValueSpecification","valueRequired":true,"valueName":"search_term_string"}}],"inLanguage":"fr-FR"},{"@type":"Organization","@id":"https:\/\/swissbaker.ch\/fr\/#organization","name":"Schweizerischer B\u00e4cker-Confiseurmeister-Verband","url":"https:\/\/swissbaker.ch\/fr\/","logo":{"@type":"ImageObject","inLanguage":"fr-FR","@id":"https:\/\/swissbaker.ch\/fr\/#\/schema\/logo\/image\/","url":"https:\/\/swissbaker.ch\/wp-content\/uploads\/2022\/04\/sbc-logo-yoast.jpg","contentUrl":"https:\/\/swissbaker.ch\/wp-content\/uploads\/2022\/04\/sbc-logo-yoast.jpg","width":512,"height":512,"caption":"Schweizerischer B\u00e4cker-Confiseurmeister-Verband"},"image":{"@id":"https:\/\/swissbaker.ch\/fr\/#\/schema\/logo\/image\/"},"sameAs":["https:\/\/www.facebook.com\/swissbaker.ch","https:\/\/x.com\/ch_swissbaker"]},{"@type":"Person","@id":"https:\/\/swissbaker.ch\/fr\/#\/schema\/person\/74bd327b08c18ca6042c02ff6f0ed5e2","name":"Simon Nussbaum","image":{"@type":"ImageObject","inLanguage":"fr-FR","@id":"https:\/\/swissbaker.ch\/fr\/#\/schema\/person\/image\/","url":"https:\/\/secure.gravatar.com\/avatar\/df0eced3bb556c806cb760cf503ade1ed1df25b4104d80d6fd28d93a9509aa12?s=96&d=mm&r=g","contentUrl":"https:\/\/secure.gravatar.com\/avatar\/df0eced3bb556c806cb760cf503ade1ed1df25b4104d80d6fd28d93a9509aa12?s=96&d=mm&r=g","caption":"Simon Nussbaum"},"url":"https:\/\/swissbaker.ch\/fr\/panissimo-news\/author\/simon-nussbaum\/"}]}},"_links":{"self":[{"href":"https:\/\/swissbaker.ch\/fr\/wp-json\/wp\/v2\/posts\/68956","targetHints":{"allow":["GET"]}}],"collection":[{"href":"https:\/\/swissbaker.ch\/fr\/wp-json\/wp\/v2\/posts"}],"about":[{"href":"https:\/\/swissbaker.ch\/fr\/wp-json\/wp\/v2\/types\/post"}],"author":[{"embeddable":true,"href":"https:\/\/swissbaker.ch\/fr\/wp-json\/wp\/v2\/users\/5"}],"replies":[{"embeddable":true,"href":"https:\/\/swissbaker.ch\/fr\/wp-json\/wp\/v2\/comments?post=68956"}],"version-history":[{"count":0,"href":"https:\/\/swissbaker.ch\/fr\/wp-json\/wp\/v2\/posts\/68956\/revisions"}],"wp:featuredmedia":[{"embeddable":true,"href":"https:\/\/swissbaker.ch\/fr\/wp-json\/wp\/v2\/media\/68957"}],"wp:attachment":[{"href":"https:\/\/swissbaker.ch\/fr\/wp-json\/wp\/v2\/media?parent=68956"}],"wp:term":[{"taxonomy":"category","embeddable":true,"href":"https:\/\/swissbaker.ch\/fr\/wp-json\/wp\/v2\/categories?post=68956"},{"taxonomy":"post_tag","embeddable":true,"href":"https:\/\/swissbaker.ch\/fr\/wp-json\/wp\/v2\/tags?post=68956"}],"curies":[{"name":"wp","href":"https:\/\/api.w.org\/{rel}","templated":true}]}}