{"id":68942,"date":"2023-09-28T07:57:46","date_gmt":"2023-09-28T05:57:46","guid":{"rendered":"https:\/\/swissbaker.ch\/?p=68942"},"modified":"2023-09-28T15:53:31","modified_gmt":"2023-09-28T13:53:31","slug":"comte-roi-des-jeunes-confiseurs","status":"publish","type":"post","link":"https:\/\/swissbaker.ch\/fr\/panissimo-news\/comte-roi-des-jeunes-confiseurs\/","title":{"rendered":"Comte, roi des jeunes confiseurs"},"content":{"rendered":"\n<p><strong>Form\u00e9 chez Ackermann Artisan \u00e0 Grandson (VD), Corentin Comte est devenu le 25<sup>e<\/sup> champion de la Finale romande et tessinoise des jeunes confiseurs. La comp\u00e9tition s\u2019est d\u00e9roul\u00e9e le 23 septembre dans les locaux de l\u2019Ecole professionnelle de Montreux (EPM), comme c\u2019est le cas depuis un quart de si\u00e8cle. Lorie Rossat (\u00e0 gauche, Romain Lemann\u2019s Artisan, Bulle FR) et Emma Gauthier (\u00e0 droite, R\u00e9seau Formation Vaud, Pully VD) ont compl\u00e9t\u00e9 le podium. <\/strong><\/p>\n\n\n\n<p>Figurant parmi les meilleurs dipl\u00f4m\u00e9s de leur canton, ils \u00e9taient finalement neuf \u00e0 prendre part \u00e0 l\u2019\u00e9v\u00e9nement. Ces six filles et trois gar\u00e7ons ont eu cinq heures pour pr\u00e9senter une table garnie de multiples cr\u00e9ations, dont une pi\u00e8ce artistique sur le th\u00e8me \u00ab&nbsp;25 ans, \u00e7a se f\u00eate&nbsp;!&nbsp;\u00bb. Un premier jury a \u00e9valu\u00e9 la technique, leur sens de l\u2019hygi\u00e8ne et leur organisation, au laboratoire. Un second s\u2019est attard\u00e9 sur les aspects esth\u00e9tiques et gustatifs de leurs cr\u00e9ations. La moyenne des notes a d\u00e9termin\u00e9 le classement final.<\/p>\n\n\n\n<p>Lors de la remise des prix en public, le responsable romand de la commission de la formation professionnelle des boulangers-p\u00e2tissiers-confiseurs, Jo\u00ebl M\u00e9rigonde, a soulign\u00e9 la volont\u00e9 de tous les candidats \u00e0 se remettre au travail et \u00e0 participer au concours, \u00e0 peine leur dipl\u00f4me en poche&nbsp;: \u00ab&nbsp;C\u2019est un joli d\u00e9fi. (\u2026) Vous avez cherch\u00e9 des id\u00e9es pour \u00eatre les meilleurs. Cela m\u00e9rite le respect.&nbsp;\u00bb Il a \u00e9galement profit\u00e9 de l\u2019occasion pour remercier les entreprises formatrices pour transmettre \u00e0 la rel\u00e8ve savoir-faire et passion.<\/p>\n\n\n\n<p><\/p>\n\n\n\n<p><strong>Classement et prix sp\u00e9ciaux<\/strong><\/p>\n\n\n\n<p>1. Corentin Comte, Ackermann Artisan \u00e0 Grandson (VD)<br>2. Lorie Rossat, Romain Lemann\u2019s Artisan \u00e0 Bulle (FR)<br>3. Emma Gauthier, R\u00e9seau Formation Vaud (VD)<br>4. S\u00e9bastien Charvoz, C &amp; J M\u00e9rigonde \u00e0 Gen\u00e8ve<br>4. Dylan Gilardoni, Pasticceria Ricigliano \u00e0 Lugano<br>4. M\u00e9lissandre Gilli\u00e9ron, Confiserie Schuppisser \u00e0 Moutier (BE)<br>4. Sophie Martin, Banque Pictet &amp; Cie SA \u00e0 Gen\u00e8ve<br>4. Romane Schnider, Confiserie Nora Mario \u00e0 Porrentruy (JU)<br>4.Oc\u00e9an Tendon, Au C\u0153ur de France \u00e0 La Chaux-de-Fonds (NE)<\/p>\n\n\n\n<p><\/p>\n\n\n\n<p>Prix de la pr\u00e9cision&nbsp;: Corentin Comte<br>Prix du GRMC&nbsp;: Lorie Rossat<br>Prix des r\u00e9seaux sociaux&nbsp;: Corentin Comte<\/p>\n\n\n\n<p>Infos: <a href=\"http:\/\/www.jeunes-confiseurs.ch\">jeunes-confiseurs.ch<\/a><\/p>\n\n\n\n<p class=\"has-text-align-right\"><em>Johann Ruppen<\/em><\/p>\n","protected":false},"excerpt":{"rendered":"<p>Form\u00e9 chez Ackermann Artisan \u00e0 Grandson (VD), Corentin Comte est devenu le 25e champion de la Finale romande et tessinoise des jeunes confiseurs. La comp\u00e9tition s\u2019est d\u00e9roul\u00e9e le 23 septembre dans les locaux de l\u2019Ecole professionnelle de Montreux (EPM), comme c\u2019est le cas depuis un quart de si\u00e8cle. Lorie Rossat (form\u00e9e chez Romain Lemann\u2019s Artisan, Bulle FR) et Emma Gauthier (R\u00e9seau Formation Vaud, Pully VD) ont compl\u00e9t\u00e9 le podium.<\/p>\n","protected":false},"author":8,"featured_media":68944,"comment_status":"closed","ping_status":"closed","sticky":true,"template":"","format":"standard","meta":{"_acf_changed":false,"footnotes":""},"categories":[43,40],"tags":[],"class_list":["post-68942","post","type-post","status-publish","format-standard","has-post-thumbnail","hentry","category-concours","category-des-cantons"],"acf":[],"yoast_head":"<!-- This site is optimized with the Yoast SEO Premium plugin v26.8 (Yoast SEO v26.8) - https:\/\/yoast.com\/product\/yoast-seo-premium-wordpress\/ -->\n<title>Comte, roi des jeunes confiseurs | SBC<\/title>\n<meta name=\"description\" content=\"Form\u00e9 chez Ackermann Artisan \u00e0 Grandson (VD), Corentin Comte est devenu le 25e champion de la Finale romande et tessinoise des jeunes confiseurs.\" \/>\n<meta name=\"robots\" content=\"index, follow, max-snippet:-1, max-image-preview:large, max-video-preview:-1\" \/>\n<link rel=\"canonical\" href=\"https:\/\/swissbaker.ch\/fr\/panissimo-news\/comte-roi-des-jeunes-confiseurs\/\" \/>\n<meta property=\"og:locale\" content=\"fr_FR\" \/>\n<meta property=\"og:type\" content=\"article\" \/>\n<meta property=\"og:title\" content=\"Comte, roi des jeunes confiseurs\" \/>\n<meta property=\"og:description\" content=\"Form\u00e9 chez Ackermann Artisan \u00e0 Grandson (VD), Corentin Comte est devenu le 25e champion de la Finale romande et tessinoise des jeunes confiseurs.\" \/>\n<meta property=\"og:url\" content=\"https:\/\/swissbaker.ch\/fr\/panissimo-news\/comte-roi-des-jeunes-confiseurs\/\" \/>\n<meta property=\"og:site_name\" content=\"SBC\" \/>\n<meta property=\"article:publisher\" content=\"https:\/\/www.facebook.com\/swissbaker.ch\" \/>\n<meta property=\"article:published_time\" content=\"2023-09-28T05:57:46+00:00\" \/>\n<meta property=\"article:modified_time\" content=\"2023-09-28T13:53:31+00:00\" \/>\n<meta property=\"og:image\" content=\"https:\/\/swissbaker.ch\/wp-content\/uploads\/2023\/09\/frtmjc-gagnant.jpg\" \/>\n\t<meta property=\"og:image:width\" content=\"1200\" \/>\n\t<meta property=\"og:image:height\" content=\"712\" \/>\n\t<meta property=\"og:image:type\" content=\"image\/jpeg\" \/>\n<meta name=\"author\" content=\"Johann Ruppen\" \/>\n<meta name=\"twitter:card\" content=\"summary_large_image\" \/>\n<meta name=\"twitter:creator\" content=\"@ch_swissbaker\" \/>\n<meta name=\"twitter:site\" content=\"@ch_swissbaker\" \/>\n<meta name=\"twitter:label1\" content=\"Written by\" \/>\n\t<meta name=\"twitter:data1\" content=\"Johann Ruppen\" \/>\n\t<meta name=\"twitter:label2\" content=\"Est. reading time\" \/>\n\t<meta name=\"twitter:data2\" content=\"2 minutes\" \/>\n<script type=\"application\/ld+json\" class=\"yoast-schema-graph\">{\"@context\":\"https:\/\/schema.org\",\"@graph\":[{\"@type\":\"Article\",\"@id\":\"https:\/\/swissbaker.ch\/fr\/panissimo-news\/comte-roi-des-jeunes-confiseurs\/#article\",\"isPartOf\":{\"@id\":\"https:\/\/swissbaker.ch\/fr\/panissimo-news\/comte-roi-des-jeunes-confiseurs\/\"},\"author\":{\"name\":\"Johann Ruppen\",\"@id\":\"https:\/\/swissbaker.ch\/fr\/#\/schema\/person\/abb9dbbf5af9443c30618295ec9cb74e\"},\"headline\":\"Comte, roi des jeunes confiseurs\",\"datePublished\":\"2023-09-28T05:57:46+00:00\",\"dateModified\":\"2023-09-28T13:53:31+00:00\",\"mainEntityOfPage\":{\"@id\":\"https:\/\/swissbaker.ch\/fr\/panissimo-news\/comte-roi-des-jeunes-confiseurs\/\"},\"wordCount\":375,\"publisher\":{\"@id\":\"https:\/\/swissbaker.ch\/fr\/#organization\"},\"image\":{\"@id\":\"https:\/\/swissbaker.ch\/fr\/panissimo-news\/comte-roi-des-jeunes-confiseurs\/#primaryimage\"},\"thumbnailUrl\":\"https:\/\/swissbaker.ch\/wp-content\/uploads\/2023\/09\/frtmjc-gagnant.jpg\",\"articleSection\":[\"Concours\",\"Des cantons\"],\"inLanguage\":\"fr-FR\"},{\"@type\":\"WebPage\",\"@id\":\"https:\/\/swissbaker.ch\/fr\/panissimo-news\/comte-roi-des-jeunes-confiseurs\/\",\"url\":\"https:\/\/swissbaker.ch\/fr\/panissimo-news\/comte-roi-des-jeunes-confiseurs\/\",\"name\":\"Comte, roi des jeunes confiseurs | SBC\",\"isPartOf\":{\"@id\":\"https:\/\/swissbaker.ch\/fr\/#website\"},\"primaryImageOfPage\":{\"@id\":\"https:\/\/swissbaker.ch\/fr\/panissimo-news\/comte-roi-des-jeunes-confiseurs\/#primaryimage\"},\"image\":{\"@id\":\"https:\/\/swissbaker.ch\/fr\/panissimo-news\/comte-roi-des-jeunes-confiseurs\/#primaryimage\"},\"thumbnailUrl\":\"https:\/\/swissbaker.ch\/wp-content\/uploads\/2023\/09\/frtmjc-gagnant.jpg\",\"datePublished\":\"2023-09-28T05:57:46+00:00\",\"dateModified\":\"2023-09-28T13:53:31+00:00\",\"description\":\"Form\u00e9 chez Ackermann Artisan \u00e0 Grandson (VD), Corentin Comte est devenu le 25e champion de la Finale romande et tessinoise des jeunes confiseurs.\",\"breadcrumb\":{\"@id\":\"https:\/\/swissbaker.ch\/fr\/panissimo-news\/comte-roi-des-jeunes-confiseurs\/#breadcrumb\"},\"inLanguage\":\"fr-FR\",\"potentialAction\":[{\"@type\":\"ReadAction\",\"target\":[\"https:\/\/swissbaker.ch\/fr\/panissimo-news\/comte-roi-des-jeunes-confiseurs\/\"]}]},{\"@type\":\"ImageObject\",\"inLanguage\":\"fr-FR\",\"@id\":\"https:\/\/swissbaker.ch\/fr\/panissimo-news\/comte-roi-des-jeunes-confiseurs\/#primaryimage\",\"url\":\"https:\/\/swissbaker.ch\/wp-content\/uploads\/2023\/09\/frtmjc-gagnant.jpg\",\"contentUrl\":\"https:\/\/swissbaker.ch\/wp-content\/uploads\/2023\/09\/frtmjc-gagnant.jpg\",\"width\":1200,\"height\":712},{\"@type\":\"BreadcrumbList\",\"@id\":\"https:\/\/swissbaker.ch\/fr\/panissimo-news\/comte-roi-des-jeunes-confiseurs\/#breadcrumb\",\"itemListElement\":[{\"@type\":\"ListItem\",\"position\":1,\"name\":\"\",\"item\":\"https:\/\/swissbaker.ch\/fr\/\"},{\"@type\":\"ListItem\",\"position\":2,\"name\":\"Concours\",\"item\":\"https:\/\/swissbaker.ch\/fr\/panissimo-news\/category\/concours\/\"},{\"@type\":\"ListItem\",\"position\":3,\"name\":\"Comte, roi des jeunes confiseurs\"}]},{\"@type\":\"WebSite\",\"@id\":\"https:\/\/swissbaker.ch\/fr\/#website\",\"url\":\"https:\/\/swissbaker.ch\/fr\/\",\"name\":\"SBC\",\"description\":\"\",\"publisher\":{\"@id\":\"https:\/\/swissbaker.ch\/fr\/#organization\"},\"potentialAction\":[{\"@type\":\"SearchAction\",\"target\":{\"@type\":\"EntryPoint\",\"urlTemplate\":\"https:\/\/swissbaker.ch\/fr\/?s={search_term_string}\"},\"query-input\":{\"@type\":\"PropertyValueSpecification\",\"valueRequired\":true,\"valueName\":\"search_term_string\"}}],\"inLanguage\":\"fr-FR\"},{\"@type\":\"Organization\",\"@id\":\"https:\/\/swissbaker.ch\/fr\/#organization\",\"name\":\"Schweizerischer B\u00e4cker-Confiseurmeister-Verband\",\"url\":\"https:\/\/swissbaker.ch\/fr\/\",\"logo\":{\"@type\":\"ImageObject\",\"inLanguage\":\"fr-FR\",\"@id\":\"https:\/\/swissbaker.ch\/fr\/#\/schema\/logo\/image\/\",\"url\":\"https:\/\/swissbaker.ch\/wp-content\/uploads\/2022\/04\/sbc-logo-yoast.jpg\",\"contentUrl\":\"https:\/\/swissbaker.ch\/wp-content\/uploads\/2022\/04\/sbc-logo-yoast.jpg\",\"width\":512,\"height\":512,\"caption\":\"Schweizerischer B\u00e4cker-Confiseurmeister-Verband\"},\"image\":{\"@id\":\"https:\/\/swissbaker.ch\/fr\/#\/schema\/logo\/image\/\"},\"sameAs\":[\"https:\/\/www.facebook.com\/swissbaker.ch\",\"https:\/\/x.com\/ch_swissbaker\"]},{\"@type\":\"Person\",\"@id\":\"https:\/\/swissbaker.ch\/fr\/#\/schema\/person\/abb9dbbf5af9443c30618295ec9cb74e\",\"name\":\"Johann Ruppen\",\"image\":{\"@type\":\"ImageObject\",\"inLanguage\":\"fr-FR\",\"@id\":\"https:\/\/swissbaker.ch\/fr\/#\/schema\/person\/image\/\",\"url\":\"https:\/\/secure.gravatar.com\/avatar\/779632f9a53a98ad01f956c0ab0333a9abed519eb0a7248909af8cf14497dedd?s=96&d=mm&r=g\",\"contentUrl\":\"https:\/\/secure.gravatar.com\/avatar\/779632f9a53a98ad01f956c0ab0333a9abed519eb0a7248909af8cf14497dedd?s=96&d=mm&r=g\",\"caption\":\"Johann Ruppen\"},\"sameAs\":[\"http:\/\/swissbaker.ch\"],\"url\":\"https:\/\/swissbaker.ch\/fr\/panissimo-news\/author\/johann-ruppenswissbaker-ch\/\"}]}<\/script>\n<!-- \/ Yoast SEO Premium plugin. -->","yoast_head_json":{"title":"Comte, roi des jeunes confiseurs | SBC","description":"Form\u00e9 chez Ackermann Artisan \u00e0 Grandson (VD), Corentin Comte est devenu le 25e champion de la Finale romande et tessinoise des jeunes confiseurs.","robots":{"index":"index","follow":"follow","max-snippet":"max-snippet:-1","max-image-preview":"max-image-preview:large","max-video-preview":"max-video-preview:-1"},"canonical":"https:\/\/swissbaker.ch\/fr\/panissimo-news\/comte-roi-des-jeunes-confiseurs\/","og_locale":"fr_FR","og_type":"article","og_title":"Comte, roi des jeunes confiseurs","og_description":"Form\u00e9 chez Ackermann Artisan \u00e0 Grandson (VD), Corentin Comte est devenu le 25e champion de la Finale romande et tessinoise des jeunes confiseurs.","og_url":"https:\/\/swissbaker.ch\/fr\/panissimo-news\/comte-roi-des-jeunes-confiseurs\/","og_site_name":"SBC","article_publisher":"https:\/\/www.facebook.com\/swissbaker.ch","article_published_time":"2023-09-28T05:57:46+00:00","article_modified_time":"2023-09-28T13:53:31+00:00","og_image":[{"width":1200,"height":712,"url":"https:\/\/swissbaker.ch\/wp-content\/uploads\/2023\/09\/frtmjc-gagnant.jpg","type":"image\/jpeg"}],"author":"Johann Ruppen","twitter_card":"summary_large_image","twitter_creator":"@ch_swissbaker","twitter_site":"@ch_swissbaker","twitter_misc":{"Written by":"Johann Ruppen","Est. reading time":"2 minutes"},"schema":{"@context":"https:\/\/schema.org","@graph":[{"@type":"Article","@id":"https:\/\/swissbaker.ch\/fr\/panissimo-news\/comte-roi-des-jeunes-confiseurs\/#article","isPartOf":{"@id":"https:\/\/swissbaker.ch\/fr\/panissimo-news\/comte-roi-des-jeunes-confiseurs\/"},"author":{"name":"Johann Ruppen","@id":"https:\/\/swissbaker.ch\/fr\/#\/schema\/person\/abb9dbbf5af9443c30618295ec9cb74e"},"headline":"Comte, roi des jeunes confiseurs","datePublished":"2023-09-28T05:57:46+00:00","dateModified":"2023-09-28T13:53:31+00:00","mainEntityOfPage":{"@id":"https:\/\/swissbaker.ch\/fr\/panissimo-news\/comte-roi-des-jeunes-confiseurs\/"},"wordCount":375,"publisher":{"@id":"https:\/\/swissbaker.ch\/fr\/#organization"},"image":{"@id":"https:\/\/swissbaker.ch\/fr\/panissimo-news\/comte-roi-des-jeunes-confiseurs\/#primaryimage"},"thumbnailUrl":"https:\/\/swissbaker.ch\/wp-content\/uploads\/2023\/09\/frtmjc-gagnant.jpg","articleSection":["Concours","Des cantons"],"inLanguage":"fr-FR"},{"@type":"WebPage","@id":"https:\/\/swissbaker.ch\/fr\/panissimo-news\/comte-roi-des-jeunes-confiseurs\/","url":"https:\/\/swissbaker.ch\/fr\/panissimo-news\/comte-roi-des-jeunes-confiseurs\/","name":"Comte, roi des jeunes confiseurs | SBC","isPartOf":{"@id":"https:\/\/swissbaker.ch\/fr\/#website"},"primaryImageOfPage":{"@id":"https:\/\/swissbaker.ch\/fr\/panissimo-news\/comte-roi-des-jeunes-confiseurs\/#primaryimage"},"image":{"@id":"https:\/\/swissbaker.ch\/fr\/panissimo-news\/comte-roi-des-jeunes-confiseurs\/#primaryimage"},"thumbnailUrl":"https:\/\/swissbaker.ch\/wp-content\/uploads\/2023\/09\/frtmjc-gagnant.jpg","datePublished":"2023-09-28T05:57:46+00:00","dateModified":"2023-09-28T13:53:31+00:00","description":"Form\u00e9 chez Ackermann Artisan \u00e0 Grandson (VD), Corentin Comte est devenu le 25e champion de la Finale romande et tessinoise des jeunes confiseurs.","breadcrumb":{"@id":"https:\/\/swissbaker.ch\/fr\/panissimo-news\/comte-roi-des-jeunes-confiseurs\/#breadcrumb"},"inLanguage":"fr-FR","potentialAction":[{"@type":"ReadAction","target":["https:\/\/swissbaker.ch\/fr\/panissimo-news\/comte-roi-des-jeunes-confiseurs\/"]}]},{"@type":"ImageObject","inLanguage":"fr-FR","@id":"https:\/\/swissbaker.ch\/fr\/panissimo-news\/comte-roi-des-jeunes-confiseurs\/#primaryimage","url":"https:\/\/swissbaker.ch\/wp-content\/uploads\/2023\/09\/frtmjc-gagnant.jpg","contentUrl":"https:\/\/swissbaker.ch\/wp-content\/uploads\/2023\/09\/frtmjc-gagnant.jpg","width":1200,"height":712},{"@type":"BreadcrumbList","@id":"https:\/\/swissbaker.ch\/fr\/panissimo-news\/comte-roi-des-jeunes-confiseurs\/#breadcrumb","itemListElement":[{"@type":"ListItem","position":1,"name":"","item":"https:\/\/swissbaker.ch\/fr\/"},{"@type":"ListItem","position":2,"name":"Concours","item":"https:\/\/swissbaker.ch\/fr\/panissimo-news\/category\/concours\/"},{"@type":"ListItem","position":3,"name":"Comte, roi des jeunes confiseurs"}]},{"@type":"WebSite","@id":"https:\/\/swissbaker.ch\/fr\/#website","url":"https:\/\/swissbaker.ch\/fr\/","name":"SBC","description":"","publisher":{"@id":"https:\/\/swissbaker.ch\/fr\/#organization"},"potentialAction":[{"@type":"SearchAction","target":{"@type":"EntryPoint","urlTemplate":"https:\/\/swissbaker.ch\/fr\/?s={search_term_string}"},"query-input":{"@type":"PropertyValueSpecification","valueRequired":true,"valueName":"search_term_string"}}],"inLanguage":"fr-FR"},{"@type":"Organization","@id":"https:\/\/swissbaker.ch\/fr\/#organization","name":"Schweizerischer B\u00e4cker-Confiseurmeister-Verband","url":"https:\/\/swissbaker.ch\/fr\/","logo":{"@type":"ImageObject","inLanguage":"fr-FR","@id":"https:\/\/swissbaker.ch\/fr\/#\/schema\/logo\/image\/","url":"https:\/\/swissbaker.ch\/wp-content\/uploads\/2022\/04\/sbc-logo-yoast.jpg","contentUrl":"https:\/\/swissbaker.ch\/wp-content\/uploads\/2022\/04\/sbc-logo-yoast.jpg","width":512,"height":512,"caption":"Schweizerischer B\u00e4cker-Confiseurmeister-Verband"},"image":{"@id":"https:\/\/swissbaker.ch\/fr\/#\/schema\/logo\/image\/"},"sameAs":["https:\/\/www.facebook.com\/swissbaker.ch","https:\/\/x.com\/ch_swissbaker"]},{"@type":"Person","@id":"https:\/\/swissbaker.ch\/fr\/#\/schema\/person\/abb9dbbf5af9443c30618295ec9cb74e","name":"Johann Ruppen","image":{"@type":"ImageObject","inLanguage":"fr-FR","@id":"https:\/\/swissbaker.ch\/fr\/#\/schema\/person\/image\/","url":"https:\/\/secure.gravatar.com\/avatar\/779632f9a53a98ad01f956c0ab0333a9abed519eb0a7248909af8cf14497dedd?s=96&d=mm&r=g","contentUrl":"https:\/\/secure.gravatar.com\/avatar\/779632f9a53a98ad01f956c0ab0333a9abed519eb0a7248909af8cf14497dedd?s=96&d=mm&r=g","caption":"Johann Ruppen"},"sameAs":["http:\/\/swissbaker.ch"],"url":"https:\/\/swissbaker.ch\/fr\/panissimo-news\/author\/johann-ruppenswissbaker-ch\/"}]}},"_links":{"self":[{"href":"https:\/\/swissbaker.ch\/fr\/wp-json\/wp\/v2\/posts\/68942","targetHints":{"allow":["GET"]}}],"collection":[{"href":"https:\/\/swissbaker.ch\/fr\/wp-json\/wp\/v2\/posts"}],"about":[{"href":"https:\/\/swissbaker.ch\/fr\/wp-json\/wp\/v2\/types\/post"}],"author":[{"embeddable":true,"href":"https:\/\/swissbaker.ch\/fr\/wp-json\/wp\/v2\/users\/8"}],"replies":[{"embeddable":true,"href":"https:\/\/swissbaker.ch\/fr\/wp-json\/wp\/v2\/comments?post=68942"}],"version-history":[{"count":0,"href":"https:\/\/swissbaker.ch\/fr\/wp-json\/wp\/v2\/posts\/68942\/revisions"}],"wp:featuredmedia":[{"embeddable":true,"href":"https:\/\/swissbaker.ch\/fr\/wp-json\/wp\/v2\/media\/68944"}],"wp:attachment":[{"href":"https:\/\/swissbaker.ch\/fr\/wp-json\/wp\/v2\/media?parent=68942"}],"wp:term":[{"taxonomy":"category","embeddable":true,"href":"https:\/\/swissbaker.ch\/fr\/wp-json\/wp\/v2\/categories?post=68942"},{"taxonomy":"post_tag","embeddable":true,"href":"https:\/\/swissbaker.ch\/fr\/wp-json\/wp\/v2\/tags?post=68942"}],"curies":[{"name":"wp","href":"https:\/\/api.w.org\/{rel}","templated":true}]}}