{"id":68681,"date":"2023-09-21T09:05:22","date_gmt":"2023-09-21T07:05:22","guid":{"rendered":"https:\/\/swissbaker.ch\/?p=68681"},"modified":"2023-09-21T09:12:19","modified_gmt":"2023-09-21T07:12:19","slug":"elections-2023-soutenir-leconomie","status":"publish","type":"post","link":"https:\/\/swissbaker.ch\/fr\/panissimo-news\/elections-2023-soutenir-leconomie\/","title":{"rendered":"Elections 2023 : soutenir l&#8217;\u00e9conomie"},"content":{"rendered":"\n<p><strong>Les \u00e9lections f\u00e9d\u00e9rales au Conseil national et au Conseil des Etats auront lieu le 22 octobre. Les associations fa\u00eeti\u00e8res de l&#8217;\u00e9conomie et de l&#8217;agriculture suisses se pr\u00e9sentent ensemble. L&#8217;Association suisse des patrons boulangers-confiseurs (BCS) soutient \u00e9galement la campagne \u00ab&nbsp;Perspective Suisse&nbsp;\u00bb. <\/strong><\/p>\n\n\n\n<p>Les th\u00e8mes de l&#8217;\u00e9conomie et de l&#8217;agriculture doivent \u00eatre davantage mis en avant dans la campagne \u00e9lectorale et les candidats favorables \u00e0 l&#8217;\u00e9conomie doivent \u00eatre soutenus. Il faut donc que les voix de l&#8217;\u00e9conomie se fassent entendre. Pour cette sensibilisation \u00e0 l&#8217;\u00e9chelle nationale, une pr\u00e9sence de la campagne est pr\u00e9vue &#8211; en compl\u00e9ment des activit\u00e9s en ligne &#8211; avec des banderoles, des drapeaux et des autocollants dans tous les cantons.<\/p>\n\n\n\n<p>Les membres des associations \u00e9conomiques et agricoles peuvent soutenir la campagne \u00ab&nbsp;Perspective Suisse&nbsp;\u00bbdans tout le pays. Les fa\u00e7ades, les espaces int\u00e9rieurs et les v\u00e9hicules des entreprises se pr\u00eatent \u00e0 l\u2019affichage du mat\u00e9riel publicitaire afin d\u2019attirer l&#8217;attention du public, par exemple. Le mat\u00e9riel suivant peut \u00eatre command\u00e9 gratuitement :<\/p>\n\n\n\n<ul class=\"wp-block-list\">\n<li>banderoles (200x100cm)<\/li>\n\n\n\n<li>banderoles sur mesure pour de grandes surfaces et \u00e0 fort impact public.<\/li>\n\n\n\n<li>drapeaux (100x60cm)<\/li>\n\n\n\n<li>autocollants grand format (40x30cm)<\/li>\n\n\n\n<li>autocollant petit format (20x15cm)<\/li>\n<\/ul>\n\n\n\n<p>Infos : <a href=\"https:\/\/perspectivesuisse.ch\/#home\" target=\"_blank\" rel=\"noreferrer noopener\">perspectivesuisse.ch\/#home<\/a><\/p>\n\n\n\n<p class=\"has-text-align-right\"><em>SBC<\/em><\/p>\n","protected":false},"excerpt":{"rendered":"<p>Les \u00e9lections f\u00e9d\u00e9rales au Conseil national et au Conseil des Etats auront lieu le 22 octobre. Les associations fa\u00eeti\u00e8res de l&#8217;\u00e9conomie et de l&#8217;agriculture suisses se pr\u00e9sentent ensemble. L&#8217;Association suisse des patrons boulangers-confiseurs (BCS) soutient \u00e9galement la campagne \u00ab Perspective Suisse \u00bb. <\/p>\n","protected":false},"author":5,"featured_media":68683,"comment_status":"closed","ping_status":"closed","sticky":false,"template":"","format":"standard","meta":{"_acf_changed":false,"footnotes":""},"categories":[44],"tags":[],"class_list":["post-68681","post","type-post","status-publish","format-standard","has-post-thumbnail","hentry","category-droit-politique"],"acf":[],"yoast_head":"<!-- This site is optimized with the Yoast SEO Premium plugin v26.8 (Yoast SEO v26.8) - https:\/\/yoast.com\/product\/yoast-seo-premium-wordpress\/ -->\n<title>Elections 2023 : soutenir l&#039;\u00e9conomie | SBC<\/title>\n<meta name=\"robots\" content=\"index, follow, max-snippet:-1, max-image-preview:large, max-video-preview:-1\" \/>\n<link rel=\"canonical\" href=\"https:\/\/swissbaker.ch\/fr\/panissimo-news\/elections-2023-soutenir-leconomie\/\" \/>\n<meta property=\"og:locale\" content=\"fr_FR\" \/>\n<meta property=\"og:type\" content=\"article\" \/>\n<meta property=\"og:title\" content=\"Elections 2023 : soutenir l&#039;\u00e9conomie\" \/>\n<meta property=\"og:description\" content=\"Les \u00e9lections f\u00e9d\u00e9rales au Conseil national et au Conseil des Etats auront lieu le 22 octobre. Les associations fa\u00eeti\u00e8res de l&#039;\u00e9conomie et de l&#039;agriculture suisses se pr\u00e9sentent ensemble. L&#039;Association suisse des patrons boulangers-confiseurs (BCS) soutient \u00e9galement la campagne \u00ab Perspective Suisse \u00bb.\" \/>\n<meta property=\"og:url\" content=\"https:\/\/swissbaker.ch\/fr\/panissimo-news\/elections-2023-soutenir-leconomie\/\" \/>\n<meta property=\"og:site_name\" content=\"SBC\" \/>\n<meta property=\"article:publisher\" content=\"https:\/\/www.facebook.com\/swissbaker.ch\" \/>\n<meta property=\"article:published_time\" content=\"2023-09-21T07:05:22+00:00\" \/>\n<meta property=\"article:modified_time\" content=\"2023-09-21T07:12:19+00:00\" \/>\n<meta property=\"og:image\" content=\"https:\/\/swissbaker.ch\/wp-content\/uploads\/2023\/09\/17_2_perspektive_schweiz_f.jpg\" \/>\n\t<meta property=\"og:image:width\" content=\"1200\" \/>\n\t<meta property=\"og:image:height\" content=\"712\" \/>\n\t<meta property=\"og:image:type\" content=\"image\/jpeg\" \/>\n<meta name=\"author\" content=\"Simon Nussbaum\" \/>\n<meta name=\"twitter:card\" content=\"summary_large_image\" \/>\n<meta name=\"twitter:creator\" content=\"@ch_swissbaker\" \/>\n<meta name=\"twitter:site\" content=\"@ch_swissbaker\" \/>\n<meta name=\"twitter:label1\" content=\"Written by\" \/>\n\t<meta name=\"twitter:data1\" content=\"Simon Nussbaum\" \/>\n\t<meta name=\"twitter:label2\" content=\"Est. reading time\" \/>\n\t<meta name=\"twitter:data2\" content=\"1 minute\" \/>\n<script type=\"application\/ld+json\" class=\"yoast-schema-graph\">{\"@context\":\"https:\/\/schema.org\",\"@graph\":[{\"@type\":\"Article\",\"@id\":\"https:\/\/swissbaker.ch\/fr\/panissimo-news\/elections-2023-soutenir-leconomie\/#article\",\"isPartOf\":{\"@id\":\"https:\/\/swissbaker.ch\/fr\/panissimo-news\/elections-2023-soutenir-leconomie\/\"},\"author\":{\"name\":\"Simon Nussbaum\",\"@id\":\"https:\/\/swissbaker.ch\/fr\/#\/schema\/person\/74bd327b08c18ca6042c02ff6f0ed5e2\"},\"headline\":\"Elections 2023 : soutenir l&#8217;\u00e9conomie\",\"datePublished\":\"2023-09-21T07:05:22+00:00\",\"dateModified\":\"2023-09-21T07:12:19+00:00\",\"mainEntityOfPage\":{\"@id\":\"https:\/\/swissbaker.ch\/fr\/panissimo-news\/elections-2023-soutenir-leconomie\/\"},\"wordCount\":221,\"publisher\":{\"@id\":\"https:\/\/swissbaker.ch\/fr\/#organization\"},\"image\":{\"@id\":\"https:\/\/swissbaker.ch\/fr\/panissimo-news\/elections-2023-soutenir-leconomie\/#primaryimage\"},\"thumbnailUrl\":\"https:\/\/swissbaker.ch\/wp-content\/uploads\/2023\/09\/17_2_perspektive_schweiz_f.jpg\",\"articleSection\":[\"Droit &amp; politique\"],\"inLanguage\":\"fr-FR\"},{\"@type\":\"WebPage\",\"@id\":\"https:\/\/swissbaker.ch\/fr\/panissimo-news\/elections-2023-soutenir-leconomie\/\",\"url\":\"https:\/\/swissbaker.ch\/fr\/panissimo-news\/elections-2023-soutenir-leconomie\/\",\"name\":\"Elections 2023 : soutenir l'\u00e9conomie | SBC\",\"isPartOf\":{\"@id\":\"https:\/\/swissbaker.ch\/fr\/#website\"},\"primaryImageOfPage\":{\"@id\":\"https:\/\/swissbaker.ch\/fr\/panissimo-news\/elections-2023-soutenir-leconomie\/#primaryimage\"},\"image\":{\"@id\":\"https:\/\/swissbaker.ch\/fr\/panissimo-news\/elections-2023-soutenir-leconomie\/#primaryimage\"},\"thumbnailUrl\":\"https:\/\/swissbaker.ch\/wp-content\/uploads\/2023\/09\/17_2_perspektive_schweiz_f.jpg\",\"datePublished\":\"2023-09-21T07:05:22+00:00\",\"dateModified\":\"2023-09-21T07:12:19+00:00\",\"breadcrumb\":{\"@id\":\"https:\/\/swissbaker.ch\/fr\/panissimo-news\/elections-2023-soutenir-leconomie\/#breadcrumb\"},\"inLanguage\":\"fr-FR\",\"potentialAction\":[{\"@type\":\"ReadAction\",\"target\":[\"https:\/\/swissbaker.ch\/fr\/panissimo-news\/elections-2023-soutenir-leconomie\/\"]}]},{\"@type\":\"ImageObject\",\"inLanguage\":\"fr-FR\",\"@id\":\"https:\/\/swissbaker.ch\/fr\/panissimo-news\/elections-2023-soutenir-leconomie\/#primaryimage\",\"url\":\"https:\/\/swissbaker.ch\/wp-content\/uploads\/2023\/09\/17_2_perspektive_schweiz_f.jpg\",\"contentUrl\":\"https:\/\/swissbaker.ch\/wp-content\/uploads\/2023\/09\/17_2_perspektive_schweiz_f.jpg\",\"width\":1200,\"height\":712},{\"@type\":\"BreadcrumbList\",\"@id\":\"https:\/\/swissbaker.ch\/fr\/panissimo-news\/elections-2023-soutenir-leconomie\/#breadcrumb\",\"itemListElement\":[{\"@type\":\"ListItem\",\"position\":1,\"name\":\"\",\"item\":\"https:\/\/swissbaker.ch\/fr\/\"},{\"@type\":\"ListItem\",\"position\":2,\"name\":\"Droit &amp; politique\",\"item\":\"https:\/\/swissbaker.ch\/fr\/panissimo-news\/category\/droit-politique\/\"},{\"@type\":\"ListItem\",\"position\":3,\"name\":\"Elections 2023 : soutenir l&#8217;\u00e9conomie\"}]},{\"@type\":\"WebSite\",\"@id\":\"https:\/\/swissbaker.ch\/fr\/#website\",\"url\":\"https:\/\/swissbaker.ch\/fr\/\",\"name\":\"SBC\",\"description\":\"\",\"publisher\":{\"@id\":\"https:\/\/swissbaker.ch\/fr\/#organization\"},\"potentialAction\":[{\"@type\":\"SearchAction\",\"target\":{\"@type\":\"EntryPoint\",\"urlTemplate\":\"https:\/\/swissbaker.ch\/fr\/?s={search_term_string}\"},\"query-input\":{\"@type\":\"PropertyValueSpecification\",\"valueRequired\":true,\"valueName\":\"search_term_string\"}}],\"inLanguage\":\"fr-FR\"},{\"@type\":\"Organization\",\"@id\":\"https:\/\/swissbaker.ch\/fr\/#organization\",\"name\":\"Schweizerischer B\u00e4cker-Confiseurmeister-Verband\",\"url\":\"https:\/\/swissbaker.ch\/fr\/\",\"logo\":{\"@type\":\"ImageObject\",\"inLanguage\":\"fr-FR\",\"@id\":\"https:\/\/swissbaker.ch\/fr\/#\/schema\/logo\/image\/\",\"url\":\"https:\/\/swissbaker.ch\/wp-content\/uploads\/2022\/04\/sbc-logo-yoast.jpg\",\"contentUrl\":\"https:\/\/swissbaker.ch\/wp-content\/uploads\/2022\/04\/sbc-logo-yoast.jpg\",\"width\":512,\"height\":512,\"caption\":\"Schweizerischer B\u00e4cker-Confiseurmeister-Verband\"},\"image\":{\"@id\":\"https:\/\/swissbaker.ch\/fr\/#\/schema\/logo\/image\/\"},\"sameAs\":[\"https:\/\/www.facebook.com\/swissbaker.ch\",\"https:\/\/x.com\/ch_swissbaker\"]},{\"@type\":\"Person\",\"@id\":\"https:\/\/swissbaker.ch\/fr\/#\/schema\/person\/74bd327b08c18ca6042c02ff6f0ed5e2\",\"name\":\"Simon Nussbaum\",\"image\":{\"@type\":\"ImageObject\",\"inLanguage\":\"fr-FR\",\"@id\":\"https:\/\/swissbaker.ch\/fr\/#\/schema\/person\/image\/\",\"url\":\"https:\/\/secure.gravatar.com\/avatar\/df0eced3bb556c806cb760cf503ade1ed1df25b4104d80d6fd28d93a9509aa12?s=96&d=mm&r=g\",\"contentUrl\":\"https:\/\/secure.gravatar.com\/avatar\/df0eced3bb556c806cb760cf503ade1ed1df25b4104d80d6fd28d93a9509aa12?s=96&d=mm&r=g\",\"caption\":\"Simon Nussbaum\"},\"url\":\"https:\/\/swissbaker.ch\/fr\/panissimo-news\/author\/simon-nussbaum\/\"}]}<\/script>\n<!-- \/ Yoast SEO Premium plugin. -->","yoast_head_json":{"title":"Elections 2023 : soutenir l'\u00e9conomie | SBC","robots":{"index":"index","follow":"follow","max-snippet":"max-snippet:-1","max-image-preview":"max-image-preview:large","max-video-preview":"max-video-preview:-1"},"canonical":"https:\/\/swissbaker.ch\/fr\/panissimo-news\/elections-2023-soutenir-leconomie\/","og_locale":"fr_FR","og_type":"article","og_title":"Elections 2023 : soutenir l'\u00e9conomie","og_description":"Les \u00e9lections f\u00e9d\u00e9rales au Conseil national et au Conseil des Etats auront lieu le 22 octobre. Les associations fa\u00eeti\u00e8res de l'\u00e9conomie et de l'agriculture suisses se pr\u00e9sentent ensemble. L'Association suisse des patrons boulangers-confiseurs (BCS) soutient \u00e9galement la campagne \u00ab Perspective Suisse \u00bb.","og_url":"https:\/\/swissbaker.ch\/fr\/panissimo-news\/elections-2023-soutenir-leconomie\/","og_site_name":"SBC","article_publisher":"https:\/\/www.facebook.com\/swissbaker.ch","article_published_time":"2023-09-21T07:05:22+00:00","article_modified_time":"2023-09-21T07:12:19+00:00","og_image":[{"width":1200,"height":712,"url":"https:\/\/swissbaker.ch\/wp-content\/uploads\/2023\/09\/17_2_perspektive_schweiz_f.jpg","type":"image\/jpeg"}],"author":"Simon Nussbaum","twitter_card":"summary_large_image","twitter_creator":"@ch_swissbaker","twitter_site":"@ch_swissbaker","twitter_misc":{"Written by":"Simon Nussbaum","Est. reading time":"1 minute"},"schema":{"@context":"https:\/\/schema.org","@graph":[{"@type":"Article","@id":"https:\/\/swissbaker.ch\/fr\/panissimo-news\/elections-2023-soutenir-leconomie\/#article","isPartOf":{"@id":"https:\/\/swissbaker.ch\/fr\/panissimo-news\/elections-2023-soutenir-leconomie\/"},"author":{"name":"Simon Nussbaum","@id":"https:\/\/swissbaker.ch\/fr\/#\/schema\/person\/74bd327b08c18ca6042c02ff6f0ed5e2"},"headline":"Elections 2023 : soutenir l&#8217;\u00e9conomie","datePublished":"2023-09-21T07:05:22+00:00","dateModified":"2023-09-21T07:12:19+00:00","mainEntityOfPage":{"@id":"https:\/\/swissbaker.ch\/fr\/panissimo-news\/elections-2023-soutenir-leconomie\/"},"wordCount":221,"publisher":{"@id":"https:\/\/swissbaker.ch\/fr\/#organization"},"image":{"@id":"https:\/\/swissbaker.ch\/fr\/panissimo-news\/elections-2023-soutenir-leconomie\/#primaryimage"},"thumbnailUrl":"https:\/\/swissbaker.ch\/wp-content\/uploads\/2023\/09\/17_2_perspektive_schweiz_f.jpg","articleSection":["Droit &amp; politique"],"inLanguage":"fr-FR"},{"@type":"WebPage","@id":"https:\/\/swissbaker.ch\/fr\/panissimo-news\/elections-2023-soutenir-leconomie\/","url":"https:\/\/swissbaker.ch\/fr\/panissimo-news\/elections-2023-soutenir-leconomie\/","name":"Elections 2023 : soutenir l'\u00e9conomie | SBC","isPartOf":{"@id":"https:\/\/swissbaker.ch\/fr\/#website"},"primaryImageOfPage":{"@id":"https:\/\/swissbaker.ch\/fr\/panissimo-news\/elections-2023-soutenir-leconomie\/#primaryimage"},"image":{"@id":"https:\/\/swissbaker.ch\/fr\/panissimo-news\/elections-2023-soutenir-leconomie\/#primaryimage"},"thumbnailUrl":"https:\/\/swissbaker.ch\/wp-content\/uploads\/2023\/09\/17_2_perspektive_schweiz_f.jpg","datePublished":"2023-09-21T07:05:22+00:00","dateModified":"2023-09-21T07:12:19+00:00","breadcrumb":{"@id":"https:\/\/swissbaker.ch\/fr\/panissimo-news\/elections-2023-soutenir-leconomie\/#breadcrumb"},"inLanguage":"fr-FR","potentialAction":[{"@type":"ReadAction","target":["https:\/\/swissbaker.ch\/fr\/panissimo-news\/elections-2023-soutenir-leconomie\/"]}]},{"@type":"ImageObject","inLanguage":"fr-FR","@id":"https:\/\/swissbaker.ch\/fr\/panissimo-news\/elections-2023-soutenir-leconomie\/#primaryimage","url":"https:\/\/swissbaker.ch\/wp-content\/uploads\/2023\/09\/17_2_perspektive_schweiz_f.jpg","contentUrl":"https:\/\/swissbaker.ch\/wp-content\/uploads\/2023\/09\/17_2_perspektive_schweiz_f.jpg","width":1200,"height":712},{"@type":"BreadcrumbList","@id":"https:\/\/swissbaker.ch\/fr\/panissimo-news\/elections-2023-soutenir-leconomie\/#breadcrumb","itemListElement":[{"@type":"ListItem","position":1,"name":"","item":"https:\/\/swissbaker.ch\/fr\/"},{"@type":"ListItem","position":2,"name":"Droit &amp; politique","item":"https:\/\/swissbaker.ch\/fr\/panissimo-news\/category\/droit-politique\/"},{"@type":"ListItem","position":3,"name":"Elections 2023 : soutenir l&#8217;\u00e9conomie"}]},{"@type":"WebSite","@id":"https:\/\/swissbaker.ch\/fr\/#website","url":"https:\/\/swissbaker.ch\/fr\/","name":"SBC","description":"","publisher":{"@id":"https:\/\/swissbaker.ch\/fr\/#organization"},"potentialAction":[{"@type":"SearchAction","target":{"@type":"EntryPoint","urlTemplate":"https:\/\/swissbaker.ch\/fr\/?s={search_term_string}"},"query-input":{"@type":"PropertyValueSpecification","valueRequired":true,"valueName":"search_term_string"}}],"inLanguage":"fr-FR"},{"@type":"Organization","@id":"https:\/\/swissbaker.ch\/fr\/#organization","name":"Schweizerischer B\u00e4cker-Confiseurmeister-Verband","url":"https:\/\/swissbaker.ch\/fr\/","logo":{"@type":"ImageObject","inLanguage":"fr-FR","@id":"https:\/\/swissbaker.ch\/fr\/#\/schema\/logo\/image\/","url":"https:\/\/swissbaker.ch\/wp-content\/uploads\/2022\/04\/sbc-logo-yoast.jpg","contentUrl":"https:\/\/swissbaker.ch\/wp-content\/uploads\/2022\/04\/sbc-logo-yoast.jpg","width":512,"height":512,"caption":"Schweizerischer B\u00e4cker-Confiseurmeister-Verband"},"image":{"@id":"https:\/\/swissbaker.ch\/fr\/#\/schema\/logo\/image\/"},"sameAs":["https:\/\/www.facebook.com\/swissbaker.ch","https:\/\/x.com\/ch_swissbaker"]},{"@type":"Person","@id":"https:\/\/swissbaker.ch\/fr\/#\/schema\/person\/74bd327b08c18ca6042c02ff6f0ed5e2","name":"Simon Nussbaum","image":{"@type":"ImageObject","inLanguage":"fr-FR","@id":"https:\/\/swissbaker.ch\/fr\/#\/schema\/person\/image\/","url":"https:\/\/secure.gravatar.com\/avatar\/df0eced3bb556c806cb760cf503ade1ed1df25b4104d80d6fd28d93a9509aa12?s=96&d=mm&r=g","contentUrl":"https:\/\/secure.gravatar.com\/avatar\/df0eced3bb556c806cb760cf503ade1ed1df25b4104d80d6fd28d93a9509aa12?s=96&d=mm&r=g","caption":"Simon Nussbaum"},"url":"https:\/\/swissbaker.ch\/fr\/panissimo-news\/author\/simon-nussbaum\/"}]}},"_links":{"self":[{"href":"https:\/\/swissbaker.ch\/fr\/wp-json\/wp\/v2\/posts\/68681","targetHints":{"allow":["GET"]}}],"collection":[{"href":"https:\/\/swissbaker.ch\/fr\/wp-json\/wp\/v2\/posts"}],"about":[{"href":"https:\/\/swissbaker.ch\/fr\/wp-json\/wp\/v2\/types\/post"}],"author":[{"embeddable":true,"href":"https:\/\/swissbaker.ch\/fr\/wp-json\/wp\/v2\/users\/5"}],"replies":[{"embeddable":true,"href":"https:\/\/swissbaker.ch\/fr\/wp-json\/wp\/v2\/comments?post=68681"}],"version-history":[{"count":0,"href":"https:\/\/swissbaker.ch\/fr\/wp-json\/wp\/v2\/posts\/68681\/revisions"}],"wp:featuredmedia":[{"embeddable":true,"href":"https:\/\/swissbaker.ch\/fr\/wp-json\/wp\/v2\/media\/68683"}],"wp:attachment":[{"href":"https:\/\/swissbaker.ch\/fr\/wp-json\/wp\/v2\/media?parent=68681"}],"wp:term":[{"taxonomy":"category","embeddable":true,"href":"https:\/\/swissbaker.ch\/fr\/wp-json\/wp\/v2\/categories?post=68681"},{"taxonomy":"post_tag","embeddable":true,"href":"https:\/\/swissbaker.ch\/fr\/wp-json\/wp\/v2\/tags?post=68681"}],"curies":[{"name":"wp","href":"https:\/\/api.w.org\/{rel}","templated":true}]}}