{"id":68657,"date":"2023-09-20T12:03:45","date_gmt":"2023-09-20T10:03:45","guid":{"rendered":"https:\/\/swissbaker.ch\/?p=68657"},"modified":"2023-09-20T12:04:09","modified_gmt":"2023-09-20T10:04:09","slug":"reve-evolution-ou-revolution","status":"publish","type":"post","link":"https:\/\/swissbaker.ch\/fr\/panissimo-news\/reve-evolution-ou-revolution\/","title":{"rendered":"R\u00eave \u00e9volution ou r\u00e9volution\u2009!"},"content":{"rendered":"\n<p>Les deux sont certainement n\u00e9cessaires, utiles, imp\u00e9ratifs ou essentiels. Les r\u00eaves sont salutaires car ils vivifient l\u2019esprit et ouvrent les portes \u00e0 leurs accomplissements. Car avoir des r\u00eaves, c\u2019est un peu comme mettre de l\u2019essence pour faire avancer son v\u00e9hicule. Mais les r\u00eaves ne sont pas si simples \u00e0 accomplir et surtout \u00e0 r\u00e9aliser. <\/p>\n\n\n\n<p>Avoir des r\u00eaves c\u2019est aussi en conna\u00eetre le prix et \u00eatre pr\u00eat \u00e0 le payer\u2009! Les r\u00eaves sources d\u2019\u00e9volutions demandent de faire parfois la r\u00e9volution, en premier dans son esprit, puis dans son fonctionnement, dans sa mani\u00e8re de faire et d\u2019accepter ce qu\u2019il y a lieu de faire, pas si simple vous en conviendrez.<\/p>\n\n\n\n<p>Au regard de ces deux affirmations, une introspection est salutaire, imp\u00e9rative et le d\u00e9but du chemin. Que voyons-nous actuellement, que voulons-nous voir et surtout ne pas voir car ceci nous permet de vivre \u00ab\u2009dans c\u2019est comme cela et nous avons toujours fait comme \u00e7a\u2009\u00bb, alors pourquoi changer. Le monde est en constante \u00e9volution soit n\u00e9gative soit positive et ceux qui le composent aussi. Il serait temps de s\u2019en rendre compte.<\/p>\n\n\n\n<p>Discutant avec des parents, des enseignants, des jeunes de toutes conditions, je fus surpris des r\u00e9ponses donn\u00e9es \u00e0 mes interrogations. Parlant du m\u00e9tier de boulanger-p\u00e2tissier-confiseur, une tr\u00e8s grande majorit\u00e9 me confirma la beaut\u00e9 de ce m\u00e9tier et ce qu\u2019il permet en termes de cr\u00e9ativit\u00e9s, de valeurs qu\u2019il comporte. Rebondissant sur ces r\u00e9ponses, je posais la question qui fait souvent d\u00e9bat\u2009: voudrais-tu accomplir un apprentissage dans le domaine, l\u00e0 les r\u00e9ponses furent claires. <\/p>\n\n\n\n<p>Oui car c\u2019est int\u00e9ressant, valorisant, motivant et symboliquement donner le pain quotidien, de la douceur \u00e0 travers la p\u00e2tisserie, de la beaut\u00e9, du bon et \u00eatre des passeurs de go\u00fbts c\u2019est magnifique. Alors dites-moi pourquoi non, les horaires sont incompatibles avec la vie sociale et soci\u00e9tale, nous ne voulons pas travailler la nuit ou du moins pas trop t\u00f4t dans la nuit, nous ne sommes pas pr\u00eats \u00e0 15 ans \u00e0 entrer dans le monde du travail.<\/p>\n\n\n\n<p>Devant ces r\u00e9ponses, je ne pus que penser \u00e0 ce qu\u2019est notre m\u00e9tier \u00e0 l\u2019heure actuelle et qu\u2019il serait temps de mettre nos r\u00eaves pour les transformer en r\u00eaves \u00e9volutions et oser la r\u00e9volution. A travers cela, je mis dans l\u2019escarcelle de ma r\u00e9flexion la n\u00e9cessit\u00e9 de l\u2019adaptation au monde d\u2019aujourd\u2019hui. Cette adaptation de la production et de ses moyens, la fa\u00e7on de r\u00e9pondre aux besoins de la client\u00e8le et ses changements d\u2019habitudes de consommation aussi bien en termes de produit que d\u2019horaires. <\/p>\n\n\n\n<p>Tout cela me mena sur divers chemins mais ceux qui seront propres \u00e0 chacun selon sa r\u00e9gion, sa ville, son village et surtout la composition de sa client\u00e8le. A travers les divers points \u00e9voqu\u00e9s, il me parut n\u00e9cessaire de mettre en avant le d\u00e9poussi\u00e9rage de la formation vis-\u00e0-vis des r\u00e9ponses des jeunes, la transition par la sph\u00e8re \u00e9cole pour les pr\u00e9parer \u00e0 entrer dans le monde du travail. <\/p>\n\n\n\n<p>Ceci me fit aussi remarquer l\u2019adaptation du temps d\u2019apprentissage qui serait imp\u00e9ratif de mettre sur quatre ans dont une ann\u00e9e en \u00e9cole en fonction des modifications et pour le bien de la formation qui sera la cl\u00e9 du futur pour avoir des patrons ou des chefs performants.<\/p>\n\n\n\n<p>Chacun sa route, chacun son chemin disait la chanson mais pour mettre cela en musique il faut la volont\u00e9 et le courage n\u00e9cessaire pour oser, oui oser voir les changements de la soci\u00e9t\u00e9, du monde et de ce qui nous entoure, au risque de mourir dans le creuset de l\u2019immobilisme. Je vous souhaite donc \u00e0 tous de bons r\u00eaves \u00e9volutions et une bonne r\u00e9volution.<\/p>\n\n\n\n<p class=\"has-text-align-right\"><em>Bernard Pignat, Chevalier d\u2019honneur<br>de la Confr\u00e9rie valaisanne des chevaliers du bon pain<\/em><\/p>\n","protected":false},"excerpt":{"rendered":"<p>Les deux sont certainement n\u00e9cessaires, utiles, imp\u00e9ratifs ou essentiels. Les r\u00eaves sont salutaires car ils vivifient l\u2019esprit et ouvrent les portes \u00e0 leurs accomplissements. Car avoir des r\u00eaves, c\u2019est un peu comme mettre de l\u2019essence pour faire avancer son v\u00e9hicule. Mais les r\u00eaves ne sont pas si simples \u00e0 accomplir et surtout \u00e0 r\u00e9aliser. <\/p>\n","protected":false},"author":5,"featured_media":7213,"comment_status":"closed","ping_status":"closed","sticky":false,"template":"","format":"standard","meta":{"_acf_changed":false,"footnotes":""},"categories":[40],"tags":[],"class_list":["post-68657","post","type-post","status-publish","format-standard","has-post-thumbnail","hentry","category-des-cantons"],"acf":[],"yoast_head":"<!-- This site is optimized with the Yoast SEO Premium plugin v26.8 (Yoast SEO v26.8) - https:\/\/yoast.com\/product\/yoast-seo-premium-wordpress\/ -->\n<title>R\u00eave \u00e9volution ou r\u00e9volution\u2009! | SBC<\/title>\n<meta name=\"description\" content=\"Les deux sont certainement n\u00e9cessaires, utiles, imp\u00e9ratifs ou essentiels. Les r\u00eaves sont salutaires car ils vivifient l\u2019esprit et ouvrent les portes \u00e0 leurs accomplissements.\" \/>\n<meta name=\"robots\" content=\"index, follow, max-snippet:-1, max-image-preview:large, max-video-preview:-1\" \/>\n<link rel=\"canonical\" href=\"https:\/\/swissbaker.ch\/fr\/panissimo-news\/reve-evolution-ou-revolution\/\" \/>\n<meta property=\"og:locale\" content=\"fr_FR\" \/>\n<meta property=\"og:type\" content=\"article\" \/>\n<meta property=\"og:title\" content=\"R\u00eave \u00e9volution ou r\u00e9volution\u2009!\" \/>\n<meta property=\"og:description\" content=\"Les deux sont certainement n\u00e9cessaires, utiles, imp\u00e9ratifs ou essentiels. Les r\u00eaves sont salutaires car ils vivifient l\u2019esprit et ouvrent les portes \u00e0 leurs accomplissements.\" \/>\n<meta property=\"og:url\" content=\"https:\/\/swissbaker.ch\/fr\/panissimo-news\/reve-evolution-ou-revolution\/\" \/>\n<meta property=\"og:site_name\" content=\"SBC\" \/>\n<meta property=\"article:publisher\" content=\"https:\/\/www.facebook.com\/swissbaker.ch\" \/>\n<meta property=\"article:published_time\" content=\"2023-09-20T10:03:45+00:00\" \/>\n<meta property=\"article:modified_time\" content=\"2023-09-20T10:04:09+00:00\" \/>\n<meta property=\"og:image\" content=\"https:\/\/swissbaker.ch\/wp-content\/uploads\/2022\/04\/le_chevalier.jpeg\" \/>\n\t<meta property=\"og:image:width\" content=\"800\" \/>\n\t<meta property=\"og:image:height\" content=\"474\" \/>\n\t<meta property=\"og:image:type\" content=\"image\/jpeg\" \/>\n<meta name=\"author\" content=\"Simon Nussbaum\" \/>\n<meta name=\"twitter:card\" content=\"summary_large_image\" \/>\n<meta name=\"twitter:creator\" content=\"@ch_swissbaker\" \/>\n<meta name=\"twitter:site\" content=\"@ch_swissbaker\" \/>\n<meta name=\"twitter:label1\" content=\"Written by\" \/>\n\t<meta name=\"twitter:data1\" content=\"Simon Nussbaum\" \/>\n\t<meta name=\"twitter:label2\" content=\"Est. reading time\" \/>\n\t<meta name=\"twitter:data2\" content=\"3 minutes\" \/>\n<script type=\"application\/ld+json\" class=\"yoast-schema-graph\">{\"@context\":\"https:\/\/schema.org\",\"@graph\":[{\"@type\":\"Article\",\"@id\":\"https:\/\/swissbaker.ch\/fr\/panissimo-news\/reve-evolution-ou-revolution\/#article\",\"isPartOf\":{\"@id\":\"https:\/\/swissbaker.ch\/fr\/panissimo-news\/reve-evolution-ou-revolution\/\"},\"author\":{\"name\":\"Simon Nussbaum\",\"@id\":\"https:\/\/swissbaker.ch\/fr\/#\/schema\/person\/74bd327b08c18ca6042c02ff6f0ed5e2\"},\"headline\":\"R\u00eave \u00e9volution ou r\u00e9volution\u2009!\",\"datePublished\":\"2023-09-20T10:03:45+00:00\",\"dateModified\":\"2023-09-20T10:04:09+00:00\",\"mainEntityOfPage\":{\"@id\":\"https:\/\/swissbaker.ch\/fr\/panissimo-news\/reve-evolution-ou-revolution\/\"},\"wordCount\":679,\"publisher\":{\"@id\":\"https:\/\/swissbaker.ch\/fr\/#organization\"},\"image\":{\"@id\":\"https:\/\/swissbaker.ch\/fr\/panissimo-news\/reve-evolution-ou-revolution\/#primaryimage\"},\"thumbnailUrl\":\"https:\/\/swissbaker.ch\/wp-content\/uploads\/2022\/04\/le_chevalier.jpeg\",\"articleSection\":[\"Des cantons\"],\"inLanguage\":\"fr-FR\"},{\"@type\":\"WebPage\",\"@id\":\"https:\/\/swissbaker.ch\/fr\/panissimo-news\/reve-evolution-ou-revolution\/\",\"url\":\"https:\/\/swissbaker.ch\/fr\/panissimo-news\/reve-evolution-ou-revolution\/\",\"name\":\"R\u00eave \u00e9volution ou r\u00e9volution\u2009! | SBC\",\"isPartOf\":{\"@id\":\"https:\/\/swissbaker.ch\/fr\/#website\"},\"primaryImageOfPage\":{\"@id\":\"https:\/\/swissbaker.ch\/fr\/panissimo-news\/reve-evolution-ou-revolution\/#primaryimage\"},\"image\":{\"@id\":\"https:\/\/swissbaker.ch\/fr\/panissimo-news\/reve-evolution-ou-revolution\/#primaryimage\"},\"thumbnailUrl\":\"https:\/\/swissbaker.ch\/wp-content\/uploads\/2022\/04\/le_chevalier.jpeg\",\"datePublished\":\"2023-09-20T10:03:45+00:00\",\"dateModified\":\"2023-09-20T10:04:09+00:00\",\"description\":\"Les deux sont certainement n\u00e9cessaires, utiles, imp\u00e9ratifs ou essentiels. Les r\u00eaves sont salutaires car ils vivifient l\u2019esprit et ouvrent les portes \u00e0 leurs accomplissements.\",\"breadcrumb\":{\"@id\":\"https:\/\/swissbaker.ch\/fr\/panissimo-news\/reve-evolution-ou-revolution\/#breadcrumb\"},\"inLanguage\":\"fr-FR\",\"potentialAction\":[{\"@type\":\"ReadAction\",\"target\":[\"https:\/\/swissbaker.ch\/fr\/panissimo-news\/reve-evolution-ou-revolution\/\"]}]},{\"@type\":\"ImageObject\",\"inLanguage\":\"fr-FR\",\"@id\":\"https:\/\/swissbaker.ch\/fr\/panissimo-news\/reve-evolution-ou-revolution\/#primaryimage\",\"url\":\"https:\/\/swissbaker.ch\/wp-content\/uploads\/2022\/04\/le_chevalier.jpeg\",\"contentUrl\":\"https:\/\/swissbaker.ch\/wp-content\/uploads\/2022\/04\/le_chevalier.jpeg\",\"width\":800,\"height\":474,\"caption\":\"Traction avant\u2026Ou quatre fois quatre !\"},{\"@type\":\"BreadcrumbList\",\"@id\":\"https:\/\/swissbaker.ch\/fr\/panissimo-news\/reve-evolution-ou-revolution\/#breadcrumb\",\"itemListElement\":[{\"@type\":\"ListItem\",\"position\":1,\"name\":\"\",\"item\":\"https:\/\/swissbaker.ch\/fr\/\"},{\"@type\":\"ListItem\",\"position\":2,\"name\":\"Des cantons\",\"item\":\"https:\/\/swissbaker.ch\/fr\/panissimo-news\/category\/des-cantons\/\"},{\"@type\":\"ListItem\",\"position\":3,\"name\":\"R\u00eave \u00e9volution ou r\u00e9volution\u2009!\"}]},{\"@type\":\"WebSite\",\"@id\":\"https:\/\/swissbaker.ch\/fr\/#website\",\"url\":\"https:\/\/swissbaker.ch\/fr\/\",\"name\":\"SBC\",\"description\":\"\",\"publisher\":{\"@id\":\"https:\/\/swissbaker.ch\/fr\/#organization\"},\"potentialAction\":[{\"@type\":\"SearchAction\",\"target\":{\"@type\":\"EntryPoint\",\"urlTemplate\":\"https:\/\/swissbaker.ch\/fr\/?s={search_term_string}\"},\"query-input\":{\"@type\":\"PropertyValueSpecification\",\"valueRequired\":true,\"valueName\":\"search_term_string\"}}],\"inLanguage\":\"fr-FR\"},{\"@type\":\"Organization\",\"@id\":\"https:\/\/swissbaker.ch\/fr\/#organization\",\"name\":\"Schweizerischer B\u00e4cker-Confiseurmeister-Verband\",\"url\":\"https:\/\/swissbaker.ch\/fr\/\",\"logo\":{\"@type\":\"ImageObject\",\"inLanguage\":\"fr-FR\",\"@id\":\"https:\/\/swissbaker.ch\/fr\/#\/schema\/logo\/image\/\",\"url\":\"https:\/\/swissbaker.ch\/wp-content\/uploads\/2022\/04\/sbc-logo-yoast.jpg\",\"contentUrl\":\"https:\/\/swissbaker.ch\/wp-content\/uploads\/2022\/04\/sbc-logo-yoast.jpg\",\"width\":512,\"height\":512,\"caption\":\"Schweizerischer B\u00e4cker-Confiseurmeister-Verband\"},\"image\":{\"@id\":\"https:\/\/swissbaker.ch\/fr\/#\/schema\/logo\/image\/\"},\"sameAs\":[\"https:\/\/www.facebook.com\/swissbaker.ch\",\"https:\/\/x.com\/ch_swissbaker\"]},{\"@type\":\"Person\",\"@id\":\"https:\/\/swissbaker.ch\/fr\/#\/schema\/person\/74bd327b08c18ca6042c02ff6f0ed5e2\",\"name\":\"Simon Nussbaum\",\"image\":{\"@type\":\"ImageObject\",\"inLanguage\":\"fr-FR\",\"@id\":\"https:\/\/swissbaker.ch\/fr\/#\/schema\/person\/image\/\",\"url\":\"https:\/\/secure.gravatar.com\/avatar\/df0eced3bb556c806cb760cf503ade1ed1df25b4104d80d6fd28d93a9509aa12?s=96&d=mm&r=g\",\"contentUrl\":\"https:\/\/secure.gravatar.com\/avatar\/df0eced3bb556c806cb760cf503ade1ed1df25b4104d80d6fd28d93a9509aa12?s=96&d=mm&r=g\",\"caption\":\"Simon Nussbaum\"},\"url\":\"https:\/\/swissbaker.ch\/fr\/panissimo-news\/author\/simon-nussbaum\/\"}]}<\/script>\n<!-- \/ Yoast SEO Premium plugin. -->","yoast_head_json":{"title":"R\u00eave \u00e9volution ou r\u00e9volution\u2009! | SBC","description":"Les deux sont certainement n\u00e9cessaires, utiles, imp\u00e9ratifs ou essentiels. Les r\u00eaves sont salutaires car ils vivifient l\u2019esprit et ouvrent les portes \u00e0 leurs accomplissements.","robots":{"index":"index","follow":"follow","max-snippet":"max-snippet:-1","max-image-preview":"max-image-preview:large","max-video-preview":"max-video-preview:-1"},"canonical":"https:\/\/swissbaker.ch\/fr\/panissimo-news\/reve-evolution-ou-revolution\/","og_locale":"fr_FR","og_type":"article","og_title":"R\u00eave \u00e9volution ou r\u00e9volution\u2009!","og_description":"Les deux sont certainement n\u00e9cessaires, utiles, imp\u00e9ratifs ou essentiels. Les r\u00eaves sont salutaires car ils vivifient l\u2019esprit et ouvrent les portes \u00e0 leurs accomplissements.","og_url":"https:\/\/swissbaker.ch\/fr\/panissimo-news\/reve-evolution-ou-revolution\/","og_site_name":"SBC","article_publisher":"https:\/\/www.facebook.com\/swissbaker.ch","article_published_time":"2023-09-20T10:03:45+00:00","article_modified_time":"2023-09-20T10:04:09+00:00","og_image":[{"width":800,"height":474,"url":"https:\/\/swissbaker.ch\/wp-content\/uploads\/2022\/04\/le_chevalier.jpeg","type":"image\/jpeg"}],"author":"Simon Nussbaum","twitter_card":"summary_large_image","twitter_creator":"@ch_swissbaker","twitter_site":"@ch_swissbaker","twitter_misc":{"Written by":"Simon Nussbaum","Est. reading time":"3 minutes"},"schema":{"@context":"https:\/\/schema.org","@graph":[{"@type":"Article","@id":"https:\/\/swissbaker.ch\/fr\/panissimo-news\/reve-evolution-ou-revolution\/#article","isPartOf":{"@id":"https:\/\/swissbaker.ch\/fr\/panissimo-news\/reve-evolution-ou-revolution\/"},"author":{"name":"Simon Nussbaum","@id":"https:\/\/swissbaker.ch\/fr\/#\/schema\/person\/74bd327b08c18ca6042c02ff6f0ed5e2"},"headline":"R\u00eave \u00e9volution ou r\u00e9volution\u2009!","datePublished":"2023-09-20T10:03:45+00:00","dateModified":"2023-09-20T10:04:09+00:00","mainEntityOfPage":{"@id":"https:\/\/swissbaker.ch\/fr\/panissimo-news\/reve-evolution-ou-revolution\/"},"wordCount":679,"publisher":{"@id":"https:\/\/swissbaker.ch\/fr\/#organization"},"image":{"@id":"https:\/\/swissbaker.ch\/fr\/panissimo-news\/reve-evolution-ou-revolution\/#primaryimage"},"thumbnailUrl":"https:\/\/swissbaker.ch\/wp-content\/uploads\/2022\/04\/le_chevalier.jpeg","articleSection":["Des cantons"],"inLanguage":"fr-FR"},{"@type":"WebPage","@id":"https:\/\/swissbaker.ch\/fr\/panissimo-news\/reve-evolution-ou-revolution\/","url":"https:\/\/swissbaker.ch\/fr\/panissimo-news\/reve-evolution-ou-revolution\/","name":"R\u00eave \u00e9volution ou r\u00e9volution\u2009! | SBC","isPartOf":{"@id":"https:\/\/swissbaker.ch\/fr\/#website"},"primaryImageOfPage":{"@id":"https:\/\/swissbaker.ch\/fr\/panissimo-news\/reve-evolution-ou-revolution\/#primaryimage"},"image":{"@id":"https:\/\/swissbaker.ch\/fr\/panissimo-news\/reve-evolution-ou-revolution\/#primaryimage"},"thumbnailUrl":"https:\/\/swissbaker.ch\/wp-content\/uploads\/2022\/04\/le_chevalier.jpeg","datePublished":"2023-09-20T10:03:45+00:00","dateModified":"2023-09-20T10:04:09+00:00","description":"Les deux sont certainement n\u00e9cessaires, utiles, imp\u00e9ratifs ou essentiels. Les r\u00eaves sont salutaires car ils vivifient l\u2019esprit et ouvrent les portes \u00e0 leurs accomplissements.","breadcrumb":{"@id":"https:\/\/swissbaker.ch\/fr\/panissimo-news\/reve-evolution-ou-revolution\/#breadcrumb"},"inLanguage":"fr-FR","potentialAction":[{"@type":"ReadAction","target":["https:\/\/swissbaker.ch\/fr\/panissimo-news\/reve-evolution-ou-revolution\/"]}]},{"@type":"ImageObject","inLanguage":"fr-FR","@id":"https:\/\/swissbaker.ch\/fr\/panissimo-news\/reve-evolution-ou-revolution\/#primaryimage","url":"https:\/\/swissbaker.ch\/wp-content\/uploads\/2022\/04\/le_chevalier.jpeg","contentUrl":"https:\/\/swissbaker.ch\/wp-content\/uploads\/2022\/04\/le_chevalier.jpeg","width":800,"height":474,"caption":"Traction avant\u2026Ou quatre fois quatre !"},{"@type":"BreadcrumbList","@id":"https:\/\/swissbaker.ch\/fr\/panissimo-news\/reve-evolution-ou-revolution\/#breadcrumb","itemListElement":[{"@type":"ListItem","position":1,"name":"","item":"https:\/\/swissbaker.ch\/fr\/"},{"@type":"ListItem","position":2,"name":"Des cantons","item":"https:\/\/swissbaker.ch\/fr\/panissimo-news\/category\/des-cantons\/"},{"@type":"ListItem","position":3,"name":"R\u00eave \u00e9volution ou r\u00e9volution\u2009!"}]},{"@type":"WebSite","@id":"https:\/\/swissbaker.ch\/fr\/#website","url":"https:\/\/swissbaker.ch\/fr\/","name":"SBC","description":"","publisher":{"@id":"https:\/\/swissbaker.ch\/fr\/#organization"},"potentialAction":[{"@type":"SearchAction","target":{"@type":"EntryPoint","urlTemplate":"https:\/\/swissbaker.ch\/fr\/?s={search_term_string}"},"query-input":{"@type":"PropertyValueSpecification","valueRequired":true,"valueName":"search_term_string"}}],"inLanguage":"fr-FR"},{"@type":"Organization","@id":"https:\/\/swissbaker.ch\/fr\/#organization","name":"Schweizerischer B\u00e4cker-Confiseurmeister-Verband","url":"https:\/\/swissbaker.ch\/fr\/","logo":{"@type":"ImageObject","inLanguage":"fr-FR","@id":"https:\/\/swissbaker.ch\/fr\/#\/schema\/logo\/image\/","url":"https:\/\/swissbaker.ch\/wp-content\/uploads\/2022\/04\/sbc-logo-yoast.jpg","contentUrl":"https:\/\/swissbaker.ch\/wp-content\/uploads\/2022\/04\/sbc-logo-yoast.jpg","width":512,"height":512,"caption":"Schweizerischer B\u00e4cker-Confiseurmeister-Verband"},"image":{"@id":"https:\/\/swissbaker.ch\/fr\/#\/schema\/logo\/image\/"},"sameAs":["https:\/\/www.facebook.com\/swissbaker.ch","https:\/\/x.com\/ch_swissbaker"]},{"@type":"Person","@id":"https:\/\/swissbaker.ch\/fr\/#\/schema\/person\/74bd327b08c18ca6042c02ff6f0ed5e2","name":"Simon Nussbaum","image":{"@type":"ImageObject","inLanguage":"fr-FR","@id":"https:\/\/swissbaker.ch\/fr\/#\/schema\/person\/image\/","url":"https:\/\/secure.gravatar.com\/avatar\/df0eced3bb556c806cb760cf503ade1ed1df25b4104d80d6fd28d93a9509aa12?s=96&d=mm&r=g","contentUrl":"https:\/\/secure.gravatar.com\/avatar\/df0eced3bb556c806cb760cf503ade1ed1df25b4104d80d6fd28d93a9509aa12?s=96&d=mm&r=g","caption":"Simon Nussbaum"},"url":"https:\/\/swissbaker.ch\/fr\/panissimo-news\/author\/simon-nussbaum\/"}]}},"_links":{"self":[{"href":"https:\/\/swissbaker.ch\/fr\/wp-json\/wp\/v2\/posts\/68657","targetHints":{"allow":["GET"]}}],"collection":[{"href":"https:\/\/swissbaker.ch\/fr\/wp-json\/wp\/v2\/posts"}],"about":[{"href":"https:\/\/swissbaker.ch\/fr\/wp-json\/wp\/v2\/types\/post"}],"author":[{"embeddable":true,"href":"https:\/\/swissbaker.ch\/fr\/wp-json\/wp\/v2\/users\/5"}],"replies":[{"embeddable":true,"href":"https:\/\/swissbaker.ch\/fr\/wp-json\/wp\/v2\/comments?post=68657"}],"version-history":[{"count":0,"href":"https:\/\/swissbaker.ch\/fr\/wp-json\/wp\/v2\/posts\/68657\/revisions"}],"wp:featuredmedia":[{"embeddable":true,"href":"https:\/\/swissbaker.ch\/fr\/wp-json\/wp\/v2\/media\/7213"}],"wp:attachment":[{"href":"https:\/\/swissbaker.ch\/fr\/wp-json\/wp\/v2\/media?parent=68657"}],"wp:term":[{"taxonomy":"category","embeddable":true,"href":"https:\/\/swissbaker.ch\/fr\/wp-json\/wp\/v2\/categories?post=68657"},{"taxonomy":"post_tag","embeddable":true,"href":"https:\/\/swissbaker.ch\/fr\/wp-json\/wp\/v2\/tags?post=68657"}],"curies":[{"name":"wp","href":"https:\/\/api.w.org\/{rel}","templated":true}]}}