{"id":68238,"date":"2023-09-13T12:02:21","date_gmt":"2023-09-13T10:02:21","guid":{"rendered":"https:\/\/swissbaker.ch\/?p=68238"},"modified":"2023-09-14T10:33:52","modified_gmt":"2023-09-14T08:33:52","slug":"premiere-seance-du-cc-apres-le-congres","status":"publish","type":"post","link":"https:\/\/swissbaker.ch\/fr\/panissimo-news\/premiere-seance-du-cc-apres-le-congres\/","title":{"rendered":"Premi\u00e8re s\u00e9ance du CC apr\u00e8s le congr\u00e8s"},"content":{"rendered":"\n<p><strong>Le comit\u00e9 central de l&#8217;Association suisse des patrons boulangers-confiseurs (BCS) s&#8217;est r\u00e9uni d\u00e9but septembre pendant deux jours \u00e0 Fribourg. Cette r\u00e9union \u00e9tait la premi\u00e8re apr\u00e8s la (r\u00e9)\u00e9lection au congr\u00e8s de juin dernier \u00e0 Berne. Les th\u00e8mes de l\u2019\u00e9nergie, de la convention collective de travail (CCT), de la formation et de la campagne des Rois ont notamment \u00e9t\u00e9 abord\u00e9s. Le premier soir, Didier Ecoffey, pr\u00e9sident des boulangers-confiseurs fribourgeois et de l&#8217;association r\u00e9gionale de Suisse romande, s&#8217;est joint \u00e0 la partie. Il a pr\u00e9sent\u00e9 Mathieu Walther, candidat \u00e0 sa succession en tant que pr\u00e9sident cantonal.&nbsp;<\/strong><\/p>\n\n\n\n<h3 class=\"wp-block-heading\" id=\"h-formation-professionnelle-et-continue\"><strong>Formation professionnelle et continue<\/strong><\/h3>\n\n\n\n<p><strong>Union des ma\u00eetres de cours<br><\/strong>Lors de l&#8217;assembl\u00e9e g\u00e9n\u00e9rale de l\u2019Union des ma\u00eetres de cours (FLV-GRMC) \u00e0 Yverdon-les-Bains (VD), la pr\u00e9sidente Gabriela Meier a d\u00e9missionn\u00e9 pour des raisons de sant\u00e9. Raffi K\u00fcng a repris le flambeau par int\u00e9rim. <\/p>\n\n\n\n<p><strong>R\u00e9union des chefs experts et cheffes expertes<br><\/strong>La r\u00e9union des chefs experts et cheffes expertes s&#8217;est d\u00e9roul\u00e9e fin ao\u00fbt \u00e0 l&#8217;Ecole professionnelle Richemont de Lucerne. Des modifications ont notamment \u00e9t\u00e9 apport\u00e9es \u00e0 la formulation des t\u00e2ches dans les directives pour les boulangers-p\u00e2tissiers et boulang\u00e8res-p\u00e2tissi\u00e8res. \u00abNous sommes ainsi \u00e0 nouveau en conformit\u00e9 avec la LDAI (loi f\u00e9d\u00e9rale sur les denr\u00e9es alimentaires et les objets usuels)\u00bb, s&#8217;est r\u00e9joui Peter Signer, responsable de la formation professionnelle et continue en production.<\/p>\n\n\n\n<p><strong>Inscription dans le brevet f\u00e9d\u00e9ral<\/strong><br>Peter Signer, a inform\u00e9 le CC de deux changements lors de la r\u00e9union de ce dernier: d\u00e8s&nbsp;2024, l\u2019orientation sera d\u00e9sormais apparente dans le brevet f\u00e9d\u00e9ral&nbsp;CFC. La feuille de notes ne pourra plus \u00eatre remise, ce qui est d\u00e9j\u00e0 la r\u00e8gle dans la plupart des cantons.<\/p>\n\n\n\n<p><strong>Classe d&#8217;examen professionnel lanc\u00e9e<br><\/strong>En ao\u00fbt 2023, 16 candidats et candidates ont commenc\u00e9 la fili\u00e8re de l&#8217;examen professionnel, sept dans le domaine de la boulangerie-p\u00e2tisserie, cinq dans celui de la p\u00e2tisserie-confiserie, quatre dans celui du commerce de d\u00e9tail.<br><br><strong>Examen quinquennal: enqu\u00eate<br><\/strong>En raison de l&#8217;examen quinquennal du Secr\u00e9tariat d&#8217;\u00c9tat \u00e0 la formation, \u00e0 la recherche et \u00e0 l&#8217;innovation (SEFRI), une enqu\u00eate (accessible \u00e0 tous) a \u00e9t\u00e9 men\u00e9e cette ann\u00e9e aupr\u00e8s des employeurs et employeuses, des formateurs et formatrices, des ma\u00eetres et ma\u00eetresses de cours et des personnes int\u00e9ress\u00e9es ainsi qu&#8217;aupr\u00e8s des anciens apprentis et apprenties ayant obtenu leur dipl\u00f4me en 2022-2023. Le fait est, selon Peter Signer, qu\u2019un changement est n\u00e9cessaire en mati\u00e8re de formation et d\u2019examen final, \u00absi nous ne voulons pas perdre encore plus d&#8217;entreprises formatrices ou voir fleurir le nombre de solutions cantonales\u00bb. La derni\u00e8re r\u00e9vision totale de la formation initiale en boulangerie-p\u00e2tisserie-confiserie a \u00e9t\u00e9 entreprise en&nbsp;2006 et est entr\u00e9e en vigueur en&nbsp;2011. R\u00e9vision \u00abseulement\u00bb partielle ou totale et \u00e0 quel prix? Le groupe de travail r\u00e9cemment constitu\u00e9 a \u00e9t\u00e9 charg\u00e9 par le CC de fournir des informations suppl\u00e9mentaires en vue d&#8217;une d\u00e9cision et de proposer les premi\u00e8res modifications.<\/p>\n\n\n\n<h3 class=\"wp-block-heading\" id=\"h-commerce-de-detail\"><strong><br><\/strong>Commerce de d\u00e9tail<\/h3>\n\n\n\n<p><strong>Vente 2022+: d\u00e9pliant<\/strong><br>Un d\u00e9pliant pour Vente2022+ a \u00e9t\u00e9 \u00e9labor\u00e9 par Formation du commerce de d\u00e9tail suisse (FCS). Riche en liens utiles, il d\u00e9crit de mani\u00e8re compacte et claire le syst\u00e8me de formation sur le lieu de formation. Cet outil est destin\u00e9 \u00e0 soutenir les formateurs et formatrices dans leur travail. Il est disponible gratuitement sous forme \u00e9lectronique. Ce d\u00e9pliant est disponible sur le site web de FCS, mais aussi dans les documents Vente 2022+ sur <a href=\"https:\/\/forme-ton-avenir.ch\/fr\/documents\/docvente2022cfc\"><u>forme-ton-avenir.ch<\/u>.<\/a><\/p>\n\n\n\n<p><strong>Vente 2022+: formation Konvink<br><\/strong>Formation du commerce de d\u00e9tail suisse (FCS) propose des formations en ligne sur Konvink. Aucune inscription n&#8217;est n\u00e9cessaire.<br>La direction de la formation est assur\u00e9e par Konvink. Le lien est mentionn\u00e9 dans le d\u00e9pliant susmentionn\u00e9 ou peut \u00eatre consult\u00e9 directement sur le site web de FCS. \u00abC&#8217;est avec plaisir que nous autres du secteur soutenons les formateurs et formatrices en paroles et en actes\u00bb, a soulign\u00e9 Lisa Frunz, responsable du commerce de d\u00e9tail de la BCS. \u00abC&#8217;est pourquoi nous offrons toujours la possibilit\u00e9 de formations sur site.\u00bb Les cheffes expertes ont \u00e9t\u00e9 inform\u00e9es de cette offre. De plus, tous les participants et participantes aux cours de formatrices et formateurs professionnels sont form\u00e9s une journ\u00e9e avec Konvink. Les personnes qui n&#8217;ont pas suivi le cours de FP \u00e0 l&#8217;Ecole professionnelle Richemont peuvent y suivre la journ\u00e9e de \u00abplanification de la formation\u00bb.<\/p>\n\n\n\n<p><strong>Vente 2022+: directives<\/strong><br>Les directives PdQ \u00abVente 2022+\u00bb et une s\u00e9rie 0 ont \u00e9t\u00e9 approuv\u00e9es lors de la derni\u00e8re s\u00e9ance de la commission fin ao\u00fbt. Ces documents doivent maintenant \u00eatre mis au point et traduits. <s>&nbsp;<\/s><\/p>\n\n\n\n<h3 class=\"wp-block-heading\" id=\"h-ecole-professionnelle-richemont\"><br><strong>Ecole professionnelle Richemont <\/strong><strong><\/strong><\/h3>\n\n\n\n<p>Le directeur Reto Fries a fait \u00e9tat d&#8217;une \u00e9volution positive des inscriptions aux cours, une augmentation d&#8217;environ 150&nbsp;% ayant \u00e9t\u00e9 enregistr\u00e9e par rapport \u00e0 l&#8217;ann\u00e9e pr\u00e9c\u00e9dente.<\/p>\n\n\n\n<p><strong>Richemont: passeport vacances r\u00e9ussi<\/strong><br>L&#8217;Ecole professionnelle Richemont de Lucerne a particip\u00e9 pour la deuxi\u00e8me fois \u00e0 l&#8217;offre cantonale du passeport vacances \u2013 avec un franc succ\u00e8s. Comptant parmi les plus appr\u00e9ci\u00e9es, l\u2019offre a \u00e9t\u00e9 tr\u00e8s pris\u00e9e. Quelque 150&nbsp;personnes ont particip\u00e9 aux huit apr\u00e8s-midis organis\u00e9s pour l\u2019occasion.<\/p>\n\n\n\n<p><strong>Conf\u00e9rences des pr\u00e9sidents, pr\u00e9sidentes et secr\u00e9taires des associations cantonales et r\u00e9gionales<br><\/strong>Depuis \u00abReload\u00bb, la conf\u00e9rence des pr\u00e9sidents, pr\u00e9sidentes et secr\u00e9taires cantonaux et r\u00e9gionaux a lieu deux fois par an. La participation \u00e0 la r\u00e9union de cette ann\u00e9e a \u00e9t\u00e9 faible. Des repr\u00e9sentants et repr\u00e9sentantes de onze cantons\/r\u00e9gions \u00e9taient pr\u00e9sents. Ne faudrait-il pr\u00e9voir plus qu\u2019seul \u00e9v\u00e9nement de ce type \u00e0 partir de 2026? Comment devrait-il \u00eatre organis\u00e9? Les repr\u00e9sentants et repr\u00e9sentantes ont re\u00e7u le mandat d&#8217;aller sonder leurs comit\u00e9s.<\/p>\n\n\n\n<h3 class=\"wp-block-heading\" id=\"h-politique\"><strong>Politique<\/strong><\/h3>\n\n\n\n<p><strong>R\u00e9forme de la LPP<\/strong><br>Le directeur de la BCS, Urs Wellauer-Boschung, a \u00e9voqu\u00e9 la prochaine r\u00e9forme de la LPP, contre laquelle un r\u00e9f\u00e9rendum a \u00e9t\u00e9 lanc\u00e9. \u00abNotre secteur est concern\u00e9 et nous allons analyser la situation avec Panvica.\u00bb La votation populaire aura lieu le 2 juin.<\/p>\n\n\n\n<p><strong>D\u00e9claration du pain et des produits de boulangerie<br><\/strong>La nouvelle ordonnance de la loi sur les denr\u00e9es alimentaires (Stretto 4) entrera probablement en vigueur au printemps 2024, selon les pronostics d\u2019Urs Wellauer-Boschung, qui esp\u00e8re que le renforcement de la d\u00e9claration du pain et des produits de boulangerie pr\u00e9voira des solutions pragmatiques. Le rapport de la Conf\u00e9d\u00e9ration n&#8217;a pas encore \u00e9t\u00e9 publi\u00e9. La BCS s&#8217;engage fortement dans ce sens. Des efforts sont actuellement d\u00e9ploy\u00e9s au niveau politique pour r\u00e9duire la consommation de sucre, de gras et de sel. On s&#8217;efforce de prendre des mesures sur une base volontaire et de miser sur la sensibilisation, a d\u00e9clar\u00e9 Wellauer-Boschung.<\/p>\n\n\n\n<p><strong>Protection contre la tromperie<br><\/strong>Il faut rendre plus difficiles les imitations et les contrefa\u00e7ons dans le domaine alimentaire. La loi sur la tromperie datant de 2014 doit \u00eatre adapt\u00e9e. Celle-ci concerne toutefois principalement le commerce en ligne et ne touche notre secteur que de mani\u00e8re marginale, a soulign\u00e9 le directeur de la BCS Urs Wellauer-Boschung. &nbsp;<strong><\/strong><\/p>\n\n\n\n<p><strong>Energie<br><\/strong>Une campagne de sensibilisation aux \u00e9conomies d&#8217;\u00e9nergie a \u00e9t\u00e9 lanc\u00e9e dans \u00abPanissimo\u00bb. (Lien article). Urs Wellauer-Boschung est membre du Sounding Board de la p\u00e9nurie d\u2019\u00e9nergie: \u00abNous ne pensons pas revivre prochainement la m\u00eame situation que l&#8217;ann\u00e9e derni\u00e8re. A moins que la situation g\u00e9opolitique ne change ou que les temp\u00e9ratures ne baissent \u00e0 des niveaux records.\u00bb <br><a href=\"https:\/\/swissbaker.ch\/fr\/panissimo-news\/la-situationreste-tendue\/\">Commentaire Urs Wellauer-Boschung&#8230;\u00bb<\/a><\/p>\n\n\n\n<p><strong>Convention collective de travail (CCT)<br><\/strong>Les n\u00e9gociations pour une nouvelle convention collective de travail sont actuellement en cours entre la BCS, en tant qu\u2019association patronale, et les repr\u00e9sentants des travailleurs et travailleuses de la soci\u00e9t\u00e9 professionnelle Boulangerie &amp; Confiserie, Syna et Unia. Harisa Reiz, directrice adjointe de la BCS, a inform\u00e9 les membres du CC de l&#8217;\u00e9tat des discussions et pris note de diff\u00e9rentes suggestions pour la prochaine ronde de n\u00e9gociations. \u00a0<\/p>\n\n\n\n<h3 class=\"wp-block-heading\" id=\"h-marketing-evenements\"><strong>Marketing + \u00e9v\u00e8nements<\/strong><\/h3>\n\n\n\n<p><strong>Campagne des Rois \u2013 une chance pour les membres<br><\/strong>De nombreuses campagnes internes \u00e0 l&#8217;association sont actuellement en cours sur les plateformes de communication de la BCS: calendrier des saveurs, campagne pour les \u00e9conomies d&#8217;\u00e9nergie, Perspective Suisse (\u00e9lections f\u00e9d\u00e9rales), campagne pour la rel\u00e8ve, concours du pralin\u00e9 \u00e0 l\u2019eau de vie campagne des Rois. Le pr\u00e9sident de la BCS, Silvan Hotz, a appel\u00e9 les personnes pr\u00e9sentes \u00e0 soutenir <a href=\"https:\/\/swissbaker.ch\/fr\/advertising\/campagne-des-rois-2024\/\">la campagne des Rois<\/a>, et \u00e0 motiver les membres \u00e0 y participer: \u00abC&#8217;est une excellente occasion de nous d\u00e9marquer des grands distributeurs et consorts.\u00bb <\/p>\n\n\n\n<p><strong>Salons des m\u00e9tiers: mat\u00e9riel de stand<br><\/strong>L&#8217;association cantonale argovienne s&#8217;est pr\u00e9sent\u00e9e au salon des m\u00e9tiers de Wettingen avec un nouveau concept de stand, totalement dans le look de la campagne de promotion de la rel\u00e8ve de la BCS, avec l\u2019intitul\u00e9 \u00abpirates\u00bb. La nouvelle pr\u00e9sentation a \u00e9t\u00e9 un succ\u00e8s sur toute la ligne et l&#8217;\u00e9cho m\u00e9diatique s\u2019est av\u00e9r\u00e9 important. L&#8217;association cantonale argovienne loue le stand ou une partie de celui-ci aux associations cantonales ou r\u00e9gionales int\u00e9ress\u00e9es. <\/p>\n\n\n\n<p><strong>SwissSkills 2023<\/strong><br>Les SwissSkills se d\u00e9rouleront du 21 au 23 novembre \u00e0 l&#8217;Ecole professionnelle Richemont de Lucerne. Les travaux pourront \u00eatre admir\u00e9s le jeudi 23&nbsp;novembre, la c\u00e9r\u00e9monie de cl\u00f4ture \u00e9tant pr\u00e9vue \u00e0 16&nbsp;h&nbsp;30.<\/p>\n\n\n\n<h3 class=\"wp-block-heading\" id=\"h-institutions-de-la-bcs\"><strong>Institutions de la BCS<\/strong><\/h3>\n\n\n\n<p><strong>SBC Fiduciaire<br><\/strong>Markus K\u00fcnzli, directeur de SBC Fiduciaire SA, a rapport\u00e9 de bonnes nouvelles. L&#8217;institution de la BCS est sur la bonne voie, relativement peu de d\u00e9parts de clients ayant \u00e9t\u00e9 enregistr\u00e9s, et quelques nouveaux clients ayant pu \u00eatre acquis. La situation est tendue dans le secteur de la boulangerie-confiserie artisanale, selon K\u00fcnzli. Il faudrait proc\u00e9der \u00e0 des adaptations de prix en vue de la nouvelle hausse des co\u00fbts de l&#8217;\u00e9nergie. Un changement \u00e0 la t\u00eate de SBC Fiduciaire SA interviendra en fin d\u2019ann\u00e9e, Markus K\u00fcnzli ayant d\u00e9missionn\u00e9 pour la fin de l&#8217;ann\u00e9e. Sa succession est r\u00e9gl\u00e9e. <a href=\"https:\/\/swissbaker.ch\/fr\/panissimo-news\/nouvelle-direction-pour-sbc-fiduciaire-sa\/\">Informations compl\u00e9mentaires&#8230;\u00bb<\/a><\/p>\n\n\n\n<p><strong>Panvica<br><\/strong>Depuis que Patricia Hochstrasser, directrice de Panvica, a repris la direction, beaucoup de choses ont \u00e9t\u00e9 am\u00e9lior\u00e9es, modifi\u00e9es et adapt\u00e9es aux exigences actuelles, dont notamment la num\u00e9risation, l&#8217;optimisation des processus et le rafra\u00eechissement de la pr\u00e9sentation. Le portail client \u00e9lectronique connect est en service. Plus de 50 % de la client\u00e8le utilise cette offre conviviale. Panvica a \u00e9galement introduit la gestion de la sant\u00e9 en entreprise. Le taux de couverture de Pplus et de la CPP est satisfaisant, et ce malgr\u00e9 une mauvaise ann\u00e9e boursi\u00e8re. Le nouveau site internet a rencontr\u00e9 un \u00e9cho positif. &nbsp;<\/p>\n\n\n\n<h3 class=\"wp-block-heading\" id=\"h-divers\"><strong><br><\/strong><strong>Divers<\/strong><\/h3>\n\n\n\n<p><strong>R\u00e8glements approuv\u00e9s<\/strong><br>Le comit\u00e9 central a approuv\u00e9 l\u2019adaptation du r\u00e8glement d\u2019organisation de la BCS. Il s&#8217;est \u00e9galement pench\u00e9 sur l&#8217;analyse d&#8217;impact de la protection des donn\u00e9es et a jug\u00e9 que le traitement des donn\u00e9es ne pr\u00e9sentait pas de risque \u00e9lev\u00e9 en cas de respect des mesures y relatives. Aucune notification au Pr\u00e9pos\u00e9 f\u00e9d\u00e9ral \u00e0 la protection des donn\u00e9es et \u00e0 la transparence n\u2019est donc n\u00e9cessaire.<\/p>\n\n\n\n<p>La commission paritaire des boulangers-confiseurs(cpbc) a pour sa part fait savoir que pour 2023, la d\u00e9claration des contributions des travailleurs et travailleuses salariales interviendrait num\u00e9riquement. De plus amples informations suivront prochainement.<\/p>\n\n\n\n<p class=\"has-text-align-right\"><em>Claudia Vernocchi<\/em><\/p>\n","protected":false},"excerpt":{"rendered":"<p>Le comit\u00e9 central de l&#8217;Association suisse des patrons boulangers-confiseurs (BCS) s&#8217;est r\u00e9uni d\u00e9but septembre pendant deux jours \u00e0 Fribourg. Cette r\u00e9union \u00e9tait la premi\u00e8re apr\u00e8s la (r\u00e9)\u00e9lection au congr\u00e8s de juin dernier \u00e0 Berne.<\/p>\n","protected":false},"author":5,"featured_media":67981,"comment_status":"closed","ping_status":"closed","sticky":false,"template":"","format":"standard","meta":{"_acf_changed":false,"footnotes":""},"categories":[41],"tags":[],"class_list":["post-68238","post","type-post","status-publish","format-standard","has-post-thumbnail","hentry","category-association"],"acf":[],"yoast_head":"<!-- This site is optimized with the Yoast SEO Premium plugin v26.8 (Yoast SEO v26.8) - https:\/\/yoast.com\/product\/yoast-seo-premium-wordpress\/ -->\n<title>Premi\u00e8re s\u00e9ance du CC apr\u00e8s le congr\u00e8s | SBC<\/title>\n<meta name=\"robots\" content=\"index, follow, max-snippet:-1, max-image-preview:large, max-video-preview:-1\" \/>\n<link rel=\"canonical\" href=\"https:\/\/swissbaker.ch\/fr\/panissimo-news\/premiere-seance-du-cc-apres-le-congres\/\" \/>\n<meta property=\"og:locale\" content=\"fr_FR\" \/>\n<meta property=\"og:type\" content=\"article\" \/>\n<meta property=\"og:title\" content=\"Premi\u00e8re s\u00e9ance du CC apr\u00e8s le congr\u00e8s\" \/>\n<meta property=\"og:description\" content=\"Le comit\u00e9 central de l&#039;Association suisse des patrons boulangers-confiseurs (BCS) s&#039;est r\u00e9uni d\u00e9but septembre pendant deux jours \u00e0 Fribourg. Cette r\u00e9union \u00e9tait la premi\u00e8re apr\u00e8s la (r\u00e9)\u00e9lection au congr\u00e8s de juin dernier \u00e0 Berne.\" \/>\n<meta property=\"og:url\" content=\"https:\/\/swissbaker.ch\/fr\/panissimo-news\/premiere-seance-du-cc-apres-le-congres\/\" \/>\n<meta property=\"og:site_name\" content=\"SBC\" \/>\n<meta property=\"article:publisher\" content=\"https:\/\/www.facebook.com\/swissbaker.ch\" \/>\n<meta property=\"article:published_time\" content=\"2023-09-13T10:02:21+00:00\" \/>\n<meta property=\"article:modified_time\" content=\"2023-09-14T08:33:52+00:00\" \/>\n<meta property=\"og:image\" content=\"https:\/\/swissbaker.ch\/wp-content\/uploads\/2023\/09\/17_1_zentralvorstand.jpg\" \/>\n\t<meta property=\"og:image:width\" content=\"1200\" \/>\n\t<meta property=\"og:image:height\" content=\"712\" \/>\n\t<meta property=\"og:image:type\" content=\"image\/jpeg\" \/>\n<meta name=\"author\" content=\"Simon Nussbaum\" \/>\n<meta name=\"twitter:card\" content=\"summary_large_image\" \/>\n<meta name=\"twitter:creator\" content=\"@ch_swissbaker\" \/>\n<meta name=\"twitter:site\" content=\"@ch_swissbaker\" \/>\n<meta name=\"twitter:label1\" content=\"Written by\" \/>\n\t<meta name=\"twitter:data1\" content=\"Simon Nussbaum\" \/>\n\t<meta name=\"twitter:label2\" content=\"Est. reading time\" \/>\n\t<meta name=\"twitter:data2\" content=\"9 minutes\" \/>\n<script type=\"application\/ld+json\" class=\"yoast-schema-graph\">{\"@context\":\"https:\/\/schema.org\",\"@graph\":[{\"@type\":\"Article\",\"@id\":\"https:\/\/swissbaker.ch\/fr\/panissimo-news\/premiere-seance-du-cc-apres-le-congres\/#article\",\"isPartOf\":{\"@id\":\"https:\/\/swissbaker.ch\/fr\/panissimo-news\/premiere-seance-du-cc-apres-le-congres\/\"},\"author\":{\"name\":\"Simon Nussbaum\",\"@id\":\"https:\/\/swissbaker.ch\/fr\/#\/schema\/person\/74bd327b08c18ca6042c02ff6f0ed5e2\"},\"headline\":\"Premi\u00e8re s\u00e9ance du CC apr\u00e8s le congr\u00e8s\",\"datePublished\":\"2023-09-13T10:02:21+00:00\",\"dateModified\":\"2023-09-14T08:33:52+00:00\",\"mainEntityOfPage\":{\"@id\":\"https:\/\/swissbaker.ch\/fr\/panissimo-news\/premiere-seance-du-cc-apres-le-congres\/\"},\"wordCount\":1968,\"publisher\":{\"@id\":\"https:\/\/swissbaker.ch\/fr\/#organization\"},\"image\":{\"@id\":\"https:\/\/swissbaker.ch\/fr\/panissimo-news\/premiere-seance-du-cc-apres-le-congres\/#primaryimage\"},\"thumbnailUrl\":\"https:\/\/swissbaker.ch\/wp-content\/uploads\/2023\/09\/17_1_zentralvorstand.jpg\",\"articleSection\":[\"Association\"],\"inLanguage\":\"fr-FR\"},{\"@type\":\"WebPage\",\"@id\":\"https:\/\/swissbaker.ch\/fr\/panissimo-news\/premiere-seance-du-cc-apres-le-congres\/\",\"url\":\"https:\/\/swissbaker.ch\/fr\/panissimo-news\/premiere-seance-du-cc-apres-le-congres\/\",\"name\":\"Premi\u00e8re s\u00e9ance du CC apr\u00e8s le congr\u00e8s | SBC\",\"isPartOf\":{\"@id\":\"https:\/\/swissbaker.ch\/fr\/#website\"},\"primaryImageOfPage\":{\"@id\":\"https:\/\/swissbaker.ch\/fr\/panissimo-news\/premiere-seance-du-cc-apres-le-congres\/#primaryimage\"},\"image\":{\"@id\":\"https:\/\/swissbaker.ch\/fr\/panissimo-news\/premiere-seance-du-cc-apres-le-congres\/#primaryimage\"},\"thumbnailUrl\":\"https:\/\/swissbaker.ch\/wp-content\/uploads\/2023\/09\/17_1_zentralvorstand.jpg\",\"datePublished\":\"2023-09-13T10:02:21+00:00\",\"dateModified\":\"2023-09-14T08:33:52+00:00\",\"breadcrumb\":{\"@id\":\"https:\/\/swissbaker.ch\/fr\/panissimo-news\/premiere-seance-du-cc-apres-le-congres\/#breadcrumb\"},\"inLanguage\":\"fr-FR\",\"potentialAction\":[{\"@type\":\"ReadAction\",\"target\":[\"https:\/\/swissbaker.ch\/fr\/panissimo-news\/premiere-seance-du-cc-apres-le-congres\/\"]}]},{\"@type\":\"ImageObject\",\"inLanguage\":\"fr-FR\",\"@id\":\"https:\/\/swissbaker.ch\/fr\/panissimo-news\/premiere-seance-du-cc-apres-le-congres\/#primaryimage\",\"url\":\"https:\/\/swissbaker.ch\/wp-content\/uploads\/2023\/09\/17_1_zentralvorstand.jpg\",\"contentUrl\":\"https:\/\/swissbaker.ch\/wp-content\/uploads\/2023\/09\/17_1_zentralvorstand.jpg\",\"width\":1200,\"height\":712},{\"@type\":\"BreadcrumbList\",\"@id\":\"https:\/\/swissbaker.ch\/fr\/panissimo-news\/premiere-seance-du-cc-apres-le-congres\/#breadcrumb\",\"itemListElement\":[{\"@type\":\"ListItem\",\"position\":1,\"name\":\"\",\"item\":\"https:\/\/swissbaker.ch\/fr\/\"},{\"@type\":\"ListItem\",\"position\":2,\"name\":\"Association\",\"item\":\"https:\/\/swissbaker.ch\/fr\/panissimo-news\/category\/association\/\"},{\"@type\":\"ListItem\",\"position\":3,\"name\":\"Premi\u00e8re s\u00e9ance du CC apr\u00e8s le congr\u00e8s\"}]},{\"@type\":\"WebSite\",\"@id\":\"https:\/\/swissbaker.ch\/fr\/#website\",\"url\":\"https:\/\/swissbaker.ch\/fr\/\",\"name\":\"SBC\",\"description\":\"\",\"publisher\":{\"@id\":\"https:\/\/swissbaker.ch\/fr\/#organization\"},\"potentialAction\":[{\"@type\":\"SearchAction\",\"target\":{\"@type\":\"EntryPoint\",\"urlTemplate\":\"https:\/\/swissbaker.ch\/fr\/?s={search_term_string}\"},\"query-input\":{\"@type\":\"PropertyValueSpecification\",\"valueRequired\":true,\"valueName\":\"search_term_string\"}}],\"inLanguage\":\"fr-FR\"},{\"@type\":\"Organization\",\"@id\":\"https:\/\/swissbaker.ch\/fr\/#organization\",\"name\":\"Schweizerischer B\u00e4cker-Confiseurmeister-Verband\",\"url\":\"https:\/\/swissbaker.ch\/fr\/\",\"logo\":{\"@type\":\"ImageObject\",\"inLanguage\":\"fr-FR\",\"@id\":\"https:\/\/swissbaker.ch\/fr\/#\/schema\/logo\/image\/\",\"url\":\"https:\/\/swissbaker.ch\/wp-content\/uploads\/2022\/04\/sbc-logo-yoast.jpg\",\"contentUrl\":\"https:\/\/swissbaker.ch\/wp-content\/uploads\/2022\/04\/sbc-logo-yoast.jpg\",\"width\":512,\"height\":512,\"caption\":\"Schweizerischer B\u00e4cker-Confiseurmeister-Verband\"},\"image\":{\"@id\":\"https:\/\/swissbaker.ch\/fr\/#\/schema\/logo\/image\/\"},\"sameAs\":[\"https:\/\/www.facebook.com\/swissbaker.ch\",\"https:\/\/x.com\/ch_swissbaker\"]},{\"@type\":\"Person\",\"@id\":\"https:\/\/swissbaker.ch\/fr\/#\/schema\/person\/74bd327b08c18ca6042c02ff6f0ed5e2\",\"name\":\"Simon Nussbaum\",\"image\":{\"@type\":\"ImageObject\",\"inLanguage\":\"fr-FR\",\"@id\":\"https:\/\/swissbaker.ch\/fr\/#\/schema\/person\/image\/\",\"url\":\"https:\/\/secure.gravatar.com\/avatar\/df0eced3bb556c806cb760cf503ade1ed1df25b4104d80d6fd28d93a9509aa12?s=96&d=mm&r=g\",\"contentUrl\":\"https:\/\/secure.gravatar.com\/avatar\/df0eced3bb556c806cb760cf503ade1ed1df25b4104d80d6fd28d93a9509aa12?s=96&d=mm&r=g\",\"caption\":\"Simon Nussbaum\"},\"url\":\"https:\/\/swissbaker.ch\/fr\/panissimo-news\/author\/simon-nussbaum\/\"}]}<\/script>\n<!-- \/ Yoast SEO Premium plugin. -->","yoast_head_json":{"title":"Premi\u00e8re s\u00e9ance du CC apr\u00e8s le congr\u00e8s | SBC","robots":{"index":"index","follow":"follow","max-snippet":"max-snippet:-1","max-image-preview":"max-image-preview:large","max-video-preview":"max-video-preview:-1"},"canonical":"https:\/\/swissbaker.ch\/fr\/panissimo-news\/premiere-seance-du-cc-apres-le-congres\/","og_locale":"fr_FR","og_type":"article","og_title":"Premi\u00e8re s\u00e9ance du CC apr\u00e8s le congr\u00e8s","og_description":"Le comit\u00e9 central de l'Association suisse des patrons boulangers-confiseurs (BCS) s'est r\u00e9uni d\u00e9but septembre pendant deux jours \u00e0 Fribourg. Cette r\u00e9union \u00e9tait la premi\u00e8re apr\u00e8s la (r\u00e9)\u00e9lection au congr\u00e8s de juin dernier \u00e0 Berne.","og_url":"https:\/\/swissbaker.ch\/fr\/panissimo-news\/premiere-seance-du-cc-apres-le-congres\/","og_site_name":"SBC","article_publisher":"https:\/\/www.facebook.com\/swissbaker.ch","article_published_time":"2023-09-13T10:02:21+00:00","article_modified_time":"2023-09-14T08:33:52+00:00","og_image":[{"width":1200,"height":712,"url":"https:\/\/swissbaker.ch\/wp-content\/uploads\/2023\/09\/17_1_zentralvorstand.jpg","type":"image\/jpeg"}],"author":"Simon Nussbaum","twitter_card":"summary_large_image","twitter_creator":"@ch_swissbaker","twitter_site":"@ch_swissbaker","twitter_misc":{"Written by":"Simon Nussbaum","Est. reading time":"9 minutes"},"schema":{"@context":"https:\/\/schema.org","@graph":[{"@type":"Article","@id":"https:\/\/swissbaker.ch\/fr\/panissimo-news\/premiere-seance-du-cc-apres-le-congres\/#article","isPartOf":{"@id":"https:\/\/swissbaker.ch\/fr\/panissimo-news\/premiere-seance-du-cc-apres-le-congres\/"},"author":{"name":"Simon Nussbaum","@id":"https:\/\/swissbaker.ch\/fr\/#\/schema\/person\/74bd327b08c18ca6042c02ff6f0ed5e2"},"headline":"Premi\u00e8re s\u00e9ance du CC apr\u00e8s le congr\u00e8s","datePublished":"2023-09-13T10:02:21+00:00","dateModified":"2023-09-14T08:33:52+00:00","mainEntityOfPage":{"@id":"https:\/\/swissbaker.ch\/fr\/panissimo-news\/premiere-seance-du-cc-apres-le-congres\/"},"wordCount":1968,"publisher":{"@id":"https:\/\/swissbaker.ch\/fr\/#organization"},"image":{"@id":"https:\/\/swissbaker.ch\/fr\/panissimo-news\/premiere-seance-du-cc-apres-le-congres\/#primaryimage"},"thumbnailUrl":"https:\/\/swissbaker.ch\/wp-content\/uploads\/2023\/09\/17_1_zentralvorstand.jpg","articleSection":["Association"],"inLanguage":"fr-FR"},{"@type":"WebPage","@id":"https:\/\/swissbaker.ch\/fr\/panissimo-news\/premiere-seance-du-cc-apres-le-congres\/","url":"https:\/\/swissbaker.ch\/fr\/panissimo-news\/premiere-seance-du-cc-apres-le-congres\/","name":"Premi\u00e8re s\u00e9ance du CC apr\u00e8s le congr\u00e8s | SBC","isPartOf":{"@id":"https:\/\/swissbaker.ch\/fr\/#website"},"primaryImageOfPage":{"@id":"https:\/\/swissbaker.ch\/fr\/panissimo-news\/premiere-seance-du-cc-apres-le-congres\/#primaryimage"},"image":{"@id":"https:\/\/swissbaker.ch\/fr\/panissimo-news\/premiere-seance-du-cc-apres-le-congres\/#primaryimage"},"thumbnailUrl":"https:\/\/swissbaker.ch\/wp-content\/uploads\/2023\/09\/17_1_zentralvorstand.jpg","datePublished":"2023-09-13T10:02:21+00:00","dateModified":"2023-09-14T08:33:52+00:00","breadcrumb":{"@id":"https:\/\/swissbaker.ch\/fr\/panissimo-news\/premiere-seance-du-cc-apres-le-congres\/#breadcrumb"},"inLanguage":"fr-FR","potentialAction":[{"@type":"ReadAction","target":["https:\/\/swissbaker.ch\/fr\/panissimo-news\/premiere-seance-du-cc-apres-le-congres\/"]}]},{"@type":"ImageObject","inLanguage":"fr-FR","@id":"https:\/\/swissbaker.ch\/fr\/panissimo-news\/premiere-seance-du-cc-apres-le-congres\/#primaryimage","url":"https:\/\/swissbaker.ch\/wp-content\/uploads\/2023\/09\/17_1_zentralvorstand.jpg","contentUrl":"https:\/\/swissbaker.ch\/wp-content\/uploads\/2023\/09\/17_1_zentralvorstand.jpg","width":1200,"height":712},{"@type":"BreadcrumbList","@id":"https:\/\/swissbaker.ch\/fr\/panissimo-news\/premiere-seance-du-cc-apres-le-congres\/#breadcrumb","itemListElement":[{"@type":"ListItem","position":1,"name":"","item":"https:\/\/swissbaker.ch\/fr\/"},{"@type":"ListItem","position":2,"name":"Association","item":"https:\/\/swissbaker.ch\/fr\/panissimo-news\/category\/association\/"},{"@type":"ListItem","position":3,"name":"Premi\u00e8re s\u00e9ance du CC apr\u00e8s le congr\u00e8s"}]},{"@type":"WebSite","@id":"https:\/\/swissbaker.ch\/fr\/#website","url":"https:\/\/swissbaker.ch\/fr\/","name":"SBC","description":"","publisher":{"@id":"https:\/\/swissbaker.ch\/fr\/#organization"},"potentialAction":[{"@type":"SearchAction","target":{"@type":"EntryPoint","urlTemplate":"https:\/\/swissbaker.ch\/fr\/?s={search_term_string}"},"query-input":{"@type":"PropertyValueSpecification","valueRequired":true,"valueName":"search_term_string"}}],"inLanguage":"fr-FR"},{"@type":"Organization","@id":"https:\/\/swissbaker.ch\/fr\/#organization","name":"Schweizerischer B\u00e4cker-Confiseurmeister-Verband","url":"https:\/\/swissbaker.ch\/fr\/","logo":{"@type":"ImageObject","inLanguage":"fr-FR","@id":"https:\/\/swissbaker.ch\/fr\/#\/schema\/logo\/image\/","url":"https:\/\/swissbaker.ch\/wp-content\/uploads\/2022\/04\/sbc-logo-yoast.jpg","contentUrl":"https:\/\/swissbaker.ch\/wp-content\/uploads\/2022\/04\/sbc-logo-yoast.jpg","width":512,"height":512,"caption":"Schweizerischer B\u00e4cker-Confiseurmeister-Verband"},"image":{"@id":"https:\/\/swissbaker.ch\/fr\/#\/schema\/logo\/image\/"},"sameAs":["https:\/\/www.facebook.com\/swissbaker.ch","https:\/\/x.com\/ch_swissbaker"]},{"@type":"Person","@id":"https:\/\/swissbaker.ch\/fr\/#\/schema\/person\/74bd327b08c18ca6042c02ff6f0ed5e2","name":"Simon Nussbaum","image":{"@type":"ImageObject","inLanguage":"fr-FR","@id":"https:\/\/swissbaker.ch\/fr\/#\/schema\/person\/image\/","url":"https:\/\/secure.gravatar.com\/avatar\/df0eced3bb556c806cb760cf503ade1ed1df25b4104d80d6fd28d93a9509aa12?s=96&d=mm&r=g","contentUrl":"https:\/\/secure.gravatar.com\/avatar\/df0eced3bb556c806cb760cf503ade1ed1df25b4104d80d6fd28d93a9509aa12?s=96&d=mm&r=g","caption":"Simon Nussbaum"},"url":"https:\/\/swissbaker.ch\/fr\/panissimo-news\/author\/simon-nussbaum\/"}]}},"_links":{"self":[{"href":"https:\/\/swissbaker.ch\/fr\/wp-json\/wp\/v2\/posts\/68238","targetHints":{"allow":["GET"]}}],"collection":[{"href":"https:\/\/swissbaker.ch\/fr\/wp-json\/wp\/v2\/posts"}],"about":[{"href":"https:\/\/swissbaker.ch\/fr\/wp-json\/wp\/v2\/types\/post"}],"author":[{"embeddable":true,"href":"https:\/\/swissbaker.ch\/fr\/wp-json\/wp\/v2\/users\/5"}],"replies":[{"embeddable":true,"href":"https:\/\/swissbaker.ch\/fr\/wp-json\/wp\/v2\/comments?post=68238"}],"version-history":[{"count":0,"href":"https:\/\/swissbaker.ch\/fr\/wp-json\/wp\/v2\/posts\/68238\/revisions"}],"wp:featuredmedia":[{"embeddable":true,"href":"https:\/\/swissbaker.ch\/fr\/wp-json\/wp\/v2\/media\/67981"}],"wp:attachment":[{"href":"https:\/\/swissbaker.ch\/fr\/wp-json\/wp\/v2\/media?parent=68238"}],"wp:term":[{"taxonomy":"category","embeddable":true,"href":"https:\/\/swissbaker.ch\/fr\/wp-json\/wp\/v2\/categories?post=68238"},{"taxonomy":"post_tag","embeddable":true,"href":"https:\/\/swissbaker.ch\/fr\/wp-json\/wp\/v2\/tags?post=68238"}],"curies":[{"name":"wp","href":"https:\/\/api.w.org\/{rel}","templated":true}]}}