{"id":68037,"date":"2023-09-13T15:09:03","date_gmt":"2023-09-13T13:09:03","guid":{"rendered":"https:\/\/swissbaker.ch\/?p=68037"},"modified":"2023-09-14T17:00:47","modified_gmt":"2023-09-14T15:00:47","slug":"pour-le-debut-de-lautomne-on-fait-monter-l-a-temper-ature","status":"publish","type":"post","link":"https:\/\/swissbaker.ch\/fr\/panissimo-news\/pour-le-debut-de-lautomne-on-fait-monter-l-a-temper-ature\/","title":{"rendered":"Pour le d\u00e9but de l\u2019automne ,on fait monter l a temp\u00e9r ature"},"content":{"rendered":"\n<p><strong>Du 15 septembre au 13 octobre 2023, la troisi\u00e8me vague de la campagne de recrutement DE LA BCS s\u2019adresse aux jeunes, \u00e0 leurs parents, ainsi qu\u2019aux enseignants et enseignantes. L\u2019objectif est de les int\u00e9resser aux m\u00e9tiers de gestionnaire du commerce de d\u00e9tail et de boulanger-p\u00e2tissier-confiseur et boulang\u00e8re-p\u00e2tissi\u00e8re-confiseuse. Parez-vous d\u00e8s maintenant de notre mat\u00e9riel promotionnel polyvalent pour vous assurer une visibilit\u00e9 encore plus grande !<\/strong><\/p>\n\n\n\n<p>C\u2019est aujourd\u2019hui que \u00e7a recommence : notre campagne de rel\u00e8ve recrute dans toute la Suisse de futurs gestionnaires du commerce de d\u00e9tail et de futurs boulangers-p\u00e2tissiers-confiseurs et boulang\u00e8res-p\u00e2tissi\u00e8res-confiseuses. Du 15 septembre au 13 octobre, nous nous adressons aux professionnel  potentiels de la branche en ligne, dans trois langues nationales, partout o\u00f9 cela est pertinent.<\/p>\n\n\n\n<h2 class=\"wp-block-heading\" id=\"h-ce-a-quoi-vous-pouvez-vous-attendre\">Ce \u00e0 quoi vous pouvez vous attendre<\/h2>\n\n\n\n<p>Cela va sans dire, notre campagne vise les jeunes. Nous effectuons notre programme l\u00e0 o\u00f9 ils passent beaucoup de temps : TikTok, YouTube, Instagram et autres r\u00e9seaux sociaux. Nous montrons aux potentiels futurs apprentis et apprenties ce que nous cr\u00e9ons chaque jour, et la joie et le plaisir que nous procurons aux gens. Une communication cibl\u00e9e et vari\u00e9e sur d\u2019autres canaux vient s\u2019ajouter \u00e0 cela, par exemple pour le groupe cible des parents, des enseignants et des enseignantes sur Facebook et LinkedIn.<\/p>\n\n\n\n<h2 class=\"wp-block-heading\" id=\"h-ce-que-nous-vous-proposons\">Ce que nous vous proposons<\/h2>\n\n\n\n<p>Mais nous ne nous contentons pas d\u2019une pr\u00e9sence en ligne. Nous souhaitons \u00e9galement toucher les personnes vivant dans les quartiers, vos clientes et clients. Pour ce faire, nous mettons \u00e0 la disposition de nos membres une grande quantit\u00e9 de mat\u00e9riel tel que des roll\u2019ups, des affiches, des cartes postales, des sachets en papier et l\u2019eau min\u00e9rale de la branche aux couleurs de la campagne. Des pr\u00e9sentoirs de caisse, de courtes vid\u00e9os et des spots audio peuvent \u00e9galement \u00eatre t\u00e9l\u00e9charg\u00e9s. Car ce n\u2019est que si la campagne est bien visible dans l\u2019ensemble du secteur que nous pourrons tous en tirer profit<\/p>\n\n\n\n<p>Alors, \u00e9quipez vos sites avec le mat\u00e9riel publicitaire. Un aper\u00e7u des moyens publicitaires, <a href=\"https:\/\/swissbaker.ch\/fr\/association\/prestations-de-service\/marketing-communication\/campagne-de-releve\/\">en ligne et physiquement.<\/a><\/p>\n\n\n\n<p><strong>Postez, likez et partagez nos messages sur vos r\u00e9seaux sociaux!<\/strong><\/p>\n\n\n\n<p><a href=\"https:\/\/www.facebook.com\/swissbaker.ch\">Facebook<\/a>, <a href=\"https:\/\/twitter.com\/i\/flow\/login?redirect_after_login=%2FswissbakerCh\">X<\/a> (auparavant Twitter), <a href=\"https:\/\/www.instagram.com\/swissbaker.ch\/\">Instagram<\/a>, <a href=\"https:\/\/www.youtube.com\/user\/swissbaker99\">Youtube<\/a> et <a href=\"https:\/\/ch.linkedin.com\/company\/swissbaker\">Linkedin<\/a><\/p>\n","protected":false},"excerpt":{"rendered":"<p>Du 15 septembre au 13 octobre 2023, la troisi\u00e8me vague de la campagne de recrutement DE LA BCS s\u2019adresse aux jeunes, \u00e0 leurs parents, ainsi qu\u2019aux enseignants et enseignantes. L\u2019objectif est de les int\u00e9resser aux m\u00e9tiers de gestionnaire du commerce de d\u00e9tail et de boulanger-p\u00e2tissier-confiseur et boulang\u00e8re-p\u00e2tissi\u00e8re-confiseuse. Parez-vous d\u00e8s maintenant de notre mat\u00e9riel promotionnel polyvalent pour vous assurer une visibilit\u00e9 [&hellip;]<\/p>\n","protected":false},"author":14,"featured_media":68040,"comment_status":"closed","ping_status":"closed","sticky":true,"template":"","format":"standard","meta":{"_acf_changed":false,"footnotes":""},"categories":[47],"tags":[],"class_list":["post-68037","post","type-post","status-publish","format-standard","has-post-thumbnail","hentry","category-formation-releve"],"acf":[],"yoast_head":"<!-- This site is optimized with the Yoast SEO Premium plugin v26.8 (Yoast SEO v26.8) - https:\/\/yoast.com\/product\/yoast-seo-premium-wordpress\/ -->\n<title>Pour le d\u00e9but de l\u2019automne ,on fait monter l a temp\u00e9r ature | SBC<\/title>\n<meta name=\"robots\" content=\"index, follow, max-snippet:-1, max-image-preview:large, max-video-preview:-1\" \/>\n<link rel=\"canonical\" href=\"https:\/\/swissbaker.ch\/fr\/panissimo-news\/pour-le-debut-de-lautomne-on-fait-monter-l-a-temper-ature\/\" \/>\n<meta property=\"og:locale\" content=\"fr_FR\" \/>\n<meta property=\"og:type\" content=\"article\" \/>\n<meta property=\"og:title\" content=\"Pour le d\u00e9but de l\u2019automne ,on fait monter l a temp\u00e9r ature\" \/>\n<meta property=\"og:description\" content=\"Du 15 septembre au 13 octobre 2023, la troisi\u00e8me vague de la campagne de recrutement DE LA BCS s\u2019adresse aux jeunes, \u00e0 leurs parents, ainsi qu\u2019aux enseignants et enseignantes. L\u2019objectif est de les int\u00e9resser aux m\u00e9tiers de gestionnaire du commerce de d\u00e9tail et de boulanger-p\u00e2tissier-confiseur et boulang\u00e8re-p\u00e2tissi\u00e8re-confiseuse. Parez-vous d\u00e8s maintenant de notre mat\u00e9riel promotionnel polyvalent pour vous assurer une visibilit\u00e9 [&hellip;]\" \/>\n<meta property=\"og:url\" content=\"https:\/\/swissbaker.ch\/fr\/panissimo-news\/pour-le-debut-de-lautomne-on-fait-monter-l-a-temper-ature\/\" \/>\n<meta property=\"og:site_name\" content=\"SBC\" \/>\n<meta property=\"article:publisher\" content=\"https:\/\/www.facebook.com\/swissbaker.ch\" \/>\n<meta property=\"article:published_time\" content=\"2023-09-13T13:09:03+00:00\" \/>\n<meta property=\"article:modified_time\" content=\"2023-09-14T15:00:47+00:00\" \/>\n<meta property=\"og:image\" content=\"https:\/\/swissbaker.ch\/wp-content\/uploads\/2023\/09\/nachwuchskampagne_franzoesisch-scaled.jpg\" \/>\n\t<meta property=\"og:image:width\" content=\"2048\" \/>\n\t<meta property=\"og:image:height\" content=\"1154\" \/>\n\t<meta property=\"og:image:type\" content=\"image\/jpeg\" \/>\n<meta name=\"author\" content=\"Franzisca Ellenberger\" \/>\n<meta name=\"twitter:card\" content=\"summary_large_image\" \/>\n<meta name=\"twitter:creator\" content=\"@ch_swissbaker\" \/>\n<meta name=\"twitter:site\" content=\"@ch_swissbaker\" \/>\n<meta name=\"twitter:label1\" content=\"Written by\" \/>\n\t<meta name=\"twitter:data1\" content=\"Franzisca Ellenberger\" \/>\n\t<meta name=\"twitter:label2\" content=\"Est. reading time\" \/>\n\t<meta name=\"twitter:data2\" content=\"2 minutes\" \/>\n<script type=\"application\/ld+json\" class=\"yoast-schema-graph\">{\"@context\":\"https:\/\/schema.org\",\"@graph\":[{\"@type\":\"Article\",\"@id\":\"https:\/\/swissbaker.ch\/fr\/panissimo-news\/pour-le-debut-de-lautomne-on-fait-monter-l-a-temper-ature\/#article\",\"isPartOf\":{\"@id\":\"https:\/\/swissbaker.ch\/fr\/panissimo-news\/pour-le-debut-de-lautomne-on-fait-monter-l-a-temper-ature\/\"},\"author\":{\"name\":\"Franzisca Ellenberger\",\"@id\":\"https:\/\/swissbaker.ch\/fr\/#\/schema\/person\/882cf7a0c343605a02113006afd3cf48\"},\"headline\":\"Pour le d\u00e9but de l\u2019automne ,on fait monter l a temp\u00e9r ature\",\"datePublished\":\"2023-09-13T13:09:03+00:00\",\"dateModified\":\"2023-09-14T15:00:47+00:00\",\"mainEntityOfPage\":{\"@id\":\"https:\/\/swissbaker.ch\/fr\/panissimo-news\/pour-le-debut-de-lautomne-on-fait-monter-l-a-temper-ature\/\"},\"wordCount\":393,\"publisher\":{\"@id\":\"https:\/\/swissbaker.ch\/fr\/#organization\"},\"image\":{\"@id\":\"https:\/\/swissbaker.ch\/fr\/panissimo-news\/pour-le-debut-de-lautomne-on-fait-monter-l-a-temper-ature\/#primaryimage\"},\"thumbnailUrl\":\"https:\/\/swissbaker.ch\/wp-content\/uploads\/2023\/09\/nachwuchskampagne_franzoesisch-scaled.jpg\",\"articleSection\":[\"Formation\/Rel\u00e8ve\"],\"inLanguage\":\"fr-FR\"},{\"@type\":\"WebPage\",\"@id\":\"https:\/\/swissbaker.ch\/fr\/panissimo-news\/pour-le-debut-de-lautomne-on-fait-monter-l-a-temper-ature\/\",\"url\":\"https:\/\/swissbaker.ch\/fr\/panissimo-news\/pour-le-debut-de-lautomne-on-fait-monter-l-a-temper-ature\/\",\"name\":\"Pour le d\u00e9but de l\u2019automne ,on fait monter l a temp\u00e9r ature | SBC\",\"isPartOf\":{\"@id\":\"https:\/\/swissbaker.ch\/fr\/#website\"},\"primaryImageOfPage\":{\"@id\":\"https:\/\/swissbaker.ch\/fr\/panissimo-news\/pour-le-debut-de-lautomne-on-fait-monter-l-a-temper-ature\/#primaryimage\"},\"image\":{\"@id\":\"https:\/\/swissbaker.ch\/fr\/panissimo-news\/pour-le-debut-de-lautomne-on-fait-monter-l-a-temper-ature\/#primaryimage\"},\"thumbnailUrl\":\"https:\/\/swissbaker.ch\/wp-content\/uploads\/2023\/09\/nachwuchskampagne_franzoesisch-scaled.jpg\",\"datePublished\":\"2023-09-13T13:09:03+00:00\",\"dateModified\":\"2023-09-14T15:00:47+00:00\",\"breadcrumb\":{\"@id\":\"https:\/\/swissbaker.ch\/fr\/panissimo-news\/pour-le-debut-de-lautomne-on-fait-monter-l-a-temper-ature\/#breadcrumb\"},\"inLanguage\":\"fr-FR\",\"potentialAction\":[{\"@type\":\"ReadAction\",\"target\":[\"https:\/\/swissbaker.ch\/fr\/panissimo-news\/pour-le-debut-de-lautomne-on-fait-monter-l-a-temper-ature\/\"]}]},{\"@type\":\"ImageObject\",\"inLanguage\":\"fr-FR\",\"@id\":\"https:\/\/swissbaker.ch\/fr\/panissimo-news\/pour-le-debut-de-lautomne-on-fait-monter-l-a-temper-ature\/#primaryimage\",\"url\":\"https:\/\/swissbaker.ch\/wp-content\/uploads\/2023\/09\/nachwuchskampagne_franzoesisch-scaled.jpg\",\"contentUrl\":\"https:\/\/swissbaker.ch\/wp-content\/uploads\/2023\/09\/nachwuchskampagne_franzoesisch-scaled.jpg\",\"width\":2048,\"height\":1154},{\"@type\":\"BreadcrumbList\",\"@id\":\"https:\/\/swissbaker.ch\/fr\/panissimo-news\/pour-le-debut-de-lautomne-on-fait-monter-l-a-temper-ature\/#breadcrumb\",\"itemListElement\":[{\"@type\":\"ListItem\",\"position\":1,\"name\":\"\",\"item\":\"https:\/\/swissbaker.ch\/fr\/\"},{\"@type\":\"ListItem\",\"position\":2,\"name\":\"Formation\/Rel\u00e8ve\",\"item\":\"https:\/\/swissbaker.ch\/fr\/panissimo-news\/category\/formation-releve\/\"},{\"@type\":\"ListItem\",\"position\":3,\"name\":\"Pour le d\u00e9but de l\u2019automne ,on fait monter l a temp\u00e9r ature\"}]},{\"@type\":\"WebSite\",\"@id\":\"https:\/\/swissbaker.ch\/fr\/#website\",\"url\":\"https:\/\/swissbaker.ch\/fr\/\",\"name\":\"SBC\",\"description\":\"\",\"publisher\":{\"@id\":\"https:\/\/swissbaker.ch\/fr\/#organization\"},\"potentialAction\":[{\"@type\":\"SearchAction\",\"target\":{\"@type\":\"EntryPoint\",\"urlTemplate\":\"https:\/\/swissbaker.ch\/fr\/?s={search_term_string}\"},\"query-input\":{\"@type\":\"PropertyValueSpecification\",\"valueRequired\":true,\"valueName\":\"search_term_string\"}}],\"inLanguage\":\"fr-FR\"},{\"@type\":\"Organization\",\"@id\":\"https:\/\/swissbaker.ch\/fr\/#organization\",\"name\":\"Schweizerischer B\u00e4cker-Confiseurmeister-Verband\",\"url\":\"https:\/\/swissbaker.ch\/fr\/\",\"logo\":{\"@type\":\"ImageObject\",\"inLanguage\":\"fr-FR\",\"@id\":\"https:\/\/swissbaker.ch\/fr\/#\/schema\/logo\/image\/\",\"url\":\"https:\/\/swissbaker.ch\/wp-content\/uploads\/2022\/04\/sbc-logo-yoast.jpg\",\"contentUrl\":\"https:\/\/swissbaker.ch\/wp-content\/uploads\/2022\/04\/sbc-logo-yoast.jpg\",\"width\":512,\"height\":512,\"caption\":\"Schweizerischer B\u00e4cker-Confiseurmeister-Verband\"},\"image\":{\"@id\":\"https:\/\/swissbaker.ch\/fr\/#\/schema\/logo\/image\/\"},\"sameAs\":[\"https:\/\/www.facebook.com\/swissbaker.ch\",\"https:\/\/x.com\/ch_swissbaker\"]},{\"@type\":\"Person\",\"@id\":\"https:\/\/swissbaker.ch\/fr\/#\/schema\/person\/882cf7a0c343605a02113006afd3cf48\",\"name\":\"Franzisca Ellenberger\",\"image\":{\"@type\":\"ImageObject\",\"inLanguage\":\"fr-FR\",\"@id\":\"https:\/\/swissbaker.ch\/fr\/#\/schema\/person\/image\/\",\"url\":\"https:\/\/secure.gravatar.com\/avatar\/cfbbf5e1c965abf6a3e577fb088280ca678978f8d63bfc6ea7a2f0dca671ee5f?s=96&d=mm&r=g\",\"contentUrl\":\"https:\/\/secure.gravatar.com\/avatar\/cfbbf5e1c965abf6a3e577fb088280ca678978f8d63bfc6ea7a2f0dca671ee5f?s=96&d=mm&r=g\",\"caption\":\"Franzisca Ellenberger\"},\"url\":\"https:\/\/swissbaker.ch\/fr\/panissimo-news\/author\/franzisca-ellenberger\/\"}]}<\/script>\n<!-- \/ Yoast SEO Premium plugin. -->","yoast_head_json":{"title":"Pour le d\u00e9but de l\u2019automne ,on fait monter l a temp\u00e9r ature | SBC","robots":{"index":"index","follow":"follow","max-snippet":"max-snippet:-1","max-image-preview":"max-image-preview:large","max-video-preview":"max-video-preview:-1"},"canonical":"https:\/\/swissbaker.ch\/fr\/panissimo-news\/pour-le-debut-de-lautomne-on-fait-monter-l-a-temper-ature\/","og_locale":"fr_FR","og_type":"article","og_title":"Pour le d\u00e9but de l\u2019automne ,on fait monter l a temp\u00e9r ature","og_description":"Du 15 septembre au 13 octobre 2023, la troisi\u00e8me vague de la campagne de recrutement DE LA BCS s\u2019adresse aux jeunes, \u00e0 leurs parents, ainsi qu\u2019aux enseignants et enseignantes. L\u2019objectif est de les int\u00e9resser aux m\u00e9tiers de gestionnaire du commerce de d\u00e9tail et de boulanger-p\u00e2tissier-confiseur et boulang\u00e8re-p\u00e2tissi\u00e8re-confiseuse. Parez-vous d\u00e8s maintenant de notre mat\u00e9riel promotionnel polyvalent pour vous assurer une visibilit\u00e9 [&hellip;]","og_url":"https:\/\/swissbaker.ch\/fr\/panissimo-news\/pour-le-debut-de-lautomne-on-fait-monter-l-a-temper-ature\/","og_site_name":"SBC","article_publisher":"https:\/\/www.facebook.com\/swissbaker.ch","article_published_time":"2023-09-13T13:09:03+00:00","article_modified_time":"2023-09-14T15:00:47+00:00","og_image":[{"width":2048,"height":1154,"url":"https:\/\/swissbaker.ch\/wp-content\/uploads\/2023\/09\/nachwuchskampagne_franzoesisch-scaled.jpg","type":"image\/jpeg"}],"author":"Franzisca Ellenberger","twitter_card":"summary_large_image","twitter_creator":"@ch_swissbaker","twitter_site":"@ch_swissbaker","twitter_misc":{"Written by":"Franzisca Ellenberger","Est. reading time":"2 minutes"},"schema":{"@context":"https:\/\/schema.org","@graph":[{"@type":"Article","@id":"https:\/\/swissbaker.ch\/fr\/panissimo-news\/pour-le-debut-de-lautomne-on-fait-monter-l-a-temper-ature\/#article","isPartOf":{"@id":"https:\/\/swissbaker.ch\/fr\/panissimo-news\/pour-le-debut-de-lautomne-on-fait-monter-l-a-temper-ature\/"},"author":{"name":"Franzisca Ellenberger","@id":"https:\/\/swissbaker.ch\/fr\/#\/schema\/person\/882cf7a0c343605a02113006afd3cf48"},"headline":"Pour le d\u00e9but de l\u2019automne ,on fait monter l a temp\u00e9r ature","datePublished":"2023-09-13T13:09:03+00:00","dateModified":"2023-09-14T15:00:47+00:00","mainEntityOfPage":{"@id":"https:\/\/swissbaker.ch\/fr\/panissimo-news\/pour-le-debut-de-lautomne-on-fait-monter-l-a-temper-ature\/"},"wordCount":393,"publisher":{"@id":"https:\/\/swissbaker.ch\/fr\/#organization"},"image":{"@id":"https:\/\/swissbaker.ch\/fr\/panissimo-news\/pour-le-debut-de-lautomne-on-fait-monter-l-a-temper-ature\/#primaryimage"},"thumbnailUrl":"https:\/\/swissbaker.ch\/wp-content\/uploads\/2023\/09\/nachwuchskampagne_franzoesisch-scaled.jpg","articleSection":["Formation\/Rel\u00e8ve"],"inLanguage":"fr-FR"},{"@type":"WebPage","@id":"https:\/\/swissbaker.ch\/fr\/panissimo-news\/pour-le-debut-de-lautomne-on-fait-monter-l-a-temper-ature\/","url":"https:\/\/swissbaker.ch\/fr\/panissimo-news\/pour-le-debut-de-lautomne-on-fait-monter-l-a-temper-ature\/","name":"Pour le d\u00e9but de l\u2019automne ,on fait monter l a temp\u00e9r ature | SBC","isPartOf":{"@id":"https:\/\/swissbaker.ch\/fr\/#website"},"primaryImageOfPage":{"@id":"https:\/\/swissbaker.ch\/fr\/panissimo-news\/pour-le-debut-de-lautomne-on-fait-monter-l-a-temper-ature\/#primaryimage"},"image":{"@id":"https:\/\/swissbaker.ch\/fr\/panissimo-news\/pour-le-debut-de-lautomne-on-fait-monter-l-a-temper-ature\/#primaryimage"},"thumbnailUrl":"https:\/\/swissbaker.ch\/wp-content\/uploads\/2023\/09\/nachwuchskampagne_franzoesisch-scaled.jpg","datePublished":"2023-09-13T13:09:03+00:00","dateModified":"2023-09-14T15:00:47+00:00","breadcrumb":{"@id":"https:\/\/swissbaker.ch\/fr\/panissimo-news\/pour-le-debut-de-lautomne-on-fait-monter-l-a-temper-ature\/#breadcrumb"},"inLanguage":"fr-FR","potentialAction":[{"@type":"ReadAction","target":["https:\/\/swissbaker.ch\/fr\/panissimo-news\/pour-le-debut-de-lautomne-on-fait-monter-l-a-temper-ature\/"]}]},{"@type":"ImageObject","inLanguage":"fr-FR","@id":"https:\/\/swissbaker.ch\/fr\/panissimo-news\/pour-le-debut-de-lautomne-on-fait-monter-l-a-temper-ature\/#primaryimage","url":"https:\/\/swissbaker.ch\/wp-content\/uploads\/2023\/09\/nachwuchskampagne_franzoesisch-scaled.jpg","contentUrl":"https:\/\/swissbaker.ch\/wp-content\/uploads\/2023\/09\/nachwuchskampagne_franzoesisch-scaled.jpg","width":2048,"height":1154},{"@type":"BreadcrumbList","@id":"https:\/\/swissbaker.ch\/fr\/panissimo-news\/pour-le-debut-de-lautomne-on-fait-monter-l-a-temper-ature\/#breadcrumb","itemListElement":[{"@type":"ListItem","position":1,"name":"","item":"https:\/\/swissbaker.ch\/fr\/"},{"@type":"ListItem","position":2,"name":"Formation\/Rel\u00e8ve","item":"https:\/\/swissbaker.ch\/fr\/panissimo-news\/category\/formation-releve\/"},{"@type":"ListItem","position":3,"name":"Pour le d\u00e9but de l\u2019automne ,on fait monter l a temp\u00e9r ature"}]},{"@type":"WebSite","@id":"https:\/\/swissbaker.ch\/fr\/#website","url":"https:\/\/swissbaker.ch\/fr\/","name":"SBC","description":"","publisher":{"@id":"https:\/\/swissbaker.ch\/fr\/#organization"},"potentialAction":[{"@type":"SearchAction","target":{"@type":"EntryPoint","urlTemplate":"https:\/\/swissbaker.ch\/fr\/?s={search_term_string}"},"query-input":{"@type":"PropertyValueSpecification","valueRequired":true,"valueName":"search_term_string"}}],"inLanguage":"fr-FR"},{"@type":"Organization","@id":"https:\/\/swissbaker.ch\/fr\/#organization","name":"Schweizerischer B\u00e4cker-Confiseurmeister-Verband","url":"https:\/\/swissbaker.ch\/fr\/","logo":{"@type":"ImageObject","inLanguage":"fr-FR","@id":"https:\/\/swissbaker.ch\/fr\/#\/schema\/logo\/image\/","url":"https:\/\/swissbaker.ch\/wp-content\/uploads\/2022\/04\/sbc-logo-yoast.jpg","contentUrl":"https:\/\/swissbaker.ch\/wp-content\/uploads\/2022\/04\/sbc-logo-yoast.jpg","width":512,"height":512,"caption":"Schweizerischer B\u00e4cker-Confiseurmeister-Verband"},"image":{"@id":"https:\/\/swissbaker.ch\/fr\/#\/schema\/logo\/image\/"},"sameAs":["https:\/\/www.facebook.com\/swissbaker.ch","https:\/\/x.com\/ch_swissbaker"]},{"@type":"Person","@id":"https:\/\/swissbaker.ch\/fr\/#\/schema\/person\/882cf7a0c343605a02113006afd3cf48","name":"Franzisca Ellenberger","image":{"@type":"ImageObject","inLanguage":"fr-FR","@id":"https:\/\/swissbaker.ch\/fr\/#\/schema\/person\/image\/","url":"https:\/\/secure.gravatar.com\/avatar\/cfbbf5e1c965abf6a3e577fb088280ca678978f8d63bfc6ea7a2f0dca671ee5f?s=96&d=mm&r=g","contentUrl":"https:\/\/secure.gravatar.com\/avatar\/cfbbf5e1c965abf6a3e577fb088280ca678978f8d63bfc6ea7a2f0dca671ee5f?s=96&d=mm&r=g","caption":"Franzisca Ellenberger"},"url":"https:\/\/swissbaker.ch\/fr\/panissimo-news\/author\/franzisca-ellenberger\/"}]}},"_links":{"self":[{"href":"https:\/\/swissbaker.ch\/fr\/wp-json\/wp\/v2\/posts\/68037","targetHints":{"allow":["GET"]}}],"collection":[{"href":"https:\/\/swissbaker.ch\/fr\/wp-json\/wp\/v2\/posts"}],"about":[{"href":"https:\/\/swissbaker.ch\/fr\/wp-json\/wp\/v2\/types\/post"}],"author":[{"embeddable":true,"href":"https:\/\/swissbaker.ch\/fr\/wp-json\/wp\/v2\/users\/14"}],"replies":[{"embeddable":true,"href":"https:\/\/swissbaker.ch\/fr\/wp-json\/wp\/v2\/comments?post=68037"}],"version-history":[{"count":0,"href":"https:\/\/swissbaker.ch\/fr\/wp-json\/wp\/v2\/posts\/68037\/revisions"}],"wp:featuredmedia":[{"embeddable":true,"href":"https:\/\/swissbaker.ch\/fr\/wp-json\/wp\/v2\/media\/68040"}],"wp:attachment":[{"href":"https:\/\/swissbaker.ch\/fr\/wp-json\/wp\/v2\/media?parent=68037"}],"wp:term":[{"taxonomy":"category","embeddable":true,"href":"https:\/\/swissbaker.ch\/fr\/wp-json\/wp\/v2\/categories?post=68037"},{"taxonomy":"post_tag","embeddable":true,"href":"https:\/\/swissbaker.ch\/fr\/wp-json\/wp\/v2\/tags?post=68037"}],"curies":[{"name":"wp","href":"https:\/\/api.w.org\/{rel}","templated":true}]}}