{"id":68020,"date":"2023-09-13T14:24:41","date_gmt":"2023-09-13T12:24:41","guid":{"rendered":"https:\/\/swissbaker.ch\/?p=68020"},"modified":"2023-09-13T14:37:54","modified_gmt":"2023-09-13T12:37:54","slug":"nouvelle-direction-pour-sbc-fiduciaire-sa","status":"publish","type":"post","link":"https:\/\/swissbaker.ch\/fr\/panissimo-news\/nouvelle-direction-pour-sbc-fiduciaire-sa\/","title":{"rendered":"Nouvelle direction pour SBC Fiduciaire SA"},"content":{"rendered":"\n<p><strong>La SBC Fiduciaire SA sera plac\u00e9e sous une nouvelle direction \u00e0 partir de 2024. L\u2019actuel directeur Markus K\u00fcnzli quittera l\u2019entreprise fin 2023. les diff\u00e9rents postes et la gestion des mandats seront r\u00e9partis entre plusieurs personnes. La direction sera confi\u00e9e \u00e0 Markus Koster, responsable de mandat et directeur adjoint du site de l\u2019antenne de Saint-Gall. Ag\u00e9 de 47 ans est expert en comptabilit\u00e9 et en contr\u00f4le de gestion.<\/strong><\/p>\n\n\n\n<p>Marlen Gasser, responsable des mandats du site de Berne, prendra la direction de l\u2019\u00e9quipe \u00e0 Berne. Cette experte comptable dipl\u00f4m\u00e9e de 41 ans dispose d\u2019une longue exp\u00e9rience dans le domaine fiduciaire et plus particuli\u00e8rement dans le secteur de la boulangerie-confiserie. Markus K\u00fcnzli confie ses mandats \u00e0 Nick Pfeuti. Cet \u00e9conomiste d\u2019entreprise ES dispose de plusieurs ann\u00e9es d\u2019exp\u00e9rience en tant que responsable de mandats. Il travaille \u00e0 la SBC Treuhand AG depuis ao\u00fbt\u202f2023.<\/p>\n\n\n\n<figure class=\"wp-block-image size-large\"><img decoding=\"async\" width=\"1024\" height=\"420\" src=\"https:\/\/swissbaker.ch\/wp-content\/uploads\/2023\/09\/17_1_sbc_treuhand_neue_fuehrung_3-1024x420.jpg\" alt=\"\" class=\"wp-image-68014\" srcset=\"https:\/\/swissbaker.ch\/wp-content\/uploads\/2023\/09\/17_1_sbc_treuhand_neue_fuehrung_3-1024x420.jpg 1024w, https:\/\/swissbaker.ch\/wp-content\/uploads\/2023\/09\/17_1_sbc_treuhand_neue_fuehrung_3-768x315.jpg 768w, https:\/\/swissbaker.ch\/wp-content\/uploads\/2023\/09\/17_1_sbc_treuhand_neue_fuehrung_3.jpg 1200w\" sizes=\"(max-width: 1024px) 100vw, 1024px\" \/><figcaption class=\"wp-element-caption\"><em>D.g. : Markus Koster, Marlen Gasser et Nick Pfeuti<\/em><br><\/figcaption><\/figure>\n\n\n\n<p class=\"has-text-align-right\"><em>BCS<\/em><\/p>\n","protected":false},"excerpt":{"rendered":"<p>La SBC Fiduciaire SA sera plac\u00e9e sous une nouvelle direction \u00e0 partir de 2024. L\u2019actuel directeur Markus K\u00fcnzli quittera l\u2019entreprise fin 2023. les diff\u00e9rents postes et la gestion des mandats seront r\u00e9partis entre plusieurs personnes. La direction sera confi\u00e9e \u00e0 Markus Koster, responsable de mandat et directeur adjoint du site de l\u2019antenne de Saint-Gall.<\/p>\n","protected":false},"author":5,"featured_media":68012,"comment_status":"closed","ping_status":"closed","sticky":true,"template":"","format":"standard","meta":{"_acf_changed":false,"footnotes":""},"categories":[41],"tags":[],"class_list":["post-68020","post","type-post","status-publish","format-standard","has-post-thumbnail","hentry","category-association"],"acf":[],"yoast_head":"<!-- This site is optimized with the Yoast SEO Premium plugin v26.8 (Yoast SEO v26.8) - https:\/\/yoast.com\/product\/yoast-seo-premium-wordpress\/ -->\n<title>Nouvelle direction pour SBC Fiduciaire SA | SBC<\/title>\n<meta name=\"description\" content=\"La SBC Fiduciaire SA sera plac\u00e9e sous une nouvelle direction \u00e0 partir de 2024. La direction sera confi\u00e9e \u00e0 Markus Koster.\" \/>\n<meta name=\"robots\" content=\"index, follow, max-snippet:-1, max-image-preview:large, max-video-preview:-1\" \/>\n<link rel=\"canonical\" href=\"https:\/\/swissbaker.ch\/fr\/panissimo-news\/nouvelle-direction-pour-sbc-fiduciaire-sa\/\" \/>\n<meta property=\"og:locale\" content=\"fr_FR\" \/>\n<meta property=\"og:type\" content=\"article\" \/>\n<meta property=\"og:title\" content=\"Nouvelle direction pour SBC Fiduciaire SA\" \/>\n<meta property=\"og:description\" content=\"La SBC Fiduciaire SA sera plac\u00e9e sous une nouvelle direction \u00e0 partir de 2024. La direction sera confi\u00e9e \u00e0 Markus Koster.\" \/>\n<meta property=\"og:url\" content=\"https:\/\/swissbaker.ch\/fr\/panissimo-news\/nouvelle-direction-pour-sbc-fiduciaire-sa\/\" \/>\n<meta property=\"og:site_name\" content=\"SBC\" \/>\n<meta property=\"article:publisher\" content=\"https:\/\/www.facebook.com\/swissbaker.ch\" \/>\n<meta property=\"article:published_time\" content=\"2023-09-13T12:24:41+00:00\" \/>\n<meta property=\"article:modified_time\" content=\"2023-09-13T12:37:54+00:00\" \/>\n<meta property=\"og:image\" content=\"https:\/\/swissbaker.ch\/wp-content\/uploads\/2023\/09\/17_1_sbc_treuhand_neue_fuehrung.jpg\" \/>\n\t<meta property=\"og:image:width\" content=\"1200\" \/>\n\t<meta property=\"og:image:height\" content=\"712\" \/>\n\t<meta property=\"og:image:type\" content=\"image\/jpeg\" \/>\n<meta name=\"author\" content=\"Simon Nussbaum\" \/>\n<meta name=\"twitter:card\" content=\"summary_large_image\" \/>\n<meta name=\"twitter:creator\" content=\"@ch_swissbaker\" \/>\n<meta name=\"twitter:site\" content=\"@ch_swissbaker\" \/>\n<meta name=\"twitter:label1\" content=\"Written by\" \/>\n\t<meta name=\"twitter:data1\" content=\"Simon Nussbaum\" \/>\n\t<meta name=\"twitter:label2\" content=\"Est. reading time\" \/>\n\t<meta name=\"twitter:data2\" content=\"1 minute\" \/>\n<script type=\"application\/ld+json\" class=\"yoast-schema-graph\">{\"@context\":\"https:\/\/schema.org\",\"@graph\":[{\"@type\":\"Article\",\"@id\":\"https:\/\/swissbaker.ch\/fr\/panissimo-news\/nouvelle-direction-pour-sbc-fiduciaire-sa\/#article\",\"isPartOf\":{\"@id\":\"https:\/\/swissbaker.ch\/fr\/panissimo-news\/nouvelle-direction-pour-sbc-fiduciaire-sa\/\"},\"author\":{\"name\":\"Simon Nussbaum\",\"@id\":\"https:\/\/swissbaker.ch\/fr\/#\/schema\/person\/74bd327b08c18ca6042c02ff6f0ed5e2\"},\"headline\":\"Nouvelle direction pour SBC Fiduciaire SA\",\"datePublished\":\"2023-09-13T12:24:41+00:00\",\"dateModified\":\"2023-09-13T12:37:54+00:00\",\"mainEntityOfPage\":{\"@id\":\"https:\/\/swissbaker.ch\/fr\/panissimo-news\/nouvelle-direction-pour-sbc-fiduciaire-sa\/\"},\"wordCount\":167,\"publisher\":{\"@id\":\"https:\/\/swissbaker.ch\/fr\/#organization\"},\"image\":{\"@id\":\"https:\/\/swissbaker.ch\/fr\/panissimo-news\/nouvelle-direction-pour-sbc-fiduciaire-sa\/#primaryimage\"},\"thumbnailUrl\":\"https:\/\/swissbaker.ch\/wp-content\/uploads\/2023\/09\/17_1_sbc_treuhand_neue_fuehrung.jpg\",\"articleSection\":[\"Association\"],\"inLanguage\":\"fr-FR\"},{\"@type\":\"WebPage\",\"@id\":\"https:\/\/swissbaker.ch\/fr\/panissimo-news\/nouvelle-direction-pour-sbc-fiduciaire-sa\/\",\"url\":\"https:\/\/swissbaker.ch\/fr\/panissimo-news\/nouvelle-direction-pour-sbc-fiduciaire-sa\/\",\"name\":\"Nouvelle direction pour SBC Fiduciaire SA | SBC\",\"isPartOf\":{\"@id\":\"https:\/\/swissbaker.ch\/fr\/#website\"},\"primaryImageOfPage\":{\"@id\":\"https:\/\/swissbaker.ch\/fr\/panissimo-news\/nouvelle-direction-pour-sbc-fiduciaire-sa\/#primaryimage\"},\"image\":{\"@id\":\"https:\/\/swissbaker.ch\/fr\/panissimo-news\/nouvelle-direction-pour-sbc-fiduciaire-sa\/#primaryimage\"},\"thumbnailUrl\":\"https:\/\/swissbaker.ch\/wp-content\/uploads\/2023\/09\/17_1_sbc_treuhand_neue_fuehrung.jpg\",\"datePublished\":\"2023-09-13T12:24:41+00:00\",\"dateModified\":\"2023-09-13T12:37:54+00:00\",\"description\":\"La SBC Fiduciaire SA sera plac\u00e9e sous une nouvelle direction \u00e0 partir de 2024. La direction sera confi\u00e9e \u00e0 Markus Koster.\",\"breadcrumb\":{\"@id\":\"https:\/\/swissbaker.ch\/fr\/panissimo-news\/nouvelle-direction-pour-sbc-fiduciaire-sa\/#breadcrumb\"},\"inLanguage\":\"fr-FR\",\"potentialAction\":[{\"@type\":\"ReadAction\",\"target\":[\"https:\/\/swissbaker.ch\/fr\/panissimo-news\/nouvelle-direction-pour-sbc-fiduciaire-sa\/\"]}]},{\"@type\":\"ImageObject\",\"inLanguage\":\"fr-FR\",\"@id\":\"https:\/\/swissbaker.ch\/fr\/panissimo-news\/nouvelle-direction-pour-sbc-fiduciaire-sa\/#primaryimage\",\"url\":\"https:\/\/swissbaker.ch\/wp-content\/uploads\/2023\/09\/17_1_sbc_treuhand_neue_fuehrung.jpg\",\"contentUrl\":\"https:\/\/swissbaker.ch\/wp-content\/uploads\/2023\/09\/17_1_sbc_treuhand_neue_fuehrung.jpg\",\"width\":1200,\"height\":712,\"caption\":\"Markus Koster\"},{\"@type\":\"BreadcrumbList\",\"@id\":\"https:\/\/swissbaker.ch\/fr\/panissimo-news\/nouvelle-direction-pour-sbc-fiduciaire-sa\/#breadcrumb\",\"itemListElement\":[{\"@type\":\"ListItem\",\"position\":1,\"name\":\"\",\"item\":\"https:\/\/swissbaker.ch\/fr\/\"},{\"@type\":\"ListItem\",\"position\":2,\"name\":\"Association\",\"item\":\"https:\/\/swissbaker.ch\/fr\/panissimo-news\/category\/association\/\"},{\"@type\":\"ListItem\",\"position\":3,\"name\":\"Nouvelle direction pour SBC Fiduciaire SA\"}]},{\"@type\":\"WebSite\",\"@id\":\"https:\/\/swissbaker.ch\/fr\/#website\",\"url\":\"https:\/\/swissbaker.ch\/fr\/\",\"name\":\"SBC\",\"description\":\"\",\"publisher\":{\"@id\":\"https:\/\/swissbaker.ch\/fr\/#organization\"},\"potentialAction\":[{\"@type\":\"SearchAction\",\"target\":{\"@type\":\"EntryPoint\",\"urlTemplate\":\"https:\/\/swissbaker.ch\/fr\/?s={search_term_string}\"},\"query-input\":{\"@type\":\"PropertyValueSpecification\",\"valueRequired\":true,\"valueName\":\"search_term_string\"}}],\"inLanguage\":\"fr-FR\"},{\"@type\":\"Organization\",\"@id\":\"https:\/\/swissbaker.ch\/fr\/#organization\",\"name\":\"Schweizerischer B\u00e4cker-Confiseurmeister-Verband\",\"url\":\"https:\/\/swissbaker.ch\/fr\/\",\"logo\":{\"@type\":\"ImageObject\",\"inLanguage\":\"fr-FR\",\"@id\":\"https:\/\/swissbaker.ch\/fr\/#\/schema\/logo\/image\/\",\"url\":\"https:\/\/swissbaker.ch\/wp-content\/uploads\/2022\/04\/sbc-logo-yoast.jpg\",\"contentUrl\":\"https:\/\/swissbaker.ch\/wp-content\/uploads\/2022\/04\/sbc-logo-yoast.jpg\",\"width\":512,\"height\":512,\"caption\":\"Schweizerischer B\u00e4cker-Confiseurmeister-Verband\"},\"image\":{\"@id\":\"https:\/\/swissbaker.ch\/fr\/#\/schema\/logo\/image\/\"},\"sameAs\":[\"https:\/\/www.facebook.com\/swissbaker.ch\",\"https:\/\/x.com\/ch_swissbaker\"]},{\"@type\":\"Person\",\"@id\":\"https:\/\/swissbaker.ch\/fr\/#\/schema\/person\/74bd327b08c18ca6042c02ff6f0ed5e2\",\"name\":\"Simon Nussbaum\",\"image\":{\"@type\":\"ImageObject\",\"inLanguage\":\"fr-FR\",\"@id\":\"https:\/\/swissbaker.ch\/fr\/#\/schema\/person\/image\/\",\"url\":\"https:\/\/secure.gravatar.com\/avatar\/df0eced3bb556c806cb760cf503ade1ed1df25b4104d80d6fd28d93a9509aa12?s=96&d=mm&r=g\",\"contentUrl\":\"https:\/\/secure.gravatar.com\/avatar\/df0eced3bb556c806cb760cf503ade1ed1df25b4104d80d6fd28d93a9509aa12?s=96&d=mm&r=g\",\"caption\":\"Simon Nussbaum\"},\"url\":\"https:\/\/swissbaker.ch\/fr\/panissimo-news\/author\/simon-nussbaum\/\"}]}<\/script>\n<!-- \/ Yoast SEO Premium plugin. -->","yoast_head_json":{"title":"Nouvelle direction pour SBC Fiduciaire SA | SBC","description":"La SBC Fiduciaire SA sera plac\u00e9e sous une nouvelle direction \u00e0 partir de 2024. La direction sera confi\u00e9e \u00e0 Markus Koster.","robots":{"index":"index","follow":"follow","max-snippet":"max-snippet:-1","max-image-preview":"max-image-preview:large","max-video-preview":"max-video-preview:-1"},"canonical":"https:\/\/swissbaker.ch\/fr\/panissimo-news\/nouvelle-direction-pour-sbc-fiduciaire-sa\/","og_locale":"fr_FR","og_type":"article","og_title":"Nouvelle direction pour SBC Fiduciaire SA","og_description":"La SBC Fiduciaire SA sera plac\u00e9e sous une nouvelle direction \u00e0 partir de 2024. La direction sera confi\u00e9e \u00e0 Markus Koster.","og_url":"https:\/\/swissbaker.ch\/fr\/panissimo-news\/nouvelle-direction-pour-sbc-fiduciaire-sa\/","og_site_name":"SBC","article_publisher":"https:\/\/www.facebook.com\/swissbaker.ch","article_published_time":"2023-09-13T12:24:41+00:00","article_modified_time":"2023-09-13T12:37:54+00:00","og_image":[{"width":1200,"height":712,"url":"https:\/\/swissbaker.ch\/wp-content\/uploads\/2023\/09\/17_1_sbc_treuhand_neue_fuehrung.jpg","type":"image\/jpeg"}],"author":"Simon Nussbaum","twitter_card":"summary_large_image","twitter_creator":"@ch_swissbaker","twitter_site":"@ch_swissbaker","twitter_misc":{"Written by":"Simon Nussbaum","Est. reading time":"1 minute"},"schema":{"@context":"https:\/\/schema.org","@graph":[{"@type":"Article","@id":"https:\/\/swissbaker.ch\/fr\/panissimo-news\/nouvelle-direction-pour-sbc-fiduciaire-sa\/#article","isPartOf":{"@id":"https:\/\/swissbaker.ch\/fr\/panissimo-news\/nouvelle-direction-pour-sbc-fiduciaire-sa\/"},"author":{"name":"Simon Nussbaum","@id":"https:\/\/swissbaker.ch\/fr\/#\/schema\/person\/74bd327b08c18ca6042c02ff6f0ed5e2"},"headline":"Nouvelle direction pour SBC Fiduciaire SA","datePublished":"2023-09-13T12:24:41+00:00","dateModified":"2023-09-13T12:37:54+00:00","mainEntityOfPage":{"@id":"https:\/\/swissbaker.ch\/fr\/panissimo-news\/nouvelle-direction-pour-sbc-fiduciaire-sa\/"},"wordCount":167,"publisher":{"@id":"https:\/\/swissbaker.ch\/fr\/#organization"},"image":{"@id":"https:\/\/swissbaker.ch\/fr\/panissimo-news\/nouvelle-direction-pour-sbc-fiduciaire-sa\/#primaryimage"},"thumbnailUrl":"https:\/\/swissbaker.ch\/wp-content\/uploads\/2023\/09\/17_1_sbc_treuhand_neue_fuehrung.jpg","articleSection":["Association"],"inLanguage":"fr-FR"},{"@type":"WebPage","@id":"https:\/\/swissbaker.ch\/fr\/panissimo-news\/nouvelle-direction-pour-sbc-fiduciaire-sa\/","url":"https:\/\/swissbaker.ch\/fr\/panissimo-news\/nouvelle-direction-pour-sbc-fiduciaire-sa\/","name":"Nouvelle direction pour SBC Fiduciaire SA | SBC","isPartOf":{"@id":"https:\/\/swissbaker.ch\/fr\/#website"},"primaryImageOfPage":{"@id":"https:\/\/swissbaker.ch\/fr\/panissimo-news\/nouvelle-direction-pour-sbc-fiduciaire-sa\/#primaryimage"},"image":{"@id":"https:\/\/swissbaker.ch\/fr\/panissimo-news\/nouvelle-direction-pour-sbc-fiduciaire-sa\/#primaryimage"},"thumbnailUrl":"https:\/\/swissbaker.ch\/wp-content\/uploads\/2023\/09\/17_1_sbc_treuhand_neue_fuehrung.jpg","datePublished":"2023-09-13T12:24:41+00:00","dateModified":"2023-09-13T12:37:54+00:00","description":"La SBC Fiduciaire SA sera plac\u00e9e sous une nouvelle direction \u00e0 partir de 2024. La direction sera confi\u00e9e \u00e0 Markus Koster.","breadcrumb":{"@id":"https:\/\/swissbaker.ch\/fr\/panissimo-news\/nouvelle-direction-pour-sbc-fiduciaire-sa\/#breadcrumb"},"inLanguage":"fr-FR","potentialAction":[{"@type":"ReadAction","target":["https:\/\/swissbaker.ch\/fr\/panissimo-news\/nouvelle-direction-pour-sbc-fiduciaire-sa\/"]}]},{"@type":"ImageObject","inLanguage":"fr-FR","@id":"https:\/\/swissbaker.ch\/fr\/panissimo-news\/nouvelle-direction-pour-sbc-fiduciaire-sa\/#primaryimage","url":"https:\/\/swissbaker.ch\/wp-content\/uploads\/2023\/09\/17_1_sbc_treuhand_neue_fuehrung.jpg","contentUrl":"https:\/\/swissbaker.ch\/wp-content\/uploads\/2023\/09\/17_1_sbc_treuhand_neue_fuehrung.jpg","width":1200,"height":712,"caption":"Markus Koster"},{"@type":"BreadcrumbList","@id":"https:\/\/swissbaker.ch\/fr\/panissimo-news\/nouvelle-direction-pour-sbc-fiduciaire-sa\/#breadcrumb","itemListElement":[{"@type":"ListItem","position":1,"name":"","item":"https:\/\/swissbaker.ch\/fr\/"},{"@type":"ListItem","position":2,"name":"Association","item":"https:\/\/swissbaker.ch\/fr\/panissimo-news\/category\/association\/"},{"@type":"ListItem","position":3,"name":"Nouvelle direction pour SBC Fiduciaire SA"}]},{"@type":"WebSite","@id":"https:\/\/swissbaker.ch\/fr\/#website","url":"https:\/\/swissbaker.ch\/fr\/","name":"SBC","description":"","publisher":{"@id":"https:\/\/swissbaker.ch\/fr\/#organization"},"potentialAction":[{"@type":"SearchAction","target":{"@type":"EntryPoint","urlTemplate":"https:\/\/swissbaker.ch\/fr\/?s={search_term_string}"},"query-input":{"@type":"PropertyValueSpecification","valueRequired":true,"valueName":"search_term_string"}}],"inLanguage":"fr-FR"},{"@type":"Organization","@id":"https:\/\/swissbaker.ch\/fr\/#organization","name":"Schweizerischer B\u00e4cker-Confiseurmeister-Verband","url":"https:\/\/swissbaker.ch\/fr\/","logo":{"@type":"ImageObject","inLanguage":"fr-FR","@id":"https:\/\/swissbaker.ch\/fr\/#\/schema\/logo\/image\/","url":"https:\/\/swissbaker.ch\/wp-content\/uploads\/2022\/04\/sbc-logo-yoast.jpg","contentUrl":"https:\/\/swissbaker.ch\/wp-content\/uploads\/2022\/04\/sbc-logo-yoast.jpg","width":512,"height":512,"caption":"Schweizerischer B\u00e4cker-Confiseurmeister-Verband"},"image":{"@id":"https:\/\/swissbaker.ch\/fr\/#\/schema\/logo\/image\/"},"sameAs":["https:\/\/www.facebook.com\/swissbaker.ch","https:\/\/x.com\/ch_swissbaker"]},{"@type":"Person","@id":"https:\/\/swissbaker.ch\/fr\/#\/schema\/person\/74bd327b08c18ca6042c02ff6f0ed5e2","name":"Simon Nussbaum","image":{"@type":"ImageObject","inLanguage":"fr-FR","@id":"https:\/\/swissbaker.ch\/fr\/#\/schema\/person\/image\/","url":"https:\/\/secure.gravatar.com\/avatar\/df0eced3bb556c806cb760cf503ade1ed1df25b4104d80d6fd28d93a9509aa12?s=96&d=mm&r=g","contentUrl":"https:\/\/secure.gravatar.com\/avatar\/df0eced3bb556c806cb760cf503ade1ed1df25b4104d80d6fd28d93a9509aa12?s=96&d=mm&r=g","caption":"Simon Nussbaum"},"url":"https:\/\/swissbaker.ch\/fr\/panissimo-news\/author\/simon-nussbaum\/"}]}},"_links":{"self":[{"href":"https:\/\/swissbaker.ch\/fr\/wp-json\/wp\/v2\/posts\/68020","targetHints":{"allow":["GET"]}}],"collection":[{"href":"https:\/\/swissbaker.ch\/fr\/wp-json\/wp\/v2\/posts"}],"about":[{"href":"https:\/\/swissbaker.ch\/fr\/wp-json\/wp\/v2\/types\/post"}],"author":[{"embeddable":true,"href":"https:\/\/swissbaker.ch\/fr\/wp-json\/wp\/v2\/users\/5"}],"replies":[{"embeddable":true,"href":"https:\/\/swissbaker.ch\/fr\/wp-json\/wp\/v2\/comments?post=68020"}],"version-history":[{"count":0,"href":"https:\/\/swissbaker.ch\/fr\/wp-json\/wp\/v2\/posts\/68020\/revisions"}],"wp:featuredmedia":[{"embeddable":true,"href":"https:\/\/swissbaker.ch\/fr\/wp-json\/wp\/v2\/media\/68012"}],"wp:attachment":[{"href":"https:\/\/swissbaker.ch\/fr\/wp-json\/wp\/v2\/media?parent=68020"}],"wp:term":[{"taxonomy":"category","embeddable":true,"href":"https:\/\/swissbaker.ch\/fr\/wp-json\/wp\/v2\/categories?post=68020"},{"taxonomy":"post_tag","embeddable":true,"href":"https:\/\/swissbaker.ch\/fr\/wp-json\/wp\/v2\/tags?post=68020"}],"curies":[{"name":"wp","href":"https:\/\/api.w.org\/{rel}","templated":true}]}}