{"id":67618,"date":"2023-09-05T10:28:47","date_gmt":"2023-09-05T08:28:47","guid":{"rendered":"https:\/\/swissbaker.ch\/?p=67618"},"modified":"2023-09-05T11:01:34","modified_gmt":"2023-09-05T09:01:34","slug":"lhiver-prochainne-manquera-pas-darriver","status":"publish","type":"post","link":"https:\/\/swissbaker.ch\/fr\/panissimo-news\/lhiver-prochainne-manquera-pas-darriver\/","title":{"rendered":"L\u2019hiver prochainne manquera pas d\u2019arriver"},"content":{"rendered":"\n<p><strong>Une consommation d\u2019\u00e9nergie plus faible\u2009; cela se r\u00e9percute aussi sur le porte-monnaie \u00e0 long terme. Cependant, les PME suisses ont encore du potentiel en mati\u00e8re d\u2019\u00e9conomies d\u2019\u00e9nergie. En tant que membre de l\u2019Alliance pour l\u2019\u00e9conomie d\u2019\u00e9nergie, la BCS tient \u00e0 ce que ses membres puissent \u00e9conomiser de l\u2019\u00e9nergie le plus simplement possible.<\/strong><\/p>\n\n\n\n<p>M\u00eame si l\u2019on a du mal \u00e0 l\u2019imaginer avec ce temps estival, et m\u00eame si l\u2019on ne veut peut-\u00eatre pas l\u2019imaginer, le prochain hiver ne manquera pas d\u2019arriver. Il est judicieux de r\u00e9fl\u00e9chir maintenant au th\u00e8me des \u00e9conomies d\u2019\u00e9nergie. Une \u00e9ventuelle p\u00e9nurie devrait rester un sujet pr\u00e9occupant dans les ann\u00e9es \u00e0 venir. Elle est devenue un d\u00e9fi majeur pour de nombreuses PME. La volont\u00e9 est certes souvent pr\u00e9sente, mais la perplexit\u00e9 r\u00e8gne quant \u00e0 savoir comment et o\u00f9 s\u2019attaquer \u00e0 la t\u00e2che. C\u2019est pourquoi, la Conf\u00e9d\u00e9ration a lanc\u00e9 en juin une campagne destin\u00e9e \u00e0 interpeller les entreprises de mani\u00e8re cibl\u00e9e. Au centre de cette campagne se trouve une infoline gratuite qui offre un conseil et un accompagnement neutres en mati\u00e8re d\u2019efficacit\u00e9 \u00e9nerg\u00e9tique et de subventions\u2009: 0848 444 444.<\/p>\n\n\n\n<p>Toutes les infos sur les offres\u2009: <a href=\"http:\/\/stop-gaspillage.ch\/fr\/entreprises\" target=\"_blank\" rel=\"noreferrer noopener\">stop-gaspillage.ch\/fr\/entreprises<\/a><\/p>\n\n\n\n<h2 class=\"wp-block-heading\" id=\"h-peik-le-conseil-en-energie-pour-les-pme\">PEIK, le conseil en \u00e9nergie pour les PME<\/h2>\n\n\n\n<p>Il vaut la peine de profiter des conseils et de l\u2019accompagnement avantageux des professionnels de l\u2019\u00e9nergie du programme PEIK. Ensemble, vous \u00e9laborez un plan adapt\u00e9 \u00e0 votre entreprise, qui permettra d\u2019\u00e9conomiser de l\u2019\u00e9nergie et de l\u2019argent \u00e0 l\u2019avenir. Apr\u00e8s un premier entretien gratuit, une visite sur place et une analyse des donn\u00e9es \u00e9nerg\u00e9tiques ont lieu. Les professionnels de l\u2019\u00e9nergie peuvent ainsi d\u00e9terminer les mesures d\u2019efficience qui sont envisageables pour l\u2019entreprise concern\u00e9e. PEIK prend en charge jusqu\u2019\u00e0 50\u202f% des co\u00fbts de l\u2019audit \u00e9nerg\u00e9tique. Une fois que les propri\u00e9taires d\u2019entreprise ont opt\u00e9 pour une variante de solution, ils sont \u00e9galement soutenus dans la mise en \u0153uvre, avec jusqu\u2019\u00e0 dix jours d\u2019accompagnement par un sp\u00e9cialiste en \u00e9nergie.<\/p>\n\n\n\n<p>Plus d\u2019infos sur le programme sur\u2009: <a href=\"http:\/\/peik.ch\" target=\"_blank\" rel=\"noreferrer noopener\">peik.ch<\/a><\/p>\n\n\n\n<h2 class=\"wp-block-heading\">Soutien financier<\/h2>\n\n\n\n<p>ProKilowatt, le programme de l\u2019Office f\u00e9d\u00e9ral de l\u2019\u00e9nergie, soutient les mesures d\u2019efficience qui r\u00e9duisent la consommation d\u2019\u00e9lectricit\u00e9. Les subventions peuvent s\u2019\u00e9lever jusqu\u2019\u00e0 30\u202f% des co\u00fbts d\u2019investissement.<br>Si ceux-ci sont inf\u00e9rieurs \u00e0 300\u2009000\u202ffrancs, les int\u00e9ress\u00e9s peuvent s\u2019inscrire au programme de leur choix. Les mesures d\u2019efficacit\u00e9 dont les co\u00fbts d\u2019investissement sont sup\u00e9rieurs \u00e0 70\u2009000\u202ffrancs peuvent \u00e9galement \u00eatre soumises \u00e0 ProKilowatt en tant que projet individuel. Important\u2009: la demande doit parvenir au service concern\u00e9 avant le d\u00e9but de la mise en \u0153uvre.<\/p>\n\n\n\n<p>Les entreprises int\u00e9ress\u00e9es peuvent s\u2019adresser \u00e0 <a href=\"http:\/\/prokw.ch\" target=\"_blank\" rel=\"noreferrer noopener\">prokw.ch<\/a><\/p>\n\n\n\n<h2 class=\"wp-block-heading\">Alliance pour les \u00e9conomies d\u2019\u00e9nergie<\/h2>\n\n\n\n<p>Le principal objectif de l\u2019Alliance pour les \u00e9conomies d\u2019\u00e9nergie est un approvisionnement \u00e9nerg\u00e9tique s\u00fbr et durable pour la population ainsi que pour l\u2019\u00e9conomie en Suisse. Elle r\u00e9unit des organisations, dont la BCS, qui soutiennent les efforts visant \u00e0 assurer la s\u00e9curit\u00e9 de l\u2019approvisionnement en Suisse en prenant volontairement des mesures pour utiliser l\u2019\u00e9nergie de mani\u00e8re plus efficiente et plus \u00e9conomique.<\/p>\n\n\n\n<p>Il est toujours aussi important de travailler \u00e0 l\u2019optimisation de la consommation d\u2019\u00e9nergie. D\u00e9j\u00e0 en vue de l\u2019automne et de l\u2019hiver prochains, cela peut contribuer \u00e0 un approvisionnement s\u00fbr et durable de l\u2019\u00e9conomie ainsi que de la population.<\/p>\n\n\n\n<p class=\"has-text-align-right\"><em>SBC<\/em><\/p>\n","protected":false},"excerpt":{"rendered":"<p>Une consommation d\u2019\u00e9nergie plus faible\u2009; cela se r\u00e9percute aussi sur le porte-monnaie \u00e0 long terme. Cependant, les PME suisses ont encore du potentiel en mati\u00e8re d\u2019\u00e9conomies d\u2019\u00e9nergie. En tant que membre de l\u2019Alliance pour l\u2019\u00e9conomie d\u2019\u00e9nergie, la BCS tient \u00e0 ce que ses membres puissent \u00e9conomiser de l\u2019\u00e9nergie le plus simplement possible.<\/p>\n","protected":false},"author":5,"featured_media":55971,"comment_status":"closed","ping_status":"closed","sticky":true,"template":"","format":"standard","meta":{"_acf_changed":false,"footnotes":""},"categories":[41,54],"tags":[],"class_list":["post-67618","post","type-post","status-publish","format-standard","has-post-thumbnail","hentry","category-association","category-conseils"],"acf":[],"yoast_head":"<!-- This site is optimized with the Yoast SEO Premium plugin v26.8 (Yoast SEO v26.8) - https:\/\/yoast.com\/product\/yoast-seo-premium-wordpress\/ -->\n<title>L\u2019hiver prochainne manquera pas d\u2019arriver | SBC<\/title>\n<meta name=\"robots\" content=\"index, follow, max-snippet:-1, max-image-preview:large, max-video-preview:-1\" \/>\n<link rel=\"canonical\" href=\"https:\/\/swissbaker.ch\/fr\/panissimo-news\/lhiver-prochainne-manquera-pas-darriver\/\" \/>\n<meta property=\"og:locale\" content=\"fr_FR\" \/>\n<meta property=\"og:type\" content=\"article\" \/>\n<meta property=\"og:title\" content=\"L\u2019hiver prochainne manquera pas d\u2019arriver\" \/>\n<meta property=\"og:description\" content=\"Une consommation d\u2019\u00e9nergie plus faible\u2009; cela se r\u00e9percute aussi sur le porte-monnaie \u00e0 long terme. Cependant, les PME suisses ont encore du potentiel en mati\u00e8re d\u2019\u00e9conomies d\u2019\u00e9nergie. En tant que membre de l\u2019Alliance pour l\u2019\u00e9conomie d\u2019\u00e9nergie, la BCS tient \u00e0 ce que ses membres puissent \u00e9conomiser de l\u2019\u00e9nergie le plus simplement possible.\" \/>\n<meta property=\"og:url\" content=\"https:\/\/swissbaker.ch\/fr\/panissimo-news\/lhiver-prochainne-manquera-pas-darriver\/\" \/>\n<meta property=\"og:site_name\" content=\"SBC\" \/>\n<meta property=\"article:publisher\" content=\"https:\/\/www.facebook.com\/swissbaker.ch\" \/>\n<meta property=\"article:published_time\" content=\"2023-09-05T08:28:47+00:00\" \/>\n<meta property=\"article:modified_time\" content=\"2023-09-05T09:01:34+00:00\" \/>\n<meta property=\"og:image\" content=\"https:\/\/swissbaker.ch\/wp-content\/uploads\/2023\/01\/2_1_mitgliederumfrage_brot_im_ofen.jpg\" \/>\n\t<meta property=\"og:image:width\" content=\"1200\" \/>\n\t<meta property=\"og:image:height\" content=\"712\" \/>\n\t<meta property=\"og:image:type\" content=\"image\/jpeg\" \/>\n<meta name=\"author\" content=\"Simon Nussbaum\" \/>\n<meta name=\"twitter:card\" content=\"summary_large_image\" \/>\n<meta name=\"twitter:creator\" content=\"@ch_swissbaker\" \/>\n<meta name=\"twitter:site\" content=\"@ch_swissbaker\" \/>\n<meta name=\"twitter:label1\" content=\"Written by\" \/>\n\t<meta name=\"twitter:data1\" content=\"Simon Nussbaum\" \/>\n\t<meta name=\"twitter:label2\" content=\"Est. reading time\" \/>\n\t<meta name=\"twitter:data2\" content=\"3 minutes\" \/>\n<script type=\"application\/ld+json\" class=\"yoast-schema-graph\">{\"@context\":\"https:\/\/schema.org\",\"@graph\":[{\"@type\":\"Article\",\"@id\":\"https:\/\/swissbaker.ch\/fr\/panissimo-news\/lhiver-prochainne-manquera-pas-darriver\/#article\",\"isPartOf\":{\"@id\":\"https:\/\/swissbaker.ch\/fr\/panissimo-news\/lhiver-prochainne-manquera-pas-darriver\/\"},\"author\":{\"name\":\"Simon Nussbaum\",\"@id\":\"https:\/\/swissbaker.ch\/fr\/#\/schema\/person\/74bd327b08c18ca6042c02ff6f0ed5e2\"},\"headline\":\"L\u2019hiver prochainne manquera pas d\u2019arriver\",\"datePublished\":\"2023-09-05T08:28:47+00:00\",\"dateModified\":\"2023-09-05T09:01:34+00:00\",\"mainEntityOfPage\":{\"@id\":\"https:\/\/swissbaker.ch\/fr\/panissimo-news\/lhiver-prochainne-manquera-pas-darriver\/\"},\"wordCount\":599,\"publisher\":{\"@id\":\"https:\/\/swissbaker.ch\/fr\/#organization\"},\"image\":{\"@id\":\"https:\/\/swissbaker.ch\/fr\/panissimo-news\/lhiver-prochainne-manquera-pas-darriver\/#primaryimage\"},\"thumbnailUrl\":\"https:\/\/swissbaker.ch\/wp-content\/uploads\/2023\/01\/2_1_mitgliederumfrage_brot_im_ofen.jpg\",\"articleSection\":[\"Association\",\"Conseils\"],\"inLanguage\":\"fr-FR\"},{\"@type\":\"WebPage\",\"@id\":\"https:\/\/swissbaker.ch\/fr\/panissimo-news\/lhiver-prochainne-manquera-pas-darriver\/\",\"url\":\"https:\/\/swissbaker.ch\/fr\/panissimo-news\/lhiver-prochainne-manquera-pas-darriver\/\",\"name\":\"L\u2019hiver prochainne manquera pas d\u2019arriver | SBC\",\"isPartOf\":{\"@id\":\"https:\/\/swissbaker.ch\/fr\/#website\"},\"primaryImageOfPage\":{\"@id\":\"https:\/\/swissbaker.ch\/fr\/panissimo-news\/lhiver-prochainne-manquera-pas-darriver\/#primaryimage\"},\"image\":{\"@id\":\"https:\/\/swissbaker.ch\/fr\/panissimo-news\/lhiver-prochainne-manquera-pas-darriver\/#primaryimage\"},\"thumbnailUrl\":\"https:\/\/swissbaker.ch\/wp-content\/uploads\/2023\/01\/2_1_mitgliederumfrage_brot_im_ofen.jpg\",\"datePublished\":\"2023-09-05T08:28:47+00:00\",\"dateModified\":\"2023-09-05T09:01:34+00:00\",\"breadcrumb\":{\"@id\":\"https:\/\/swissbaker.ch\/fr\/panissimo-news\/lhiver-prochainne-manquera-pas-darriver\/#breadcrumb\"},\"inLanguage\":\"fr-FR\",\"potentialAction\":[{\"@type\":\"ReadAction\",\"target\":[\"https:\/\/swissbaker.ch\/fr\/panissimo-news\/lhiver-prochainne-manquera-pas-darriver\/\"]}]},{\"@type\":\"ImageObject\",\"inLanguage\":\"fr-FR\",\"@id\":\"https:\/\/swissbaker.ch\/fr\/panissimo-news\/lhiver-prochainne-manquera-pas-darriver\/#primaryimage\",\"url\":\"https:\/\/swissbaker.ch\/wp-content\/uploads\/2023\/01\/2_1_mitgliederumfrage_brot_im_ofen.jpg\",\"contentUrl\":\"https:\/\/swissbaker.ch\/wp-content\/uploads\/2023\/01\/2_1_mitgliederumfrage_brot_im_ofen.jpg\",\"width\":1200,\"height\":712},{\"@type\":\"BreadcrumbList\",\"@id\":\"https:\/\/swissbaker.ch\/fr\/panissimo-news\/lhiver-prochainne-manquera-pas-darriver\/#breadcrumb\",\"itemListElement\":[{\"@type\":\"ListItem\",\"position\":1,\"name\":\"\",\"item\":\"https:\/\/swissbaker.ch\/fr\/\"},{\"@type\":\"ListItem\",\"position\":2,\"name\":\"Association\",\"item\":\"https:\/\/swissbaker.ch\/fr\/panissimo-news\/category\/association\/\"},{\"@type\":\"ListItem\",\"position\":3,\"name\":\"L\u2019hiver prochainne manquera pas d\u2019arriver\"}]},{\"@type\":\"WebSite\",\"@id\":\"https:\/\/swissbaker.ch\/fr\/#website\",\"url\":\"https:\/\/swissbaker.ch\/fr\/\",\"name\":\"SBC\",\"description\":\"\",\"publisher\":{\"@id\":\"https:\/\/swissbaker.ch\/fr\/#organization\"},\"potentialAction\":[{\"@type\":\"SearchAction\",\"target\":{\"@type\":\"EntryPoint\",\"urlTemplate\":\"https:\/\/swissbaker.ch\/fr\/?s={search_term_string}\"},\"query-input\":{\"@type\":\"PropertyValueSpecification\",\"valueRequired\":true,\"valueName\":\"search_term_string\"}}],\"inLanguage\":\"fr-FR\"},{\"@type\":\"Organization\",\"@id\":\"https:\/\/swissbaker.ch\/fr\/#organization\",\"name\":\"Schweizerischer B\u00e4cker-Confiseurmeister-Verband\",\"url\":\"https:\/\/swissbaker.ch\/fr\/\",\"logo\":{\"@type\":\"ImageObject\",\"inLanguage\":\"fr-FR\",\"@id\":\"https:\/\/swissbaker.ch\/fr\/#\/schema\/logo\/image\/\",\"url\":\"https:\/\/swissbaker.ch\/wp-content\/uploads\/2022\/04\/sbc-logo-yoast.jpg\",\"contentUrl\":\"https:\/\/swissbaker.ch\/wp-content\/uploads\/2022\/04\/sbc-logo-yoast.jpg\",\"width\":512,\"height\":512,\"caption\":\"Schweizerischer B\u00e4cker-Confiseurmeister-Verband\"},\"image\":{\"@id\":\"https:\/\/swissbaker.ch\/fr\/#\/schema\/logo\/image\/\"},\"sameAs\":[\"https:\/\/www.facebook.com\/swissbaker.ch\",\"https:\/\/x.com\/ch_swissbaker\"]},{\"@type\":\"Person\",\"@id\":\"https:\/\/swissbaker.ch\/fr\/#\/schema\/person\/74bd327b08c18ca6042c02ff6f0ed5e2\",\"name\":\"Simon Nussbaum\",\"image\":{\"@type\":\"ImageObject\",\"inLanguage\":\"fr-FR\",\"@id\":\"https:\/\/swissbaker.ch\/fr\/#\/schema\/person\/image\/\",\"url\":\"https:\/\/secure.gravatar.com\/avatar\/df0eced3bb556c806cb760cf503ade1ed1df25b4104d80d6fd28d93a9509aa12?s=96&d=mm&r=g\",\"contentUrl\":\"https:\/\/secure.gravatar.com\/avatar\/df0eced3bb556c806cb760cf503ade1ed1df25b4104d80d6fd28d93a9509aa12?s=96&d=mm&r=g\",\"caption\":\"Simon Nussbaum\"},\"url\":\"https:\/\/swissbaker.ch\/fr\/panissimo-news\/author\/simon-nussbaum\/\"}]}<\/script>\n<!-- \/ Yoast SEO Premium plugin. -->","yoast_head_json":{"title":"L\u2019hiver prochainne manquera pas d\u2019arriver | SBC","robots":{"index":"index","follow":"follow","max-snippet":"max-snippet:-1","max-image-preview":"max-image-preview:large","max-video-preview":"max-video-preview:-1"},"canonical":"https:\/\/swissbaker.ch\/fr\/panissimo-news\/lhiver-prochainne-manquera-pas-darriver\/","og_locale":"fr_FR","og_type":"article","og_title":"L\u2019hiver prochainne manquera pas d\u2019arriver","og_description":"Une consommation d\u2019\u00e9nergie plus faible\u2009; cela se r\u00e9percute aussi sur le porte-monnaie \u00e0 long terme. Cependant, les PME suisses ont encore du potentiel en mati\u00e8re d\u2019\u00e9conomies d\u2019\u00e9nergie. En tant que membre de l\u2019Alliance pour l\u2019\u00e9conomie d\u2019\u00e9nergie, la BCS tient \u00e0 ce que ses membres puissent \u00e9conomiser de l\u2019\u00e9nergie le plus simplement possible.","og_url":"https:\/\/swissbaker.ch\/fr\/panissimo-news\/lhiver-prochainne-manquera-pas-darriver\/","og_site_name":"SBC","article_publisher":"https:\/\/www.facebook.com\/swissbaker.ch","article_published_time":"2023-09-05T08:28:47+00:00","article_modified_time":"2023-09-05T09:01:34+00:00","og_image":[{"width":1200,"height":712,"url":"https:\/\/swissbaker.ch\/wp-content\/uploads\/2023\/01\/2_1_mitgliederumfrage_brot_im_ofen.jpg","type":"image\/jpeg"}],"author":"Simon Nussbaum","twitter_card":"summary_large_image","twitter_creator":"@ch_swissbaker","twitter_site":"@ch_swissbaker","twitter_misc":{"Written by":"Simon Nussbaum","Est. reading time":"3 minutes"},"schema":{"@context":"https:\/\/schema.org","@graph":[{"@type":"Article","@id":"https:\/\/swissbaker.ch\/fr\/panissimo-news\/lhiver-prochainne-manquera-pas-darriver\/#article","isPartOf":{"@id":"https:\/\/swissbaker.ch\/fr\/panissimo-news\/lhiver-prochainne-manquera-pas-darriver\/"},"author":{"name":"Simon Nussbaum","@id":"https:\/\/swissbaker.ch\/fr\/#\/schema\/person\/74bd327b08c18ca6042c02ff6f0ed5e2"},"headline":"L\u2019hiver prochainne manquera pas d\u2019arriver","datePublished":"2023-09-05T08:28:47+00:00","dateModified":"2023-09-05T09:01:34+00:00","mainEntityOfPage":{"@id":"https:\/\/swissbaker.ch\/fr\/panissimo-news\/lhiver-prochainne-manquera-pas-darriver\/"},"wordCount":599,"publisher":{"@id":"https:\/\/swissbaker.ch\/fr\/#organization"},"image":{"@id":"https:\/\/swissbaker.ch\/fr\/panissimo-news\/lhiver-prochainne-manquera-pas-darriver\/#primaryimage"},"thumbnailUrl":"https:\/\/swissbaker.ch\/wp-content\/uploads\/2023\/01\/2_1_mitgliederumfrage_brot_im_ofen.jpg","articleSection":["Association","Conseils"],"inLanguage":"fr-FR"},{"@type":"WebPage","@id":"https:\/\/swissbaker.ch\/fr\/panissimo-news\/lhiver-prochainne-manquera-pas-darriver\/","url":"https:\/\/swissbaker.ch\/fr\/panissimo-news\/lhiver-prochainne-manquera-pas-darriver\/","name":"L\u2019hiver prochainne manquera pas d\u2019arriver | SBC","isPartOf":{"@id":"https:\/\/swissbaker.ch\/fr\/#website"},"primaryImageOfPage":{"@id":"https:\/\/swissbaker.ch\/fr\/panissimo-news\/lhiver-prochainne-manquera-pas-darriver\/#primaryimage"},"image":{"@id":"https:\/\/swissbaker.ch\/fr\/panissimo-news\/lhiver-prochainne-manquera-pas-darriver\/#primaryimage"},"thumbnailUrl":"https:\/\/swissbaker.ch\/wp-content\/uploads\/2023\/01\/2_1_mitgliederumfrage_brot_im_ofen.jpg","datePublished":"2023-09-05T08:28:47+00:00","dateModified":"2023-09-05T09:01:34+00:00","breadcrumb":{"@id":"https:\/\/swissbaker.ch\/fr\/panissimo-news\/lhiver-prochainne-manquera-pas-darriver\/#breadcrumb"},"inLanguage":"fr-FR","potentialAction":[{"@type":"ReadAction","target":["https:\/\/swissbaker.ch\/fr\/panissimo-news\/lhiver-prochainne-manquera-pas-darriver\/"]}]},{"@type":"ImageObject","inLanguage":"fr-FR","@id":"https:\/\/swissbaker.ch\/fr\/panissimo-news\/lhiver-prochainne-manquera-pas-darriver\/#primaryimage","url":"https:\/\/swissbaker.ch\/wp-content\/uploads\/2023\/01\/2_1_mitgliederumfrage_brot_im_ofen.jpg","contentUrl":"https:\/\/swissbaker.ch\/wp-content\/uploads\/2023\/01\/2_1_mitgliederumfrage_brot_im_ofen.jpg","width":1200,"height":712},{"@type":"BreadcrumbList","@id":"https:\/\/swissbaker.ch\/fr\/panissimo-news\/lhiver-prochainne-manquera-pas-darriver\/#breadcrumb","itemListElement":[{"@type":"ListItem","position":1,"name":"","item":"https:\/\/swissbaker.ch\/fr\/"},{"@type":"ListItem","position":2,"name":"Association","item":"https:\/\/swissbaker.ch\/fr\/panissimo-news\/category\/association\/"},{"@type":"ListItem","position":3,"name":"L\u2019hiver prochainne manquera pas d\u2019arriver"}]},{"@type":"WebSite","@id":"https:\/\/swissbaker.ch\/fr\/#website","url":"https:\/\/swissbaker.ch\/fr\/","name":"SBC","description":"","publisher":{"@id":"https:\/\/swissbaker.ch\/fr\/#organization"},"potentialAction":[{"@type":"SearchAction","target":{"@type":"EntryPoint","urlTemplate":"https:\/\/swissbaker.ch\/fr\/?s={search_term_string}"},"query-input":{"@type":"PropertyValueSpecification","valueRequired":true,"valueName":"search_term_string"}}],"inLanguage":"fr-FR"},{"@type":"Organization","@id":"https:\/\/swissbaker.ch\/fr\/#organization","name":"Schweizerischer B\u00e4cker-Confiseurmeister-Verband","url":"https:\/\/swissbaker.ch\/fr\/","logo":{"@type":"ImageObject","inLanguage":"fr-FR","@id":"https:\/\/swissbaker.ch\/fr\/#\/schema\/logo\/image\/","url":"https:\/\/swissbaker.ch\/wp-content\/uploads\/2022\/04\/sbc-logo-yoast.jpg","contentUrl":"https:\/\/swissbaker.ch\/wp-content\/uploads\/2022\/04\/sbc-logo-yoast.jpg","width":512,"height":512,"caption":"Schweizerischer B\u00e4cker-Confiseurmeister-Verband"},"image":{"@id":"https:\/\/swissbaker.ch\/fr\/#\/schema\/logo\/image\/"},"sameAs":["https:\/\/www.facebook.com\/swissbaker.ch","https:\/\/x.com\/ch_swissbaker"]},{"@type":"Person","@id":"https:\/\/swissbaker.ch\/fr\/#\/schema\/person\/74bd327b08c18ca6042c02ff6f0ed5e2","name":"Simon Nussbaum","image":{"@type":"ImageObject","inLanguage":"fr-FR","@id":"https:\/\/swissbaker.ch\/fr\/#\/schema\/person\/image\/","url":"https:\/\/secure.gravatar.com\/avatar\/df0eced3bb556c806cb760cf503ade1ed1df25b4104d80d6fd28d93a9509aa12?s=96&d=mm&r=g","contentUrl":"https:\/\/secure.gravatar.com\/avatar\/df0eced3bb556c806cb760cf503ade1ed1df25b4104d80d6fd28d93a9509aa12?s=96&d=mm&r=g","caption":"Simon Nussbaum"},"url":"https:\/\/swissbaker.ch\/fr\/panissimo-news\/author\/simon-nussbaum\/"}]}},"_links":{"self":[{"href":"https:\/\/swissbaker.ch\/fr\/wp-json\/wp\/v2\/posts\/67618","targetHints":{"allow":["GET"]}}],"collection":[{"href":"https:\/\/swissbaker.ch\/fr\/wp-json\/wp\/v2\/posts"}],"about":[{"href":"https:\/\/swissbaker.ch\/fr\/wp-json\/wp\/v2\/types\/post"}],"author":[{"embeddable":true,"href":"https:\/\/swissbaker.ch\/fr\/wp-json\/wp\/v2\/users\/5"}],"replies":[{"embeddable":true,"href":"https:\/\/swissbaker.ch\/fr\/wp-json\/wp\/v2\/comments?post=67618"}],"version-history":[{"count":0,"href":"https:\/\/swissbaker.ch\/fr\/wp-json\/wp\/v2\/posts\/67618\/revisions"}],"wp:featuredmedia":[{"embeddable":true,"href":"https:\/\/swissbaker.ch\/fr\/wp-json\/wp\/v2\/media\/55971"}],"wp:attachment":[{"href":"https:\/\/swissbaker.ch\/fr\/wp-json\/wp\/v2\/media?parent=67618"}],"wp:term":[{"taxonomy":"category","embeddable":true,"href":"https:\/\/swissbaker.ch\/fr\/wp-json\/wp\/v2\/categories?post=67618"},{"taxonomy":"post_tag","embeddable":true,"href":"https:\/\/swissbaker.ch\/fr\/wp-json\/wp\/v2\/tags?post=67618"}],"curies":[{"name":"wp","href":"https:\/\/api.w.org\/{rel}","templated":true}]}}