{"id":67612,"date":"2023-09-05T09:25:57","date_gmt":"2023-09-05T07:25:57","guid":{"rendered":"https:\/\/swissbaker.ch\/?p=67612"},"modified":"2023-09-05T09:31:49","modified_gmt":"2023-09-05T07:31:49","slug":"la-situationreste-tendue","status":"publish","type":"post","link":"https:\/\/swissbaker.ch\/fr\/panissimo-news\/la-situationreste-tendue\/","title":{"rendered":"La situationreste tendue"},"content":{"rendered":"\n<p><strong>La situation de l\u2019approvisionnement \u00e9nerg\u00e9tique en Suisse est actuellement stable, elle n\u2019est pas aussi tendue que l\u2019ann\u00e9e derni\u00e8re. Nous avons bien s\u00fbr aussi eu la chance de b\u00e9n\u00e9ficier d\u2019un hiver tr\u00e8s doux, mais nous ne pouvons pas compter sur le fait que cela se reproduira l\u2019hiver prochain. En outre, il y a eu peu de neige et de pluie, ce qui implique un manque d\u2019eau dans les lacs de retenue. Si la s\u00e9cheresse devait persister, elle pourrait entra\u00eener une production r\u00e9duite dans le domaine de l\u2019\u00e9nergie hydraulique, mais aussi de l\u2019\u00e9nergie nucl\u00e9aire.<\/strong><\/p>\n\n\n\n<p>Par ailleurs, les probl\u00e8mes techniques r\u00e9guliers dans les centrales nucl\u00e9aires fran\u00e7aises, l\u2019arr\u00eat de trois centrales nucl\u00e9aires en Allemagne et le niveau de remplissage des r\u00e9servoirs de gaz europ\u00e9ens qu\u2019il est difficile de pr\u00e9voir pour l\u2019automne prochain sont des preuves que la situation reste globalement tendue. Une bonne pr\u00e9paration dans les entreprises est n\u00e9cessaire pour que nous puissions continuer \u00e0 compter sur un approvisionnement s\u00fbr. Cela en vaut la peine, ne serait-ce qu\u2019en raison de l\u2019augmentation des prix de l\u2019\u00e9nergie.<\/p>\n\n\n\n<p>La s\u00e9curit\u00e9 de l\u2019approvisionnement est garantie \u00e0 court terme, mais cette situation peut changer rapidement. Une utilisation prudente de l\u2019\u00e9nergie reste donc judicieuse. L\u2019accent ayant \u00e9t\u00e9 mis sur des mesures d\u2019\u00e9conomie d\u2019\u00e9nergie rapidement r\u00e9alisables l\u2019hiver dernier, le moment est venu de passer \u00e0 l\u2019\u00e9tape suivante. L\u2019examen de vos processus, installations et infrastructures permet de d\u00e9celer de mani\u00e8re cibl\u00e9e les potentiels d\u2019\u00e9conomie d\u2019\u00e9nergie existants et de les exploiter \u00e0 long terme. La Conf\u00e9d\u00e9ration met \u00e0 votre disposition diff\u00e9rentes offres sur le site internet stop-gaspillage.ch, allant du conseil au financement, pour vous permettre de continuer \u00e0 optimiser l\u2019efficacit\u00e9 \u00e9nerg\u00e9tique de votre entreprise. Ind\u00e9pendamment du secteur ou de la taille, il existe une solution \u00e9nerg\u00e9tique adapt\u00e9e \u00e0 chaque entreprise.<\/p>\n\n\n\n<p>Nous avons fait de gros efforts pour prot\u00e9ger nos membres de graves restrictions en cas de p\u00e9nurie. Nous avons pu nous impliquer directement dans les ordonnances en lien avec une situation de p\u00e9nurie et continuons \u00e0 \u00e9changer avec les autorit\u00e9s. Esp\u00e9rons que ces ordonnances ne devront pas \u00eatre appliqu\u00e9es\u2009!<\/p>\n\n\n\n<p class=\"has-text-align-right\"><em>Urs Wellauer-Boschung, directeur de la BCS<\/em><\/p>\n","protected":false},"excerpt":{"rendered":"<p>La situation de l\u2019approvisionnement \u00e9nerg\u00e9tique en Suisse est actuellement stable, elle n\u2019est pas aussi tendue que l\u2019ann\u00e9e derni\u00e8re. Nous avons bien s\u00fbr aussi eu la chance de b\u00e9n\u00e9ficier d\u2019un hiver tr\u00e8s doux, mais nous ne pouvons pas compter sur le fait que cela se reproduira l\u2019hiver prochain.<\/p>\n","protected":false},"author":5,"featured_media":50656,"comment_status":"closed","ping_status":"closed","sticky":true,"template":"","format":"standard","meta":{"_acf_changed":false,"footnotes":""},"categories":[41,44],"tags":[],"class_list":["post-67612","post","type-post","status-publish","format-standard","has-post-thumbnail","hentry","category-association","category-droit-politique"],"acf":[],"yoast_head":"<!-- This site is optimized with the Yoast SEO Premium plugin v26.8 (Yoast SEO v26.8) - https:\/\/yoast.com\/product\/yoast-seo-premium-wordpress\/ -->\n<title>La situationreste tendue | SBC<\/title>\n<meta name=\"description\" content=\"La situation de l\u2019approvisionnement \u00e9nerg\u00e9tique en Suisse est actuellement stable, elle n\u2019est pas aussi tendue que l\u2019ann\u00e9e derni\u00e8re.\" \/>\n<meta name=\"robots\" content=\"index, follow, max-snippet:-1, max-image-preview:large, max-video-preview:-1\" \/>\n<link rel=\"canonical\" href=\"https:\/\/swissbaker.ch\/fr\/panissimo-news\/la-situationreste-tendue\/\" \/>\n<meta property=\"og:locale\" content=\"fr_FR\" \/>\n<meta property=\"og:type\" content=\"article\" \/>\n<meta property=\"og:title\" content=\"La situationreste tendue\" \/>\n<meta property=\"og:description\" content=\"La situation de l\u2019approvisionnement \u00e9nerg\u00e9tique en Suisse est actuellement stable, elle n\u2019est pas aussi tendue que l\u2019ann\u00e9e derni\u00e8re.\" \/>\n<meta property=\"og:url\" content=\"https:\/\/swissbaker.ch\/fr\/panissimo-news\/la-situationreste-tendue\/\" \/>\n<meta property=\"og:site_name\" content=\"SBC\" \/>\n<meta property=\"article:publisher\" content=\"https:\/\/www.facebook.com\/swissbaker.ch\" \/>\n<meta property=\"article:published_time\" content=\"2023-09-05T07:25:57+00:00\" \/>\n<meta property=\"article:modified_time\" content=\"2023-09-05T07:31:49+00:00\" \/>\n<meta property=\"og:image\" content=\"https:\/\/swissbaker.ch\/wp-content\/uploads\/2022\/10\/urs_wellauer.jpg\" \/>\n\t<meta property=\"og:image:width\" content=\"1200\" \/>\n\t<meta property=\"og:image:height\" content=\"712\" \/>\n\t<meta property=\"og:image:type\" content=\"image\/jpeg\" \/>\n<meta name=\"author\" content=\"Simon Nussbaum\" \/>\n<meta name=\"twitter:card\" content=\"summary_large_image\" \/>\n<meta name=\"twitter:creator\" content=\"@ch_swissbaker\" \/>\n<meta name=\"twitter:site\" content=\"@ch_swissbaker\" \/>\n<meta name=\"twitter:label1\" content=\"Written by\" \/>\n\t<meta name=\"twitter:data1\" content=\"Simon Nussbaum\" \/>\n\t<meta name=\"twitter:label2\" content=\"Est. reading time\" \/>\n\t<meta name=\"twitter:data2\" content=\"2 minutes\" \/>\n<script type=\"application\/ld+json\" class=\"yoast-schema-graph\">{\"@context\":\"https:\/\/schema.org\",\"@graph\":[{\"@type\":\"Article\",\"@id\":\"https:\/\/swissbaker.ch\/fr\/panissimo-news\/la-situationreste-tendue\/#article\",\"isPartOf\":{\"@id\":\"https:\/\/swissbaker.ch\/fr\/panissimo-news\/la-situationreste-tendue\/\"},\"author\":{\"name\":\"Simon Nussbaum\",\"@id\":\"https:\/\/swissbaker.ch\/fr\/#\/schema\/person\/74bd327b08c18ca6042c02ff6f0ed5e2\"},\"headline\":\"La situationreste tendue\",\"datePublished\":\"2023-09-05T07:25:57+00:00\",\"dateModified\":\"2023-09-05T07:31:49+00:00\",\"mainEntityOfPage\":{\"@id\":\"https:\/\/swissbaker.ch\/fr\/panissimo-news\/la-situationreste-tendue\/\"},\"wordCount\":404,\"publisher\":{\"@id\":\"https:\/\/swissbaker.ch\/fr\/#organization\"},\"image\":{\"@id\":\"https:\/\/swissbaker.ch\/fr\/panissimo-news\/la-situationreste-tendue\/#primaryimage\"},\"thumbnailUrl\":\"https:\/\/swissbaker.ch\/wp-content\/uploads\/2022\/10\/urs_wellauer.jpg\",\"articleSection\":[\"Association\",\"Droit &amp; politique\"],\"inLanguage\":\"fr-FR\"},{\"@type\":\"WebPage\",\"@id\":\"https:\/\/swissbaker.ch\/fr\/panissimo-news\/la-situationreste-tendue\/\",\"url\":\"https:\/\/swissbaker.ch\/fr\/panissimo-news\/la-situationreste-tendue\/\",\"name\":\"La situationreste tendue | SBC\",\"isPartOf\":{\"@id\":\"https:\/\/swissbaker.ch\/fr\/#website\"},\"primaryImageOfPage\":{\"@id\":\"https:\/\/swissbaker.ch\/fr\/panissimo-news\/la-situationreste-tendue\/#primaryimage\"},\"image\":{\"@id\":\"https:\/\/swissbaker.ch\/fr\/panissimo-news\/la-situationreste-tendue\/#primaryimage\"},\"thumbnailUrl\":\"https:\/\/swissbaker.ch\/wp-content\/uploads\/2022\/10\/urs_wellauer.jpg\",\"datePublished\":\"2023-09-05T07:25:57+00:00\",\"dateModified\":\"2023-09-05T07:31:49+00:00\",\"description\":\"La situation de l\u2019approvisionnement \u00e9nerg\u00e9tique en Suisse est actuellement stable, elle n\u2019est pas aussi tendue que l\u2019ann\u00e9e derni\u00e8re.\",\"breadcrumb\":{\"@id\":\"https:\/\/swissbaker.ch\/fr\/panissimo-news\/la-situationreste-tendue\/#breadcrumb\"},\"inLanguage\":\"fr-FR\",\"potentialAction\":[{\"@type\":\"ReadAction\",\"target\":[\"https:\/\/swissbaker.ch\/fr\/panissimo-news\/la-situationreste-tendue\/\"]}]},{\"@type\":\"ImageObject\",\"inLanguage\":\"fr-FR\",\"@id\":\"https:\/\/swissbaker.ch\/fr\/panissimo-news\/la-situationreste-tendue\/#primaryimage\",\"url\":\"https:\/\/swissbaker.ch\/wp-content\/uploads\/2022\/10\/urs_wellauer.jpg\",\"contentUrl\":\"https:\/\/swissbaker.ch\/wp-content\/uploads\/2022\/10\/urs_wellauer.jpg\",\"width\":1200,\"height\":712},{\"@type\":\"BreadcrumbList\",\"@id\":\"https:\/\/swissbaker.ch\/fr\/panissimo-news\/la-situationreste-tendue\/#breadcrumb\",\"itemListElement\":[{\"@type\":\"ListItem\",\"position\":1,\"name\":\"\",\"item\":\"https:\/\/swissbaker.ch\/fr\/\"},{\"@type\":\"ListItem\",\"position\":2,\"name\":\"Association\",\"item\":\"https:\/\/swissbaker.ch\/fr\/panissimo-news\/category\/association\/\"},{\"@type\":\"ListItem\",\"position\":3,\"name\":\"La situationreste tendue\"}]},{\"@type\":\"WebSite\",\"@id\":\"https:\/\/swissbaker.ch\/fr\/#website\",\"url\":\"https:\/\/swissbaker.ch\/fr\/\",\"name\":\"SBC\",\"description\":\"\",\"publisher\":{\"@id\":\"https:\/\/swissbaker.ch\/fr\/#organization\"},\"potentialAction\":[{\"@type\":\"SearchAction\",\"target\":{\"@type\":\"EntryPoint\",\"urlTemplate\":\"https:\/\/swissbaker.ch\/fr\/?s={search_term_string}\"},\"query-input\":{\"@type\":\"PropertyValueSpecification\",\"valueRequired\":true,\"valueName\":\"search_term_string\"}}],\"inLanguage\":\"fr-FR\"},{\"@type\":\"Organization\",\"@id\":\"https:\/\/swissbaker.ch\/fr\/#organization\",\"name\":\"Schweizerischer B\u00e4cker-Confiseurmeister-Verband\",\"url\":\"https:\/\/swissbaker.ch\/fr\/\",\"logo\":{\"@type\":\"ImageObject\",\"inLanguage\":\"fr-FR\",\"@id\":\"https:\/\/swissbaker.ch\/fr\/#\/schema\/logo\/image\/\",\"url\":\"https:\/\/swissbaker.ch\/wp-content\/uploads\/2022\/04\/sbc-logo-yoast.jpg\",\"contentUrl\":\"https:\/\/swissbaker.ch\/wp-content\/uploads\/2022\/04\/sbc-logo-yoast.jpg\",\"width\":512,\"height\":512,\"caption\":\"Schweizerischer B\u00e4cker-Confiseurmeister-Verband\"},\"image\":{\"@id\":\"https:\/\/swissbaker.ch\/fr\/#\/schema\/logo\/image\/\"},\"sameAs\":[\"https:\/\/www.facebook.com\/swissbaker.ch\",\"https:\/\/x.com\/ch_swissbaker\"]},{\"@type\":\"Person\",\"@id\":\"https:\/\/swissbaker.ch\/fr\/#\/schema\/person\/74bd327b08c18ca6042c02ff6f0ed5e2\",\"name\":\"Simon Nussbaum\",\"image\":{\"@type\":\"ImageObject\",\"inLanguage\":\"fr-FR\",\"@id\":\"https:\/\/swissbaker.ch\/fr\/#\/schema\/person\/image\/\",\"url\":\"https:\/\/secure.gravatar.com\/avatar\/df0eced3bb556c806cb760cf503ade1ed1df25b4104d80d6fd28d93a9509aa12?s=96&d=mm&r=g\",\"contentUrl\":\"https:\/\/secure.gravatar.com\/avatar\/df0eced3bb556c806cb760cf503ade1ed1df25b4104d80d6fd28d93a9509aa12?s=96&d=mm&r=g\",\"caption\":\"Simon Nussbaum\"},\"url\":\"https:\/\/swissbaker.ch\/fr\/panissimo-news\/author\/simon-nussbaum\/\"}]}<\/script>\n<!-- \/ Yoast SEO Premium plugin. -->","yoast_head_json":{"title":"La situationreste tendue | SBC","description":"La situation de l\u2019approvisionnement \u00e9nerg\u00e9tique en Suisse est actuellement stable, elle n\u2019est pas aussi tendue que l\u2019ann\u00e9e derni\u00e8re.","robots":{"index":"index","follow":"follow","max-snippet":"max-snippet:-1","max-image-preview":"max-image-preview:large","max-video-preview":"max-video-preview:-1"},"canonical":"https:\/\/swissbaker.ch\/fr\/panissimo-news\/la-situationreste-tendue\/","og_locale":"fr_FR","og_type":"article","og_title":"La situationreste tendue","og_description":"La situation de l\u2019approvisionnement \u00e9nerg\u00e9tique en Suisse est actuellement stable, elle n\u2019est pas aussi tendue que l\u2019ann\u00e9e derni\u00e8re.","og_url":"https:\/\/swissbaker.ch\/fr\/panissimo-news\/la-situationreste-tendue\/","og_site_name":"SBC","article_publisher":"https:\/\/www.facebook.com\/swissbaker.ch","article_published_time":"2023-09-05T07:25:57+00:00","article_modified_time":"2023-09-05T07:31:49+00:00","og_image":[{"width":1200,"height":712,"url":"https:\/\/swissbaker.ch\/wp-content\/uploads\/2022\/10\/urs_wellauer.jpg","type":"image\/jpeg"}],"author":"Simon Nussbaum","twitter_card":"summary_large_image","twitter_creator":"@ch_swissbaker","twitter_site":"@ch_swissbaker","twitter_misc":{"Written by":"Simon Nussbaum","Est. reading time":"2 minutes"},"schema":{"@context":"https:\/\/schema.org","@graph":[{"@type":"Article","@id":"https:\/\/swissbaker.ch\/fr\/panissimo-news\/la-situationreste-tendue\/#article","isPartOf":{"@id":"https:\/\/swissbaker.ch\/fr\/panissimo-news\/la-situationreste-tendue\/"},"author":{"name":"Simon Nussbaum","@id":"https:\/\/swissbaker.ch\/fr\/#\/schema\/person\/74bd327b08c18ca6042c02ff6f0ed5e2"},"headline":"La situationreste tendue","datePublished":"2023-09-05T07:25:57+00:00","dateModified":"2023-09-05T07:31:49+00:00","mainEntityOfPage":{"@id":"https:\/\/swissbaker.ch\/fr\/panissimo-news\/la-situationreste-tendue\/"},"wordCount":404,"publisher":{"@id":"https:\/\/swissbaker.ch\/fr\/#organization"},"image":{"@id":"https:\/\/swissbaker.ch\/fr\/panissimo-news\/la-situationreste-tendue\/#primaryimage"},"thumbnailUrl":"https:\/\/swissbaker.ch\/wp-content\/uploads\/2022\/10\/urs_wellauer.jpg","articleSection":["Association","Droit &amp; politique"],"inLanguage":"fr-FR"},{"@type":"WebPage","@id":"https:\/\/swissbaker.ch\/fr\/panissimo-news\/la-situationreste-tendue\/","url":"https:\/\/swissbaker.ch\/fr\/panissimo-news\/la-situationreste-tendue\/","name":"La situationreste tendue | SBC","isPartOf":{"@id":"https:\/\/swissbaker.ch\/fr\/#website"},"primaryImageOfPage":{"@id":"https:\/\/swissbaker.ch\/fr\/panissimo-news\/la-situationreste-tendue\/#primaryimage"},"image":{"@id":"https:\/\/swissbaker.ch\/fr\/panissimo-news\/la-situationreste-tendue\/#primaryimage"},"thumbnailUrl":"https:\/\/swissbaker.ch\/wp-content\/uploads\/2022\/10\/urs_wellauer.jpg","datePublished":"2023-09-05T07:25:57+00:00","dateModified":"2023-09-05T07:31:49+00:00","description":"La situation de l\u2019approvisionnement \u00e9nerg\u00e9tique en Suisse est actuellement stable, elle n\u2019est pas aussi tendue que l\u2019ann\u00e9e derni\u00e8re.","breadcrumb":{"@id":"https:\/\/swissbaker.ch\/fr\/panissimo-news\/la-situationreste-tendue\/#breadcrumb"},"inLanguage":"fr-FR","potentialAction":[{"@type":"ReadAction","target":["https:\/\/swissbaker.ch\/fr\/panissimo-news\/la-situationreste-tendue\/"]}]},{"@type":"ImageObject","inLanguage":"fr-FR","@id":"https:\/\/swissbaker.ch\/fr\/panissimo-news\/la-situationreste-tendue\/#primaryimage","url":"https:\/\/swissbaker.ch\/wp-content\/uploads\/2022\/10\/urs_wellauer.jpg","contentUrl":"https:\/\/swissbaker.ch\/wp-content\/uploads\/2022\/10\/urs_wellauer.jpg","width":1200,"height":712},{"@type":"BreadcrumbList","@id":"https:\/\/swissbaker.ch\/fr\/panissimo-news\/la-situationreste-tendue\/#breadcrumb","itemListElement":[{"@type":"ListItem","position":1,"name":"","item":"https:\/\/swissbaker.ch\/fr\/"},{"@type":"ListItem","position":2,"name":"Association","item":"https:\/\/swissbaker.ch\/fr\/panissimo-news\/category\/association\/"},{"@type":"ListItem","position":3,"name":"La situationreste tendue"}]},{"@type":"WebSite","@id":"https:\/\/swissbaker.ch\/fr\/#website","url":"https:\/\/swissbaker.ch\/fr\/","name":"SBC","description":"","publisher":{"@id":"https:\/\/swissbaker.ch\/fr\/#organization"},"potentialAction":[{"@type":"SearchAction","target":{"@type":"EntryPoint","urlTemplate":"https:\/\/swissbaker.ch\/fr\/?s={search_term_string}"},"query-input":{"@type":"PropertyValueSpecification","valueRequired":true,"valueName":"search_term_string"}}],"inLanguage":"fr-FR"},{"@type":"Organization","@id":"https:\/\/swissbaker.ch\/fr\/#organization","name":"Schweizerischer B\u00e4cker-Confiseurmeister-Verband","url":"https:\/\/swissbaker.ch\/fr\/","logo":{"@type":"ImageObject","inLanguage":"fr-FR","@id":"https:\/\/swissbaker.ch\/fr\/#\/schema\/logo\/image\/","url":"https:\/\/swissbaker.ch\/wp-content\/uploads\/2022\/04\/sbc-logo-yoast.jpg","contentUrl":"https:\/\/swissbaker.ch\/wp-content\/uploads\/2022\/04\/sbc-logo-yoast.jpg","width":512,"height":512,"caption":"Schweizerischer B\u00e4cker-Confiseurmeister-Verband"},"image":{"@id":"https:\/\/swissbaker.ch\/fr\/#\/schema\/logo\/image\/"},"sameAs":["https:\/\/www.facebook.com\/swissbaker.ch","https:\/\/x.com\/ch_swissbaker"]},{"@type":"Person","@id":"https:\/\/swissbaker.ch\/fr\/#\/schema\/person\/74bd327b08c18ca6042c02ff6f0ed5e2","name":"Simon Nussbaum","image":{"@type":"ImageObject","inLanguage":"fr-FR","@id":"https:\/\/swissbaker.ch\/fr\/#\/schema\/person\/image\/","url":"https:\/\/secure.gravatar.com\/avatar\/df0eced3bb556c806cb760cf503ade1ed1df25b4104d80d6fd28d93a9509aa12?s=96&d=mm&r=g","contentUrl":"https:\/\/secure.gravatar.com\/avatar\/df0eced3bb556c806cb760cf503ade1ed1df25b4104d80d6fd28d93a9509aa12?s=96&d=mm&r=g","caption":"Simon Nussbaum"},"url":"https:\/\/swissbaker.ch\/fr\/panissimo-news\/author\/simon-nussbaum\/"}]}},"_links":{"self":[{"href":"https:\/\/swissbaker.ch\/fr\/wp-json\/wp\/v2\/posts\/67612","targetHints":{"allow":["GET"]}}],"collection":[{"href":"https:\/\/swissbaker.ch\/fr\/wp-json\/wp\/v2\/posts"}],"about":[{"href":"https:\/\/swissbaker.ch\/fr\/wp-json\/wp\/v2\/types\/post"}],"author":[{"embeddable":true,"href":"https:\/\/swissbaker.ch\/fr\/wp-json\/wp\/v2\/users\/5"}],"replies":[{"embeddable":true,"href":"https:\/\/swissbaker.ch\/fr\/wp-json\/wp\/v2\/comments?post=67612"}],"version-history":[{"count":0,"href":"https:\/\/swissbaker.ch\/fr\/wp-json\/wp\/v2\/posts\/67612\/revisions"}],"wp:featuredmedia":[{"embeddable":true,"href":"https:\/\/swissbaker.ch\/fr\/wp-json\/wp\/v2\/media\/50656"}],"wp:attachment":[{"href":"https:\/\/swissbaker.ch\/fr\/wp-json\/wp\/v2\/media?parent=67612"}],"wp:term":[{"taxonomy":"category","embeddable":true,"href":"https:\/\/swissbaker.ch\/fr\/wp-json\/wp\/v2\/categories?post=67612"},{"taxonomy":"post_tag","embeddable":true,"href":"https:\/\/swissbaker.ch\/fr\/wp-json\/wp\/v2\/tags?post=67612"}],"curies":[{"name":"wp","href":"https:\/\/api.w.org\/{rel}","templated":true}]}}