{"id":67560,"date":"2023-09-04T15:19:09","date_gmt":"2023-09-04T13:19:09","guid":{"rendered":"https:\/\/swissbaker.ch\/?p=67560"},"modified":"2023-09-04T16:00:02","modified_gmt":"2023-09-04T14:00:02","slug":"le-temps-des-chataignes","status":"publish","type":"post","link":"https:\/\/swissbaker.ch\/fr\/panissimo-news\/le-temps-des-chataignes\/","title":{"rendered":"Le temps des ch\u00e2taignes"},"content":{"rendered":"\n<p><strong>Au Tessin, la ch\u00e2taigne autrefois surnomm\u00e9e le \u00ab\u2009pain du pauvre\u2009\u00bb est aujourd\u2019hui l\u2019ingr\u00e9dient phare de sp\u00e9cialit\u00e9s alliant tradition et tendances. \u00ab\u2009Panissimo\u2009\u00bb a voulu en savoir plus sur les produits \u00e0 base de ch\u00e2taigne fabriqu\u00e9s par les boulangers-confiseurs tessinois.<\/strong><\/p>\n\n\n\n<p>La ch\u00e2taigne nourrissait autrefois les familles tessinoises. Ce fruit pr\u00e9cieux \u00e0 valeur nutritive tr\u00e8s \u00e9lev\u00e9e \u00e9tait consid\u00e9r\u00e9 comme le \u00ab\u2009pain du pauvre\u2009\u00bb. Apr\u00e8s la r\u00e9colte \u00e0 la fin de l\u2019automne, elles \u00e9taient cuites ou grill\u00e9es sur le feu. Une bonne partie \u00e9tait s\u00e9ch\u00e9e pour \u00eatre conserv\u00e9e pendant plusieurs mois ou moulue en farine. Poss\u00e9der de nombreux ch\u00e2taigniers \u00e9tait un symbole de richesse\u2009; les mari\u00e9es en recevaient en dot. On utilisait tout du ch\u00e2taignier, qui peut atteindre jusqu\u2019\u00e0 1000 m\u00e8tres de haut\u2009: les fruits comme nourriture, le bois comme pr\u00e9cieux combustible, mais aussi comme mat\u00e9riau de construction (meubles, outils, etc.) et les feuilles s\u00e9ch\u00e9es comme liti\u00e8re pour le b\u00e9tail.<\/p>\n\n\n\n<p>La ch\u00e2taigne est un embl\u00e8me important du Tessin. Elle est c\u00e9l\u00e9br\u00e9e depuis de nombreuses ann\u00e9es lors de f\u00eates populaires d\u2019octobre \u00e0 novembre. On peut faire de magnifiques promenades sur les sentiers qui y sont d\u00e9di\u00e9s. Les ch\u00e2taignes sont aujourd\u2019hui utilis\u00e9es pour la fabrication de p\u00e2tes, de bi\u00e8re, de confitures, de g\u00e2teaux, de produits de boulangerie, de biscuits, de pain et de panettone\u2009; sans oublier le miel de ch\u00e2taignier, qui se marie avec la viande, le gibier et les fromages affin\u00e9s. En cosm\u00e9tique, cet ingr\u00e9dient est utilis\u00e9 pour des traitements bienfaisants. <\/p>\n\n\n\n<p>Comment les ch\u00e2taignes sont-elles utilis\u00e9es dans les boulangeries-confiseries tessinoises\u2009? La Panetteria Bignasca de Sonvico (TI), El Prestin dal Corda de Brione Verzasca (TI) et la confiserie Al Porto de Tenero (TI) r\u00e9pondent \u00e0 cette question.<\/p>\n\n\n\n<h2 class=\"wp-block-heading\" id=\"h-panetteria-bignasca-sonvico\">Panetteria Bignasca, Sonvico<\/h2>\n\n\n\n<div class=\"wp-block-columns\">\n<div class=\"wp-block-column\">\n<figure class=\"wp-block-image size-large is-resized\"><img decoding=\"async\" src=\"https:\/\/swissbaker.ch\/wp-content\/uploads\/2023\/09\/bignasca-panettone-castagne-842x1024.jpg\" alt=\"Marroni-Panettone\" class=\"wp-image-67555\" width=\"372\" height=\"452\" srcset=\"https:\/\/swissbaker.ch\/wp-content\/uploads\/2023\/09\/bignasca-panettone-castagne-842x1024.jpg 842w, https:\/\/swissbaker.ch\/wp-content\/uploads\/2023\/09\/bignasca-panettone-castagne-768x934.jpg 768w, https:\/\/swissbaker.ch\/wp-content\/uploads\/2023\/09\/bignasca-panettone-castagne-1263x1536.jpg 1263w, https:\/\/swissbaker.ch\/wp-content\/uploads\/2023\/09\/bignasca-panettone-castagne.jpg 1575w\" sizes=\"(max-width: 372px) 100vw, 372px\" \/><figcaption class=\"wp-element-caption\"><em>Marroni-Panettone, <\/em><br><em>Panetteria Bignasca, Sonvico<\/em><\/figcaption><\/figure>\n<\/div>\n\n\n\n<div class=\"wp-block-column\">\n<p>A l\u2019automne, la Panetteria Bignasca de Sonvico propose diff\u00e9rents produits \u00e0 base de ch\u00e2taignes, dont une tarte aux ch\u00e2taignes, une tarte aux marrons glac\u00e9s et des vermicelles. On y trouve \u00e9galement des panettones, des sabl\u00e9s et des boules de Berlin \u00e0 base de cet ingr\u00e9dient. La recette de la tarte aux ch\u00e2taignes a \u00e9t\u00e9 transmise et remani\u00e9e au fil du temps. Elle contient 50\u202f% de pur\u00e9e de marrons, enrichie principalement de beurre et d\u2019\u0153ufs. Initialement propos\u00e9e en automne, elle est vendue toute l\u2019ann\u00e9e, dans son entier, en tranches ou en muffin depuis l\u2019obtention de la m\u00e9daille de bronze au Swiss Bakery Trophy 2021. Qu\u2019est-ce que les clients appr\u00e9cient particuli\u00e8rement dans ce produit\u2009? Son go\u00fbt prononc\u00e9 et sa d\u00e9licatesse qui le fait litt\u00e9ralement fondre dans la bouche, \u00e9crit Moreno Bignasca dans sa r\u00e9ponse \u00e0 \u00ab\u2009Panissimo\u2009\u00bb. Les marrons glac\u00e9s, utilis\u00e9s pour d\u00e9corer les tartes, sont \u00e9galement tr\u00e8s pris\u00e9s.<\/p>\n<\/div>\n<\/div>\n\n\n\n<h2 class=\"wp-block-heading\">El Prestin dal Corda, Brione Verzasca<\/h2>\n\n\n\n<div class=\"wp-block-columns\">\n<div class=\"wp-block-column\">\n<p>Parmi les trois sp\u00e9cialit\u00e9s aux marrons que produit l\u2019entreprise El Prestin dal Corda \u00e0 Brione Verzasca, seul le pain aux marrons est confectionn\u00e9 en automne. Ce dernier a \u00e9t\u00e9 ajout\u00e9 \u00e0 l\u2019assortiment il y a trois ans, lorsque la production a \u00e9t\u00e9 transf\u00e9r\u00e9e de Riazzino au Val Verzasca. La tarte et le panettone aux ch\u00e2taignes sont si populaires qu\u2019on les trouve en permanence sur les \u00e9tals. Pour promouvoir ces d\u00e9licatesses, El Prestin dal Corda participe chaque ann\u00e9e en octobre \u00e0 la f\u00eate de la ch\u00e2taigne automnale \u00ab\u2009Il m\u00e8s der cast\u00e9gna\u2009\u00bb dans le Val Verzasca. Sa fid\u00e8le client\u00e8le est attach\u00e9e \u00e0 la tradition et appr\u00e9cie ce pr\u00e9cieux aliment.<\/p>\n<\/div>\n\n\n\n<div class=\"wp-block-column\"><div class=\"wp-block-image\">\n<figure class=\"alignright size-full is-resized\"><img decoding=\"async\" src=\"https:\/\/swissbaker.ch\/wp-content\/uploads\/2023\/09\/el-prestin-dal-corda-pagne-castagne-1.jpg\" alt=\"Marroni-Brot, El Prestin dal Corda in Brione Verzasca\" class=\"wp-image-67549\" width=\"355\" height=\"297\"\/><figcaption class=\"wp-element-caption\"><em>Pain aux marrons<br>El Prestin dal Corda in Brione Verzasca<\/em><\/figcaption><\/figure>\n<\/div><\/div>\n<\/div>\n\n\n\n<h2 class=\"wp-block-heading\">Confiserie Al Porto, Tenero<\/h2>\n\n\n\n<div class=\"wp-block-columns\">\n<div class=\"wp-block-column\">\n<figure class=\"wp-block-image size-large\"><img decoding=\"async\" width=\"1024\" height=\"922\" src=\"https:\/\/swissbaker.ch\/wp-content\/uploads\/2023\/09\/al-porto-torta_castagne-1024x922.jpg\" alt=\"Marroni-Torte \u00abLa Castagna\u00bb, Confiserie Al Porto, Tenero\" class=\"wp-image-67551\" srcset=\"https:\/\/swissbaker.ch\/wp-content\/uploads\/2023\/09\/al-porto-torta_castagne-1024x922.jpg 1024w, https:\/\/swissbaker.ch\/wp-content\/uploads\/2023\/09\/al-porto-torta_castagne-768x691.jpg 768w, https:\/\/swissbaker.ch\/wp-content\/uploads\/2023\/09\/al-porto-torta_castagne-1536x1383.jpg 1536w, https:\/\/swissbaker.ch\/wp-content\/uploads\/2023\/09\/al-porto-torta_castagne-scaled.jpg 2048w\" sizes=\"(max-width: 1024px) 100vw, 1024px\" \/><figcaption class=\"wp-element-caption\"><em>La tarte aux ch\u00e2taignes <br>Confiserie Al Porto, Tenero<\/em><\/figcaption><\/figure>\n<\/div>\n\n\n\n<div class=\"wp-block-column\">\n<p>Le panettone \u00ab\u2009La Castagna\u2009\u00bb a \u00e9t\u00e9 d\u00e9velopp\u00e9 par les boulangers-confiseurs de la confiserie Al Porto \u00e0 Tenero. Cette sp\u00e9cialit\u00e9 moelleuse, l\u00e9g\u00e8re et d\u00e9licate est agr\u00e9ment\u00e9e exclusivement de marrons glac\u00e9s (elle ne comprend ni baies de raisin ni fruits confits). Elle a \u00e9t\u00e9 r\u00e9compens\u00e9e par une m\u00e9daille d\u2019or au Swiss Bakery Trophy 2019. \u00ab\u2009La Castagna\u2009\u00bb est fabriqu\u00e9e pendant plus de six mois par an. La tarte aux ch\u00e2taignes est compos\u00e9e d\u2019une d\u00e9licate mousse \u00e0 la cr\u00e8me et aux cerises, qui enveloppe une pur\u00e9e de marrons sur un biscuit croustillant au chocolat. Il existe \u00e9galement une tartelette aux ch\u00e2taignes \u00e0 base d\u2019une pur\u00e9e enrobant une d\u00e9licate mousse \u00e0 la vanille et de la cr\u00e8me de framboise. La tarte et la tartelette sont pr\u00e9par\u00e9es exclusivement pendant la saison d\u2019automne. Les sp\u00e9cialit\u00e9s sont tr\u00e8s appr\u00e9ci\u00e9es de la client\u00e8le.<\/p>\n<\/div>\n<\/div>\n\n\n\n<h2 class=\"wp-block-heading\">Pr\u00e9server et prot\u00e9ger<\/h2>\n\n\n\n<p>Le r\u00f4le de la ch\u00e2taigne dans l\u2019alimentation a \u00e9volu\u00e9 au fil des ans. En p\u00e9rennisant des recettes traditionnelles et en cr\u00e9ant de nouvelles sp\u00e9cialit\u00e9s traditionnelles, les boulangers-confiseurs contribuent \u00e0 valoriser et \u00e0 pr\u00e9server la ch\u00e2taigne et les territoires qui lui sont li\u00e9s.<\/p>\n\n\n\n<p class=\"has-text-align-right\"><em>Sandra Fogato<\/em><\/p>\n","protected":false},"excerpt":{"rendered":"<p>Au Tessin, la ch\u00e2taigne autrefois surnomm\u00e9e le \u00ab\u2009pain du pauvre\u2009\u00bb est aujourd\u2019hui l\u2019ingr\u00e9dient phare de sp\u00e9cialit\u00e9s alliant tradition et tendances. \u00ab\u2009Panissimo\u2009\u00bb a voulu en savoir plus sur les produits \u00e0 base de ch\u00e2taigne fabriqu\u00e9s par les boulangers-confiseurs tessinois.<\/p>\n","protected":false},"author":5,"featured_media":66702,"comment_status":"closed","ping_status":"closed","sticky":true,"template":"","format":"standard","meta":{"_acf_changed":false,"footnotes":""},"categories":[40,48],"tags":[],"class_list":["post-67560","post","type-post","status-publish","format-standard","has-post-thumbnail","hentry","category-des-cantons","category-production"],"acf":[],"yoast_head":"<!-- This site is optimized with the Yoast SEO Premium plugin v26.8 (Yoast SEO v26.8) - https:\/\/yoast.com\/product\/yoast-seo-premium-wordpress\/ -->\n<title>Le temps des ch\u00e2taignes | SBC<\/title>\n<meta name=\"description\" content=\"Au Tessin, la ch\u00e2taigne autrefois surnomm\u00e9e le \u00ab\u2009pain du pauvre\u2009\u00bb est aujourd\u2019hui l\u2019ingr\u00e9dient phare de sp\u00e9cialit\u00e9s alliant tradition et tendances.\" \/>\n<meta name=\"robots\" content=\"index, follow, max-snippet:-1, max-image-preview:large, max-video-preview:-1\" \/>\n<link rel=\"canonical\" href=\"https:\/\/swissbaker.ch\/fr\/panissimo-news\/le-temps-des-chataignes\/\" \/>\n<meta property=\"og:locale\" content=\"fr_FR\" \/>\n<meta property=\"og:type\" content=\"article\" \/>\n<meta property=\"og:title\" content=\"Le temps des ch\u00e2taignes\" \/>\n<meta property=\"og:description\" content=\"Au Tessin, la ch\u00e2taigne autrefois surnomm\u00e9e le \u00ab\u2009pain du pauvre\u2009\u00bb est aujourd\u2019hui l\u2019ingr\u00e9dient phare de sp\u00e9cialit\u00e9s alliant tradition et tendances.\" \/>\n<meta property=\"og:url\" content=\"https:\/\/swissbaker.ch\/fr\/panissimo-news\/le-temps-des-chataignes\/\" \/>\n<meta property=\"og:site_name\" content=\"SBC\" \/>\n<meta property=\"article:publisher\" content=\"https:\/\/www.facebook.com\/swissbaker.ch\" \/>\n<meta property=\"article:published_time\" content=\"2023-09-04T13:19:09+00:00\" \/>\n<meta property=\"article:modified_time\" content=\"2023-09-04T14:00:02+00:00\" \/>\n<meta property=\"og:image\" content=\"https:\/\/swissbaker.ch\/wp-content\/uploads\/2023\/08\/kastanien_adobestock_123490710-scaled.jpeg\" \/>\n\t<meta property=\"og:image:width\" content=\"2048\" \/>\n\t<meta property=\"og:image:height\" content=\"1338\" \/>\n\t<meta property=\"og:image:type\" content=\"image\/jpeg\" \/>\n<meta name=\"author\" content=\"Simon Nussbaum\" \/>\n<meta name=\"twitter:card\" content=\"summary_large_image\" \/>\n<meta name=\"twitter:creator\" content=\"@ch_swissbaker\" \/>\n<meta name=\"twitter:site\" content=\"@ch_swissbaker\" \/>\n<meta name=\"twitter:label1\" content=\"Written by\" \/>\n\t<meta name=\"twitter:data1\" content=\"Simon Nussbaum\" \/>\n\t<meta name=\"twitter:label2\" content=\"Est. reading time\" \/>\n\t<meta name=\"twitter:data2\" content=\"4 minutes\" \/>\n<script type=\"application\/ld+json\" class=\"yoast-schema-graph\">{\"@context\":\"https:\/\/schema.org\",\"@graph\":[{\"@type\":\"Article\",\"@id\":\"https:\/\/swissbaker.ch\/fr\/panissimo-news\/le-temps-des-chataignes\/#article\",\"isPartOf\":{\"@id\":\"https:\/\/swissbaker.ch\/fr\/panissimo-news\/le-temps-des-chataignes\/\"},\"author\":{\"name\":\"Simon Nussbaum\",\"@id\":\"https:\/\/swissbaker.ch\/fr\/#\/schema\/person\/74bd327b08c18ca6042c02ff6f0ed5e2\"},\"headline\":\"Le temps des ch\u00e2taignes\",\"datePublished\":\"2023-09-04T13:19:09+00:00\",\"dateModified\":\"2023-09-04T14:00:02+00:00\",\"mainEntityOfPage\":{\"@id\":\"https:\/\/swissbaker.ch\/fr\/panissimo-news\/le-temps-des-chataignes\/\"},\"wordCount\":870,\"publisher\":{\"@id\":\"https:\/\/swissbaker.ch\/fr\/#organization\"},\"image\":{\"@id\":\"https:\/\/swissbaker.ch\/fr\/panissimo-news\/le-temps-des-chataignes\/#primaryimage\"},\"thumbnailUrl\":\"https:\/\/swissbaker.ch\/wp-content\/uploads\/2023\/08\/kastanien_adobestock_123490710-scaled.jpeg\",\"articleSection\":[\"Des cantons\",\"Production\"],\"inLanguage\":\"fr-FR\"},{\"@type\":\"WebPage\",\"@id\":\"https:\/\/swissbaker.ch\/fr\/panissimo-news\/le-temps-des-chataignes\/\",\"url\":\"https:\/\/swissbaker.ch\/fr\/panissimo-news\/le-temps-des-chataignes\/\",\"name\":\"Le temps des ch\u00e2taignes | SBC\",\"isPartOf\":{\"@id\":\"https:\/\/swissbaker.ch\/fr\/#website\"},\"primaryImageOfPage\":{\"@id\":\"https:\/\/swissbaker.ch\/fr\/panissimo-news\/le-temps-des-chataignes\/#primaryimage\"},\"image\":{\"@id\":\"https:\/\/swissbaker.ch\/fr\/panissimo-news\/le-temps-des-chataignes\/#primaryimage\"},\"thumbnailUrl\":\"https:\/\/swissbaker.ch\/wp-content\/uploads\/2023\/08\/kastanien_adobestock_123490710-scaled.jpeg\",\"datePublished\":\"2023-09-04T13:19:09+00:00\",\"dateModified\":\"2023-09-04T14:00:02+00:00\",\"description\":\"Au Tessin, la ch\u00e2taigne autrefois surnomm\u00e9e le \u00ab\u2009pain du pauvre\u2009\u00bb est aujourd\u2019hui l\u2019ingr\u00e9dient phare de sp\u00e9cialit\u00e9s alliant tradition et tendances.\",\"breadcrumb\":{\"@id\":\"https:\/\/swissbaker.ch\/fr\/panissimo-news\/le-temps-des-chataignes\/#breadcrumb\"},\"inLanguage\":\"fr-FR\",\"potentialAction\":[{\"@type\":\"ReadAction\",\"target\":[\"https:\/\/swissbaker.ch\/fr\/panissimo-news\/le-temps-des-chataignes\/\"]}]},{\"@type\":\"ImageObject\",\"inLanguage\":\"fr-FR\",\"@id\":\"https:\/\/swissbaker.ch\/fr\/panissimo-news\/le-temps-des-chataignes\/#primaryimage\",\"url\":\"https:\/\/swissbaker.ch\/wp-content\/uploads\/2023\/08\/kastanien_adobestock_123490710-scaled.jpeg\",\"contentUrl\":\"https:\/\/swissbaker.ch\/wp-content\/uploads\/2023\/08\/kastanien_adobestock_123490710-scaled.jpeg\",\"width\":2048,\"height\":1338},{\"@type\":\"BreadcrumbList\",\"@id\":\"https:\/\/swissbaker.ch\/fr\/panissimo-news\/le-temps-des-chataignes\/#breadcrumb\",\"itemListElement\":[{\"@type\":\"ListItem\",\"position\":1,\"name\":\"\",\"item\":\"https:\/\/swissbaker.ch\/fr\/\"},{\"@type\":\"ListItem\",\"position\":2,\"name\":\"Production\",\"item\":\"https:\/\/swissbaker.ch\/fr\/panissimo-news\/category\/production\/\"},{\"@type\":\"ListItem\",\"position\":3,\"name\":\"Le temps des ch\u00e2taignes\"}]},{\"@type\":\"WebSite\",\"@id\":\"https:\/\/swissbaker.ch\/fr\/#website\",\"url\":\"https:\/\/swissbaker.ch\/fr\/\",\"name\":\"SBC\",\"description\":\"\",\"publisher\":{\"@id\":\"https:\/\/swissbaker.ch\/fr\/#organization\"},\"potentialAction\":[{\"@type\":\"SearchAction\",\"target\":{\"@type\":\"EntryPoint\",\"urlTemplate\":\"https:\/\/swissbaker.ch\/fr\/?s={search_term_string}\"},\"query-input\":{\"@type\":\"PropertyValueSpecification\",\"valueRequired\":true,\"valueName\":\"search_term_string\"}}],\"inLanguage\":\"fr-FR\"},{\"@type\":\"Organization\",\"@id\":\"https:\/\/swissbaker.ch\/fr\/#organization\",\"name\":\"Schweizerischer B\u00e4cker-Confiseurmeister-Verband\",\"url\":\"https:\/\/swissbaker.ch\/fr\/\",\"logo\":{\"@type\":\"ImageObject\",\"inLanguage\":\"fr-FR\",\"@id\":\"https:\/\/swissbaker.ch\/fr\/#\/schema\/logo\/image\/\",\"url\":\"https:\/\/swissbaker.ch\/wp-content\/uploads\/2022\/04\/sbc-logo-yoast.jpg\",\"contentUrl\":\"https:\/\/swissbaker.ch\/wp-content\/uploads\/2022\/04\/sbc-logo-yoast.jpg\",\"width\":512,\"height\":512,\"caption\":\"Schweizerischer B\u00e4cker-Confiseurmeister-Verband\"},\"image\":{\"@id\":\"https:\/\/swissbaker.ch\/fr\/#\/schema\/logo\/image\/\"},\"sameAs\":[\"https:\/\/www.facebook.com\/swissbaker.ch\",\"https:\/\/x.com\/ch_swissbaker\"]},{\"@type\":\"Person\",\"@id\":\"https:\/\/swissbaker.ch\/fr\/#\/schema\/person\/74bd327b08c18ca6042c02ff6f0ed5e2\",\"name\":\"Simon Nussbaum\",\"image\":{\"@type\":\"ImageObject\",\"inLanguage\":\"fr-FR\",\"@id\":\"https:\/\/swissbaker.ch\/fr\/#\/schema\/person\/image\/\",\"url\":\"https:\/\/secure.gravatar.com\/avatar\/df0eced3bb556c806cb760cf503ade1ed1df25b4104d80d6fd28d93a9509aa12?s=96&d=mm&r=g\",\"contentUrl\":\"https:\/\/secure.gravatar.com\/avatar\/df0eced3bb556c806cb760cf503ade1ed1df25b4104d80d6fd28d93a9509aa12?s=96&d=mm&r=g\",\"caption\":\"Simon Nussbaum\"},\"url\":\"https:\/\/swissbaker.ch\/fr\/panissimo-news\/author\/simon-nussbaum\/\"}]}<\/script>\n<!-- \/ Yoast SEO Premium plugin. -->","yoast_head_json":{"title":"Le temps des ch\u00e2taignes | SBC","description":"Au Tessin, la ch\u00e2taigne autrefois surnomm\u00e9e le \u00ab\u2009pain du pauvre\u2009\u00bb est aujourd\u2019hui l\u2019ingr\u00e9dient phare de sp\u00e9cialit\u00e9s alliant tradition et tendances.","robots":{"index":"index","follow":"follow","max-snippet":"max-snippet:-1","max-image-preview":"max-image-preview:large","max-video-preview":"max-video-preview:-1"},"canonical":"https:\/\/swissbaker.ch\/fr\/panissimo-news\/le-temps-des-chataignes\/","og_locale":"fr_FR","og_type":"article","og_title":"Le temps des ch\u00e2taignes","og_description":"Au Tessin, la ch\u00e2taigne autrefois surnomm\u00e9e le \u00ab\u2009pain du pauvre\u2009\u00bb est aujourd\u2019hui l\u2019ingr\u00e9dient phare de sp\u00e9cialit\u00e9s alliant tradition et tendances.","og_url":"https:\/\/swissbaker.ch\/fr\/panissimo-news\/le-temps-des-chataignes\/","og_site_name":"SBC","article_publisher":"https:\/\/www.facebook.com\/swissbaker.ch","article_published_time":"2023-09-04T13:19:09+00:00","article_modified_time":"2023-09-04T14:00:02+00:00","og_image":[{"width":2048,"height":1338,"url":"https:\/\/swissbaker.ch\/wp-content\/uploads\/2023\/08\/kastanien_adobestock_123490710-scaled.jpeg","type":"image\/jpeg"}],"author":"Simon Nussbaum","twitter_card":"summary_large_image","twitter_creator":"@ch_swissbaker","twitter_site":"@ch_swissbaker","twitter_misc":{"Written by":"Simon Nussbaum","Est. reading time":"4 minutes"},"schema":{"@context":"https:\/\/schema.org","@graph":[{"@type":"Article","@id":"https:\/\/swissbaker.ch\/fr\/panissimo-news\/le-temps-des-chataignes\/#article","isPartOf":{"@id":"https:\/\/swissbaker.ch\/fr\/panissimo-news\/le-temps-des-chataignes\/"},"author":{"name":"Simon Nussbaum","@id":"https:\/\/swissbaker.ch\/fr\/#\/schema\/person\/74bd327b08c18ca6042c02ff6f0ed5e2"},"headline":"Le temps des ch\u00e2taignes","datePublished":"2023-09-04T13:19:09+00:00","dateModified":"2023-09-04T14:00:02+00:00","mainEntityOfPage":{"@id":"https:\/\/swissbaker.ch\/fr\/panissimo-news\/le-temps-des-chataignes\/"},"wordCount":870,"publisher":{"@id":"https:\/\/swissbaker.ch\/fr\/#organization"},"image":{"@id":"https:\/\/swissbaker.ch\/fr\/panissimo-news\/le-temps-des-chataignes\/#primaryimage"},"thumbnailUrl":"https:\/\/swissbaker.ch\/wp-content\/uploads\/2023\/08\/kastanien_adobestock_123490710-scaled.jpeg","articleSection":["Des cantons","Production"],"inLanguage":"fr-FR"},{"@type":"WebPage","@id":"https:\/\/swissbaker.ch\/fr\/panissimo-news\/le-temps-des-chataignes\/","url":"https:\/\/swissbaker.ch\/fr\/panissimo-news\/le-temps-des-chataignes\/","name":"Le temps des ch\u00e2taignes | SBC","isPartOf":{"@id":"https:\/\/swissbaker.ch\/fr\/#website"},"primaryImageOfPage":{"@id":"https:\/\/swissbaker.ch\/fr\/panissimo-news\/le-temps-des-chataignes\/#primaryimage"},"image":{"@id":"https:\/\/swissbaker.ch\/fr\/panissimo-news\/le-temps-des-chataignes\/#primaryimage"},"thumbnailUrl":"https:\/\/swissbaker.ch\/wp-content\/uploads\/2023\/08\/kastanien_adobestock_123490710-scaled.jpeg","datePublished":"2023-09-04T13:19:09+00:00","dateModified":"2023-09-04T14:00:02+00:00","description":"Au Tessin, la ch\u00e2taigne autrefois surnomm\u00e9e le \u00ab\u2009pain du pauvre\u2009\u00bb est aujourd\u2019hui l\u2019ingr\u00e9dient phare de sp\u00e9cialit\u00e9s alliant tradition et tendances.","breadcrumb":{"@id":"https:\/\/swissbaker.ch\/fr\/panissimo-news\/le-temps-des-chataignes\/#breadcrumb"},"inLanguage":"fr-FR","potentialAction":[{"@type":"ReadAction","target":["https:\/\/swissbaker.ch\/fr\/panissimo-news\/le-temps-des-chataignes\/"]}]},{"@type":"ImageObject","inLanguage":"fr-FR","@id":"https:\/\/swissbaker.ch\/fr\/panissimo-news\/le-temps-des-chataignes\/#primaryimage","url":"https:\/\/swissbaker.ch\/wp-content\/uploads\/2023\/08\/kastanien_adobestock_123490710-scaled.jpeg","contentUrl":"https:\/\/swissbaker.ch\/wp-content\/uploads\/2023\/08\/kastanien_adobestock_123490710-scaled.jpeg","width":2048,"height":1338},{"@type":"BreadcrumbList","@id":"https:\/\/swissbaker.ch\/fr\/panissimo-news\/le-temps-des-chataignes\/#breadcrumb","itemListElement":[{"@type":"ListItem","position":1,"name":"","item":"https:\/\/swissbaker.ch\/fr\/"},{"@type":"ListItem","position":2,"name":"Production","item":"https:\/\/swissbaker.ch\/fr\/panissimo-news\/category\/production\/"},{"@type":"ListItem","position":3,"name":"Le temps des ch\u00e2taignes"}]},{"@type":"WebSite","@id":"https:\/\/swissbaker.ch\/fr\/#website","url":"https:\/\/swissbaker.ch\/fr\/","name":"SBC","description":"","publisher":{"@id":"https:\/\/swissbaker.ch\/fr\/#organization"},"potentialAction":[{"@type":"SearchAction","target":{"@type":"EntryPoint","urlTemplate":"https:\/\/swissbaker.ch\/fr\/?s={search_term_string}"},"query-input":{"@type":"PropertyValueSpecification","valueRequired":true,"valueName":"search_term_string"}}],"inLanguage":"fr-FR"},{"@type":"Organization","@id":"https:\/\/swissbaker.ch\/fr\/#organization","name":"Schweizerischer B\u00e4cker-Confiseurmeister-Verband","url":"https:\/\/swissbaker.ch\/fr\/","logo":{"@type":"ImageObject","inLanguage":"fr-FR","@id":"https:\/\/swissbaker.ch\/fr\/#\/schema\/logo\/image\/","url":"https:\/\/swissbaker.ch\/wp-content\/uploads\/2022\/04\/sbc-logo-yoast.jpg","contentUrl":"https:\/\/swissbaker.ch\/wp-content\/uploads\/2022\/04\/sbc-logo-yoast.jpg","width":512,"height":512,"caption":"Schweizerischer B\u00e4cker-Confiseurmeister-Verband"},"image":{"@id":"https:\/\/swissbaker.ch\/fr\/#\/schema\/logo\/image\/"},"sameAs":["https:\/\/www.facebook.com\/swissbaker.ch","https:\/\/x.com\/ch_swissbaker"]},{"@type":"Person","@id":"https:\/\/swissbaker.ch\/fr\/#\/schema\/person\/74bd327b08c18ca6042c02ff6f0ed5e2","name":"Simon Nussbaum","image":{"@type":"ImageObject","inLanguage":"fr-FR","@id":"https:\/\/swissbaker.ch\/fr\/#\/schema\/person\/image\/","url":"https:\/\/secure.gravatar.com\/avatar\/df0eced3bb556c806cb760cf503ade1ed1df25b4104d80d6fd28d93a9509aa12?s=96&d=mm&r=g","contentUrl":"https:\/\/secure.gravatar.com\/avatar\/df0eced3bb556c806cb760cf503ade1ed1df25b4104d80d6fd28d93a9509aa12?s=96&d=mm&r=g","caption":"Simon Nussbaum"},"url":"https:\/\/swissbaker.ch\/fr\/panissimo-news\/author\/simon-nussbaum\/"}]}},"_links":{"self":[{"href":"https:\/\/swissbaker.ch\/fr\/wp-json\/wp\/v2\/posts\/67560","targetHints":{"allow":["GET"]}}],"collection":[{"href":"https:\/\/swissbaker.ch\/fr\/wp-json\/wp\/v2\/posts"}],"about":[{"href":"https:\/\/swissbaker.ch\/fr\/wp-json\/wp\/v2\/types\/post"}],"author":[{"embeddable":true,"href":"https:\/\/swissbaker.ch\/fr\/wp-json\/wp\/v2\/users\/5"}],"replies":[{"embeddable":true,"href":"https:\/\/swissbaker.ch\/fr\/wp-json\/wp\/v2\/comments?post=67560"}],"version-history":[{"count":0,"href":"https:\/\/swissbaker.ch\/fr\/wp-json\/wp\/v2\/posts\/67560\/revisions"}],"wp:featuredmedia":[{"embeddable":true,"href":"https:\/\/swissbaker.ch\/fr\/wp-json\/wp\/v2\/media\/66702"}],"wp:attachment":[{"href":"https:\/\/swissbaker.ch\/fr\/wp-json\/wp\/v2\/media?parent=67560"}],"wp:term":[{"taxonomy":"category","embeddable":true,"href":"https:\/\/swissbaker.ch\/fr\/wp-json\/wp\/v2\/categories?post=67560"},{"taxonomy":"post_tag","embeddable":true,"href":"https:\/\/swissbaker.ch\/fr\/wp-json\/wp\/v2\/tags?post=67560"}],"curies":[{"name":"wp","href":"https:\/\/api.w.org\/{rel}","templated":true}]}}