{"id":66940,"date":"2023-08-30T13:50:17","date_gmt":"2023-08-30T11:50:17","guid":{"rendered":"https:\/\/swissbaker.ch\/?p=66940"},"modified":"2023-08-30T14:06:21","modified_gmt":"2023-08-30T12:06:21","slug":"la-belle-vie-a-zurich","status":"publish","type":"post","link":"https:\/\/swissbaker.ch\/fr\/panissimo-news\/la-belle-vie-a-zurich\/","title":{"rendered":"La belle vie \u00e0 Zurich"},"content":{"rendered":"\n<p><strong>Depuis fin f\u00e9vrier, Zurich accueille la premi\u00e8re boulangerie fran\u00e7aise, \u00e0 savoir la boulangerie p\u00e2tisserie, Juliette \u2013 pain d\u2019amour. La copropri\u00e9taire St\u00e9phanie Borge est satisfaite de son lancement. Les croissants, les p\u00e2tisseries et les baguettes sont tr\u00e8s demand\u00e9s. <\/strong><\/p>\n\n\n\n<p>Juliette \u00e9tait la grand-m\u00e8re de St\u00e9phanie Borge. Juliette \u00e9tait une grande cuisini\u00e8re, en fait, elle \u00e9tait presque toujours dans la cuisine\u2026 c\u2019est en tout cas ce dont se souvient St\u00e9phanie qui, \u00e0 l\u2019\u00e9poque, en Corse, passait \u00ab\u2009au moins quatre heures \u00e0 table\u2009\u00bb en famille, pour y \u00e9changer sur le quotidien et la vie en g\u00e9n\u00e9ral. Aujourd\u2019hui encore, St\u00e9phanie Borge est reconnaissante de cette culture.<\/p>\n\n\n\n<div class=\"wp-block-media-text alignwide is-stacked-on-mobile\" style=\"grid-template-columns:30% auto\"><figure class=\"wp-block-media-text__media\"><img decoding=\"async\" width=\"400\" height=\"533\" src=\"https:\/\/swissbaker.ch\/wp-content\/uploads\/2023\/08\/16_1_juliette_boulangerie.jpg\" alt=\"\" class=\"wp-image-66938 size-full\"\/><\/figure><div class=\"wp-block-media-text__content\">\n<p>C\u2019est une belle histoire, et elle d\u00e9peint ce qui caract\u00e9rise la premi\u00e8re boulangerie fran\u00e7aise de Zurich\u2009: un bon emballage, un excellent contenu. La belle vie sous forme de magasin. Le marketing est important, mais pas que, selon St\u00e9phanie Borge, fran\u00e7aise d\u2019origine, qui poss\u00e8de depuis longtemps le passeport suisse. Un bon produit est bien plus important. Dans le cas de la boulangerie Juliette \u2013 pain d\u2019amour, ce sont surtout les croissants qui marchent bien. Mais depuis le d\u00e9but.<\/p>\n<\/div><\/div>\n\n\n\n<p><\/p>\n\n\n\n<h2 class=\"wp-block-heading\" id=\"h-trois-succursales\">Trois succursales<\/h2>\n\n\n\n<p>Depuis fin f\u00e9vrier de cette ann\u00e9e, Zurich a une boulangerie fran\u00e7aise. Il y a d\u2019abord eu deux succursales, \u00e0 Bleicherweg et \u00e0 Vulkanplatz, avant que ne vienne s\u2019y ajouter une troisi\u00e8me (\u00e0 Erlenbach). Juliette approvisionne \u00e9galement l\u2019h\u00f4tel 5 \u00e9toiles Baur au Lac de Zurich. Les affaires marchent bien. La ville de Zurich aime les p\u00e2tisseries et les pains fran\u00e7ais, dont la baguette traditionnelle, peut-\u00eatre aussi parce qu\u2019elle n\u2019avait rien connu de tel jusqu\u2019\u00e0 pr\u00e9sent.<br>Eclairs, mille-feuilles, macarons\u2026<\/p>\n\n\n\n<p><em>Lire l&#8217;article complet dans \u00abPanissimo\u00bb du 1<sup>er<\/sup> septembre 2023<\/em><\/p>\n\n\n\n<p class=\"has-text-align-right\"><em>Nina Kobelt<\/em><\/p>\n","protected":false},"excerpt":{"rendered":"<p>Depuis fin f\u00e9vrier, Zurich accueille la premi\u00e8re boulangerie fran\u00e7aise, \u00e0 savoir la boulangerie p\u00e2tisserie, Juliette \u2013 pain d\u2019amour. La copropri\u00e9taire St\u00e9phanie Borge est satisfaite de son lancement. Les croissants, les p\u00e2tisseries et les baguettes sont tr\u00e8s demand\u00e9s. <\/p>\n","protected":false},"author":5,"featured_media":66935,"comment_status":"closed","ping_status":"closed","sticky":true,"template":"","format":"standard","meta":{"_acf_changed":false,"footnotes":""},"categories":[42],"tags":[],"class_list":["post-66940","post","type-post","status-publish","format-standard","has-post-thumbnail","hentry","category-boulangeries-confiseries"],"acf":[],"yoast_head":"<!-- This site is optimized with the Yoast SEO Premium plugin v26.8 (Yoast SEO v26.8) - https:\/\/yoast.com\/product\/yoast-seo-premium-wordpress\/ -->\n<title>La belle vie \u00e0 Zurich | SBC<\/title>\n<meta name=\"description\" content=\"Depuis fin f\u00e9vrier, Zurich accueille la premi\u00e8re boulangerie fran\u00e7aise, \u00e0 savoir la boulangerie p\u00e2tisserie, Juliette \u2013 pain d\u2019amour.\" \/>\n<meta name=\"robots\" content=\"index, follow, max-snippet:-1, max-image-preview:large, max-video-preview:-1\" \/>\n<link rel=\"canonical\" href=\"https:\/\/swissbaker.ch\/fr\/panissimo-news\/la-belle-vie-a-zurich\/\" \/>\n<meta property=\"og:locale\" content=\"fr_FR\" \/>\n<meta property=\"og:type\" content=\"article\" \/>\n<meta property=\"og:title\" content=\"La belle vie \u00e0 Zurich\" \/>\n<meta property=\"og:description\" content=\"Depuis fin f\u00e9vrier, Zurich accueille la premi\u00e8re boulangerie fran\u00e7aise, \u00e0 savoir la boulangerie p\u00e2tisserie, Juliette \u2013 pain d\u2019amour.\" \/>\n<meta property=\"og:url\" content=\"https:\/\/swissbaker.ch\/fr\/panissimo-news\/la-belle-vie-a-zurich\/\" \/>\n<meta property=\"og:site_name\" content=\"SBC\" \/>\n<meta property=\"article:publisher\" content=\"https:\/\/www.facebook.com\/swissbaker.ch\" \/>\n<meta property=\"article:published_time\" content=\"2023-08-30T11:50:17+00:00\" \/>\n<meta property=\"article:modified_time\" content=\"2023-08-30T12:06:21+00:00\" \/>\n<meta property=\"og:image\" content=\"https:\/\/swissbaker.ch\/wp-content\/uploads\/2023\/08\/16_1_juliette_stephanie_borge.jpg\" \/>\n\t<meta property=\"og:image:width\" content=\"1200\" \/>\n\t<meta property=\"og:image:height\" content=\"712\" \/>\n\t<meta property=\"og:image:type\" content=\"image\/jpeg\" \/>\n<meta name=\"author\" content=\"Simon Nussbaum\" \/>\n<meta name=\"twitter:card\" content=\"summary_large_image\" \/>\n<meta name=\"twitter:creator\" content=\"@ch_swissbaker\" \/>\n<meta name=\"twitter:site\" content=\"@ch_swissbaker\" \/>\n<meta name=\"twitter:label1\" content=\"Written by\" \/>\n\t<meta name=\"twitter:data1\" content=\"Simon Nussbaum\" \/>\n\t<meta name=\"twitter:label2\" content=\"Est. reading time\" \/>\n\t<meta name=\"twitter:data2\" content=\"2 minutes\" \/>\n<script type=\"application\/ld+json\" class=\"yoast-schema-graph\">{\"@context\":\"https:\/\/schema.org\",\"@graph\":[{\"@type\":\"Article\",\"@id\":\"https:\/\/swissbaker.ch\/fr\/panissimo-news\/la-belle-vie-a-zurich\/#article\",\"isPartOf\":{\"@id\":\"https:\/\/swissbaker.ch\/fr\/panissimo-news\/la-belle-vie-a-zurich\/\"},\"author\":{\"name\":\"Simon Nussbaum\",\"@id\":\"https:\/\/swissbaker.ch\/fr\/#\/schema\/person\/74bd327b08c18ca6042c02ff6f0ed5e2\"},\"headline\":\"La belle vie \u00e0 Zurich\",\"datePublished\":\"2023-08-30T11:50:17+00:00\",\"dateModified\":\"2023-08-30T12:06:21+00:00\",\"mainEntityOfPage\":{\"@id\":\"https:\/\/swissbaker.ch\/fr\/panissimo-news\/la-belle-vie-a-zurich\/\"},\"wordCount\":308,\"publisher\":{\"@id\":\"https:\/\/swissbaker.ch\/fr\/#organization\"},\"image\":{\"@id\":\"https:\/\/swissbaker.ch\/fr\/panissimo-news\/la-belle-vie-a-zurich\/#primaryimage\"},\"thumbnailUrl\":\"https:\/\/swissbaker.ch\/wp-content\/uploads\/2023\/08\/16_1_juliette_stephanie_borge.jpg\",\"articleSection\":[\"Boulangeries\/Confiseries\"],\"inLanguage\":\"fr-FR\"},{\"@type\":\"WebPage\",\"@id\":\"https:\/\/swissbaker.ch\/fr\/panissimo-news\/la-belle-vie-a-zurich\/\",\"url\":\"https:\/\/swissbaker.ch\/fr\/panissimo-news\/la-belle-vie-a-zurich\/\",\"name\":\"La belle vie \u00e0 Zurich | SBC\",\"isPartOf\":{\"@id\":\"https:\/\/swissbaker.ch\/fr\/#website\"},\"primaryImageOfPage\":{\"@id\":\"https:\/\/swissbaker.ch\/fr\/panissimo-news\/la-belle-vie-a-zurich\/#primaryimage\"},\"image\":{\"@id\":\"https:\/\/swissbaker.ch\/fr\/panissimo-news\/la-belle-vie-a-zurich\/#primaryimage\"},\"thumbnailUrl\":\"https:\/\/swissbaker.ch\/wp-content\/uploads\/2023\/08\/16_1_juliette_stephanie_borge.jpg\",\"datePublished\":\"2023-08-30T11:50:17+00:00\",\"dateModified\":\"2023-08-30T12:06:21+00:00\",\"description\":\"Depuis fin f\u00e9vrier, Zurich accueille la premi\u00e8re boulangerie fran\u00e7aise, \u00e0 savoir la boulangerie p\u00e2tisserie, Juliette \u2013 pain d\u2019amour.\",\"breadcrumb\":{\"@id\":\"https:\/\/swissbaker.ch\/fr\/panissimo-news\/la-belle-vie-a-zurich\/#breadcrumb\"},\"inLanguage\":\"fr-FR\",\"potentialAction\":[{\"@type\":\"ReadAction\",\"target\":[\"https:\/\/swissbaker.ch\/fr\/panissimo-news\/la-belle-vie-a-zurich\/\"]}]},{\"@type\":\"ImageObject\",\"inLanguage\":\"fr-FR\",\"@id\":\"https:\/\/swissbaker.ch\/fr\/panissimo-news\/la-belle-vie-a-zurich\/#primaryimage\",\"url\":\"https:\/\/swissbaker.ch\/wp-content\/uploads\/2023\/08\/16_1_juliette_stephanie_borge.jpg\",\"contentUrl\":\"https:\/\/swissbaker.ch\/wp-content\/uploads\/2023\/08\/16_1_juliette_stephanie_borge.jpg\",\"width\":1200,\"height\":712},{\"@type\":\"BreadcrumbList\",\"@id\":\"https:\/\/swissbaker.ch\/fr\/panissimo-news\/la-belle-vie-a-zurich\/#breadcrumb\",\"itemListElement\":[{\"@type\":\"ListItem\",\"position\":1,\"name\":\"\",\"item\":\"https:\/\/swissbaker.ch\/fr\/\"},{\"@type\":\"ListItem\",\"position\":2,\"name\":\"Boulangeries\/Confiseries\",\"item\":\"https:\/\/swissbaker.ch\/fr\/panissimo-news\/category\/boulangeries-confiseries\/\"},{\"@type\":\"ListItem\",\"position\":3,\"name\":\"La belle vie \u00e0 Zurich\"}]},{\"@type\":\"WebSite\",\"@id\":\"https:\/\/swissbaker.ch\/fr\/#website\",\"url\":\"https:\/\/swissbaker.ch\/fr\/\",\"name\":\"SBC\",\"description\":\"\",\"publisher\":{\"@id\":\"https:\/\/swissbaker.ch\/fr\/#organization\"},\"potentialAction\":[{\"@type\":\"SearchAction\",\"target\":{\"@type\":\"EntryPoint\",\"urlTemplate\":\"https:\/\/swissbaker.ch\/fr\/?s={search_term_string}\"},\"query-input\":{\"@type\":\"PropertyValueSpecification\",\"valueRequired\":true,\"valueName\":\"search_term_string\"}}],\"inLanguage\":\"fr-FR\"},{\"@type\":\"Organization\",\"@id\":\"https:\/\/swissbaker.ch\/fr\/#organization\",\"name\":\"Schweizerischer B\u00e4cker-Confiseurmeister-Verband\",\"url\":\"https:\/\/swissbaker.ch\/fr\/\",\"logo\":{\"@type\":\"ImageObject\",\"inLanguage\":\"fr-FR\",\"@id\":\"https:\/\/swissbaker.ch\/fr\/#\/schema\/logo\/image\/\",\"url\":\"https:\/\/swissbaker.ch\/wp-content\/uploads\/2022\/04\/sbc-logo-yoast.jpg\",\"contentUrl\":\"https:\/\/swissbaker.ch\/wp-content\/uploads\/2022\/04\/sbc-logo-yoast.jpg\",\"width\":512,\"height\":512,\"caption\":\"Schweizerischer B\u00e4cker-Confiseurmeister-Verband\"},\"image\":{\"@id\":\"https:\/\/swissbaker.ch\/fr\/#\/schema\/logo\/image\/\"},\"sameAs\":[\"https:\/\/www.facebook.com\/swissbaker.ch\",\"https:\/\/x.com\/ch_swissbaker\"]},{\"@type\":\"Person\",\"@id\":\"https:\/\/swissbaker.ch\/fr\/#\/schema\/person\/74bd327b08c18ca6042c02ff6f0ed5e2\",\"name\":\"Simon Nussbaum\",\"image\":{\"@type\":\"ImageObject\",\"inLanguage\":\"fr-FR\",\"@id\":\"https:\/\/swissbaker.ch\/fr\/#\/schema\/person\/image\/\",\"url\":\"https:\/\/secure.gravatar.com\/avatar\/df0eced3bb556c806cb760cf503ade1ed1df25b4104d80d6fd28d93a9509aa12?s=96&d=mm&r=g\",\"contentUrl\":\"https:\/\/secure.gravatar.com\/avatar\/df0eced3bb556c806cb760cf503ade1ed1df25b4104d80d6fd28d93a9509aa12?s=96&d=mm&r=g\",\"caption\":\"Simon Nussbaum\"},\"url\":\"https:\/\/swissbaker.ch\/fr\/panissimo-news\/author\/simon-nussbaum\/\"}]}<\/script>\n<!-- \/ Yoast SEO Premium plugin. -->","yoast_head_json":{"title":"La belle vie \u00e0 Zurich | SBC","description":"Depuis fin f\u00e9vrier, Zurich accueille la premi\u00e8re boulangerie fran\u00e7aise, \u00e0 savoir la boulangerie p\u00e2tisserie, Juliette \u2013 pain d\u2019amour.","robots":{"index":"index","follow":"follow","max-snippet":"max-snippet:-1","max-image-preview":"max-image-preview:large","max-video-preview":"max-video-preview:-1"},"canonical":"https:\/\/swissbaker.ch\/fr\/panissimo-news\/la-belle-vie-a-zurich\/","og_locale":"fr_FR","og_type":"article","og_title":"La belle vie \u00e0 Zurich","og_description":"Depuis fin f\u00e9vrier, Zurich accueille la premi\u00e8re boulangerie fran\u00e7aise, \u00e0 savoir la boulangerie p\u00e2tisserie, Juliette \u2013 pain d\u2019amour.","og_url":"https:\/\/swissbaker.ch\/fr\/panissimo-news\/la-belle-vie-a-zurich\/","og_site_name":"SBC","article_publisher":"https:\/\/www.facebook.com\/swissbaker.ch","article_published_time":"2023-08-30T11:50:17+00:00","article_modified_time":"2023-08-30T12:06:21+00:00","og_image":[{"width":1200,"height":712,"url":"https:\/\/swissbaker.ch\/wp-content\/uploads\/2023\/08\/16_1_juliette_stephanie_borge.jpg","type":"image\/jpeg"}],"author":"Simon Nussbaum","twitter_card":"summary_large_image","twitter_creator":"@ch_swissbaker","twitter_site":"@ch_swissbaker","twitter_misc":{"Written by":"Simon Nussbaum","Est. reading time":"2 minutes"},"schema":{"@context":"https:\/\/schema.org","@graph":[{"@type":"Article","@id":"https:\/\/swissbaker.ch\/fr\/panissimo-news\/la-belle-vie-a-zurich\/#article","isPartOf":{"@id":"https:\/\/swissbaker.ch\/fr\/panissimo-news\/la-belle-vie-a-zurich\/"},"author":{"name":"Simon Nussbaum","@id":"https:\/\/swissbaker.ch\/fr\/#\/schema\/person\/74bd327b08c18ca6042c02ff6f0ed5e2"},"headline":"La belle vie \u00e0 Zurich","datePublished":"2023-08-30T11:50:17+00:00","dateModified":"2023-08-30T12:06:21+00:00","mainEntityOfPage":{"@id":"https:\/\/swissbaker.ch\/fr\/panissimo-news\/la-belle-vie-a-zurich\/"},"wordCount":308,"publisher":{"@id":"https:\/\/swissbaker.ch\/fr\/#organization"},"image":{"@id":"https:\/\/swissbaker.ch\/fr\/panissimo-news\/la-belle-vie-a-zurich\/#primaryimage"},"thumbnailUrl":"https:\/\/swissbaker.ch\/wp-content\/uploads\/2023\/08\/16_1_juliette_stephanie_borge.jpg","articleSection":["Boulangeries\/Confiseries"],"inLanguage":"fr-FR"},{"@type":"WebPage","@id":"https:\/\/swissbaker.ch\/fr\/panissimo-news\/la-belle-vie-a-zurich\/","url":"https:\/\/swissbaker.ch\/fr\/panissimo-news\/la-belle-vie-a-zurich\/","name":"La belle vie \u00e0 Zurich | SBC","isPartOf":{"@id":"https:\/\/swissbaker.ch\/fr\/#website"},"primaryImageOfPage":{"@id":"https:\/\/swissbaker.ch\/fr\/panissimo-news\/la-belle-vie-a-zurich\/#primaryimage"},"image":{"@id":"https:\/\/swissbaker.ch\/fr\/panissimo-news\/la-belle-vie-a-zurich\/#primaryimage"},"thumbnailUrl":"https:\/\/swissbaker.ch\/wp-content\/uploads\/2023\/08\/16_1_juliette_stephanie_borge.jpg","datePublished":"2023-08-30T11:50:17+00:00","dateModified":"2023-08-30T12:06:21+00:00","description":"Depuis fin f\u00e9vrier, Zurich accueille la premi\u00e8re boulangerie fran\u00e7aise, \u00e0 savoir la boulangerie p\u00e2tisserie, Juliette \u2013 pain d\u2019amour.","breadcrumb":{"@id":"https:\/\/swissbaker.ch\/fr\/panissimo-news\/la-belle-vie-a-zurich\/#breadcrumb"},"inLanguage":"fr-FR","potentialAction":[{"@type":"ReadAction","target":["https:\/\/swissbaker.ch\/fr\/panissimo-news\/la-belle-vie-a-zurich\/"]}]},{"@type":"ImageObject","inLanguage":"fr-FR","@id":"https:\/\/swissbaker.ch\/fr\/panissimo-news\/la-belle-vie-a-zurich\/#primaryimage","url":"https:\/\/swissbaker.ch\/wp-content\/uploads\/2023\/08\/16_1_juliette_stephanie_borge.jpg","contentUrl":"https:\/\/swissbaker.ch\/wp-content\/uploads\/2023\/08\/16_1_juliette_stephanie_borge.jpg","width":1200,"height":712},{"@type":"BreadcrumbList","@id":"https:\/\/swissbaker.ch\/fr\/panissimo-news\/la-belle-vie-a-zurich\/#breadcrumb","itemListElement":[{"@type":"ListItem","position":1,"name":"","item":"https:\/\/swissbaker.ch\/fr\/"},{"@type":"ListItem","position":2,"name":"Boulangeries\/Confiseries","item":"https:\/\/swissbaker.ch\/fr\/panissimo-news\/category\/boulangeries-confiseries\/"},{"@type":"ListItem","position":3,"name":"La belle vie \u00e0 Zurich"}]},{"@type":"WebSite","@id":"https:\/\/swissbaker.ch\/fr\/#website","url":"https:\/\/swissbaker.ch\/fr\/","name":"SBC","description":"","publisher":{"@id":"https:\/\/swissbaker.ch\/fr\/#organization"},"potentialAction":[{"@type":"SearchAction","target":{"@type":"EntryPoint","urlTemplate":"https:\/\/swissbaker.ch\/fr\/?s={search_term_string}"},"query-input":{"@type":"PropertyValueSpecification","valueRequired":true,"valueName":"search_term_string"}}],"inLanguage":"fr-FR"},{"@type":"Organization","@id":"https:\/\/swissbaker.ch\/fr\/#organization","name":"Schweizerischer B\u00e4cker-Confiseurmeister-Verband","url":"https:\/\/swissbaker.ch\/fr\/","logo":{"@type":"ImageObject","inLanguage":"fr-FR","@id":"https:\/\/swissbaker.ch\/fr\/#\/schema\/logo\/image\/","url":"https:\/\/swissbaker.ch\/wp-content\/uploads\/2022\/04\/sbc-logo-yoast.jpg","contentUrl":"https:\/\/swissbaker.ch\/wp-content\/uploads\/2022\/04\/sbc-logo-yoast.jpg","width":512,"height":512,"caption":"Schweizerischer B\u00e4cker-Confiseurmeister-Verband"},"image":{"@id":"https:\/\/swissbaker.ch\/fr\/#\/schema\/logo\/image\/"},"sameAs":["https:\/\/www.facebook.com\/swissbaker.ch","https:\/\/x.com\/ch_swissbaker"]},{"@type":"Person","@id":"https:\/\/swissbaker.ch\/fr\/#\/schema\/person\/74bd327b08c18ca6042c02ff6f0ed5e2","name":"Simon Nussbaum","image":{"@type":"ImageObject","inLanguage":"fr-FR","@id":"https:\/\/swissbaker.ch\/fr\/#\/schema\/person\/image\/","url":"https:\/\/secure.gravatar.com\/avatar\/df0eced3bb556c806cb760cf503ade1ed1df25b4104d80d6fd28d93a9509aa12?s=96&d=mm&r=g","contentUrl":"https:\/\/secure.gravatar.com\/avatar\/df0eced3bb556c806cb760cf503ade1ed1df25b4104d80d6fd28d93a9509aa12?s=96&d=mm&r=g","caption":"Simon Nussbaum"},"url":"https:\/\/swissbaker.ch\/fr\/panissimo-news\/author\/simon-nussbaum\/"}]}},"_links":{"self":[{"href":"https:\/\/swissbaker.ch\/fr\/wp-json\/wp\/v2\/posts\/66940","targetHints":{"allow":["GET"]}}],"collection":[{"href":"https:\/\/swissbaker.ch\/fr\/wp-json\/wp\/v2\/posts"}],"about":[{"href":"https:\/\/swissbaker.ch\/fr\/wp-json\/wp\/v2\/types\/post"}],"author":[{"embeddable":true,"href":"https:\/\/swissbaker.ch\/fr\/wp-json\/wp\/v2\/users\/5"}],"replies":[{"embeddable":true,"href":"https:\/\/swissbaker.ch\/fr\/wp-json\/wp\/v2\/comments?post=66940"}],"version-history":[{"count":0,"href":"https:\/\/swissbaker.ch\/fr\/wp-json\/wp\/v2\/posts\/66940\/revisions"}],"wp:featuredmedia":[{"embeddable":true,"href":"https:\/\/swissbaker.ch\/fr\/wp-json\/wp\/v2\/media\/66935"}],"wp:attachment":[{"href":"https:\/\/swissbaker.ch\/fr\/wp-json\/wp\/v2\/media?parent=66940"}],"wp:term":[{"taxonomy":"category","embeddable":true,"href":"https:\/\/swissbaker.ch\/fr\/wp-json\/wp\/v2\/categories?post=66940"},{"taxonomy":"post_tag","embeddable":true,"href":"https:\/\/swissbaker.ch\/fr\/wp-json\/wp\/v2\/tags?post=66940"}],"curies":[{"name":"wp","href":"https:\/\/api.w.org\/{rel}","templated":true}]}}