{"id":66828,"date":"2023-08-30T07:45:38","date_gmt":"2023-08-30T05:45:38","guid":{"rendered":"https:\/\/swissbaker.ch\/?p=66828"},"modified":"2023-08-30T08:18:57","modified_gmt":"2023-08-30T06:18:57","slug":"developpementdentreprise","status":"publish","type":"post","link":"https:\/\/swissbaker.ch\/fr\/panissimo-news\/developpementdentreprise\/","title":{"rendered":"D\u00e9veloppement d&#8217;entreprise"},"content":{"rendered":"\n<p><strong>Publireportage: Vous cherchez des possibilit\u00e9sde d\u00e9velopper votre entrepriseou voulez v\u00e9rifier la faisabilit\u00e9 devos id\u00e9es?<\/strong><\/p>\n\n\n\n<p>Nous vous soutenons dans cet objectif.<\/p>\n\n\n\n<h2 class=\"wp-block-heading\" id=\"h-services-proback\">Services Proback<\/h2>\n\n\n\n<ul class=\"wp-block-list\">\n<li>Analyses de potentiel<\/li>\n\n\n\n<li>\u00c9valuations de sites<\/li>\n\n\n\n<li>Conseil en restauration orient\u00e9 vers la pratique<\/li>\n\n\n\n<li>Promotion des ventes<\/li>\n\n\n\n<li>D\u00e9veloppement des employ\u00e9s<\/li>\n\n\n\n<li>D\u00e9veloppement de strat\u00e9gies<\/li>\n\n\n\n<li>Gestion d&#8217;entreprise et contr\u00f4le degestion<\/li>\n<\/ul>\n\n\n\n<hr class=\"wp-block-separator has-alpha-channel-opacity\"\/>\n\n\n\n<div class=\"wp-block-columns\">\n<div class=\"wp-block-column\">\n<figure class=\"wp-block-image size-large is-resized\"><img decoding=\"async\" src=\"https:\/\/swissbaker.ch\/wp-content\/uploads\/2023\/08\/16_1_proback_vuillat-1024x608.jpg\" alt=\"\" class=\"wp-image-66822\" width=\"290\" height=\"171\" srcset=\"https:\/\/swissbaker.ch\/wp-content\/uploads\/2023\/08\/16_1_proback_vuillat-1024x608.jpg 1024w, https:\/\/swissbaker.ch\/wp-content\/uploads\/2023\/08\/16_1_proback_vuillat-768x456.jpg 768w, https:\/\/swissbaker.ch\/wp-content\/uploads\/2023\/08\/16_1_proback_vuillat.jpg 1200w\" sizes=\"(max-width: 290px) 100vw, 290px\" \/><\/figure>\n<\/div>\n\n\n\n<div class=\"wp-block-column\">\n<p><strong><em>\u00abAvec Probak AG, j\u2018ai un partenaire professionnel qui m\u2018accompagne depuis le d\u00e9part de mon activit\u00e9 ind\u00e9pendante en me conseillant et en m\u2018aidant. J\u2018appr\u00e9cie leur flexibilit\u00e9 et leurs<br>connaissances \u00e9tendues sur presque tous mes d\u00e9fis.\u00bb<\/em><\/strong><\/p>\n\n\n\n<p><em>Martin Mayer, Directeur et<br>propri\u00e9taire de Vuaillat AG<\/em><\/p>\n<\/div>\n<\/div>\n\n\n\n<h3 class=\"wp-block-heading\">Contactez-nous!<\/h3>\n\n\n\n<p>Hasenmoosstrasse 31<br>6023 Rothenburg<br>041 289 87 87<br>info@proback.ch<\/p>\n\n\n\n<h3 class=\"wp-block-heading\"><a href=\"https:\/\/proback.ch\/fr\/competences\/developpement-des-affaires\/\" target=\"_blank\" rel=\"noreferrer noopener\">Plus d&#8217;informations<\/a><\/h3>\n\n\n\n<p class=\"has-text-align-right\"><em>com<\/em><\/p>\n","protected":false},"excerpt":{"rendered":"<p>Publireportage: Vous cherchez des possibilit\u00e9sde d\u00e9velopper votre entrepriseou voulez v\u00e9rifier la faisabilit\u00e9 devos id\u00e9es?<\/p>\n","protected":false},"author":5,"featured_media":66822,"comment_status":"closed","ping_status":"closed","sticky":true,"template":"","format":"standard","meta":{"_acf_changed":false,"footnotes":""},"categories":[54,57],"tags":[],"class_list":["post-66828","post","type-post","status-publish","format-standard","has-post-thumbnail","hentry","category-conseils","category-start-up-fr"],"acf":[],"yoast_head":"<!-- This site is optimized with the Yoast SEO Premium plugin v26.8 (Yoast SEO v26.8) - https:\/\/yoast.com\/product\/yoast-seo-premium-wordpress\/ -->\n<title>D\u00e9veloppement d&#039;entreprise | SBC<\/title>\n<meta name=\"description\" content=\"Vous cherchez des possibilit\u00e9sde d\u00e9velopper votre entrepriseou voulez v\u00e9rifier la faisabilit\u00e9 devos id\u00e9es?\" \/>\n<meta name=\"robots\" content=\"index, follow, max-snippet:-1, max-image-preview:large, max-video-preview:-1\" \/>\n<link rel=\"canonical\" href=\"https:\/\/swissbaker.ch\/fr\/panissimo-news\/developpementdentreprise\/\" \/>\n<meta property=\"og:locale\" content=\"fr_FR\" \/>\n<meta property=\"og:type\" content=\"article\" \/>\n<meta property=\"og:title\" content=\"D\u00e9veloppement d&#039;entreprise\" \/>\n<meta property=\"og:description\" content=\"Vous cherchez des possibilit\u00e9sde d\u00e9velopper votre entrepriseou voulez v\u00e9rifier la faisabilit\u00e9 devos id\u00e9es?\" \/>\n<meta property=\"og:url\" content=\"https:\/\/swissbaker.ch\/fr\/panissimo-news\/developpementdentreprise\/\" \/>\n<meta property=\"og:site_name\" content=\"SBC\" \/>\n<meta property=\"article:publisher\" content=\"https:\/\/www.facebook.com\/swissbaker.ch\" \/>\n<meta property=\"article:published_time\" content=\"2023-08-30T05:45:38+00:00\" \/>\n<meta property=\"article:modified_time\" content=\"2023-08-30T06:18:57+00:00\" \/>\n<meta property=\"og:image\" content=\"https:\/\/swissbaker.ch\/wp-content\/uploads\/2023\/08\/16_1_proback_vuillat.jpg\" \/>\n\t<meta property=\"og:image:width\" content=\"1200\" \/>\n\t<meta property=\"og:image:height\" content=\"712\" \/>\n\t<meta property=\"og:image:type\" content=\"image\/jpeg\" \/>\n<meta name=\"author\" content=\"Simon Nussbaum\" \/>\n<meta name=\"twitter:card\" content=\"summary_large_image\" \/>\n<meta name=\"twitter:creator\" content=\"@ch_swissbaker\" \/>\n<meta name=\"twitter:site\" content=\"@ch_swissbaker\" \/>\n<meta name=\"twitter:label1\" content=\"Written by\" \/>\n\t<meta name=\"twitter:data1\" content=\"Simon Nussbaum\" \/>\n\t<meta name=\"twitter:label2\" content=\"Est. reading time\" \/>\n\t<meta name=\"twitter:data2\" content=\"1 minute\" \/>\n<script type=\"application\/ld+json\" class=\"yoast-schema-graph\">{\"@context\":\"https:\/\/schema.org\",\"@graph\":[{\"@type\":\"Article\",\"@id\":\"https:\/\/swissbaker.ch\/fr\/panissimo-news\/developpementdentreprise\/#article\",\"isPartOf\":{\"@id\":\"https:\/\/swissbaker.ch\/fr\/panissimo-news\/developpementdentreprise\/\"},\"author\":{\"name\":\"Simon Nussbaum\",\"@id\":\"https:\/\/swissbaker.ch\/fr\/#\/schema\/person\/74bd327b08c18ca6042c02ff6f0ed5e2\"},\"headline\":\"D\u00e9veloppement d&#8217;entreprise\",\"datePublished\":\"2023-08-30T05:45:38+00:00\",\"dateModified\":\"2023-08-30T06:18:57+00:00\",\"mainEntityOfPage\":{\"@id\":\"https:\/\/swissbaker.ch\/fr\/panissimo-news\/developpementdentreprise\/\"},\"wordCount\":122,\"publisher\":{\"@id\":\"https:\/\/swissbaker.ch\/fr\/#organization\"},\"image\":{\"@id\":\"https:\/\/swissbaker.ch\/fr\/panissimo-news\/developpementdentreprise\/#primaryimage\"},\"thumbnailUrl\":\"https:\/\/swissbaker.ch\/wp-content\/uploads\/2023\/08\/16_1_proback_vuillat.jpg\",\"articleSection\":[\"Conseils\",\"Start-up\"],\"inLanguage\":\"fr-FR\"},{\"@type\":\"WebPage\",\"@id\":\"https:\/\/swissbaker.ch\/fr\/panissimo-news\/developpementdentreprise\/\",\"url\":\"https:\/\/swissbaker.ch\/fr\/panissimo-news\/developpementdentreprise\/\",\"name\":\"D\u00e9veloppement d'entreprise | SBC\",\"isPartOf\":{\"@id\":\"https:\/\/swissbaker.ch\/fr\/#website\"},\"primaryImageOfPage\":{\"@id\":\"https:\/\/swissbaker.ch\/fr\/panissimo-news\/developpementdentreprise\/#primaryimage\"},\"image\":{\"@id\":\"https:\/\/swissbaker.ch\/fr\/panissimo-news\/developpementdentreprise\/#primaryimage\"},\"thumbnailUrl\":\"https:\/\/swissbaker.ch\/wp-content\/uploads\/2023\/08\/16_1_proback_vuillat.jpg\",\"datePublished\":\"2023-08-30T05:45:38+00:00\",\"dateModified\":\"2023-08-30T06:18:57+00:00\",\"description\":\"Vous cherchez des possibilit\u00e9sde d\u00e9velopper votre entrepriseou voulez v\u00e9rifier la faisabilit\u00e9 devos id\u00e9es?\",\"breadcrumb\":{\"@id\":\"https:\/\/swissbaker.ch\/fr\/panissimo-news\/developpementdentreprise\/#breadcrumb\"},\"inLanguage\":\"fr-FR\",\"potentialAction\":[{\"@type\":\"ReadAction\",\"target\":[\"https:\/\/swissbaker.ch\/fr\/panissimo-news\/developpementdentreprise\/\"]}]},{\"@type\":\"ImageObject\",\"inLanguage\":\"fr-FR\",\"@id\":\"https:\/\/swissbaker.ch\/fr\/panissimo-news\/developpementdentreprise\/#primaryimage\",\"url\":\"https:\/\/swissbaker.ch\/wp-content\/uploads\/2023\/08\/16_1_proback_vuillat.jpg\",\"contentUrl\":\"https:\/\/swissbaker.ch\/wp-content\/uploads\/2023\/08\/16_1_proback_vuillat.jpg\",\"width\":1200,\"height\":712},{\"@type\":\"BreadcrumbList\",\"@id\":\"https:\/\/swissbaker.ch\/fr\/panissimo-news\/developpementdentreprise\/#breadcrumb\",\"itemListElement\":[{\"@type\":\"ListItem\",\"position\":1,\"name\":\"\",\"item\":\"https:\/\/swissbaker.ch\/fr\/\"},{\"@type\":\"ListItem\",\"position\":2,\"name\":\"Start-up\",\"item\":\"https:\/\/swissbaker.ch\/fr\/panissimo-news\/category\/start-up-fr\/\"},{\"@type\":\"ListItem\",\"position\":3,\"name\":\"D\u00e9veloppement d&#8217;entreprise\"}]},{\"@type\":\"WebSite\",\"@id\":\"https:\/\/swissbaker.ch\/fr\/#website\",\"url\":\"https:\/\/swissbaker.ch\/fr\/\",\"name\":\"SBC\",\"description\":\"\",\"publisher\":{\"@id\":\"https:\/\/swissbaker.ch\/fr\/#organization\"},\"potentialAction\":[{\"@type\":\"SearchAction\",\"target\":{\"@type\":\"EntryPoint\",\"urlTemplate\":\"https:\/\/swissbaker.ch\/fr\/?s={search_term_string}\"},\"query-input\":{\"@type\":\"PropertyValueSpecification\",\"valueRequired\":true,\"valueName\":\"search_term_string\"}}],\"inLanguage\":\"fr-FR\"},{\"@type\":\"Organization\",\"@id\":\"https:\/\/swissbaker.ch\/fr\/#organization\",\"name\":\"Schweizerischer B\u00e4cker-Confiseurmeister-Verband\",\"url\":\"https:\/\/swissbaker.ch\/fr\/\",\"logo\":{\"@type\":\"ImageObject\",\"inLanguage\":\"fr-FR\",\"@id\":\"https:\/\/swissbaker.ch\/fr\/#\/schema\/logo\/image\/\",\"url\":\"https:\/\/swissbaker.ch\/wp-content\/uploads\/2022\/04\/sbc-logo-yoast.jpg\",\"contentUrl\":\"https:\/\/swissbaker.ch\/wp-content\/uploads\/2022\/04\/sbc-logo-yoast.jpg\",\"width\":512,\"height\":512,\"caption\":\"Schweizerischer B\u00e4cker-Confiseurmeister-Verband\"},\"image\":{\"@id\":\"https:\/\/swissbaker.ch\/fr\/#\/schema\/logo\/image\/\"},\"sameAs\":[\"https:\/\/www.facebook.com\/swissbaker.ch\",\"https:\/\/x.com\/ch_swissbaker\"]},{\"@type\":\"Person\",\"@id\":\"https:\/\/swissbaker.ch\/fr\/#\/schema\/person\/74bd327b08c18ca6042c02ff6f0ed5e2\",\"name\":\"Simon Nussbaum\",\"image\":{\"@type\":\"ImageObject\",\"inLanguage\":\"fr-FR\",\"@id\":\"https:\/\/swissbaker.ch\/fr\/#\/schema\/person\/image\/\",\"url\":\"https:\/\/secure.gravatar.com\/avatar\/df0eced3bb556c806cb760cf503ade1ed1df25b4104d80d6fd28d93a9509aa12?s=96&d=mm&r=g\",\"contentUrl\":\"https:\/\/secure.gravatar.com\/avatar\/df0eced3bb556c806cb760cf503ade1ed1df25b4104d80d6fd28d93a9509aa12?s=96&d=mm&r=g\",\"caption\":\"Simon Nussbaum\"},\"url\":\"https:\/\/swissbaker.ch\/fr\/panissimo-news\/author\/simon-nussbaum\/\"}]}<\/script>\n<!-- \/ Yoast SEO Premium plugin. -->","yoast_head_json":{"title":"D\u00e9veloppement d'entreprise | SBC","description":"Vous cherchez des possibilit\u00e9sde d\u00e9velopper votre entrepriseou voulez v\u00e9rifier la faisabilit\u00e9 devos id\u00e9es?","robots":{"index":"index","follow":"follow","max-snippet":"max-snippet:-1","max-image-preview":"max-image-preview:large","max-video-preview":"max-video-preview:-1"},"canonical":"https:\/\/swissbaker.ch\/fr\/panissimo-news\/developpementdentreprise\/","og_locale":"fr_FR","og_type":"article","og_title":"D\u00e9veloppement d'entreprise","og_description":"Vous cherchez des possibilit\u00e9sde d\u00e9velopper votre entrepriseou voulez v\u00e9rifier la faisabilit\u00e9 devos id\u00e9es?","og_url":"https:\/\/swissbaker.ch\/fr\/panissimo-news\/developpementdentreprise\/","og_site_name":"SBC","article_publisher":"https:\/\/www.facebook.com\/swissbaker.ch","article_published_time":"2023-08-30T05:45:38+00:00","article_modified_time":"2023-08-30T06:18:57+00:00","og_image":[{"width":1200,"height":712,"url":"https:\/\/swissbaker.ch\/wp-content\/uploads\/2023\/08\/16_1_proback_vuillat.jpg","type":"image\/jpeg"}],"author":"Simon Nussbaum","twitter_card":"summary_large_image","twitter_creator":"@ch_swissbaker","twitter_site":"@ch_swissbaker","twitter_misc":{"Written by":"Simon Nussbaum","Est. reading time":"1 minute"},"schema":{"@context":"https:\/\/schema.org","@graph":[{"@type":"Article","@id":"https:\/\/swissbaker.ch\/fr\/panissimo-news\/developpementdentreprise\/#article","isPartOf":{"@id":"https:\/\/swissbaker.ch\/fr\/panissimo-news\/developpementdentreprise\/"},"author":{"name":"Simon Nussbaum","@id":"https:\/\/swissbaker.ch\/fr\/#\/schema\/person\/74bd327b08c18ca6042c02ff6f0ed5e2"},"headline":"D\u00e9veloppement d&#8217;entreprise","datePublished":"2023-08-30T05:45:38+00:00","dateModified":"2023-08-30T06:18:57+00:00","mainEntityOfPage":{"@id":"https:\/\/swissbaker.ch\/fr\/panissimo-news\/developpementdentreprise\/"},"wordCount":122,"publisher":{"@id":"https:\/\/swissbaker.ch\/fr\/#organization"},"image":{"@id":"https:\/\/swissbaker.ch\/fr\/panissimo-news\/developpementdentreprise\/#primaryimage"},"thumbnailUrl":"https:\/\/swissbaker.ch\/wp-content\/uploads\/2023\/08\/16_1_proback_vuillat.jpg","articleSection":["Conseils","Start-up"],"inLanguage":"fr-FR"},{"@type":"WebPage","@id":"https:\/\/swissbaker.ch\/fr\/panissimo-news\/developpementdentreprise\/","url":"https:\/\/swissbaker.ch\/fr\/panissimo-news\/developpementdentreprise\/","name":"D\u00e9veloppement d'entreprise | SBC","isPartOf":{"@id":"https:\/\/swissbaker.ch\/fr\/#website"},"primaryImageOfPage":{"@id":"https:\/\/swissbaker.ch\/fr\/panissimo-news\/developpementdentreprise\/#primaryimage"},"image":{"@id":"https:\/\/swissbaker.ch\/fr\/panissimo-news\/developpementdentreprise\/#primaryimage"},"thumbnailUrl":"https:\/\/swissbaker.ch\/wp-content\/uploads\/2023\/08\/16_1_proback_vuillat.jpg","datePublished":"2023-08-30T05:45:38+00:00","dateModified":"2023-08-30T06:18:57+00:00","description":"Vous cherchez des possibilit\u00e9sde d\u00e9velopper votre entrepriseou voulez v\u00e9rifier la faisabilit\u00e9 devos id\u00e9es?","breadcrumb":{"@id":"https:\/\/swissbaker.ch\/fr\/panissimo-news\/developpementdentreprise\/#breadcrumb"},"inLanguage":"fr-FR","potentialAction":[{"@type":"ReadAction","target":["https:\/\/swissbaker.ch\/fr\/panissimo-news\/developpementdentreprise\/"]}]},{"@type":"ImageObject","inLanguage":"fr-FR","@id":"https:\/\/swissbaker.ch\/fr\/panissimo-news\/developpementdentreprise\/#primaryimage","url":"https:\/\/swissbaker.ch\/wp-content\/uploads\/2023\/08\/16_1_proback_vuillat.jpg","contentUrl":"https:\/\/swissbaker.ch\/wp-content\/uploads\/2023\/08\/16_1_proback_vuillat.jpg","width":1200,"height":712},{"@type":"BreadcrumbList","@id":"https:\/\/swissbaker.ch\/fr\/panissimo-news\/developpementdentreprise\/#breadcrumb","itemListElement":[{"@type":"ListItem","position":1,"name":"","item":"https:\/\/swissbaker.ch\/fr\/"},{"@type":"ListItem","position":2,"name":"Start-up","item":"https:\/\/swissbaker.ch\/fr\/panissimo-news\/category\/start-up-fr\/"},{"@type":"ListItem","position":3,"name":"D\u00e9veloppement d&#8217;entreprise"}]},{"@type":"WebSite","@id":"https:\/\/swissbaker.ch\/fr\/#website","url":"https:\/\/swissbaker.ch\/fr\/","name":"SBC","description":"","publisher":{"@id":"https:\/\/swissbaker.ch\/fr\/#organization"},"potentialAction":[{"@type":"SearchAction","target":{"@type":"EntryPoint","urlTemplate":"https:\/\/swissbaker.ch\/fr\/?s={search_term_string}"},"query-input":{"@type":"PropertyValueSpecification","valueRequired":true,"valueName":"search_term_string"}}],"inLanguage":"fr-FR"},{"@type":"Organization","@id":"https:\/\/swissbaker.ch\/fr\/#organization","name":"Schweizerischer B\u00e4cker-Confiseurmeister-Verband","url":"https:\/\/swissbaker.ch\/fr\/","logo":{"@type":"ImageObject","inLanguage":"fr-FR","@id":"https:\/\/swissbaker.ch\/fr\/#\/schema\/logo\/image\/","url":"https:\/\/swissbaker.ch\/wp-content\/uploads\/2022\/04\/sbc-logo-yoast.jpg","contentUrl":"https:\/\/swissbaker.ch\/wp-content\/uploads\/2022\/04\/sbc-logo-yoast.jpg","width":512,"height":512,"caption":"Schweizerischer B\u00e4cker-Confiseurmeister-Verband"},"image":{"@id":"https:\/\/swissbaker.ch\/fr\/#\/schema\/logo\/image\/"},"sameAs":["https:\/\/www.facebook.com\/swissbaker.ch","https:\/\/x.com\/ch_swissbaker"]},{"@type":"Person","@id":"https:\/\/swissbaker.ch\/fr\/#\/schema\/person\/74bd327b08c18ca6042c02ff6f0ed5e2","name":"Simon Nussbaum","image":{"@type":"ImageObject","inLanguage":"fr-FR","@id":"https:\/\/swissbaker.ch\/fr\/#\/schema\/person\/image\/","url":"https:\/\/secure.gravatar.com\/avatar\/df0eced3bb556c806cb760cf503ade1ed1df25b4104d80d6fd28d93a9509aa12?s=96&d=mm&r=g","contentUrl":"https:\/\/secure.gravatar.com\/avatar\/df0eced3bb556c806cb760cf503ade1ed1df25b4104d80d6fd28d93a9509aa12?s=96&d=mm&r=g","caption":"Simon Nussbaum"},"url":"https:\/\/swissbaker.ch\/fr\/panissimo-news\/author\/simon-nussbaum\/"}]}},"_links":{"self":[{"href":"https:\/\/swissbaker.ch\/fr\/wp-json\/wp\/v2\/posts\/66828","targetHints":{"allow":["GET"]}}],"collection":[{"href":"https:\/\/swissbaker.ch\/fr\/wp-json\/wp\/v2\/posts"}],"about":[{"href":"https:\/\/swissbaker.ch\/fr\/wp-json\/wp\/v2\/types\/post"}],"author":[{"embeddable":true,"href":"https:\/\/swissbaker.ch\/fr\/wp-json\/wp\/v2\/users\/5"}],"replies":[{"embeddable":true,"href":"https:\/\/swissbaker.ch\/fr\/wp-json\/wp\/v2\/comments?post=66828"}],"version-history":[{"count":0,"href":"https:\/\/swissbaker.ch\/fr\/wp-json\/wp\/v2\/posts\/66828\/revisions"}],"wp:featuredmedia":[{"embeddable":true,"href":"https:\/\/swissbaker.ch\/fr\/wp-json\/wp\/v2\/media\/66822"}],"wp:attachment":[{"href":"https:\/\/swissbaker.ch\/fr\/wp-json\/wp\/v2\/media?parent=66828"}],"wp:term":[{"taxonomy":"category","embeddable":true,"href":"https:\/\/swissbaker.ch\/fr\/wp-json\/wp\/v2\/categories?post=66828"},{"taxonomy":"post_tag","embeddable":true,"href":"https:\/\/swissbaker.ch\/fr\/wp-json\/wp\/v2\/tags?post=66828"}],"curies":[{"name":"wp","href":"https:\/\/api.w.org\/{rel}","templated":true}]}}