{"id":66595,"date":"2023-08-23T13:14:43","date_gmt":"2023-08-23T11:14:43","guid":{"rendered":"https:\/\/swissbaker.ch\/?p=66595"},"modified":"2023-08-24T10:36:12","modified_gmt":"2023-08-24T08:36:12","slug":"quantite-de-ble-panifiable-inferieure-a-2022","status":"publish","type":"post","link":"https:\/\/swissbaker.ch\/fr\/panissimo-news\/quantite-de-ble-panifiable-inferieure-a-2022\/","title":{"rendered":"R\u00e9colte 2023 : premi\u00e8res estimations"},"content":{"rendered":"\n<p><strong>La quantit\u00e9 de bl\u00e9 panifiable 2023 sera vraisemblablement inf\u00e9rieure \u00e0 celle de l&#8217;ann\u00e9e derni\u00e8re, selon swiss granum. La r\u00e9colte devrait se situer entre 320000 et 350000 tonnes. La majeure partie pourrait probablement \u00eatre qualifi\u00e9e de panifiable selon les conditions de prise en charge de l\u2019organisation. C&#8217;est ce que montre le recensement de la r\u00e9colte \u00e0 la mi-ao\u00fbt.<\/strong><\/p>\n\n\n\n<p>Il s\u2019agit d\u2019une estimation provisoire, \u00e9tant donn\u00e9 que le bl\u00e9 panifiable n\u2019avait pas \u00e9t\u00e9 enti\u00e8rement r\u00e9ceptionn\u00e9 au moment du recensement et que le conditionnement dans les centres collecteurs suivra. L\u2019aper\u00e7u pour le seigle et l\u2019\u00e9peautre dans la vue d\u2019ensemble des c\u00e9r\u00e9ales panifiables reste encore \u00e0 faire. Une estimation de la qualit\u00e9 du bl\u00e9 interviendra \u00e0 une date ult\u00e9rieure, sur la base du recensement de la qualit\u00e9 r\u00e9alis\u00e9 par swiss granum.<\/p>\n\n\n\n<p>Le recensement global de swiss granum fournira un tableau pr\u00e9cis de la r\u00e9colte 2023. Les r\u00e9sultats seront disponibles en octobre.<\/p>\n\n\n\n<p>Informations : <a href=\"https:\/\/www.swissgranum.ch\/fr\/21.08.2023\" target=\"_blank\" rel=\"noreferrer noopener\">swissgranum.ch<\/a><\/p>\n","protected":false},"excerpt":{"rendered":"<p>La quantit\u00e9 de bl\u00e9 panifiable 2023 sera vraisemblablement inf\u00e9rieure \u00e0 celle de l&#8217;ann\u00e9e derni\u00e8re, selon swiss granum. La r\u00e9colte devrait se situer entre 320000 et 350000 tonnes. La majeure partie pourrait probablement \u00eatre qualifi\u00e9e de panifiable selon les conditions de prise en charge de l\u2019organisation. C&#8217;est ce que montre le recensement de la r\u00e9colte \u00e0 la mi-ao\u00fbt.<\/p>\n","protected":false},"author":5,"featured_media":45805,"comment_status":"closed","ping_status":"closed","sticky":true,"template":"","format":"standard","meta":{"_acf_changed":false,"footnotes":""},"categories":[45],"tags":[],"class_list":["post-66595","post","type-post","status-publish","format-standard","has-post-thumbnail","hentry","category-environnement-professionnel"],"acf":[],"yoast_head":"<!-- This site is optimized with the Yoast SEO Premium plugin v26.8 (Yoast SEO v26.8) - https:\/\/yoast.com\/product\/yoast-seo-premium-wordpress\/ -->\n<title>R\u00e9colte 2023 : premi\u00e8res estimations | SBC<\/title>\n<meta name=\"description\" content=\"La r\u00e9colte de bl\u00e9 panifiable 2023 devrait se situer entre 320000 et 350000 tonnes.\" \/>\n<meta name=\"robots\" content=\"index, follow, max-snippet:-1, max-image-preview:large, max-video-preview:-1\" \/>\n<link rel=\"canonical\" href=\"https:\/\/swissbaker.ch\/fr\/panissimo-news\/quantite-de-ble-panifiable-inferieure-a-2022\/\" \/>\n<meta property=\"og:locale\" content=\"fr_FR\" \/>\n<meta property=\"og:type\" content=\"article\" \/>\n<meta property=\"og:title\" content=\"R\u00e9colte 2023 : premi\u00e8res estimations\" \/>\n<meta property=\"og:description\" content=\"La r\u00e9colte de bl\u00e9 panifiable 2023 devrait se situer entre 320000 et 350000 tonnes.\" \/>\n<meta property=\"og:url\" content=\"https:\/\/swissbaker.ch\/fr\/panissimo-news\/quantite-de-ble-panifiable-inferieure-a-2022\/\" \/>\n<meta property=\"og:site_name\" content=\"SBC\" \/>\n<meta property=\"article:publisher\" content=\"https:\/\/www.facebook.com\/swissbaker.ch\" \/>\n<meta property=\"article:published_time\" content=\"2023-08-23T11:14:43+00:00\" \/>\n<meta property=\"article:modified_time\" content=\"2023-08-24T08:36:12+00:00\" \/>\n<meta property=\"og:image\" content=\"https:\/\/swissbaker.ch\/wp-content\/uploads\/2022\/08\/16_2_getreide_ernte_maehdrescher.jpg\" \/>\n\t<meta property=\"og:image:width\" content=\"1200\" \/>\n\t<meta property=\"og:image:height\" content=\"712\" \/>\n\t<meta property=\"og:image:type\" content=\"image\/jpeg\" \/>\n<meta name=\"author\" content=\"Simon Nussbaum\" \/>\n<meta name=\"twitter:card\" content=\"summary_large_image\" \/>\n<meta name=\"twitter:creator\" content=\"@ch_swissbaker\" \/>\n<meta name=\"twitter:site\" content=\"@ch_swissbaker\" \/>\n<meta name=\"twitter:label1\" content=\"Written by\" \/>\n\t<meta name=\"twitter:data1\" content=\"Simon Nussbaum\" \/>\n\t<meta name=\"twitter:label2\" content=\"Est. reading time\" \/>\n\t<meta name=\"twitter:data2\" content=\"1 minute\" \/>\n<script type=\"application\/ld+json\" class=\"yoast-schema-graph\">{\"@context\":\"https:\/\/schema.org\",\"@graph\":[{\"@type\":\"Article\",\"@id\":\"https:\/\/swissbaker.ch\/fr\/panissimo-news\/quantite-de-ble-panifiable-inferieure-a-2022\/#article\",\"isPartOf\":{\"@id\":\"https:\/\/swissbaker.ch\/fr\/panissimo-news\/quantite-de-ble-panifiable-inferieure-a-2022\/\"},\"author\":{\"name\":\"Simon Nussbaum\",\"@id\":\"https:\/\/swissbaker.ch\/fr\/#\/schema\/person\/74bd327b08c18ca6042c02ff6f0ed5e2\"},\"headline\":\"R\u00e9colte 2023 : premi\u00e8res estimations\",\"datePublished\":\"2023-08-23T11:14:43+00:00\",\"dateModified\":\"2023-08-24T08:36:12+00:00\",\"mainEntityOfPage\":{\"@id\":\"https:\/\/swissbaker.ch\/fr\/panissimo-news\/quantite-de-ble-panifiable-inferieure-a-2022\/\"},\"wordCount\":173,\"publisher\":{\"@id\":\"https:\/\/swissbaker.ch\/fr\/#organization\"},\"image\":{\"@id\":\"https:\/\/swissbaker.ch\/fr\/panissimo-news\/quantite-de-ble-panifiable-inferieure-a-2022\/#primaryimage\"},\"thumbnailUrl\":\"https:\/\/swissbaker.ch\/wp-content\/uploads\/2022\/08\/16_2_getreide_ernte_maehdrescher.jpg\",\"articleSection\":[\"Environnement professionnel\"],\"inLanguage\":\"fr-FR\"},{\"@type\":\"WebPage\",\"@id\":\"https:\/\/swissbaker.ch\/fr\/panissimo-news\/quantite-de-ble-panifiable-inferieure-a-2022\/\",\"url\":\"https:\/\/swissbaker.ch\/fr\/panissimo-news\/quantite-de-ble-panifiable-inferieure-a-2022\/\",\"name\":\"R\u00e9colte 2023 : premi\u00e8res estimations | SBC\",\"isPartOf\":{\"@id\":\"https:\/\/swissbaker.ch\/fr\/#website\"},\"primaryImageOfPage\":{\"@id\":\"https:\/\/swissbaker.ch\/fr\/panissimo-news\/quantite-de-ble-panifiable-inferieure-a-2022\/#primaryimage\"},\"image\":{\"@id\":\"https:\/\/swissbaker.ch\/fr\/panissimo-news\/quantite-de-ble-panifiable-inferieure-a-2022\/#primaryimage\"},\"thumbnailUrl\":\"https:\/\/swissbaker.ch\/wp-content\/uploads\/2022\/08\/16_2_getreide_ernte_maehdrescher.jpg\",\"datePublished\":\"2023-08-23T11:14:43+00:00\",\"dateModified\":\"2023-08-24T08:36:12+00:00\",\"description\":\"La r\u00e9colte de bl\u00e9 panifiable 2023 devrait se situer entre 320000 et 350000 tonnes.\",\"breadcrumb\":{\"@id\":\"https:\/\/swissbaker.ch\/fr\/panissimo-news\/quantite-de-ble-panifiable-inferieure-a-2022\/#breadcrumb\"},\"inLanguage\":\"fr-FR\",\"potentialAction\":[{\"@type\":\"ReadAction\",\"target\":[\"https:\/\/swissbaker.ch\/fr\/panissimo-news\/quantite-de-ble-panifiable-inferieure-a-2022\/\"]}]},{\"@type\":\"ImageObject\",\"inLanguage\":\"fr-FR\",\"@id\":\"https:\/\/swissbaker.ch\/fr\/panissimo-news\/quantite-de-ble-panifiable-inferieure-a-2022\/#primaryimage\",\"url\":\"https:\/\/swissbaker.ch\/wp-content\/uploads\/2022\/08\/16_2_getreide_ernte_maehdrescher.jpg\",\"contentUrl\":\"https:\/\/swissbaker.ch\/wp-content\/uploads\/2022\/08\/16_2_getreide_ernte_maehdrescher.jpg\",\"width\":1200,\"height\":712},{\"@type\":\"BreadcrumbList\",\"@id\":\"https:\/\/swissbaker.ch\/fr\/panissimo-news\/quantite-de-ble-panifiable-inferieure-a-2022\/#breadcrumb\",\"itemListElement\":[{\"@type\":\"ListItem\",\"position\":1,\"name\":\"\",\"item\":\"https:\/\/swissbaker.ch\/fr\/\"},{\"@type\":\"ListItem\",\"position\":2,\"name\":\"Environnement professionnel\",\"item\":\"https:\/\/swissbaker.ch\/fr\/panissimo-news\/category\/environnement-professionnel\/\"},{\"@type\":\"ListItem\",\"position\":3,\"name\":\"R\u00e9colte 2023 : premi\u00e8res estimations\"}]},{\"@type\":\"WebSite\",\"@id\":\"https:\/\/swissbaker.ch\/fr\/#website\",\"url\":\"https:\/\/swissbaker.ch\/fr\/\",\"name\":\"SBC\",\"description\":\"\",\"publisher\":{\"@id\":\"https:\/\/swissbaker.ch\/fr\/#organization\"},\"potentialAction\":[{\"@type\":\"SearchAction\",\"target\":{\"@type\":\"EntryPoint\",\"urlTemplate\":\"https:\/\/swissbaker.ch\/fr\/?s={search_term_string}\"},\"query-input\":{\"@type\":\"PropertyValueSpecification\",\"valueRequired\":true,\"valueName\":\"search_term_string\"}}],\"inLanguage\":\"fr-FR\"},{\"@type\":\"Organization\",\"@id\":\"https:\/\/swissbaker.ch\/fr\/#organization\",\"name\":\"Schweizerischer B\u00e4cker-Confiseurmeister-Verband\",\"url\":\"https:\/\/swissbaker.ch\/fr\/\",\"logo\":{\"@type\":\"ImageObject\",\"inLanguage\":\"fr-FR\",\"@id\":\"https:\/\/swissbaker.ch\/fr\/#\/schema\/logo\/image\/\",\"url\":\"https:\/\/swissbaker.ch\/wp-content\/uploads\/2022\/04\/sbc-logo-yoast.jpg\",\"contentUrl\":\"https:\/\/swissbaker.ch\/wp-content\/uploads\/2022\/04\/sbc-logo-yoast.jpg\",\"width\":512,\"height\":512,\"caption\":\"Schweizerischer B\u00e4cker-Confiseurmeister-Verband\"},\"image\":{\"@id\":\"https:\/\/swissbaker.ch\/fr\/#\/schema\/logo\/image\/\"},\"sameAs\":[\"https:\/\/www.facebook.com\/swissbaker.ch\",\"https:\/\/x.com\/ch_swissbaker\"]},{\"@type\":\"Person\",\"@id\":\"https:\/\/swissbaker.ch\/fr\/#\/schema\/person\/74bd327b08c18ca6042c02ff6f0ed5e2\",\"name\":\"Simon Nussbaum\",\"image\":{\"@type\":\"ImageObject\",\"inLanguage\":\"fr-FR\",\"@id\":\"https:\/\/swissbaker.ch\/fr\/#\/schema\/person\/image\/\",\"url\":\"https:\/\/secure.gravatar.com\/avatar\/df0eced3bb556c806cb760cf503ade1ed1df25b4104d80d6fd28d93a9509aa12?s=96&d=mm&r=g\",\"contentUrl\":\"https:\/\/secure.gravatar.com\/avatar\/df0eced3bb556c806cb760cf503ade1ed1df25b4104d80d6fd28d93a9509aa12?s=96&d=mm&r=g\",\"caption\":\"Simon Nussbaum\"},\"url\":\"https:\/\/swissbaker.ch\/fr\/panissimo-news\/author\/simon-nussbaum\/\"}]}<\/script>\n<!-- \/ Yoast SEO Premium plugin. -->","yoast_head_json":{"title":"R\u00e9colte 2023 : premi\u00e8res estimations | SBC","description":"La r\u00e9colte de bl\u00e9 panifiable 2023 devrait se situer entre 320000 et 350000 tonnes.","robots":{"index":"index","follow":"follow","max-snippet":"max-snippet:-1","max-image-preview":"max-image-preview:large","max-video-preview":"max-video-preview:-1"},"canonical":"https:\/\/swissbaker.ch\/fr\/panissimo-news\/quantite-de-ble-panifiable-inferieure-a-2022\/","og_locale":"fr_FR","og_type":"article","og_title":"R\u00e9colte 2023 : premi\u00e8res estimations","og_description":"La r\u00e9colte de bl\u00e9 panifiable 2023 devrait se situer entre 320000 et 350000 tonnes.","og_url":"https:\/\/swissbaker.ch\/fr\/panissimo-news\/quantite-de-ble-panifiable-inferieure-a-2022\/","og_site_name":"SBC","article_publisher":"https:\/\/www.facebook.com\/swissbaker.ch","article_published_time":"2023-08-23T11:14:43+00:00","article_modified_time":"2023-08-24T08:36:12+00:00","og_image":[{"width":1200,"height":712,"url":"https:\/\/swissbaker.ch\/wp-content\/uploads\/2022\/08\/16_2_getreide_ernte_maehdrescher.jpg","type":"image\/jpeg"}],"author":"Simon Nussbaum","twitter_card":"summary_large_image","twitter_creator":"@ch_swissbaker","twitter_site":"@ch_swissbaker","twitter_misc":{"Written by":"Simon Nussbaum","Est. reading time":"1 minute"},"schema":{"@context":"https:\/\/schema.org","@graph":[{"@type":"Article","@id":"https:\/\/swissbaker.ch\/fr\/panissimo-news\/quantite-de-ble-panifiable-inferieure-a-2022\/#article","isPartOf":{"@id":"https:\/\/swissbaker.ch\/fr\/panissimo-news\/quantite-de-ble-panifiable-inferieure-a-2022\/"},"author":{"name":"Simon Nussbaum","@id":"https:\/\/swissbaker.ch\/fr\/#\/schema\/person\/74bd327b08c18ca6042c02ff6f0ed5e2"},"headline":"R\u00e9colte 2023 : premi\u00e8res estimations","datePublished":"2023-08-23T11:14:43+00:00","dateModified":"2023-08-24T08:36:12+00:00","mainEntityOfPage":{"@id":"https:\/\/swissbaker.ch\/fr\/panissimo-news\/quantite-de-ble-panifiable-inferieure-a-2022\/"},"wordCount":173,"publisher":{"@id":"https:\/\/swissbaker.ch\/fr\/#organization"},"image":{"@id":"https:\/\/swissbaker.ch\/fr\/panissimo-news\/quantite-de-ble-panifiable-inferieure-a-2022\/#primaryimage"},"thumbnailUrl":"https:\/\/swissbaker.ch\/wp-content\/uploads\/2022\/08\/16_2_getreide_ernte_maehdrescher.jpg","articleSection":["Environnement professionnel"],"inLanguage":"fr-FR"},{"@type":"WebPage","@id":"https:\/\/swissbaker.ch\/fr\/panissimo-news\/quantite-de-ble-panifiable-inferieure-a-2022\/","url":"https:\/\/swissbaker.ch\/fr\/panissimo-news\/quantite-de-ble-panifiable-inferieure-a-2022\/","name":"R\u00e9colte 2023 : premi\u00e8res estimations | SBC","isPartOf":{"@id":"https:\/\/swissbaker.ch\/fr\/#website"},"primaryImageOfPage":{"@id":"https:\/\/swissbaker.ch\/fr\/panissimo-news\/quantite-de-ble-panifiable-inferieure-a-2022\/#primaryimage"},"image":{"@id":"https:\/\/swissbaker.ch\/fr\/panissimo-news\/quantite-de-ble-panifiable-inferieure-a-2022\/#primaryimage"},"thumbnailUrl":"https:\/\/swissbaker.ch\/wp-content\/uploads\/2022\/08\/16_2_getreide_ernte_maehdrescher.jpg","datePublished":"2023-08-23T11:14:43+00:00","dateModified":"2023-08-24T08:36:12+00:00","description":"La r\u00e9colte de bl\u00e9 panifiable 2023 devrait se situer entre 320000 et 350000 tonnes.","breadcrumb":{"@id":"https:\/\/swissbaker.ch\/fr\/panissimo-news\/quantite-de-ble-panifiable-inferieure-a-2022\/#breadcrumb"},"inLanguage":"fr-FR","potentialAction":[{"@type":"ReadAction","target":["https:\/\/swissbaker.ch\/fr\/panissimo-news\/quantite-de-ble-panifiable-inferieure-a-2022\/"]}]},{"@type":"ImageObject","inLanguage":"fr-FR","@id":"https:\/\/swissbaker.ch\/fr\/panissimo-news\/quantite-de-ble-panifiable-inferieure-a-2022\/#primaryimage","url":"https:\/\/swissbaker.ch\/wp-content\/uploads\/2022\/08\/16_2_getreide_ernte_maehdrescher.jpg","contentUrl":"https:\/\/swissbaker.ch\/wp-content\/uploads\/2022\/08\/16_2_getreide_ernte_maehdrescher.jpg","width":1200,"height":712},{"@type":"BreadcrumbList","@id":"https:\/\/swissbaker.ch\/fr\/panissimo-news\/quantite-de-ble-panifiable-inferieure-a-2022\/#breadcrumb","itemListElement":[{"@type":"ListItem","position":1,"name":"","item":"https:\/\/swissbaker.ch\/fr\/"},{"@type":"ListItem","position":2,"name":"Environnement professionnel","item":"https:\/\/swissbaker.ch\/fr\/panissimo-news\/category\/environnement-professionnel\/"},{"@type":"ListItem","position":3,"name":"R\u00e9colte 2023 : premi\u00e8res estimations"}]},{"@type":"WebSite","@id":"https:\/\/swissbaker.ch\/fr\/#website","url":"https:\/\/swissbaker.ch\/fr\/","name":"SBC","description":"","publisher":{"@id":"https:\/\/swissbaker.ch\/fr\/#organization"},"potentialAction":[{"@type":"SearchAction","target":{"@type":"EntryPoint","urlTemplate":"https:\/\/swissbaker.ch\/fr\/?s={search_term_string}"},"query-input":{"@type":"PropertyValueSpecification","valueRequired":true,"valueName":"search_term_string"}}],"inLanguage":"fr-FR"},{"@type":"Organization","@id":"https:\/\/swissbaker.ch\/fr\/#organization","name":"Schweizerischer B\u00e4cker-Confiseurmeister-Verband","url":"https:\/\/swissbaker.ch\/fr\/","logo":{"@type":"ImageObject","inLanguage":"fr-FR","@id":"https:\/\/swissbaker.ch\/fr\/#\/schema\/logo\/image\/","url":"https:\/\/swissbaker.ch\/wp-content\/uploads\/2022\/04\/sbc-logo-yoast.jpg","contentUrl":"https:\/\/swissbaker.ch\/wp-content\/uploads\/2022\/04\/sbc-logo-yoast.jpg","width":512,"height":512,"caption":"Schweizerischer B\u00e4cker-Confiseurmeister-Verband"},"image":{"@id":"https:\/\/swissbaker.ch\/fr\/#\/schema\/logo\/image\/"},"sameAs":["https:\/\/www.facebook.com\/swissbaker.ch","https:\/\/x.com\/ch_swissbaker"]},{"@type":"Person","@id":"https:\/\/swissbaker.ch\/fr\/#\/schema\/person\/74bd327b08c18ca6042c02ff6f0ed5e2","name":"Simon Nussbaum","image":{"@type":"ImageObject","inLanguage":"fr-FR","@id":"https:\/\/swissbaker.ch\/fr\/#\/schema\/person\/image\/","url":"https:\/\/secure.gravatar.com\/avatar\/df0eced3bb556c806cb760cf503ade1ed1df25b4104d80d6fd28d93a9509aa12?s=96&d=mm&r=g","contentUrl":"https:\/\/secure.gravatar.com\/avatar\/df0eced3bb556c806cb760cf503ade1ed1df25b4104d80d6fd28d93a9509aa12?s=96&d=mm&r=g","caption":"Simon Nussbaum"},"url":"https:\/\/swissbaker.ch\/fr\/panissimo-news\/author\/simon-nussbaum\/"}]}},"_links":{"self":[{"href":"https:\/\/swissbaker.ch\/fr\/wp-json\/wp\/v2\/posts\/66595","targetHints":{"allow":["GET"]}}],"collection":[{"href":"https:\/\/swissbaker.ch\/fr\/wp-json\/wp\/v2\/posts"}],"about":[{"href":"https:\/\/swissbaker.ch\/fr\/wp-json\/wp\/v2\/types\/post"}],"author":[{"embeddable":true,"href":"https:\/\/swissbaker.ch\/fr\/wp-json\/wp\/v2\/users\/5"}],"replies":[{"embeddable":true,"href":"https:\/\/swissbaker.ch\/fr\/wp-json\/wp\/v2\/comments?post=66595"}],"version-history":[{"count":0,"href":"https:\/\/swissbaker.ch\/fr\/wp-json\/wp\/v2\/posts\/66595\/revisions"}],"wp:featuredmedia":[{"embeddable":true,"href":"https:\/\/swissbaker.ch\/fr\/wp-json\/wp\/v2\/media\/45805"}],"wp:attachment":[{"href":"https:\/\/swissbaker.ch\/fr\/wp-json\/wp\/v2\/media?parent=66595"}],"wp:term":[{"taxonomy":"category","embeddable":true,"href":"https:\/\/swissbaker.ch\/fr\/wp-json\/wp\/v2\/categories?post=66595"},{"taxonomy":"post_tag","embeddable":true,"href":"https:\/\/swissbaker.ch\/fr\/wp-json\/wp\/v2\/tags?post=66595"}],"curies":[{"name":"wp","href":"https:\/\/api.w.org\/{rel}","templated":true}]}}